{"id":3618,"date":"2019-08-19T16:00:52","date_gmt":"2019-08-19T19:00:52","guid":{"rendered":"http:\/\/www.agenciainfra.com\/blog\/?p=3618"},"modified":"2019-08-20T09:38:38","modified_gmt":"2019-08-20T12:38:38","slug":"abdib-promove-forum-de-infraestrutura-regional-para-debater-ampliacao-de-concessoes","status":"publish","type":"post","link":"https:\/\/agenciainfra.com\/blog\/abdib-promove-forum-de-infraestrutura-regional-para-debater-ampliacao-de-concessoes\/","title":{"rendered":"ABDIB promove f\u00f3rum de infraestrutura regional para debater amplia\u00e7\u00e3o de concess\u00f5es"},"content":{"rendered":"<h5 style=\"text-align: right;\"><strong>da Ag\u00eancia iNFRA<\/strong><\/h5>\n<p>No pr\u00f3ximo dia 22 de agosto, o setor de infraestrutura estar\u00e1 com suas aten\u00e7\u00f5es voltadas para o Abdib F\u00f3rum Infraestrutura &#8211; Regional Nordeste. O evento ocorrer\u00e1 em Teresina, capital do Piau\u00ed, com o objetivo de promover um di\u00e1logo qualificado com importantes agentes do setor p\u00fablico e privado em prol de uma agenda de a\u00e7\u00f5es com vistas ao est\u00edmulo dos investimentos da regi\u00e3o.<\/p>\n<p>Nomes de relev\u00e2ncia para o setor de infraestrutura j\u00e1 confirmaram presen\u00e7a no evento. Entre eles os governadores de seis estados da regi\u00e3o, a secret\u00e1ria-especial do PPI (Programa de Parcerias de Investimentos), Martha Seillier, o secret\u00e1rio de Planejamento e Desenvolvimento Energ\u00e9tico do Minist\u00e9rio de Minas e Energia, Reive Barros, e o secret\u00e1rio de Desenvolvimento da Infraestrutura do Minist\u00e9rio da Economia, Diogo Mac Cord.<\/p>\n<p>As inscri\u00e7\u00f5es para o evento est\u00e3o abertas <a href=\"https:\/\/www.eventbrite.com.br\/e\/edicao-nordeste-abdib-forum-infraestrutura-regional-tickets-65412688111\" target=\"_blank\" rel=\"noopener noreferrer\">neste site<\/a>.<\/p>\n<p><strong>Cobertura da Ag\u00eancia iNFRA<\/strong><\/p>\n<p>Nos moldes de outros eventos da Abdib, a <strong>Ag\u00eancia iNFRA<\/strong> far\u00e1 uma cobertura especial online das principais mesas do evento em hot site especial criado para o Abidb F\u00f3rum &#8211; Regi\u00e3o Nordeste. O hot site est\u00e1 dispon\u00edvel <a href=\"http:\/\/agenciainfra.com\/eventos\/ForumAbdib\/\" target=\"_blank\" rel=\"noopener noreferrer\">neste link<\/a>.<\/p>\n<p>Com equipe especializada na cobertura do setor, os jornalistas selecionam os mais relevantes temas dos palestrantes, apresentam em notas no Twitter da <strong>Ag\u00eancia iNFRA<\/strong> (<a href=\"https:\/\/twitter.com\/agencia_infra\" target=\"_blank\" rel=\"noopener noreferrer\">@agencia_infra<\/a>) e fazem um resumo de cada uma das mesas no dia do evento. Um boletim especial ser\u00e1 enviado a todos os usu\u00e1rios cadastrados ap\u00f3s o evento.<\/p>\n","protected":false},"excerpt":{"rendered":"<p>da Ag\u00eancia iNFRA No pr\u00f3ximo dia 22 de agosto, o setor de infraestrutura estar\u00e1 com suas aten\u00e7\u00f5es voltadas para o Abdib F\u00f3rum Infraestrutura &#8211; Regional Nordeste. O evento ocorrer\u00e1 em Teresina, capital do Piau\u00ed, com o objetivo de promover um di\u00e1logo qualificado com importantes agentes do setor p\u00fablico e privado em prol de uma agenda [&hellip;]<\/p>\n","protected":false},"author":9,"featured_media":3619,"comment_status":"closed","ping_status":"closed","sticky":false,"template":"","format":"standard","meta":{"_monsterinsights_skip_tracking":false,"_monsterinsights_sitenote_active":false,"_monsterinsights_sitenote_note":"","_monsterinsights_sitenote_category":0,"footnotes":""},"categories":[7],"tags":[35,768,1209,813,857],"class_list":["post-3618","post","type-post","status-publish","format-standard","has-post-thumbnail","hentry","category-infratransporte","tag-abdib","tag-diogo-mac-cord","tag-forum-infraestrutura-regional-nordeste","tag-martha-seillier","tag-reive-barros"],"yoast_head":"<!-- This site is optimized with the Yoast SEO Premium plugin v25.4 (Yoast SEO v26.0) - https:\/\/yoast.com\/wordpress\/plugins\/seo\/ -->\n<title>ABDIB promove f\u00f3rum de infraestrutura regional para debater amplia\u00e7\u00e3o de concess\u00f5es - Ag\u00eancia iNFRA<\/title>\n<meta name=\"robots\" content=\"index, follow, max-snippet:-1, max-image-preview:large, max-video-preview:-1\" \/>\n<link rel=\"canonical\" href=\"https:\/\/agenciainfra.com\/blog\/abdib-promove-forum-de-infraestrutura-regional-para-debater-ampliacao-de-concessoes\/\" \/>\n<meta property=\"og:locale\" content=\"pt_BR\" \/>\n<meta property=\"og:type\" content=\"article\" \/>\n<meta property=\"og:title\" content=\"ABDIB promove f\u00f3rum de infraestrutura regional para debater amplia\u00e7\u00e3o de concess\u00f5es\" \/>\n<meta property=\"og:description\" content=\"da Ag\u00eancia iNFRA No pr\u00f3ximo dia 22 de agosto, o setor de infraestrutura estar\u00e1 com suas aten\u00e7\u00f5es voltadas para o Abdib F\u00f3rum Infraestrutura &#8211; Regional Nordeste. O evento ocorrer\u00e1 em Teresina, capital do Piau\u00ed, com o objetivo de promover um di\u00e1logo qualificado com importantes agentes do setor p\u00fablico e privado em prol de uma agenda [&hellip;]\" \/>\n<meta property=\"og:url\" content=\"https:\/\/agenciainfra.com\/blog\/abdib-promove-forum-de-infraestrutura-regional-para-debater-ampliacao-de-concessoes\/\" \/>\n<meta property=\"og:site_name\" content=\"Ag\u00eancia iNFRA\" \/>\n<meta property=\"article:publisher\" content=\"https:\/\/www.facebook.com\/ageninfra\" \/>\n<meta property=\"article:published_time\" content=\"2019-08-19T19:00:52+00:00\" \/>\n<meta property=\"article:modified_time\" content=\"2019-08-20T12:38:38+00:00\" \/>\n<meta property=\"og:image\" content=\"https:\/\/agenciainfra.com\/blog\/wp-content\/uploads\/2019\/08\/abdib-forum-2019.jpg\" \/>\n\t<meta property=\"og:image:width\" content=\"1024\" \/>\n\t<meta property=\"og:image:height\" content=\"681\" \/>\n\t<meta property=\"og:image:type\" content=\"image\/jpeg\" \/>\n<meta name=\"author\" content=\"Rodrigo Zuquim\" \/>\n<meta name=\"twitter:card\" content=\"summary_large_image\" \/>\n<meta name=\"twitter:creator\" content=\"@agencia_infra\" \/>\n<meta name=\"twitter:site\" content=\"@agencia_infra\" \/>\n<meta name=\"twitter:label1\" content=\"Escrito por\" \/>\n\t<meta name=\"twitter:data1\" content=\"Rodrigo Zuquim\" \/>\n\t<meta name=\"twitter:label2\" content=\"Est. tempo de leitura\" \/>\n\t<meta name=\"twitter:data2\" content=\"1 minuto\" \/>\n<script type=\"application\/ld+json\" class=\"yoast-schema-graph\">{\"@context\":\"https:\/\/schema.org\",\"@graph\":[{\"@type\":\"Article\",\"@id\":\"https:\/\/agenciainfra.com\/blog\/abdib-promove-forum-de-infraestrutura-regional-para-debater-ampliacao-de-concessoes\/#article\",\"isPartOf\":{\"@id\":\"https:\/\/agenciainfra.com\/blog\/abdib-promove-forum-de-infraestrutura-regional-para-debater-ampliacao-de-concessoes\/\"},\"author\":{\"name\":\"Rodrigo Zuquim\",\"@id\":\"https:\/\/agenciainfra.com\/blog\/#\/schema\/person\/04dbb79bd6d8951f063da71f3e4c1eb1\"},\"headline\":\"ABDIB promove f\u00f3rum de infraestrutura regional para debater amplia\u00e7\u00e3o de concess\u00f5es\",\"datePublished\":\"2019-08-19T19:00:52+00:00\",\"dateModified\":\"2019-08-20T12:38:38+00:00\",\"mainEntityOfPage\":{\"@id\":\"https:\/\/agenciainfra.com\/blog\/abdib-promove-forum-de-infraestrutura-regional-para-debater-ampliacao-de-concessoes\/\"},\"wordCount\":272,\"publisher\":{\"@id\":\"https:\/\/agenciainfra.com\/blog\/#organization\"},\"image\":{\"@id\":\"https:\/\/agenciainfra.com\/blog\/abdib-promove-forum-de-infraestrutura-regional-para-debater-ampliacao-de-concessoes\/#primaryimage\"},\"thumbnailUrl\":\"https:\/\/agenciainfra.com\/blog\/wp-content\/uploads\/2019\/08\/abdib-forum-2019.jpg\",\"keywords\":[\"ABDIB\",\"Diogo Mac Cord\",\"F\u00f3rum Infraestrutura Regional Nordeste\",\"Martha Seillier\",\"Reive Barros\"],\"articleSection\":[\"iNFRATransporte\"],\"inLanguage\":\"pt-BR\",\"copyrightYear\":\"2019\",\"copyrightHolder\":{\"@id\":\"https:\/\/agenciainfra.com\/blog\/#organization\"}},{\"@type\":\"WebPage\",\"@id\":\"https:\/\/agenciainfra.com\/blog\/abdib-promove-forum-de-infraestrutura-regional-para-debater-ampliacao-de-concessoes\/\",\"url\":\"https:\/\/agenciainfra.com\/blog\/abdib-promove-forum-de-infraestrutura-regional-para-debater-ampliacao-de-concessoes\/\",\"name\":\"ABDIB promove f\u00f3rum de infraestrutura regional para debater amplia\u00e7\u00e3o de concess\u00f5es - Ag\u00eancia iNFRA\",\"isPartOf\":{\"@id\":\"https:\/\/agenciainfra.com\/blog\/#website\"},\"primaryImageOfPage\":{\"@id\":\"https:\/\/agenciainfra.com\/blog\/abdib-promove-forum-de-infraestrutura-regional-para-debater-ampliacao-de-concessoes\/#primaryimage\"},\"image\":{\"@id\":\"https:\/\/agenciainfra.com\/blog\/abdib-promove-forum-de-infraestrutura-regional-para-debater-ampliacao-de-concessoes\/#primaryimage\"},\"thumbnailUrl\":\"https:\/\/agenciainfra.com\/blog\/wp-content\/uploads\/2019\/08\/abdib-forum-2019.jpg\",\"datePublished\":\"2019-08-19T19:00:52+00:00\",\"dateModified\":\"2019-08-20T12:38:38+00:00\",\"breadcrumb\":{\"@id\":\"https:\/\/agenciainfra.com\/blog\/abdib-promove-forum-de-infraestrutura-regional-para-debater-ampliacao-de-concessoes\/#breadcrumb\"},\"inLanguage\":\"pt-BR\",\"potentialAction\":[{\"@type\":\"ReadAction\",\"target\":[\"https:\/\/agenciainfra.com\/blog\/abdib-promove-forum-de-infraestrutura-regional-para-debater-ampliacao-de-concessoes\/\"]}]},{\"@type\":\"ImageObject\",\"inLanguage\":\"pt-BR\",\"@id\":\"https:\/\/agenciainfra.com\/blog\/abdib-promove-forum-de-infraestrutura-regional-para-debater-ampliacao-de-concessoes\/#primaryimage\",\"url\":\"https:\/\/agenciainfra.com\/blog\/wp-content\/uploads\/2019\/08\/abdib-forum-2019.jpg\",\"contentUrl\":\"https:\/\/agenciainfra.com\/blog\/wp-content\/uploads\/2019\/08\/abdib-forum-2019.jpg\",\"width\":1024,\"height\":681},{\"@type\":\"BreadcrumbList\",\"@id\":\"https:\/\/agenciainfra.com\/blog\/abdib-promove-forum-de-infraestrutura-regional-para-debater-ampliacao-de-concessoes\/#breadcrumb\",\"itemListElement\":[{\"@type\":\"ListItem\",\"position\":1,\"name\":\"In\u00edcio\",\"item\":\"https:\/\/agenciainfra.com\/blog\/\"},{\"@type\":\"ListItem\",\"position\":2,\"name\":\"ABDIB promove f\u00f3rum de infraestrutura regional para debater amplia\u00e7\u00e3o de concess\u00f5es\"}]},{\"@type\":\"WebSite\",\"@id\":\"https:\/\/agenciainfra.com\/blog\/#website\",\"url\":\"https:\/\/agenciainfra.com\/blog\/\",\"name\":\"Ag\u00eancia iNFRA\",\"description\":\"Multiplataforma de informa\u00e7\u00e3o jornal\u00edstica refer\u00eancia na \u00e1rea de infraestrutura no Brasil!\",\"publisher\":{\"@id\":\"https:\/\/agenciainfra.com\/blog\/#organization\"},\"potentialAction\":[{\"@type\":\"SearchAction\",\"target\":{\"@type\":\"EntryPoint\",\"urlTemplate\":\"https:\/\/agenciainfra.com\/blog\/?s={search_term_string}\"},\"query-input\":{\"@type\":\"PropertyValueSpecification\",\"valueRequired\":true,\"valueName\":\"search_term_string\"}}],\"inLanguage\":\"pt-BR\"},{\"@type\":\"Organization\",\"@id\":\"https:\/\/agenciainfra.com\/blog\/#organization\",\"name\":\"Ag\u00eancia iNFRA\",\"url\":\"https:\/\/agenciainfra.com\/blog\/\",\"logo\":{\"@type\":\"ImageObject\",\"inLanguage\":\"pt-BR\",\"@id\":\"https:\/\/agenciainfra.com\/blog\/#\/schema\/logo\/image\/\",\"url\":\"https:\/\/agenciainfra.com\/blog\/wp-content\/uploads\/2023\/09\/iNFRA_5-e1761735885940.png\",\"contentUrl\":\"https:\/\/agenciainfra.com\/blog\/wp-content\/uploads\/2023\/09\/iNFRA_5-e1761735885940.png\",\"width\":1672,\"height\":454,\"caption\":\"Ag\u00eancia iNFRA\"},\"image\":{\"@id\":\"https:\/\/agenciainfra.com\/blog\/#\/schema\/logo\/image\/\"},\"sameAs\":[\"https:\/\/www.facebook.com\/ageninfra\",\"https:\/\/x.com\/agencia_infra\",\"https:\/\/www.linkedin.com\/company\/ag\u00eanciainfra\/\",\"https:\/\/www.instagram.com\/agenciainfra\/\"]},{\"@type\":\"Person\",\"@id\":\"https:\/\/agenciainfra.com\/blog\/#\/schema\/person\/04dbb79bd6d8951f063da71f3e4c1eb1\",\"name\":\"Rodrigo Zuquim\",\"image\":{\"@type\":\"ImageObject\",\"inLanguage\":\"pt-BR\",\"@id\":\"https:\/\/agenciainfra.com\/blog\/#\/schema\/person\/image\/\",\"url\":\"https:\/\/secure.gravatar.com\/avatar\/594abfe82761d620726242ff34ca472a705a4b97f16c790053a6b4c4035274d0?s=96&d=mm&r=g\",\"contentUrl\":\"https:\/\/secure.gravatar.com\/avatar\/594abfe82761d620726242ff34ca472a705a4b97f16c790053a6b4c4035274d0?s=96&d=mm&r=g\",\"caption\":\"Rodrigo Zuquim\"},\"url\":\"https:\/\/agenciainfra.com\/blog\/author\/rodrigo-zuquim\/\"}]}<\/script>\n<!-- \/ Yoast SEO Premium plugin. -->","yoast_head_json":{"title":"ABDIB promove f\u00f3rum de infraestrutura regional para debater amplia\u00e7\u00e3o de concess\u00f5es - Ag\u00eancia iNFRA","robots":{"index":"index","follow":"follow","max-snippet":"max-snippet:-1","max-image-preview":"max-image-preview:large","max-video-preview":"max-video-preview:-1"},"canonical":"https:\/\/agenciainfra.com\/blog\/abdib-promove-forum-de-infraestrutura-regional-para-debater-ampliacao-de-concessoes\/","og_locale":"pt_BR","og_type":"article","og_title":"ABDIB promove f\u00f3rum de infraestrutura regional para debater amplia\u00e7\u00e3o de concess\u00f5es","og_description":"da Ag\u00eancia iNFRA No pr\u00f3ximo dia 22 de agosto, o setor de infraestrutura estar\u00e1 com suas aten\u00e7\u00f5es voltadas para o Abdib F\u00f3rum Infraestrutura &#8211; Regional Nordeste. O evento ocorrer\u00e1 em Teresina, capital do Piau\u00ed, com o objetivo de promover um di\u00e1logo qualificado com importantes agentes do setor p\u00fablico e privado em prol de uma agenda [&hellip;]","og_url":"https:\/\/agenciainfra.com\/blog\/abdib-promove-forum-de-infraestrutura-regional-para-debater-ampliacao-de-concessoes\/","og_site_name":"Ag\u00eancia iNFRA","article_publisher":"https:\/\/www.facebook.com\/ageninfra","article_published_time":"2019-08-19T19:00:52+00:00","article_modified_time":"2019-08-20T12:38:38+00:00","og_image":[{"width":1024,"height":681,"url":"https:\/\/agenciainfra.com\/blog\/wp-content\/uploads\/2019\/08\/abdib-forum-2019.jpg","type":"image\/jpeg"}],"author":"Rodrigo Zuquim","twitter_card":"summary_large_image","twitter_creator":"@agencia_infra","twitter_site":"@agencia_infra","twitter_misc":{"Escrito por":"Rodrigo Zuquim","Est. tempo de leitura":"1 minuto"},"schema":{"@context":"https:\/\/schema.org","@graph":[{"@type":"Article","@id":"https:\/\/agenciainfra.com\/blog\/abdib-promove-forum-de-infraestrutura-regional-para-debater-ampliacao-de-concessoes\/#article","isPartOf":{"@id":"https:\/\/agenciainfra.com\/blog\/abdib-promove-forum-de-infraestrutura-regional-para-debater-ampliacao-de-concessoes\/"},"author":{"name":"Rodrigo Zuquim","@id":"https:\/\/agenciainfra.com\/blog\/#\/schema\/person\/04dbb79bd6d8951f063da71f3e4c1eb1"},"headline":"ABDIB promove f\u00f3rum de infraestrutura regional para debater amplia\u00e7\u00e3o de concess\u00f5es","datePublished":"2019-08-19T19:00:52+00:00","dateModified":"2019-08-20T12:38:38+00:00","mainEntityOfPage":{"@id":"https:\/\/agenciainfra.com\/blog\/abdib-promove-forum-de-infraestrutura-regional-para-debater-ampliacao-de-concessoes\/"},"wordCount":272,"publisher":{"@id":"https:\/\/agenciainfra.com\/blog\/#organization"},"image":{"@id":"https:\/\/agenciainfra.com\/blog\/abdib-promove-forum-de-infraestrutura-regional-para-debater-ampliacao-de-concessoes\/#primaryimage"},"thumbnailUrl":"https:\/\/agenciainfra.com\/blog\/wp-content\/uploads\/2019\/08\/abdib-forum-2019.jpg","keywords":["ABDIB","Diogo Mac Cord","F\u00f3rum Infraestrutura Regional Nordeste","Martha Seillier","Reive Barros"],"articleSection":["iNFRATransporte"],"inLanguage":"pt-BR","copyrightYear":"2019","copyrightHolder":{"@id":"https:\/\/agenciainfra.com\/blog\/#organization"}},{"@type":"WebPage","@id":"https:\/\/agenciainfra.com\/blog\/abdib-promove-forum-de-infraestrutura-regional-para-debater-ampliacao-de-concessoes\/","url":"https:\/\/agenciainfra.com\/blog\/abdib-promove-forum-de-infraestrutura-regional-para-debater-ampliacao-de-concessoes\/","name":"ABDIB promove f\u00f3rum de infraestrutura regional para debater amplia\u00e7\u00e3o de concess\u00f5es - Ag\u00eancia iNFRA","isPartOf":{"@id":"https:\/\/agenciainfra.com\/blog\/#website"},"primaryImageOfPage":{"@id":"https:\/\/agenciainfra.com\/blog\/abdib-promove-forum-de-infraestrutura-regional-para-debater-ampliacao-de-concessoes\/#primaryimage"},"image":{"@id":"https:\/\/agenciainfra.com\/blog\/abdib-promove-forum-de-infraestrutura-regional-para-debater-ampliacao-de-concessoes\/#primaryimage"},"thumbnailUrl":"https:\/\/agenciainfra.com\/blog\/wp-content\/uploads\/2019\/08\/abdib-forum-2019.jpg","datePublished":"2019-08-19T19:00:52+00:00","dateModified":"2019-08-20T12:38:38+00:00","breadcrumb":{"@id":"https:\/\/agenciainfra.com\/blog\/abdib-promove-forum-de-infraestrutura-regional-para-debater-ampliacao-de-concessoes\/#breadcrumb"},"inLanguage":"pt-BR","potentialAction":[{"@type":"ReadAction","target":["https:\/\/agenciainfra.com\/blog\/abdib-promove-forum-de-infraestrutura-regional-para-debater-ampliacao-de-concessoes\/"]}]},{"@type":"ImageObject","inLanguage":"pt-BR","@id":"https:\/\/agenciainfra.com\/blog\/abdib-promove-forum-de-infraestrutura-regional-para-debater-ampliacao-de-concessoes\/#primaryimage","url":"https:\/\/agenciainfra.com\/blog\/wp-content\/uploads\/2019\/08\/abdib-forum-2019.jpg","contentUrl":"https:\/\/agenciainfra.com\/blog\/wp-content\/uploads\/2019\/08\/abdib-forum-2019.jpg","width":1024,"height":681},{"@type":"BreadcrumbList","@id":"https:\/\/agenciainfra.com\/blog\/abdib-promove-forum-de-infraestrutura-regional-para-debater-ampliacao-de-concessoes\/#breadcrumb","itemListElement":[{"@type":"ListItem","position":1,"name":"In\u00edcio","item":"https:\/\/agenciainfra.com\/blog\/"},{"@type":"ListItem","position":2,"name":"ABDIB promove f\u00f3rum de infraestrutura regional para debater amplia\u00e7\u00e3o de concess\u00f5es"}]},{"@type":"WebSite","@id":"https:\/\/agenciainfra.com\/blog\/#website","url":"https:\/\/agenciainfra.com\/blog\/","name":"Ag\u00eancia iNFRA","description":"Multiplataforma de informa\u00e7\u00e3o jornal\u00edstica refer\u00eancia na \u00e1rea de infraestrutura no Brasil!","publisher":{"@id":"https:\/\/agenciainfra.com\/blog\/#organization"},"potentialAction":[{"@type":"SearchAction","target":{"@type":"EntryPoint","urlTemplate":"https:\/\/agenciainfra.com\/blog\/?s={search_term_string}"},"query-input":{"@type":"PropertyValueSpecification","valueRequired":true,"valueName":"search_term_string"}}],"inLanguage":"pt-BR"},{"@type":"Organization","@id":"https:\/\/agenciainfra.com\/blog\/#organization","name":"Ag\u00eancia iNFRA","url":"https:\/\/agenciainfra.com\/blog\/","logo":{"@type":"ImageObject","inLanguage":"pt-BR","@id":"https:\/\/agenciainfra.com\/blog\/#\/schema\/logo\/image\/","url":"https:\/\/agenciainfra.com\/blog\/wp-content\/uploads\/2023\/09\/iNFRA_5-e1761735885940.png","contentUrl":"https:\/\/agenciainfra.com\/blog\/wp-content\/uploads\/2023\/09\/iNFRA_5-e1761735885940.png","width":1672,"height":454,"caption":"Ag\u00eancia iNFRA"},"image":{"@id":"https:\/\/agenciainfra.com\/blog\/#\/schema\/logo\/image\/"},"sameAs":["https:\/\/www.facebook.com\/ageninfra","https:\/\/x.com\/agencia_infra","https:\/\/www.linkedin.com\/company\/ag\u00eanciainfra\/","https:\/\/www.instagram.com\/agenciainfra\/"]},{"@type":"Person","@id":"https:\/\/agenciainfra.com\/blog\/#\/schema\/person\/04dbb79bd6d8951f063da71f3e4c1eb1","name":"Rodrigo Zuquim","image":{"@type":"ImageObject","inLanguage":"pt-BR","@id":"https:\/\/agenciainfra.com\/blog\/#\/schema\/person\/image\/","url":"https:\/\/secure.gravatar.com\/avatar\/594abfe82761d620726242ff34ca472a705a4b97f16c790053a6b4c4035274d0?s=96&d=mm&r=g","contentUrl":"https:\/\/secure.gravatar.com\/avatar\/594abfe82761d620726242ff34ca472a705a4b97f16c790053a6b4c4035274d0?s=96&d=mm&r=g","caption":"Rodrigo Zuquim"},"url":"https:\/\/agenciainfra.com\/blog\/author\/rodrigo-zuquim\/"}]}},"_links":{"self":[{"href":"https:\/\/agenciainfra.com\/blog\/wp-json\/wp\/v2\/posts\/3618","targetHints":{"allow":["GET"]}}],"collection":[{"href":"https:\/\/agenciainfra.com\/blog\/wp-json\/wp\/v2\/posts"}],"about":[{"href":"https:\/\/agenciainfra.com\/blog\/wp-json\/wp\/v2\/types\/post"}],"author":[{"embeddable":true,"href":"https:\/\/agenciainfra.com\/blog\/wp-json\/wp\/v2\/users\/9"}],"replies":[{"embeddable":true,"href":"https:\/\/agenciainfra.com\/blog\/wp-json\/wp\/v2\/comments?post=3618"}],"version-history":[{"count":0,"href":"https:\/\/agenciainfra.com\/blog\/wp-json\/wp\/v2\/posts\/3618\/revisions"}],"wp:featuredmedia":[{"embeddable":true,"href":"https:\/\/agenciainfra.com\/blog\/wp-json\/wp\/v2\/media\/3619"}],"wp:attachment":[{"href":"https:\/\/agenciainfra.com\/blog\/wp-json\/wp\/v2\/media?parent=3618"}],"wp:term":[{"taxonomy":"category","embeddable":true,"href":"https:\/\/agenciainfra.com\/blog\/wp-json\/wp\/v2\/categories?post=3618"},{"taxonomy":"post_tag","embeddable":true,"href":"https:\/\/agenciainfra.com\/blog\/wp-json\/wp\/v2\/tags?post=3618"}],"curies":[{"name":"wp","href":"https:\/\/api.w.org\/{rel}","templated":true}]}}