{"id":3626,"date":"2019-08-23T08:00:36","date_gmt":"2019-08-23T11:00:36","guid":{"rendered":"http:\/\/www.agenciainfra.com\/blog\/?p=3626"},"modified":"2019-08-22T17:17:38","modified_gmt":"2019-08-22T20:17:38","slug":"emendas-do-brasduto-e-cemig-serao-vetadas-pelo-presidente-bolsonaro-diz-lider-do-governo","status":"publish","type":"post","link":"https:\/\/agenciainfra.com\/blog\/emendas-do-brasduto-e-cemig-serao-vetadas-pelo-presidente-bolsonaro-diz-lider-do-governo\/","title":{"rendered":"Emendas do Brasduto e Cemig ser\u00e3o vetadas pelo presidente Bolsonaro, diz l\u00edder do governo"},"content":{"rendered":"<h5 style=\"text-align: right;\"><strong>Lucas Santin,\u00a0da Ag\u00eancia iNFRA<\/strong><\/h5>\n<p>O l\u00edder do governo no Senado, Fernando Bezerra (MDB-PE), disse que as emendas de cria\u00e7\u00e3o do Brasduto e que beneficia a Cemig (Companhia Energ\u00e9tica de Minas Gerais) na renova\u00e7\u00e3o de concess\u00f5es hidrel\u00e9tricas ser\u00e3o vetadas do PL (projeto de lei) 3.975\/2019 \u2013 que soluciona o GSF (risco hidrol\u00f3gico) \u2013 quando a mat\u00e9ria for aprovada e for \u00e0\u00a0san\u00e7\u00e3o presidencial.<\/p>\n<p>Quando questionado a respeito das emendas, o senador foi claro: \u201cSer\u00e3o vetadas\u201d, respondeu \u00e0\u00a0<strong>Ag\u00eancia iNFRA<\/strong>. Segundo Bezerra, o governo tem pressa para resolver o problema do risco hidrol\u00f3gico. A\u00a0Casa Civil, no entanto, n\u00e3o queria que o\u00a0governo arcasse com o \u00f4nus pol\u00edtico dos vetos e tentou excluir as medidas no Legislativo, sem sucesso.<\/p>\n<p><strong>Sem data para ser votado<\/strong><br \/>\nFernando Bezerra disse que n\u00e3o sabe quando o projeto pode ser pautado, mas que est\u00e1 trabalhando para que seja logo. \u201c\u00c9 Davi [Alcolumbre] que est\u00e1 com essa defini\u00e7\u00e3o. Ele ainda n\u00e3o me deu uma posi\u00e7\u00e3o, mas eu estou cobrando\u201d, contou. A expectativa era que fosse votado ainda no in\u00edcio de agosto.<\/p>\n<p>O senador Eduardo Braga (MDB-AM) tamb\u00e9m disse que n\u00e3o sabe quando o PL vai a plen\u00e1rio, mas disse que espera que seja em breve. \u201cEspero que sim [seja votado logo]. Porque s\u00e3o quest\u00f5es importantes para o setor el\u00e9trico\u201d, comentou. O senador afirmou que n\u00e3o sabe o que est\u00e1 dificultando a inclus\u00e3o na pauta do plen\u00e1rio.<\/p>\n<p><strong>Reuni\u00e3o de l\u00edderes\u00a0<\/strong><br \/>\nBraga disse, na \u00faltima ter\u00e7a-feira (20), que achava dif\u00edcil o PL 3.975 ser abordado na reuni\u00e3o de l\u00edderes da Casa, j\u00e1 que o ministro da Economia, Paulo Guedes, estaria l\u00e1 para falar sobre o pacto federativo. Ele tamb\u00e9m observou que n\u00e3o h\u00e1 entendimento a respeito do texto.<\/p>\n<p><strong>Dificuldade de aprova\u00e7\u00e3o<\/strong><br \/>\nQuando o PL do GSF foi aprovado na C\u00e2mara, logo antes do recesso parlamentar, senadores disseram que seria colocado para vota\u00e7\u00e3o ainda nas primeiras semanas do retorno do intervalo dos trabalhos. A aprova\u00e7\u00e3o da mat\u00e9ria n\u00e3o seria dif\u00edcil, j\u00e1 que as altera\u00e7\u00f5es no texto original \u2013 que foi elaborado pelo Senado \u2013 foram pequenas. A\u00a0C\u00e2mara apenas alterou a receita da venda de \u00f3leo e g\u00e1s.<\/p>\n","protected":false},"excerpt":{"rendered":"<p>Lucas Santin,\u00a0da Ag\u00eancia iNFRA O l\u00edder do governo no Senado, Fernando Bezerra (MDB-PE), disse que as emendas de cria\u00e7\u00e3o do Brasduto e que beneficia a Cemig (Companhia Energ\u00e9tica de Minas Gerais) na renova\u00e7\u00e3o de concess\u00f5es hidrel\u00e9tricas ser\u00e3o vetadas do PL (projeto de lei) 3.975\/2019 \u2013 que soluciona o GSF (risco hidrol\u00f3gico) \u2013 quando a mat\u00e9ria [&hellip;]<\/p>\n","protected":false},"author":9,"featured_media":3627,"comment_status":"closed","ping_status":"closed","sticky":false,"template":"","format":"standard","meta":{"_monsterinsights_skip_tracking":false,"_monsterinsights_sitenote_active":false,"_monsterinsights_sitenote_note":"","_monsterinsights_sitenote_category":0,"footnotes":""},"categories":[10],"tags":[690,302,1210,348,193],"class_list":["post-3626","post","type-post","status-publish","format-standard","has-post-thumbnail","hentry","category-infraenergia","tag-brasduto","tag-cemig","tag-fernando-bezerra","tag-gsf","tag-risco-hidrologico"],"yoast_head":"<!-- This site is optimized with the Yoast SEO Premium plugin v25.4 (Yoast SEO v26.0) - https:\/\/yoast.com\/wordpress\/plugins\/seo\/ -->\n<title>Emendas do Brasduto e Cemig ser\u00e3o vetadas pelo presidente Bolsonaro, diz l\u00edder do governo - Ag\u00eancia iNFRA<\/title>\n<meta name=\"robots\" content=\"index, follow, max-snippet:-1, max-image-preview:large, max-video-preview:-1\" \/>\n<link rel=\"canonical\" href=\"https:\/\/agenciainfra.com\/blog\/emendas-do-brasduto-e-cemig-serao-vetadas-pelo-presidente-bolsonaro-diz-lider-do-governo\/\" \/>\n<meta property=\"og:locale\" content=\"pt_BR\" \/>\n<meta property=\"og:type\" content=\"article\" \/>\n<meta property=\"og:title\" content=\"Emendas do Brasduto e Cemig ser\u00e3o vetadas pelo presidente Bolsonaro, diz l\u00edder do governo\" \/>\n<meta property=\"og:description\" content=\"Lucas Santin,\u00a0da Ag\u00eancia iNFRA O l\u00edder do governo no Senado, Fernando Bezerra (MDB-PE), disse que as emendas de cria\u00e7\u00e3o do Brasduto e que beneficia a Cemig (Companhia Energ\u00e9tica de Minas Gerais) na renova\u00e7\u00e3o de concess\u00f5es hidrel\u00e9tricas ser\u00e3o vetadas do PL (projeto de lei) 3.975\/2019 \u2013 que soluciona o GSF (risco hidrol\u00f3gico) \u2013 quando a mat\u00e9ria [&hellip;]\" \/>\n<meta property=\"og:url\" content=\"https:\/\/agenciainfra.com\/blog\/emendas-do-brasduto-e-cemig-serao-vetadas-pelo-presidente-bolsonaro-diz-lider-do-governo\/\" \/>\n<meta property=\"og:site_name\" content=\"Ag\u00eancia iNFRA\" \/>\n<meta property=\"article:publisher\" content=\"https:\/\/www.facebook.com\/ageninfra\" \/>\n<meta property=\"article:published_time\" content=\"2019-08-23T11:00:36+00:00\" \/>\n<meta property=\"og:image\" content=\"https:\/\/agenciainfra.com\/blog\/wp-content\/uploads\/2019\/08\/fernando-bezerra-coelho-foto-jefferson-rudy-agencia-senado.jpg\" \/>\n\t<meta property=\"og:image:width\" content=\"1280\" \/>\n\t<meta property=\"og:image:height\" content=\"854\" \/>\n\t<meta property=\"og:image:type\" content=\"image\/jpeg\" \/>\n<meta name=\"author\" content=\"Rodrigo Zuquim\" \/>\n<meta name=\"twitter:card\" content=\"summary_large_image\" \/>\n<meta name=\"twitter:creator\" content=\"@agencia_infra\" \/>\n<meta name=\"twitter:site\" content=\"@agencia_infra\" \/>\n<meta name=\"twitter:label1\" content=\"Escrito por\" \/>\n\t<meta name=\"twitter:data1\" content=\"Rodrigo Zuquim\" \/>\n\t<meta name=\"twitter:label2\" content=\"Est. tempo de leitura\" \/>\n\t<meta name=\"twitter:data2\" content=\"2 minutos\" \/>\n<script type=\"application\/ld+json\" class=\"yoast-schema-graph\">{\"@context\":\"https:\/\/schema.org\",\"@graph\":[{\"@type\":\"Article\",\"@id\":\"https:\/\/agenciainfra.com\/blog\/emendas-do-brasduto-e-cemig-serao-vetadas-pelo-presidente-bolsonaro-diz-lider-do-governo\/#article\",\"isPartOf\":{\"@id\":\"https:\/\/agenciainfra.com\/blog\/emendas-do-brasduto-e-cemig-serao-vetadas-pelo-presidente-bolsonaro-diz-lider-do-governo\/\"},\"author\":{\"name\":\"Rodrigo Zuquim\",\"@id\":\"https:\/\/agenciainfra.com\/blog\/#\/schema\/person\/04dbb79bd6d8951f063da71f3e4c1eb1\"},\"headline\":\"Emendas do Brasduto e Cemig ser\u00e3o vetadas pelo presidente Bolsonaro, diz l\u00edder do governo\",\"datePublished\":\"2019-08-23T11:00:36+00:00\",\"mainEntityOfPage\":{\"@id\":\"https:\/\/agenciainfra.com\/blog\/emendas-do-brasduto-e-cemig-serao-vetadas-pelo-presidente-bolsonaro-diz-lider-do-governo\/\"},\"wordCount\":402,\"publisher\":{\"@id\":\"https:\/\/agenciainfra.com\/blog\/#organization\"},\"image\":{\"@id\":\"https:\/\/agenciainfra.com\/blog\/emendas-do-brasduto-e-cemig-serao-vetadas-pelo-presidente-bolsonaro-diz-lider-do-governo\/#primaryimage\"},\"thumbnailUrl\":\"https:\/\/agenciainfra.com\/blog\/wp-content\/uploads\/2019\/08\/fernando-bezerra-coelho-foto-jefferson-rudy-agencia-senado.jpg\",\"keywords\":[\"Brasduto\",\"CEMIG\",\"Fernando Bezerra\",\"GSF\",\"risco hidrol\u00f3gico\"],\"articleSection\":[\"iNFRAEnergia\"],\"inLanguage\":\"pt-BR\",\"copyrightYear\":\"2019\",\"copyrightHolder\":{\"@id\":\"https:\/\/agenciainfra.com\/blog\/#organization\"}},{\"@type\":\"WebPage\",\"@id\":\"https:\/\/agenciainfra.com\/blog\/emendas-do-brasduto-e-cemig-serao-vetadas-pelo-presidente-bolsonaro-diz-lider-do-governo\/\",\"url\":\"https:\/\/agenciainfra.com\/blog\/emendas-do-brasduto-e-cemig-serao-vetadas-pelo-presidente-bolsonaro-diz-lider-do-governo\/\",\"name\":\"Emendas do Brasduto e Cemig ser\u00e3o vetadas pelo presidente Bolsonaro, diz l\u00edder do governo - Ag\u00eancia iNFRA\",\"isPartOf\":{\"@id\":\"https:\/\/agenciainfra.com\/blog\/#website\"},\"primaryImageOfPage\":{\"@id\":\"https:\/\/agenciainfra.com\/blog\/emendas-do-brasduto-e-cemig-serao-vetadas-pelo-presidente-bolsonaro-diz-lider-do-governo\/#primaryimage\"},\"image\":{\"@id\":\"https:\/\/agenciainfra.com\/blog\/emendas-do-brasduto-e-cemig-serao-vetadas-pelo-presidente-bolsonaro-diz-lider-do-governo\/#primaryimage\"},\"thumbnailUrl\":\"https:\/\/agenciainfra.com\/blog\/wp-content\/uploads\/2019\/08\/fernando-bezerra-coelho-foto-jefferson-rudy-agencia-senado.jpg\",\"datePublished\":\"2019-08-23T11:00:36+00:00\",\"breadcrumb\":{\"@id\":\"https:\/\/agenciainfra.com\/blog\/emendas-do-brasduto-e-cemig-serao-vetadas-pelo-presidente-bolsonaro-diz-lider-do-governo\/#breadcrumb\"},\"inLanguage\":\"pt-BR\",\"potentialAction\":[{\"@type\":\"ReadAction\",\"target\":[\"https:\/\/agenciainfra.com\/blog\/emendas-do-brasduto-e-cemig-serao-vetadas-pelo-presidente-bolsonaro-diz-lider-do-governo\/\"]}]},{\"@type\":\"ImageObject\",\"inLanguage\":\"pt-BR\",\"@id\":\"https:\/\/agenciainfra.com\/blog\/emendas-do-brasduto-e-cemig-serao-vetadas-pelo-presidente-bolsonaro-diz-lider-do-governo\/#primaryimage\",\"url\":\"https:\/\/agenciainfra.com\/blog\/wp-content\/uploads\/2019\/08\/fernando-bezerra-coelho-foto-jefferson-rudy-agencia-senado.jpg\",\"contentUrl\":\"https:\/\/agenciainfra.com\/blog\/wp-content\/uploads\/2019\/08\/fernando-bezerra-coelho-foto-jefferson-rudy-agencia-senado.jpg\",\"width\":1280,\"height\":854},{\"@type\":\"BreadcrumbList\",\"@id\":\"https:\/\/agenciainfra.com\/blog\/emendas-do-brasduto-e-cemig-serao-vetadas-pelo-presidente-bolsonaro-diz-lider-do-governo\/#breadcrumb\",\"itemListElement\":[{\"@type\":\"ListItem\",\"position\":1,\"name\":\"In\u00edcio\",\"item\":\"https:\/\/agenciainfra.com\/blog\/\"},{\"@type\":\"ListItem\",\"position\":2,\"name\":\"Emendas do Brasduto e Cemig ser\u00e3o vetadas pelo presidente Bolsonaro, diz l\u00edder do governo\"}]},{\"@type\":\"WebSite\",\"@id\":\"https:\/\/agenciainfra.com\/blog\/#website\",\"url\":\"https:\/\/agenciainfra.com\/blog\/\",\"name\":\"Ag\u00eancia iNFRA\",\"description\":\"Multiplataforma de informa\u00e7\u00e3o jornal\u00edstica refer\u00eancia na \u00e1rea de infraestrutura no Brasil!\",\"publisher\":{\"@id\":\"https:\/\/agenciainfra.com\/blog\/#organization\"},\"potentialAction\":[{\"@type\":\"SearchAction\",\"target\":{\"@type\":\"EntryPoint\",\"urlTemplate\":\"https:\/\/agenciainfra.com\/blog\/?s={search_term_string}\"},\"query-input\":{\"@type\":\"PropertyValueSpecification\",\"valueRequired\":true,\"valueName\":\"search_term_string\"}}],\"inLanguage\":\"pt-BR\"},{\"@type\":\"Organization\",\"@id\":\"https:\/\/agenciainfra.com\/blog\/#organization\",\"name\":\"Ag\u00eancia iNFRA\",\"url\":\"https:\/\/agenciainfra.com\/blog\/\",\"logo\":{\"@type\":\"ImageObject\",\"inLanguage\":\"pt-BR\",\"@id\":\"https:\/\/agenciainfra.com\/blog\/#\/schema\/logo\/image\/\",\"url\":\"https:\/\/agenciainfra.com\/blog\/wp-content\/uploads\/2023\/09\/iNFRA_5-e1761735885940.png\",\"contentUrl\":\"https:\/\/agenciainfra.com\/blog\/wp-content\/uploads\/2023\/09\/iNFRA_5-e1761735885940.png\",\"width\":1672,\"height\":454,\"caption\":\"Ag\u00eancia iNFRA\"},\"image\":{\"@id\":\"https:\/\/agenciainfra.com\/blog\/#\/schema\/logo\/image\/\"},\"sameAs\":[\"https:\/\/www.facebook.com\/ageninfra\",\"https:\/\/x.com\/agencia_infra\",\"https:\/\/www.linkedin.com\/company\/ag\u00eanciainfra\/\",\"https:\/\/www.instagram.com\/agenciainfra\/\"]},{\"@type\":\"Person\",\"@id\":\"https:\/\/agenciainfra.com\/blog\/#\/schema\/person\/04dbb79bd6d8951f063da71f3e4c1eb1\",\"name\":\"Rodrigo Zuquim\",\"image\":{\"@type\":\"ImageObject\",\"inLanguage\":\"pt-BR\",\"@id\":\"https:\/\/agenciainfra.com\/blog\/#\/schema\/person\/image\/\",\"url\":\"https:\/\/secure.gravatar.com\/avatar\/594abfe82761d620726242ff34ca472a705a4b97f16c790053a6b4c4035274d0?s=96&d=mm&r=g\",\"contentUrl\":\"https:\/\/secure.gravatar.com\/avatar\/594abfe82761d620726242ff34ca472a705a4b97f16c790053a6b4c4035274d0?s=96&d=mm&r=g\",\"caption\":\"Rodrigo Zuquim\"},\"url\":\"https:\/\/agenciainfra.com\/blog\/author\/rodrigo-zuquim\/\"}]}<\/script>\n<!-- \/ Yoast SEO Premium plugin. -->","yoast_head_json":{"title":"Emendas do Brasduto e Cemig ser\u00e3o vetadas pelo presidente Bolsonaro, diz l\u00edder do governo - Ag\u00eancia iNFRA","robots":{"index":"index","follow":"follow","max-snippet":"max-snippet:-1","max-image-preview":"max-image-preview:large","max-video-preview":"max-video-preview:-1"},"canonical":"https:\/\/agenciainfra.com\/blog\/emendas-do-brasduto-e-cemig-serao-vetadas-pelo-presidente-bolsonaro-diz-lider-do-governo\/","og_locale":"pt_BR","og_type":"article","og_title":"Emendas do Brasduto e Cemig ser\u00e3o vetadas pelo presidente Bolsonaro, diz l\u00edder do governo","og_description":"Lucas Santin,\u00a0da Ag\u00eancia iNFRA O l\u00edder do governo no Senado, Fernando Bezerra (MDB-PE), disse que as emendas de cria\u00e7\u00e3o do Brasduto e que beneficia a Cemig (Companhia Energ\u00e9tica de Minas Gerais) na renova\u00e7\u00e3o de concess\u00f5es hidrel\u00e9tricas ser\u00e3o vetadas do PL (projeto de lei) 3.975\/2019 \u2013 que soluciona o GSF (risco hidrol\u00f3gico) \u2013 quando a mat\u00e9ria [&hellip;]","og_url":"https:\/\/agenciainfra.com\/blog\/emendas-do-brasduto-e-cemig-serao-vetadas-pelo-presidente-bolsonaro-diz-lider-do-governo\/","og_site_name":"Ag\u00eancia iNFRA","article_publisher":"https:\/\/www.facebook.com\/ageninfra","article_published_time":"2019-08-23T11:00:36+00:00","og_image":[{"width":1280,"height":854,"url":"https:\/\/agenciainfra.com\/blog\/wp-content\/uploads\/2019\/08\/fernando-bezerra-coelho-foto-jefferson-rudy-agencia-senado.jpg","type":"image\/jpeg"}],"author":"Rodrigo Zuquim","twitter_card":"summary_large_image","twitter_creator":"@agencia_infra","twitter_site":"@agencia_infra","twitter_misc":{"Escrito por":"Rodrigo Zuquim","Est. tempo de leitura":"2 minutos"},"schema":{"@context":"https:\/\/schema.org","@graph":[{"@type":"Article","@id":"https:\/\/agenciainfra.com\/blog\/emendas-do-brasduto-e-cemig-serao-vetadas-pelo-presidente-bolsonaro-diz-lider-do-governo\/#article","isPartOf":{"@id":"https:\/\/agenciainfra.com\/blog\/emendas-do-brasduto-e-cemig-serao-vetadas-pelo-presidente-bolsonaro-diz-lider-do-governo\/"},"author":{"name":"Rodrigo Zuquim","@id":"https:\/\/agenciainfra.com\/blog\/#\/schema\/person\/04dbb79bd6d8951f063da71f3e4c1eb1"},"headline":"Emendas do Brasduto e Cemig ser\u00e3o vetadas pelo presidente Bolsonaro, diz l\u00edder do governo","datePublished":"2019-08-23T11:00:36+00:00","mainEntityOfPage":{"@id":"https:\/\/agenciainfra.com\/blog\/emendas-do-brasduto-e-cemig-serao-vetadas-pelo-presidente-bolsonaro-diz-lider-do-governo\/"},"wordCount":402,"publisher":{"@id":"https:\/\/agenciainfra.com\/blog\/#organization"},"image":{"@id":"https:\/\/agenciainfra.com\/blog\/emendas-do-brasduto-e-cemig-serao-vetadas-pelo-presidente-bolsonaro-diz-lider-do-governo\/#primaryimage"},"thumbnailUrl":"https:\/\/agenciainfra.com\/blog\/wp-content\/uploads\/2019\/08\/fernando-bezerra-coelho-foto-jefferson-rudy-agencia-senado.jpg","keywords":["Brasduto","CEMIG","Fernando Bezerra","GSF","risco hidrol\u00f3gico"],"articleSection":["iNFRAEnergia"],"inLanguage":"pt-BR","copyrightYear":"2019","copyrightHolder":{"@id":"https:\/\/agenciainfra.com\/blog\/#organization"}},{"@type":"WebPage","@id":"https:\/\/agenciainfra.com\/blog\/emendas-do-brasduto-e-cemig-serao-vetadas-pelo-presidente-bolsonaro-diz-lider-do-governo\/","url":"https:\/\/agenciainfra.com\/blog\/emendas-do-brasduto-e-cemig-serao-vetadas-pelo-presidente-bolsonaro-diz-lider-do-governo\/","name":"Emendas do Brasduto e Cemig ser\u00e3o vetadas pelo presidente Bolsonaro, diz l\u00edder do governo - Ag\u00eancia iNFRA","isPartOf":{"@id":"https:\/\/agenciainfra.com\/blog\/#website"},"primaryImageOfPage":{"@id":"https:\/\/agenciainfra.com\/blog\/emendas-do-brasduto-e-cemig-serao-vetadas-pelo-presidente-bolsonaro-diz-lider-do-governo\/#primaryimage"},"image":{"@id":"https:\/\/agenciainfra.com\/blog\/emendas-do-brasduto-e-cemig-serao-vetadas-pelo-presidente-bolsonaro-diz-lider-do-governo\/#primaryimage"},"thumbnailUrl":"https:\/\/agenciainfra.com\/blog\/wp-content\/uploads\/2019\/08\/fernando-bezerra-coelho-foto-jefferson-rudy-agencia-senado.jpg","datePublished":"2019-08-23T11:00:36+00:00","breadcrumb":{"@id":"https:\/\/agenciainfra.com\/blog\/emendas-do-brasduto-e-cemig-serao-vetadas-pelo-presidente-bolsonaro-diz-lider-do-governo\/#breadcrumb"},"inLanguage":"pt-BR","potentialAction":[{"@type":"ReadAction","target":["https:\/\/agenciainfra.com\/blog\/emendas-do-brasduto-e-cemig-serao-vetadas-pelo-presidente-bolsonaro-diz-lider-do-governo\/"]}]},{"@type":"ImageObject","inLanguage":"pt-BR","@id":"https:\/\/agenciainfra.com\/blog\/emendas-do-brasduto-e-cemig-serao-vetadas-pelo-presidente-bolsonaro-diz-lider-do-governo\/#primaryimage","url":"https:\/\/agenciainfra.com\/blog\/wp-content\/uploads\/2019\/08\/fernando-bezerra-coelho-foto-jefferson-rudy-agencia-senado.jpg","contentUrl":"https:\/\/agenciainfra.com\/blog\/wp-content\/uploads\/2019\/08\/fernando-bezerra-coelho-foto-jefferson-rudy-agencia-senado.jpg","width":1280,"height":854},{"@type":"BreadcrumbList","@id":"https:\/\/agenciainfra.com\/blog\/emendas-do-brasduto-e-cemig-serao-vetadas-pelo-presidente-bolsonaro-diz-lider-do-governo\/#breadcrumb","itemListElement":[{"@type":"ListItem","position":1,"name":"In\u00edcio","item":"https:\/\/agenciainfra.com\/blog\/"},{"@type":"ListItem","position":2,"name":"Emendas do Brasduto e Cemig ser\u00e3o vetadas pelo presidente Bolsonaro, diz l\u00edder do governo"}]},{"@type":"WebSite","@id":"https:\/\/agenciainfra.com\/blog\/#website","url":"https:\/\/agenciainfra.com\/blog\/","name":"Ag\u00eancia iNFRA","description":"Multiplataforma de informa\u00e7\u00e3o jornal\u00edstica refer\u00eancia na \u00e1rea de infraestrutura no Brasil!","publisher":{"@id":"https:\/\/agenciainfra.com\/blog\/#organization"},"potentialAction":[{"@type":"SearchAction","target":{"@type":"EntryPoint","urlTemplate":"https:\/\/agenciainfra.com\/blog\/?s={search_term_string}"},"query-input":{"@type":"PropertyValueSpecification","valueRequired":true,"valueName":"search_term_string"}}],"inLanguage":"pt-BR"},{"@type":"Organization","@id":"https:\/\/agenciainfra.com\/blog\/#organization","name":"Ag\u00eancia iNFRA","url":"https:\/\/agenciainfra.com\/blog\/","logo":{"@type":"ImageObject","inLanguage":"pt-BR","@id":"https:\/\/agenciainfra.com\/blog\/#\/schema\/logo\/image\/","url":"https:\/\/agenciainfra.com\/blog\/wp-content\/uploads\/2023\/09\/iNFRA_5-e1761735885940.png","contentUrl":"https:\/\/agenciainfra.com\/blog\/wp-content\/uploads\/2023\/09\/iNFRA_5-e1761735885940.png","width":1672,"height":454,"caption":"Ag\u00eancia iNFRA"},"image":{"@id":"https:\/\/agenciainfra.com\/blog\/#\/schema\/logo\/image\/"},"sameAs":["https:\/\/www.facebook.com\/ageninfra","https:\/\/x.com\/agencia_infra","https:\/\/www.linkedin.com\/company\/ag\u00eanciainfra\/","https:\/\/www.instagram.com\/agenciainfra\/"]},{"@type":"Person","@id":"https:\/\/agenciainfra.com\/blog\/#\/schema\/person\/04dbb79bd6d8951f063da71f3e4c1eb1","name":"Rodrigo Zuquim","image":{"@type":"ImageObject","inLanguage":"pt-BR","@id":"https:\/\/agenciainfra.com\/blog\/#\/schema\/person\/image\/","url":"https:\/\/secure.gravatar.com\/avatar\/594abfe82761d620726242ff34ca472a705a4b97f16c790053a6b4c4035274d0?s=96&d=mm&r=g","contentUrl":"https:\/\/secure.gravatar.com\/avatar\/594abfe82761d620726242ff34ca472a705a4b97f16c790053a6b4c4035274d0?s=96&d=mm&r=g","caption":"Rodrigo Zuquim"},"url":"https:\/\/agenciainfra.com\/blog\/author\/rodrigo-zuquim\/"}]}},"_links":{"self":[{"href":"https:\/\/agenciainfra.com\/blog\/wp-json\/wp\/v2\/posts\/3626","targetHints":{"allow":["GET"]}}],"collection":[{"href":"https:\/\/agenciainfra.com\/blog\/wp-json\/wp\/v2\/posts"}],"about":[{"href":"https:\/\/agenciainfra.com\/blog\/wp-json\/wp\/v2\/types\/post"}],"author":[{"embeddable":true,"href":"https:\/\/agenciainfra.com\/blog\/wp-json\/wp\/v2\/users\/9"}],"replies":[{"embeddable":true,"href":"https:\/\/agenciainfra.com\/blog\/wp-json\/wp\/v2\/comments?post=3626"}],"version-history":[{"count":0,"href":"https:\/\/agenciainfra.com\/blog\/wp-json\/wp\/v2\/posts\/3626\/revisions"}],"wp:featuredmedia":[{"embeddable":true,"href":"https:\/\/agenciainfra.com\/blog\/wp-json\/wp\/v2\/media\/3627"}],"wp:attachment":[{"href":"https:\/\/agenciainfra.com\/blog\/wp-json\/wp\/v2\/media?parent=3626"}],"wp:term":[{"taxonomy":"category","embeddable":true,"href":"https:\/\/agenciainfra.com\/blog\/wp-json\/wp\/v2\/categories?post=3626"},{"taxonomy":"post_tag","embeddable":true,"href":"https:\/\/agenciainfra.com\/blog\/wp-json\/wp\/v2\/tags?post=3626"}],"curies":[{"name":"wp","href":"https:\/\/api.w.org\/{rel}","templated":true}]}}