{"id":3635,"date":"2019-08-27T08:00:04","date_gmt":"2019-08-27T11:00:04","guid":{"rendered":"http:\/\/www.agenciainfra.com\/blog\/?p=3635"},"modified":"2019-08-26T12:54:58","modified_gmt":"2019-08-26T15:54:58","slug":"dono-da-transnordestina-diz-que-retomara-obra-de-r-67-bilhoes-com-recursos-proprios","status":"publish","type":"post","link":"https:\/\/agenciainfra.com\/blog\/dono-da-transnordestina-diz-que-retomara-obra-de-r-67-bilhoes-com-recursos-proprios\/","title":{"rendered":"Dono da Transnordestina diz que retomar\u00e1 obra de R$ 6,7 bilh\u00f5es com recursos pr\u00f3prios"},"content":{"rendered":"<h5 style=\"text-align: right;\"><strong>Dimmi Amora,\u00a0da Ag\u00eancia iNFRA<\/strong><\/h5>\n<div>\n<p>O empres\u00e1rio Benjamin Steinbruch, dono da CSN, apresentou ao governo um plano de retomada dos investimentos da Transnordestina Log\u00edstica e afirmou que vai reiniciar as obras ainda neste ano, com investimentos estimados em R$ 200 milh\u00f5es.<\/p>\n<p>A informa\u00e7\u00e3o sobre a retomada das obras foi dada pelo diretor de Pol\u00edtica e Planejamento de Secretaria de Fomento, Parceria e Planejamento do Minist\u00e9rio da Infraestrutura, Erico Guzen, em evento realizado pela Abdib (Associa\u00e7\u00e3o Brasileira da Infraestrutura e Ind\u00fastrias de Base) na semana passada, no Piau\u00ed. Ele apresentava um quadro sobre investimentos p\u00fablicos e privados previstos para a regi\u00e3o. Consultada, a Transnordestina disse que n\u00e3o comentar\u00e1 sobre a retomada.<\/p>\n<p>Segundo apurou a\u00a0<strong>Ag\u00eancia iNFRA<\/strong>, a iniciativa foi tomada pelo pr\u00f3prio dono da CSN. A Transnordestina \u00e9 uma obra complexa. O projeto foi iniciado em 2006, paralisado v\u00e1rias vezes, jamais conseguiu cumprir sua previs\u00e3o de ligar o interior do Piau\u00ed aos terminais portu\u00e1rios de Pecem (CE) e Suape (PE).<\/p>\n<p>N\u00fameros\u00a0<a href=\"https:\/\/agenciainfra.us14.list-manage.com\/track\/click?u=d460dd1bcf9ba0ae040e1fc0f&amp;id=2ba0e4fd8a&amp;e=c099169394\" target=\"_blank\" rel=\"noopener noreferrer\" data-saferedirecturl=\"https:\/\/www.google.com\/url?q=https:\/\/agenciainfra.us14.list-manage.com\/track\/click?u%3Dd460dd1bcf9ba0ae040e1fc0f%26id%3D2ba0e4fd8a%26e%3Dc099169394&amp;source=gmail&amp;ust=1566920716263000&amp;usg=AFQjCNFBGIFbkjLKFdTQok13Q8nV0840pg\">apresentados pela concession\u00e1ria no ano passado<\/a>\u00a0mostravam que ela havia gasto R$ 6,2 bilh\u00f5es e ainda faltariam outros R$ 6,7 bilh\u00f5es para concluir os 48% da constru\u00e7\u00e3o que restam ser feitos. Os R$ 200 milh\u00f5es seriam, portanto, menos de 4% do necess\u00e1rio.<\/p>\n<p>No final do ano passado, a empresa apresentou plano para retomar obras que seriam feitas em parceria com uma empresa da It\u00e1lia. Essa empresa j\u00e1 teria desistido. Outras empresas consultadas por agentes p\u00fablicos dizem ter interesse no neg\u00f3cio, contanto que seja longe do atual contrato.<\/p>\n<p>A expans\u00e3o da Transnordestina vem do contrato original de concess\u00e3o da chamada Malha Nordeste das ferrovias da Rede Ferrovi\u00e1ria. Em 2004, houve um acordo para que essa expans\u00e3o, chamada Nova Transnordestina, fosse aceita dentro do contrato da antiga malha, que passou a ter novas regras.<\/p>\n<p>O contrato entre a Transnordestina e o governo previa aportes de v\u00e1rios entes p\u00fablicos, al\u00e9m de financiamentos com recursos de fundos federais e prazos especiais para amortiza\u00e7\u00e3o. A empresa alega que os atrasos e incertezas nos repasses teriam levado \u00e0 paralisa\u00e7\u00e3o das obras.<\/p>\n<p><strong>TCU impediu aportes p\u00fablicos<\/strong><br \/>\nMas, em 2017, uma auditoria do TCU (Tribunal de Contas da Uni\u00e3o) apontou que os \u00f3rg\u00e3os federais teriam colocado dinheiro al\u00e9m da propor\u00e7\u00e3o. Por isso, o \u00f3rg\u00e3o proibiu qualquer novo aporte de recursos p\u00fablicos no projeto. Tamb\u00e9m determinou que as obras s\u00f3 fossem retomadas quando a ANTT (Ag\u00eancia Nacional de Transportes Terrestres) recebesse e aprovasse projetos executivos da constru\u00e7\u00e3o.<\/p>\n<p>No ano seguinte, em julho de 2018, a ag\u00eancia decidiu abrir processo de apura\u00e7\u00e3o de descumprimento de contrato, o que pode levar \u00e0 caducidade da concess\u00e3o. A comiss\u00e3o designada tinha 120 dias para apresentar um relat\u00f3rio. Mas at\u00e9 hoje o processo n\u00e3o foi conclu\u00eddo.<\/p>\n<p>O fato \u00e9 que mais de uma d\u00e9cada depois de iniciada, h\u00e1 d\u00favidas entre t\u00e9cnicos dentro do governo federal e nos governos locais sobre a viabilidade da constru\u00e7\u00e3o e se, de fato, a Transnordestina tem mesmo a capacidade de concluir o empreendimento.<\/p>\n<p>Al\u00e9m disso, h\u00e1 um problema pol\u00edtico entre os estados do Cear\u00e1 e de Pernambuco, que n\u00e3o aceitam que as obras, iniciadas pelo meio da ferrovia,\u00a0sejam conclu\u00eddas primeiro em um dos dois portos de acesso, o que dificulta ainda mais a viabilidade do empreendimento.<\/p>\n<\/div>\n","protected":false},"excerpt":{"rendered":"<p>Dimmi Amora,\u00a0da Ag\u00eancia iNFRA O empres\u00e1rio Benjamin Steinbruch, dono da CSN, apresentou ao governo um plano de retomada dos investimentos da Transnordestina Log\u00edstica e afirmou que vai reiniciar as obras ainda neste ano, com investimentos estimados em R$ 200 milh\u00f5es. A informa\u00e7\u00e3o sobre a retomada das obras foi dada pelo diretor de Pol\u00edtica e Planejamento [&hellip;]<\/p>\n","protected":false},"author":9,"featured_media":3636,"comment_status":"closed","ping_status":"closed","sticky":false,"template":"","format":"standard","meta":{"_monsterinsights_skip_tracking":false,"_monsterinsights_sitenote_active":false,"_monsterinsights_sitenote_note":"","_monsterinsights_sitenote_category":0,"footnotes":""},"categories":[7],"tags":[35,19,1217,1218,18,504],"class_list":["post-3635","post","type-post","status-publish","format-standard","has-post-thumbnail","hentry","category-infratransporte","tag-abdib","tag-antt","tag-benjamin-steinbruch","tag-erico-guzen","tag-tcu","tag-transnordestina"],"yoast_head":"<!-- This site is optimized with the Yoast SEO Premium plugin v25.4 (Yoast SEO v26.0) - https:\/\/yoast.com\/wordpress\/plugins\/seo\/ -->\n<title>Dono da Transnordestina diz que retomar\u00e1 obra de R$ 6,7 bilh\u00f5es com recursos pr\u00f3prios - Ag\u00eancia iNFRA<\/title>\n<meta name=\"robots\" content=\"index, follow, max-snippet:-1, max-image-preview:large, max-video-preview:-1\" \/>\n<link rel=\"canonical\" href=\"https:\/\/agenciainfra.com\/blog\/dono-da-transnordestina-diz-que-retomara-obra-de-r-67-bilhoes-com-recursos-proprios\/\" \/>\n<meta property=\"og:locale\" content=\"pt_BR\" \/>\n<meta property=\"og:type\" content=\"article\" \/>\n<meta property=\"og:title\" content=\"Dono da Transnordestina diz que retomar\u00e1 obra de R$ 6,7 bilh\u00f5es com recursos pr\u00f3prios\" \/>\n<meta property=\"og:description\" content=\"Dimmi Amora,\u00a0da Ag\u00eancia iNFRA O empres\u00e1rio Benjamin Steinbruch, dono da CSN, apresentou ao governo um plano de retomada dos investimentos da Transnordestina Log\u00edstica e afirmou que vai reiniciar as obras ainda neste ano, com investimentos estimados em R$ 200 milh\u00f5es. A informa\u00e7\u00e3o sobre a retomada das obras foi dada pelo diretor de Pol\u00edtica e Planejamento [&hellip;]\" \/>\n<meta property=\"og:url\" content=\"https:\/\/agenciainfra.com\/blog\/dono-da-transnordestina-diz-que-retomara-obra-de-r-67-bilhoes-com-recursos-proprios\/\" \/>\n<meta property=\"og:site_name\" content=\"Ag\u00eancia iNFRA\" \/>\n<meta property=\"article:publisher\" content=\"https:\/\/www.facebook.com\/ageninfra\" \/>\n<meta property=\"article:published_time\" content=\"2019-08-27T11:00:04+00:00\" \/>\n<meta property=\"og:image\" content=\"https:\/\/agenciainfra.com\/blog\/wp-content\/uploads\/2019\/08\/transnordestina-foto-delfim-martins-blog-do-planalto.jpg\" \/>\n\t<meta property=\"og:image:width\" content=\"1280\" \/>\n\t<meta property=\"og:image:height\" content=\"878\" \/>\n\t<meta property=\"og:image:type\" content=\"image\/jpeg\" \/>\n<meta name=\"author\" content=\"Rodrigo Zuquim\" \/>\n<meta name=\"twitter:card\" content=\"summary_large_image\" \/>\n<meta name=\"twitter:creator\" content=\"@agencia_infra\" \/>\n<meta name=\"twitter:site\" content=\"@agencia_infra\" \/>\n<meta name=\"twitter:label1\" content=\"Escrito por\" \/>\n\t<meta name=\"twitter:data1\" content=\"Rodrigo Zuquim\" \/>\n\t<meta name=\"twitter:label2\" content=\"Est. tempo de leitura\" \/>\n\t<meta name=\"twitter:data2\" content=\"3 minutos\" \/>\n<script type=\"application\/ld+json\" class=\"yoast-schema-graph\">{\"@context\":\"https:\/\/schema.org\",\"@graph\":[{\"@type\":\"Article\",\"@id\":\"https:\/\/agenciainfra.com\/blog\/dono-da-transnordestina-diz-que-retomara-obra-de-r-67-bilhoes-com-recursos-proprios\/#article\",\"isPartOf\":{\"@id\":\"https:\/\/agenciainfra.com\/blog\/dono-da-transnordestina-diz-que-retomara-obra-de-r-67-bilhoes-com-recursos-proprios\/\"},\"author\":{\"name\":\"Rodrigo Zuquim\",\"@id\":\"https:\/\/agenciainfra.com\/blog\/#\/schema\/person\/04dbb79bd6d8951f063da71f3e4c1eb1\"},\"headline\":\"Dono da Transnordestina diz que retomar\u00e1 obra de R$ 6,7 bilh\u00f5es com recursos pr\u00f3prios\",\"datePublished\":\"2019-08-27T11:00:04+00:00\",\"mainEntityOfPage\":{\"@id\":\"https:\/\/agenciainfra.com\/blog\/dono-da-transnordestina-diz-que-retomara-obra-de-r-67-bilhoes-com-recursos-proprios\/\"},\"wordCount\":589,\"publisher\":{\"@id\":\"https:\/\/agenciainfra.com\/blog\/#organization\"},\"image\":{\"@id\":\"https:\/\/agenciainfra.com\/blog\/dono-da-transnordestina-diz-que-retomara-obra-de-r-67-bilhoes-com-recursos-proprios\/#primaryimage\"},\"thumbnailUrl\":\"https:\/\/agenciainfra.com\/blog\/wp-content\/uploads\/2019\/08\/transnordestina-foto-delfim-martins-blog-do-planalto.jpg\",\"keywords\":[\"ABDIB\",\"ANTT\",\"Benjamin Steinbruch\",\"Erico Guzen\",\"TCU\",\"Transnordestina\"],\"articleSection\":[\"iNFRATransporte\"],\"inLanguage\":\"pt-BR\",\"copyrightYear\":\"2019\",\"copyrightHolder\":{\"@id\":\"https:\/\/agenciainfra.com\/blog\/#organization\"}},{\"@type\":\"WebPage\",\"@id\":\"https:\/\/agenciainfra.com\/blog\/dono-da-transnordestina-diz-que-retomara-obra-de-r-67-bilhoes-com-recursos-proprios\/\",\"url\":\"https:\/\/agenciainfra.com\/blog\/dono-da-transnordestina-diz-que-retomara-obra-de-r-67-bilhoes-com-recursos-proprios\/\",\"name\":\"Dono da Transnordestina diz que retomar\u00e1 obra de R$ 6,7 bilh\u00f5es com recursos pr\u00f3prios - Ag\u00eancia iNFRA\",\"isPartOf\":{\"@id\":\"https:\/\/agenciainfra.com\/blog\/#website\"},\"primaryImageOfPage\":{\"@id\":\"https:\/\/agenciainfra.com\/blog\/dono-da-transnordestina-diz-que-retomara-obra-de-r-67-bilhoes-com-recursos-proprios\/#primaryimage\"},\"image\":{\"@id\":\"https:\/\/agenciainfra.com\/blog\/dono-da-transnordestina-diz-que-retomara-obra-de-r-67-bilhoes-com-recursos-proprios\/#primaryimage\"},\"thumbnailUrl\":\"https:\/\/agenciainfra.com\/blog\/wp-content\/uploads\/2019\/08\/transnordestina-foto-delfim-martins-blog-do-planalto.jpg\",\"datePublished\":\"2019-08-27T11:00:04+00:00\",\"breadcrumb\":{\"@id\":\"https:\/\/agenciainfra.com\/blog\/dono-da-transnordestina-diz-que-retomara-obra-de-r-67-bilhoes-com-recursos-proprios\/#breadcrumb\"},\"inLanguage\":\"pt-BR\",\"potentialAction\":[{\"@type\":\"ReadAction\",\"target\":[\"https:\/\/agenciainfra.com\/blog\/dono-da-transnordestina-diz-que-retomara-obra-de-r-67-bilhoes-com-recursos-proprios\/\"]}]},{\"@type\":\"ImageObject\",\"inLanguage\":\"pt-BR\",\"@id\":\"https:\/\/agenciainfra.com\/blog\/dono-da-transnordestina-diz-que-retomara-obra-de-r-67-bilhoes-com-recursos-proprios\/#primaryimage\",\"url\":\"https:\/\/agenciainfra.com\/blog\/wp-content\/uploads\/2019\/08\/transnordestina-foto-delfim-martins-blog-do-planalto.jpg\",\"contentUrl\":\"https:\/\/agenciainfra.com\/blog\/wp-content\/uploads\/2019\/08\/transnordestina-foto-delfim-martins-blog-do-planalto.jpg\",\"width\":1280,\"height\":878,\"caption\":\"Foto: Delfim Martins\/Blog do Planalto\"},{\"@type\":\"BreadcrumbList\",\"@id\":\"https:\/\/agenciainfra.com\/blog\/dono-da-transnordestina-diz-que-retomara-obra-de-r-67-bilhoes-com-recursos-proprios\/#breadcrumb\",\"itemListElement\":[{\"@type\":\"ListItem\",\"position\":1,\"name\":\"In\u00edcio\",\"item\":\"https:\/\/agenciainfra.com\/blog\/\"},{\"@type\":\"ListItem\",\"position\":2,\"name\":\"Dono da Transnordestina diz que retomar\u00e1 obra de R$ 6,7 bilh\u00f5es com recursos pr\u00f3prios\"}]},{\"@type\":\"WebSite\",\"@id\":\"https:\/\/agenciainfra.com\/blog\/#website\",\"url\":\"https:\/\/agenciainfra.com\/blog\/\",\"name\":\"Ag\u00eancia iNFRA\",\"description\":\"Multiplataforma de informa\u00e7\u00e3o jornal\u00edstica refer\u00eancia na \u00e1rea de infraestrutura no Brasil!\",\"publisher\":{\"@id\":\"https:\/\/agenciainfra.com\/blog\/#organization\"},\"potentialAction\":[{\"@type\":\"SearchAction\",\"target\":{\"@type\":\"EntryPoint\",\"urlTemplate\":\"https:\/\/agenciainfra.com\/blog\/?s={search_term_string}\"},\"query-input\":{\"@type\":\"PropertyValueSpecification\",\"valueRequired\":true,\"valueName\":\"search_term_string\"}}],\"inLanguage\":\"pt-BR\"},{\"@type\":\"Organization\",\"@id\":\"https:\/\/agenciainfra.com\/blog\/#organization\",\"name\":\"Ag\u00eancia iNFRA\",\"url\":\"https:\/\/agenciainfra.com\/blog\/\",\"logo\":{\"@type\":\"ImageObject\",\"inLanguage\":\"pt-BR\",\"@id\":\"https:\/\/agenciainfra.com\/blog\/#\/schema\/logo\/image\/\",\"url\":\"https:\/\/agenciainfra.com\/blog\/wp-content\/uploads\/2023\/09\/iNFRA_5-e1761735885940.png\",\"contentUrl\":\"https:\/\/agenciainfra.com\/blog\/wp-content\/uploads\/2023\/09\/iNFRA_5-e1761735885940.png\",\"width\":1672,\"height\":454,\"caption\":\"Ag\u00eancia iNFRA\"},\"image\":{\"@id\":\"https:\/\/agenciainfra.com\/blog\/#\/schema\/logo\/image\/\"},\"sameAs\":[\"https:\/\/www.facebook.com\/ageninfra\",\"https:\/\/x.com\/agencia_infra\",\"https:\/\/www.linkedin.com\/company\/ag\u00eanciainfra\/\",\"https:\/\/www.instagram.com\/agenciainfra\/\"]},{\"@type\":\"Person\",\"@id\":\"https:\/\/agenciainfra.com\/blog\/#\/schema\/person\/04dbb79bd6d8951f063da71f3e4c1eb1\",\"name\":\"Rodrigo Zuquim\",\"image\":{\"@type\":\"ImageObject\",\"inLanguage\":\"pt-BR\",\"@id\":\"https:\/\/agenciainfra.com\/blog\/#\/schema\/person\/image\/\",\"url\":\"https:\/\/secure.gravatar.com\/avatar\/594abfe82761d620726242ff34ca472a705a4b97f16c790053a6b4c4035274d0?s=96&d=mm&r=g\",\"contentUrl\":\"https:\/\/secure.gravatar.com\/avatar\/594abfe82761d620726242ff34ca472a705a4b97f16c790053a6b4c4035274d0?s=96&d=mm&r=g\",\"caption\":\"Rodrigo Zuquim\"},\"url\":\"https:\/\/agenciainfra.com\/blog\/author\/rodrigo-zuquim\/\"}]}<\/script>\n<!-- \/ Yoast SEO Premium plugin. -->","yoast_head_json":{"title":"Dono da Transnordestina diz que retomar\u00e1 obra de R$ 6,7 bilh\u00f5es com recursos pr\u00f3prios - Ag\u00eancia iNFRA","robots":{"index":"index","follow":"follow","max-snippet":"max-snippet:-1","max-image-preview":"max-image-preview:large","max-video-preview":"max-video-preview:-1"},"canonical":"https:\/\/agenciainfra.com\/blog\/dono-da-transnordestina-diz-que-retomara-obra-de-r-67-bilhoes-com-recursos-proprios\/","og_locale":"pt_BR","og_type":"article","og_title":"Dono da Transnordestina diz que retomar\u00e1 obra de R$ 6,7 bilh\u00f5es com recursos pr\u00f3prios","og_description":"Dimmi Amora,\u00a0da Ag\u00eancia iNFRA O empres\u00e1rio Benjamin Steinbruch, dono da CSN, apresentou ao governo um plano de retomada dos investimentos da Transnordestina Log\u00edstica e afirmou que vai reiniciar as obras ainda neste ano, com investimentos estimados em R$ 200 milh\u00f5es. A informa\u00e7\u00e3o sobre a retomada das obras foi dada pelo diretor de Pol\u00edtica e Planejamento [&hellip;]","og_url":"https:\/\/agenciainfra.com\/blog\/dono-da-transnordestina-diz-que-retomara-obra-de-r-67-bilhoes-com-recursos-proprios\/","og_site_name":"Ag\u00eancia iNFRA","article_publisher":"https:\/\/www.facebook.com\/ageninfra","article_published_time":"2019-08-27T11:00:04+00:00","og_image":[{"width":1280,"height":878,"url":"https:\/\/agenciainfra.com\/blog\/wp-content\/uploads\/2019\/08\/transnordestina-foto-delfim-martins-blog-do-planalto.jpg","type":"image\/jpeg"}],"author":"Rodrigo Zuquim","twitter_card":"summary_large_image","twitter_creator":"@agencia_infra","twitter_site":"@agencia_infra","twitter_misc":{"Escrito por":"Rodrigo Zuquim","Est. tempo de leitura":"3 minutos"},"schema":{"@context":"https:\/\/schema.org","@graph":[{"@type":"Article","@id":"https:\/\/agenciainfra.com\/blog\/dono-da-transnordestina-diz-que-retomara-obra-de-r-67-bilhoes-com-recursos-proprios\/#article","isPartOf":{"@id":"https:\/\/agenciainfra.com\/blog\/dono-da-transnordestina-diz-que-retomara-obra-de-r-67-bilhoes-com-recursos-proprios\/"},"author":{"name":"Rodrigo Zuquim","@id":"https:\/\/agenciainfra.com\/blog\/#\/schema\/person\/04dbb79bd6d8951f063da71f3e4c1eb1"},"headline":"Dono da Transnordestina diz que retomar\u00e1 obra de R$ 6,7 bilh\u00f5es com recursos pr\u00f3prios","datePublished":"2019-08-27T11:00:04+00:00","mainEntityOfPage":{"@id":"https:\/\/agenciainfra.com\/blog\/dono-da-transnordestina-diz-que-retomara-obra-de-r-67-bilhoes-com-recursos-proprios\/"},"wordCount":589,"publisher":{"@id":"https:\/\/agenciainfra.com\/blog\/#organization"},"image":{"@id":"https:\/\/agenciainfra.com\/blog\/dono-da-transnordestina-diz-que-retomara-obra-de-r-67-bilhoes-com-recursos-proprios\/#primaryimage"},"thumbnailUrl":"https:\/\/agenciainfra.com\/blog\/wp-content\/uploads\/2019\/08\/transnordestina-foto-delfim-martins-blog-do-planalto.jpg","keywords":["ABDIB","ANTT","Benjamin Steinbruch","Erico Guzen","TCU","Transnordestina"],"articleSection":["iNFRATransporte"],"inLanguage":"pt-BR","copyrightYear":"2019","copyrightHolder":{"@id":"https:\/\/agenciainfra.com\/blog\/#organization"}},{"@type":"WebPage","@id":"https:\/\/agenciainfra.com\/blog\/dono-da-transnordestina-diz-que-retomara-obra-de-r-67-bilhoes-com-recursos-proprios\/","url":"https:\/\/agenciainfra.com\/blog\/dono-da-transnordestina-diz-que-retomara-obra-de-r-67-bilhoes-com-recursos-proprios\/","name":"Dono da Transnordestina diz que retomar\u00e1 obra de R$ 6,7 bilh\u00f5es com recursos pr\u00f3prios - Ag\u00eancia iNFRA","isPartOf":{"@id":"https:\/\/agenciainfra.com\/blog\/#website"},"primaryImageOfPage":{"@id":"https:\/\/agenciainfra.com\/blog\/dono-da-transnordestina-diz-que-retomara-obra-de-r-67-bilhoes-com-recursos-proprios\/#primaryimage"},"image":{"@id":"https:\/\/agenciainfra.com\/blog\/dono-da-transnordestina-diz-que-retomara-obra-de-r-67-bilhoes-com-recursos-proprios\/#primaryimage"},"thumbnailUrl":"https:\/\/agenciainfra.com\/blog\/wp-content\/uploads\/2019\/08\/transnordestina-foto-delfim-martins-blog-do-planalto.jpg","datePublished":"2019-08-27T11:00:04+00:00","breadcrumb":{"@id":"https:\/\/agenciainfra.com\/blog\/dono-da-transnordestina-diz-que-retomara-obra-de-r-67-bilhoes-com-recursos-proprios\/#breadcrumb"},"inLanguage":"pt-BR","potentialAction":[{"@type":"ReadAction","target":["https:\/\/agenciainfra.com\/blog\/dono-da-transnordestina-diz-que-retomara-obra-de-r-67-bilhoes-com-recursos-proprios\/"]}]},{"@type":"ImageObject","inLanguage":"pt-BR","@id":"https:\/\/agenciainfra.com\/blog\/dono-da-transnordestina-diz-que-retomara-obra-de-r-67-bilhoes-com-recursos-proprios\/#primaryimage","url":"https:\/\/agenciainfra.com\/blog\/wp-content\/uploads\/2019\/08\/transnordestina-foto-delfim-martins-blog-do-planalto.jpg","contentUrl":"https:\/\/agenciainfra.com\/blog\/wp-content\/uploads\/2019\/08\/transnordestina-foto-delfim-martins-blog-do-planalto.jpg","width":1280,"height":878,"caption":"Foto: Delfim Martins\/Blog do Planalto"},{"@type":"BreadcrumbList","@id":"https:\/\/agenciainfra.com\/blog\/dono-da-transnordestina-diz-que-retomara-obra-de-r-67-bilhoes-com-recursos-proprios\/#breadcrumb","itemListElement":[{"@type":"ListItem","position":1,"name":"In\u00edcio","item":"https:\/\/agenciainfra.com\/blog\/"},{"@type":"ListItem","position":2,"name":"Dono da Transnordestina diz que retomar\u00e1 obra de R$ 6,7 bilh\u00f5es com recursos pr\u00f3prios"}]},{"@type":"WebSite","@id":"https:\/\/agenciainfra.com\/blog\/#website","url":"https:\/\/agenciainfra.com\/blog\/","name":"Ag\u00eancia iNFRA","description":"Multiplataforma de informa\u00e7\u00e3o jornal\u00edstica refer\u00eancia na \u00e1rea de infraestrutura no Brasil!","publisher":{"@id":"https:\/\/agenciainfra.com\/blog\/#organization"},"potentialAction":[{"@type":"SearchAction","target":{"@type":"EntryPoint","urlTemplate":"https:\/\/agenciainfra.com\/blog\/?s={search_term_string}"},"query-input":{"@type":"PropertyValueSpecification","valueRequired":true,"valueName":"search_term_string"}}],"inLanguage":"pt-BR"},{"@type":"Organization","@id":"https:\/\/agenciainfra.com\/blog\/#organization","name":"Ag\u00eancia iNFRA","url":"https:\/\/agenciainfra.com\/blog\/","logo":{"@type":"ImageObject","inLanguage":"pt-BR","@id":"https:\/\/agenciainfra.com\/blog\/#\/schema\/logo\/image\/","url":"https:\/\/agenciainfra.com\/blog\/wp-content\/uploads\/2023\/09\/iNFRA_5-e1761735885940.png","contentUrl":"https:\/\/agenciainfra.com\/blog\/wp-content\/uploads\/2023\/09\/iNFRA_5-e1761735885940.png","width":1672,"height":454,"caption":"Ag\u00eancia iNFRA"},"image":{"@id":"https:\/\/agenciainfra.com\/blog\/#\/schema\/logo\/image\/"},"sameAs":["https:\/\/www.facebook.com\/ageninfra","https:\/\/x.com\/agencia_infra","https:\/\/www.linkedin.com\/company\/ag\u00eanciainfra\/","https:\/\/www.instagram.com\/agenciainfra\/"]},{"@type":"Person","@id":"https:\/\/agenciainfra.com\/blog\/#\/schema\/person\/04dbb79bd6d8951f063da71f3e4c1eb1","name":"Rodrigo Zuquim","image":{"@type":"ImageObject","inLanguage":"pt-BR","@id":"https:\/\/agenciainfra.com\/blog\/#\/schema\/person\/image\/","url":"https:\/\/secure.gravatar.com\/avatar\/594abfe82761d620726242ff34ca472a705a4b97f16c790053a6b4c4035274d0?s=96&d=mm&r=g","contentUrl":"https:\/\/secure.gravatar.com\/avatar\/594abfe82761d620726242ff34ca472a705a4b97f16c790053a6b4c4035274d0?s=96&d=mm&r=g","caption":"Rodrigo Zuquim"},"url":"https:\/\/agenciainfra.com\/blog\/author\/rodrigo-zuquim\/"}]}},"_links":{"self":[{"href":"https:\/\/agenciainfra.com\/blog\/wp-json\/wp\/v2\/posts\/3635","targetHints":{"allow":["GET"]}}],"collection":[{"href":"https:\/\/agenciainfra.com\/blog\/wp-json\/wp\/v2\/posts"}],"about":[{"href":"https:\/\/agenciainfra.com\/blog\/wp-json\/wp\/v2\/types\/post"}],"author":[{"embeddable":true,"href":"https:\/\/agenciainfra.com\/blog\/wp-json\/wp\/v2\/users\/9"}],"replies":[{"embeddable":true,"href":"https:\/\/agenciainfra.com\/blog\/wp-json\/wp\/v2\/comments?post=3635"}],"version-history":[{"count":0,"href":"https:\/\/agenciainfra.com\/blog\/wp-json\/wp\/v2\/posts\/3635\/revisions"}],"wp:featuredmedia":[{"embeddable":true,"href":"https:\/\/agenciainfra.com\/blog\/wp-json\/wp\/v2\/media\/3636"}],"wp:attachment":[{"href":"https:\/\/agenciainfra.com\/blog\/wp-json\/wp\/v2\/media?parent=3635"}],"wp:term":[{"taxonomy":"category","embeddable":true,"href":"https:\/\/agenciainfra.com\/blog\/wp-json\/wp\/v2\/categories?post=3635"},{"taxonomy":"post_tag","embeddable":true,"href":"https:\/\/agenciainfra.com\/blog\/wp-json\/wp\/v2\/tags?post=3635"}],"curies":[{"name":"wp","href":"https:\/\/api.w.org\/{rel}","templated":true}]}}