{"id":3638,"date":"2019-08-29T08:00:52","date_gmt":"2019-08-29T11:00:52","guid":{"rendered":"http:\/\/www.agenciainfra.com\/blog\/?p=3638"},"modified":"2019-08-26T13:38:15","modified_gmt":"2019-08-26T16:38:15","slug":"justica-impede-antt-de-punir-concessionaria-por-falta-de-decisao-sobre-pleito-de-reequilibrio","status":"publish","type":"post","link":"https:\/\/agenciainfra.com\/blog\/justica-impede-antt-de-punir-concessionaria-por-falta-de-decisao-sobre-pleito-de-reequilibrio\/","title":{"rendered":"Justi\u00e7a impede ANTT de punir concession\u00e1ria por falta de decis\u00e3o sobre pleito de reequil\u00edbrio"},"content":{"rendered":"<div>\n<h5 style=\"text-align: right;\"><strong>Dimmi Amora, da\u00a0Ag\u00eancia iNFRA<\/strong><\/h5>\n<p>A ju\u00edza da 3\u00aa Vara Federal do Distrito Federal K\u00e1tia Balbino de Carvalho Ferreira decidiu impedir a ANTT (Ag\u00eancia Nacional de Transportes Terrestres) de aplicar qualquer penalidade ou obriga\u00e7\u00e3o de novos investimentos \u00e0 concession\u00e1ria Via Bahia, que administra a BR-116. A decis\u00e3o, dispon\u00edvel\u00a0<a href=\"https:\/\/agenciainfra.us14.list-manage.com\/track\/click?u=d460dd1bcf9ba0ae040e1fc0f&amp;id=270a5c5536&amp;e=c099169394\" target=\"_blank\" rel=\"noopener noreferrer\" data-saferedirecturl=\"https:\/\/www.google.com\/url?q=https:\/\/agenciainfra.us14.list-manage.com\/track\/click?u%3Dd460dd1bcf9ba0ae040e1fc0f%26id%3D270a5c5536%26e%3Dc099169394&amp;source=gmail&amp;ust=1566920716263000&amp;usg=AFQjCNHSPWB81iE6fv33LB5vLx8RlX5ZCA\">neste link<\/a>, impede inclusive a declara\u00e7\u00e3o de caducidade da rodovia e a redu\u00e7\u00e3o do ped\u00e1gio decidida pela ag\u00eancia duas semanas atr\u00e1s.<\/p>\n<p>Na cautelar, proferida semana passada em a\u00e7\u00e3o impetrada pela concession\u00e1ria, a ju\u00edza considerou os argumentos da empresa de que a ag\u00eancia n\u00e3o avaliou os pedidos de reequil\u00edbrio do contrato ao longo dos \u00faltimos anos e, sem isso, n\u00e3o pode impor san\u00e7\u00f5es \u00e0 companhia. A empresa pede que qualquer aplica\u00e7\u00e3o ocorra ap\u00f3s um processo de arbitragem.<\/p>\n<p>A decis\u00e3o usa trechos de documentos da ANTT para mostrar que a ag\u00eancia reconhece que os contratos de concess\u00e3o do setor est\u00e3o desequilibrados.<\/p>\n<p>&#8220;Memorando n\u00ba 876\/2018\/SUINF, de 10.09.2018, o Superintendente de Explora\u00e7\u00e3o da Infraestrutura Rodovi\u00e1ria \u2013 SUINF\/ANTT, exp\u00f4s que os impactos da combina\u00e7\u00e3o desses efeitos direitos (queda no tr\u00e1fego) e indiretos (condi\u00e7\u00f5es de financiamento) s\u00e3o apresentados, demonstrando-se que, atualmente, as obras de grande vulto encontram-se praticamente paralisadas. Acumulam-se multas e inexecu\u00e7\u00f5es que tendem a ser agravar com a aplica\u00e7\u00e3o dos devidos descontos tarif\u00e1rios, levando a uma situa\u00e7\u00e3o de insolv\u00eancia generalizada&#8221;, diz um trecho da decis\u00e3o.<\/p>\n<p>A ju\u00edza afirma que, mesmo reconhecendo o desequil\u00edbrio, a ag\u00eancia n\u00e3o considerou improcedente o pleito de reequil\u00edbrio feito pela empresa dizendo que ele deveria ser analisado em revis\u00e3o quinquenal, o que n\u00e3o ocorreu. A magistrada informa ainda que o fato de a ag\u00eancia estar criando norma para fazer a revis\u00e3o quinquenal n\u00e3o \u00e9 alega\u00e7\u00e3o suficiente para a n\u00e3o execu\u00e7\u00e3o do trabalho.<\/p>\n<p>&#8220;Assim, ciente esta Magistrada da grave crise econ\u00f4mica que assola o Pa\u00eds e considerando a relev\u00e2ncia da argumenta\u00e7\u00e3o da parte autora no tocante ao desequil\u00edbrio contratual entre os litigantes; a ci\u00eancia da parte r\u00e9 do impacto do cen\u00e1rio econ\u00f4mico nas concess\u00f5es rodovi\u00e1rias; a pend\u00eancia de an\u00e1lise do pleito administrativo de revis\u00e3o quinquenal; a possibilidade contratual de serem submetidas as controv\u00e9rsias decorrentes de tal quest\u00e3o \u00e0 arbitragem, bem como a manifesta inten\u00e7\u00e3o da requerente em se utilizar desse instrumento alternativo de solu\u00e7\u00e3o de conflitos, h\u00e1 de se deferir a tutela aqui pretendida&#8221;, diz a magistrada, garantindo o direito at\u00e9 o fim da arbitragem.<\/p>\n<p>Ao menos cinco empresas j\u00e1 obtiveram decis\u00e3o semelhante em processos desse tipo, que impedem a ANTT de executar san\u00e7\u00f5es contra elas. Al\u00e9m da Via Bahia, MS Via (CCR), Concebra (Triunfo), Rota 163 (OTP) e Via 040 (Invepar) obtiveram decis\u00e3o semelhante.<\/p>\n<p><strong>Decis\u00e3o tamb\u00e9m em 2\u00aa inst\u00e2ncia<\/strong><br \/>\nA ju\u00edza cita uma delas, uma decis\u00e3o em segunda inst\u00e2ncia do desembargador federal Souza Prudente que impede a ag\u00eancia de aplicar penalidades pela falta de an\u00e1lise da ag\u00eancia de pleitos anteriores da Rota 163.<\/p>\n<p>Recentemente a ANTT notificou todas elas para que apresentem esclarecimentos por inexecu\u00e7\u00e3o contratual em processo pr\u00e9vio de an\u00e1lise de cumprimento de obriga\u00e7\u00f5es. A finaliza\u00e7\u00e3o dele pode ser com a declara\u00e7\u00e3o de caducidade das companhias.<\/p>\n<p>Em outra frente, o governo regulamentou a Lei 13.448\/2017 para instituir o processo de devolu\u00e7\u00e3o amig\u00e1vel de concess\u00f5es com a publica\u00e7\u00e3o de um decreto h\u00e1 tr\u00eas semanas. No entanto, empresas que ainda n\u00e3o haviam decidido sobre a devolu\u00e7\u00e3o apontam que ainda dependem das regras de indeniza\u00e7\u00e3o que a ANTT est\u00e1 elaborando para decidir o que ser\u00e1 feito.<\/p>\n<\/div>\n","protected":false},"excerpt":{"rendered":"<p>Dimmi Amora, da\u00a0Ag\u00eancia iNFRA A ju\u00edza da 3\u00aa Vara Federal do Distrito Federal K\u00e1tia Balbino de Carvalho Ferreira decidiu impedir a ANTT (Ag\u00eancia Nacional de Transportes Terrestres) de aplicar qualquer penalidade ou obriga\u00e7\u00e3o de novos investimentos \u00e0 concession\u00e1ria Via Bahia, que administra a BR-116. A decis\u00e3o, dispon\u00edvel\u00a0neste link, impede inclusive a declara\u00e7\u00e3o de caducidade da [&hellip;]<\/p>\n","protected":false},"author":9,"featured_media":3639,"comment_status":"closed","ping_status":"closed","sticky":false,"template":"","format":"standard","meta":{"_monsterinsights_skip_tracking":false,"_monsterinsights_sitenote_active":false,"_monsterinsights_sitenote_note":"","_monsterinsights_sitenote_category":0,"footnotes":""},"categories":[7],"tags":[19,1224,1219,1223,1222,1221,1019,1220],"class_list":["post-3638","post","type-post","status-publish","format-standard","has-post-thumbnail","hentry","category-infratransporte","tag-antt","tag-concebra","tag-katia-balbino-de-carvalho-ferreira","tag-ms-via","tag-rota-163","tag-souza-prudente","tag-via-040","tag-via-bahia"],"yoast_head":"<!-- This site is optimized with the Yoast SEO Premium plugin v25.4 (Yoast SEO v26.0) - https:\/\/yoast.com\/wordpress\/plugins\/seo\/ -->\n<title>Justi\u00e7a impede ANTT de punir concession\u00e1ria por falta de decis\u00e3o sobre pleito de reequil\u00edbrio - Ag\u00eancia iNFRA<\/title>\n<meta name=\"robots\" content=\"index, follow, max-snippet:-1, max-image-preview:large, max-video-preview:-1\" \/>\n<link rel=\"canonical\" href=\"https:\/\/agenciainfra.com\/blog\/justica-impede-antt-de-punir-concessionaria-por-falta-de-decisao-sobre-pleito-de-reequilibrio\/\" \/>\n<meta property=\"og:locale\" content=\"pt_BR\" \/>\n<meta property=\"og:type\" content=\"article\" \/>\n<meta property=\"og:title\" content=\"Justi\u00e7a impede ANTT de punir concession\u00e1ria por falta de decis\u00e3o sobre pleito de reequil\u00edbrio\" \/>\n<meta property=\"og:description\" content=\"Dimmi Amora, da\u00a0Ag\u00eancia iNFRA A ju\u00edza da 3\u00aa Vara Federal do Distrito Federal K\u00e1tia Balbino de Carvalho Ferreira decidiu impedir a ANTT (Ag\u00eancia Nacional de Transportes Terrestres) de aplicar qualquer penalidade ou obriga\u00e7\u00e3o de novos investimentos \u00e0 concession\u00e1ria Via Bahia, que administra a BR-116. A decis\u00e3o, dispon\u00edvel\u00a0neste link, impede inclusive a declara\u00e7\u00e3o de caducidade da [&hellip;]\" \/>\n<meta property=\"og:url\" content=\"https:\/\/agenciainfra.com\/blog\/justica-impede-antt-de-punir-concessionaria-por-falta-de-decisao-sobre-pleito-de-reequilibrio\/\" \/>\n<meta property=\"og:site_name\" content=\"Ag\u00eancia iNFRA\" \/>\n<meta property=\"article:publisher\" content=\"https:\/\/www.facebook.com\/ageninfra\" \/>\n<meta property=\"article:published_time\" content=\"2019-08-29T11:00:52+00:00\" \/>\n<meta property=\"og:image\" content=\"https:\/\/agenciainfra.com\/blog\/wp-content\/uploads\/2019\/08\/br-116-bahia-foto-edsom-leite-minfra.jpg\" \/>\n\t<meta property=\"og:image:width\" content=\"1280\" \/>\n\t<meta property=\"og:image:height\" content=\"852\" \/>\n\t<meta property=\"og:image:type\" content=\"image\/jpeg\" \/>\n<meta name=\"author\" content=\"Rodrigo Zuquim\" \/>\n<meta name=\"twitter:card\" content=\"summary_large_image\" \/>\n<meta name=\"twitter:creator\" content=\"@agencia_infra\" \/>\n<meta name=\"twitter:site\" content=\"@agencia_infra\" \/>\n<meta name=\"twitter:label1\" content=\"Escrito por\" \/>\n\t<meta name=\"twitter:data1\" content=\"Rodrigo Zuquim\" \/>\n\t<meta name=\"twitter:label2\" content=\"Est. tempo de leitura\" \/>\n\t<meta name=\"twitter:data2\" content=\"3 minutos\" \/>\n<script type=\"application\/ld+json\" class=\"yoast-schema-graph\">{\"@context\":\"https:\/\/schema.org\",\"@graph\":[{\"@type\":\"Article\",\"@id\":\"https:\/\/agenciainfra.com\/blog\/justica-impede-antt-de-punir-concessionaria-por-falta-de-decisao-sobre-pleito-de-reequilibrio\/#article\",\"isPartOf\":{\"@id\":\"https:\/\/agenciainfra.com\/blog\/justica-impede-antt-de-punir-concessionaria-por-falta-de-decisao-sobre-pleito-de-reequilibrio\/\"},\"author\":{\"name\":\"Rodrigo Zuquim\",\"@id\":\"https:\/\/agenciainfra.com\/blog\/#\/schema\/person\/04dbb79bd6d8951f063da71f3e4c1eb1\"},\"headline\":\"Justi\u00e7a impede ANTT de punir concession\u00e1ria por falta de decis\u00e3o sobre pleito de reequil\u00edbrio\",\"datePublished\":\"2019-08-29T11:00:52+00:00\",\"mainEntityOfPage\":{\"@id\":\"https:\/\/agenciainfra.com\/blog\/justica-impede-antt-de-punir-concessionaria-por-falta-de-decisao-sobre-pleito-de-reequilibrio\/\"},\"wordCount\":656,\"publisher\":{\"@id\":\"https:\/\/agenciainfra.com\/blog\/#organization\"},\"image\":{\"@id\":\"https:\/\/agenciainfra.com\/blog\/justica-impede-antt-de-punir-concessionaria-por-falta-de-decisao-sobre-pleito-de-reequilibrio\/#primaryimage\"},\"thumbnailUrl\":\"https:\/\/agenciainfra.com\/blog\/wp-content\/uploads\/2019\/08\/br-116-bahia-foto-edsom-leite-minfra.jpg\",\"keywords\":[\"ANTT\",\"Concebra\",\"K\u00e1tia Balbino de Carvalho Ferreira\",\"MS Via\",\"Rota 163\",\"Souza Prudente\",\"Via 040\",\"Via Bahia\"],\"articleSection\":[\"iNFRATransporte\"],\"inLanguage\":\"pt-BR\",\"copyrightYear\":\"2019\",\"copyrightHolder\":{\"@id\":\"https:\/\/agenciainfra.com\/blog\/#organization\"}},{\"@type\":\"WebPage\",\"@id\":\"https:\/\/agenciainfra.com\/blog\/justica-impede-antt-de-punir-concessionaria-por-falta-de-decisao-sobre-pleito-de-reequilibrio\/\",\"url\":\"https:\/\/agenciainfra.com\/blog\/justica-impede-antt-de-punir-concessionaria-por-falta-de-decisao-sobre-pleito-de-reequilibrio\/\",\"name\":\"Justi\u00e7a impede ANTT de punir concession\u00e1ria por falta de decis\u00e3o sobre pleito de reequil\u00edbrio - Ag\u00eancia iNFRA\",\"isPartOf\":{\"@id\":\"https:\/\/agenciainfra.com\/blog\/#website\"},\"primaryImageOfPage\":{\"@id\":\"https:\/\/agenciainfra.com\/blog\/justica-impede-antt-de-punir-concessionaria-por-falta-de-decisao-sobre-pleito-de-reequilibrio\/#primaryimage\"},\"image\":{\"@id\":\"https:\/\/agenciainfra.com\/blog\/justica-impede-antt-de-punir-concessionaria-por-falta-de-decisao-sobre-pleito-de-reequilibrio\/#primaryimage\"},\"thumbnailUrl\":\"https:\/\/agenciainfra.com\/blog\/wp-content\/uploads\/2019\/08\/br-116-bahia-foto-edsom-leite-minfra.jpg\",\"datePublished\":\"2019-08-29T11:00:52+00:00\",\"breadcrumb\":{\"@id\":\"https:\/\/agenciainfra.com\/blog\/justica-impede-antt-de-punir-concessionaria-por-falta-de-decisao-sobre-pleito-de-reequilibrio\/#breadcrumb\"},\"inLanguage\":\"pt-BR\",\"potentialAction\":[{\"@type\":\"ReadAction\",\"target\":[\"https:\/\/agenciainfra.com\/blog\/justica-impede-antt-de-punir-concessionaria-por-falta-de-decisao-sobre-pleito-de-reequilibrio\/\"]}]},{\"@type\":\"ImageObject\",\"inLanguage\":\"pt-BR\",\"@id\":\"https:\/\/agenciainfra.com\/blog\/justica-impede-antt-de-punir-concessionaria-por-falta-de-decisao-sobre-pleito-de-reequilibrio\/#primaryimage\",\"url\":\"https:\/\/agenciainfra.com\/blog\/wp-content\/uploads\/2019\/08\/br-116-bahia-foto-edsom-leite-minfra.jpg\",\"contentUrl\":\"https:\/\/agenciainfra.com\/blog\/wp-content\/uploads\/2019\/08\/br-116-bahia-foto-edsom-leite-minfra.jpg\",\"width\":1280,\"height\":852,\"caption\":\"Foto: Edsom Leite\/Minfra\"},{\"@type\":\"BreadcrumbList\",\"@id\":\"https:\/\/agenciainfra.com\/blog\/justica-impede-antt-de-punir-concessionaria-por-falta-de-decisao-sobre-pleito-de-reequilibrio\/#breadcrumb\",\"itemListElement\":[{\"@type\":\"ListItem\",\"position\":1,\"name\":\"In\u00edcio\",\"item\":\"https:\/\/agenciainfra.com\/blog\/\"},{\"@type\":\"ListItem\",\"position\":2,\"name\":\"Justi\u00e7a impede ANTT de punir concession\u00e1ria por falta de decis\u00e3o sobre pleito de reequil\u00edbrio\"}]},{\"@type\":\"WebSite\",\"@id\":\"https:\/\/agenciainfra.com\/blog\/#website\",\"url\":\"https:\/\/agenciainfra.com\/blog\/\",\"name\":\"Ag\u00eancia iNFRA\",\"description\":\"Multiplataforma de informa\u00e7\u00e3o jornal\u00edstica refer\u00eancia na \u00e1rea de infraestrutura no Brasil!\",\"publisher\":{\"@id\":\"https:\/\/agenciainfra.com\/blog\/#organization\"},\"potentialAction\":[{\"@type\":\"SearchAction\",\"target\":{\"@type\":\"EntryPoint\",\"urlTemplate\":\"https:\/\/agenciainfra.com\/blog\/?s={search_term_string}\"},\"query-input\":{\"@type\":\"PropertyValueSpecification\",\"valueRequired\":true,\"valueName\":\"search_term_string\"}}],\"inLanguage\":\"pt-BR\"},{\"@type\":\"Organization\",\"@id\":\"https:\/\/agenciainfra.com\/blog\/#organization\",\"name\":\"Ag\u00eancia iNFRA\",\"url\":\"https:\/\/agenciainfra.com\/blog\/\",\"logo\":{\"@type\":\"ImageObject\",\"inLanguage\":\"pt-BR\",\"@id\":\"https:\/\/agenciainfra.com\/blog\/#\/schema\/logo\/image\/\",\"url\":\"https:\/\/agenciainfra.com\/blog\/wp-content\/uploads\/2023\/09\/iNFRA_5-e1761735885940.png\",\"contentUrl\":\"https:\/\/agenciainfra.com\/blog\/wp-content\/uploads\/2023\/09\/iNFRA_5-e1761735885940.png\",\"width\":1672,\"height\":454,\"caption\":\"Ag\u00eancia iNFRA\"},\"image\":{\"@id\":\"https:\/\/agenciainfra.com\/blog\/#\/schema\/logo\/image\/\"},\"sameAs\":[\"https:\/\/www.facebook.com\/ageninfra\",\"https:\/\/x.com\/agencia_infra\",\"https:\/\/www.linkedin.com\/company\/ag\u00eanciainfra\/\",\"https:\/\/www.instagram.com\/agenciainfra\/\"]},{\"@type\":\"Person\",\"@id\":\"https:\/\/agenciainfra.com\/blog\/#\/schema\/person\/04dbb79bd6d8951f063da71f3e4c1eb1\",\"name\":\"Rodrigo Zuquim\",\"image\":{\"@type\":\"ImageObject\",\"inLanguage\":\"pt-BR\",\"@id\":\"https:\/\/agenciainfra.com\/blog\/#\/schema\/person\/image\/\",\"url\":\"https:\/\/secure.gravatar.com\/avatar\/594abfe82761d620726242ff34ca472a705a4b97f16c790053a6b4c4035274d0?s=96&d=mm&r=g\",\"contentUrl\":\"https:\/\/secure.gravatar.com\/avatar\/594abfe82761d620726242ff34ca472a705a4b97f16c790053a6b4c4035274d0?s=96&d=mm&r=g\",\"caption\":\"Rodrigo Zuquim\"},\"url\":\"https:\/\/agenciainfra.com\/blog\/author\/rodrigo-zuquim\/\"}]}<\/script>\n<!-- \/ Yoast SEO Premium plugin. -->","yoast_head_json":{"title":"Justi\u00e7a impede ANTT de punir concession\u00e1ria por falta de decis\u00e3o sobre pleito de reequil\u00edbrio - Ag\u00eancia iNFRA","robots":{"index":"index","follow":"follow","max-snippet":"max-snippet:-1","max-image-preview":"max-image-preview:large","max-video-preview":"max-video-preview:-1"},"canonical":"https:\/\/agenciainfra.com\/blog\/justica-impede-antt-de-punir-concessionaria-por-falta-de-decisao-sobre-pleito-de-reequilibrio\/","og_locale":"pt_BR","og_type":"article","og_title":"Justi\u00e7a impede ANTT de punir concession\u00e1ria por falta de decis\u00e3o sobre pleito de reequil\u00edbrio","og_description":"Dimmi Amora, da\u00a0Ag\u00eancia iNFRA A ju\u00edza da 3\u00aa Vara Federal do Distrito Federal K\u00e1tia Balbino de Carvalho Ferreira decidiu impedir a ANTT (Ag\u00eancia Nacional de Transportes Terrestres) de aplicar qualquer penalidade ou obriga\u00e7\u00e3o de novos investimentos \u00e0 concession\u00e1ria Via Bahia, que administra a BR-116. A decis\u00e3o, dispon\u00edvel\u00a0neste link, impede inclusive a declara\u00e7\u00e3o de caducidade da [&hellip;]","og_url":"https:\/\/agenciainfra.com\/blog\/justica-impede-antt-de-punir-concessionaria-por-falta-de-decisao-sobre-pleito-de-reequilibrio\/","og_site_name":"Ag\u00eancia iNFRA","article_publisher":"https:\/\/www.facebook.com\/ageninfra","article_published_time":"2019-08-29T11:00:52+00:00","og_image":[{"width":1280,"height":852,"url":"https:\/\/agenciainfra.com\/blog\/wp-content\/uploads\/2019\/08\/br-116-bahia-foto-edsom-leite-minfra.jpg","type":"image\/jpeg"}],"author":"Rodrigo Zuquim","twitter_card":"summary_large_image","twitter_creator":"@agencia_infra","twitter_site":"@agencia_infra","twitter_misc":{"Escrito por":"Rodrigo Zuquim","Est. tempo de leitura":"3 minutos"},"schema":{"@context":"https:\/\/schema.org","@graph":[{"@type":"Article","@id":"https:\/\/agenciainfra.com\/blog\/justica-impede-antt-de-punir-concessionaria-por-falta-de-decisao-sobre-pleito-de-reequilibrio\/#article","isPartOf":{"@id":"https:\/\/agenciainfra.com\/blog\/justica-impede-antt-de-punir-concessionaria-por-falta-de-decisao-sobre-pleito-de-reequilibrio\/"},"author":{"name":"Rodrigo Zuquim","@id":"https:\/\/agenciainfra.com\/blog\/#\/schema\/person\/04dbb79bd6d8951f063da71f3e4c1eb1"},"headline":"Justi\u00e7a impede ANTT de punir concession\u00e1ria por falta de decis\u00e3o sobre pleito de reequil\u00edbrio","datePublished":"2019-08-29T11:00:52+00:00","mainEntityOfPage":{"@id":"https:\/\/agenciainfra.com\/blog\/justica-impede-antt-de-punir-concessionaria-por-falta-de-decisao-sobre-pleito-de-reequilibrio\/"},"wordCount":656,"publisher":{"@id":"https:\/\/agenciainfra.com\/blog\/#organization"},"image":{"@id":"https:\/\/agenciainfra.com\/blog\/justica-impede-antt-de-punir-concessionaria-por-falta-de-decisao-sobre-pleito-de-reequilibrio\/#primaryimage"},"thumbnailUrl":"https:\/\/agenciainfra.com\/blog\/wp-content\/uploads\/2019\/08\/br-116-bahia-foto-edsom-leite-minfra.jpg","keywords":["ANTT","Concebra","K\u00e1tia Balbino de Carvalho Ferreira","MS Via","Rota 163","Souza Prudente","Via 040","Via Bahia"],"articleSection":["iNFRATransporte"],"inLanguage":"pt-BR","copyrightYear":"2019","copyrightHolder":{"@id":"https:\/\/agenciainfra.com\/blog\/#organization"}},{"@type":"WebPage","@id":"https:\/\/agenciainfra.com\/blog\/justica-impede-antt-de-punir-concessionaria-por-falta-de-decisao-sobre-pleito-de-reequilibrio\/","url":"https:\/\/agenciainfra.com\/blog\/justica-impede-antt-de-punir-concessionaria-por-falta-de-decisao-sobre-pleito-de-reequilibrio\/","name":"Justi\u00e7a impede ANTT de punir concession\u00e1ria por falta de decis\u00e3o sobre pleito de reequil\u00edbrio - Ag\u00eancia iNFRA","isPartOf":{"@id":"https:\/\/agenciainfra.com\/blog\/#website"},"primaryImageOfPage":{"@id":"https:\/\/agenciainfra.com\/blog\/justica-impede-antt-de-punir-concessionaria-por-falta-de-decisao-sobre-pleito-de-reequilibrio\/#primaryimage"},"image":{"@id":"https:\/\/agenciainfra.com\/blog\/justica-impede-antt-de-punir-concessionaria-por-falta-de-decisao-sobre-pleito-de-reequilibrio\/#primaryimage"},"thumbnailUrl":"https:\/\/agenciainfra.com\/blog\/wp-content\/uploads\/2019\/08\/br-116-bahia-foto-edsom-leite-minfra.jpg","datePublished":"2019-08-29T11:00:52+00:00","breadcrumb":{"@id":"https:\/\/agenciainfra.com\/blog\/justica-impede-antt-de-punir-concessionaria-por-falta-de-decisao-sobre-pleito-de-reequilibrio\/#breadcrumb"},"inLanguage":"pt-BR","potentialAction":[{"@type":"ReadAction","target":["https:\/\/agenciainfra.com\/blog\/justica-impede-antt-de-punir-concessionaria-por-falta-de-decisao-sobre-pleito-de-reequilibrio\/"]}]},{"@type":"ImageObject","inLanguage":"pt-BR","@id":"https:\/\/agenciainfra.com\/blog\/justica-impede-antt-de-punir-concessionaria-por-falta-de-decisao-sobre-pleito-de-reequilibrio\/#primaryimage","url":"https:\/\/agenciainfra.com\/blog\/wp-content\/uploads\/2019\/08\/br-116-bahia-foto-edsom-leite-minfra.jpg","contentUrl":"https:\/\/agenciainfra.com\/blog\/wp-content\/uploads\/2019\/08\/br-116-bahia-foto-edsom-leite-minfra.jpg","width":1280,"height":852,"caption":"Foto: Edsom Leite\/Minfra"},{"@type":"BreadcrumbList","@id":"https:\/\/agenciainfra.com\/blog\/justica-impede-antt-de-punir-concessionaria-por-falta-de-decisao-sobre-pleito-de-reequilibrio\/#breadcrumb","itemListElement":[{"@type":"ListItem","position":1,"name":"In\u00edcio","item":"https:\/\/agenciainfra.com\/blog\/"},{"@type":"ListItem","position":2,"name":"Justi\u00e7a impede ANTT de punir concession\u00e1ria por falta de decis\u00e3o sobre pleito de reequil\u00edbrio"}]},{"@type":"WebSite","@id":"https:\/\/agenciainfra.com\/blog\/#website","url":"https:\/\/agenciainfra.com\/blog\/","name":"Ag\u00eancia iNFRA","description":"Multiplataforma de informa\u00e7\u00e3o jornal\u00edstica refer\u00eancia na \u00e1rea de infraestrutura no Brasil!","publisher":{"@id":"https:\/\/agenciainfra.com\/blog\/#organization"},"potentialAction":[{"@type":"SearchAction","target":{"@type":"EntryPoint","urlTemplate":"https:\/\/agenciainfra.com\/blog\/?s={search_term_string}"},"query-input":{"@type":"PropertyValueSpecification","valueRequired":true,"valueName":"search_term_string"}}],"inLanguage":"pt-BR"},{"@type":"Organization","@id":"https:\/\/agenciainfra.com\/blog\/#organization","name":"Ag\u00eancia iNFRA","url":"https:\/\/agenciainfra.com\/blog\/","logo":{"@type":"ImageObject","inLanguage":"pt-BR","@id":"https:\/\/agenciainfra.com\/blog\/#\/schema\/logo\/image\/","url":"https:\/\/agenciainfra.com\/blog\/wp-content\/uploads\/2023\/09\/iNFRA_5-e1761735885940.png","contentUrl":"https:\/\/agenciainfra.com\/blog\/wp-content\/uploads\/2023\/09\/iNFRA_5-e1761735885940.png","width":1672,"height":454,"caption":"Ag\u00eancia iNFRA"},"image":{"@id":"https:\/\/agenciainfra.com\/blog\/#\/schema\/logo\/image\/"},"sameAs":["https:\/\/www.facebook.com\/ageninfra","https:\/\/x.com\/agencia_infra","https:\/\/www.linkedin.com\/company\/ag\u00eanciainfra\/","https:\/\/www.instagram.com\/agenciainfra\/"]},{"@type":"Person","@id":"https:\/\/agenciainfra.com\/blog\/#\/schema\/person\/04dbb79bd6d8951f063da71f3e4c1eb1","name":"Rodrigo Zuquim","image":{"@type":"ImageObject","inLanguage":"pt-BR","@id":"https:\/\/agenciainfra.com\/blog\/#\/schema\/person\/image\/","url":"https:\/\/secure.gravatar.com\/avatar\/594abfe82761d620726242ff34ca472a705a4b97f16c790053a6b4c4035274d0?s=96&d=mm&r=g","contentUrl":"https:\/\/secure.gravatar.com\/avatar\/594abfe82761d620726242ff34ca472a705a4b97f16c790053a6b4c4035274d0?s=96&d=mm&r=g","caption":"Rodrigo Zuquim"},"url":"https:\/\/agenciainfra.com\/blog\/author\/rodrigo-zuquim\/"}]}},"_links":{"self":[{"href":"https:\/\/agenciainfra.com\/blog\/wp-json\/wp\/v2\/posts\/3638","targetHints":{"allow":["GET"]}}],"collection":[{"href":"https:\/\/agenciainfra.com\/blog\/wp-json\/wp\/v2\/posts"}],"about":[{"href":"https:\/\/agenciainfra.com\/blog\/wp-json\/wp\/v2\/types\/post"}],"author":[{"embeddable":true,"href":"https:\/\/agenciainfra.com\/blog\/wp-json\/wp\/v2\/users\/9"}],"replies":[{"embeddable":true,"href":"https:\/\/agenciainfra.com\/blog\/wp-json\/wp\/v2\/comments?post=3638"}],"version-history":[{"count":0,"href":"https:\/\/agenciainfra.com\/blog\/wp-json\/wp\/v2\/posts\/3638\/revisions"}],"wp:featuredmedia":[{"embeddable":true,"href":"https:\/\/agenciainfra.com\/blog\/wp-json\/wp\/v2\/media\/3639"}],"wp:attachment":[{"href":"https:\/\/agenciainfra.com\/blog\/wp-json\/wp\/v2\/media?parent=3638"}],"wp:term":[{"taxonomy":"category","embeddable":true,"href":"https:\/\/agenciainfra.com\/blog\/wp-json\/wp\/v2\/categories?post=3638"},{"taxonomy":"post_tag","embeddable":true,"href":"https:\/\/agenciainfra.com\/blog\/wp-json\/wp\/v2\/tags?post=3638"}],"curies":[{"name":"wp","href":"https:\/\/api.w.org\/{rel}","templated":true}]}}