{"id":3672,"date":"2019-09-05T08:00:26","date_gmt":"2019-09-05T11:00:26","guid":{"rendered":"http:\/\/www.agenciainfra.com\/blog\/?p=3672"},"modified":"2019-09-03T15:01:30","modified_gmt":"2019-09-03T18:01:30","slug":"artesp-exigira-certificacao-de-projetos-em-concessoes-rodoviarias-de-sao-paulo","status":"publish","type":"post","link":"https:\/\/agenciainfra.com\/blog\/artesp-exigira-certificacao-de-projetos-em-concessoes-rodoviarias-de-sao-paulo\/","title":{"rendered":"Artesp exigir\u00e1 certifica\u00e7\u00e3o de projetos em concess\u00f5es rodovi\u00e1rias de S\u00e3o Paulo"},"content":{"rendered":"<div>\n<h5 style=\"text-align: right;\"><strong>Dimmi Amora, da\u00a0Ag\u00eancia iNFRA<\/strong><\/h5>\n<p>A Artesp (Ag\u00eancia de Transportes do Estado de S\u00e3o Paulo) vai prever instrumentos, em seus pr\u00f3ximos contratos de concess\u00e3o de rodovias, para agilizar a an\u00e1lise de projetos para a realiza\u00e7\u00e3o de investimentos das concession\u00e1rias, entre eles o BIM (Building Information Modeling) e a Certifica\u00e7\u00e3o de Projetos.<\/p>\n<p>No caso da certifica\u00e7\u00e3o, o diretor-presidente da ag\u00eancia, Giovanni Pengue Filho, afirmou que o contrato da Pipa, concess\u00e3o entre Panorama e Piracicaba, j\u00e1 vai conter o instrumento. Segundo ele, para evitar que as empresas n\u00e3o tenham op\u00e7\u00e3o de contratar empresas certificadoras no mercado, ainda pequeno no Brasil, elas poder\u00e3o at\u00e9 mesmo levar ao \u00f3rg\u00e3o uma lista.<\/p>\n<p>Pengue Filho explicou que a primeira op\u00e7\u00e3o ser\u00e1 usar empresas certificadoras j\u00e1 acreditadas pelo Inmetro, que em 2016 lan\u00e7ou um programa para certificar companhias para fazer esse tipo de an\u00e1lise no Brasil. Mas, segundo o diretor, o n\u00famero de empresas acreditadas ainda \u00e9 pequeno.<\/p>\n<p>Por isso, a Artesp mobiliza-se para tamb\u00e9m fazer a acredita\u00e7\u00e3o de empresas do setor e, com isso, dar mais op\u00e7\u00f5es para as concession\u00e1rias contratarem. Se ainda assim houver poucas companhias, as concession\u00e1rias v\u00e3o poder apresentar uma lista tr\u00edplice.<\/p>\n<p>&#8220;A ideia \u00e9 dar op\u00e7\u00f5es para as concession\u00e1rias e n\u00e3o criar restri\u00e7\u00f5es&#8221;, disse o diretor, lembrando que a ag\u00eancia trabalha para que as atuais concession\u00e1rias tamb\u00e9m entrem no novo modelo, mas ainda sem defini\u00e7\u00e3o, j\u00e1 que a exig\u00eancia n\u00e3o consta em seus contratos.<\/p>\n<p>Segundo Filho, com o BIM e a Certifica\u00e7\u00e3o, ele acredita que ser\u00e1 poss\u00edvel diminuir um gargalo nas concess\u00f5es rodovi\u00e1rias do estado que \u00e9 a an\u00e1lise dos projetos. Ele afirmou que, nos \u00faltimos anos, a qualidade do que \u00e9 enviado \u00e0 agencia vem caindo e os servidores precisam se debru\u00e7ar em muitas revis\u00f5es, o que acaba atrasando a execu\u00e7\u00e3o das obras.<\/p>\n<p>Al\u00e9m da Pipa, que \u00e9 o maior projeto de concess\u00e3o do pa\u00eds no momento, com investimentos estimados em R$ 14 bilh\u00f5es, o governo paulista j\u00e1 prepara para lan\u00e7ar consulta p\u00fablica de outra concess\u00e3o, a SP-055, que re\u00fane sete rodovias no litoral de S\u00e3o Paulo.<\/p>\n<p><strong>Cobran\u00e7a por quil\u00f4metro<\/strong><br \/>\nSegundo Gabriela Engler, secret\u00e1ria-executiva do Programa de Parcerias do governo paulista, os investimentos nessa concess\u00e3o s\u00e3o estimados em R$ 3,2 bilh\u00f5es. A inten\u00e7\u00e3o \u00e9 implantar nesse trecho mais uma inova\u00e7\u00e3o no Brasil, a cobran\u00e7a ponto a ponto.<\/p>\n<p>Engler explicou que a via passa por \u00e1reas densamente povoadas e, por isso, haver\u00e1 uma pista completamente segregada das marginais, que ter\u00e3o acesso livre. Quem entrar na via segregada vai pagar um pre\u00e7o proporcional \u00e0 dist\u00e2ncia percorrida.<\/p>\n<p>O dispositivo para a cobran\u00e7a seriam pra\u00e7as localizadas na pista que v\u00e3o poder cobrar pela dist\u00e2ncia usada. N\u00e3o haver\u00e1 ainda, portanto, a cobran\u00e7a por quil\u00f4metro medida no ve\u00edculo. Segundo ela, o modelo escolhido tenta evoluir em rela\u00e7\u00e3o \u00e0 forma de cobran\u00e7a atual, para que seja poss\u00edvel mais adiante implantar um sistema real de cobran\u00e7a por quilometragem.<\/p>\n<p><strong>Debate sobre concess\u00f5es federais<\/strong><br \/>\nPengue Filho e Engler participaram do XI Congresso da Abar (Associa\u00e7\u00e3o Brasileira das Ag\u00eancias de Regula\u00e7\u00e3o), em mesas que debateram seguran\u00e7a jur\u00eddica e inova\u00e7\u00e3o nas concess\u00f5es. Na mesma mesa de Pengue, a consultora jur\u00eddica do Minist\u00e9rio da Infraestrutura, Nat\u00e1lia Rezende Andrade, foi questionada sobre a portaria que regulamentou a devolu\u00e7\u00e3o de concess\u00f5es de infraestrutura.<\/p>\n<p>Andrade explicou que a inten\u00e7\u00e3o do governo foi primordialmente manter o funcionamento da concess\u00e3o at\u00e9 a relicita\u00e7\u00e3o. Por isso, segundo ela, todos os efeitos financeiros referentes a multas ou descontos tarif\u00e1rios ser\u00e3o postergados para descontos no fim do contrato, para evitar que a tarifa seja reduzida e a concession\u00e1ria atual n\u00e3o consiga manter-se.<\/p>\n<p>O advogado Maur\u00edcio Portugal Ribeiro, s\u00f3cio da Portugal Ribeiro Advogados Associados, lembrou que a ANTT (Ag\u00eancia Nacional de Transportes Terrestres) j\u00e1 est\u00e1 aplicando redutores nas tarifas das concess\u00f5es de rodovias, alegando descumprimentos, e que isso levar\u00e1 \u00e0 quebra delas, j\u00e1 que n\u00e3o possuem recursos para pagar financiamentos e manter as rodovias at\u00e9 l\u00e1.<\/p>\n<p>Ele afirmou que, os redutores s\u00f3 n\u00e3o est\u00e3o acontecendo devido a obten\u00e7\u00e3o de liminares judiciais impedindo a atua\u00e7\u00e3o da ANTT, mas que isso torna insegura a manuten\u00e7\u00e3o da atual concession\u00e1ria at\u00e9 a relicita\u00e7\u00e3o.<\/p>\n<p><strong>\u00d3rg\u00e3os de Controle<\/strong><br \/>\nPortugal Ribeiro tamb\u00e9m criticou a atua\u00e7\u00e3o dos \u00f3rg\u00e3os de controle, afirmando que ela\u00a0ainda \u00e9 muito subjetiva e chega a fazer controle de constitucionalidade de atos, algo que s\u00f3 poderia ser realizado pelo STF (Supremo Tribunal Federal).<\/p>\n<p>&#8220;Esse \u00e9 o maior desafio que temos na nossa gera\u00e7\u00e3o e n\u00e3o ser\u00e1 resolvido pela nossa gera\u00e7\u00e3o. A \u00fanica forma de resolver seria uma reforma constitucional. Quem \u00e9, entre nossos pol\u00edticos, que teria reputa\u00e7\u00e3o e disposi\u00e7\u00e3o para assinar uma emenda para colocar limite no TCU [Tribunal de Contas da Uni\u00e3o]?&#8221;, disse Portugal Ribeiro.<\/p>\n<p>A consultora jur\u00eddica do minist\u00e9rio, que foi engenheira de obras, afirmou que a administra\u00e7\u00e3o p\u00fablica em muitos casos faz o que \u00e9 poss\u00edvel dentro das possibilidades e se v\u00ea, em alguns casos, tendo que responder pelas decis\u00f5es mais de cinco anos depois.<\/p>\n<p>&#8220;Acho que todo advogado, controlador, at\u00e9 mesmo membro do Judici\u00e1rio, devia trabalhar pelo menos um ano como gestor p\u00fablico&#8221;, afirmou a consultora, ressaltando que a rela\u00e7\u00e3o vem melhorando especialmente com o TCU, que na maior parte dos casos j\u00e1 consegue fazer distin\u00e7\u00e3o entre contratos de concess\u00e3o e de obra p\u00fablica.<\/p>\n<\/div>\n","protected":false},"excerpt":{"rendered":"<p>Dimmi Amora, da\u00a0Ag\u00eancia iNFRA A Artesp (Ag\u00eancia de Transportes do Estado de S\u00e3o Paulo) vai prever instrumentos, em seus pr\u00f3ximos contratos de concess\u00e3o de rodovias, para agilizar a an\u00e1lise de projetos para a realiza\u00e7\u00e3o de investimentos das concession\u00e1rias, entre eles o BIM (Building Information Modeling) e a Certifica\u00e7\u00e3o de Projetos. No caso da certifica\u00e7\u00e3o, o [&hellip;]<\/p>\n","protected":false},"author":9,"featured_media":3673,"comment_status":"closed","ping_status":"closed","sticky":false,"template":"","format":"standard","meta":{"_monsterinsights_skip_tracking":false,"_monsterinsights_sitenote_active":false,"_monsterinsights_sitenote_note":"","_monsterinsights_sitenote_category":0,"footnotes":""},"categories":[7],"tags":[1202,1247,1250,1248,1251,1081,1249],"class_list":["post-3672","post","type-post","status-publish","format-standard","has-post-thumbnail","hentry","category-infratransporte","tag-abar","tag-artesp","tag-certificacao-de-projetos","tag-gabriela-engler","tag-giovanni-pengue-filho","tag-mauricio-portugal-ribeiro","tag-natalia-rezende-andrade"],"yoast_head":"<!-- This site is optimized with the Yoast SEO Premium plugin v25.4 (Yoast SEO v26.0) - https:\/\/yoast.com\/wordpress\/plugins\/seo\/ -->\n<title>Artesp exigir\u00e1 certifica\u00e7\u00e3o de projetos em concess\u00f5es rodovi\u00e1rias de S\u00e3o Paulo - Ag\u00eancia iNFRA<\/title>\n<meta name=\"robots\" content=\"index, follow, max-snippet:-1, max-image-preview:large, max-video-preview:-1\" \/>\n<link rel=\"canonical\" href=\"https:\/\/agenciainfra.com\/blog\/artesp-exigira-certificacao-de-projetos-em-concessoes-rodoviarias-de-sao-paulo\/\" \/>\n<meta property=\"og:locale\" content=\"pt_BR\" \/>\n<meta property=\"og:type\" content=\"article\" \/>\n<meta property=\"og:title\" content=\"Artesp exigir\u00e1 certifica\u00e7\u00e3o de projetos em concess\u00f5es rodovi\u00e1rias de S\u00e3o Paulo\" \/>\n<meta property=\"og:description\" content=\"Dimmi Amora, da\u00a0Ag\u00eancia iNFRA A Artesp (Ag\u00eancia de Transportes do Estado de S\u00e3o Paulo) vai prever instrumentos, em seus pr\u00f3ximos contratos de concess\u00e3o de rodovias, para agilizar a an\u00e1lise de projetos para a realiza\u00e7\u00e3o de investimentos das concession\u00e1rias, entre eles o BIM (Building Information Modeling) e a Certifica\u00e7\u00e3o de Projetos. No caso da certifica\u00e7\u00e3o, o [&hellip;]\" \/>\n<meta property=\"og:url\" content=\"https:\/\/agenciainfra.com\/blog\/artesp-exigira-certificacao-de-projetos-em-concessoes-rodoviarias-de-sao-paulo\/\" \/>\n<meta property=\"og:site_name\" content=\"Ag\u00eancia iNFRA\" \/>\n<meta property=\"article:publisher\" content=\"https:\/\/www.facebook.com\/ageninfra\" \/>\n<meta property=\"article:published_time\" content=\"2019-09-05T11:00:26+00:00\" \/>\n<meta property=\"og:image\" content=\"https:\/\/agenciainfra.com\/blog\/wp-content\/uploads\/2019\/09\/giovanni-pengue-filho-foto-carol-jacob-alesp.jpg\" \/>\n\t<meta property=\"og:image:width\" content=\"1280\" \/>\n\t<meta property=\"og:image:height\" content=\"853\" \/>\n\t<meta property=\"og:image:type\" content=\"image\/jpeg\" \/>\n<meta name=\"author\" content=\"Rodrigo Zuquim\" \/>\n<meta name=\"twitter:card\" content=\"summary_large_image\" \/>\n<meta name=\"twitter:creator\" content=\"@agencia_infra\" \/>\n<meta name=\"twitter:site\" content=\"@agencia_infra\" \/>\n<meta name=\"twitter:label1\" content=\"Escrito por\" \/>\n\t<meta name=\"twitter:data1\" content=\"Rodrigo Zuquim\" \/>\n\t<meta name=\"twitter:label2\" content=\"Est. tempo de leitura\" \/>\n\t<meta name=\"twitter:data2\" content=\"5 minutos\" \/>\n<script type=\"application\/ld+json\" class=\"yoast-schema-graph\">{\"@context\":\"https:\/\/schema.org\",\"@graph\":[{\"@type\":\"Article\",\"@id\":\"https:\/\/agenciainfra.com\/blog\/artesp-exigira-certificacao-de-projetos-em-concessoes-rodoviarias-de-sao-paulo\/#article\",\"isPartOf\":{\"@id\":\"https:\/\/agenciainfra.com\/blog\/artesp-exigira-certificacao-de-projetos-em-concessoes-rodoviarias-de-sao-paulo\/\"},\"author\":{\"name\":\"Rodrigo Zuquim\",\"@id\":\"https:\/\/agenciainfra.com\/blog\/#\/schema\/person\/04dbb79bd6d8951f063da71f3e4c1eb1\"},\"headline\":\"Artesp exigir\u00e1 certifica\u00e7\u00e3o de projetos em concess\u00f5es rodovi\u00e1rias de S\u00e3o Paulo\",\"datePublished\":\"2019-09-05T11:00:26+00:00\",\"mainEntityOfPage\":{\"@id\":\"https:\/\/agenciainfra.com\/blog\/artesp-exigira-certificacao-de-projetos-em-concessoes-rodoviarias-de-sao-paulo\/\"},\"wordCount\":982,\"publisher\":{\"@id\":\"https:\/\/agenciainfra.com\/blog\/#organization\"},\"image\":{\"@id\":\"https:\/\/agenciainfra.com\/blog\/artesp-exigira-certificacao-de-projetos-em-concessoes-rodoviarias-de-sao-paulo\/#primaryimage\"},\"thumbnailUrl\":\"https:\/\/agenciainfra.com\/blog\/wp-content\/uploads\/2019\/09\/giovanni-pengue-filho-foto-carol-jacob-alesp.jpg\",\"keywords\":[\"ABAR\",\"Artesp\",\"certifica\u00e7\u00e3o de projetos\",\"Gabriela Engler\",\"Giovanni Pengue Filho\",\"Mauricio Portugal Ribeiro\",\"Nat\u00e1lia Rezende Andrade\"],\"articleSection\":[\"iNFRATransporte\"],\"inLanguage\":\"pt-BR\",\"copyrightYear\":\"2019\",\"copyrightHolder\":{\"@id\":\"https:\/\/agenciainfra.com\/blog\/#organization\"}},{\"@type\":\"WebPage\",\"@id\":\"https:\/\/agenciainfra.com\/blog\/artesp-exigira-certificacao-de-projetos-em-concessoes-rodoviarias-de-sao-paulo\/\",\"url\":\"https:\/\/agenciainfra.com\/blog\/artesp-exigira-certificacao-de-projetos-em-concessoes-rodoviarias-de-sao-paulo\/\",\"name\":\"Artesp exigir\u00e1 certifica\u00e7\u00e3o de projetos em concess\u00f5es rodovi\u00e1rias de S\u00e3o Paulo - Ag\u00eancia iNFRA\",\"isPartOf\":{\"@id\":\"https:\/\/agenciainfra.com\/blog\/#website\"},\"primaryImageOfPage\":{\"@id\":\"https:\/\/agenciainfra.com\/blog\/artesp-exigira-certificacao-de-projetos-em-concessoes-rodoviarias-de-sao-paulo\/#primaryimage\"},\"image\":{\"@id\":\"https:\/\/agenciainfra.com\/blog\/artesp-exigira-certificacao-de-projetos-em-concessoes-rodoviarias-de-sao-paulo\/#primaryimage\"},\"thumbnailUrl\":\"https:\/\/agenciainfra.com\/blog\/wp-content\/uploads\/2019\/09\/giovanni-pengue-filho-foto-carol-jacob-alesp.jpg\",\"datePublished\":\"2019-09-05T11:00:26+00:00\",\"breadcrumb\":{\"@id\":\"https:\/\/agenciainfra.com\/blog\/artesp-exigira-certificacao-de-projetos-em-concessoes-rodoviarias-de-sao-paulo\/#breadcrumb\"},\"inLanguage\":\"pt-BR\",\"potentialAction\":[{\"@type\":\"ReadAction\",\"target\":[\"https:\/\/agenciainfra.com\/blog\/artesp-exigira-certificacao-de-projetos-em-concessoes-rodoviarias-de-sao-paulo\/\"]}]},{\"@type\":\"ImageObject\",\"inLanguage\":\"pt-BR\",\"@id\":\"https:\/\/agenciainfra.com\/blog\/artesp-exigira-certificacao-de-projetos-em-concessoes-rodoviarias-de-sao-paulo\/#primaryimage\",\"url\":\"https:\/\/agenciainfra.com\/blog\/wp-content\/uploads\/2019\/09\/giovanni-pengue-filho-foto-carol-jacob-alesp.jpg\",\"contentUrl\":\"https:\/\/agenciainfra.com\/blog\/wp-content\/uploads\/2019\/09\/giovanni-pengue-filho-foto-carol-jacob-alesp.jpg\",\"width\":1280,\"height\":853},{\"@type\":\"BreadcrumbList\",\"@id\":\"https:\/\/agenciainfra.com\/blog\/artesp-exigira-certificacao-de-projetos-em-concessoes-rodoviarias-de-sao-paulo\/#breadcrumb\",\"itemListElement\":[{\"@type\":\"ListItem\",\"position\":1,\"name\":\"In\u00edcio\",\"item\":\"https:\/\/agenciainfra.com\/blog\/\"},{\"@type\":\"ListItem\",\"position\":2,\"name\":\"Artesp exigir\u00e1 certifica\u00e7\u00e3o de projetos em concess\u00f5es rodovi\u00e1rias de S\u00e3o Paulo\"}]},{\"@type\":\"WebSite\",\"@id\":\"https:\/\/agenciainfra.com\/blog\/#website\",\"url\":\"https:\/\/agenciainfra.com\/blog\/\",\"name\":\"Ag\u00eancia iNFRA\",\"description\":\"Multiplataforma de informa\u00e7\u00e3o jornal\u00edstica refer\u00eancia na \u00e1rea de infraestrutura no Brasil!\",\"publisher\":{\"@id\":\"https:\/\/agenciainfra.com\/blog\/#organization\"},\"potentialAction\":[{\"@type\":\"SearchAction\",\"target\":{\"@type\":\"EntryPoint\",\"urlTemplate\":\"https:\/\/agenciainfra.com\/blog\/?s={search_term_string}\"},\"query-input\":{\"@type\":\"PropertyValueSpecification\",\"valueRequired\":true,\"valueName\":\"search_term_string\"}}],\"inLanguage\":\"pt-BR\"},{\"@type\":\"Organization\",\"@id\":\"https:\/\/agenciainfra.com\/blog\/#organization\",\"name\":\"Ag\u00eancia iNFRA\",\"url\":\"https:\/\/agenciainfra.com\/blog\/\",\"logo\":{\"@type\":\"ImageObject\",\"inLanguage\":\"pt-BR\",\"@id\":\"https:\/\/agenciainfra.com\/blog\/#\/schema\/logo\/image\/\",\"url\":\"https:\/\/agenciainfra.com\/blog\/wp-content\/uploads\/2023\/09\/iNFRA_5-e1761735885940.png\",\"contentUrl\":\"https:\/\/agenciainfra.com\/blog\/wp-content\/uploads\/2023\/09\/iNFRA_5-e1761735885940.png\",\"width\":1672,\"height\":454,\"caption\":\"Ag\u00eancia iNFRA\"},\"image\":{\"@id\":\"https:\/\/agenciainfra.com\/blog\/#\/schema\/logo\/image\/\"},\"sameAs\":[\"https:\/\/www.facebook.com\/ageninfra\",\"https:\/\/x.com\/agencia_infra\",\"https:\/\/www.linkedin.com\/company\/ag\u00eanciainfra\/\",\"https:\/\/www.instagram.com\/agenciainfra\/\"]},{\"@type\":\"Person\",\"@id\":\"https:\/\/agenciainfra.com\/blog\/#\/schema\/person\/04dbb79bd6d8951f063da71f3e4c1eb1\",\"name\":\"Rodrigo Zuquim\",\"image\":{\"@type\":\"ImageObject\",\"inLanguage\":\"pt-BR\",\"@id\":\"https:\/\/agenciainfra.com\/blog\/#\/schema\/person\/image\/\",\"url\":\"https:\/\/secure.gravatar.com\/avatar\/594abfe82761d620726242ff34ca472a705a4b97f16c790053a6b4c4035274d0?s=96&d=mm&r=g\",\"contentUrl\":\"https:\/\/secure.gravatar.com\/avatar\/594abfe82761d620726242ff34ca472a705a4b97f16c790053a6b4c4035274d0?s=96&d=mm&r=g\",\"caption\":\"Rodrigo Zuquim\"},\"url\":\"https:\/\/agenciainfra.com\/blog\/author\/rodrigo-zuquim\/\"}]}<\/script>\n<!-- \/ Yoast SEO Premium plugin. -->","yoast_head_json":{"title":"Artesp exigir\u00e1 certifica\u00e7\u00e3o de projetos em concess\u00f5es rodovi\u00e1rias de S\u00e3o Paulo - Ag\u00eancia iNFRA","robots":{"index":"index","follow":"follow","max-snippet":"max-snippet:-1","max-image-preview":"max-image-preview:large","max-video-preview":"max-video-preview:-1"},"canonical":"https:\/\/agenciainfra.com\/blog\/artesp-exigira-certificacao-de-projetos-em-concessoes-rodoviarias-de-sao-paulo\/","og_locale":"pt_BR","og_type":"article","og_title":"Artesp exigir\u00e1 certifica\u00e7\u00e3o de projetos em concess\u00f5es rodovi\u00e1rias de S\u00e3o Paulo","og_description":"Dimmi Amora, da\u00a0Ag\u00eancia iNFRA A Artesp (Ag\u00eancia de Transportes do Estado de S\u00e3o Paulo) vai prever instrumentos, em seus pr\u00f3ximos contratos de concess\u00e3o de rodovias, para agilizar a an\u00e1lise de projetos para a realiza\u00e7\u00e3o de investimentos das concession\u00e1rias, entre eles o BIM (Building Information Modeling) e a Certifica\u00e7\u00e3o de Projetos. No caso da certifica\u00e7\u00e3o, o [&hellip;]","og_url":"https:\/\/agenciainfra.com\/blog\/artesp-exigira-certificacao-de-projetos-em-concessoes-rodoviarias-de-sao-paulo\/","og_site_name":"Ag\u00eancia iNFRA","article_publisher":"https:\/\/www.facebook.com\/ageninfra","article_published_time":"2019-09-05T11:00:26+00:00","og_image":[{"width":1280,"height":853,"url":"https:\/\/agenciainfra.com\/blog\/wp-content\/uploads\/2019\/09\/giovanni-pengue-filho-foto-carol-jacob-alesp.jpg","type":"image\/jpeg"}],"author":"Rodrigo Zuquim","twitter_card":"summary_large_image","twitter_creator":"@agencia_infra","twitter_site":"@agencia_infra","twitter_misc":{"Escrito por":"Rodrigo Zuquim","Est. tempo de leitura":"5 minutos"},"schema":{"@context":"https:\/\/schema.org","@graph":[{"@type":"Article","@id":"https:\/\/agenciainfra.com\/blog\/artesp-exigira-certificacao-de-projetos-em-concessoes-rodoviarias-de-sao-paulo\/#article","isPartOf":{"@id":"https:\/\/agenciainfra.com\/blog\/artesp-exigira-certificacao-de-projetos-em-concessoes-rodoviarias-de-sao-paulo\/"},"author":{"name":"Rodrigo Zuquim","@id":"https:\/\/agenciainfra.com\/blog\/#\/schema\/person\/04dbb79bd6d8951f063da71f3e4c1eb1"},"headline":"Artesp exigir\u00e1 certifica\u00e7\u00e3o de projetos em concess\u00f5es rodovi\u00e1rias de S\u00e3o Paulo","datePublished":"2019-09-05T11:00:26+00:00","mainEntityOfPage":{"@id":"https:\/\/agenciainfra.com\/blog\/artesp-exigira-certificacao-de-projetos-em-concessoes-rodoviarias-de-sao-paulo\/"},"wordCount":982,"publisher":{"@id":"https:\/\/agenciainfra.com\/blog\/#organization"},"image":{"@id":"https:\/\/agenciainfra.com\/blog\/artesp-exigira-certificacao-de-projetos-em-concessoes-rodoviarias-de-sao-paulo\/#primaryimage"},"thumbnailUrl":"https:\/\/agenciainfra.com\/blog\/wp-content\/uploads\/2019\/09\/giovanni-pengue-filho-foto-carol-jacob-alesp.jpg","keywords":["ABAR","Artesp","certifica\u00e7\u00e3o de projetos","Gabriela Engler","Giovanni Pengue Filho","Mauricio Portugal Ribeiro","Nat\u00e1lia Rezende Andrade"],"articleSection":["iNFRATransporte"],"inLanguage":"pt-BR","copyrightYear":"2019","copyrightHolder":{"@id":"https:\/\/agenciainfra.com\/blog\/#organization"}},{"@type":"WebPage","@id":"https:\/\/agenciainfra.com\/blog\/artesp-exigira-certificacao-de-projetos-em-concessoes-rodoviarias-de-sao-paulo\/","url":"https:\/\/agenciainfra.com\/blog\/artesp-exigira-certificacao-de-projetos-em-concessoes-rodoviarias-de-sao-paulo\/","name":"Artesp exigir\u00e1 certifica\u00e7\u00e3o de projetos em concess\u00f5es rodovi\u00e1rias de S\u00e3o Paulo - Ag\u00eancia iNFRA","isPartOf":{"@id":"https:\/\/agenciainfra.com\/blog\/#website"},"primaryImageOfPage":{"@id":"https:\/\/agenciainfra.com\/blog\/artesp-exigira-certificacao-de-projetos-em-concessoes-rodoviarias-de-sao-paulo\/#primaryimage"},"image":{"@id":"https:\/\/agenciainfra.com\/blog\/artesp-exigira-certificacao-de-projetos-em-concessoes-rodoviarias-de-sao-paulo\/#primaryimage"},"thumbnailUrl":"https:\/\/agenciainfra.com\/blog\/wp-content\/uploads\/2019\/09\/giovanni-pengue-filho-foto-carol-jacob-alesp.jpg","datePublished":"2019-09-05T11:00:26+00:00","breadcrumb":{"@id":"https:\/\/agenciainfra.com\/blog\/artesp-exigira-certificacao-de-projetos-em-concessoes-rodoviarias-de-sao-paulo\/#breadcrumb"},"inLanguage":"pt-BR","potentialAction":[{"@type":"ReadAction","target":["https:\/\/agenciainfra.com\/blog\/artesp-exigira-certificacao-de-projetos-em-concessoes-rodoviarias-de-sao-paulo\/"]}]},{"@type":"ImageObject","inLanguage":"pt-BR","@id":"https:\/\/agenciainfra.com\/blog\/artesp-exigira-certificacao-de-projetos-em-concessoes-rodoviarias-de-sao-paulo\/#primaryimage","url":"https:\/\/agenciainfra.com\/blog\/wp-content\/uploads\/2019\/09\/giovanni-pengue-filho-foto-carol-jacob-alesp.jpg","contentUrl":"https:\/\/agenciainfra.com\/blog\/wp-content\/uploads\/2019\/09\/giovanni-pengue-filho-foto-carol-jacob-alesp.jpg","width":1280,"height":853},{"@type":"BreadcrumbList","@id":"https:\/\/agenciainfra.com\/blog\/artesp-exigira-certificacao-de-projetos-em-concessoes-rodoviarias-de-sao-paulo\/#breadcrumb","itemListElement":[{"@type":"ListItem","position":1,"name":"In\u00edcio","item":"https:\/\/agenciainfra.com\/blog\/"},{"@type":"ListItem","position":2,"name":"Artesp exigir\u00e1 certifica\u00e7\u00e3o de projetos em concess\u00f5es rodovi\u00e1rias de S\u00e3o Paulo"}]},{"@type":"WebSite","@id":"https:\/\/agenciainfra.com\/blog\/#website","url":"https:\/\/agenciainfra.com\/blog\/","name":"Ag\u00eancia iNFRA","description":"Multiplataforma de informa\u00e7\u00e3o jornal\u00edstica refer\u00eancia na \u00e1rea de infraestrutura no Brasil!","publisher":{"@id":"https:\/\/agenciainfra.com\/blog\/#organization"},"potentialAction":[{"@type":"SearchAction","target":{"@type":"EntryPoint","urlTemplate":"https:\/\/agenciainfra.com\/blog\/?s={search_term_string}"},"query-input":{"@type":"PropertyValueSpecification","valueRequired":true,"valueName":"search_term_string"}}],"inLanguage":"pt-BR"},{"@type":"Organization","@id":"https:\/\/agenciainfra.com\/blog\/#organization","name":"Ag\u00eancia iNFRA","url":"https:\/\/agenciainfra.com\/blog\/","logo":{"@type":"ImageObject","inLanguage":"pt-BR","@id":"https:\/\/agenciainfra.com\/blog\/#\/schema\/logo\/image\/","url":"https:\/\/agenciainfra.com\/blog\/wp-content\/uploads\/2023\/09\/iNFRA_5-e1761735885940.png","contentUrl":"https:\/\/agenciainfra.com\/blog\/wp-content\/uploads\/2023\/09\/iNFRA_5-e1761735885940.png","width":1672,"height":454,"caption":"Ag\u00eancia iNFRA"},"image":{"@id":"https:\/\/agenciainfra.com\/blog\/#\/schema\/logo\/image\/"},"sameAs":["https:\/\/www.facebook.com\/ageninfra","https:\/\/x.com\/agencia_infra","https:\/\/www.linkedin.com\/company\/ag\u00eanciainfra\/","https:\/\/www.instagram.com\/agenciainfra\/"]},{"@type":"Person","@id":"https:\/\/agenciainfra.com\/blog\/#\/schema\/person\/04dbb79bd6d8951f063da71f3e4c1eb1","name":"Rodrigo Zuquim","image":{"@type":"ImageObject","inLanguage":"pt-BR","@id":"https:\/\/agenciainfra.com\/blog\/#\/schema\/person\/image\/","url":"https:\/\/secure.gravatar.com\/avatar\/594abfe82761d620726242ff34ca472a705a4b97f16c790053a6b4c4035274d0?s=96&d=mm&r=g","contentUrl":"https:\/\/secure.gravatar.com\/avatar\/594abfe82761d620726242ff34ca472a705a4b97f16c790053a6b4c4035274d0?s=96&d=mm&r=g","caption":"Rodrigo Zuquim"},"url":"https:\/\/agenciainfra.com\/blog\/author\/rodrigo-zuquim\/"}]}},"_links":{"self":[{"href":"https:\/\/agenciainfra.com\/blog\/wp-json\/wp\/v2\/posts\/3672","targetHints":{"allow":["GET"]}}],"collection":[{"href":"https:\/\/agenciainfra.com\/blog\/wp-json\/wp\/v2\/posts"}],"about":[{"href":"https:\/\/agenciainfra.com\/blog\/wp-json\/wp\/v2\/types\/post"}],"author":[{"embeddable":true,"href":"https:\/\/agenciainfra.com\/blog\/wp-json\/wp\/v2\/users\/9"}],"replies":[{"embeddable":true,"href":"https:\/\/agenciainfra.com\/blog\/wp-json\/wp\/v2\/comments?post=3672"}],"version-history":[{"count":0,"href":"https:\/\/agenciainfra.com\/blog\/wp-json\/wp\/v2\/posts\/3672\/revisions"}],"wp:featuredmedia":[{"embeddable":true,"href":"https:\/\/agenciainfra.com\/blog\/wp-json\/wp\/v2\/media\/3673"}],"wp:attachment":[{"href":"https:\/\/agenciainfra.com\/blog\/wp-json\/wp\/v2\/media?parent=3672"}],"wp:term":[{"taxonomy":"category","embeddable":true,"href":"https:\/\/agenciainfra.com\/blog\/wp-json\/wp\/v2\/categories?post=3672"},{"taxonomy":"post_tag","embeddable":true,"href":"https:\/\/agenciainfra.com\/blog\/wp-json\/wp\/v2\/tags?post=3672"}],"curies":[{"name":"wp","href":"https:\/\/api.w.org\/{rel}","templated":true}]}}