{"id":3707,"date":"2019-09-13T08:00:32","date_gmt":"2019-09-13T11:00:32","guid":{"rendered":"http:\/\/www.agenciainfra.com\/blog\/?p=3707"},"modified":"2019-09-12T15:40:44","modified_gmt":"2019-09-12T18:40:44","slug":"aneel-muda-leilao-a-6-transferindo-custo-de-deficit-de-eolicas-e-solares-de-consumidores-a-geradores","status":"publish","type":"post","link":"https:\/\/agenciainfra.com\/blog\/aneel-muda-leilao-a-6-transferindo-custo-de-deficit-de-eolicas-e-solares-de-consumidores-a-geradores\/","title":{"rendered":"ANEEL muda leil\u00e3o A-6, transferindo custo de d\u00e9ficit de e\u00f3licas e solares de consumidores a geradores"},"content":{"rendered":"<h5 style=\"text-align: right;\"><strong>Leila Coimbra,\u00a0da Ag\u00eancia iNFRA<\/strong><\/h5>\n<p>A diretoria da ANEEL (Ag\u00eancia Nacional de Energia El\u00e9trica) aprovou na \u00faltima ter\u00e7a-feira (10) uma modifica\u00e7\u00e3o importante na metodologia do principal leil\u00e3o de gera\u00e7\u00e3o de energia do setor, o A-6 (para projetos de maior porte, com entrega em seis anos).<\/p>\n<p>De acordo com as novas regras, as fontes de gera\u00e7\u00e3o e\u00f3lica e fotovoltaica passar\u00e3o a acompanhar a sazonalidade da carga declarada pelo comprador ao longo do ano \u2013 ou seja, m\u00eas a m\u00eas \u2013 como j\u00e1 ocorre com os projetos hidrel\u00e9tricos.<\/p>\n<p>Significa que essas fontes renov\u00e1veis passar\u00e3o a ter que assumir o chamado GSF \u2013 sigla em ingl\u00eas para risco hidrol\u00f3gico, porque at\u00e9 ent\u00e3o afetava apenas as hidrel\u00e9tricas. Quando n\u00e3o houver nem vento nem sol, os geradores ter\u00e3o que assumir esse custo de comprar no mercado de curto prazo, como j\u00e1 ocorre com as hidrel\u00e9tricas (um imbr\u00f3glio judicial de R$ 7,5 bilh\u00f5es).<\/p>\n<p>Para uma fonte do setor privado, a decis\u00e3o da ANEEL \u00e9 positiva, porque passa a mostrar o pre\u00e7o real de todas as fontes. Os pre\u00e7os da e\u00f3lica e solar eram artificialmente baixos, diz a fonte, porque quem assumia o risco em caso de falta de vento ou sol era o consumidor. Agora, o gerador ter\u00e1 que arcar com esse risco, afirma.<\/p>\n<p><strong>Diretoria dividida<\/strong><br \/>\nA vota\u00e7\u00e3o da nova metodologia do A-6 dividiu a diretoria da ag\u00eancia reguladora. A relatora do processo, Elisa Bastos, prop\u00f4s manter a regra antiga em seu parecer. Mas o relat\u00f3rio foi rejeitado pelos outros tr\u00eas diretores presentes \u00e0 reuni\u00e3o: Rodrigo Limp, Efrain Cruz e Sandoval Feitosa. O diretor-geral da ANEEL, Andr\u00e9 Pepitone, n\u00e3o votou neste processo porque j\u00e1 havia deixado a ag\u00eancia para outro compromisso no mesmo hor\u00e1rio.<\/p>\n<p><strong>E\u00f3licas mais caras<\/strong><br \/>\nA principal fonte impactada com a mudan\u00e7a foi a e\u00f3lica, que tem sido a grande vencedora dos \u00faltimos leil\u00f5es realizados. Segundo explica\u00e7\u00e3o da equipe t\u00e9cnica da Abee\u00f3lica (Associa\u00e7\u00e3o Brasileira de Energia E\u00f3lica), a mudan\u00e7a n\u00e3o beneficiar\u00e1 o consumidor, conforme prometido.<\/p>\n<p>Isso porque os investidores passar\u00e3o a precificar esse risco dos novos contratos e, portanto, o pre\u00e7o da energia e\u00f3lica \u2013 fonte mais barata atualmente \u2013 ter\u00e1 aumento.<\/p>\n<p>Segundo a associa\u00e7\u00e3o, o perfil de carga entregue todo m\u00eas \u00e9 algo que uma usina e\u00f3lica n\u00e3o tem como controlar, e isso n\u00e3o est\u00e1 dentro do perfil de an\u00e1lise de investidores. \u201cIsso vai aumentar a precifica\u00e7\u00e3o desse risco e isso talvez n\u00e3o se traduza em valores menores ao consumidor, mas talvez o contr\u00e1rio.\u201d<\/p>\n<p><strong>\u201cUm susto\u201d<\/strong><br \/>\nA presidente da Abee\u00f3lica, Elbia Gannoum, afirmou que ficou assustada com a decis\u00e3o da ANEEL. \u201cA primeira surpresa veio pela forma como a decis\u00e3o se deu. Na abertura da audi\u00eancia, os documentos n\u00e3o mostravam propostas de mudan\u00e7a no contrato, seja na modula\u00e7\u00e3o ou sazonaliza\u00e7\u00e3o. Pelo contr\u00e1rio, o voto apontava para a possibilidade de um outro processo p\u00fablico, apartado, exclusivamente para debater o contrato das usinas e\u00f3licas e solares\u201d, afirmou Elbia.<\/p>\n<p>A executiva tamb\u00e9m questionou o m\u00e9rito da decis\u00e3o \u201cque pegou os agentes de surpresa, sem qualquer discuss\u00e3o anterior que indicasse uma mudan\u00e7a num tema t\u00e3o importante\u201d.<\/p>\n<p>\u201cPor fim, al\u00e9m de surpreendente, foi uma decis\u00e3o desnecess\u00e1ria num momento em que o governo est\u00e1 discutindo a moderniza\u00e7\u00e3o do setor el\u00e9trico e propondo inclusive novas formas de contrata\u00e7\u00e3o (lastro e energia, por exemplo). N\u00e3o \u00e9 o momento de realizar mudan\u00e7as profundas na documenta\u00e7\u00e3o do leil\u00e3o, quando o setor est\u00e1 perfeitamente engajado em discutir mudan\u00e7as amplas no setor\u201d, completou Elbia.<\/p>\n<p><strong>Leil\u00e3o em 18 de outubro<\/strong><br \/>\nNo edital aprovado nesta ter\u00e7a, foi agendado o leil\u00e3o para o dia 18 de outubro, com in\u00edcio de suprimento em janeiro de 2025. \u00a0Haver\u00e1 a contrata\u00e7\u00e3o de energia por quantidade para empreendimentos de fontes h\u00eddrica, e\u00f3lica e solar fotovoltaica; e por disponibilidade para termel\u00e9tricas a biomassa, a carv\u00e3o mineral nacional e a g\u00e1s natural.<\/p>\n<p><strong>Pre\u00e7os<\/strong><br \/>\nOs pre\u00e7os iniciais do leil\u00e3o A-6 de 2019 ser\u00e3o de R$ 285,00\/MWh para empreendimentos hidrel\u00e9tricos, de R$ 189,00\/MWh para usinas e\u00f3licas, de R$ 209,00\/MWh para projetos solar fotovoltaicos, e de R$ 292,00\/MWh para a fonte termel\u00e9trica. O Custo Marginal de Refer\u00eancia do certame tamb\u00e9m ser\u00e1 de R$ 292,00\/MWh.<\/p>\n","protected":false},"excerpt":{"rendered":"<p>Leila Coimbra,\u00a0da Ag\u00eancia iNFRA A diretoria da ANEEL (Ag\u00eancia Nacional de Energia El\u00e9trica) aprovou na \u00faltima ter\u00e7a-feira (10) uma modifica\u00e7\u00e3o importante na metodologia do principal leil\u00e3o de gera\u00e7\u00e3o de energia do setor, o A-6 (para projetos de maior porte, com entrega em seis anos). De acordo com as novas regras, as fontes de gera\u00e7\u00e3o e\u00f3lica [&hellip;]<\/p>\n","protected":false},"author":9,"featured_media":3708,"comment_status":"closed","ping_status":"closed","sticky":false,"template":"","format":"standard","meta":{"_monsterinsights_skip_tracking":false,"_monsterinsights_sitenote_active":false,"_monsterinsights_sitenote_note":"","_monsterinsights_sitenote_category":0,"footnotes":""},"categories":[10],"tags":[725,53,1275,1276,1153],"class_list":["post-3707","post","type-post","status-publish","format-standard","has-post-thumbnail","hentry","category-infraenergia","tag-abeeolica","tag-aneel","tag-energia-eolica","tag-energia-fotovoltaica","tag-leilao-a-6"],"yoast_head":"<!-- This site is optimized with the Yoast SEO Premium plugin v25.4 (Yoast SEO v26.0) - https:\/\/yoast.com\/wordpress\/plugins\/seo\/ -->\n<title>ANEEL muda leil\u00e3o A-6, transferindo custo de d\u00e9ficit de e\u00f3licas e solares de consumidores a geradores - Ag\u00eancia iNFRA<\/title>\n<meta name=\"robots\" content=\"index, follow, max-snippet:-1, max-image-preview:large, max-video-preview:-1\" \/>\n<link rel=\"canonical\" href=\"https:\/\/agenciainfra.com\/blog\/aneel-muda-leilao-a-6-transferindo-custo-de-deficit-de-eolicas-e-solares-de-consumidores-a-geradores\/\" \/>\n<meta property=\"og:locale\" content=\"pt_BR\" \/>\n<meta property=\"og:type\" content=\"article\" \/>\n<meta property=\"og:title\" content=\"ANEEL muda leil\u00e3o A-6, transferindo custo de d\u00e9ficit de e\u00f3licas e solares de consumidores a geradores\" \/>\n<meta property=\"og:description\" content=\"Leila Coimbra,\u00a0da Ag\u00eancia iNFRA A diretoria da ANEEL (Ag\u00eancia Nacional de Energia El\u00e9trica) aprovou na \u00faltima ter\u00e7a-feira (10) uma modifica\u00e7\u00e3o importante na metodologia do principal leil\u00e3o de gera\u00e7\u00e3o de energia do setor, o A-6 (para projetos de maior porte, com entrega em seis anos). De acordo com as novas regras, as fontes de gera\u00e7\u00e3o e\u00f3lica [&hellip;]\" \/>\n<meta property=\"og:url\" content=\"https:\/\/agenciainfra.com\/blog\/aneel-muda-leilao-a-6-transferindo-custo-de-deficit-de-eolicas-e-solares-de-consumidores-a-geradores\/\" \/>\n<meta property=\"og:site_name\" content=\"Ag\u00eancia iNFRA\" \/>\n<meta property=\"article:publisher\" content=\"https:\/\/www.facebook.com\/ageninfra\" \/>\n<meta property=\"article:published_time\" content=\"2019-09-13T11:00:32+00:00\" \/>\n<meta property=\"og:image\" content=\"https:\/\/agenciainfra.com\/blog\/wp-content\/uploads\/2019\/09\/energia-eolica-solar-divulgacao-mme.jpeg\" \/>\n\t<meta property=\"og:image:width\" content=\"1280\" \/>\n\t<meta property=\"og:image:height\" content=\"960\" \/>\n\t<meta property=\"og:image:type\" content=\"image\/jpeg\" \/>\n<meta name=\"author\" content=\"Rodrigo Zuquim\" \/>\n<meta name=\"twitter:card\" content=\"summary_large_image\" \/>\n<meta name=\"twitter:creator\" content=\"@agencia_infra\" \/>\n<meta name=\"twitter:site\" content=\"@agencia_infra\" \/>\n<meta name=\"twitter:label1\" content=\"Escrito por\" \/>\n\t<meta name=\"twitter:data1\" content=\"Rodrigo Zuquim\" \/>\n\t<meta name=\"twitter:label2\" content=\"Est. tempo de leitura\" \/>\n\t<meta name=\"twitter:data2\" content=\"4 minutos\" \/>\n<script type=\"application\/ld+json\" class=\"yoast-schema-graph\">{\"@context\":\"https:\/\/schema.org\",\"@graph\":[{\"@type\":\"Article\",\"@id\":\"https:\/\/agenciainfra.com\/blog\/aneel-muda-leilao-a-6-transferindo-custo-de-deficit-de-eolicas-e-solares-de-consumidores-a-geradores\/#article\",\"isPartOf\":{\"@id\":\"https:\/\/agenciainfra.com\/blog\/aneel-muda-leilao-a-6-transferindo-custo-de-deficit-de-eolicas-e-solares-de-consumidores-a-geradores\/\"},\"author\":{\"name\":\"Rodrigo Zuquim\",\"@id\":\"https:\/\/agenciainfra.com\/blog\/#\/schema\/person\/04dbb79bd6d8951f063da71f3e4c1eb1\"},\"headline\":\"ANEEL muda leil\u00e3o A-6, transferindo custo de d\u00e9ficit de e\u00f3licas e solares de consumidores a geradores\",\"datePublished\":\"2019-09-13T11:00:32+00:00\",\"mainEntityOfPage\":{\"@id\":\"https:\/\/agenciainfra.com\/blog\/aneel-muda-leilao-a-6-transferindo-custo-de-deficit-de-eolicas-e-solares-de-consumidores-a-geradores\/\"},\"wordCount\":778,\"publisher\":{\"@id\":\"https:\/\/agenciainfra.com\/blog\/#organization\"},\"image\":{\"@id\":\"https:\/\/agenciainfra.com\/blog\/aneel-muda-leilao-a-6-transferindo-custo-de-deficit-de-eolicas-e-solares-de-consumidores-a-geradores\/#primaryimage\"},\"thumbnailUrl\":\"https:\/\/agenciainfra.com\/blog\/wp-content\/uploads\/2019\/09\/energia-eolica-solar-divulgacao-mme-e1751381964605.jpeg\",\"keywords\":[\"abeeolica\",\"ANEEL\",\"energia e\u00f3lica\",\"energia fotovoltaica\",\"leil\u00e3o A-6\"],\"articleSection\":[\"iNFRAEnergia\"],\"inLanguage\":\"pt-BR\",\"copyrightYear\":\"2019\",\"copyrightHolder\":{\"@id\":\"https:\/\/agenciainfra.com\/blog\/#organization\"}},{\"@type\":\"WebPage\",\"@id\":\"https:\/\/agenciainfra.com\/blog\/aneel-muda-leilao-a-6-transferindo-custo-de-deficit-de-eolicas-e-solares-de-consumidores-a-geradores\/\",\"url\":\"https:\/\/agenciainfra.com\/blog\/aneel-muda-leilao-a-6-transferindo-custo-de-deficit-de-eolicas-e-solares-de-consumidores-a-geradores\/\",\"name\":\"ANEEL muda leil\u00e3o A-6, transferindo custo de d\u00e9ficit de e\u00f3licas e solares de consumidores a geradores - Ag\u00eancia iNFRA\",\"isPartOf\":{\"@id\":\"https:\/\/agenciainfra.com\/blog\/#website\"},\"primaryImageOfPage\":{\"@id\":\"https:\/\/agenciainfra.com\/blog\/aneel-muda-leilao-a-6-transferindo-custo-de-deficit-de-eolicas-e-solares-de-consumidores-a-geradores\/#primaryimage\"},\"image\":{\"@id\":\"https:\/\/agenciainfra.com\/blog\/aneel-muda-leilao-a-6-transferindo-custo-de-deficit-de-eolicas-e-solares-de-consumidores-a-geradores\/#primaryimage\"},\"thumbnailUrl\":\"https:\/\/agenciainfra.com\/blog\/wp-content\/uploads\/2019\/09\/energia-eolica-solar-divulgacao-mme-e1751381964605.jpeg\",\"datePublished\":\"2019-09-13T11:00:32+00:00\",\"breadcrumb\":{\"@id\":\"https:\/\/agenciainfra.com\/blog\/aneel-muda-leilao-a-6-transferindo-custo-de-deficit-de-eolicas-e-solares-de-consumidores-a-geradores\/#breadcrumb\"},\"inLanguage\":\"pt-BR\",\"potentialAction\":[{\"@type\":\"ReadAction\",\"target\":[\"https:\/\/agenciainfra.com\/blog\/aneel-muda-leilao-a-6-transferindo-custo-de-deficit-de-eolicas-e-solares-de-consumidores-a-geradores\/\"]}]},{\"@type\":\"ImageObject\",\"inLanguage\":\"pt-BR\",\"@id\":\"https:\/\/agenciainfra.com\/blog\/aneel-muda-leilao-a-6-transferindo-custo-de-deficit-de-eolicas-e-solares-de-consumidores-a-geradores\/#primaryimage\",\"url\":\"https:\/\/agenciainfra.com\/blog\/wp-content\/uploads\/2019\/09\/energia-eolica-solar-divulgacao-mme-e1751381964605.jpeg\",\"contentUrl\":\"https:\/\/agenciainfra.com\/blog\/wp-content\/uploads\/2019\/09\/energia-eolica-solar-divulgacao-mme-e1751381964605.jpeg\",\"width\":1280,\"height\":787,\"caption\":\"Foto: MME\/Divulga\u00e7\u00e3o\"},{\"@type\":\"BreadcrumbList\",\"@id\":\"https:\/\/agenciainfra.com\/blog\/aneel-muda-leilao-a-6-transferindo-custo-de-deficit-de-eolicas-e-solares-de-consumidores-a-geradores\/#breadcrumb\",\"itemListElement\":[{\"@type\":\"ListItem\",\"position\":1,\"name\":\"In\u00edcio\",\"item\":\"https:\/\/agenciainfra.com\/blog\/\"},{\"@type\":\"ListItem\",\"position\":2,\"name\":\"ANEEL muda leil\u00e3o A-6, transferindo custo de d\u00e9ficit de e\u00f3licas e solares de consumidores a geradores\"}]},{\"@type\":\"WebSite\",\"@id\":\"https:\/\/agenciainfra.com\/blog\/#website\",\"url\":\"https:\/\/agenciainfra.com\/blog\/\",\"name\":\"Ag\u00eancia iNFRA\",\"description\":\"Multiplataforma de informa\u00e7\u00e3o jornal\u00edstica refer\u00eancia na \u00e1rea de infraestrutura no Brasil!\",\"publisher\":{\"@id\":\"https:\/\/agenciainfra.com\/blog\/#organization\"},\"potentialAction\":[{\"@type\":\"SearchAction\",\"target\":{\"@type\":\"EntryPoint\",\"urlTemplate\":\"https:\/\/agenciainfra.com\/blog\/?s={search_term_string}\"},\"query-input\":{\"@type\":\"PropertyValueSpecification\",\"valueRequired\":true,\"valueName\":\"search_term_string\"}}],\"inLanguage\":\"pt-BR\"},{\"@type\":\"Organization\",\"@id\":\"https:\/\/agenciainfra.com\/blog\/#organization\",\"name\":\"Ag\u00eancia iNFRA\",\"url\":\"https:\/\/agenciainfra.com\/blog\/\",\"logo\":{\"@type\":\"ImageObject\",\"inLanguage\":\"pt-BR\",\"@id\":\"https:\/\/agenciainfra.com\/blog\/#\/schema\/logo\/image\/\",\"url\":\"https:\/\/agenciainfra.com\/blog\/wp-content\/uploads\/2023\/09\/iNFRA_5-e1761735885940.png\",\"contentUrl\":\"https:\/\/agenciainfra.com\/blog\/wp-content\/uploads\/2023\/09\/iNFRA_5-e1761735885940.png\",\"width\":1672,\"height\":454,\"caption\":\"Ag\u00eancia iNFRA\"},\"image\":{\"@id\":\"https:\/\/agenciainfra.com\/blog\/#\/schema\/logo\/image\/\"},\"sameAs\":[\"https:\/\/www.facebook.com\/ageninfra\",\"https:\/\/x.com\/agencia_infra\",\"https:\/\/www.linkedin.com\/company\/ag\u00eanciainfra\/\",\"https:\/\/www.instagram.com\/agenciainfra\/\"]},{\"@type\":\"Person\",\"@id\":\"https:\/\/agenciainfra.com\/blog\/#\/schema\/person\/04dbb79bd6d8951f063da71f3e4c1eb1\",\"name\":\"Rodrigo Zuquim\",\"image\":{\"@type\":\"ImageObject\",\"inLanguage\":\"pt-BR\",\"@id\":\"https:\/\/agenciainfra.com\/blog\/#\/schema\/person\/image\/\",\"url\":\"https:\/\/secure.gravatar.com\/avatar\/594abfe82761d620726242ff34ca472a705a4b97f16c790053a6b4c4035274d0?s=96&d=mm&r=g\",\"contentUrl\":\"https:\/\/secure.gravatar.com\/avatar\/594abfe82761d620726242ff34ca472a705a4b97f16c790053a6b4c4035274d0?s=96&d=mm&r=g\",\"caption\":\"Rodrigo Zuquim\"},\"url\":\"https:\/\/agenciainfra.com\/blog\/author\/rodrigo-zuquim\/\"}]}<\/script>\n<!-- \/ Yoast SEO Premium plugin. -->","yoast_head_json":{"title":"ANEEL muda leil\u00e3o A-6, transferindo custo de d\u00e9ficit de e\u00f3licas e solares de consumidores a geradores - Ag\u00eancia iNFRA","robots":{"index":"index","follow":"follow","max-snippet":"max-snippet:-1","max-image-preview":"max-image-preview:large","max-video-preview":"max-video-preview:-1"},"canonical":"https:\/\/agenciainfra.com\/blog\/aneel-muda-leilao-a-6-transferindo-custo-de-deficit-de-eolicas-e-solares-de-consumidores-a-geradores\/","og_locale":"pt_BR","og_type":"article","og_title":"ANEEL muda leil\u00e3o A-6, transferindo custo de d\u00e9ficit de e\u00f3licas e solares de consumidores a geradores","og_description":"Leila Coimbra,\u00a0da Ag\u00eancia iNFRA A diretoria da ANEEL (Ag\u00eancia Nacional de Energia El\u00e9trica) aprovou na \u00faltima ter\u00e7a-feira (10) uma modifica\u00e7\u00e3o importante na metodologia do principal leil\u00e3o de gera\u00e7\u00e3o de energia do setor, o A-6 (para projetos de maior porte, com entrega em seis anos). De acordo com as novas regras, as fontes de gera\u00e7\u00e3o e\u00f3lica [&hellip;]","og_url":"https:\/\/agenciainfra.com\/blog\/aneel-muda-leilao-a-6-transferindo-custo-de-deficit-de-eolicas-e-solares-de-consumidores-a-geradores\/","og_site_name":"Ag\u00eancia iNFRA","article_publisher":"https:\/\/www.facebook.com\/ageninfra","article_published_time":"2019-09-13T11:00:32+00:00","og_image":[{"width":1280,"height":960,"url":"https:\/\/agenciainfra.com\/blog\/wp-content\/uploads\/2019\/09\/energia-eolica-solar-divulgacao-mme.jpeg","type":"image\/jpeg"}],"author":"Rodrigo Zuquim","twitter_card":"summary_large_image","twitter_creator":"@agencia_infra","twitter_site":"@agencia_infra","twitter_misc":{"Escrito por":"Rodrigo Zuquim","Est. tempo de leitura":"4 minutos"},"schema":{"@context":"https:\/\/schema.org","@graph":[{"@type":"Article","@id":"https:\/\/agenciainfra.com\/blog\/aneel-muda-leilao-a-6-transferindo-custo-de-deficit-de-eolicas-e-solares-de-consumidores-a-geradores\/#article","isPartOf":{"@id":"https:\/\/agenciainfra.com\/blog\/aneel-muda-leilao-a-6-transferindo-custo-de-deficit-de-eolicas-e-solares-de-consumidores-a-geradores\/"},"author":{"name":"Rodrigo Zuquim","@id":"https:\/\/agenciainfra.com\/blog\/#\/schema\/person\/04dbb79bd6d8951f063da71f3e4c1eb1"},"headline":"ANEEL muda leil\u00e3o A-6, transferindo custo de d\u00e9ficit de e\u00f3licas e solares de consumidores a geradores","datePublished":"2019-09-13T11:00:32+00:00","mainEntityOfPage":{"@id":"https:\/\/agenciainfra.com\/blog\/aneel-muda-leilao-a-6-transferindo-custo-de-deficit-de-eolicas-e-solares-de-consumidores-a-geradores\/"},"wordCount":778,"publisher":{"@id":"https:\/\/agenciainfra.com\/blog\/#organization"},"image":{"@id":"https:\/\/agenciainfra.com\/blog\/aneel-muda-leilao-a-6-transferindo-custo-de-deficit-de-eolicas-e-solares-de-consumidores-a-geradores\/#primaryimage"},"thumbnailUrl":"https:\/\/agenciainfra.com\/blog\/wp-content\/uploads\/2019\/09\/energia-eolica-solar-divulgacao-mme-e1751381964605.jpeg","keywords":["abeeolica","ANEEL","energia e\u00f3lica","energia fotovoltaica","leil\u00e3o A-6"],"articleSection":["iNFRAEnergia"],"inLanguage":"pt-BR","copyrightYear":"2019","copyrightHolder":{"@id":"https:\/\/agenciainfra.com\/blog\/#organization"}},{"@type":"WebPage","@id":"https:\/\/agenciainfra.com\/blog\/aneel-muda-leilao-a-6-transferindo-custo-de-deficit-de-eolicas-e-solares-de-consumidores-a-geradores\/","url":"https:\/\/agenciainfra.com\/blog\/aneel-muda-leilao-a-6-transferindo-custo-de-deficit-de-eolicas-e-solares-de-consumidores-a-geradores\/","name":"ANEEL muda leil\u00e3o A-6, transferindo custo de d\u00e9ficit de e\u00f3licas e solares de consumidores a geradores - Ag\u00eancia iNFRA","isPartOf":{"@id":"https:\/\/agenciainfra.com\/blog\/#website"},"primaryImageOfPage":{"@id":"https:\/\/agenciainfra.com\/blog\/aneel-muda-leilao-a-6-transferindo-custo-de-deficit-de-eolicas-e-solares-de-consumidores-a-geradores\/#primaryimage"},"image":{"@id":"https:\/\/agenciainfra.com\/blog\/aneel-muda-leilao-a-6-transferindo-custo-de-deficit-de-eolicas-e-solares-de-consumidores-a-geradores\/#primaryimage"},"thumbnailUrl":"https:\/\/agenciainfra.com\/blog\/wp-content\/uploads\/2019\/09\/energia-eolica-solar-divulgacao-mme-e1751381964605.jpeg","datePublished":"2019-09-13T11:00:32+00:00","breadcrumb":{"@id":"https:\/\/agenciainfra.com\/blog\/aneel-muda-leilao-a-6-transferindo-custo-de-deficit-de-eolicas-e-solares-de-consumidores-a-geradores\/#breadcrumb"},"inLanguage":"pt-BR","potentialAction":[{"@type":"ReadAction","target":["https:\/\/agenciainfra.com\/blog\/aneel-muda-leilao-a-6-transferindo-custo-de-deficit-de-eolicas-e-solares-de-consumidores-a-geradores\/"]}]},{"@type":"ImageObject","inLanguage":"pt-BR","@id":"https:\/\/agenciainfra.com\/blog\/aneel-muda-leilao-a-6-transferindo-custo-de-deficit-de-eolicas-e-solares-de-consumidores-a-geradores\/#primaryimage","url":"https:\/\/agenciainfra.com\/blog\/wp-content\/uploads\/2019\/09\/energia-eolica-solar-divulgacao-mme-e1751381964605.jpeg","contentUrl":"https:\/\/agenciainfra.com\/blog\/wp-content\/uploads\/2019\/09\/energia-eolica-solar-divulgacao-mme-e1751381964605.jpeg","width":1280,"height":787,"caption":"Foto: MME\/Divulga\u00e7\u00e3o"},{"@type":"BreadcrumbList","@id":"https:\/\/agenciainfra.com\/blog\/aneel-muda-leilao-a-6-transferindo-custo-de-deficit-de-eolicas-e-solares-de-consumidores-a-geradores\/#breadcrumb","itemListElement":[{"@type":"ListItem","position":1,"name":"In\u00edcio","item":"https:\/\/agenciainfra.com\/blog\/"},{"@type":"ListItem","position":2,"name":"ANEEL muda leil\u00e3o A-6, transferindo custo de d\u00e9ficit de e\u00f3licas e solares de consumidores a geradores"}]},{"@type":"WebSite","@id":"https:\/\/agenciainfra.com\/blog\/#website","url":"https:\/\/agenciainfra.com\/blog\/","name":"Ag\u00eancia iNFRA","description":"Multiplataforma de informa\u00e7\u00e3o jornal\u00edstica refer\u00eancia na \u00e1rea de infraestrutura no Brasil!","publisher":{"@id":"https:\/\/agenciainfra.com\/blog\/#organization"},"potentialAction":[{"@type":"SearchAction","target":{"@type":"EntryPoint","urlTemplate":"https:\/\/agenciainfra.com\/blog\/?s={search_term_string}"},"query-input":{"@type":"PropertyValueSpecification","valueRequired":true,"valueName":"search_term_string"}}],"inLanguage":"pt-BR"},{"@type":"Organization","@id":"https:\/\/agenciainfra.com\/blog\/#organization","name":"Ag\u00eancia iNFRA","url":"https:\/\/agenciainfra.com\/blog\/","logo":{"@type":"ImageObject","inLanguage":"pt-BR","@id":"https:\/\/agenciainfra.com\/blog\/#\/schema\/logo\/image\/","url":"https:\/\/agenciainfra.com\/blog\/wp-content\/uploads\/2023\/09\/iNFRA_5-e1761735885940.png","contentUrl":"https:\/\/agenciainfra.com\/blog\/wp-content\/uploads\/2023\/09\/iNFRA_5-e1761735885940.png","width":1672,"height":454,"caption":"Ag\u00eancia iNFRA"},"image":{"@id":"https:\/\/agenciainfra.com\/blog\/#\/schema\/logo\/image\/"},"sameAs":["https:\/\/www.facebook.com\/ageninfra","https:\/\/x.com\/agencia_infra","https:\/\/www.linkedin.com\/company\/ag\u00eanciainfra\/","https:\/\/www.instagram.com\/agenciainfra\/"]},{"@type":"Person","@id":"https:\/\/agenciainfra.com\/blog\/#\/schema\/person\/04dbb79bd6d8951f063da71f3e4c1eb1","name":"Rodrigo Zuquim","image":{"@type":"ImageObject","inLanguage":"pt-BR","@id":"https:\/\/agenciainfra.com\/blog\/#\/schema\/person\/image\/","url":"https:\/\/secure.gravatar.com\/avatar\/594abfe82761d620726242ff34ca472a705a4b97f16c790053a6b4c4035274d0?s=96&d=mm&r=g","contentUrl":"https:\/\/secure.gravatar.com\/avatar\/594abfe82761d620726242ff34ca472a705a4b97f16c790053a6b4c4035274d0?s=96&d=mm&r=g","caption":"Rodrigo Zuquim"},"url":"https:\/\/agenciainfra.com\/blog\/author\/rodrigo-zuquim\/"}]}},"_links":{"self":[{"href":"https:\/\/agenciainfra.com\/blog\/wp-json\/wp\/v2\/posts\/3707","targetHints":{"allow":["GET"]}}],"collection":[{"href":"https:\/\/agenciainfra.com\/blog\/wp-json\/wp\/v2\/posts"}],"about":[{"href":"https:\/\/agenciainfra.com\/blog\/wp-json\/wp\/v2\/types\/post"}],"author":[{"embeddable":true,"href":"https:\/\/agenciainfra.com\/blog\/wp-json\/wp\/v2\/users\/9"}],"replies":[{"embeddable":true,"href":"https:\/\/agenciainfra.com\/blog\/wp-json\/wp\/v2\/comments?post=3707"}],"version-history":[{"count":0,"href":"https:\/\/agenciainfra.com\/blog\/wp-json\/wp\/v2\/posts\/3707\/revisions"}],"wp:featuredmedia":[{"embeddable":true,"href":"https:\/\/agenciainfra.com\/blog\/wp-json\/wp\/v2\/media\/3708"}],"wp:attachment":[{"href":"https:\/\/agenciainfra.com\/blog\/wp-json\/wp\/v2\/media?parent=3707"}],"wp:term":[{"taxonomy":"category","embeddable":true,"href":"https:\/\/agenciainfra.com\/blog\/wp-json\/wp\/v2\/categories?post=3707"},{"taxonomy":"post_tag","embeddable":true,"href":"https:\/\/agenciainfra.com\/blog\/wp-json\/wp\/v2\/tags?post=3707"}],"curies":[{"name":"wp","href":"https:\/\/api.w.org\/{rel}","templated":true}]}}