{"id":37421,"date":"2026-03-05T15:51:56","date_gmt":"2026-03-05T18:51:56","guid":{"rendered":"https:\/\/agenciainfra.com\/blog\/?p=37421"},"modified":"2026-03-05T15:51:59","modified_gmt":"2026-03-05T18:51:59","slug":"aneel-revisa-taxa-de-remuneracao-do-capital-do-setor-eletrico","status":"publish","type":"post","link":"https:\/\/agenciainfra.com\/blog\/aneel-revisa-taxa-de-remuneracao-do-capital-do-setor-eletrico\/","title":{"rendered":"ANEEL revisa taxa de remunera\u00e7\u00e3o do capital do setor el\u00e9trico"},"content":{"rendered":"\n<p class=\"has-text-align-right\"><strong>da Ag\u00eancia iNFRA<\/strong><\/p>\n\n\n\n<p>A ANEEL (Ag\u00eancia Nacional de Energia El\u00e9trica) atualizou a Taxa Regulat\u00f3ria de Remunera\u00e7\u00e3o do Capital, o WACC regulat\u00f3rio, aplic\u00e1vel aos segmentos de distribui\u00e7\u00e3o, transmiss\u00e3o e gera\u00e7\u00e3o de energia el\u00e9trica. A nova taxa passou a valer para os processos de revis\u00e3o tarif\u00e1ria iniciados a partir de 1\u00ba de mar\u00e7o de 2026 e foi publicada na edi\u00e7\u00e3o desta ter\u00e7a-feira (4) do Di\u00e1rio Oficial da Uni\u00e3o.<\/p>\n\n\n\n<p>Segundo os novos valores, a taxa regulat\u00f3ria real ap\u00f3s impostos ficou em 8,10% para distribui\u00e7\u00e3o e 8% para transmiss\u00e3o e gera\u00e7\u00e3o. Antes dos impostos, os \u00edndices s\u00e3o de 12,28% e 12,11%, respectivamente. Em rela\u00e7\u00e3o ao ciclo anterior, houve aumento de 0,07 ponto percentual na distribui\u00e7\u00e3o e de 0,11 ponto percentual em transmiss\u00e3o e gera\u00e7\u00e3o.<\/p>\n\n\n\n<p>O WACC regulat\u00f3rio \u00e9 um dos principais par\u00e2metros econ\u00f4micos do setor el\u00e9trico, pois define a remunera\u00e7\u00e3o dos investimentos considerados prudentes nas tarifas. Na pr\u00e1tica, o indicador influencia o n\u00edvel tarif\u00e1rio pago pelos consumidores, o equil\u00edbrio econ\u00f4mico-financeiro das concess\u00f5es e os sinais de investimento para expans\u00e3o e moderniza\u00e7\u00e3o da infraestrutura el\u00e9trica.<\/p>\n\n\n\n<p>O c\u00e1lculo corresponde ao custo m\u00e9dio ponderado do capital utilizado pelas empresas reguladas e combina tr\u00eas fatores principais: o custo do capital pr\u00f3prio, que remunera os investimentos das empresas; o custo do capital de terceiros, referente aos empr\u00e9stimos obtidos no mercado financeiro; e a estrutura de capital regulat\u00f3ria, que estabelece a propor\u00e7\u00e3o entre recursos pr\u00f3prios e d\u00edvida.<\/p>\n\n\n\n<p>Para a defini\u00e7\u00e3o da taxa, a ANEEL considera par\u00e2metros como a taxa livre de risco acrescida do pr\u00eamio de risco de mercado, a rentabilidade m\u00e9dia dos financiamentos tomados pelas empresas e o n\u00edvel de endividamento considerado adequado pela regula\u00e7\u00e3o.<\/p>\n\n\n\n<p>Em alguns casos, companhias do setor tamb\u00e9m utilizam recursos de fundos setoriais, como a RGR (Reserva Global de Revers\u00e3o). Nesses casos, a ag\u00eancia aplica metodologia espec\u00edfica, que repassa o custo real do recurso acrescido de taxa de administra\u00e7\u00e3o.<\/p>\n\n\n\n<p><\/p>\n","protected":false},"excerpt":{"rendered":"<p>da Ag\u00eancia iNFRA A ANEEL (Ag\u00eancia Nacional de Energia El\u00e9trica) atualizou a Taxa Regulat\u00f3ria de Remunera\u00e7\u00e3o do Capital, o WACC regulat\u00f3rio, aplic\u00e1vel aos segmentos de distribui\u00e7\u00e3o, transmiss\u00e3o e gera\u00e7\u00e3o de energia el\u00e9trica. A nova taxa passou a valer para os processos de revis\u00e3o tarif\u00e1ria iniciados a partir de 1\u00ba de mar\u00e7o de 2026 e foi [&hellip;]<\/p>\n","protected":false},"author":1,"featured_media":27264,"comment_status":"closed","ping_status":"closed","sticky":false,"template":"","format":"standard","meta":{"_monsterinsights_skip_tracking":false,"_monsterinsights_sitenote_active":false,"_monsterinsights_sitenote_note":"","_monsterinsights_sitenote_category":0,"footnotes":""},"categories":[13576],"tags":[53,282,18784,18785,5775],"class_list":["post-37421","post","type-post","status-publish","format-standard","has-post-thumbnail","hentry","category-giro-infra","tag-aneel","tag-energia-eletrica","tag-taxa-de-remuneracao-do-capital","tag-transmissao-e-geracao","tag-wacc-regulatorio"],"yoast_head":"<!-- This site is optimized with the Yoast SEO Premium plugin v25.4 (Yoast SEO v26.0) - https:\/\/yoast.com\/wordpress\/plugins\/seo\/ -->\n<title>ANEEL revisa taxa de remunera\u00e7\u00e3o do capital do setor el\u00e9trico - Ag\u00eancia iNFRA<\/title>\n<meta name=\"robots\" content=\"index, follow, max-snippet:-1, max-image-preview:large, max-video-preview:-1\" \/>\n<link rel=\"canonical\" href=\"https:\/\/agenciainfra.com\/blog\/aneel-revisa-taxa-de-remuneracao-do-capital-do-setor-eletrico\/\" \/>\n<meta property=\"og:locale\" content=\"pt_BR\" \/>\n<meta property=\"og:type\" content=\"article\" \/>\n<meta property=\"og:title\" content=\"ANEEL revisa taxa de remunera\u00e7\u00e3o do capital do setor el\u00e9trico\" \/>\n<meta property=\"og:description\" content=\"da Ag\u00eancia iNFRA A ANEEL (Ag\u00eancia Nacional de Energia El\u00e9trica) atualizou a Taxa Regulat\u00f3ria de Remunera\u00e7\u00e3o do Capital, o WACC regulat\u00f3rio, aplic\u00e1vel aos segmentos de distribui\u00e7\u00e3o, transmiss\u00e3o e gera\u00e7\u00e3o de energia el\u00e9trica. A nova taxa passou a valer para os processos de revis\u00e3o tarif\u00e1ria iniciados a partir de 1\u00ba de mar\u00e7o de 2026 e foi [&hellip;]\" \/>\n<meta property=\"og:url\" content=\"https:\/\/agenciainfra.com\/blog\/aneel-revisa-taxa-de-remuneracao-do-capital-do-setor-eletrico\/\" \/>\n<meta property=\"og:site_name\" content=\"Ag\u00eancia iNFRA\" \/>\n<meta property=\"article:publisher\" content=\"https:\/\/www.facebook.com\/ageninfra\" \/>\n<meta property=\"article:published_time\" content=\"2026-03-05T18:51:56+00:00\" \/>\n<meta property=\"article:modified_time\" content=\"2026-03-05T18:51:59+00:00\" \/>\n<meta property=\"og:image\" content=\"https:\/\/agenciainfra.com\/blog\/wp-content\/uploads\/2025\/09\/distribuicao-energia-foto-marcello-casal-jr-agencia-brasil.png\" \/>\n\t<meta property=\"og:image:width\" content=\"1280\" \/>\n\t<meta property=\"og:image:height\" content=\"765\" \/>\n\t<meta property=\"og:image:type\" content=\"image\/png\" \/>\n<meta name=\"author\" content=\"Ag\u00eancia iNFRA\" \/>\n<meta name=\"twitter:card\" content=\"summary_large_image\" \/>\n<meta name=\"twitter:creator\" content=\"@agencia_infra\" \/>\n<meta name=\"twitter:site\" content=\"@agencia_infra\" \/>\n<meta name=\"twitter:label1\" content=\"Escrito por\" \/>\n\t<meta name=\"twitter:data1\" content=\"Ag\u00eancia iNFRA\" \/>\n\t<meta name=\"twitter:label2\" content=\"Est. tempo de leitura\" \/>\n\t<meta name=\"twitter:data2\" content=\"2 minutos\" \/>\n<script type=\"application\/ld+json\" class=\"yoast-schema-graph\">{\"@context\":\"https:\/\/schema.org\",\"@graph\":[{\"@type\":\"Article\",\"@id\":\"https:\/\/agenciainfra.com\/blog\/aneel-revisa-taxa-de-remuneracao-do-capital-do-setor-eletrico\/#article\",\"isPartOf\":{\"@id\":\"https:\/\/agenciainfra.com\/blog\/aneel-revisa-taxa-de-remuneracao-do-capital-do-setor-eletrico\/\"},\"author\":{\"name\":\"Ag\u00eancia iNFRA\",\"@id\":\"https:\/\/agenciainfra.com\/blog\/#\/schema\/person\/34af08dff6adea4cb22b06612ba7acfa\"},\"headline\":\"ANEEL revisa taxa de remunera\u00e7\u00e3o do capital do setor el\u00e9trico\",\"datePublished\":\"2026-03-05T18:51:56+00:00\",\"dateModified\":\"2026-03-05T18:51:59+00:00\",\"mainEntityOfPage\":{\"@id\":\"https:\/\/agenciainfra.com\/blog\/aneel-revisa-taxa-de-remuneracao-do-capital-do-setor-eletrico\/\"},\"wordCount\":368,\"publisher\":{\"@id\":\"https:\/\/agenciainfra.com\/blog\/#organization\"},\"image\":{\"@id\":\"https:\/\/agenciainfra.com\/blog\/aneel-revisa-taxa-de-remuneracao-do-capital-do-setor-eletrico\/#primaryimage\"},\"thumbnailUrl\":\"https:\/\/agenciainfra.com\/blog\/wp-content\/uploads\/2025\/09\/distribuicao-energia-foto-marcello-casal-jr-agencia-brasil.png\",\"keywords\":[\"ANEEL\",\"energia el\u00e9trica\",\"taxa de remunera\u00e7\u00e3o do capital\",\"transmiss\u00e3o e gera\u00e7\u00e3o\",\"WACC Regulat\u00f3rio\"],\"articleSection\":[\"Giro iNFRA\"],\"inLanguage\":\"pt-BR\",\"copyrightYear\":\"2026\",\"copyrightHolder\":{\"@id\":\"https:\/\/agenciainfra.com\/blog\/#organization\"}},{\"@type\":\"WebPage\",\"@id\":\"https:\/\/agenciainfra.com\/blog\/aneel-revisa-taxa-de-remuneracao-do-capital-do-setor-eletrico\/\",\"url\":\"https:\/\/agenciainfra.com\/blog\/aneel-revisa-taxa-de-remuneracao-do-capital-do-setor-eletrico\/\",\"name\":\"ANEEL revisa taxa de remunera\u00e7\u00e3o do capital do setor el\u00e9trico - Ag\u00eancia iNFRA\",\"isPartOf\":{\"@id\":\"https:\/\/agenciainfra.com\/blog\/#website\"},\"primaryImageOfPage\":{\"@id\":\"https:\/\/agenciainfra.com\/blog\/aneel-revisa-taxa-de-remuneracao-do-capital-do-setor-eletrico\/#primaryimage\"},\"image\":{\"@id\":\"https:\/\/agenciainfra.com\/blog\/aneel-revisa-taxa-de-remuneracao-do-capital-do-setor-eletrico\/#primaryimage\"},\"thumbnailUrl\":\"https:\/\/agenciainfra.com\/blog\/wp-content\/uploads\/2025\/09\/distribuicao-energia-foto-marcello-casal-jr-agencia-brasil.png\",\"datePublished\":\"2026-03-05T18:51:56+00:00\",\"dateModified\":\"2026-03-05T18:51:59+00:00\",\"breadcrumb\":{\"@id\":\"https:\/\/agenciainfra.com\/blog\/aneel-revisa-taxa-de-remuneracao-do-capital-do-setor-eletrico\/#breadcrumb\"},\"inLanguage\":\"pt-BR\",\"potentialAction\":[{\"@type\":\"ReadAction\",\"target\":[\"https:\/\/agenciainfra.com\/blog\/aneel-revisa-taxa-de-remuneracao-do-capital-do-setor-eletrico\/\"]}]},{\"@type\":\"ImageObject\",\"inLanguage\":\"pt-BR\",\"@id\":\"https:\/\/agenciainfra.com\/blog\/aneel-revisa-taxa-de-remuneracao-do-capital-do-setor-eletrico\/#primaryimage\",\"url\":\"https:\/\/agenciainfra.com\/blog\/wp-content\/uploads\/2025\/09\/distribuicao-energia-foto-marcello-casal-jr-agencia-brasil.png\",\"contentUrl\":\"https:\/\/agenciainfra.com\/blog\/wp-content\/uploads\/2025\/09\/distribuicao-energia-foto-marcello-casal-jr-agencia-brasil.png\",\"width\":1280,\"height\":765,\"caption\":\"Foto: Marcello Casal Jr.\/Ag\u00eancia Brasil\"},{\"@type\":\"BreadcrumbList\",\"@id\":\"https:\/\/agenciainfra.com\/blog\/aneel-revisa-taxa-de-remuneracao-do-capital-do-setor-eletrico\/#breadcrumb\",\"itemListElement\":[{\"@type\":\"ListItem\",\"position\":1,\"name\":\"In\u00edcio\",\"item\":\"https:\/\/agenciainfra.com\/blog\/\"},{\"@type\":\"ListItem\",\"position\":2,\"name\":\"ANEEL revisa taxa de remunera\u00e7\u00e3o do capital do setor el\u00e9trico\"}]},{\"@type\":\"WebSite\",\"@id\":\"https:\/\/agenciainfra.com\/blog\/#website\",\"url\":\"https:\/\/agenciainfra.com\/blog\/\",\"name\":\"Ag\u00eancia iNFRA\",\"description\":\"Multiplataforma de informa\u00e7\u00e3o jornal\u00edstica refer\u00eancia na \u00e1rea de infraestrutura no Brasil!\",\"publisher\":{\"@id\":\"https:\/\/agenciainfra.com\/blog\/#organization\"},\"potentialAction\":[{\"@type\":\"SearchAction\",\"target\":{\"@type\":\"EntryPoint\",\"urlTemplate\":\"https:\/\/agenciainfra.com\/blog\/?s={search_term_string}\"},\"query-input\":{\"@type\":\"PropertyValueSpecification\",\"valueRequired\":true,\"valueName\":\"search_term_string\"}}],\"inLanguage\":\"pt-BR\"},{\"@type\":\"Organization\",\"@id\":\"https:\/\/agenciainfra.com\/blog\/#organization\",\"name\":\"Ag\u00eancia iNFRA\",\"url\":\"https:\/\/agenciainfra.com\/blog\/\",\"logo\":{\"@type\":\"ImageObject\",\"inLanguage\":\"pt-BR\",\"@id\":\"https:\/\/agenciainfra.com\/blog\/#\/schema\/logo\/image\/\",\"url\":\"https:\/\/agenciainfra.com\/blog\/wp-content\/uploads\/2023\/09\/iNFRA_5-e1761735885940.png\",\"contentUrl\":\"https:\/\/agenciainfra.com\/blog\/wp-content\/uploads\/2023\/09\/iNFRA_5-e1761735885940.png\",\"width\":1672,\"height\":454,\"caption\":\"Ag\u00eancia iNFRA\"},\"image\":{\"@id\":\"https:\/\/agenciainfra.com\/blog\/#\/schema\/logo\/image\/\"},\"sameAs\":[\"https:\/\/www.facebook.com\/ageninfra\",\"https:\/\/x.com\/agencia_infra\",\"https:\/\/www.linkedin.com\/company\/ag\u00eanciainfra\/\",\"https:\/\/www.instagram.com\/agenciainfra\/\"]},{\"@type\":\"Person\",\"@id\":\"https:\/\/agenciainfra.com\/blog\/#\/schema\/person\/34af08dff6adea4cb22b06612ba7acfa\",\"name\":\"Ag\u00eancia iNFRA\",\"image\":{\"@type\":\"ImageObject\",\"inLanguage\":\"pt-BR\",\"@id\":\"https:\/\/agenciainfra.com\/blog\/#\/schema\/person\/image\/\",\"url\":\"https:\/\/secure.gravatar.com\/avatar\/d189e01678f06d8eb84d4e01f08eb848b3fffe3f8443818d3c356c66892f5be8?s=96&d=mm&r=g\",\"contentUrl\":\"https:\/\/secure.gravatar.com\/avatar\/d189e01678f06d8eb84d4e01f08eb848b3fffe3f8443818d3c356c66892f5be8?s=96&d=mm&r=g\",\"caption\":\"Ag\u00eancia iNFRA\"},\"url\":\"https:\/\/agenciainfra.com\/blog\/author\/admin\/\"}]}<\/script>\n<!-- \/ Yoast SEO Premium plugin. -->","yoast_head_json":{"title":"ANEEL revisa taxa de remunera\u00e7\u00e3o do capital do setor el\u00e9trico - Ag\u00eancia iNFRA","robots":{"index":"index","follow":"follow","max-snippet":"max-snippet:-1","max-image-preview":"max-image-preview:large","max-video-preview":"max-video-preview:-1"},"canonical":"https:\/\/agenciainfra.com\/blog\/aneel-revisa-taxa-de-remuneracao-do-capital-do-setor-eletrico\/","og_locale":"pt_BR","og_type":"article","og_title":"ANEEL revisa taxa de remunera\u00e7\u00e3o do capital do setor el\u00e9trico","og_description":"da Ag\u00eancia iNFRA A ANEEL (Ag\u00eancia Nacional de Energia El\u00e9trica) atualizou a Taxa Regulat\u00f3ria de Remunera\u00e7\u00e3o do Capital, o WACC regulat\u00f3rio, aplic\u00e1vel aos segmentos de distribui\u00e7\u00e3o, transmiss\u00e3o e gera\u00e7\u00e3o de energia el\u00e9trica. A nova taxa passou a valer para os processos de revis\u00e3o tarif\u00e1ria iniciados a partir de 1\u00ba de mar\u00e7o de 2026 e foi [&hellip;]","og_url":"https:\/\/agenciainfra.com\/blog\/aneel-revisa-taxa-de-remuneracao-do-capital-do-setor-eletrico\/","og_site_name":"Ag\u00eancia iNFRA","article_publisher":"https:\/\/www.facebook.com\/ageninfra","article_published_time":"2026-03-05T18:51:56+00:00","article_modified_time":"2026-03-05T18:51:59+00:00","og_image":[{"width":1280,"height":765,"url":"https:\/\/agenciainfra.com\/blog\/wp-content\/uploads\/2025\/09\/distribuicao-energia-foto-marcello-casal-jr-agencia-brasil.png","type":"image\/png"}],"author":"Ag\u00eancia iNFRA","twitter_card":"summary_large_image","twitter_creator":"@agencia_infra","twitter_site":"@agencia_infra","twitter_misc":{"Escrito por":"Ag\u00eancia iNFRA","Est. tempo de leitura":"2 minutos"},"schema":{"@context":"https:\/\/schema.org","@graph":[{"@type":"Article","@id":"https:\/\/agenciainfra.com\/blog\/aneel-revisa-taxa-de-remuneracao-do-capital-do-setor-eletrico\/#article","isPartOf":{"@id":"https:\/\/agenciainfra.com\/blog\/aneel-revisa-taxa-de-remuneracao-do-capital-do-setor-eletrico\/"},"author":{"name":"Ag\u00eancia iNFRA","@id":"https:\/\/agenciainfra.com\/blog\/#\/schema\/person\/34af08dff6adea4cb22b06612ba7acfa"},"headline":"ANEEL revisa taxa de remunera\u00e7\u00e3o do capital do setor el\u00e9trico","datePublished":"2026-03-05T18:51:56+00:00","dateModified":"2026-03-05T18:51:59+00:00","mainEntityOfPage":{"@id":"https:\/\/agenciainfra.com\/blog\/aneel-revisa-taxa-de-remuneracao-do-capital-do-setor-eletrico\/"},"wordCount":368,"publisher":{"@id":"https:\/\/agenciainfra.com\/blog\/#organization"},"image":{"@id":"https:\/\/agenciainfra.com\/blog\/aneel-revisa-taxa-de-remuneracao-do-capital-do-setor-eletrico\/#primaryimage"},"thumbnailUrl":"https:\/\/agenciainfra.com\/blog\/wp-content\/uploads\/2025\/09\/distribuicao-energia-foto-marcello-casal-jr-agencia-brasil.png","keywords":["ANEEL","energia el\u00e9trica","taxa de remunera\u00e7\u00e3o do capital","transmiss\u00e3o e gera\u00e7\u00e3o","WACC Regulat\u00f3rio"],"articleSection":["Giro iNFRA"],"inLanguage":"pt-BR","copyrightYear":"2026","copyrightHolder":{"@id":"https:\/\/agenciainfra.com\/blog\/#organization"}},{"@type":"WebPage","@id":"https:\/\/agenciainfra.com\/blog\/aneel-revisa-taxa-de-remuneracao-do-capital-do-setor-eletrico\/","url":"https:\/\/agenciainfra.com\/blog\/aneel-revisa-taxa-de-remuneracao-do-capital-do-setor-eletrico\/","name":"ANEEL revisa taxa de remunera\u00e7\u00e3o do capital do setor el\u00e9trico - Ag\u00eancia iNFRA","isPartOf":{"@id":"https:\/\/agenciainfra.com\/blog\/#website"},"primaryImageOfPage":{"@id":"https:\/\/agenciainfra.com\/blog\/aneel-revisa-taxa-de-remuneracao-do-capital-do-setor-eletrico\/#primaryimage"},"image":{"@id":"https:\/\/agenciainfra.com\/blog\/aneel-revisa-taxa-de-remuneracao-do-capital-do-setor-eletrico\/#primaryimage"},"thumbnailUrl":"https:\/\/agenciainfra.com\/blog\/wp-content\/uploads\/2025\/09\/distribuicao-energia-foto-marcello-casal-jr-agencia-brasil.png","datePublished":"2026-03-05T18:51:56+00:00","dateModified":"2026-03-05T18:51:59+00:00","breadcrumb":{"@id":"https:\/\/agenciainfra.com\/blog\/aneel-revisa-taxa-de-remuneracao-do-capital-do-setor-eletrico\/#breadcrumb"},"inLanguage":"pt-BR","potentialAction":[{"@type":"ReadAction","target":["https:\/\/agenciainfra.com\/blog\/aneel-revisa-taxa-de-remuneracao-do-capital-do-setor-eletrico\/"]}]},{"@type":"ImageObject","inLanguage":"pt-BR","@id":"https:\/\/agenciainfra.com\/blog\/aneel-revisa-taxa-de-remuneracao-do-capital-do-setor-eletrico\/#primaryimage","url":"https:\/\/agenciainfra.com\/blog\/wp-content\/uploads\/2025\/09\/distribuicao-energia-foto-marcello-casal-jr-agencia-brasil.png","contentUrl":"https:\/\/agenciainfra.com\/blog\/wp-content\/uploads\/2025\/09\/distribuicao-energia-foto-marcello-casal-jr-agencia-brasil.png","width":1280,"height":765,"caption":"Foto: Marcello Casal Jr.\/Ag\u00eancia Brasil"},{"@type":"BreadcrumbList","@id":"https:\/\/agenciainfra.com\/blog\/aneel-revisa-taxa-de-remuneracao-do-capital-do-setor-eletrico\/#breadcrumb","itemListElement":[{"@type":"ListItem","position":1,"name":"In\u00edcio","item":"https:\/\/agenciainfra.com\/blog\/"},{"@type":"ListItem","position":2,"name":"ANEEL revisa taxa de remunera\u00e7\u00e3o do capital do setor el\u00e9trico"}]},{"@type":"WebSite","@id":"https:\/\/agenciainfra.com\/blog\/#website","url":"https:\/\/agenciainfra.com\/blog\/","name":"Ag\u00eancia iNFRA","description":"Multiplataforma de informa\u00e7\u00e3o jornal\u00edstica refer\u00eancia na \u00e1rea de infraestrutura no Brasil!","publisher":{"@id":"https:\/\/agenciainfra.com\/blog\/#organization"},"potentialAction":[{"@type":"SearchAction","target":{"@type":"EntryPoint","urlTemplate":"https:\/\/agenciainfra.com\/blog\/?s={search_term_string}"},"query-input":{"@type":"PropertyValueSpecification","valueRequired":true,"valueName":"search_term_string"}}],"inLanguage":"pt-BR"},{"@type":"Organization","@id":"https:\/\/agenciainfra.com\/blog\/#organization","name":"Ag\u00eancia iNFRA","url":"https:\/\/agenciainfra.com\/blog\/","logo":{"@type":"ImageObject","inLanguage":"pt-BR","@id":"https:\/\/agenciainfra.com\/blog\/#\/schema\/logo\/image\/","url":"https:\/\/agenciainfra.com\/blog\/wp-content\/uploads\/2023\/09\/iNFRA_5-e1761735885940.png","contentUrl":"https:\/\/agenciainfra.com\/blog\/wp-content\/uploads\/2023\/09\/iNFRA_5-e1761735885940.png","width":1672,"height":454,"caption":"Ag\u00eancia iNFRA"},"image":{"@id":"https:\/\/agenciainfra.com\/blog\/#\/schema\/logo\/image\/"},"sameAs":["https:\/\/www.facebook.com\/ageninfra","https:\/\/x.com\/agencia_infra","https:\/\/www.linkedin.com\/company\/ag\u00eanciainfra\/","https:\/\/www.instagram.com\/agenciainfra\/"]},{"@type":"Person","@id":"https:\/\/agenciainfra.com\/blog\/#\/schema\/person\/34af08dff6adea4cb22b06612ba7acfa","name":"Ag\u00eancia iNFRA","image":{"@type":"ImageObject","inLanguage":"pt-BR","@id":"https:\/\/agenciainfra.com\/blog\/#\/schema\/person\/image\/","url":"https:\/\/secure.gravatar.com\/avatar\/d189e01678f06d8eb84d4e01f08eb848b3fffe3f8443818d3c356c66892f5be8?s=96&d=mm&r=g","contentUrl":"https:\/\/secure.gravatar.com\/avatar\/d189e01678f06d8eb84d4e01f08eb848b3fffe3f8443818d3c356c66892f5be8?s=96&d=mm&r=g","caption":"Ag\u00eancia iNFRA"},"url":"https:\/\/agenciainfra.com\/blog\/author\/admin\/"}]}},"_links":{"self":[{"href":"https:\/\/agenciainfra.com\/blog\/wp-json\/wp\/v2\/posts\/37421","targetHints":{"allow":["GET"]}}],"collection":[{"href":"https:\/\/agenciainfra.com\/blog\/wp-json\/wp\/v2\/posts"}],"about":[{"href":"https:\/\/agenciainfra.com\/blog\/wp-json\/wp\/v2\/types\/post"}],"author":[{"embeddable":true,"href":"https:\/\/agenciainfra.com\/blog\/wp-json\/wp\/v2\/users\/1"}],"replies":[{"embeddable":true,"href":"https:\/\/agenciainfra.com\/blog\/wp-json\/wp\/v2\/comments?post=37421"}],"version-history":[{"count":1,"href":"https:\/\/agenciainfra.com\/blog\/wp-json\/wp\/v2\/posts\/37421\/revisions"}],"predecessor-version":[{"id":37422,"href":"https:\/\/agenciainfra.com\/blog\/wp-json\/wp\/v2\/posts\/37421\/revisions\/37422"}],"wp:featuredmedia":[{"embeddable":true,"href":"https:\/\/agenciainfra.com\/blog\/wp-json\/wp\/v2\/media\/27264"}],"wp:attachment":[{"href":"https:\/\/agenciainfra.com\/blog\/wp-json\/wp\/v2\/media?parent=37421"}],"wp:term":[{"taxonomy":"category","embeddable":true,"href":"https:\/\/agenciainfra.com\/blog\/wp-json\/wp\/v2\/categories?post=37421"},{"taxonomy":"post_tag","embeddable":true,"href":"https:\/\/agenciainfra.com\/blog\/wp-json\/wp\/v2\/tags?post=37421"}],"curies":[{"name":"wp","href":"https:\/\/api.w.org\/{rel}","templated":true}]}}