{"id":37442,"date":"2026-03-05T19:31:46","date_gmt":"2026-03-05T22:31:46","guid":{"rendered":"https:\/\/agenciainfra.com\/blog\/?p=37442"},"modified":"2026-03-05T21:56:23","modified_gmt":"2026-03-06T00:56:23","slug":"eneva-atinge-379-bilhoes-de-m%c2%b3-em-reservas-de-gas-na-bacia-do-parnaiba","status":"publish","type":"post","link":"https:\/\/agenciainfra.com\/blog\/eneva-atinge-379-bilhoes-de-m%c2%b3-em-reservas-de-gas-na-bacia-do-parnaiba\/","title":{"rendered":"Eneva atinge 37,9 bilh\u00f5es de m\u00b3 em reservas de g\u00e1s na Bacia do Parna\u00edba"},"content":{"rendered":"\n<p class=\"has-text-align-right\"><strong>da Ag\u00eancia iNFRA<\/strong><\/p>\n\n\n\n<p>A Eneva informou nesta quinta-feira (5) que suas reservas provadas e prov\u00e1veis de g\u00e1s natural na Bacia do Parna\u00edba somaram 37,9 Bm\u00b3 (bilh\u00f5es de metros c\u00fabicos) ao fim de 2025, segundo relat\u00f3rio. O volume representa uma incorpora\u00e7\u00e3o l\u00edquida de reservas ap\u00f3s a produ\u00e7\u00e3o dos \u00faltimos dois anos. Foram adicionados 3,51 Bm\u00b3 de g\u00e1s natural em rela\u00e7\u00e3o \u00e0s reservas certificadas no fim de 2023. No mesmo per\u00edodo, a produ\u00e7\u00e3o acumulada dos campos da bacia foi de 3,16 Bm\u00b3.<\/p>\n\n\n\n<p>Com isso, o \u00edndice de reposi\u00e7\u00e3o de reservas de g\u00e1s natural da companhia no per\u00edodo alcan\u00e7ou 111% na Bacia do Parna\u00edba, indicador que mede a capacidade da empresa de repor as reservas extra\u00eddas por meio de novas descobertas ou revis\u00f5es de volumes.<\/p>\n\n\n\n<p>Al\u00e9m do g\u00e1s natural, o relat\u00f3rio tamb\u00e9m certificou 1,57 milh\u00e3o de barris de condensado como reservas provadas e prov\u00e1veis.<\/p>\n\n\n\n<p>As reservas consolidadas incluem campos como Gavi\u00e3o Real, Gavi\u00e3o Azul, Gavi\u00e3o Branco, Gavi\u00e3o Vermelho, Gavi\u00e3o Caboclo, Gavi\u00e3o Preto, Gavi\u00e3o Tesoura, Gavi\u00e3o Carij\u00f3, Gavi\u00e3o Belo, Gavi\u00e3o Mateiro, Gavi\u00e3o Vaqueiro e Gavi\u00e3ozinho, entre outros ativos da companhia na bacia.<\/p>\n","protected":false},"excerpt":{"rendered":"<p>da Ag\u00eancia iNFRA A Eneva informou nesta quinta-feira (5) que suas reservas provadas e prov\u00e1veis de g\u00e1s natural na Bacia do Parna\u00edba somaram 37,9 Bm\u00b3 (bilh\u00f5es de metros c\u00fabicos) ao fim de 2025, segundo relat\u00f3rio. O volume representa uma incorpora\u00e7\u00e3o l\u00edquida de reservas ap\u00f3s a produ\u00e7\u00e3o dos \u00faltimos dois anos. Foram adicionados 3,51 Bm\u00b3 de [&hellip;]<\/p>\n","protected":false},"author":1,"featured_media":37448,"comment_status":"closed","ping_status":"closed","sticky":false,"template":"","format":"standard","meta":{"_monsterinsights_skip_tracking":false,"_monsterinsights_sitenote_active":false,"_monsterinsights_sitenote_note":"","_monsterinsights_sitenote_category":0,"footnotes":""},"categories":[13576],"tags":[18794,17981,1127,882,18793],"class_list":["post-37442","post","type-post","status-publish","format-standard","has-post-thumbnail","hentry","category-giro-infra","tag-2p","tag-bacia-do-parnaiba","tag-eneva","tag-gas-natural","tag-reserva-de-gas"],"yoast_head":"<!-- This site is optimized with the Yoast SEO Premium plugin v25.4 (Yoast SEO v26.0) - https:\/\/yoast.com\/wordpress\/plugins\/seo\/ -->\n<title>Eneva atinge 37,9 bilh\u00f5es de m\u00b3 em reservas de g\u00e1s na Bacia do Parna\u00edba - Ag\u00eancia iNFRA<\/title>\n<meta name=\"robots\" content=\"index, follow, max-snippet:-1, max-image-preview:large, max-video-preview:-1\" \/>\n<link rel=\"canonical\" href=\"https:\/\/agenciainfra.com\/blog\/eneva-atinge-379-bilhoes-de-m\u00b3-em-reservas-de-gas-na-bacia-do-parnaiba\/\" \/>\n<meta property=\"og:locale\" content=\"pt_BR\" \/>\n<meta property=\"og:type\" content=\"article\" \/>\n<meta property=\"og:title\" content=\"Eneva atinge 37,9 bilh\u00f5es de m\u00b3 em reservas de g\u00e1s na Bacia do Parna\u00edba\" \/>\n<meta property=\"og:description\" content=\"da Ag\u00eancia iNFRA A Eneva informou nesta quinta-feira (5) que suas reservas provadas e prov\u00e1veis de g\u00e1s natural na Bacia do Parna\u00edba somaram 37,9 Bm\u00b3 (bilh\u00f5es de metros c\u00fabicos) ao fim de 2025, segundo relat\u00f3rio. O volume representa uma incorpora\u00e7\u00e3o l\u00edquida de reservas ap\u00f3s a produ\u00e7\u00e3o dos \u00faltimos dois anos. Foram adicionados 3,51 Bm\u00b3 de [&hellip;]\" \/>\n<meta property=\"og:url\" content=\"https:\/\/agenciainfra.com\/blog\/eneva-atinge-379-bilhoes-de-m\u00b3-em-reservas-de-gas-na-bacia-do-parnaiba\/\" \/>\n<meta property=\"og:site_name\" content=\"Ag\u00eancia iNFRA\" \/>\n<meta property=\"article:publisher\" content=\"https:\/\/www.facebook.com\/ageninfra\" \/>\n<meta property=\"article:published_time\" content=\"2026-03-05T22:31:46+00:00\" \/>\n<meta property=\"article:modified_time\" content=\"2026-03-06T00:56:23+00:00\" \/>\n<meta property=\"og:image\" content=\"https:\/\/agenciainfra.com\/blog\/wp-content\/uploads\/2026\/03\/complexo-termeletrico-do-parnaiba-foto-saulo-cruz-mme-980x653.jpg.png\" \/>\n\t<meta property=\"og:image:width\" content=\"980\" \/>\n\t<meta property=\"og:image:height\" content=\"653\" \/>\n\t<meta property=\"og:image:type\" content=\"image\/png\" \/>\n<meta name=\"author\" content=\"Ag\u00eancia iNFRA\" \/>\n<meta name=\"twitter:card\" content=\"summary_large_image\" \/>\n<meta name=\"twitter:creator\" content=\"@agencia_infra\" \/>\n<meta name=\"twitter:site\" content=\"@agencia_infra\" \/>\n<meta name=\"twitter:label1\" content=\"Escrito por\" \/>\n\t<meta name=\"twitter:data1\" content=\"Ag\u00eancia iNFRA\" \/>\n\t<meta name=\"twitter:label2\" content=\"Est. tempo de leitura\" \/>\n\t<meta name=\"twitter:data2\" content=\"1 minuto\" \/>\n<script type=\"application\/ld+json\" class=\"yoast-schema-graph\">{\"@context\":\"https:\/\/schema.org\",\"@graph\":[{\"@type\":\"Article\",\"@id\":\"https:\/\/agenciainfra.com\/blog\/eneva-atinge-379-bilhoes-de-m%c2%b3-em-reservas-de-gas-na-bacia-do-parnaiba\/#article\",\"isPartOf\":{\"@id\":\"https:\/\/agenciainfra.com\/blog\/eneva-atinge-379-bilhoes-de-m%c2%b3-em-reservas-de-gas-na-bacia-do-parnaiba\/\"},\"author\":{\"name\":\"Ag\u00eancia iNFRA\",\"@id\":\"https:\/\/agenciainfra.com\/blog\/#\/schema\/person\/34af08dff6adea4cb22b06612ba7acfa\"},\"headline\":\"Eneva atinge 37,9 bilh\u00f5es de m\u00b3 em reservas de g\u00e1s na Bacia do Parna\u00edba\",\"datePublished\":\"2026-03-05T22:31:46+00:00\",\"dateModified\":\"2026-03-06T00:56:23+00:00\",\"mainEntityOfPage\":{\"@id\":\"https:\/\/agenciainfra.com\/blog\/eneva-atinge-379-bilhoes-de-m%c2%b3-em-reservas-de-gas-na-bacia-do-parnaiba\/\"},\"wordCount\":226,\"publisher\":{\"@id\":\"https:\/\/agenciainfra.com\/blog\/#organization\"},\"image\":{\"@id\":\"https:\/\/agenciainfra.com\/blog\/eneva-atinge-379-bilhoes-de-m%c2%b3-em-reservas-de-gas-na-bacia-do-parnaiba\/#primaryimage\"},\"thumbnailUrl\":\"https:\/\/agenciainfra.com\/blog\/wp-content\/uploads\/2026\/03\/complexo-termeletrico-do-parnaiba-foto-saulo-cruz-mme-980x653.jpg.png\",\"keywords\":[\"2p\",\"bacia do parna\u00edba\",\"Eneva\",\"g\u00e1s natural\",\"reserva de g\u00e1s\"],\"articleSection\":[\"Giro iNFRA\"],\"inLanguage\":\"pt-BR\",\"copyrightYear\":\"2026\",\"copyrightHolder\":{\"@id\":\"https:\/\/agenciainfra.com\/blog\/#organization\"}},{\"@type\":\"WebPage\",\"@id\":\"https:\/\/agenciainfra.com\/blog\/eneva-atinge-379-bilhoes-de-m%c2%b3-em-reservas-de-gas-na-bacia-do-parnaiba\/\",\"url\":\"https:\/\/agenciainfra.com\/blog\/eneva-atinge-379-bilhoes-de-m%c2%b3-em-reservas-de-gas-na-bacia-do-parnaiba\/\",\"name\":\"Eneva atinge 37,9 bilh\u00f5es de m\u00b3 em reservas de g\u00e1s na Bacia do Parna\u00edba - Ag\u00eancia iNFRA\",\"isPartOf\":{\"@id\":\"https:\/\/agenciainfra.com\/blog\/#website\"},\"primaryImageOfPage\":{\"@id\":\"https:\/\/agenciainfra.com\/blog\/eneva-atinge-379-bilhoes-de-m%c2%b3-em-reservas-de-gas-na-bacia-do-parnaiba\/#primaryimage\"},\"image\":{\"@id\":\"https:\/\/agenciainfra.com\/blog\/eneva-atinge-379-bilhoes-de-m%c2%b3-em-reservas-de-gas-na-bacia-do-parnaiba\/#primaryimage\"},\"thumbnailUrl\":\"https:\/\/agenciainfra.com\/blog\/wp-content\/uploads\/2026\/03\/complexo-termeletrico-do-parnaiba-foto-saulo-cruz-mme-980x653.jpg.png\",\"datePublished\":\"2026-03-05T22:31:46+00:00\",\"dateModified\":\"2026-03-06T00:56:23+00:00\",\"breadcrumb\":{\"@id\":\"https:\/\/agenciainfra.com\/blog\/eneva-atinge-379-bilhoes-de-m%c2%b3-em-reservas-de-gas-na-bacia-do-parnaiba\/#breadcrumb\"},\"inLanguage\":\"pt-BR\",\"potentialAction\":[{\"@type\":\"ReadAction\",\"target\":[\"https:\/\/agenciainfra.com\/blog\/eneva-atinge-379-bilhoes-de-m%c2%b3-em-reservas-de-gas-na-bacia-do-parnaiba\/\"]}]},{\"@type\":\"ImageObject\",\"inLanguage\":\"pt-BR\",\"@id\":\"https:\/\/agenciainfra.com\/blog\/eneva-atinge-379-bilhoes-de-m%c2%b3-em-reservas-de-gas-na-bacia-do-parnaiba\/#primaryimage\",\"url\":\"https:\/\/agenciainfra.com\/blog\/wp-content\/uploads\/2026\/03\/complexo-termeletrico-do-parnaiba-foto-saulo-cruz-mme-980x653.jpg.png\",\"contentUrl\":\"https:\/\/agenciainfra.com\/blog\/wp-content\/uploads\/2026\/03\/complexo-termeletrico-do-parnaiba-foto-saulo-cruz-mme-980x653.jpg.png\",\"width\":980,\"height\":653,\"caption\":\"Foto: Saulo Cruz\/MME\"},{\"@type\":\"BreadcrumbList\",\"@id\":\"https:\/\/agenciainfra.com\/blog\/eneva-atinge-379-bilhoes-de-m%c2%b3-em-reservas-de-gas-na-bacia-do-parnaiba\/#breadcrumb\",\"itemListElement\":[{\"@type\":\"ListItem\",\"position\":1,\"name\":\"In\u00edcio\",\"item\":\"https:\/\/agenciainfra.com\/blog\/\"},{\"@type\":\"ListItem\",\"position\":2,\"name\":\"Eneva atinge 37,9 bilh\u00f5es de m\u00b3 em reservas de g\u00e1s na Bacia do Parna\u00edba\"}]},{\"@type\":\"WebSite\",\"@id\":\"https:\/\/agenciainfra.com\/blog\/#website\",\"url\":\"https:\/\/agenciainfra.com\/blog\/\",\"name\":\"Ag\u00eancia iNFRA\",\"description\":\"Multiplataforma de informa\u00e7\u00e3o jornal\u00edstica refer\u00eancia na \u00e1rea de infraestrutura no Brasil!\",\"publisher\":{\"@id\":\"https:\/\/agenciainfra.com\/blog\/#organization\"},\"potentialAction\":[{\"@type\":\"SearchAction\",\"target\":{\"@type\":\"EntryPoint\",\"urlTemplate\":\"https:\/\/agenciainfra.com\/blog\/?s={search_term_string}\"},\"query-input\":{\"@type\":\"PropertyValueSpecification\",\"valueRequired\":true,\"valueName\":\"search_term_string\"}}],\"inLanguage\":\"pt-BR\"},{\"@type\":\"Organization\",\"@id\":\"https:\/\/agenciainfra.com\/blog\/#organization\",\"name\":\"Ag\u00eancia iNFRA\",\"url\":\"https:\/\/agenciainfra.com\/blog\/\",\"logo\":{\"@type\":\"ImageObject\",\"inLanguage\":\"pt-BR\",\"@id\":\"https:\/\/agenciainfra.com\/blog\/#\/schema\/logo\/image\/\",\"url\":\"https:\/\/agenciainfra.com\/blog\/wp-content\/uploads\/2023\/09\/iNFRA_5-e1761735885940.png\",\"contentUrl\":\"https:\/\/agenciainfra.com\/blog\/wp-content\/uploads\/2023\/09\/iNFRA_5-e1761735885940.png\",\"width\":1672,\"height\":454,\"caption\":\"Ag\u00eancia iNFRA\"},\"image\":{\"@id\":\"https:\/\/agenciainfra.com\/blog\/#\/schema\/logo\/image\/\"},\"sameAs\":[\"https:\/\/www.facebook.com\/ageninfra\",\"https:\/\/x.com\/agencia_infra\",\"https:\/\/www.linkedin.com\/company\/ag\u00eanciainfra\/\",\"https:\/\/www.instagram.com\/agenciainfra\/\"]},{\"@type\":\"Person\",\"@id\":\"https:\/\/agenciainfra.com\/blog\/#\/schema\/person\/34af08dff6adea4cb22b06612ba7acfa\",\"name\":\"Ag\u00eancia iNFRA\",\"image\":{\"@type\":\"ImageObject\",\"inLanguage\":\"pt-BR\",\"@id\":\"https:\/\/agenciainfra.com\/blog\/#\/schema\/person\/image\/\",\"url\":\"https:\/\/secure.gravatar.com\/avatar\/d189e01678f06d8eb84d4e01f08eb848b3fffe3f8443818d3c356c66892f5be8?s=96&d=mm&r=g\",\"contentUrl\":\"https:\/\/secure.gravatar.com\/avatar\/d189e01678f06d8eb84d4e01f08eb848b3fffe3f8443818d3c356c66892f5be8?s=96&d=mm&r=g\",\"caption\":\"Ag\u00eancia iNFRA\"},\"url\":\"https:\/\/agenciainfra.com\/blog\/author\/admin\/\"}]}<\/script>\n<!-- \/ Yoast SEO Premium plugin. -->","yoast_head_json":{"title":"Eneva atinge 37,9 bilh\u00f5es de m\u00b3 em reservas de g\u00e1s na Bacia do Parna\u00edba - Ag\u00eancia iNFRA","robots":{"index":"index","follow":"follow","max-snippet":"max-snippet:-1","max-image-preview":"max-image-preview:large","max-video-preview":"max-video-preview:-1"},"canonical":"https:\/\/agenciainfra.com\/blog\/eneva-atinge-379-bilhoes-de-m\u00b3-em-reservas-de-gas-na-bacia-do-parnaiba\/","og_locale":"pt_BR","og_type":"article","og_title":"Eneva atinge 37,9 bilh\u00f5es de m\u00b3 em reservas de g\u00e1s na Bacia do Parna\u00edba","og_description":"da Ag\u00eancia iNFRA A Eneva informou nesta quinta-feira (5) que suas reservas provadas e prov\u00e1veis de g\u00e1s natural na Bacia do Parna\u00edba somaram 37,9 Bm\u00b3 (bilh\u00f5es de metros c\u00fabicos) ao fim de 2025, segundo relat\u00f3rio. O volume representa uma incorpora\u00e7\u00e3o l\u00edquida de reservas ap\u00f3s a produ\u00e7\u00e3o dos \u00faltimos dois anos. Foram adicionados 3,51 Bm\u00b3 de [&hellip;]","og_url":"https:\/\/agenciainfra.com\/blog\/eneva-atinge-379-bilhoes-de-m\u00b3-em-reservas-de-gas-na-bacia-do-parnaiba\/","og_site_name":"Ag\u00eancia iNFRA","article_publisher":"https:\/\/www.facebook.com\/ageninfra","article_published_time":"2026-03-05T22:31:46+00:00","article_modified_time":"2026-03-06T00:56:23+00:00","og_image":[{"width":980,"height":653,"url":"https:\/\/agenciainfra.com\/blog\/wp-content\/uploads\/2026\/03\/complexo-termeletrico-do-parnaiba-foto-saulo-cruz-mme-980x653.jpg.png","type":"image\/png"}],"author":"Ag\u00eancia iNFRA","twitter_card":"summary_large_image","twitter_creator":"@agencia_infra","twitter_site":"@agencia_infra","twitter_misc":{"Escrito por":"Ag\u00eancia iNFRA","Est. tempo de leitura":"1 minuto"},"schema":{"@context":"https:\/\/schema.org","@graph":[{"@type":"Article","@id":"https:\/\/agenciainfra.com\/blog\/eneva-atinge-379-bilhoes-de-m%c2%b3-em-reservas-de-gas-na-bacia-do-parnaiba\/#article","isPartOf":{"@id":"https:\/\/agenciainfra.com\/blog\/eneva-atinge-379-bilhoes-de-m%c2%b3-em-reservas-de-gas-na-bacia-do-parnaiba\/"},"author":{"name":"Ag\u00eancia iNFRA","@id":"https:\/\/agenciainfra.com\/blog\/#\/schema\/person\/34af08dff6adea4cb22b06612ba7acfa"},"headline":"Eneva atinge 37,9 bilh\u00f5es de m\u00b3 em reservas de g\u00e1s na Bacia do Parna\u00edba","datePublished":"2026-03-05T22:31:46+00:00","dateModified":"2026-03-06T00:56:23+00:00","mainEntityOfPage":{"@id":"https:\/\/agenciainfra.com\/blog\/eneva-atinge-379-bilhoes-de-m%c2%b3-em-reservas-de-gas-na-bacia-do-parnaiba\/"},"wordCount":226,"publisher":{"@id":"https:\/\/agenciainfra.com\/blog\/#organization"},"image":{"@id":"https:\/\/agenciainfra.com\/blog\/eneva-atinge-379-bilhoes-de-m%c2%b3-em-reservas-de-gas-na-bacia-do-parnaiba\/#primaryimage"},"thumbnailUrl":"https:\/\/agenciainfra.com\/blog\/wp-content\/uploads\/2026\/03\/complexo-termeletrico-do-parnaiba-foto-saulo-cruz-mme-980x653.jpg.png","keywords":["2p","bacia do parna\u00edba","Eneva","g\u00e1s natural","reserva de g\u00e1s"],"articleSection":["Giro iNFRA"],"inLanguage":"pt-BR","copyrightYear":"2026","copyrightHolder":{"@id":"https:\/\/agenciainfra.com\/blog\/#organization"}},{"@type":"WebPage","@id":"https:\/\/agenciainfra.com\/blog\/eneva-atinge-379-bilhoes-de-m%c2%b3-em-reservas-de-gas-na-bacia-do-parnaiba\/","url":"https:\/\/agenciainfra.com\/blog\/eneva-atinge-379-bilhoes-de-m%c2%b3-em-reservas-de-gas-na-bacia-do-parnaiba\/","name":"Eneva atinge 37,9 bilh\u00f5es de m\u00b3 em reservas de g\u00e1s na Bacia do Parna\u00edba - Ag\u00eancia iNFRA","isPartOf":{"@id":"https:\/\/agenciainfra.com\/blog\/#website"},"primaryImageOfPage":{"@id":"https:\/\/agenciainfra.com\/blog\/eneva-atinge-379-bilhoes-de-m%c2%b3-em-reservas-de-gas-na-bacia-do-parnaiba\/#primaryimage"},"image":{"@id":"https:\/\/agenciainfra.com\/blog\/eneva-atinge-379-bilhoes-de-m%c2%b3-em-reservas-de-gas-na-bacia-do-parnaiba\/#primaryimage"},"thumbnailUrl":"https:\/\/agenciainfra.com\/blog\/wp-content\/uploads\/2026\/03\/complexo-termeletrico-do-parnaiba-foto-saulo-cruz-mme-980x653.jpg.png","datePublished":"2026-03-05T22:31:46+00:00","dateModified":"2026-03-06T00:56:23+00:00","breadcrumb":{"@id":"https:\/\/agenciainfra.com\/blog\/eneva-atinge-379-bilhoes-de-m%c2%b3-em-reservas-de-gas-na-bacia-do-parnaiba\/#breadcrumb"},"inLanguage":"pt-BR","potentialAction":[{"@type":"ReadAction","target":["https:\/\/agenciainfra.com\/blog\/eneva-atinge-379-bilhoes-de-m%c2%b3-em-reservas-de-gas-na-bacia-do-parnaiba\/"]}]},{"@type":"ImageObject","inLanguage":"pt-BR","@id":"https:\/\/agenciainfra.com\/blog\/eneva-atinge-379-bilhoes-de-m%c2%b3-em-reservas-de-gas-na-bacia-do-parnaiba\/#primaryimage","url":"https:\/\/agenciainfra.com\/blog\/wp-content\/uploads\/2026\/03\/complexo-termeletrico-do-parnaiba-foto-saulo-cruz-mme-980x653.jpg.png","contentUrl":"https:\/\/agenciainfra.com\/blog\/wp-content\/uploads\/2026\/03\/complexo-termeletrico-do-parnaiba-foto-saulo-cruz-mme-980x653.jpg.png","width":980,"height":653,"caption":"Foto: Saulo Cruz\/MME"},{"@type":"BreadcrumbList","@id":"https:\/\/agenciainfra.com\/blog\/eneva-atinge-379-bilhoes-de-m%c2%b3-em-reservas-de-gas-na-bacia-do-parnaiba\/#breadcrumb","itemListElement":[{"@type":"ListItem","position":1,"name":"In\u00edcio","item":"https:\/\/agenciainfra.com\/blog\/"},{"@type":"ListItem","position":2,"name":"Eneva atinge 37,9 bilh\u00f5es de m\u00b3 em reservas de g\u00e1s na Bacia do Parna\u00edba"}]},{"@type":"WebSite","@id":"https:\/\/agenciainfra.com\/blog\/#website","url":"https:\/\/agenciainfra.com\/blog\/","name":"Ag\u00eancia iNFRA","description":"Multiplataforma de informa\u00e7\u00e3o jornal\u00edstica refer\u00eancia na \u00e1rea de infraestrutura no Brasil!","publisher":{"@id":"https:\/\/agenciainfra.com\/blog\/#organization"},"potentialAction":[{"@type":"SearchAction","target":{"@type":"EntryPoint","urlTemplate":"https:\/\/agenciainfra.com\/blog\/?s={search_term_string}"},"query-input":{"@type":"PropertyValueSpecification","valueRequired":true,"valueName":"search_term_string"}}],"inLanguage":"pt-BR"},{"@type":"Organization","@id":"https:\/\/agenciainfra.com\/blog\/#organization","name":"Ag\u00eancia iNFRA","url":"https:\/\/agenciainfra.com\/blog\/","logo":{"@type":"ImageObject","inLanguage":"pt-BR","@id":"https:\/\/agenciainfra.com\/blog\/#\/schema\/logo\/image\/","url":"https:\/\/agenciainfra.com\/blog\/wp-content\/uploads\/2023\/09\/iNFRA_5-e1761735885940.png","contentUrl":"https:\/\/agenciainfra.com\/blog\/wp-content\/uploads\/2023\/09\/iNFRA_5-e1761735885940.png","width":1672,"height":454,"caption":"Ag\u00eancia iNFRA"},"image":{"@id":"https:\/\/agenciainfra.com\/blog\/#\/schema\/logo\/image\/"},"sameAs":["https:\/\/www.facebook.com\/ageninfra","https:\/\/x.com\/agencia_infra","https:\/\/www.linkedin.com\/company\/ag\u00eanciainfra\/","https:\/\/www.instagram.com\/agenciainfra\/"]},{"@type":"Person","@id":"https:\/\/agenciainfra.com\/blog\/#\/schema\/person\/34af08dff6adea4cb22b06612ba7acfa","name":"Ag\u00eancia iNFRA","image":{"@type":"ImageObject","inLanguage":"pt-BR","@id":"https:\/\/agenciainfra.com\/blog\/#\/schema\/person\/image\/","url":"https:\/\/secure.gravatar.com\/avatar\/d189e01678f06d8eb84d4e01f08eb848b3fffe3f8443818d3c356c66892f5be8?s=96&d=mm&r=g","contentUrl":"https:\/\/secure.gravatar.com\/avatar\/d189e01678f06d8eb84d4e01f08eb848b3fffe3f8443818d3c356c66892f5be8?s=96&d=mm&r=g","caption":"Ag\u00eancia iNFRA"},"url":"https:\/\/agenciainfra.com\/blog\/author\/admin\/"}]}},"_links":{"self":[{"href":"https:\/\/agenciainfra.com\/blog\/wp-json\/wp\/v2\/posts\/37442","targetHints":{"allow":["GET"]}}],"collection":[{"href":"https:\/\/agenciainfra.com\/blog\/wp-json\/wp\/v2\/posts"}],"about":[{"href":"https:\/\/agenciainfra.com\/blog\/wp-json\/wp\/v2\/types\/post"}],"author":[{"embeddable":true,"href":"https:\/\/agenciainfra.com\/blog\/wp-json\/wp\/v2\/users\/1"}],"replies":[{"embeddable":true,"href":"https:\/\/agenciainfra.com\/blog\/wp-json\/wp\/v2\/comments?post=37442"}],"version-history":[{"count":1,"href":"https:\/\/agenciainfra.com\/blog\/wp-json\/wp\/v2\/posts\/37442\/revisions"}],"predecessor-version":[{"id":37443,"href":"https:\/\/agenciainfra.com\/blog\/wp-json\/wp\/v2\/posts\/37442\/revisions\/37443"}],"wp:featuredmedia":[{"embeddable":true,"href":"https:\/\/agenciainfra.com\/blog\/wp-json\/wp\/v2\/media\/37448"}],"wp:attachment":[{"href":"https:\/\/agenciainfra.com\/blog\/wp-json\/wp\/v2\/media?parent=37442"}],"wp:term":[{"taxonomy":"category","embeddable":true,"href":"https:\/\/agenciainfra.com\/blog\/wp-json\/wp\/v2\/categories?post=37442"},{"taxonomy":"post_tag","embeddable":true,"href":"https:\/\/agenciainfra.com\/blog\/wp-json\/wp\/v2\/tags?post=37442"}],"curies":[{"name":"wp","href":"https:\/\/api.w.org\/{rel}","templated":true}]}}