{"id":37495,"date":"2026-03-06T17:55:25","date_gmt":"2026-03-06T20:55:25","guid":{"rendered":"https:\/\/agenciainfra.com\/blog\/?p=37495"},"modified":"2026-03-10T11:52:11","modified_gmt":"2026-03-10T14:52:11","slug":"etanol-segue-na-carteira-mas-raizen-nao-e-opcao-diz-magda-chambriard","status":"publish","type":"post","link":"https:\/\/agenciainfra.com\/blog\/etanol-segue-na-carteira-mas-raizen-nao-e-opcao-diz-magda-chambriard\/","title":{"rendered":"Etanol segue na carteira, mas Ra\u00edzen n\u00e3o \u00e9 op\u00e7\u00e3o, diz Magda Chambriard"},"content":{"rendered":"\n<p class=\"has-text-align-right\"><strong>Gabriel Vasconcelos, da Ag\u00eancia iNFRA<\/strong><\/p>\n\n\n\n<p>A entrada na produ\u00e7\u00e3o de etanol por meio da compra de participa\u00e7\u00e3o minorit\u00e1ria em empresa do setor segue na carteira de projetos da Petrobras, afirmou nesta sexta-feira (6) a presidente da Petrobras, Magda Chambriard. Ela descartou, no entanto, a possibilidade de fazer isso por meio da Ra\u00edzen, joint venture da Shell e da Cosan, que busca se reestruturar financeiramente e chegou recentemente a buscar novos s\u00f3cios, sem sucesso.<\/p>\n\n\n\n<p>Segundo Magda, a Ra\u00edzen n\u00e3o \u00e9 uma op\u00e7\u00e3o para a Petrobras em fun\u00e7\u00e3o da solidariedade de seu neg\u00f3cio de produ\u00e7\u00e3o de etanol com o de distribui\u00e7\u00e3o, este \u00faltimo proibitivo para a Petrobras devido ao acordo de n\u00e3o competi\u00e7\u00e3o com a Vibra (ex-BR Distribuidora, privatizada).<\/p>\n\n\n\n<p>&#8220;A Ra\u00edzen \u00e9 uma empresa em que constam nos ativos, de uma maneira bastante solid\u00e1ria, etanol e distribui\u00e7\u00e3o de combust\u00edveis. Temos acordo de &#8216;non compete&#8217; com a Vibra, e esse acordo perdurar\u00e1 at\u00e9 meados de 2029. Portanto, qualquer coisa relativa \u00e0 Ra\u00edzen [e Petrobras] simplesmente n\u00e3o procede&#8221;. Ela falou a jornalistas na sede da empresa, no Rio de Janeiro, em encontro sobre os resultados do quarto trimestre de 2025.<\/p>\n\n\n\n<p>Segundo Magda, a investida no etanol segue em an\u00e1lise na \u00e1rea de novos neg\u00f3cios da estatal. Rumores d\u00e3o conta de que, ainda no fim do ano passado, a Petrobras j\u00e1 tinha feito rodadas de conversas com empresas e teria selecionado um grupo menor de seis produtoras do biocombust\u00edvel, entre os quais as conversas mais avan\u00e7adas seriam com FS e Inpasa. Magda n\u00e3o entrou em detalhes.<\/p>\n\n\n\n<p>&#8220;\u00c0s vezes um tr\u00e2mite que a gente acha que vai acontecer de uma forma mais r\u00e1pida demora mais que o esperado. Mas est\u00e1 em carteira e, como tudo, vai ser submetido a todas as an\u00e1lises t\u00e9cnicas e econ\u00f4micas&#8221;, disse.<\/p>\n\n\n\n<p><strong>Distribui\u00e7\u00e3o<\/strong><br>Questionada sobre aumentos nos pre\u00e7os dos combust\u00edveis nas bombas, mesmo sem que a Petrobras tenha feito reajustes em seus pre\u00e7os nas refinarias, Magda disse que a sociedade brasileira est\u00e1 pagando por escolhas equivocadas do passado, quando &#8220;acreditou que era vantajoso tirar a distribui\u00e7\u00e3o da Petrobras para exacerbar competi\u00e7\u00e3o&#8221;, processo que culminou na privatiza\u00e7\u00e3o da antiga BR Distribuidora.<\/p>\n\n\n\n<p>&#8220;O que se viu foi o exato oposto, mais concentra\u00e7\u00e3o de mercado e a impossibilidade completa de a Petrobras chegar ao consumidor final para &#8216;fazer pre\u00e7o&#8217;. Essa \u00e9 uma conta que a sociedade brasileira est\u00e1 pagando por uma interpreta\u00e7\u00e3o equivocada do mercado&#8221;, disse.<\/p>\n","protected":false},"excerpt":{"rendered":"<p>Gabriel Vasconcelos, da Ag\u00eancia iNFRA A entrada na produ\u00e7\u00e3o de etanol por meio da compra de participa\u00e7\u00e3o minorit\u00e1ria em empresa do setor segue na carteira de projetos da Petrobras, afirmou nesta sexta-feira (6) a presidente da Petrobras, Magda Chambriard. Ela descartou, no entanto, a possibilidade de fazer isso por meio da Ra\u00edzen, joint venture da [&hellip;]<\/p>\n","protected":false},"author":1,"featured_media":34735,"comment_status":"closed","ping_status":"closed","sticky":false,"template":"","format":"standard","meta":{"_monsterinsights_skip_tracking":false,"_monsterinsights_sitenote_active":false,"_monsterinsights_sitenote_note":"","_monsterinsights_sitenote_category":0,"footnotes":""},"categories":[7250,13271],"tags":[892,2732,17945,9446,143,957],"class_list":["post-37495","post","type-post","status-publish","format-standard","has-post-thumbnail","hentry","category-destaque-lista","category-oleo-gas","tag-cosan","tag-etanol","tag-magda","tag-magda-chambriard","tag-petrobras","tag-raizen"],"yoast_head":"<!-- This site is optimized with the Yoast SEO Premium plugin v25.4 (Yoast SEO v26.0) - https:\/\/yoast.com\/wordpress\/plugins\/seo\/ -->\n<title>Etanol segue na carteira, mas Ra\u00edzen n\u00e3o \u00e9 op\u00e7\u00e3o, diz Magda Chambriard - Ag\u00eancia iNFRA<\/title>\n<meta name=\"robots\" content=\"index, follow, max-snippet:-1, max-image-preview:large, max-video-preview:-1\" \/>\n<link rel=\"canonical\" href=\"https:\/\/agenciainfra.com\/blog\/etanol-segue-na-carteira-mas-raizen-nao-e-opcao-diz-magda-chambriard\/\" \/>\n<meta property=\"og:locale\" content=\"pt_BR\" \/>\n<meta property=\"og:type\" content=\"article\" \/>\n<meta property=\"og:title\" content=\"Etanol segue na carteira, mas Ra\u00edzen n\u00e3o \u00e9 op\u00e7\u00e3o, diz Magda Chambriard\" \/>\n<meta property=\"og:description\" content=\"Gabriel Vasconcelos, da Ag\u00eancia iNFRA A entrada na produ\u00e7\u00e3o de etanol por meio da compra de participa\u00e7\u00e3o minorit\u00e1ria em empresa do setor segue na carteira de projetos da Petrobras, afirmou nesta sexta-feira (6) a presidente da Petrobras, Magda Chambriard. Ela descartou, no entanto, a possibilidade de fazer isso por meio da Ra\u00edzen, joint venture da [&hellip;]\" \/>\n<meta property=\"og:url\" content=\"https:\/\/agenciainfra.com\/blog\/etanol-segue-na-carteira-mas-raizen-nao-e-opcao-diz-magda-chambriard\/\" \/>\n<meta property=\"og:site_name\" content=\"Ag\u00eancia iNFRA\" \/>\n<meta property=\"article:publisher\" content=\"https:\/\/www.facebook.com\/ageninfra\" \/>\n<meta property=\"article:published_time\" content=\"2026-03-06T20:55:25+00:00\" \/>\n<meta property=\"article:modified_time\" content=\"2026-03-10T14:52:11+00:00\" \/>\n<meta property=\"og:image\" content=\"https:\/\/agenciainfra.com\/blog\/wp-content\/uploads\/2026\/01\/etanol-de-milho-foto-senar-divulgacao-1.jpg\" \/>\n\t<meta property=\"og:image:width\" content=\"1280\" \/>\n\t<meta property=\"og:image:height\" content=\"826\" \/>\n\t<meta property=\"og:image:type\" content=\"image\/jpeg\" \/>\n<meta name=\"author\" content=\"Ag\u00eancia iNFRA\" \/>\n<meta name=\"twitter:card\" content=\"summary_large_image\" \/>\n<meta name=\"twitter:creator\" content=\"@agencia_infra\" \/>\n<meta name=\"twitter:site\" content=\"@agencia_infra\" \/>\n<meta name=\"twitter:label1\" content=\"Escrito por\" \/>\n\t<meta name=\"twitter:data1\" content=\"Ag\u00eancia iNFRA\" \/>\n\t<meta name=\"twitter:label2\" content=\"Est. tempo de leitura\" \/>\n\t<meta name=\"twitter:data2\" content=\"2 minutos\" \/>\n<script type=\"application\/ld+json\" class=\"yoast-schema-graph\">{\"@context\":\"https:\/\/schema.org\",\"@graph\":[{\"@type\":\"Article\",\"@id\":\"https:\/\/agenciainfra.com\/blog\/etanol-segue-na-carteira-mas-raizen-nao-e-opcao-diz-magda-chambriard\/#article\",\"isPartOf\":{\"@id\":\"https:\/\/agenciainfra.com\/blog\/etanol-segue-na-carteira-mas-raizen-nao-e-opcao-diz-magda-chambriard\/\"},\"author\":{\"name\":\"Ag\u00eancia iNFRA\",\"@id\":\"https:\/\/agenciainfra.com\/blog\/#\/schema\/person\/34af08dff6adea4cb22b06612ba7acfa\"},\"headline\":\"Etanol segue na carteira, mas Ra\u00edzen n\u00e3o \u00e9 op\u00e7\u00e3o, diz Magda Chambriard\",\"datePublished\":\"2026-03-06T20:55:25+00:00\",\"dateModified\":\"2026-03-10T14:52:11+00:00\",\"mainEntityOfPage\":{\"@id\":\"https:\/\/agenciainfra.com\/blog\/etanol-segue-na-carteira-mas-raizen-nao-e-opcao-diz-magda-chambriard\/\"},\"wordCount\":440,\"publisher\":{\"@id\":\"https:\/\/agenciainfra.com\/blog\/#organization\"},\"image\":{\"@id\":\"https:\/\/agenciainfra.com\/blog\/etanol-segue-na-carteira-mas-raizen-nao-e-opcao-diz-magda-chambriard\/#primaryimage\"},\"thumbnailUrl\":\"https:\/\/agenciainfra.com\/blog\/wp-content\/uploads\/2026\/01\/etanol-de-milho-foto-senar-divulgacao-1.jpg\",\"keywords\":[\"Cosan\",\"etanol\",\"magda\",\"Magda Chambriard\",\"Petrobras\",\"Ra\u00edzen\"],\"articleSection\":[\"Destaque lista\",\"\u00d3leo &amp; G\u00e1s\"],\"inLanguage\":\"pt-BR\",\"copyrightYear\":\"2026\",\"copyrightHolder\":{\"@id\":\"https:\/\/agenciainfra.com\/blog\/#organization\"}},{\"@type\":\"WebPage\",\"@id\":\"https:\/\/agenciainfra.com\/blog\/etanol-segue-na-carteira-mas-raizen-nao-e-opcao-diz-magda-chambriard\/\",\"url\":\"https:\/\/agenciainfra.com\/blog\/etanol-segue-na-carteira-mas-raizen-nao-e-opcao-diz-magda-chambriard\/\",\"name\":\"Etanol segue na carteira, mas Ra\u00edzen n\u00e3o \u00e9 op\u00e7\u00e3o, diz Magda Chambriard - Ag\u00eancia iNFRA\",\"isPartOf\":{\"@id\":\"https:\/\/agenciainfra.com\/blog\/#website\"},\"primaryImageOfPage\":{\"@id\":\"https:\/\/agenciainfra.com\/blog\/etanol-segue-na-carteira-mas-raizen-nao-e-opcao-diz-magda-chambriard\/#primaryimage\"},\"image\":{\"@id\":\"https:\/\/agenciainfra.com\/blog\/etanol-segue-na-carteira-mas-raizen-nao-e-opcao-diz-magda-chambriard\/#primaryimage\"},\"thumbnailUrl\":\"https:\/\/agenciainfra.com\/blog\/wp-content\/uploads\/2026\/01\/etanol-de-milho-foto-senar-divulgacao-1.jpg\",\"datePublished\":\"2026-03-06T20:55:25+00:00\",\"dateModified\":\"2026-03-10T14:52:11+00:00\",\"breadcrumb\":{\"@id\":\"https:\/\/agenciainfra.com\/blog\/etanol-segue-na-carteira-mas-raizen-nao-e-opcao-diz-magda-chambriard\/#breadcrumb\"},\"inLanguage\":\"pt-BR\",\"potentialAction\":[{\"@type\":\"ReadAction\",\"target\":[\"https:\/\/agenciainfra.com\/blog\/etanol-segue-na-carteira-mas-raizen-nao-e-opcao-diz-magda-chambriard\/\"]}]},{\"@type\":\"ImageObject\",\"inLanguage\":\"pt-BR\",\"@id\":\"https:\/\/agenciainfra.com\/blog\/etanol-segue-na-carteira-mas-raizen-nao-e-opcao-diz-magda-chambriard\/#primaryimage\",\"url\":\"https:\/\/agenciainfra.com\/blog\/wp-content\/uploads\/2026\/01\/etanol-de-milho-foto-senar-divulgacao-1.jpg\",\"contentUrl\":\"https:\/\/agenciainfra.com\/blog\/wp-content\/uploads\/2026\/01\/etanol-de-milho-foto-senar-divulgacao-1.jpg\",\"width\":1280,\"height\":826,\"caption\":\"Foto: Senar\"},{\"@type\":\"BreadcrumbList\",\"@id\":\"https:\/\/agenciainfra.com\/blog\/etanol-segue-na-carteira-mas-raizen-nao-e-opcao-diz-magda-chambriard\/#breadcrumb\",\"itemListElement\":[{\"@type\":\"ListItem\",\"position\":1,\"name\":\"In\u00edcio\",\"item\":\"https:\/\/agenciainfra.com\/blog\/\"},{\"@type\":\"ListItem\",\"position\":2,\"name\":\"Etanol segue na carteira, mas Ra\u00edzen n\u00e3o \u00e9 op\u00e7\u00e3o, diz Magda Chambriard\"}]},{\"@type\":\"WebSite\",\"@id\":\"https:\/\/agenciainfra.com\/blog\/#website\",\"url\":\"https:\/\/agenciainfra.com\/blog\/\",\"name\":\"Ag\u00eancia iNFRA\",\"description\":\"Multiplataforma de informa\u00e7\u00e3o jornal\u00edstica refer\u00eancia na \u00e1rea de infraestrutura no Brasil!\",\"publisher\":{\"@id\":\"https:\/\/agenciainfra.com\/blog\/#organization\"},\"potentialAction\":[{\"@type\":\"SearchAction\",\"target\":{\"@type\":\"EntryPoint\",\"urlTemplate\":\"https:\/\/agenciainfra.com\/blog\/?s={search_term_string}\"},\"query-input\":{\"@type\":\"PropertyValueSpecification\",\"valueRequired\":true,\"valueName\":\"search_term_string\"}}],\"inLanguage\":\"pt-BR\"},{\"@type\":\"Organization\",\"@id\":\"https:\/\/agenciainfra.com\/blog\/#organization\",\"name\":\"Ag\u00eancia iNFRA\",\"url\":\"https:\/\/agenciainfra.com\/blog\/\",\"logo\":{\"@type\":\"ImageObject\",\"inLanguage\":\"pt-BR\",\"@id\":\"https:\/\/agenciainfra.com\/blog\/#\/schema\/logo\/image\/\",\"url\":\"https:\/\/agenciainfra.com\/blog\/wp-content\/uploads\/2023\/09\/iNFRA_5-e1761735885940.png\",\"contentUrl\":\"https:\/\/agenciainfra.com\/blog\/wp-content\/uploads\/2023\/09\/iNFRA_5-e1761735885940.png\",\"width\":1672,\"height\":454,\"caption\":\"Ag\u00eancia iNFRA\"},\"image\":{\"@id\":\"https:\/\/agenciainfra.com\/blog\/#\/schema\/logo\/image\/\"},\"sameAs\":[\"https:\/\/www.facebook.com\/ageninfra\",\"https:\/\/x.com\/agencia_infra\",\"https:\/\/www.linkedin.com\/company\/ag\u00eanciainfra\/\",\"https:\/\/www.instagram.com\/agenciainfra\/\"]},{\"@type\":\"Person\",\"@id\":\"https:\/\/agenciainfra.com\/blog\/#\/schema\/person\/34af08dff6adea4cb22b06612ba7acfa\",\"name\":\"Ag\u00eancia iNFRA\",\"image\":{\"@type\":\"ImageObject\",\"inLanguage\":\"pt-BR\",\"@id\":\"https:\/\/agenciainfra.com\/blog\/#\/schema\/person\/image\/\",\"url\":\"https:\/\/secure.gravatar.com\/avatar\/d189e01678f06d8eb84d4e01f08eb848b3fffe3f8443818d3c356c66892f5be8?s=96&d=mm&r=g\",\"contentUrl\":\"https:\/\/secure.gravatar.com\/avatar\/d189e01678f06d8eb84d4e01f08eb848b3fffe3f8443818d3c356c66892f5be8?s=96&d=mm&r=g\",\"caption\":\"Ag\u00eancia iNFRA\"},\"url\":\"https:\/\/agenciainfra.com\/blog\/author\/admin\/\"}]}<\/script>\n<!-- \/ Yoast SEO Premium plugin. -->","yoast_head_json":{"title":"Etanol segue na carteira, mas Ra\u00edzen n\u00e3o \u00e9 op\u00e7\u00e3o, diz Magda Chambriard - Ag\u00eancia iNFRA","robots":{"index":"index","follow":"follow","max-snippet":"max-snippet:-1","max-image-preview":"max-image-preview:large","max-video-preview":"max-video-preview:-1"},"canonical":"https:\/\/agenciainfra.com\/blog\/etanol-segue-na-carteira-mas-raizen-nao-e-opcao-diz-magda-chambriard\/","og_locale":"pt_BR","og_type":"article","og_title":"Etanol segue na carteira, mas Ra\u00edzen n\u00e3o \u00e9 op\u00e7\u00e3o, diz Magda Chambriard","og_description":"Gabriel Vasconcelos, da Ag\u00eancia iNFRA A entrada na produ\u00e7\u00e3o de etanol por meio da compra de participa\u00e7\u00e3o minorit\u00e1ria em empresa do setor segue na carteira de projetos da Petrobras, afirmou nesta sexta-feira (6) a presidente da Petrobras, Magda Chambriard. Ela descartou, no entanto, a possibilidade de fazer isso por meio da Ra\u00edzen, joint venture da [&hellip;]","og_url":"https:\/\/agenciainfra.com\/blog\/etanol-segue-na-carteira-mas-raizen-nao-e-opcao-diz-magda-chambriard\/","og_site_name":"Ag\u00eancia iNFRA","article_publisher":"https:\/\/www.facebook.com\/ageninfra","article_published_time":"2026-03-06T20:55:25+00:00","article_modified_time":"2026-03-10T14:52:11+00:00","og_image":[{"width":1280,"height":826,"url":"https:\/\/agenciainfra.com\/blog\/wp-content\/uploads\/2026\/01\/etanol-de-milho-foto-senar-divulgacao-1.jpg","type":"image\/jpeg"}],"author":"Ag\u00eancia iNFRA","twitter_card":"summary_large_image","twitter_creator":"@agencia_infra","twitter_site":"@agencia_infra","twitter_misc":{"Escrito por":"Ag\u00eancia iNFRA","Est. tempo de leitura":"2 minutos"},"schema":{"@context":"https:\/\/schema.org","@graph":[{"@type":"Article","@id":"https:\/\/agenciainfra.com\/blog\/etanol-segue-na-carteira-mas-raizen-nao-e-opcao-diz-magda-chambriard\/#article","isPartOf":{"@id":"https:\/\/agenciainfra.com\/blog\/etanol-segue-na-carteira-mas-raizen-nao-e-opcao-diz-magda-chambriard\/"},"author":{"name":"Ag\u00eancia iNFRA","@id":"https:\/\/agenciainfra.com\/blog\/#\/schema\/person\/34af08dff6adea4cb22b06612ba7acfa"},"headline":"Etanol segue na carteira, mas Ra\u00edzen n\u00e3o \u00e9 op\u00e7\u00e3o, diz Magda Chambriard","datePublished":"2026-03-06T20:55:25+00:00","dateModified":"2026-03-10T14:52:11+00:00","mainEntityOfPage":{"@id":"https:\/\/agenciainfra.com\/blog\/etanol-segue-na-carteira-mas-raizen-nao-e-opcao-diz-magda-chambriard\/"},"wordCount":440,"publisher":{"@id":"https:\/\/agenciainfra.com\/blog\/#organization"},"image":{"@id":"https:\/\/agenciainfra.com\/blog\/etanol-segue-na-carteira-mas-raizen-nao-e-opcao-diz-magda-chambriard\/#primaryimage"},"thumbnailUrl":"https:\/\/agenciainfra.com\/blog\/wp-content\/uploads\/2026\/01\/etanol-de-milho-foto-senar-divulgacao-1.jpg","keywords":["Cosan","etanol","magda","Magda Chambriard","Petrobras","Ra\u00edzen"],"articleSection":["Destaque lista","\u00d3leo &amp; G\u00e1s"],"inLanguage":"pt-BR","copyrightYear":"2026","copyrightHolder":{"@id":"https:\/\/agenciainfra.com\/blog\/#organization"}},{"@type":"WebPage","@id":"https:\/\/agenciainfra.com\/blog\/etanol-segue-na-carteira-mas-raizen-nao-e-opcao-diz-magda-chambriard\/","url":"https:\/\/agenciainfra.com\/blog\/etanol-segue-na-carteira-mas-raizen-nao-e-opcao-diz-magda-chambriard\/","name":"Etanol segue na carteira, mas Ra\u00edzen n\u00e3o \u00e9 op\u00e7\u00e3o, diz Magda Chambriard - Ag\u00eancia iNFRA","isPartOf":{"@id":"https:\/\/agenciainfra.com\/blog\/#website"},"primaryImageOfPage":{"@id":"https:\/\/agenciainfra.com\/blog\/etanol-segue-na-carteira-mas-raizen-nao-e-opcao-diz-magda-chambriard\/#primaryimage"},"image":{"@id":"https:\/\/agenciainfra.com\/blog\/etanol-segue-na-carteira-mas-raizen-nao-e-opcao-diz-magda-chambriard\/#primaryimage"},"thumbnailUrl":"https:\/\/agenciainfra.com\/blog\/wp-content\/uploads\/2026\/01\/etanol-de-milho-foto-senar-divulgacao-1.jpg","datePublished":"2026-03-06T20:55:25+00:00","dateModified":"2026-03-10T14:52:11+00:00","breadcrumb":{"@id":"https:\/\/agenciainfra.com\/blog\/etanol-segue-na-carteira-mas-raizen-nao-e-opcao-diz-magda-chambriard\/#breadcrumb"},"inLanguage":"pt-BR","potentialAction":[{"@type":"ReadAction","target":["https:\/\/agenciainfra.com\/blog\/etanol-segue-na-carteira-mas-raizen-nao-e-opcao-diz-magda-chambriard\/"]}]},{"@type":"ImageObject","inLanguage":"pt-BR","@id":"https:\/\/agenciainfra.com\/blog\/etanol-segue-na-carteira-mas-raizen-nao-e-opcao-diz-magda-chambriard\/#primaryimage","url":"https:\/\/agenciainfra.com\/blog\/wp-content\/uploads\/2026\/01\/etanol-de-milho-foto-senar-divulgacao-1.jpg","contentUrl":"https:\/\/agenciainfra.com\/blog\/wp-content\/uploads\/2026\/01\/etanol-de-milho-foto-senar-divulgacao-1.jpg","width":1280,"height":826,"caption":"Foto: Senar"},{"@type":"BreadcrumbList","@id":"https:\/\/agenciainfra.com\/blog\/etanol-segue-na-carteira-mas-raizen-nao-e-opcao-diz-magda-chambriard\/#breadcrumb","itemListElement":[{"@type":"ListItem","position":1,"name":"In\u00edcio","item":"https:\/\/agenciainfra.com\/blog\/"},{"@type":"ListItem","position":2,"name":"Etanol segue na carteira, mas Ra\u00edzen n\u00e3o \u00e9 op\u00e7\u00e3o, diz Magda Chambriard"}]},{"@type":"WebSite","@id":"https:\/\/agenciainfra.com\/blog\/#website","url":"https:\/\/agenciainfra.com\/blog\/","name":"Ag\u00eancia iNFRA","description":"Multiplataforma de informa\u00e7\u00e3o jornal\u00edstica refer\u00eancia na \u00e1rea de infraestrutura no Brasil!","publisher":{"@id":"https:\/\/agenciainfra.com\/blog\/#organization"},"potentialAction":[{"@type":"SearchAction","target":{"@type":"EntryPoint","urlTemplate":"https:\/\/agenciainfra.com\/blog\/?s={search_term_string}"},"query-input":{"@type":"PropertyValueSpecification","valueRequired":true,"valueName":"search_term_string"}}],"inLanguage":"pt-BR"},{"@type":"Organization","@id":"https:\/\/agenciainfra.com\/blog\/#organization","name":"Ag\u00eancia iNFRA","url":"https:\/\/agenciainfra.com\/blog\/","logo":{"@type":"ImageObject","inLanguage":"pt-BR","@id":"https:\/\/agenciainfra.com\/blog\/#\/schema\/logo\/image\/","url":"https:\/\/agenciainfra.com\/blog\/wp-content\/uploads\/2023\/09\/iNFRA_5-e1761735885940.png","contentUrl":"https:\/\/agenciainfra.com\/blog\/wp-content\/uploads\/2023\/09\/iNFRA_5-e1761735885940.png","width":1672,"height":454,"caption":"Ag\u00eancia iNFRA"},"image":{"@id":"https:\/\/agenciainfra.com\/blog\/#\/schema\/logo\/image\/"},"sameAs":["https:\/\/www.facebook.com\/ageninfra","https:\/\/x.com\/agencia_infra","https:\/\/www.linkedin.com\/company\/ag\u00eanciainfra\/","https:\/\/www.instagram.com\/agenciainfra\/"]},{"@type":"Person","@id":"https:\/\/agenciainfra.com\/blog\/#\/schema\/person\/34af08dff6adea4cb22b06612ba7acfa","name":"Ag\u00eancia iNFRA","image":{"@type":"ImageObject","inLanguage":"pt-BR","@id":"https:\/\/agenciainfra.com\/blog\/#\/schema\/person\/image\/","url":"https:\/\/secure.gravatar.com\/avatar\/d189e01678f06d8eb84d4e01f08eb848b3fffe3f8443818d3c356c66892f5be8?s=96&d=mm&r=g","contentUrl":"https:\/\/secure.gravatar.com\/avatar\/d189e01678f06d8eb84d4e01f08eb848b3fffe3f8443818d3c356c66892f5be8?s=96&d=mm&r=g","caption":"Ag\u00eancia iNFRA"},"url":"https:\/\/agenciainfra.com\/blog\/author\/admin\/"}]}},"_links":{"self":[{"href":"https:\/\/agenciainfra.com\/blog\/wp-json\/wp\/v2\/posts\/37495","targetHints":{"allow":["GET"]}}],"collection":[{"href":"https:\/\/agenciainfra.com\/blog\/wp-json\/wp\/v2\/posts"}],"about":[{"href":"https:\/\/agenciainfra.com\/blog\/wp-json\/wp\/v2\/types\/post"}],"author":[{"embeddable":true,"href":"https:\/\/agenciainfra.com\/blog\/wp-json\/wp\/v2\/users\/1"}],"replies":[{"embeddable":true,"href":"https:\/\/agenciainfra.com\/blog\/wp-json\/wp\/v2\/comments?post=37495"}],"version-history":[{"count":1,"href":"https:\/\/agenciainfra.com\/blog\/wp-json\/wp\/v2\/posts\/37495\/revisions"}],"predecessor-version":[{"id":37496,"href":"https:\/\/agenciainfra.com\/blog\/wp-json\/wp\/v2\/posts\/37495\/revisions\/37496"}],"wp:featuredmedia":[{"embeddable":true,"href":"https:\/\/agenciainfra.com\/blog\/wp-json\/wp\/v2\/media\/34735"}],"wp:attachment":[{"href":"https:\/\/agenciainfra.com\/blog\/wp-json\/wp\/v2\/media?parent=37495"}],"wp:term":[{"taxonomy":"category","embeddable":true,"href":"https:\/\/agenciainfra.com\/blog\/wp-json\/wp\/v2\/categories?post=37495"},{"taxonomy":"post_tag","embeddable":true,"href":"https:\/\/agenciainfra.com\/blog\/wp-json\/wp\/v2\/tags?post=37495"}],"curies":[{"name":"wp","href":"https:\/\/api.w.org\/{rel}","templated":true}]}}