{"id":37507,"date":"2026-03-06T19:58:52","date_gmt":"2026-03-06T22:58:52","guid":{"rendered":"https:\/\/agenciainfra.com\/blog\/?p=37507"},"modified":"2026-03-06T19:58:54","modified_gmt":"2026-03-06T22:58:54","slug":"conselheiro-renuncia-e-cpfl-elege-substituto-para-o-cargo","status":"publish","type":"post","link":"https:\/\/agenciainfra.com\/blog\/conselheiro-renuncia-e-cpfl-elege-substituto-para-o-cargo\/","title":{"rendered":"Conselheiro renuncia e CPFL elege substituto para o cargo"},"content":{"rendered":"\n<p class=\"has-text-align-right\"><strong>da Ag\u00eancia iNFRA<\/strong><\/p>\n\n\n\n<p>A CPFL Energia informou que recebeu, na \u00faltima quarta-feira (4), a ren\u00fancia de Yumeng Zhao ao cargo de membro do Conselho de Administra\u00e7\u00e3o. Ele havia sido eleito na assembleia geral ordin\u00e1ria realizada em 29 de abril de 2025, com mandato previsto at\u00e9 2027.<\/p>\n\n\n\n<p>No mesmo dia, o Conselho de Administra\u00e7\u00e3o aprovou a elei\u00e7\u00e3o de Zhonghua Wei para ocupar a vaga deixada por Zhao, conforme previsto na Lei das Sociedades por A\u00e7\u00f5es.<\/p>\n\n\n\n<p>Segundo a companhia, as informa\u00e7\u00f5es detalhadas sobre o novo conselheiro ser\u00e3o divulgadas posteriormente.<\/p>\n","protected":false},"excerpt":{"rendered":"<p>da Ag\u00eancia iNFRA A CPFL Energia informou que recebeu, na \u00faltima quarta-feira (4), a ren\u00fancia de Yumeng Zhao ao cargo de membro do Conselho de Administra\u00e7\u00e3o. Ele havia sido eleito na assembleia geral ordin\u00e1ria realizada em 29 de abril de 2025, com mandato previsto at\u00e9 2027. No mesmo dia, o Conselho de Administra\u00e7\u00e3o aprovou a [&hellip;]<\/p>\n","protected":false},"author":1,"featured_media":20955,"comment_status":"closed","ping_status":"closed","sticky":false,"template":"","format":"standard","meta":{"_monsterinsights_skip_tracking":false,"_monsterinsights_sitenote_active":false,"_monsterinsights_sitenote_note":"","_monsterinsights_sitenote_category":0,"footnotes":""},"categories":[13576],"tags":[6443,15030,18826,9448],"class_list":["post-37507","post","type-post","status-publish","format-standard","has-post-thumbnail","hentry","category-giro-infra","tag-conselho-de-administracao","tag-cpfl-energia","tag-eleicao-de-conselheiro","tag-renuncia"],"yoast_head":"<!-- This site is optimized with the Yoast SEO Premium plugin v25.4 (Yoast SEO v26.0) - https:\/\/yoast.com\/wordpress\/plugins\/seo\/ -->\n<title>Conselheiro renuncia e CPFL elege substituto para o cargo - Ag\u00eancia iNFRA<\/title>\n<meta name=\"robots\" content=\"index, follow, max-snippet:-1, max-image-preview:large, max-video-preview:-1\" \/>\n<link rel=\"canonical\" href=\"https:\/\/agenciainfra.com\/blog\/conselheiro-renuncia-e-cpfl-elege-substituto-para-o-cargo\/\" \/>\n<meta property=\"og:locale\" content=\"pt_BR\" \/>\n<meta property=\"og:type\" content=\"article\" \/>\n<meta property=\"og:title\" content=\"Conselheiro renuncia e CPFL elege substituto para o cargo\" \/>\n<meta property=\"og:description\" content=\"da Ag\u00eancia iNFRA A CPFL Energia informou que recebeu, na \u00faltima quarta-feira (4), a ren\u00fancia de Yumeng Zhao ao cargo de membro do Conselho de Administra\u00e7\u00e3o. Ele havia sido eleito na assembleia geral ordin\u00e1ria realizada em 29 de abril de 2025, com mandato previsto at\u00e9 2027. No mesmo dia, o Conselho de Administra\u00e7\u00e3o aprovou a [&hellip;]\" \/>\n<meta property=\"og:url\" content=\"https:\/\/agenciainfra.com\/blog\/conselheiro-renuncia-e-cpfl-elege-substituto-para-o-cargo\/\" \/>\n<meta property=\"og:site_name\" content=\"Ag\u00eancia iNFRA\" \/>\n<meta property=\"article:publisher\" content=\"https:\/\/www.facebook.com\/ageninfra\" \/>\n<meta property=\"article:published_time\" content=\"2026-03-06T22:58:52+00:00\" \/>\n<meta property=\"article:modified_time\" content=\"2026-03-06T22:58:54+00:00\" \/>\n<meta property=\"og:image\" content=\"https:\/\/agenciainfra.com\/blog\/wp-content\/uploads\/2025\/04\/cpfl-foto-divulgacao.jpg\" \/>\n\t<meta property=\"og:image:width\" content=\"1280\" \/>\n\t<meta property=\"og:image:height\" content=\"658\" \/>\n\t<meta property=\"og:image:type\" content=\"image\/jpeg\" \/>\n<meta name=\"author\" content=\"Ag\u00eancia iNFRA\" \/>\n<meta name=\"twitter:card\" content=\"summary_large_image\" \/>\n<meta name=\"twitter:creator\" content=\"@agencia_infra\" \/>\n<meta name=\"twitter:site\" content=\"@agencia_infra\" \/>\n<meta name=\"twitter:label1\" content=\"Escrito por\" \/>\n\t<meta name=\"twitter:data1\" content=\"Ag\u00eancia iNFRA\" \/>\n<script type=\"application\/ld+json\" class=\"yoast-schema-graph\">{\"@context\":\"https:\/\/schema.org\",\"@graph\":[{\"@type\":\"Article\",\"@id\":\"https:\/\/agenciainfra.com\/blog\/conselheiro-renuncia-e-cpfl-elege-substituto-para-o-cargo\/#article\",\"isPartOf\":{\"@id\":\"https:\/\/agenciainfra.com\/blog\/conselheiro-renuncia-e-cpfl-elege-substituto-para-o-cargo\/\"},\"author\":{\"name\":\"Ag\u00eancia iNFRA\",\"@id\":\"https:\/\/agenciainfra.com\/blog\/#\/schema\/person\/34af08dff6adea4cb22b06612ba7acfa\"},\"headline\":\"Conselheiro renuncia e CPFL elege substituto para o cargo\",\"datePublished\":\"2026-03-06T22:58:52+00:00\",\"dateModified\":\"2026-03-06T22:58:54+00:00\",\"mainEntityOfPage\":{\"@id\":\"https:\/\/agenciainfra.com\/blog\/conselheiro-renuncia-e-cpfl-elege-substituto-para-o-cargo\/\"},\"wordCount\":101,\"publisher\":{\"@id\":\"https:\/\/agenciainfra.com\/blog\/#organization\"},\"image\":{\"@id\":\"https:\/\/agenciainfra.com\/blog\/conselheiro-renuncia-e-cpfl-elege-substituto-para-o-cargo\/#primaryimage\"},\"thumbnailUrl\":\"https:\/\/agenciainfra.com\/blog\/wp-content\/uploads\/2025\/04\/cpfl-foto-divulgacao.jpg\",\"keywords\":[\"conselho de administra\u00e7\u00e3o\",\"CPFL Energia\",\"elei\u00e7\u00e3o de conselheiro\",\"Ren\u00fancia\"],\"articleSection\":[\"Giro iNFRA\"],\"inLanguage\":\"pt-BR\",\"copyrightYear\":\"2026\",\"copyrightHolder\":{\"@id\":\"https:\/\/agenciainfra.com\/blog\/#organization\"}},{\"@type\":\"WebPage\",\"@id\":\"https:\/\/agenciainfra.com\/blog\/conselheiro-renuncia-e-cpfl-elege-substituto-para-o-cargo\/\",\"url\":\"https:\/\/agenciainfra.com\/blog\/conselheiro-renuncia-e-cpfl-elege-substituto-para-o-cargo\/\",\"name\":\"Conselheiro renuncia e CPFL elege substituto para o cargo - Ag\u00eancia iNFRA\",\"isPartOf\":{\"@id\":\"https:\/\/agenciainfra.com\/blog\/#website\"},\"primaryImageOfPage\":{\"@id\":\"https:\/\/agenciainfra.com\/blog\/conselheiro-renuncia-e-cpfl-elege-substituto-para-o-cargo\/#primaryimage\"},\"image\":{\"@id\":\"https:\/\/agenciainfra.com\/blog\/conselheiro-renuncia-e-cpfl-elege-substituto-para-o-cargo\/#primaryimage\"},\"thumbnailUrl\":\"https:\/\/agenciainfra.com\/blog\/wp-content\/uploads\/2025\/04\/cpfl-foto-divulgacao.jpg\",\"datePublished\":\"2026-03-06T22:58:52+00:00\",\"dateModified\":\"2026-03-06T22:58:54+00:00\",\"breadcrumb\":{\"@id\":\"https:\/\/agenciainfra.com\/blog\/conselheiro-renuncia-e-cpfl-elege-substituto-para-o-cargo\/#breadcrumb\"},\"inLanguage\":\"pt-BR\",\"potentialAction\":[{\"@type\":\"ReadAction\",\"target\":[\"https:\/\/agenciainfra.com\/blog\/conselheiro-renuncia-e-cpfl-elege-substituto-para-o-cargo\/\"]}]},{\"@type\":\"ImageObject\",\"inLanguage\":\"pt-BR\",\"@id\":\"https:\/\/agenciainfra.com\/blog\/conselheiro-renuncia-e-cpfl-elege-substituto-para-o-cargo\/#primaryimage\",\"url\":\"https:\/\/agenciainfra.com\/blog\/wp-content\/uploads\/2025\/04\/cpfl-foto-divulgacao.jpg\",\"contentUrl\":\"https:\/\/agenciainfra.com\/blog\/wp-content\/uploads\/2025\/04\/cpfl-foto-divulgacao.jpg\",\"width\":1280,\"height\":658,\"caption\":\"Foto: CPFL\"},{\"@type\":\"BreadcrumbList\",\"@id\":\"https:\/\/agenciainfra.com\/blog\/conselheiro-renuncia-e-cpfl-elege-substituto-para-o-cargo\/#breadcrumb\",\"itemListElement\":[{\"@type\":\"ListItem\",\"position\":1,\"name\":\"In\u00edcio\",\"item\":\"https:\/\/agenciainfra.com\/blog\/\"},{\"@type\":\"ListItem\",\"position\":2,\"name\":\"Conselheiro renuncia e CPFL elege substituto para o cargo\"}]},{\"@type\":\"WebSite\",\"@id\":\"https:\/\/agenciainfra.com\/blog\/#website\",\"url\":\"https:\/\/agenciainfra.com\/blog\/\",\"name\":\"Ag\u00eancia iNFRA\",\"description\":\"Multiplataforma de informa\u00e7\u00e3o jornal\u00edstica refer\u00eancia na \u00e1rea de infraestrutura no Brasil!\",\"publisher\":{\"@id\":\"https:\/\/agenciainfra.com\/blog\/#organization\"},\"potentialAction\":[{\"@type\":\"SearchAction\",\"target\":{\"@type\":\"EntryPoint\",\"urlTemplate\":\"https:\/\/agenciainfra.com\/blog\/?s={search_term_string}\"},\"query-input\":{\"@type\":\"PropertyValueSpecification\",\"valueRequired\":true,\"valueName\":\"search_term_string\"}}],\"inLanguage\":\"pt-BR\"},{\"@type\":\"Organization\",\"@id\":\"https:\/\/agenciainfra.com\/blog\/#organization\",\"name\":\"Ag\u00eancia iNFRA\",\"url\":\"https:\/\/agenciainfra.com\/blog\/\",\"logo\":{\"@type\":\"ImageObject\",\"inLanguage\":\"pt-BR\",\"@id\":\"https:\/\/agenciainfra.com\/blog\/#\/schema\/logo\/image\/\",\"url\":\"https:\/\/agenciainfra.com\/blog\/wp-content\/uploads\/2023\/09\/iNFRA_5-e1761735885940.png\",\"contentUrl\":\"https:\/\/agenciainfra.com\/blog\/wp-content\/uploads\/2023\/09\/iNFRA_5-e1761735885940.png\",\"width\":1672,\"height\":454,\"caption\":\"Ag\u00eancia iNFRA\"},\"image\":{\"@id\":\"https:\/\/agenciainfra.com\/blog\/#\/schema\/logo\/image\/\"},\"sameAs\":[\"https:\/\/www.facebook.com\/ageninfra\",\"https:\/\/x.com\/agencia_infra\",\"https:\/\/www.linkedin.com\/company\/ag\u00eanciainfra\/\",\"https:\/\/www.instagram.com\/agenciainfra\/\"]},{\"@type\":\"Person\",\"@id\":\"https:\/\/agenciainfra.com\/blog\/#\/schema\/person\/34af08dff6adea4cb22b06612ba7acfa\",\"name\":\"Ag\u00eancia iNFRA\",\"image\":{\"@type\":\"ImageObject\",\"inLanguage\":\"pt-BR\",\"@id\":\"https:\/\/agenciainfra.com\/blog\/#\/schema\/person\/image\/\",\"url\":\"https:\/\/secure.gravatar.com\/avatar\/d189e01678f06d8eb84d4e01f08eb848b3fffe3f8443818d3c356c66892f5be8?s=96&d=mm&r=g\",\"contentUrl\":\"https:\/\/secure.gravatar.com\/avatar\/d189e01678f06d8eb84d4e01f08eb848b3fffe3f8443818d3c356c66892f5be8?s=96&d=mm&r=g\",\"caption\":\"Ag\u00eancia iNFRA\"},\"url\":\"https:\/\/agenciainfra.com\/blog\/author\/admin\/\"}]}<\/script>\n<!-- \/ Yoast SEO Premium plugin. -->","yoast_head_json":{"title":"Conselheiro renuncia e CPFL elege substituto para o cargo - Ag\u00eancia iNFRA","robots":{"index":"index","follow":"follow","max-snippet":"max-snippet:-1","max-image-preview":"max-image-preview:large","max-video-preview":"max-video-preview:-1"},"canonical":"https:\/\/agenciainfra.com\/blog\/conselheiro-renuncia-e-cpfl-elege-substituto-para-o-cargo\/","og_locale":"pt_BR","og_type":"article","og_title":"Conselheiro renuncia e CPFL elege substituto para o cargo","og_description":"da Ag\u00eancia iNFRA A CPFL Energia informou que recebeu, na \u00faltima quarta-feira (4), a ren\u00fancia de Yumeng Zhao ao cargo de membro do Conselho de Administra\u00e7\u00e3o. Ele havia sido eleito na assembleia geral ordin\u00e1ria realizada em 29 de abril de 2025, com mandato previsto at\u00e9 2027. No mesmo dia, o Conselho de Administra\u00e7\u00e3o aprovou a [&hellip;]","og_url":"https:\/\/agenciainfra.com\/blog\/conselheiro-renuncia-e-cpfl-elege-substituto-para-o-cargo\/","og_site_name":"Ag\u00eancia iNFRA","article_publisher":"https:\/\/www.facebook.com\/ageninfra","article_published_time":"2026-03-06T22:58:52+00:00","article_modified_time":"2026-03-06T22:58:54+00:00","og_image":[{"width":1280,"height":658,"url":"https:\/\/agenciainfra.com\/blog\/wp-content\/uploads\/2025\/04\/cpfl-foto-divulgacao.jpg","type":"image\/jpeg"}],"author":"Ag\u00eancia iNFRA","twitter_card":"summary_large_image","twitter_creator":"@agencia_infra","twitter_site":"@agencia_infra","twitter_misc":{"Escrito por":"Ag\u00eancia iNFRA"},"schema":{"@context":"https:\/\/schema.org","@graph":[{"@type":"Article","@id":"https:\/\/agenciainfra.com\/blog\/conselheiro-renuncia-e-cpfl-elege-substituto-para-o-cargo\/#article","isPartOf":{"@id":"https:\/\/agenciainfra.com\/blog\/conselheiro-renuncia-e-cpfl-elege-substituto-para-o-cargo\/"},"author":{"name":"Ag\u00eancia iNFRA","@id":"https:\/\/agenciainfra.com\/blog\/#\/schema\/person\/34af08dff6adea4cb22b06612ba7acfa"},"headline":"Conselheiro renuncia e CPFL elege substituto para o cargo","datePublished":"2026-03-06T22:58:52+00:00","dateModified":"2026-03-06T22:58:54+00:00","mainEntityOfPage":{"@id":"https:\/\/agenciainfra.com\/blog\/conselheiro-renuncia-e-cpfl-elege-substituto-para-o-cargo\/"},"wordCount":101,"publisher":{"@id":"https:\/\/agenciainfra.com\/blog\/#organization"},"image":{"@id":"https:\/\/agenciainfra.com\/blog\/conselheiro-renuncia-e-cpfl-elege-substituto-para-o-cargo\/#primaryimage"},"thumbnailUrl":"https:\/\/agenciainfra.com\/blog\/wp-content\/uploads\/2025\/04\/cpfl-foto-divulgacao.jpg","keywords":["conselho de administra\u00e7\u00e3o","CPFL Energia","elei\u00e7\u00e3o de conselheiro","Ren\u00fancia"],"articleSection":["Giro iNFRA"],"inLanguage":"pt-BR","copyrightYear":"2026","copyrightHolder":{"@id":"https:\/\/agenciainfra.com\/blog\/#organization"}},{"@type":"WebPage","@id":"https:\/\/agenciainfra.com\/blog\/conselheiro-renuncia-e-cpfl-elege-substituto-para-o-cargo\/","url":"https:\/\/agenciainfra.com\/blog\/conselheiro-renuncia-e-cpfl-elege-substituto-para-o-cargo\/","name":"Conselheiro renuncia e CPFL elege substituto para o cargo - Ag\u00eancia iNFRA","isPartOf":{"@id":"https:\/\/agenciainfra.com\/blog\/#website"},"primaryImageOfPage":{"@id":"https:\/\/agenciainfra.com\/blog\/conselheiro-renuncia-e-cpfl-elege-substituto-para-o-cargo\/#primaryimage"},"image":{"@id":"https:\/\/agenciainfra.com\/blog\/conselheiro-renuncia-e-cpfl-elege-substituto-para-o-cargo\/#primaryimage"},"thumbnailUrl":"https:\/\/agenciainfra.com\/blog\/wp-content\/uploads\/2025\/04\/cpfl-foto-divulgacao.jpg","datePublished":"2026-03-06T22:58:52+00:00","dateModified":"2026-03-06T22:58:54+00:00","breadcrumb":{"@id":"https:\/\/agenciainfra.com\/blog\/conselheiro-renuncia-e-cpfl-elege-substituto-para-o-cargo\/#breadcrumb"},"inLanguage":"pt-BR","potentialAction":[{"@type":"ReadAction","target":["https:\/\/agenciainfra.com\/blog\/conselheiro-renuncia-e-cpfl-elege-substituto-para-o-cargo\/"]}]},{"@type":"ImageObject","inLanguage":"pt-BR","@id":"https:\/\/agenciainfra.com\/blog\/conselheiro-renuncia-e-cpfl-elege-substituto-para-o-cargo\/#primaryimage","url":"https:\/\/agenciainfra.com\/blog\/wp-content\/uploads\/2025\/04\/cpfl-foto-divulgacao.jpg","contentUrl":"https:\/\/agenciainfra.com\/blog\/wp-content\/uploads\/2025\/04\/cpfl-foto-divulgacao.jpg","width":1280,"height":658,"caption":"Foto: CPFL"},{"@type":"BreadcrumbList","@id":"https:\/\/agenciainfra.com\/blog\/conselheiro-renuncia-e-cpfl-elege-substituto-para-o-cargo\/#breadcrumb","itemListElement":[{"@type":"ListItem","position":1,"name":"In\u00edcio","item":"https:\/\/agenciainfra.com\/blog\/"},{"@type":"ListItem","position":2,"name":"Conselheiro renuncia e CPFL elege substituto para o cargo"}]},{"@type":"WebSite","@id":"https:\/\/agenciainfra.com\/blog\/#website","url":"https:\/\/agenciainfra.com\/blog\/","name":"Ag\u00eancia iNFRA","description":"Multiplataforma de informa\u00e7\u00e3o jornal\u00edstica refer\u00eancia na \u00e1rea de infraestrutura no Brasil!","publisher":{"@id":"https:\/\/agenciainfra.com\/blog\/#organization"},"potentialAction":[{"@type":"SearchAction","target":{"@type":"EntryPoint","urlTemplate":"https:\/\/agenciainfra.com\/blog\/?s={search_term_string}"},"query-input":{"@type":"PropertyValueSpecification","valueRequired":true,"valueName":"search_term_string"}}],"inLanguage":"pt-BR"},{"@type":"Organization","@id":"https:\/\/agenciainfra.com\/blog\/#organization","name":"Ag\u00eancia iNFRA","url":"https:\/\/agenciainfra.com\/blog\/","logo":{"@type":"ImageObject","inLanguage":"pt-BR","@id":"https:\/\/agenciainfra.com\/blog\/#\/schema\/logo\/image\/","url":"https:\/\/agenciainfra.com\/blog\/wp-content\/uploads\/2023\/09\/iNFRA_5-e1761735885940.png","contentUrl":"https:\/\/agenciainfra.com\/blog\/wp-content\/uploads\/2023\/09\/iNFRA_5-e1761735885940.png","width":1672,"height":454,"caption":"Ag\u00eancia iNFRA"},"image":{"@id":"https:\/\/agenciainfra.com\/blog\/#\/schema\/logo\/image\/"},"sameAs":["https:\/\/www.facebook.com\/ageninfra","https:\/\/x.com\/agencia_infra","https:\/\/www.linkedin.com\/company\/ag\u00eanciainfra\/","https:\/\/www.instagram.com\/agenciainfra\/"]},{"@type":"Person","@id":"https:\/\/agenciainfra.com\/blog\/#\/schema\/person\/34af08dff6adea4cb22b06612ba7acfa","name":"Ag\u00eancia iNFRA","image":{"@type":"ImageObject","inLanguage":"pt-BR","@id":"https:\/\/agenciainfra.com\/blog\/#\/schema\/person\/image\/","url":"https:\/\/secure.gravatar.com\/avatar\/d189e01678f06d8eb84d4e01f08eb848b3fffe3f8443818d3c356c66892f5be8?s=96&d=mm&r=g","contentUrl":"https:\/\/secure.gravatar.com\/avatar\/d189e01678f06d8eb84d4e01f08eb848b3fffe3f8443818d3c356c66892f5be8?s=96&d=mm&r=g","caption":"Ag\u00eancia iNFRA"},"url":"https:\/\/agenciainfra.com\/blog\/author\/admin\/"}]}},"_links":{"self":[{"href":"https:\/\/agenciainfra.com\/blog\/wp-json\/wp\/v2\/posts\/37507","targetHints":{"allow":["GET"]}}],"collection":[{"href":"https:\/\/agenciainfra.com\/blog\/wp-json\/wp\/v2\/posts"}],"about":[{"href":"https:\/\/agenciainfra.com\/blog\/wp-json\/wp\/v2\/types\/post"}],"author":[{"embeddable":true,"href":"https:\/\/agenciainfra.com\/blog\/wp-json\/wp\/v2\/users\/1"}],"replies":[{"embeddable":true,"href":"https:\/\/agenciainfra.com\/blog\/wp-json\/wp\/v2\/comments?post=37507"}],"version-history":[{"count":1,"href":"https:\/\/agenciainfra.com\/blog\/wp-json\/wp\/v2\/posts\/37507\/revisions"}],"predecessor-version":[{"id":37508,"href":"https:\/\/agenciainfra.com\/blog\/wp-json\/wp\/v2\/posts\/37507\/revisions\/37508"}],"wp:featuredmedia":[{"embeddable":true,"href":"https:\/\/agenciainfra.com\/blog\/wp-json\/wp\/v2\/media\/20955"}],"wp:attachment":[{"href":"https:\/\/agenciainfra.com\/blog\/wp-json\/wp\/v2\/media?parent=37507"}],"wp:term":[{"taxonomy":"category","embeddable":true,"href":"https:\/\/agenciainfra.com\/blog\/wp-json\/wp\/v2\/categories?post=37507"},{"taxonomy":"post_tag","embeddable":true,"href":"https:\/\/agenciainfra.com\/blog\/wp-json\/wp\/v2\/tags?post=37507"}],"curies":[{"name":"wp","href":"https:\/\/api.w.org\/{rel}","templated":true}]}}