{"id":3752,"date":"2019-09-20T11:00:59","date_gmt":"2019-09-20T14:00:59","guid":{"rendered":"http:\/\/www.agenciainfra.com\/blog\/?p=3752"},"modified":"2019-09-20T10:01:31","modified_gmt":"2019-09-20T13:01:31","slug":"cafe-com-infra-discute-problemas-solucoes-e-medidas-do-governo-para-a-cabotagem","status":"publish","type":"post","link":"https:\/\/agenciainfra.com\/blog\/cafe-com-infra-discute-problemas-solucoes-e-medidas-do-governo-para-a-cabotagem\/","title":{"rendered":"Caf\u00e9 com iNFRA discute problemas, solu\u00e7\u00f5es e medidas do governo para a cabotagem"},"content":{"rendered":"<h5 style=\"text-align: right;\"><strong>da Ag\u00eancia iNFRA<\/strong><\/h5>\n<p><span style=\"font-weight: 400;\">O diagn\u00f3stico dos problemas da cabotagem, suas poss\u00edveis solu\u00e7\u00f5es e as medidas que o governo prop\u00f5e para a amplia\u00e7\u00e3o do setor est\u00e3o entre os temas que ser\u00e3o debatidos no evento &#8220;Cabotagem: como o Brasil vai desenvolver a BR do Mar&#8221;, promovido pela Ag\u00eancia iNFRA com apoio da Praticagem do Brasil e do Governo do Par\u00e1.<\/span><\/p>\n<p><span style=\"font-weight: 400;\">Esse \u00e9 o primeiro de uma s\u00e9rie de encontros do projeto &#8220;Caf\u00e9 com iNFRA&#8221;, que visa a discuss\u00e3o dos temas mais importantes para o setor de infraestrutura do pa\u00eds.<\/span><\/p>\n<p><span style=\"font-weight: 400;\">O evento ser\u00e1 realizado em 1\u00ba de outubro, no Bras\u00edlia Imperial Hotel e Eventos, em Bras\u00edlia (DF), a partir das 8h.<\/span><\/p>\n<p><span style=\"font-weight: 400;\">A primeira mesa de debate, \u00e0s 9h, reunir\u00e1 o diretor-geral da ANTAQ (Ag\u00eancia Nacional de Transportes Aquavi\u00e1rios), M\u00e1rio Povia; o secret\u00e1rio da SeinfraPor (Secretaria de Fiscaliza\u00e7\u00e3o de Infraestrutura Portu\u00e1ria e Ferrovi\u00e1ria) do TCU (Tribunal de Contas da Uni\u00e3o), Jairo Misson; e o consultor da CNA (Confedera\u00e7\u00e3o da Agricultura e Pecu\u00e1ria do Brasil), Luiz Antonio Fayet. Com a media\u00e7\u00e3o de Osvaldo Agripino, professor da UFSC e da Univali e p\u00f3s-doutor em Regula\u00e7\u00e3o de Transportes e Portos, a mesa discutir\u00e1 o tema &#8220;O que impede o Brasil de usar a BR marinha?&#8221;.<\/span><\/p>\n<p><span style=\"font-weight: 400;\">\u00c0s 10h15, os participantes poder\u00e3o acompanhar uma apresenta\u00e7\u00e3o do secret\u00e1rio nacional de Portos e Transportes Aquavi\u00e1rios, Diogo Piloni, que vai dar um panorama das medidas legislativas em elabora\u00e7\u00e3o pelo governo.<\/span><\/p>\n<p><span style=\"font-weight: 400;\">A partir das 10h45, o tema &#8220;Pacote cabotagem, como o Brasil vai transformar sua navega\u00e7\u00e3o&#8221; ser\u00e1 abordado pelo diretor do Departamento de Navega\u00e7\u00e3o e Hidrovias do Minist\u00e9rio da Infraestrutura, Dino Antunes; pelo secret\u00e1rio de Advocacia da Concorr\u00eancia e Competitividade do Minist\u00e9rio da Economia, C\u00e9sar Mattos; pelo presidente da ABAC (Associa\u00e7\u00e3o Brasileira dos Armadores de Cabotagem), Cleber Lucas; e por Abrah\u00e3o Salom\u00e3o, secret\u00e1rio da Usuport-RJ (Associa\u00e7\u00e3o dos Usu\u00e1rios de Portos do Rio de Janeiro) e s\u00f3cio da Posidonia Shipping. A mesa ser\u00e1 mediada pelo jornalista Dimmi Amora, editor-chefe da Ag\u00eancia iNFRA.<\/span><\/p>\n<p><span style=\"font-weight: 400;\">Por fim, para o senador Wellington Fagundes (PL-MT) far\u00e1 o encerramento do evento, \u00e0s 12h. O parlamentar \u00e9 presidente da Frenlogi, a Frente Parlamentar Mista de Log\u00edstica e Infraestrutura.<\/span><\/p>\n<p><span style=\"font-weight: 400;\">Leia aqui a <a href=\"http:\/\/www.agenciainfra.com\/blog\/wp-content\/uploads\/2019\/09\/Cafe-com-INFRA.pdf\" target=\"_blank\" rel=\"noopener noreferrer\">programa\u00e7\u00e3o completa<\/a><\/span><span style=\"font-weight: 400;\">.<\/span><\/p>\n","protected":false},"excerpt":{"rendered":"<p>da Ag\u00eancia iNFRA O diagn\u00f3stico dos problemas da cabotagem, suas poss\u00edveis solu\u00e7\u00f5es e as medidas que o governo prop\u00f5e para a amplia\u00e7\u00e3o do setor est\u00e3o entre os temas que ser\u00e3o debatidos no evento &#8220;Cabotagem: como o Brasil vai desenvolver a BR do Mar&#8221;, promovido pela Ag\u00eancia iNFRA com apoio da Praticagem do Brasil e do [&hellip;]<\/p>\n","protected":false},"author":9,"featured_media":3754,"comment_status":"closed","ping_status":"closed","sticky":false,"template":"","format":"standard","meta":{"_monsterinsights_skip_tracking":false,"_monsterinsights_sitenote_active":false,"_monsterinsights_sitenote_note":"","_monsterinsights_sitenote_category":0,"footnotes":""},"categories":[7],"tags":[1298,1245,407,1282,1296,1297,1299,1145,811,1294,1234,408,1295,15],"class_list":["post-3752","post","type-post","status-publish","format-standard","has-post-thumbnail","hentry","category-infratransporte","tag-abrahao-salomao","tag-br-do-mar","tag-cabotagem","tag-cafe-com-infra","tag-cesar-mattos","tag-cleber-lucas","tag-dimmi-amora","tag-dino-antunes","tag-diogo-piloni","tag-jairo-misson","tag-luiz-antonio-fayet","tag-mario-povia","tag-osvaldo-agripino","tag-wellington-fagundes"],"yoast_head":"<!-- This site is optimized with the Yoast SEO Premium plugin v25.4 (Yoast SEO v26.0) - https:\/\/yoast.com\/wordpress\/plugins\/seo\/ -->\n<title>Caf\u00e9 com iNFRA discute problemas, solu\u00e7\u00f5es e medidas do governo para a cabotagem - Ag\u00eancia iNFRA<\/title>\n<meta name=\"robots\" content=\"index, follow, max-snippet:-1, max-image-preview:large, max-video-preview:-1\" \/>\n<link rel=\"canonical\" href=\"https:\/\/agenciainfra.com\/blog\/cafe-com-infra-discute-problemas-solucoes-e-medidas-do-governo-para-a-cabotagem\/\" \/>\n<meta property=\"og:locale\" content=\"pt_BR\" \/>\n<meta property=\"og:type\" content=\"article\" \/>\n<meta property=\"og:title\" content=\"Caf\u00e9 com iNFRA discute problemas, solu\u00e7\u00f5es e medidas do governo para a cabotagem\" \/>\n<meta property=\"og:description\" content=\"da Ag\u00eancia iNFRA O diagn\u00f3stico dos problemas da cabotagem, suas poss\u00edveis solu\u00e7\u00f5es e as medidas que o governo prop\u00f5e para a amplia\u00e7\u00e3o do setor est\u00e3o entre os temas que ser\u00e3o debatidos no evento &#8220;Cabotagem: como o Brasil vai desenvolver a BR do Mar&#8221;, promovido pela Ag\u00eancia iNFRA com apoio da Praticagem do Brasil e do [&hellip;]\" \/>\n<meta property=\"og:url\" content=\"https:\/\/agenciainfra.com\/blog\/cafe-com-infra-discute-problemas-solucoes-e-medidas-do-governo-para-a-cabotagem\/\" \/>\n<meta property=\"og:site_name\" content=\"Ag\u00eancia iNFRA\" \/>\n<meta property=\"article:publisher\" content=\"https:\/\/www.facebook.com\/ageninfra\" \/>\n<meta property=\"article:published_time\" content=\"2019-09-20T14:00:59+00:00\" \/>\n<meta property=\"og:image\" content=\"https:\/\/agenciainfra.com\/blog\/wp-content\/uploads\/2019\/09\/foto-appa.jpg\" \/>\n\t<meta property=\"og:image:width\" content=\"1280\" \/>\n\t<meta property=\"og:image:height\" content=\"853\" \/>\n\t<meta property=\"og:image:type\" content=\"image\/jpeg\" \/>\n<meta name=\"author\" content=\"Rodrigo Zuquim\" \/>\n<meta name=\"twitter:card\" content=\"summary_large_image\" \/>\n<meta name=\"twitter:creator\" content=\"@agencia_infra\" \/>\n<meta name=\"twitter:site\" content=\"@agencia_infra\" \/>\n<meta name=\"twitter:label1\" content=\"Escrito por\" \/>\n\t<meta name=\"twitter:data1\" content=\"Rodrigo Zuquim\" \/>\n\t<meta name=\"twitter:label2\" content=\"Est. tempo de leitura\" \/>\n\t<meta name=\"twitter:data2\" content=\"2 minutos\" \/>\n<script type=\"application\/ld+json\" class=\"yoast-schema-graph\">{\"@context\":\"https:\/\/schema.org\",\"@graph\":[{\"@type\":\"Article\",\"@id\":\"https:\/\/agenciainfra.com\/blog\/cafe-com-infra-discute-problemas-solucoes-e-medidas-do-governo-para-a-cabotagem\/#article\",\"isPartOf\":{\"@id\":\"https:\/\/agenciainfra.com\/blog\/cafe-com-infra-discute-problemas-solucoes-e-medidas-do-governo-para-a-cabotagem\/\"},\"author\":{\"name\":\"Rodrigo Zuquim\",\"@id\":\"https:\/\/agenciainfra.com\/blog\/#\/schema\/person\/04dbb79bd6d8951f063da71f3e4c1eb1\"},\"headline\":\"Caf\u00e9 com iNFRA discute problemas, solu\u00e7\u00f5es e medidas do governo para a cabotagem\",\"datePublished\":\"2019-09-20T14:00:59+00:00\",\"mainEntityOfPage\":{\"@id\":\"https:\/\/agenciainfra.com\/blog\/cafe-com-infra-discute-problemas-solucoes-e-medidas-do-governo-para-a-cabotagem\/\"},\"wordCount\":412,\"publisher\":{\"@id\":\"https:\/\/agenciainfra.com\/blog\/#organization\"},\"image\":{\"@id\":\"https:\/\/agenciainfra.com\/blog\/cafe-com-infra-discute-problemas-solucoes-e-medidas-do-governo-para-a-cabotagem\/#primaryimage\"},\"thumbnailUrl\":\"https:\/\/agenciainfra.com\/blog\/wp-content\/uploads\/2019\/09\/foto-appa.jpg\",\"keywords\":[\"Abrah\u00e3o Salom\u00e3o\",\"BR do Mar\",\"cabotagem\",\"Caf\u00e9 com iNFRA\",\"C\u00e9sar Mattos\",\"Cleber Lucas\",\"Dimmi Amora\",\"Dino Antunes\",\"Diogo Piloni\",\"Jairo Misson\",\"Luiz Ant\u00f4nio Fayet\",\"M\u00e1rio Povia\",\"Osvaldo Agripino\",\"wellington fagundes\"],\"articleSection\":[\"iNFRATransporte\"],\"inLanguage\":\"pt-BR\",\"copyrightYear\":\"2019\",\"copyrightHolder\":{\"@id\":\"https:\/\/agenciainfra.com\/blog\/#organization\"}},{\"@type\":\"WebPage\",\"@id\":\"https:\/\/agenciainfra.com\/blog\/cafe-com-infra-discute-problemas-solucoes-e-medidas-do-governo-para-a-cabotagem\/\",\"url\":\"https:\/\/agenciainfra.com\/blog\/cafe-com-infra-discute-problemas-solucoes-e-medidas-do-governo-para-a-cabotagem\/\",\"name\":\"Caf\u00e9 com iNFRA discute problemas, solu\u00e7\u00f5es e medidas do governo para a cabotagem - Ag\u00eancia iNFRA\",\"isPartOf\":{\"@id\":\"https:\/\/agenciainfra.com\/blog\/#website\"},\"primaryImageOfPage\":{\"@id\":\"https:\/\/agenciainfra.com\/blog\/cafe-com-infra-discute-problemas-solucoes-e-medidas-do-governo-para-a-cabotagem\/#primaryimage\"},\"image\":{\"@id\":\"https:\/\/agenciainfra.com\/blog\/cafe-com-infra-discute-problemas-solucoes-e-medidas-do-governo-para-a-cabotagem\/#primaryimage\"},\"thumbnailUrl\":\"https:\/\/agenciainfra.com\/blog\/wp-content\/uploads\/2019\/09\/foto-appa.jpg\",\"datePublished\":\"2019-09-20T14:00:59+00:00\",\"breadcrumb\":{\"@id\":\"https:\/\/agenciainfra.com\/blog\/cafe-com-infra-discute-problemas-solucoes-e-medidas-do-governo-para-a-cabotagem\/#breadcrumb\"},\"inLanguage\":\"pt-BR\",\"potentialAction\":[{\"@type\":\"ReadAction\",\"target\":[\"https:\/\/agenciainfra.com\/blog\/cafe-com-infra-discute-problemas-solucoes-e-medidas-do-governo-para-a-cabotagem\/\"]}]},{\"@type\":\"ImageObject\",\"inLanguage\":\"pt-BR\",\"@id\":\"https:\/\/agenciainfra.com\/blog\/cafe-com-infra-discute-problemas-solucoes-e-medidas-do-governo-para-a-cabotagem\/#primaryimage\",\"url\":\"https:\/\/agenciainfra.com\/blog\/wp-content\/uploads\/2019\/09\/foto-appa.jpg\",\"contentUrl\":\"https:\/\/agenciainfra.com\/blog\/wp-content\/uploads\/2019\/09\/foto-appa.jpg\",\"width\":1280,\"height\":853},{\"@type\":\"BreadcrumbList\",\"@id\":\"https:\/\/agenciainfra.com\/blog\/cafe-com-infra-discute-problemas-solucoes-e-medidas-do-governo-para-a-cabotagem\/#breadcrumb\",\"itemListElement\":[{\"@type\":\"ListItem\",\"position\":1,\"name\":\"In\u00edcio\",\"item\":\"https:\/\/agenciainfra.com\/blog\/\"},{\"@type\":\"ListItem\",\"position\":2,\"name\":\"Caf\u00e9 com iNFRA discute problemas, solu\u00e7\u00f5es e medidas do governo para a cabotagem\"}]},{\"@type\":\"WebSite\",\"@id\":\"https:\/\/agenciainfra.com\/blog\/#website\",\"url\":\"https:\/\/agenciainfra.com\/blog\/\",\"name\":\"Ag\u00eancia iNFRA\",\"description\":\"Multiplataforma de informa\u00e7\u00e3o jornal\u00edstica refer\u00eancia na \u00e1rea de infraestrutura no Brasil!\",\"publisher\":{\"@id\":\"https:\/\/agenciainfra.com\/blog\/#organization\"},\"potentialAction\":[{\"@type\":\"SearchAction\",\"target\":{\"@type\":\"EntryPoint\",\"urlTemplate\":\"https:\/\/agenciainfra.com\/blog\/?s={search_term_string}\"},\"query-input\":{\"@type\":\"PropertyValueSpecification\",\"valueRequired\":true,\"valueName\":\"search_term_string\"}}],\"inLanguage\":\"pt-BR\"},{\"@type\":\"Organization\",\"@id\":\"https:\/\/agenciainfra.com\/blog\/#organization\",\"name\":\"Ag\u00eancia iNFRA\",\"url\":\"https:\/\/agenciainfra.com\/blog\/\",\"logo\":{\"@type\":\"ImageObject\",\"inLanguage\":\"pt-BR\",\"@id\":\"https:\/\/agenciainfra.com\/blog\/#\/schema\/logo\/image\/\",\"url\":\"https:\/\/agenciainfra.com\/blog\/wp-content\/uploads\/2023\/09\/iNFRA_5-e1761735885940.png\",\"contentUrl\":\"https:\/\/agenciainfra.com\/blog\/wp-content\/uploads\/2023\/09\/iNFRA_5-e1761735885940.png\",\"width\":1672,\"height\":454,\"caption\":\"Ag\u00eancia iNFRA\"},\"image\":{\"@id\":\"https:\/\/agenciainfra.com\/blog\/#\/schema\/logo\/image\/\"},\"sameAs\":[\"https:\/\/www.facebook.com\/ageninfra\",\"https:\/\/x.com\/agencia_infra\",\"https:\/\/www.linkedin.com\/company\/ag\u00eanciainfra\/\",\"https:\/\/www.instagram.com\/agenciainfra\/\"]},{\"@type\":\"Person\",\"@id\":\"https:\/\/agenciainfra.com\/blog\/#\/schema\/person\/04dbb79bd6d8951f063da71f3e4c1eb1\",\"name\":\"Rodrigo Zuquim\",\"image\":{\"@type\":\"ImageObject\",\"inLanguage\":\"pt-BR\",\"@id\":\"https:\/\/agenciainfra.com\/blog\/#\/schema\/person\/image\/\",\"url\":\"https:\/\/secure.gravatar.com\/avatar\/594abfe82761d620726242ff34ca472a705a4b97f16c790053a6b4c4035274d0?s=96&d=mm&r=g\",\"contentUrl\":\"https:\/\/secure.gravatar.com\/avatar\/594abfe82761d620726242ff34ca472a705a4b97f16c790053a6b4c4035274d0?s=96&d=mm&r=g\",\"caption\":\"Rodrigo Zuquim\"},\"url\":\"https:\/\/agenciainfra.com\/blog\/author\/rodrigo-zuquim\/\"}]}<\/script>\n<!-- \/ Yoast SEO Premium plugin. -->","yoast_head_json":{"title":"Caf\u00e9 com iNFRA discute problemas, solu\u00e7\u00f5es e medidas do governo para a cabotagem - Ag\u00eancia iNFRA","robots":{"index":"index","follow":"follow","max-snippet":"max-snippet:-1","max-image-preview":"max-image-preview:large","max-video-preview":"max-video-preview:-1"},"canonical":"https:\/\/agenciainfra.com\/blog\/cafe-com-infra-discute-problemas-solucoes-e-medidas-do-governo-para-a-cabotagem\/","og_locale":"pt_BR","og_type":"article","og_title":"Caf\u00e9 com iNFRA discute problemas, solu\u00e7\u00f5es e medidas do governo para a cabotagem","og_description":"da Ag\u00eancia iNFRA O diagn\u00f3stico dos problemas da cabotagem, suas poss\u00edveis solu\u00e7\u00f5es e as medidas que o governo prop\u00f5e para a amplia\u00e7\u00e3o do setor est\u00e3o entre os temas que ser\u00e3o debatidos no evento &#8220;Cabotagem: como o Brasil vai desenvolver a BR do Mar&#8221;, promovido pela Ag\u00eancia iNFRA com apoio da Praticagem do Brasil e do [&hellip;]","og_url":"https:\/\/agenciainfra.com\/blog\/cafe-com-infra-discute-problemas-solucoes-e-medidas-do-governo-para-a-cabotagem\/","og_site_name":"Ag\u00eancia iNFRA","article_publisher":"https:\/\/www.facebook.com\/ageninfra","article_published_time":"2019-09-20T14:00:59+00:00","og_image":[{"width":1280,"height":853,"url":"https:\/\/agenciainfra.com\/blog\/wp-content\/uploads\/2019\/09\/foto-appa.jpg","type":"image\/jpeg"}],"author":"Rodrigo Zuquim","twitter_card":"summary_large_image","twitter_creator":"@agencia_infra","twitter_site":"@agencia_infra","twitter_misc":{"Escrito por":"Rodrigo Zuquim","Est. tempo de leitura":"2 minutos"},"schema":{"@context":"https:\/\/schema.org","@graph":[{"@type":"Article","@id":"https:\/\/agenciainfra.com\/blog\/cafe-com-infra-discute-problemas-solucoes-e-medidas-do-governo-para-a-cabotagem\/#article","isPartOf":{"@id":"https:\/\/agenciainfra.com\/blog\/cafe-com-infra-discute-problemas-solucoes-e-medidas-do-governo-para-a-cabotagem\/"},"author":{"name":"Rodrigo Zuquim","@id":"https:\/\/agenciainfra.com\/blog\/#\/schema\/person\/04dbb79bd6d8951f063da71f3e4c1eb1"},"headline":"Caf\u00e9 com iNFRA discute problemas, solu\u00e7\u00f5es e medidas do governo para a cabotagem","datePublished":"2019-09-20T14:00:59+00:00","mainEntityOfPage":{"@id":"https:\/\/agenciainfra.com\/blog\/cafe-com-infra-discute-problemas-solucoes-e-medidas-do-governo-para-a-cabotagem\/"},"wordCount":412,"publisher":{"@id":"https:\/\/agenciainfra.com\/blog\/#organization"},"image":{"@id":"https:\/\/agenciainfra.com\/blog\/cafe-com-infra-discute-problemas-solucoes-e-medidas-do-governo-para-a-cabotagem\/#primaryimage"},"thumbnailUrl":"https:\/\/agenciainfra.com\/blog\/wp-content\/uploads\/2019\/09\/foto-appa.jpg","keywords":["Abrah\u00e3o Salom\u00e3o","BR do Mar","cabotagem","Caf\u00e9 com iNFRA","C\u00e9sar Mattos","Cleber Lucas","Dimmi Amora","Dino Antunes","Diogo Piloni","Jairo Misson","Luiz Ant\u00f4nio Fayet","M\u00e1rio Povia","Osvaldo Agripino","wellington fagundes"],"articleSection":["iNFRATransporte"],"inLanguage":"pt-BR","copyrightYear":"2019","copyrightHolder":{"@id":"https:\/\/agenciainfra.com\/blog\/#organization"}},{"@type":"WebPage","@id":"https:\/\/agenciainfra.com\/blog\/cafe-com-infra-discute-problemas-solucoes-e-medidas-do-governo-para-a-cabotagem\/","url":"https:\/\/agenciainfra.com\/blog\/cafe-com-infra-discute-problemas-solucoes-e-medidas-do-governo-para-a-cabotagem\/","name":"Caf\u00e9 com iNFRA discute problemas, solu\u00e7\u00f5es e medidas do governo para a cabotagem - Ag\u00eancia iNFRA","isPartOf":{"@id":"https:\/\/agenciainfra.com\/blog\/#website"},"primaryImageOfPage":{"@id":"https:\/\/agenciainfra.com\/blog\/cafe-com-infra-discute-problemas-solucoes-e-medidas-do-governo-para-a-cabotagem\/#primaryimage"},"image":{"@id":"https:\/\/agenciainfra.com\/blog\/cafe-com-infra-discute-problemas-solucoes-e-medidas-do-governo-para-a-cabotagem\/#primaryimage"},"thumbnailUrl":"https:\/\/agenciainfra.com\/blog\/wp-content\/uploads\/2019\/09\/foto-appa.jpg","datePublished":"2019-09-20T14:00:59+00:00","breadcrumb":{"@id":"https:\/\/agenciainfra.com\/blog\/cafe-com-infra-discute-problemas-solucoes-e-medidas-do-governo-para-a-cabotagem\/#breadcrumb"},"inLanguage":"pt-BR","potentialAction":[{"@type":"ReadAction","target":["https:\/\/agenciainfra.com\/blog\/cafe-com-infra-discute-problemas-solucoes-e-medidas-do-governo-para-a-cabotagem\/"]}]},{"@type":"ImageObject","inLanguage":"pt-BR","@id":"https:\/\/agenciainfra.com\/blog\/cafe-com-infra-discute-problemas-solucoes-e-medidas-do-governo-para-a-cabotagem\/#primaryimage","url":"https:\/\/agenciainfra.com\/blog\/wp-content\/uploads\/2019\/09\/foto-appa.jpg","contentUrl":"https:\/\/agenciainfra.com\/blog\/wp-content\/uploads\/2019\/09\/foto-appa.jpg","width":1280,"height":853},{"@type":"BreadcrumbList","@id":"https:\/\/agenciainfra.com\/blog\/cafe-com-infra-discute-problemas-solucoes-e-medidas-do-governo-para-a-cabotagem\/#breadcrumb","itemListElement":[{"@type":"ListItem","position":1,"name":"In\u00edcio","item":"https:\/\/agenciainfra.com\/blog\/"},{"@type":"ListItem","position":2,"name":"Caf\u00e9 com iNFRA discute problemas, solu\u00e7\u00f5es e medidas do governo para a cabotagem"}]},{"@type":"WebSite","@id":"https:\/\/agenciainfra.com\/blog\/#website","url":"https:\/\/agenciainfra.com\/blog\/","name":"Ag\u00eancia iNFRA","description":"Multiplataforma de informa\u00e7\u00e3o jornal\u00edstica refer\u00eancia na \u00e1rea de infraestrutura no Brasil!","publisher":{"@id":"https:\/\/agenciainfra.com\/blog\/#organization"},"potentialAction":[{"@type":"SearchAction","target":{"@type":"EntryPoint","urlTemplate":"https:\/\/agenciainfra.com\/blog\/?s={search_term_string}"},"query-input":{"@type":"PropertyValueSpecification","valueRequired":true,"valueName":"search_term_string"}}],"inLanguage":"pt-BR"},{"@type":"Organization","@id":"https:\/\/agenciainfra.com\/blog\/#organization","name":"Ag\u00eancia iNFRA","url":"https:\/\/agenciainfra.com\/blog\/","logo":{"@type":"ImageObject","inLanguage":"pt-BR","@id":"https:\/\/agenciainfra.com\/blog\/#\/schema\/logo\/image\/","url":"https:\/\/agenciainfra.com\/blog\/wp-content\/uploads\/2023\/09\/iNFRA_5-e1761735885940.png","contentUrl":"https:\/\/agenciainfra.com\/blog\/wp-content\/uploads\/2023\/09\/iNFRA_5-e1761735885940.png","width":1672,"height":454,"caption":"Ag\u00eancia iNFRA"},"image":{"@id":"https:\/\/agenciainfra.com\/blog\/#\/schema\/logo\/image\/"},"sameAs":["https:\/\/www.facebook.com\/ageninfra","https:\/\/x.com\/agencia_infra","https:\/\/www.linkedin.com\/company\/ag\u00eanciainfra\/","https:\/\/www.instagram.com\/agenciainfra\/"]},{"@type":"Person","@id":"https:\/\/agenciainfra.com\/blog\/#\/schema\/person\/04dbb79bd6d8951f063da71f3e4c1eb1","name":"Rodrigo Zuquim","image":{"@type":"ImageObject","inLanguage":"pt-BR","@id":"https:\/\/agenciainfra.com\/blog\/#\/schema\/person\/image\/","url":"https:\/\/secure.gravatar.com\/avatar\/594abfe82761d620726242ff34ca472a705a4b97f16c790053a6b4c4035274d0?s=96&d=mm&r=g","contentUrl":"https:\/\/secure.gravatar.com\/avatar\/594abfe82761d620726242ff34ca472a705a4b97f16c790053a6b4c4035274d0?s=96&d=mm&r=g","caption":"Rodrigo Zuquim"},"url":"https:\/\/agenciainfra.com\/blog\/author\/rodrigo-zuquim\/"}]}},"_links":{"self":[{"href":"https:\/\/agenciainfra.com\/blog\/wp-json\/wp\/v2\/posts\/3752","targetHints":{"allow":["GET"]}}],"collection":[{"href":"https:\/\/agenciainfra.com\/blog\/wp-json\/wp\/v2\/posts"}],"about":[{"href":"https:\/\/agenciainfra.com\/blog\/wp-json\/wp\/v2\/types\/post"}],"author":[{"embeddable":true,"href":"https:\/\/agenciainfra.com\/blog\/wp-json\/wp\/v2\/users\/9"}],"replies":[{"embeddable":true,"href":"https:\/\/agenciainfra.com\/blog\/wp-json\/wp\/v2\/comments?post=3752"}],"version-history":[{"count":0,"href":"https:\/\/agenciainfra.com\/blog\/wp-json\/wp\/v2\/posts\/3752\/revisions"}],"wp:featuredmedia":[{"embeddable":true,"href":"https:\/\/agenciainfra.com\/blog\/wp-json\/wp\/v2\/media\/3754"}],"wp:attachment":[{"href":"https:\/\/agenciainfra.com\/blog\/wp-json\/wp\/v2\/media?parent=3752"}],"wp:term":[{"taxonomy":"category","embeddable":true,"href":"https:\/\/agenciainfra.com\/blog\/wp-json\/wp\/v2\/categories?post=3752"},{"taxonomy":"post_tag","embeddable":true,"href":"https:\/\/agenciainfra.com\/blog\/wp-json\/wp\/v2\/tags?post=3752"}],"curies":[{"name":"wp","href":"https:\/\/api.w.org\/{rel}","templated":true}]}}