{"id":37522,"date":"2026-03-09T18:17:16","date_gmt":"2026-03-09T21:17:16","guid":{"rendered":"https:\/\/agenciainfra.com\/blog\/?p=37522"},"modified":"2026-03-09T18:17:18","modified_gmt":"2026-03-09T21:17:18","slug":"consumo-de-energia-no-mercado-livre-cresce-73-em-2025","status":"publish","type":"post","link":"https:\/\/agenciainfra.com\/blog\/consumo-de-energia-no-mercado-livre-cresce-73-em-2025\/","title":{"rendered":"Consumo de energia no mercado livre cresce 7,3% em 2025"},"content":{"rendered":"\n<p class=\"has-text-align-right\"><strong>da Ag\u00eancia iNFRA<\/strong><\/p>\n\n\n\n<p>O consumo de energia no mercado livre brasileiro cresceu 7,3% em 2025, segundo estudo da CCEE (C\u00e2mara de Comercializa\u00e7\u00e3o de Energia El\u00e9trica). O segmento j\u00e1 responde por 42% de toda a eletricidade consumida no Brasil.<\/p>\n\n\n\n<p>Enquanto o mercado livre avan\u00e7ou, o mercado regulado registrou queda de 5,1% no consumo. No total, a demanda de energia no Sistema Interligado Nacional teve leve recuo de 0,2%.<\/p>\n\n\n\n<p>O setor de saneamento liderou o crescimento do mercado livre, com alta de 28,3%, seguido por servi\u00e7os, com aumento de 20,6%, e com\u00e9rcio, com 15%. A ind\u00fastria segue como principal consumidora de energia no pa\u00eds, com destaque para os segmentos de metalurgia e produtos de metal.<\/p>\n\n\n\n<p>Segundo a CCEE, estados como Par\u00e1, Minas Gerais e Paran\u00e1 j\u00e1 registram mais da metade do consumo de energia no ambiente livre.<\/p>\n\n\n\n<p>O estudo tamb\u00e9m aponta que 90% da eletricidade gerada no pa\u00eds em 2025 veio de fontes renov\u00e1veis, com predomin\u00e2ncia da gera\u00e7\u00e3o hidrel\u00e9trica, al\u00e9m do avan\u00e7o das fontes e\u00f3lica e solar.<\/p>\n","protected":false},"excerpt":{"rendered":"<p>da Ag\u00eancia iNFRA O consumo de energia no mercado livre brasileiro cresceu 7,3% em 2025, segundo estudo da CCEE (C\u00e2mara de Comercializa\u00e7\u00e3o de Energia El\u00e9trica). O segmento j\u00e1 responde por 42% de toda a eletricidade consumida no Brasil. Enquanto o mercado livre avan\u00e7ou, o mercado regulado registrou queda de 5,1% no consumo. No total, a [&hellip;]<\/p>\n","protected":false},"author":1,"featured_media":27264,"comment_status":"closed","ping_status":"closed","sticky":false,"template":"","format":"standard","meta":{"_monsterinsights_skip_tracking":false,"_monsterinsights_sitenote_active":false,"_monsterinsights_sitenote_note":"","_monsterinsights_sitenote_category":0,"footnotes":""},"categories":[13576],"tags":[14,13,4542,18813,55],"class_list":["post-37522","post","type-post","status-publish","format-standard","has-post-thumbnail","hentry","category-giro-infra","tag-ccee","tag-consumo-de-energia","tag-eletricidade","tag-geracao-e-distribuicao","tag-mercado-livre"],"yoast_head":"<!-- This site is optimized with the Yoast SEO Premium plugin v25.4 (Yoast SEO v26.0) - https:\/\/yoast.com\/wordpress\/plugins\/seo\/ -->\n<title>Consumo de energia no mercado livre cresce 7,3% em 2025 - Ag\u00eancia iNFRA<\/title>\n<meta name=\"robots\" content=\"index, follow, max-snippet:-1, max-image-preview:large, max-video-preview:-1\" \/>\n<link rel=\"canonical\" href=\"https:\/\/agenciainfra.com\/blog\/consumo-de-energia-no-mercado-livre-cresce-73-em-2025\/\" \/>\n<meta property=\"og:locale\" content=\"pt_BR\" \/>\n<meta property=\"og:type\" content=\"article\" \/>\n<meta property=\"og:title\" content=\"Consumo de energia no mercado livre cresce 7,3% em 2025\" \/>\n<meta property=\"og:description\" content=\"da Ag\u00eancia iNFRA O consumo de energia no mercado livre brasileiro cresceu 7,3% em 2025, segundo estudo da CCEE (C\u00e2mara de Comercializa\u00e7\u00e3o de Energia El\u00e9trica). O segmento j\u00e1 responde por 42% de toda a eletricidade consumida no Brasil. Enquanto o mercado livre avan\u00e7ou, o mercado regulado registrou queda de 5,1% no consumo. No total, a [&hellip;]\" \/>\n<meta property=\"og:url\" content=\"https:\/\/agenciainfra.com\/blog\/consumo-de-energia-no-mercado-livre-cresce-73-em-2025\/\" \/>\n<meta property=\"og:site_name\" content=\"Ag\u00eancia iNFRA\" \/>\n<meta property=\"article:publisher\" content=\"https:\/\/www.facebook.com\/ageninfra\" \/>\n<meta property=\"article:published_time\" content=\"2026-03-09T21:17:16+00:00\" \/>\n<meta property=\"article:modified_time\" content=\"2026-03-09T21:17:18+00:00\" \/>\n<meta property=\"og:image\" content=\"https:\/\/agenciainfra.com\/blog\/wp-content\/uploads\/2025\/09\/distribuicao-energia-foto-marcello-casal-jr-agencia-brasil.png\" \/>\n\t<meta property=\"og:image:width\" content=\"1280\" \/>\n\t<meta property=\"og:image:height\" content=\"765\" \/>\n\t<meta property=\"og:image:type\" content=\"image\/png\" \/>\n<meta name=\"author\" content=\"Ag\u00eancia iNFRA\" \/>\n<meta name=\"twitter:card\" content=\"summary_large_image\" \/>\n<meta name=\"twitter:creator\" content=\"@agencia_infra\" \/>\n<meta name=\"twitter:site\" content=\"@agencia_infra\" \/>\n<meta name=\"twitter:label1\" content=\"Escrito por\" \/>\n\t<meta name=\"twitter:data1\" content=\"Ag\u00eancia iNFRA\" \/>\n\t<meta name=\"twitter:label2\" content=\"Est. tempo de leitura\" \/>\n\t<meta name=\"twitter:data2\" content=\"1 minuto\" \/>\n<script type=\"application\/ld+json\" class=\"yoast-schema-graph\">{\"@context\":\"https:\/\/schema.org\",\"@graph\":[{\"@type\":\"Article\",\"@id\":\"https:\/\/agenciainfra.com\/blog\/consumo-de-energia-no-mercado-livre-cresce-73-em-2025\/#article\",\"isPartOf\":{\"@id\":\"https:\/\/agenciainfra.com\/blog\/consumo-de-energia-no-mercado-livre-cresce-73-em-2025\/\"},\"author\":{\"name\":\"Ag\u00eancia iNFRA\",\"@id\":\"https:\/\/agenciainfra.com\/blog\/#\/schema\/person\/34af08dff6adea4cb22b06612ba7acfa\"},\"headline\":\"Consumo de energia no mercado livre cresce 7,3% em 2025\",\"datePublished\":\"2026-03-09T21:17:16+00:00\",\"dateModified\":\"2026-03-09T21:17:18+00:00\",\"mainEntityOfPage\":{\"@id\":\"https:\/\/agenciainfra.com\/blog\/consumo-de-energia-no-mercado-livre-cresce-73-em-2025\/\"},\"wordCount\":181,\"publisher\":{\"@id\":\"https:\/\/agenciainfra.com\/blog\/#organization\"},\"image\":{\"@id\":\"https:\/\/agenciainfra.com\/blog\/consumo-de-energia-no-mercado-livre-cresce-73-em-2025\/#primaryimage\"},\"thumbnailUrl\":\"https:\/\/agenciainfra.com\/blog\/wp-content\/uploads\/2025\/09\/distribuicao-energia-foto-marcello-casal-jr-agencia-brasil.png\",\"keywords\":[\"ccee\",\"consumo de energia\",\"eletricidade\",\"gera\u00e7\u00e3o e distribui\u00e7\u00e3o\",\"mercado livre\"],\"articleSection\":[\"Giro iNFRA\"],\"inLanguage\":\"pt-BR\",\"copyrightYear\":\"2026\",\"copyrightHolder\":{\"@id\":\"https:\/\/agenciainfra.com\/blog\/#organization\"}},{\"@type\":\"WebPage\",\"@id\":\"https:\/\/agenciainfra.com\/blog\/consumo-de-energia-no-mercado-livre-cresce-73-em-2025\/\",\"url\":\"https:\/\/agenciainfra.com\/blog\/consumo-de-energia-no-mercado-livre-cresce-73-em-2025\/\",\"name\":\"Consumo de energia no mercado livre cresce 7,3% em 2025 - Ag\u00eancia iNFRA\",\"isPartOf\":{\"@id\":\"https:\/\/agenciainfra.com\/blog\/#website\"},\"primaryImageOfPage\":{\"@id\":\"https:\/\/agenciainfra.com\/blog\/consumo-de-energia-no-mercado-livre-cresce-73-em-2025\/#primaryimage\"},\"image\":{\"@id\":\"https:\/\/agenciainfra.com\/blog\/consumo-de-energia-no-mercado-livre-cresce-73-em-2025\/#primaryimage\"},\"thumbnailUrl\":\"https:\/\/agenciainfra.com\/blog\/wp-content\/uploads\/2025\/09\/distribuicao-energia-foto-marcello-casal-jr-agencia-brasil.png\",\"datePublished\":\"2026-03-09T21:17:16+00:00\",\"dateModified\":\"2026-03-09T21:17:18+00:00\",\"breadcrumb\":{\"@id\":\"https:\/\/agenciainfra.com\/blog\/consumo-de-energia-no-mercado-livre-cresce-73-em-2025\/#breadcrumb\"},\"inLanguage\":\"pt-BR\",\"potentialAction\":[{\"@type\":\"ReadAction\",\"target\":[\"https:\/\/agenciainfra.com\/blog\/consumo-de-energia-no-mercado-livre-cresce-73-em-2025\/\"]}]},{\"@type\":\"ImageObject\",\"inLanguage\":\"pt-BR\",\"@id\":\"https:\/\/agenciainfra.com\/blog\/consumo-de-energia-no-mercado-livre-cresce-73-em-2025\/#primaryimage\",\"url\":\"https:\/\/agenciainfra.com\/blog\/wp-content\/uploads\/2025\/09\/distribuicao-energia-foto-marcello-casal-jr-agencia-brasil.png\",\"contentUrl\":\"https:\/\/agenciainfra.com\/blog\/wp-content\/uploads\/2025\/09\/distribuicao-energia-foto-marcello-casal-jr-agencia-brasil.png\",\"width\":1280,\"height\":765,\"caption\":\"Foto: Marcello Casal Jr.\/Ag\u00eancia Brasil\"},{\"@type\":\"BreadcrumbList\",\"@id\":\"https:\/\/agenciainfra.com\/blog\/consumo-de-energia-no-mercado-livre-cresce-73-em-2025\/#breadcrumb\",\"itemListElement\":[{\"@type\":\"ListItem\",\"position\":1,\"name\":\"In\u00edcio\",\"item\":\"https:\/\/agenciainfra.com\/blog\/\"},{\"@type\":\"ListItem\",\"position\":2,\"name\":\"Consumo de energia no mercado livre cresce 7,3% em 2025\"}]},{\"@type\":\"WebSite\",\"@id\":\"https:\/\/agenciainfra.com\/blog\/#website\",\"url\":\"https:\/\/agenciainfra.com\/blog\/\",\"name\":\"Ag\u00eancia iNFRA\",\"description\":\"Multiplataforma de informa\u00e7\u00e3o jornal\u00edstica refer\u00eancia na \u00e1rea de infraestrutura no Brasil!\",\"publisher\":{\"@id\":\"https:\/\/agenciainfra.com\/blog\/#organization\"},\"potentialAction\":[{\"@type\":\"SearchAction\",\"target\":{\"@type\":\"EntryPoint\",\"urlTemplate\":\"https:\/\/agenciainfra.com\/blog\/?s={search_term_string}\"},\"query-input\":{\"@type\":\"PropertyValueSpecification\",\"valueRequired\":true,\"valueName\":\"search_term_string\"}}],\"inLanguage\":\"pt-BR\"},{\"@type\":\"Organization\",\"@id\":\"https:\/\/agenciainfra.com\/blog\/#organization\",\"name\":\"Ag\u00eancia iNFRA\",\"url\":\"https:\/\/agenciainfra.com\/blog\/\",\"logo\":{\"@type\":\"ImageObject\",\"inLanguage\":\"pt-BR\",\"@id\":\"https:\/\/agenciainfra.com\/blog\/#\/schema\/logo\/image\/\",\"url\":\"https:\/\/agenciainfra.com\/blog\/wp-content\/uploads\/2023\/09\/iNFRA_5-e1761735885940.png\",\"contentUrl\":\"https:\/\/agenciainfra.com\/blog\/wp-content\/uploads\/2023\/09\/iNFRA_5-e1761735885940.png\",\"width\":1672,\"height\":454,\"caption\":\"Ag\u00eancia iNFRA\"},\"image\":{\"@id\":\"https:\/\/agenciainfra.com\/blog\/#\/schema\/logo\/image\/\"},\"sameAs\":[\"https:\/\/www.facebook.com\/ageninfra\",\"https:\/\/x.com\/agencia_infra\",\"https:\/\/www.linkedin.com\/company\/ag\u00eanciainfra\/\",\"https:\/\/www.instagram.com\/agenciainfra\/\"]},{\"@type\":\"Person\",\"@id\":\"https:\/\/agenciainfra.com\/blog\/#\/schema\/person\/34af08dff6adea4cb22b06612ba7acfa\",\"name\":\"Ag\u00eancia iNFRA\",\"image\":{\"@type\":\"ImageObject\",\"inLanguage\":\"pt-BR\",\"@id\":\"https:\/\/agenciainfra.com\/blog\/#\/schema\/person\/image\/\",\"url\":\"https:\/\/secure.gravatar.com\/avatar\/d189e01678f06d8eb84d4e01f08eb848b3fffe3f8443818d3c356c66892f5be8?s=96&d=mm&r=g\",\"contentUrl\":\"https:\/\/secure.gravatar.com\/avatar\/d189e01678f06d8eb84d4e01f08eb848b3fffe3f8443818d3c356c66892f5be8?s=96&d=mm&r=g\",\"caption\":\"Ag\u00eancia iNFRA\"},\"url\":\"https:\/\/agenciainfra.com\/blog\/author\/admin\/\"}]}<\/script>\n<!-- \/ Yoast SEO Premium plugin. -->","yoast_head_json":{"title":"Consumo de energia no mercado livre cresce 7,3% em 2025 - Ag\u00eancia iNFRA","robots":{"index":"index","follow":"follow","max-snippet":"max-snippet:-1","max-image-preview":"max-image-preview:large","max-video-preview":"max-video-preview:-1"},"canonical":"https:\/\/agenciainfra.com\/blog\/consumo-de-energia-no-mercado-livre-cresce-73-em-2025\/","og_locale":"pt_BR","og_type":"article","og_title":"Consumo de energia no mercado livre cresce 7,3% em 2025","og_description":"da Ag\u00eancia iNFRA O consumo de energia no mercado livre brasileiro cresceu 7,3% em 2025, segundo estudo da CCEE (C\u00e2mara de Comercializa\u00e7\u00e3o de Energia El\u00e9trica). O segmento j\u00e1 responde por 42% de toda a eletricidade consumida no Brasil. Enquanto o mercado livre avan\u00e7ou, o mercado regulado registrou queda de 5,1% no consumo. No total, a [&hellip;]","og_url":"https:\/\/agenciainfra.com\/blog\/consumo-de-energia-no-mercado-livre-cresce-73-em-2025\/","og_site_name":"Ag\u00eancia iNFRA","article_publisher":"https:\/\/www.facebook.com\/ageninfra","article_published_time":"2026-03-09T21:17:16+00:00","article_modified_time":"2026-03-09T21:17:18+00:00","og_image":[{"width":1280,"height":765,"url":"https:\/\/agenciainfra.com\/blog\/wp-content\/uploads\/2025\/09\/distribuicao-energia-foto-marcello-casal-jr-agencia-brasil.png","type":"image\/png"}],"author":"Ag\u00eancia iNFRA","twitter_card":"summary_large_image","twitter_creator":"@agencia_infra","twitter_site":"@agencia_infra","twitter_misc":{"Escrito por":"Ag\u00eancia iNFRA","Est. tempo de leitura":"1 minuto"},"schema":{"@context":"https:\/\/schema.org","@graph":[{"@type":"Article","@id":"https:\/\/agenciainfra.com\/blog\/consumo-de-energia-no-mercado-livre-cresce-73-em-2025\/#article","isPartOf":{"@id":"https:\/\/agenciainfra.com\/blog\/consumo-de-energia-no-mercado-livre-cresce-73-em-2025\/"},"author":{"name":"Ag\u00eancia iNFRA","@id":"https:\/\/agenciainfra.com\/blog\/#\/schema\/person\/34af08dff6adea4cb22b06612ba7acfa"},"headline":"Consumo de energia no mercado livre cresce 7,3% em 2025","datePublished":"2026-03-09T21:17:16+00:00","dateModified":"2026-03-09T21:17:18+00:00","mainEntityOfPage":{"@id":"https:\/\/agenciainfra.com\/blog\/consumo-de-energia-no-mercado-livre-cresce-73-em-2025\/"},"wordCount":181,"publisher":{"@id":"https:\/\/agenciainfra.com\/blog\/#organization"},"image":{"@id":"https:\/\/agenciainfra.com\/blog\/consumo-de-energia-no-mercado-livre-cresce-73-em-2025\/#primaryimage"},"thumbnailUrl":"https:\/\/agenciainfra.com\/blog\/wp-content\/uploads\/2025\/09\/distribuicao-energia-foto-marcello-casal-jr-agencia-brasil.png","keywords":["ccee","consumo de energia","eletricidade","gera\u00e7\u00e3o e distribui\u00e7\u00e3o","mercado livre"],"articleSection":["Giro iNFRA"],"inLanguage":"pt-BR","copyrightYear":"2026","copyrightHolder":{"@id":"https:\/\/agenciainfra.com\/blog\/#organization"}},{"@type":"WebPage","@id":"https:\/\/agenciainfra.com\/blog\/consumo-de-energia-no-mercado-livre-cresce-73-em-2025\/","url":"https:\/\/agenciainfra.com\/blog\/consumo-de-energia-no-mercado-livre-cresce-73-em-2025\/","name":"Consumo de energia no mercado livre cresce 7,3% em 2025 - Ag\u00eancia iNFRA","isPartOf":{"@id":"https:\/\/agenciainfra.com\/blog\/#website"},"primaryImageOfPage":{"@id":"https:\/\/agenciainfra.com\/blog\/consumo-de-energia-no-mercado-livre-cresce-73-em-2025\/#primaryimage"},"image":{"@id":"https:\/\/agenciainfra.com\/blog\/consumo-de-energia-no-mercado-livre-cresce-73-em-2025\/#primaryimage"},"thumbnailUrl":"https:\/\/agenciainfra.com\/blog\/wp-content\/uploads\/2025\/09\/distribuicao-energia-foto-marcello-casal-jr-agencia-brasil.png","datePublished":"2026-03-09T21:17:16+00:00","dateModified":"2026-03-09T21:17:18+00:00","breadcrumb":{"@id":"https:\/\/agenciainfra.com\/blog\/consumo-de-energia-no-mercado-livre-cresce-73-em-2025\/#breadcrumb"},"inLanguage":"pt-BR","potentialAction":[{"@type":"ReadAction","target":["https:\/\/agenciainfra.com\/blog\/consumo-de-energia-no-mercado-livre-cresce-73-em-2025\/"]}]},{"@type":"ImageObject","inLanguage":"pt-BR","@id":"https:\/\/agenciainfra.com\/blog\/consumo-de-energia-no-mercado-livre-cresce-73-em-2025\/#primaryimage","url":"https:\/\/agenciainfra.com\/blog\/wp-content\/uploads\/2025\/09\/distribuicao-energia-foto-marcello-casal-jr-agencia-brasil.png","contentUrl":"https:\/\/agenciainfra.com\/blog\/wp-content\/uploads\/2025\/09\/distribuicao-energia-foto-marcello-casal-jr-agencia-brasil.png","width":1280,"height":765,"caption":"Foto: Marcello Casal Jr.\/Ag\u00eancia Brasil"},{"@type":"BreadcrumbList","@id":"https:\/\/agenciainfra.com\/blog\/consumo-de-energia-no-mercado-livre-cresce-73-em-2025\/#breadcrumb","itemListElement":[{"@type":"ListItem","position":1,"name":"In\u00edcio","item":"https:\/\/agenciainfra.com\/blog\/"},{"@type":"ListItem","position":2,"name":"Consumo de energia no mercado livre cresce 7,3% em 2025"}]},{"@type":"WebSite","@id":"https:\/\/agenciainfra.com\/blog\/#website","url":"https:\/\/agenciainfra.com\/blog\/","name":"Ag\u00eancia iNFRA","description":"Multiplataforma de informa\u00e7\u00e3o jornal\u00edstica refer\u00eancia na \u00e1rea de infraestrutura no Brasil!","publisher":{"@id":"https:\/\/agenciainfra.com\/blog\/#organization"},"potentialAction":[{"@type":"SearchAction","target":{"@type":"EntryPoint","urlTemplate":"https:\/\/agenciainfra.com\/blog\/?s={search_term_string}"},"query-input":{"@type":"PropertyValueSpecification","valueRequired":true,"valueName":"search_term_string"}}],"inLanguage":"pt-BR"},{"@type":"Organization","@id":"https:\/\/agenciainfra.com\/blog\/#organization","name":"Ag\u00eancia iNFRA","url":"https:\/\/agenciainfra.com\/blog\/","logo":{"@type":"ImageObject","inLanguage":"pt-BR","@id":"https:\/\/agenciainfra.com\/blog\/#\/schema\/logo\/image\/","url":"https:\/\/agenciainfra.com\/blog\/wp-content\/uploads\/2023\/09\/iNFRA_5-e1761735885940.png","contentUrl":"https:\/\/agenciainfra.com\/blog\/wp-content\/uploads\/2023\/09\/iNFRA_5-e1761735885940.png","width":1672,"height":454,"caption":"Ag\u00eancia iNFRA"},"image":{"@id":"https:\/\/agenciainfra.com\/blog\/#\/schema\/logo\/image\/"},"sameAs":["https:\/\/www.facebook.com\/ageninfra","https:\/\/x.com\/agencia_infra","https:\/\/www.linkedin.com\/company\/ag\u00eanciainfra\/","https:\/\/www.instagram.com\/agenciainfra\/"]},{"@type":"Person","@id":"https:\/\/agenciainfra.com\/blog\/#\/schema\/person\/34af08dff6adea4cb22b06612ba7acfa","name":"Ag\u00eancia iNFRA","image":{"@type":"ImageObject","inLanguage":"pt-BR","@id":"https:\/\/agenciainfra.com\/blog\/#\/schema\/person\/image\/","url":"https:\/\/secure.gravatar.com\/avatar\/d189e01678f06d8eb84d4e01f08eb848b3fffe3f8443818d3c356c66892f5be8?s=96&d=mm&r=g","contentUrl":"https:\/\/secure.gravatar.com\/avatar\/d189e01678f06d8eb84d4e01f08eb848b3fffe3f8443818d3c356c66892f5be8?s=96&d=mm&r=g","caption":"Ag\u00eancia iNFRA"},"url":"https:\/\/agenciainfra.com\/blog\/author\/admin\/"}]}},"_links":{"self":[{"href":"https:\/\/agenciainfra.com\/blog\/wp-json\/wp\/v2\/posts\/37522","targetHints":{"allow":["GET"]}}],"collection":[{"href":"https:\/\/agenciainfra.com\/blog\/wp-json\/wp\/v2\/posts"}],"about":[{"href":"https:\/\/agenciainfra.com\/blog\/wp-json\/wp\/v2\/types\/post"}],"author":[{"embeddable":true,"href":"https:\/\/agenciainfra.com\/blog\/wp-json\/wp\/v2\/users\/1"}],"replies":[{"embeddable":true,"href":"https:\/\/agenciainfra.com\/blog\/wp-json\/wp\/v2\/comments?post=37522"}],"version-history":[{"count":1,"href":"https:\/\/agenciainfra.com\/blog\/wp-json\/wp\/v2\/posts\/37522\/revisions"}],"predecessor-version":[{"id":37523,"href":"https:\/\/agenciainfra.com\/blog\/wp-json\/wp\/v2\/posts\/37522\/revisions\/37523"}],"wp:featuredmedia":[{"embeddable":true,"href":"https:\/\/agenciainfra.com\/blog\/wp-json\/wp\/v2\/media\/27264"}],"wp:attachment":[{"href":"https:\/\/agenciainfra.com\/blog\/wp-json\/wp\/v2\/media?parent=37522"}],"wp:term":[{"taxonomy":"category","embeddable":true,"href":"https:\/\/agenciainfra.com\/blog\/wp-json\/wp\/v2\/categories?post=37522"},{"taxonomy":"post_tag","embeddable":true,"href":"https:\/\/agenciainfra.com\/blog\/wp-json\/wp\/v2\/tags?post=37522"}],"curies":[{"name":"wp","href":"https:\/\/api.w.org\/{rel}","templated":true}]}}