{"id":37540,"date":"2026-03-10T11:00:00","date_gmt":"2026-03-10T14:00:00","guid":{"rendered":"https:\/\/agenciainfra.com\/blog\/?p=37540"},"modified":"2026-03-24T16:44:03","modified_gmt":"2026-03-24T19:44:03","slug":"infra-s-a-obtem-licenca-para-obras-de-lote-da-transnordestina-em-pe","status":"publish","type":"post","link":"https:\/\/agenciainfra.com\/blog\/infra-s-a-obtem-licenca-para-obras-de-lote-da-transnordestina-em-pe\/","title":{"rendered":"Infra S.A. obt\u00e9m licen\u00e7a para obras de lote da Transnordestina em PE"},"content":{"rendered":"\n<p class=\"has-text-align-right\"><strong>Luiz Ara\u00fajo, da Ag\u00eancia iNFRA<\/strong><\/p>\n\n\n\n<p>O Ibama (Instituto Brasileiro do Meio Ambiente e dos Recursos Naturais Renov\u00e1veis)\u00a0emitiu a licen\u00e7a ambiental que permite\u00a0o in\u00edcio das obras de um dos lotes da Ferrovia Transnordestina em Pernambuco. A autoriza\u00e7\u00e3o permite a constru\u00e7\u00e3o do segmento SPS04, com 73,32 quil\u00f4metros de extens\u00e3o entre os munic\u00edpios de Cust\u00f3dia e Arcoverde, parte da liga\u00e7\u00e3o entre Salgueiro e o Porto de Suape.<br><br>As obras ser\u00e3o executadas por uma construtora a ser definida em processo de licita\u00e7\u00e3o conduzido pela Infra S.A. A abertura das propostas est\u00e1 marcada para sexta-feira (13). Segundo o superintendente de Gest\u00e3o Ambiental e Territ\u00f3rios da estatal, Bruno Marques, a decis\u00e3o de a Infra S.A. assumir diretamente o licenciamento ampliou a seguran\u00e7a jur\u00eddica e trouxe maior previsibilidade ao cronograma de retomada dos trabalhos.<br><br>O trecho da Transnordestina em Pernambuco tem cerca de 550 quil\u00f4metros. Desse total, aproximadamente 180 quil\u00f4metros foram constru\u00eddos pela TLSA (Transnordestina Log\u00edstica S.A.), que, em 2022, acertou com o governo federal <a href=\"https:\/\/agenciainfra.com\/blog\/antt-aprova-solucao-consensual-para-o-contrato-da-tlsa\/\">a devolu\u00e7\u00e3o<\/a> da liga\u00e7\u00e3o entre Salgueiro e Suape. \u00c0 \u00e9poca, a concession\u00e1ria e o governo avaliaram que a manuten\u00e7\u00e3o desse segmento tornaria o empreendimento financeiramente invi\u00e1vel.<br><br>Agora sob responsabilidade da Infra S.A., o trecho, dividido dos lotes SPS01 ao SPS07, concentra os principais desafios t\u00e9cnicos, ambientais e sociais da ferrovia. \u201cEsse conjunto de medidas permite tratar de forma estruturada os desafios ambientais, sociais e territoriais dos lotes, criando condi\u00e7\u00f5es efetivas para a execu\u00e7\u00e3o segura do trecho at\u00e9 Suape\u201d, afirmou\u00a0Marques.<br><br>A Ferrovia Transnordestina foi concebida como um corredor log\u00edstico para conectar \u00e1reas produtoras do interior do Nordeste aos portos mar\u00edtimos da regi\u00e3o. O tra\u00e7ado completo soma cerca de 1,7 mil quil\u00f4metros, ligando Eliseu Martins, no Piau\u00ed, aos portos de Pec\u00e9m, no Cear\u00e1, e de Suape, em Pernambuco. A obra \u00e9 dividida em diversos lotes construtivos ao longo desses eixos. A estrat\u00e9gia \u00e9 permitir a contrata\u00e7\u00e3o de diferentes frentes em momentos distintos, j\u00e1 que cada segmento possui cronograma, financiamento e desafios t\u00e9cnicos pr\u00f3prios.<br><br>Para o diretor-presidente da Infra S.A., Jorge Bastos, a emiss\u00e3o da licen\u00e7a marca um avan\u00e7o na retomada de um dos principais projetos ferrovi\u00e1rios do pa\u00eds. \u201cEstamos falando de uma obra estruturante, capaz de reposicionar o Nordeste na log\u00edstica nacional. Ao assumir a condu\u00e7\u00e3o desse trecho, a Infra S.A. garante rigor t\u00e9cnico e respeito \u00e0s exig\u00eancias ambientais para que as obras da Transnordestina avancem de forma definitiva\u201d, afirmou.<br><br>No final do ano passado, o ministro dos Transportes, Renan Filho, disse que a pasta pretende licitar <a href=\"https:\/\/agenciainfra.com\/blog\/transnordestina-governo-construira-4-lotes-para-depois-conceder\/\">quatro lotes<\/a> que v\u00e3o somar cerca de 230 quil\u00f4metros na liga\u00e7\u00e3o entre Salgueiro e o Porto de Suape e\u00a0depois conceder o tra\u00e7ado \u00e0 iniciativa privada.\u00a0<\/p>\n","protected":false},"excerpt":{"rendered":"<p>Luiz Ara\u00fajo, da Ag\u00eancia iNFRA O Ibama (Instituto Brasileiro do Meio Ambiente e dos Recursos Naturais Renov\u00e1veis)\u00a0emitiu a licen\u00e7a ambiental que permite\u00a0o in\u00edcio das obras de um dos lotes da Ferrovia Transnordestina em Pernambuco. A autoriza\u00e7\u00e3o permite a constru\u00e7\u00e3o do segmento SPS04, com 73,32 quil\u00f4metros de extens\u00e3o entre os munic\u00edpios de Cust\u00f3dia e Arcoverde, parte [&hellip;]<\/p>\n","protected":false},"author":1,"featured_media":6606,"comment_status":"closed","ping_status":"closed","sticky":false,"template":"","format":"standard","meta":{"_monsterinsights_skip_tracking":false,"_monsterinsights_sitenote_active":false,"_monsterinsights_sitenote_note":"","_monsterinsights_sitenote_category":0,"footnotes":""},"categories":[7250,7],"tags":[79,18850,749,2344,2260,18851,19130,18852,18853,504,18849],"class_list":["post-37540","post","type-post","status-publish","format-standard","has-post-thumbnail","hentry","category-destaque-lista","category-infratransporte","tag-ferrovia","tag-ferrovia-em-pernambuco","tag-ibama","tag-infra-s-a","tag-infra-sa","tag-licenca-para-obras","tag-luiz-araujo","tag-obras-na-transnordestina","tag-sps04","tag-transnordestina","tag-transnordestina-no-pe"],"yoast_head":"<!-- This site is optimized with the Yoast SEO Premium plugin v25.4 (Yoast SEO v26.0) - https:\/\/yoast.com\/wordpress\/plugins\/seo\/ -->\n<title>Infra S.A. obt\u00e9m licen\u00e7a para obras de lote da Transnordestina em PE - Ag\u00eancia iNFRA<\/title>\n<meta name=\"robots\" content=\"index, follow, max-snippet:-1, max-image-preview:large, max-video-preview:-1\" \/>\n<link rel=\"canonical\" href=\"https:\/\/agenciainfra.com\/blog\/infra-s-a-obtem-licenca-para-obras-de-lote-da-transnordestina-em-pe\/\" \/>\n<meta property=\"og:locale\" content=\"pt_BR\" \/>\n<meta property=\"og:type\" content=\"article\" \/>\n<meta property=\"og:title\" content=\"Infra S.A. obt\u00e9m licen\u00e7a para obras de lote da Transnordestina em PE\" \/>\n<meta property=\"og:description\" content=\"Luiz Ara\u00fajo, da Ag\u00eancia iNFRA O Ibama (Instituto Brasileiro do Meio Ambiente e dos Recursos Naturais Renov\u00e1veis)\u00a0emitiu a licen\u00e7a ambiental que permite\u00a0o in\u00edcio das obras de um dos lotes da Ferrovia Transnordestina em Pernambuco. A autoriza\u00e7\u00e3o permite a constru\u00e7\u00e3o do segmento SPS04, com 73,32 quil\u00f4metros de extens\u00e3o entre os munic\u00edpios de Cust\u00f3dia e Arcoverde, parte [&hellip;]\" \/>\n<meta property=\"og:url\" content=\"https:\/\/agenciainfra.com\/blog\/infra-s-a-obtem-licenca-para-obras-de-lote-da-transnordestina-em-pe\/\" \/>\n<meta property=\"og:site_name\" content=\"Ag\u00eancia iNFRA\" \/>\n<meta property=\"article:publisher\" content=\"https:\/\/www.facebook.com\/ageninfra\" \/>\n<meta property=\"article:published_time\" content=\"2026-03-10T14:00:00+00:00\" \/>\n<meta property=\"article:modified_time\" content=\"2026-03-24T19:44:03+00:00\" \/>\n<meta property=\"og:image\" content=\"https:\/\/agenciainfra.com\/blog\/wp-content\/uploads\/2021\/01\/ferrovia-transnordestina-foto-ministerio-do-planejamento-e1753787177431.jpg\" \/>\n\t<meta property=\"og:image:width\" content=\"1280\" \/>\n\t<meta property=\"og:image:height\" content=\"796\" \/>\n\t<meta property=\"og:image:type\" content=\"image\/jpeg\" \/>\n<meta name=\"author\" content=\"Ag\u00eancia iNFRA\" \/>\n<meta name=\"twitter:card\" content=\"summary_large_image\" \/>\n<meta name=\"twitter:creator\" content=\"@agencia_infra\" \/>\n<meta name=\"twitter:site\" content=\"@agencia_infra\" \/>\n<meta name=\"twitter:label1\" content=\"Escrito por\" \/>\n\t<meta name=\"twitter:data1\" content=\"Ag\u00eancia iNFRA\" \/>\n\t<meta name=\"twitter:label2\" content=\"Est. tempo de leitura\" \/>\n\t<meta name=\"twitter:data2\" content=\"2 minutos\" \/>\n<script type=\"application\/ld+json\" class=\"yoast-schema-graph\">{\"@context\":\"https:\/\/schema.org\",\"@graph\":[{\"@type\":\"Article\",\"@id\":\"https:\/\/agenciainfra.com\/blog\/infra-s-a-obtem-licenca-para-obras-de-lote-da-transnordestina-em-pe\/#article\",\"isPartOf\":{\"@id\":\"https:\/\/agenciainfra.com\/blog\/infra-s-a-obtem-licenca-para-obras-de-lote-da-transnordestina-em-pe\/\"},\"author\":{\"name\":\"Ag\u00eancia iNFRA\",\"@id\":\"https:\/\/agenciainfra.com\/blog\/#\/schema\/person\/34af08dff6adea4cb22b06612ba7acfa\"},\"headline\":\"Infra S.A. obt\u00e9m licen\u00e7a para obras de lote da Transnordestina em PE\",\"datePublished\":\"2026-03-10T14:00:00+00:00\",\"dateModified\":\"2026-03-24T19:44:03+00:00\",\"mainEntityOfPage\":{\"@id\":\"https:\/\/agenciainfra.com\/blog\/infra-s-a-obtem-licenca-para-obras-de-lote-da-transnordestina-em-pe\/\"},\"wordCount\":496,\"publisher\":{\"@id\":\"https:\/\/agenciainfra.com\/blog\/#organization\"},\"image\":{\"@id\":\"https:\/\/agenciainfra.com\/blog\/infra-s-a-obtem-licenca-para-obras-de-lote-da-transnordestina-em-pe\/#primaryimage\"},\"thumbnailUrl\":\"https:\/\/agenciainfra.com\/blog\/wp-content\/uploads\/2021\/01\/ferrovia-transnordestina-foto-ministerio-do-planejamento-e1753787177431.jpg\",\"keywords\":[\"Ferrovia\",\"ferrovia em pernambuco\",\"Ibama\",\"Infra S.A.\",\"Infra SA\",\"licen\u00e7a para obras\",\"Luiz Ara\u00fajo\",\"obras na Transnordestina\",\"SPS04\",\"Transnordestina\",\"Transnordestina no PE\"],\"articleSection\":[\"Destaque lista\",\"iNFRATransporte\"],\"inLanguage\":\"pt-BR\",\"copyrightYear\":\"2026\",\"copyrightHolder\":{\"@id\":\"https:\/\/agenciainfra.com\/blog\/#organization\"}},{\"@type\":\"WebPage\",\"@id\":\"https:\/\/agenciainfra.com\/blog\/infra-s-a-obtem-licenca-para-obras-de-lote-da-transnordestina-em-pe\/\",\"url\":\"https:\/\/agenciainfra.com\/blog\/infra-s-a-obtem-licenca-para-obras-de-lote-da-transnordestina-em-pe\/\",\"name\":\"Infra S.A. obt\u00e9m licen\u00e7a para obras de lote da Transnordestina em PE - Ag\u00eancia iNFRA\",\"isPartOf\":{\"@id\":\"https:\/\/agenciainfra.com\/blog\/#website\"},\"primaryImageOfPage\":{\"@id\":\"https:\/\/agenciainfra.com\/blog\/infra-s-a-obtem-licenca-para-obras-de-lote-da-transnordestina-em-pe\/#primaryimage\"},\"image\":{\"@id\":\"https:\/\/agenciainfra.com\/blog\/infra-s-a-obtem-licenca-para-obras-de-lote-da-transnordestina-em-pe\/#primaryimage\"},\"thumbnailUrl\":\"https:\/\/agenciainfra.com\/blog\/wp-content\/uploads\/2021\/01\/ferrovia-transnordestina-foto-ministerio-do-planejamento-e1753787177431.jpg\",\"datePublished\":\"2026-03-10T14:00:00+00:00\",\"dateModified\":\"2026-03-24T19:44:03+00:00\",\"breadcrumb\":{\"@id\":\"https:\/\/agenciainfra.com\/blog\/infra-s-a-obtem-licenca-para-obras-de-lote-da-transnordestina-em-pe\/#breadcrumb\"},\"inLanguage\":\"pt-BR\",\"potentialAction\":[{\"@type\":\"ReadAction\",\"target\":[\"https:\/\/agenciainfra.com\/blog\/infra-s-a-obtem-licenca-para-obras-de-lote-da-transnordestina-em-pe\/\"]}]},{\"@type\":\"ImageObject\",\"inLanguage\":\"pt-BR\",\"@id\":\"https:\/\/agenciainfra.com\/blog\/infra-s-a-obtem-licenca-para-obras-de-lote-da-transnordestina-em-pe\/#primaryimage\",\"url\":\"https:\/\/agenciainfra.com\/blog\/wp-content\/uploads\/2021\/01\/ferrovia-transnordestina-foto-ministerio-do-planejamento-e1753787177431.jpg\",\"contentUrl\":\"https:\/\/agenciainfra.com\/blog\/wp-content\/uploads\/2021\/01\/ferrovia-transnordestina-foto-ministerio-do-planejamento-e1753787177431.jpg\",\"width\":1280,\"height\":796,\"caption\":\"Foto: Minist\u00e9rio do Planejamento e Or\u00e7amento\"},{\"@type\":\"BreadcrumbList\",\"@id\":\"https:\/\/agenciainfra.com\/blog\/infra-s-a-obtem-licenca-para-obras-de-lote-da-transnordestina-em-pe\/#breadcrumb\",\"itemListElement\":[{\"@type\":\"ListItem\",\"position\":1,\"name\":\"In\u00edcio\",\"item\":\"https:\/\/agenciainfra.com\/blog\/\"},{\"@type\":\"ListItem\",\"position\":2,\"name\":\"Infra S.A. obt\u00e9m licen\u00e7a para obras de lote da Transnordestina em PE\"}]},{\"@type\":\"WebSite\",\"@id\":\"https:\/\/agenciainfra.com\/blog\/#website\",\"url\":\"https:\/\/agenciainfra.com\/blog\/\",\"name\":\"Ag\u00eancia iNFRA\",\"description\":\"Multiplataforma de informa\u00e7\u00e3o jornal\u00edstica refer\u00eancia na \u00e1rea de infraestrutura no Brasil!\",\"publisher\":{\"@id\":\"https:\/\/agenciainfra.com\/blog\/#organization\"},\"potentialAction\":[{\"@type\":\"SearchAction\",\"target\":{\"@type\":\"EntryPoint\",\"urlTemplate\":\"https:\/\/agenciainfra.com\/blog\/?s={search_term_string}\"},\"query-input\":{\"@type\":\"PropertyValueSpecification\",\"valueRequired\":true,\"valueName\":\"search_term_string\"}}],\"inLanguage\":\"pt-BR\"},{\"@type\":\"Organization\",\"@id\":\"https:\/\/agenciainfra.com\/blog\/#organization\",\"name\":\"Ag\u00eancia iNFRA\",\"url\":\"https:\/\/agenciainfra.com\/blog\/\",\"logo\":{\"@type\":\"ImageObject\",\"inLanguage\":\"pt-BR\",\"@id\":\"https:\/\/agenciainfra.com\/blog\/#\/schema\/logo\/image\/\",\"url\":\"https:\/\/agenciainfra.com\/blog\/wp-content\/uploads\/2023\/09\/iNFRA_5-e1761735885940.png\",\"contentUrl\":\"https:\/\/agenciainfra.com\/blog\/wp-content\/uploads\/2023\/09\/iNFRA_5-e1761735885940.png\",\"width\":1672,\"height\":454,\"caption\":\"Ag\u00eancia iNFRA\"},\"image\":{\"@id\":\"https:\/\/agenciainfra.com\/blog\/#\/schema\/logo\/image\/\"},\"sameAs\":[\"https:\/\/www.facebook.com\/ageninfra\",\"https:\/\/x.com\/agencia_infra\",\"https:\/\/www.linkedin.com\/company\/ag\u00eanciainfra\/\",\"https:\/\/www.instagram.com\/agenciainfra\/\"]},{\"@type\":\"Person\",\"@id\":\"https:\/\/agenciainfra.com\/blog\/#\/schema\/person\/34af08dff6adea4cb22b06612ba7acfa\",\"name\":\"Ag\u00eancia iNFRA\",\"image\":{\"@type\":\"ImageObject\",\"inLanguage\":\"pt-BR\",\"@id\":\"https:\/\/agenciainfra.com\/blog\/#\/schema\/person\/image\/\",\"url\":\"https:\/\/secure.gravatar.com\/avatar\/d189e01678f06d8eb84d4e01f08eb848b3fffe3f8443818d3c356c66892f5be8?s=96&d=mm&r=g\",\"contentUrl\":\"https:\/\/secure.gravatar.com\/avatar\/d189e01678f06d8eb84d4e01f08eb848b3fffe3f8443818d3c356c66892f5be8?s=96&d=mm&r=g\",\"caption\":\"Ag\u00eancia iNFRA\"},\"url\":\"https:\/\/agenciainfra.com\/blog\/author\/admin\/\"}]}<\/script>\n<!-- \/ Yoast SEO Premium plugin. -->","yoast_head_json":{"title":"Infra S.A. obt\u00e9m licen\u00e7a para obras de lote da Transnordestina em PE - Ag\u00eancia iNFRA","robots":{"index":"index","follow":"follow","max-snippet":"max-snippet:-1","max-image-preview":"max-image-preview:large","max-video-preview":"max-video-preview:-1"},"canonical":"https:\/\/agenciainfra.com\/blog\/infra-s-a-obtem-licenca-para-obras-de-lote-da-transnordestina-em-pe\/","og_locale":"pt_BR","og_type":"article","og_title":"Infra S.A. obt\u00e9m licen\u00e7a para obras de lote da Transnordestina em PE","og_description":"Luiz Ara\u00fajo, da Ag\u00eancia iNFRA O Ibama (Instituto Brasileiro do Meio Ambiente e dos Recursos Naturais Renov\u00e1veis)\u00a0emitiu a licen\u00e7a ambiental que permite\u00a0o in\u00edcio das obras de um dos lotes da Ferrovia Transnordestina em Pernambuco. A autoriza\u00e7\u00e3o permite a constru\u00e7\u00e3o do segmento SPS04, com 73,32 quil\u00f4metros de extens\u00e3o entre os munic\u00edpios de Cust\u00f3dia e Arcoverde, parte [&hellip;]","og_url":"https:\/\/agenciainfra.com\/blog\/infra-s-a-obtem-licenca-para-obras-de-lote-da-transnordestina-em-pe\/","og_site_name":"Ag\u00eancia iNFRA","article_publisher":"https:\/\/www.facebook.com\/ageninfra","article_published_time":"2026-03-10T14:00:00+00:00","article_modified_time":"2026-03-24T19:44:03+00:00","og_image":[{"width":1280,"height":796,"url":"https:\/\/agenciainfra.com\/blog\/wp-content\/uploads\/2021\/01\/ferrovia-transnordestina-foto-ministerio-do-planejamento-e1753787177431.jpg","type":"image\/jpeg"}],"author":"Ag\u00eancia iNFRA","twitter_card":"summary_large_image","twitter_creator":"@agencia_infra","twitter_site":"@agencia_infra","twitter_misc":{"Escrito por":"Ag\u00eancia iNFRA","Est. tempo de leitura":"2 minutos"},"schema":{"@context":"https:\/\/schema.org","@graph":[{"@type":"Article","@id":"https:\/\/agenciainfra.com\/blog\/infra-s-a-obtem-licenca-para-obras-de-lote-da-transnordestina-em-pe\/#article","isPartOf":{"@id":"https:\/\/agenciainfra.com\/blog\/infra-s-a-obtem-licenca-para-obras-de-lote-da-transnordestina-em-pe\/"},"author":{"name":"Ag\u00eancia iNFRA","@id":"https:\/\/agenciainfra.com\/blog\/#\/schema\/person\/34af08dff6adea4cb22b06612ba7acfa"},"headline":"Infra S.A. obt\u00e9m licen\u00e7a para obras de lote da Transnordestina em PE","datePublished":"2026-03-10T14:00:00+00:00","dateModified":"2026-03-24T19:44:03+00:00","mainEntityOfPage":{"@id":"https:\/\/agenciainfra.com\/blog\/infra-s-a-obtem-licenca-para-obras-de-lote-da-transnordestina-em-pe\/"},"wordCount":496,"publisher":{"@id":"https:\/\/agenciainfra.com\/blog\/#organization"},"image":{"@id":"https:\/\/agenciainfra.com\/blog\/infra-s-a-obtem-licenca-para-obras-de-lote-da-transnordestina-em-pe\/#primaryimage"},"thumbnailUrl":"https:\/\/agenciainfra.com\/blog\/wp-content\/uploads\/2021\/01\/ferrovia-transnordestina-foto-ministerio-do-planejamento-e1753787177431.jpg","keywords":["Ferrovia","ferrovia em pernambuco","Ibama","Infra S.A.","Infra SA","licen\u00e7a para obras","Luiz Ara\u00fajo","obras na Transnordestina","SPS04","Transnordestina","Transnordestina no PE"],"articleSection":["Destaque lista","iNFRATransporte"],"inLanguage":"pt-BR","copyrightYear":"2026","copyrightHolder":{"@id":"https:\/\/agenciainfra.com\/blog\/#organization"}},{"@type":"WebPage","@id":"https:\/\/agenciainfra.com\/blog\/infra-s-a-obtem-licenca-para-obras-de-lote-da-transnordestina-em-pe\/","url":"https:\/\/agenciainfra.com\/blog\/infra-s-a-obtem-licenca-para-obras-de-lote-da-transnordestina-em-pe\/","name":"Infra S.A. obt\u00e9m licen\u00e7a para obras de lote da Transnordestina em PE - Ag\u00eancia iNFRA","isPartOf":{"@id":"https:\/\/agenciainfra.com\/blog\/#website"},"primaryImageOfPage":{"@id":"https:\/\/agenciainfra.com\/blog\/infra-s-a-obtem-licenca-para-obras-de-lote-da-transnordestina-em-pe\/#primaryimage"},"image":{"@id":"https:\/\/agenciainfra.com\/blog\/infra-s-a-obtem-licenca-para-obras-de-lote-da-transnordestina-em-pe\/#primaryimage"},"thumbnailUrl":"https:\/\/agenciainfra.com\/blog\/wp-content\/uploads\/2021\/01\/ferrovia-transnordestina-foto-ministerio-do-planejamento-e1753787177431.jpg","datePublished":"2026-03-10T14:00:00+00:00","dateModified":"2026-03-24T19:44:03+00:00","breadcrumb":{"@id":"https:\/\/agenciainfra.com\/blog\/infra-s-a-obtem-licenca-para-obras-de-lote-da-transnordestina-em-pe\/#breadcrumb"},"inLanguage":"pt-BR","potentialAction":[{"@type":"ReadAction","target":["https:\/\/agenciainfra.com\/blog\/infra-s-a-obtem-licenca-para-obras-de-lote-da-transnordestina-em-pe\/"]}]},{"@type":"ImageObject","inLanguage":"pt-BR","@id":"https:\/\/agenciainfra.com\/blog\/infra-s-a-obtem-licenca-para-obras-de-lote-da-transnordestina-em-pe\/#primaryimage","url":"https:\/\/agenciainfra.com\/blog\/wp-content\/uploads\/2021\/01\/ferrovia-transnordestina-foto-ministerio-do-planejamento-e1753787177431.jpg","contentUrl":"https:\/\/agenciainfra.com\/blog\/wp-content\/uploads\/2021\/01\/ferrovia-transnordestina-foto-ministerio-do-planejamento-e1753787177431.jpg","width":1280,"height":796,"caption":"Foto: Minist\u00e9rio do Planejamento e Or\u00e7amento"},{"@type":"BreadcrumbList","@id":"https:\/\/agenciainfra.com\/blog\/infra-s-a-obtem-licenca-para-obras-de-lote-da-transnordestina-em-pe\/#breadcrumb","itemListElement":[{"@type":"ListItem","position":1,"name":"In\u00edcio","item":"https:\/\/agenciainfra.com\/blog\/"},{"@type":"ListItem","position":2,"name":"Infra S.A. obt\u00e9m licen\u00e7a para obras de lote da Transnordestina em PE"}]},{"@type":"WebSite","@id":"https:\/\/agenciainfra.com\/blog\/#website","url":"https:\/\/agenciainfra.com\/blog\/","name":"Ag\u00eancia iNFRA","description":"Multiplataforma de informa\u00e7\u00e3o jornal\u00edstica refer\u00eancia na \u00e1rea de infraestrutura no Brasil!","publisher":{"@id":"https:\/\/agenciainfra.com\/blog\/#organization"},"potentialAction":[{"@type":"SearchAction","target":{"@type":"EntryPoint","urlTemplate":"https:\/\/agenciainfra.com\/blog\/?s={search_term_string}"},"query-input":{"@type":"PropertyValueSpecification","valueRequired":true,"valueName":"search_term_string"}}],"inLanguage":"pt-BR"},{"@type":"Organization","@id":"https:\/\/agenciainfra.com\/blog\/#organization","name":"Ag\u00eancia iNFRA","url":"https:\/\/agenciainfra.com\/blog\/","logo":{"@type":"ImageObject","inLanguage":"pt-BR","@id":"https:\/\/agenciainfra.com\/blog\/#\/schema\/logo\/image\/","url":"https:\/\/agenciainfra.com\/blog\/wp-content\/uploads\/2023\/09\/iNFRA_5-e1761735885940.png","contentUrl":"https:\/\/agenciainfra.com\/blog\/wp-content\/uploads\/2023\/09\/iNFRA_5-e1761735885940.png","width":1672,"height":454,"caption":"Ag\u00eancia iNFRA"},"image":{"@id":"https:\/\/agenciainfra.com\/blog\/#\/schema\/logo\/image\/"},"sameAs":["https:\/\/www.facebook.com\/ageninfra","https:\/\/x.com\/agencia_infra","https:\/\/www.linkedin.com\/company\/ag\u00eanciainfra\/","https:\/\/www.instagram.com\/agenciainfra\/"]},{"@type":"Person","@id":"https:\/\/agenciainfra.com\/blog\/#\/schema\/person\/34af08dff6adea4cb22b06612ba7acfa","name":"Ag\u00eancia iNFRA","image":{"@type":"ImageObject","inLanguage":"pt-BR","@id":"https:\/\/agenciainfra.com\/blog\/#\/schema\/person\/image\/","url":"https:\/\/secure.gravatar.com\/avatar\/d189e01678f06d8eb84d4e01f08eb848b3fffe3f8443818d3c356c66892f5be8?s=96&d=mm&r=g","contentUrl":"https:\/\/secure.gravatar.com\/avatar\/d189e01678f06d8eb84d4e01f08eb848b3fffe3f8443818d3c356c66892f5be8?s=96&d=mm&r=g","caption":"Ag\u00eancia iNFRA"},"url":"https:\/\/agenciainfra.com\/blog\/author\/admin\/"}]}},"_links":{"self":[{"href":"https:\/\/agenciainfra.com\/blog\/wp-json\/wp\/v2\/posts\/37540","targetHints":{"allow":["GET"]}}],"collection":[{"href":"https:\/\/agenciainfra.com\/blog\/wp-json\/wp\/v2\/posts"}],"about":[{"href":"https:\/\/agenciainfra.com\/blog\/wp-json\/wp\/v2\/types\/post"}],"author":[{"embeddable":true,"href":"https:\/\/agenciainfra.com\/blog\/wp-json\/wp\/v2\/users\/1"}],"replies":[{"embeddable":true,"href":"https:\/\/agenciainfra.com\/blog\/wp-json\/wp\/v2\/comments?post=37540"}],"version-history":[{"count":1,"href":"https:\/\/agenciainfra.com\/blog\/wp-json\/wp\/v2\/posts\/37540\/revisions"}],"predecessor-version":[{"id":37543,"href":"https:\/\/agenciainfra.com\/blog\/wp-json\/wp\/v2\/posts\/37540\/revisions\/37543"}],"wp:featuredmedia":[{"embeddable":true,"href":"https:\/\/agenciainfra.com\/blog\/wp-json\/wp\/v2\/media\/6606"}],"wp:attachment":[{"href":"https:\/\/agenciainfra.com\/blog\/wp-json\/wp\/v2\/media?parent=37540"}],"wp:term":[{"taxonomy":"category","embeddable":true,"href":"https:\/\/agenciainfra.com\/blog\/wp-json\/wp\/v2\/categories?post=37540"},{"taxonomy":"post_tag","embeddable":true,"href":"https:\/\/agenciainfra.com\/blog\/wp-json\/wp\/v2\/tags?post=37540"}],"curies":[{"name":"wp","href":"https:\/\/api.w.org\/{rel}","templated":true}]}}