{"id":37556,"date":"2026-03-10T11:50:03","date_gmt":"2026-03-10T14:50:03","guid":{"rendered":"https:\/\/agenciainfra.com\/blog\/?p=37556"},"modified":"2026-03-26T08:45:02","modified_gmt":"2026-03-26T11:45:02","slug":"reajuste-tarifario-medio-da-light-para-2026-sera-de-859-decide-aneel","status":"publish","type":"post","link":"https:\/\/agenciainfra.com\/blog\/reajuste-tarifario-medio-da-light-para-2026-sera-de-859-decide-aneel\/","title":{"rendered":"Reajuste tarif\u00e1rio m\u00e9dio da Light para 2026 ser\u00e1 de 8,59%, decide ANEEL"},"content":{"rendered":"\n<p class=\"has-text-align-right\"><strong>Marisa Wanzeller, Geraldo Campos Jr. e Lais Carregosa, da Ag\u00eancia iNFRA<\/strong><\/p>\n\n\n\n<p>A diretoria da ANEEL (Ag\u00eancia Nacional de Energia El\u00e9trica) aprovou nesta ter\u00e7a-feira (10) o reajuste tarif\u00e1rio m\u00e9dio de 8,59% para a Light, a partir de 15 de mar\u00e7o de 2026. O aumento foi superior ao proposto pela \u00e1rea t\u00e9cnica, de 3,81% na m\u00e9dia, e reflete o impacto financeiro de cr\u00e9ditos de PIS\/Cofins. Enquanto os t\u00e9cnicos defendiam um valor adicional de cr\u00e9ditos a serem repassados de R$ 1,65 bilh\u00e3o, o relator, diretor Gentil Nogueira, votou para reconhecer um valor menor, de R$ 1,04 bilh\u00e3o.<\/p>\n\n\n\n<p>A Light solicitou que a reguladora n\u00e3o considerasse qualquer devolu\u00e7\u00e3o de cr\u00e9ditos de PIS\/Cofins no processo de reajuste, tendo em vista que a distribuidora j\u00e1 teria repassado R$ 592 milh\u00f5es a mais que os valores homologados pela Receita Federal. Isso se deve a uma diferen\u00e7a de entendimento entre ANEEL e Receita sobre os valores a serem ressarcidos aos consumidores. Segundo a distribuidora, a proposta da \u00e1rea t\u00e9cnica poderia levar a um reajuste em 2027 da magnitude de 37%.<\/p>\n\n\n\n<p>O diretor Gentil Nogueira ponderou, em seu <a href=\"https:\/\/agenciainfra.com\/blog\/wp-content\/uploads\/2026\/03\/Light.pdf\">voto<\/a>, a necessidade de alinhamento institucional entre a reguladora, o Minist\u00e9rio da Fazenda e a Receita Federal. \u201cTal medida tamb\u00e9m visa minimizar o potencial impacto futuro de haver a necessidade de devolu\u00e7\u00e3o de valores pelos consumidores \u00e0s distribuidoras&#8221;, disse o relator em seu voto. \u201cTal incompatibilidade pode alcan\u00e7ar valores relevantes, com potencial impacto negativo nas tarifas futuras homologadas pela ANEEL\u201d.<\/p>\n\n\n\n<p><strong>Caixa da empresa<\/strong><br>Fontes a par do processo explicam que, apesar de a Receita dizer que a Light devia aos consumidores um montante menor que o calculado pela ANEEL, a distribuidora recorre da decis\u00e3o, a fim de garantir que, caso haja devolu\u00e7\u00e3o dos cr\u00e9ditos por parte dos consumidores, esses valores possam permanecer no caixa da empresa. Caso contr\u00e1rio, a Light deveria repassar a diferen\u00e7a para o fisco.<\/p>\n\n\n\n<p>A defini\u00e7\u00e3o, no entanto, depende de esclarecimento do STF (Supremo Tribunal Federal) quanto ao prazo de prescri\u00e7\u00e3o dos cr\u00e9ditos, explicam interlocutores. Atualmente, h\u00e1 embargos de declara\u00e7\u00e3o sobre o ac\u00f3rd\u00e3o da suprema corte.&nbsp;<\/p>\n\n\n\n<p>Caso o entendimento seja de que o pagamento dos cr\u00e9ditos deve retroagir dez anos da data em que a concession\u00e1ria passou a compens\u00e1-los na conta de luz, a decis\u00e3o \u00e9 favor\u00e1vel para as distribuidoras. Nesse caso, se aprovado o recurso da Light na Receita, a empresa poderia aumentar o seu caixa. Do contr\u00e1rio, os valores a serem pagos pela Light podem superar, at\u00e9 mesmo, os c\u00e1lculos atuais da ANEEL, segundo os quais a distribuidora ainda deve R$ 1,6 bilh\u00e3o.<\/p>\n\n\n\n<p><strong>Light x Enel Rio<br><\/strong>Ainda segundo Gentil, a diferen\u00e7a dos reajustes da Light e da Enel Rio, aprovado anteriormente no valor m\u00e9dio de 15,46%, se deu basicamente pelos est\u00e1gios diferentes em que as duas distribuidoras se encontram sobre a compensa\u00e7\u00e3o e devolu\u00e7\u00e3o do PIS\/Cofins. \u201cA Enel ainda tem valor significativo a ser recuperado e precisamos acelerar essa recupera\u00e7\u00e3o por conta do prazo prescricional. E do outro lado temos a Light, que \u00e9 a primeira distribuidora do pa\u00eds que j\u00e1 passou por processo de auditoria da Receita para avaliar os cr\u00e9ditos a que ela tem direito, e j\u00e1 existe essa avalia\u00e7\u00e3o, ainda em primeira inst\u00e2ncia, e que aponta para valores divergentes dos da ANEEL\u201d, disse.<\/p>\n\n\n\n<p><em>*Reportagem atualizada \u00e0s 12h de 11 de mar\u00e7o de 2026 com informa\u00e7\u00f5es adicionais a respeito do caixa da Light.<\/em><\/p>\n","protected":false},"excerpt":{"rendered":"<p>Marisa Wanzeller, Geraldo Campos Jr. e Lais Carregosa, da Ag\u00eancia iNFRA A diretoria da ANEEL (Ag\u00eancia Nacional de Energia El\u00e9trica) aprovou nesta ter\u00e7a-feira (10) o reajuste tarif\u00e1rio m\u00e9dio de 8,59% para a Light, a partir de 15 de mar\u00e7o de 2026. O aumento foi superior ao proposto pela \u00e1rea t\u00e9cnica, de 3,81% na m\u00e9dia, e [&hellip;]<\/p>\n","protected":false},"author":1,"featured_media":35597,"comment_status":"closed","ping_status":"closed","sticky":false,"template":"","format":"standard","meta":{"_monsterinsights_skip_tracking":false,"_monsterinsights_sitenote_active":false,"_monsterinsights_sitenote_note":"","_monsterinsights_sitenote_category":0,"footnotes":""},"categories":[7250,10],"tags":[53,7090,282,6781,11594,13132,1867,7366,8864,12770,1386],"class_list":["post-37556","post","type-post","status-publish","format-standard","has-post-thumbnail","hentry","category-destaque-lista","category-infraenergia","tag-aneel","tag-enel-rio","tag-energia-eletrica","tag-gentil-nogueira","tag-geraldo-campos-jr","tag-lais-carregosa","tag-light","tag-marisa-wanzeller","tag-reajuste-tarifario","tag-reuniao-aneel","tag-tarifas-de-energia"],"yoast_head":"<!-- This site is optimized with the Yoast SEO Premium plugin v25.4 (Yoast SEO v26.0) - https:\/\/yoast.com\/wordpress\/plugins\/seo\/ -->\n<title>Reajuste tarif\u00e1rio m\u00e9dio da Light para 2026 ser\u00e1 de 8,59%, decide ANEEL - Ag\u00eancia iNFRA<\/title>\n<meta name=\"robots\" content=\"index, follow, max-snippet:-1, max-image-preview:large, max-video-preview:-1\" \/>\n<link rel=\"canonical\" href=\"https:\/\/agenciainfra.com\/blog\/reajuste-tarifario-medio-da-light-para-2026-sera-de-859-decide-aneel\/\" \/>\n<meta property=\"og:locale\" content=\"pt_BR\" \/>\n<meta property=\"og:type\" content=\"article\" \/>\n<meta property=\"og:title\" content=\"Reajuste tarif\u00e1rio m\u00e9dio da Light para 2026 ser\u00e1 de 8,59%, decide ANEEL\" \/>\n<meta property=\"og:description\" content=\"Marisa Wanzeller, Geraldo Campos Jr. e Lais Carregosa, da Ag\u00eancia iNFRA A diretoria da ANEEL (Ag\u00eancia Nacional de Energia El\u00e9trica) aprovou nesta ter\u00e7a-feira (10) o reajuste tarif\u00e1rio m\u00e9dio de 8,59% para a Light, a partir de 15 de mar\u00e7o de 2026. O aumento foi superior ao proposto pela \u00e1rea t\u00e9cnica, de 3,81% na m\u00e9dia, e [&hellip;]\" \/>\n<meta property=\"og:url\" content=\"https:\/\/agenciainfra.com\/blog\/reajuste-tarifario-medio-da-light-para-2026-sera-de-859-decide-aneel\/\" \/>\n<meta property=\"og:site_name\" content=\"Ag\u00eancia iNFRA\" \/>\n<meta property=\"article:publisher\" content=\"https:\/\/www.facebook.com\/ageninfra\" \/>\n<meta property=\"article:published_time\" content=\"2026-03-10T14:50:03+00:00\" \/>\n<meta property=\"article:modified_time\" content=\"2026-03-26T11:45:02+00:00\" \/>\n<meta property=\"og:image\" content=\"https:\/\/agenciainfra.com\/blog\/wp-content\/uploads\/2026\/01\/gentil-nogueira-foto-giuliana_vinci_aneel.jpg\" \/>\n\t<meta property=\"og:image:width\" content=\"1280\" \/>\n\t<meta property=\"og:image:height\" content=\"854\" \/>\n\t<meta property=\"og:image:type\" content=\"image\/jpeg\" \/>\n<meta name=\"author\" content=\"Ag\u00eancia iNFRA\" \/>\n<meta name=\"twitter:card\" content=\"summary_large_image\" \/>\n<meta name=\"twitter:creator\" content=\"@agencia_infra\" \/>\n<meta name=\"twitter:site\" content=\"@agencia_infra\" \/>\n<meta name=\"twitter:label1\" content=\"Escrito por\" \/>\n\t<meta name=\"twitter:data1\" content=\"Ag\u00eancia iNFRA\" \/>\n\t<meta name=\"twitter:label2\" content=\"Est. tempo de leitura\" \/>\n\t<meta name=\"twitter:data2\" content=\"3 minutos\" \/>\n<script type=\"application\/ld+json\" class=\"yoast-schema-graph\">{\"@context\":\"https:\/\/schema.org\",\"@graph\":[{\"@type\":\"Article\",\"@id\":\"https:\/\/agenciainfra.com\/blog\/reajuste-tarifario-medio-da-light-para-2026-sera-de-859-decide-aneel\/#article\",\"isPartOf\":{\"@id\":\"https:\/\/agenciainfra.com\/blog\/reajuste-tarifario-medio-da-light-para-2026-sera-de-859-decide-aneel\/\"},\"author\":{\"name\":\"Ag\u00eancia iNFRA\",\"@id\":\"https:\/\/agenciainfra.com\/blog\/#\/schema\/person\/34af08dff6adea4cb22b06612ba7acfa\"},\"headline\":\"Reajuste tarif\u00e1rio m\u00e9dio da Light para 2026 ser\u00e1 de 8,59%, decide ANEEL\",\"datePublished\":\"2026-03-10T14:50:03+00:00\",\"dateModified\":\"2026-03-26T11:45:02+00:00\",\"mainEntityOfPage\":{\"@id\":\"https:\/\/agenciainfra.com\/blog\/reajuste-tarifario-medio-da-light-para-2026-sera-de-859-decide-aneel\/\"},\"wordCount\":605,\"publisher\":{\"@id\":\"https:\/\/agenciainfra.com\/blog\/#organization\"},\"image\":{\"@id\":\"https:\/\/agenciainfra.com\/blog\/reajuste-tarifario-medio-da-light-para-2026-sera-de-859-decide-aneel\/#primaryimage\"},\"thumbnailUrl\":\"https:\/\/agenciainfra.com\/blog\/wp-content\/uploads\/2026\/01\/gentil-nogueira-foto-giuliana_vinci_aneel.jpg\",\"keywords\":[\"ANEEL\",\"Enel Rio\",\"energia el\u00e9trica\",\"Gentil Nogueira\",\"Geraldo Campos Jr.\",\"Lais Carregosa\",\"Light\",\"Marisa Wanzeller\",\"Reajuste tarif\u00e1rio\",\"reuni\u00e3o aneel\",\"tarifas de energia\"],\"articleSection\":[\"Destaque lista\",\"iNFRAEnergia\"],\"inLanguage\":\"pt-BR\",\"copyrightYear\":\"2026\",\"copyrightHolder\":{\"@id\":\"https:\/\/agenciainfra.com\/blog\/#organization\"}},{\"@type\":\"WebPage\",\"@id\":\"https:\/\/agenciainfra.com\/blog\/reajuste-tarifario-medio-da-light-para-2026-sera-de-859-decide-aneel\/\",\"url\":\"https:\/\/agenciainfra.com\/blog\/reajuste-tarifario-medio-da-light-para-2026-sera-de-859-decide-aneel\/\",\"name\":\"Reajuste tarif\u00e1rio m\u00e9dio da Light para 2026 ser\u00e1 de 8,59%, decide ANEEL - Ag\u00eancia iNFRA\",\"isPartOf\":{\"@id\":\"https:\/\/agenciainfra.com\/blog\/#website\"},\"primaryImageOfPage\":{\"@id\":\"https:\/\/agenciainfra.com\/blog\/reajuste-tarifario-medio-da-light-para-2026-sera-de-859-decide-aneel\/#primaryimage\"},\"image\":{\"@id\":\"https:\/\/agenciainfra.com\/blog\/reajuste-tarifario-medio-da-light-para-2026-sera-de-859-decide-aneel\/#primaryimage\"},\"thumbnailUrl\":\"https:\/\/agenciainfra.com\/blog\/wp-content\/uploads\/2026\/01\/gentil-nogueira-foto-giuliana_vinci_aneel.jpg\",\"datePublished\":\"2026-03-10T14:50:03+00:00\",\"dateModified\":\"2026-03-26T11:45:02+00:00\",\"breadcrumb\":{\"@id\":\"https:\/\/agenciainfra.com\/blog\/reajuste-tarifario-medio-da-light-para-2026-sera-de-859-decide-aneel\/#breadcrumb\"},\"inLanguage\":\"pt-BR\",\"potentialAction\":[{\"@type\":\"ReadAction\",\"target\":[\"https:\/\/agenciainfra.com\/blog\/reajuste-tarifario-medio-da-light-para-2026-sera-de-859-decide-aneel\/\"]}]},{\"@type\":\"ImageObject\",\"inLanguage\":\"pt-BR\",\"@id\":\"https:\/\/agenciainfra.com\/blog\/reajuste-tarifario-medio-da-light-para-2026-sera-de-859-decide-aneel\/#primaryimage\",\"url\":\"https:\/\/agenciainfra.com\/blog\/wp-content\/uploads\/2026\/01\/gentil-nogueira-foto-giuliana_vinci_aneel.jpg\",\"contentUrl\":\"https:\/\/agenciainfra.com\/blog\/wp-content\/uploads\/2026\/01\/gentil-nogueira-foto-giuliana_vinci_aneel.jpg\",\"width\":1280,\"height\":854,\"caption\":\"Foto: Giuliana Vinci\/ANEEL\"},{\"@type\":\"BreadcrumbList\",\"@id\":\"https:\/\/agenciainfra.com\/blog\/reajuste-tarifario-medio-da-light-para-2026-sera-de-859-decide-aneel\/#breadcrumb\",\"itemListElement\":[{\"@type\":\"ListItem\",\"position\":1,\"name\":\"In\u00edcio\",\"item\":\"https:\/\/agenciainfra.com\/blog\/\"},{\"@type\":\"ListItem\",\"position\":2,\"name\":\"Reajuste tarif\u00e1rio m\u00e9dio da Light para 2026 ser\u00e1 de 8,59%, decide ANEEL\"}]},{\"@type\":\"WebSite\",\"@id\":\"https:\/\/agenciainfra.com\/blog\/#website\",\"url\":\"https:\/\/agenciainfra.com\/blog\/\",\"name\":\"Ag\u00eancia iNFRA\",\"description\":\"Multiplataforma de informa\u00e7\u00e3o jornal\u00edstica refer\u00eancia na \u00e1rea de infraestrutura no Brasil!\",\"publisher\":{\"@id\":\"https:\/\/agenciainfra.com\/blog\/#organization\"},\"potentialAction\":[{\"@type\":\"SearchAction\",\"target\":{\"@type\":\"EntryPoint\",\"urlTemplate\":\"https:\/\/agenciainfra.com\/blog\/?s={search_term_string}\"},\"query-input\":{\"@type\":\"PropertyValueSpecification\",\"valueRequired\":true,\"valueName\":\"search_term_string\"}}],\"inLanguage\":\"pt-BR\"},{\"@type\":\"Organization\",\"@id\":\"https:\/\/agenciainfra.com\/blog\/#organization\",\"name\":\"Ag\u00eancia iNFRA\",\"url\":\"https:\/\/agenciainfra.com\/blog\/\",\"logo\":{\"@type\":\"ImageObject\",\"inLanguage\":\"pt-BR\",\"@id\":\"https:\/\/agenciainfra.com\/blog\/#\/schema\/logo\/image\/\",\"url\":\"https:\/\/agenciainfra.com\/blog\/wp-content\/uploads\/2023\/09\/iNFRA_5-e1761735885940.png\",\"contentUrl\":\"https:\/\/agenciainfra.com\/blog\/wp-content\/uploads\/2023\/09\/iNFRA_5-e1761735885940.png\",\"width\":1672,\"height\":454,\"caption\":\"Ag\u00eancia iNFRA\"},\"image\":{\"@id\":\"https:\/\/agenciainfra.com\/blog\/#\/schema\/logo\/image\/\"},\"sameAs\":[\"https:\/\/www.facebook.com\/ageninfra\",\"https:\/\/x.com\/agencia_infra\",\"https:\/\/www.linkedin.com\/company\/ag\u00eanciainfra\/\",\"https:\/\/www.instagram.com\/agenciainfra\/\"]},{\"@type\":\"Person\",\"@id\":\"https:\/\/agenciainfra.com\/blog\/#\/schema\/person\/34af08dff6adea4cb22b06612ba7acfa\",\"name\":\"Ag\u00eancia iNFRA\",\"image\":{\"@type\":\"ImageObject\",\"inLanguage\":\"pt-BR\",\"@id\":\"https:\/\/agenciainfra.com\/blog\/#\/schema\/person\/image\/\",\"url\":\"https:\/\/secure.gravatar.com\/avatar\/d189e01678f06d8eb84d4e01f08eb848b3fffe3f8443818d3c356c66892f5be8?s=96&d=mm&r=g\",\"contentUrl\":\"https:\/\/secure.gravatar.com\/avatar\/d189e01678f06d8eb84d4e01f08eb848b3fffe3f8443818d3c356c66892f5be8?s=96&d=mm&r=g\",\"caption\":\"Ag\u00eancia iNFRA\"},\"url\":\"https:\/\/agenciainfra.com\/blog\/author\/admin\/\"}]}<\/script>\n<!-- \/ Yoast SEO Premium plugin. -->","yoast_head_json":{"title":"Reajuste tarif\u00e1rio m\u00e9dio da Light para 2026 ser\u00e1 de 8,59%, decide ANEEL - Ag\u00eancia iNFRA","robots":{"index":"index","follow":"follow","max-snippet":"max-snippet:-1","max-image-preview":"max-image-preview:large","max-video-preview":"max-video-preview:-1"},"canonical":"https:\/\/agenciainfra.com\/blog\/reajuste-tarifario-medio-da-light-para-2026-sera-de-859-decide-aneel\/","og_locale":"pt_BR","og_type":"article","og_title":"Reajuste tarif\u00e1rio m\u00e9dio da Light para 2026 ser\u00e1 de 8,59%, decide ANEEL","og_description":"Marisa Wanzeller, Geraldo Campos Jr. e Lais Carregosa, da Ag\u00eancia iNFRA A diretoria da ANEEL (Ag\u00eancia Nacional de Energia El\u00e9trica) aprovou nesta ter\u00e7a-feira (10) o reajuste tarif\u00e1rio m\u00e9dio de 8,59% para a Light, a partir de 15 de mar\u00e7o de 2026. O aumento foi superior ao proposto pela \u00e1rea t\u00e9cnica, de 3,81% na m\u00e9dia, e [&hellip;]","og_url":"https:\/\/agenciainfra.com\/blog\/reajuste-tarifario-medio-da-light-para-2026-sera-de-859-decide-aneel\/","og_site_name":"Ag\u00eancia iNFRA","article_publisher":"https:\/\/www.facebook.com\/ageninfra","article_published_time":"2026-03-10T14:50:03+00:00","article_modified_time":"2026-03-26T11:45:02+00:00","og_image":[{"width":1280,"height":854,"url":"https:\/\/agenciainfra.com\/blog\/wp-content\/uploads\/2026\/01\/gentil-nogueira-foto-giuliana_vinci_aneel.jpg","type":"image\/jpeg"}],"author":"Ag\u00eancia iNFRA","twitter_card":"summary_large_image","twitter_creator":"@agencia_infra","twitter_site":"@agencia_infra","twitter_misc":{"Escrito por":"Ag\u00eancia iNFRA","Est. tempo de leitura":"3 minutos"},"schema":{"@context":"https:\/\/schema.org","@graph":[{"@type":"Article","@id":"https:\/\/agenciainfra.com\/blog\/reajuste-tarifario-medio-da-light-para-2026-sera-de-859-decide-aneel\/#article","isPartOf":{"@id":"https:\/\/agenciainfra.com\/blog\/reajuste-tarifario-medio-da-light-para-2026-sera-de-859-decide-aneel\/"},"author":{"name":"Ag\u00eancia iNFRA","@id":"https:\/\/agenciainfra.com\/blog\/#\/schema\/person\/34af08dff6adea4cb22b06612ba7acfa"},"headline":"Reajuste tarif\u00e1rio m\u00e9dio da Light para 2026 ser\u00e1 de 8,59%, decide ANEEL","datePublished":"2026-03-10T14:50:03+00:00","dateModified":"2026-03-26T11:45:02+00:00","mainEntityOfPage":{"@id":"https:\/\/agenciainfra.com\/blog\/reajuste-tarifario-medio-da-light-para-2026-sera-de-859-decide-aneel\/"},"wordCount":605,"publisher":{"@id":"https:\/\/agenciainfra.com\/blog\/#organization"},"image":{"@id":"https:\/\/agenciainfra.com\/blog\/reajuste-tarifario-medio-da-light-para-2026-sera-de-859-decide-aneel\/#primaryimage"},"thumbnailUrl":"https:\/\/agenciainfra.com\/blog\/wp-content\/uploads\/2026\/01\/gentil-nogueira-foto-giuliana_vinci_aneel.jpg","keywords":["ANEEL","Enel Rio","energia el\u00e9trica","Gentil Nogueira","Geraldo Campos Jr.","Lais Carregosa","Light","Marisa Wanzeller","Reajuste tarif\u00e1rio","reuni\u00e3o aneel","tarifas de energia"],"articleSection":["Destaque lista","iNFRAEnergia"],"inLanguage":"pt-BR","copyrightYear":"2026","copyrightHolder":{"@id":"https:\/\/agenciainfra.com\/blog\/#organization"}},{"@type":"WebPage","@id":"https:\/\/agenciainfra.com\/blog\/reajuste-tarifario-medio-da-light-para-2026-sera-de-859-decide-aneel\/","url":"https:\/\/agenciainfra.com\/blog\/reajuste-tarifario-medio-da-light-para-2026-sera-de-859-decide-aneel\/","name":"Reajuste tarif\u00e1rio m\u00e9dio da Light para 2026 ser\u00e1 de 8,59%, decide ANEEL - Ag\u00eancia iNFRA","isPartOf":{"@id":"https:\/\/agenciainfra.com\/blog\/#website"},"primaryImageOfPage":{"@id":"https:\/\/agenciainfra.com\/blog\/reajuste-tarifario-medio-da-light-para-2026-sera-de-859-decide-aneel\/#primaryimage"},"image":{"@id":"https:\/\/agenciainfra.com\/blog\/reajuste-tarifario-medio-da-light-para-2026-sera-de-859-decide-aneel\/#primaryimage"},"thumbnailUrl":"https:\/\/agenciainfra.com\/blog\/wp-content\/uploads\/2026\/01\/gentil-nogueira-foto-giuliana_vinci_aneel.jpg","datePublished":"2026-03-10T14:50:03+00:00","dateModified":"2026-03-26T11:45:02+00:00","breadcrumb":{"@id":"https:\/\/agenciainfra.com\/blog\/reajuste-tarifario-medio-da-light-para-2026-sera-de-859-decide-aneel\/#breadcrumb"},"inLanguage":"pt-BR","potentialAction":[{"@type":"ReadAction","target":["https:\/\/agenciainfra.com\/blog\/reajuste-tarifario-medio-da-light-para-2026-sera-de-859-decide-aneel\/"]}]},{"@type":"ImageObject","inLanguage":"pt-BR","@id":"https:\/\/agenciainfra.com\/blog\/reajuste-tarifario-medio-da-light-para-2026-sera-de-859-decide-aneel\/#primaryimage","url":"https:\/\/agenciainfra.com\/blog\/wp-content\/uploads\/2026\/01\/gentil-nogueira-foto-giuliana_vinci_aneel.jpg","contentUrl":"https:\/\/agenciainfra.com\/blog\/wp-content\/uploads\/2026\/01\/gentil-nogueira-foto-giuliana_vinci_aneel.jpg","width":1280,"height":854,"caption":"Foto: Giuliana Vinci\/ANEEL"},{"@type":"BreadcrumbList","@id":"https:\/\/agenciainfra.com\/blog\/reajuste-tarifario-medio-da-light-para-2026-sera-de-859-decide-aneel\/#breadcrumb","itemListElement":[{"@type":"ListItem","position":1,"name":"In\u00edcio","item":"https:\/\/agenciainfra.com\/blog\/"},{"@type":"ListItem","position":2,"name":"Reajuste tarif\u00e1rio m\u00e9dio da Light para 2026 ser\u00e1 de 8,59%, decide ANEEL"}]},{"@type":"WebSite","@id":"https:\/\/agenciainfra.com\/blog\/#website","url":"https:\/\/agenciainfra.com\/blog\/","name":"Ag\u00eancia iNFRA","description":"Multiplataforma de informa\u00e7\u00e3o jornal\u00edstica refer\u00eancia na \u00e1rea de infraestrutura no Brasil!","publisher":{"@id":"https:\/\/agenciainfra.com\/blog\/#organization"},"potentialAction":[{"@type":"SearchAction","target":{"@type":"EntryPoint","urlTemplate":"https:\/\/agenciainfra.com\/blog\/?s={search_term_string}"},"query-input":{"@type":"PropertyValueSpecification","valueRequired":true,"valueName":"search_term_string"}}],"inLanguage":"pt-BR"},{"@type":"Organization","@id":"https:\/\/agenciainfra.com\/blog\/#organization","name":"Ag\u00eancia iNFRA","url":"https:\/\/agenciainfra.com\/blog\/","logo":{"@type":"ImageObject","inLanguage":"pt-BR","@id":"https:\/\/agenciainfra.com\/blog\/#\/schema\/logo\/image\/","url":"https:\/\/agenciainfra.com\/blog\/wp-content\/uploads\/2023\/09\/iNFRA_5-e1761735885940.png","contentUrl":"https:\/\/agenciainfra.com\/blog\/wp-content\/uploads\/2023\/09\/iNFRA_5-e1761735885940.png","width":1672,"height":454,"caption":"Ag\u00eancia iNFRA"},"image":{"@id":"https:\/\/agenciainfra.com\/blog\/#\/schema\/logo\/image\/"},"sameAs":["https:\/\/www.facebook.com\/ageninfra","https:\/\/x.com\/agencia_infra","https:\/\/www.linkedin.com\/company\/ag\u00eanciainfra\/","https:\/\/www.instagram.com\/agenciainfra\/"]},{"@type":"Person","@id":"https:\/\/agenciainfra.com\/blog\/#\/schema\/person\/34af08dff6adea4cb22b06612ba7acfa","name":"Ag\u00eancia iNFRA","image":{"@type":"ImageObject","inLanguage":"pt-BR","@id":"https:\/\/agenciainfra.com\/blog\/#\/schema\/person\/image\/","url":"https:\/\/secure.gravatar.com\/avatar\/d189e01678f06d8eb84d4e01f08eb848b3fffe3f8443818d3c356c66892f5be8?s=96&d=mm&r=g","contentUrl":"https:\/\/secure.gravatar.com\/avatar\/d189e01678f06d8eb84d4e01f08eb848b3fffe3f8443818d3c356c66892f5be8?s=96&d=mm&r=g","caption":"Ag\u00eancia iNFRA"},"url":"https:\/\/agenciainfra.com\/blog\/author\/admin\/"}]}},"_links":{"self":[{"href":"https:\/\/agenciainfra.com\/blog\/wp-json\/wp\/v2\/posts\/37556","targetHints":{"allow":["GET"]}}],"collection":[{"href":"https:\/\/agenciainfra.com\/blog\/wp-json\/wp\/v2\/posts"}],"about":[{"href":"https:\/\/agenciainfra.com\/blog\/wp-json\/wp\/v2\/types\/post"}],"author":[{"embeddable":true,"href":"https:\/\/agenciainfra.com\/blog\/wp-json\/wp\/v2\/users\/1"}],"replies":[{"embeddable":true,"href":"https:\/\/agenciainfra.com\/blog\/wp-json\/wp\/v2\/comments?post=37556"}],"version-history":[{"count":3,"href":"https:\/\/agenciainfra.com\/blog\/wp-json\/wp\/v2\/posts\/37556\/revisions"}],"predecessor-version":[{"id":38539,"href":"https:\/\/agenciainfra.com\/blog\/wp-json\/wp\/v2\/posts\/37556\/revisions\/38539"}],"wp:featuredmedia":[{"embeddable":true,"href":"https:\/\/agenciainfra.com\/blog\/wp-json\/wp\/v2\/media\/35597"}],"wp:attachment":[{"href":"https:\/\/agenciainfra.com\/blog\/wp-json\/wp\/v2\/media?parent=37556"}],"wp:term":[{"taxonomy":"category","embeddable":true,"href":"https:\/\/agenciainfra.com\/blog\/wp-json\/wp\/v2\/categories?post=37556"},{"taxonomy":"post_tag","embeddable":true,"href":"https:\/\/agenciainfra.com\/blog\/wp-json\/wp\/v2\/tags?post=37556"}],"curies":[{"name":"wp","href":"https:\/\/api.w.org\/{rel}","templated":true}]}}