{"id":37578,"date":"2026-03-10T16:52:34","date_gmt":"2026-03-10T19:52:34","guid":{"rendered":"https:\/\/agenciainfra.com\/blog\/?p=37578"},"modified":"2026-03-11T13:01:11","modified_gmt":"2026-03-11T16:01:11","slug":"aneel-concede-cautelar-para-data-center-da-casa-dos-ventos-e-tiktok","status":"publish","type":"post","link":"https:\/\/agenciainfra.com\/blog\/aneel-concede-cautelar-para-data-center-da-casa-dos-ventos-e-tiktok\/","title":{"rendered":"ANEEL concede cautelar para data center da Casa dos Ventos e TikTok"},"content":{"rendered":"\n<p class=\"has-text-align-right\"><strong>Lais Carregosa, da Ag\u00eancia iNFRA<\/strong><\/p>\n\n\n\n<p>A diretoria da ANEEL (Ag\u00eancia Nacional de Energia El\u00e9trica) decidiu, por maioria, nesta ter\u00e7a-feira (10), conceder medida cautelar \u00e0 Casa dos Ventos para assegurar o acesso do data center da companhia ao sistema de transmiss\u00e3o a partir de 2028. A relatora, diretora Agnes Costa, votou por indeferir o pedido, mas o voto vencedor foi do diretor Fernando Mosna, acompanhado pelo restante da diretoria. Conforme a decis\u00e3o, a cautelar \u00e9 v\u00e1lida at\u00e9 o resultado de outro processo semelhante, sob relatoria de Mosna, que aguarda manifesta\u00e7\u00e3o da Procuradoria Federal junto \u00e0 ANEEL sobre o tratamento que a reguladora pode dar a esses casos.<\/p>\n\n\n\n<p>O projeto de data center da Casa dos Ventos tem sido conduzido em parceria com o TikTok. A empresa havia demandado um espa\u00e7o no sistema para aumento gradual do seu consumo entre 2027 e 2030, mas conseguiu apenas at\u00e9 2028, sendo que a demanda para os anos seguintes seria condicionada \u00e0 revis\u00e3o dos pareceres de acesso.<\/p>\n\n\n\n<p>O decreto de dezembro de 2025, que cria os leil\u00f5es de margem, estabelece um per\u00edodo de transi\u00e7\u00e3o em que os pedidos de acesso em curso no MME (Minist\u00e9rio de Minas e Energia) ser\u00e3o encaminhados ao operador de forma autom\u00e1tica e analisados em ordem cronol\u00f3gica. Dessa forma, o temor era que as disputas por aloca\u00e7\u00e3o de margem na rede, por meio de procedimentos competitivos, colocassem outros agentes \u00e0 frente da Casa dos Ventos na fila de prioridade, o que comprometeria a entrada em opera\u00e7\u00e3o do centro de processamento de dados \u2013 que deve come\u00e7ar a operar em 2027.<\/p>\n","protected":false},"excerpt":{"rendered":"<p>Lais Carregosa, da Ag\u00eancia iNFRA A diretoria da ANEEL (Ag\u00eancia Nacional de Energia El\u00e9trica) decidiu, por maioria, nesta ter\u00e7a-feira (10), conceder medida cautelar \u00e0 Casa dos Ventos para assegurar o acesso do data center da companhia ao sistema de transmiss\u00e3o a partir de 2028. A relatora, diretora Agnes Costa, votou por indeferir o pedido, mas [&hellip;]<\/p>\n","protected":false},"author":1,"featured_media":23744,"comment_status":"closed","ping_status":"closed","sticky":false,"template":"","format":"standard","meta":{"_monsterinsights_skip_tracking":false,"_monsterinsights_sitenote_active":false,"_monsterinsights_sitenote_note":"","_monsterinsights_sitenote_category":0,"footnotes":""},"categories":[7250,10],"tags":[6800,53,5118,14441,13132,71,18868,3360,14522],"class_list":["post-37578","post","type-post","status-publish","format-standard","has-post-thumbnail","hentry","category-destaque-lista","category-infraenergia","tag-agnes-costa","tag-aneel","tag-casa-dos-ventos","tag-data-center","tag-lais-carregosa","tag-mme","tag-mosna","tag-sin","tag-tiktok"],"yoast_head":"<!-- This site is optimized with the Yoast SEO Premium plugin v25.4 (Yoast SEO v26.0) - https:\/\/yoast.com\/wordpress\/plugins\/seo\/ -->\n<title>ANEEL concede cautelar para data center da Casa dos Ventos e TikTok - Ag\u00eancia iNFRA<\/title>\n<meta name=\"robots\" content=\"index, follow, max-snippet:-1, max-image-preview:large, max-video-preview:-1\" \/>\n<link rel=\"canonical\" href=\"https:\/\/agenciainfra.com\/blog\/aneel-concede-cautelar-para-data-center-da-casa-dos-ventos-e-tiktok\/\" \/>\n<meta property=\"og:locale\" content=\"pt_BR\" \/>\n<meta property=\"og:type\" content=\"article\" \/>\n<meta property=\"og:title\" content=\"ANEEL concede cautelar para data center da Casa dos Ventos e TikTok\" \/>\n<meta property=\"og:description\" content=\"Lais Carregosa, da Ag\u00eancia iNFRA A diretoria da ANEEL (Ag\u00eancia Nacional de Energia El\u00e9trica) decidiu, por maioria, nesta ter\u00e7a-feira (10), conceder medida cautelar \u00e0 Casa dos Ventos para assegurar o acesso do data center da companhia ao sistema de transmiss\u00e3o a partir de 2028. A relatora, diretora Agnes Costa, votou por indeferir o pedido, mas [&hellip;]\" \/>\n<meta property=\"og:url\" content=\"https:\/\/agenciainfra.com\/blog\/aneel-concede-cautelar-para-data-center-da-casa-dos-ventos-e-tiktok\/\" \/>\n<meta property=\"og:site_name\" content=\"Ag\u00eancia iNFRA\" \/>\n<meta property=\"article:publisher\" content=\"https:\/\/www.facebook.com\/ageninfra\" \/>\n<meta property=\"article:published_time\" content=\"2026-03-10T19:52:34+00:00\" \/>\n<meta property=\"article:modified_time\" content=\"2026-03-11T16:01:11+00:00\" \/>\n<meta property=\"og:image\" content=\"https:\/\/agenciainfra.com\/blog\/wp-content\/uploads\/2025\/06\/data_center-Wikimedia.org_BalticServersDataCenters.jpg\" \/>\n\t<meta property=\"og:image:width\" content=\"1280\" \/>\n\t<meta property=\"og:image:height\" content=\"850\" \/>\n\t<meta property=\"og:image:type\" content=\"image\/jpeg\" \/>\n<meta name=\"author\" content=\"Ag\u00eancia iNFRA\" \/>\n<meta name=\"twitter:card\" content=\"summary_large_image\" \/>\n<meta name=\"twitter:creator\" content=\"@agencia_infra\" \/>\n<meta name=\"twitter:site\" content=\"@agencia_infra\" \/>\n<meta name=\"twitter:label1\" content=\"Escrito por\" \/>\n\t<meta name=\"twitter:data1\" content=\"Ag\u00eancia iNFRA\" \/>\n\t<meta name=\"twitter:label2\" content=\"Est. tempo de leitura\" \/>\n\t<meta name=\"twitter:data2\" content=\"1 minuto\" \/>\n<script type=\"application\/ld+json\" class=\"yoast-schema-graph\">{\"@context\":\"https:\/\/schema.org\",\"@graph\":[{\"@type\":\"Article\",\"@id\":\"https:\/\/agenciainfra.com\/blog\/aneel-concede-cautelar-para-data-center-da-casa-dos-ventos-e-tiktok\/#article\",\"isPartOf\":{\"@id\":\"https:\/\/agenciainfra.com\/blog\/aneel-concede-cautelar-para-data-center-da-casa-dos-ventos-e-tiktok\/\"},\"author\":{\"name\":\"Ag\u00eancia iNFRA\",\"@id\":\"https:\/\/agenciainfra.com\/blog\/#\/schema\/person\/34af08dff6adea4cb22b06612ba7acfa\"},\"headline\":\"ANEEL concede cautelar para data center da Casa dos Ventos e TikTok\",\"datePublished\":\"2026-03-10T19:52:34+00:00\",\"dateModified\":\"2026-03-11T16:01:11+00:00\",\"mainEntityOfPage\":{\"@id\":\"https:\/\/agenciainfra.com\/blog\/aneel-concede-cautelar-para-data-center-da-casa-dos-ventos-e-tiktok\/\"},\"wordCount\":278,\"publisher\":{\"@id\":\"https:\/\/agenciainfra.com\/blog\/#organization\"},\"image\":{\"@id\":\"https:\/\/agenciainfra.com\/blog\/aneel-concede-cautelar-para-data-center-da-casa-dos-ventos-e-tiktok\/#primaryimage\"},\"thumbnailUrl\":\"https:\/\/agenciainfra.com\/blog\/wp-content\/uploads\/2025\/06\/data_center-Wikimedia.org_BalticServersDataCenters.jpg\",\"keywords\":[\"Agnes Costa\",\"ANEEL\",\"Casa dos Ventos\",\"data center\",\"Lais Carregosa\",\"MME\",\"mosna\",\"SIN\",\"TikTok\"],\"articleSection\":[\"Destaque lista\",\"iNFRAEnergia\"],\"inLanguage\":\"pt-BR\",\"copyrightYear\":\"2026\",\"copyrightHolder\":{\"@id\":\"https:\/\/agenciainfra.com\/blog\/#organization\"}},{\"@type\":\"WebPage\",\"@id\":\"https:\/\/agenciainfra.com\/blog\/aneel-concede-cautelar-para-data-center-da-casa-dos-ventos-e-tiktok\/\",\"url\":\"https:\/\/agenciainfra.com\/blog\/aneel-concede-cautelar-para-data-center-da-casa-dos-ventos-e-tiktok\/\",\"name\":\"ANEEL concede cautelar para data center da Casa dos Ventos e TikTok - Ag\u00eancia iNFRA\",\"isPartOf\":{\"@id\":\"https:\/\/agenciainfra.com\/blog\/#website\"},\"primaryImageOfPage\":{\"@id\":\"https:\/\/agenciainfra.com\/blog\/aneel-concede-cautelar-para-data-center-da-casa-dos-ventos-e-tiktok\/#primaryimage\"},\"image\":{\"@id\":\"https:\/\/agenciainfra.com\/blog\/aneel-concede-cautelar-para-data-center-da-casa-dos-ventos-e-tiktok\/#primaryimage\"},\"thumbnailUrl\":\"https:\/\/agenciainfra.com\/blog\/wp-content\/uploads\/2025\/06\/data_center-Wikimedia.org_BalticServersDataCenters.jpg\",\"datePublished\":\"2026-03-10T19:52:34+00:00\",\"dateModified\":\"2026-03-11T16:01:11+00:00\",\"breadcrumb\":{\"@id\":\"https:\/\/agenciainfra.com\/blog\/aneel-concede-cautelar-para-data-center-da-casa-dos-ventos-e-tiktok\/#breadcrumb\"},\"inLanguage\":\"pt-BR\",\"potentialAction\":[{\"@type\":\"ReadAction\",\"target\":[\"https:\/\/agenciainfra.com\/blog\/aneel-concede-cautelar-para-data-center-da-casa-dos-ventos-e-tiktok\/\"]}]},{\"@type\":\"ImageObject\",\"inLanguage\":\"pt-BR\",\"@id\":\"https:\/\/agenciainfra.com\/blog\/aneel-concede-cautelar-para-data-center-da-casa-dos-ventos-e-tiktok\/#primaryimage\",\"url\":\"https:\/\/agenciainfra.com\/blog\/wp-content\/uploads\/2025\/06\/data_center-Wikimedia.org_BalticServersDataCenters.jpg\",\"contentUrl\":\"https:\/\/agenciainfra.com\/blog\/wp-content\/uploads\/2025\/06\/data_center-Wikimedia.org_BalticServersDataCenters.jpg\",\"width\":1280,\"height\":850,\"caption\":\"Foto: Dom\u00ednio P\u00fablico\"},{\"@type\":\"BreadcrumbList\",\"@id\":\"https:\/\/agenciainfra.com\/blog\/aneel-concede-cautelar-para-data-center-da-casa-dos-ventos-e-tiktok\/#breadcrumb\",\"itemListElement\":[{\"@type\":\"ListItem\",\"position\":1,\"name\":\"In\u00edcio\",\"item\":\"https:\/\/agenciainfra.com\/blog\/\"},{\"@type\":\"ListItem\",\"position\":2,\"name\":\"ANEEL concede cautelar para data center da Casa dos Ventos e TikTok\"}]},{\"@type\":\"WebSite\",\"@id\":\"https:\/\/agenciainfra.com\/blog\/#website\",\"url\":\"https:\/\/agenciainfra.com\/blog\/\",\"name\":\"Ag\u00eancia iNFRA\",\"description\":\"Multiplataforma de informa\u00e7\u00e3o jornal\u00edstica refer\u00eancia na \u00e1rea de infraestrutura no Brasil!\",\"publisher\":{\"@id\":\"https:\/\/agenciainfra.com\/blog\/#organization\"},\"potentialAction\":[{\"@type\":\"SearchAction\",\"target\":{\"@type\":\"EntryPoint\",\"urlTemplate\":\"https:\/\/agenciainfra.com\/blog\/?s={search_term_string}\"},\"query-input\":{\"@type\":\"PropertyValueSpecification\",\"valueRequired\":true,\"valueName\":\"search_term_string\"}}],\"inLanguage\":\"pt-BR\"},{\"@type\":\"Organization\",\"@id\":\"https:\/\/agenciainfra.com\/blog\/#organization\",\"name\":\"Ag\u00eancia iNFRA\",\"url\":\"https:\/\/agenciainfra.com\/blog\/\",\"logo\":{\"@type\":\"ImageObject\",\"inLanguage\":\"pt-BR\",\"@id\":\"https:\/\/agenciainfra.com\/blog\/#\/schema\/logo\/image\/\",\"url\":\"https:\/\/agenciainfra.com\/blog\/wp-content\/uploads\/2023\/09\/iNFRA_5-e1761735885940.png\",\"contentUrl\":\"https:\/\/agenciainfra.com\/blog\/wp-content\/uploads\/2023\/09\/iNFRA_5-e1761735885940.png\",\"width\":1672,\"height\":454,\"caption\":\"Ag\u00eancia iNFRA\"},\"image\":{\"@id\":\"https:\/\/agenciainfra.com\/blog\/#\/schema\/logo\/image\/\"},\"sameAs\":[\"https:\/\/www.facebook.com\/ageninfra\",\"https:\/\/x.com\/agencia_infra\",\"https:\/\/www.linkedin.com\/company\/ag\u00eanciainfra\/\",\"https:\/\/www.instagram.com\/agenciainfra\/\"]},{\"@type\":\"Person\",\"@id\":\"https:\/\/agenciainfra.com\/blog\/#\/schema\/person\/34af08dff6adea4cb22b06612ba7acfa\",\"name\":\"Ag\u00eancia iNFRA\",\"image\":{\"@type\":\"ImageObject\",\"inLanguage\":\"pt-BR\",\"@id\":\"https:\/\/agenciainfra.com\/blog\/#\/schema\/person\/image\/\",\"url\":\"https:\/\/secure.gravatar.com\/avatar\/d189e01678f06d8eb84d4e01f08eb848b3fffe3f8443818d3c356c66892f5be8?s=96&d=mm&r=g\",\"contentUrl\":\"https:\/\/secure.gravatar.com\/avatar\/d189e01678f06d8eb84d4e01f08eb848b3fffe3f8443818d3c356c66892f5be8?s=96&d=mm&r=g\",\"caption\":\"Ag\u00eancia iNFRA\"},\"url\":\"https:\/\/agenciainfra.com\/blog\/author\/admin\/\"}]}<\/script>\n<!-- \/ Yoast SEO Premium plugin. -->","yoast_head_json":{"title":"ANEEL concede cautelar para data center da Casa dos Ventos e TikTok - Ag\u00eancia iNFRA","robots":{"index":"index","follow":"follow","max-snippet":"max-snippet:-1","max-image-preview":"max-image-preview:large","max-video-preview":"max-video-preview:-1"},"canonical":"https:\/\/agenciainfra.com\/blog\/aneel-concede-cautelar-para-data-center-da-casa-dos-ventos-e-tiktok\/","og_locale":"pt_BR","og_type":"article","og_title":"ANEEL concede cautelar para data center da Casa dos Ventos e TikTok","og_description":"Lais Carregosa, da Ag\u00eancia iNFRA A diretoria da ANEEL (Ag\u00eancia Nacional de Energia El\u00e9trica) decidiu, por maioria, nesta ter\u00e7a-feira (10), conceder medida cautelar \u00e0 Casa dos Ventos para assegurar o acesso do data center da companhia ao sistema de transmiss\u00e3o a partir de 2028. A relatora, diretora Agnes Costa, votou por indeferir o pedido, mas [&hellip;]","og_url":"https:\/\/agenciainfra.com\/blog\/aneel-concede-cautelar-para-data-center-da-casa-dos-ventos-e-tiktok\/","og_site_name":"Ag\u00eancia iNFRA","article_publisher":"https:\/\/www.facebook.com\/ageninfra","article_published_time":"2026-03-10T19:52:34+00:00","article_modified_time":"2026-03-11T16:01:11+00:00","og_image":[{"width":1280,"height":850,"url":"https:\/\/agenciainfra.com\/blog\/wp-content\/uploads\/2025\/06\/data_center-Wikimedia.org_BalticServersDataCenters.jpg","type":"image\/jpeg"}],"author":"Ag\u00eancia iNFRA","twitter_card":"summary_large_image","twitter_creator":"@agencia_infra","twitter_site":"@agencia_infra","twitter_misc":{"Escrito por":"Ag\u00eancia iNFRA","Est. tempo de leitura":"1 minuto"},"schema":{"@context":"https:\/\/schema.org","@graph":[{"@type":"Article","@id":"https:\/\/agenciainfra.com\/blog\/aneel-concede-cautelar-para-data-center-da-casa-dos-ventos-e-tiktok\/#article","isPartOf":{"@id":"https:\/\/agenciainfra.com\/blog\/aneel-concede-cautelar-para-data-center-da-casa-dos-ventos-e-tiktok\/"},"author":{"name":"Ag\u00eancia iNFRA","@id":"https:\/\/agenciainfra.com\/blog\/#\/schema\/person\/34af08dff6adea4cb22b06612ba7acfa"},"headline":"ANEEL concede cautelar para data center da Casa dos Ventos e TikTok","datePublished":"2026-03-10T19:52:34+00:00","dateModified":"2026-03-11T16:01:11+00:00","mainEntityOfPage":{"@id":"https:\/\/agenciainfra.com\/blog\/aneel-concede-cautelar-para-data-center-da-casa-dos-ventos-e-tiktok\/"},"wordCount":278,"publisher":{"@id":"https:\/\/agenciainfra.com\/blog\/#organization"},"image":{"@id":"https:\/\/agenciainfra.com\/blog\/aneel-concede-cautelar-para-data-center-da-casa-dos-ventos-e-tiktok\/#primaryimage"},"thumbnailUrl":"https:\/\/agenciainfra.com\/blog\/wp-content\/uploads\/2025\/06\/data_center-Wikimedia.org_BalticServersDataCenters.jpg","keywords":["Agnes Costa","ANEEL","Casa dos Ventos","data center","Lais Carregosa","MME","mosna","SIN","TikTok"],"articleSection":["Destaque lista","iNFRAEnergia"],"inLanguage":"pt-BR","copyrightYear":"2026","copyrightHolder":{"@id":"https:\/\/agenciainfra.com\/blog\/#organization"}},{"@type":"WebPage","@id":"https:\/\/agenciainfra.com\/blog\/aneel-concede-cautelar-para-data-center-da-casa-dos-ventos-e-tiktok\/","url":"https:\/\/agenciainfra.com\/blog\/aneel-concede-cautelar-para-data-center-da-casa-dos-ventos-e-tiktok\/","name":"ANEEL concede cautelar para data center da Casa dos Ventos e TikTok - Ag\u00eancia iNFRA","isPartOf":{"@id":"https:\/\/agenciainfra.com\/blog\/#website"},"primaryImageOfPage":{"@id":"https:\/\/agenciainfra.com\/blog\/aneel-concede-cautelar-para-data-center-da-casa-dos-ventos-e-tiktok\/#primaryimage"},"image":{"@id":"https:\/\/agenciainfra.com\/blog\/aneel-concede-cautelar-para-data-center-da-casa-dos-ventos-e-tiktok\/#primaryimage"},"thumbnailUrl":"https:\/\/agenciainfra.com\/blog\/wp-content\/uploads\/2025\/06\/data_center-Wikimedia.org_BalticServersDataCenters.jpg","datePublished":"2026-03-10T19:52:34+00:00","dateModified":"2026-03-11T16:01:11+00:00","breadcrumb":{"@id":"https:\/\/agenciainfra.com\/blog\/aneel-concede-cautelar-para-data-center-da-casa-dos-ventos-e-tiktok\/#breadcrumb"},"inLanguage":"pt-BR","potentialAction":[{"@type":"ReadAction","target":["https:\/\/agenciainfra.com\/blog\/aneel-concede-cautelar-para-data-center-da-casa-dos-ventos-e-tiktok\/"]}]},{"@type":"ImageObject","inLanguage":"pt-BR","@id":"https:\/\/agenciainfra.com\/blog\/aneel-concede-cautelar-para-data-center-da-casa-dos-ventos-e-tiktok\/#primaryimage","url":"https:\/\/agenciainfra.com\/blog\/wp-content\/uploads\/2025\/06\/data_center-Wikimedia.org_BalticServersDataCenters.jpg","contentUrl":"https:\/\/agenciainfra.com\/blog\/wp-content\/uploads\/2025\/06\/data_center-Wikimedia.org_BalticServersDataCenters.jpg","width":1280,"height":850,"caption":"Foto: Dom\u00ednio P\u00fablico"},{"@type":"BreadcrumbList","@id":"https:\/\/agenciainfra.com\/blog\/aneel-concede-cautelar-para-data-center-da-casa-dos-ventos-e-tiktok\/#breadcrumb","itemListElement":[{"@type":"ListItem","position":1,"name":"In\u00edcio","item":"https:\/\/agenciainfra.com\/blog\/"},{"@type":"ListItem","position":2,"name":"ANEEL concede cautelar para data center da Casa dos Ventos e TikTok"}]},{"@type":"WebSite","@id":"https:\/\/agenciainfra.com\/blog\/#website","url":"https:\/\/agenciainfra.com\/blog\/","name":"Ag\u00eancia iNFRA","description":"Multiplataforma de informa\u00e7\u00e3o jornal\u00edstica refer\u00eancia na \u00e1rea de infraestrutura no Brasil!","publisher":{"@id":"https:\/\/agenciainfra.com\/blog\/#organization"},"potentialAction":[{"@type":"SearchAction","target":{"@type":"EntryPoint","urlTemplate":"https:\/\/agenciainfra.com\/blog\/?s={search_term_string}"},"query-input":{"@type":"PropertyValueSpecification","valueRequired":true,"valueName":"search_term_string"}}],"inLanguage":"pt-BR"},{"@type":"Organization","@id":"https:\/\/agenciainfra.com\/blog\/#organization","name":"Ag\u00eancia iNFRA","url":"https:\/\/agenciainfra.com\/blog\/","logo":{"@type":"ImageObject","inLanguage":"pt-BR","@id":"https:\/\/agenciainfra.com\/blog\/#\/schema\/logo\/image\/","url":"https:\/\/agenciainfra.com\/blog\/wp-content\/uploads\/2023\/09\/iNFRA_5-e1761735885940.png","contentUrl":"https:\/\/agenciainfra.com\/blog\/wp-content\/uploads\/2023\/09\/iNFRA_5-e1761735885940.png","width":1672,"height":454,"caption":"Ag\u00eancia iNFRA"},"image":{"@id":"https:\/\/agenciainfra.com\/blog\/#\/schema\/logo\/image\/"},"sameAs":["https:\/\/www.facebook.com\/ageninfra","https:\/\/x.com\/agencia_infra","https:\/\/www.linkedin.com\/company\/ag\u00eanciainfra\/","https:\/\/www.instagram.com\/agenciainfra\/"]},{"@type":"Person","@id":"https:\/\/agenciainfra.com\/blog\/#\/schema\/person\/34af08dff6adea4cb22b06612ba7acfa","name":"Ag\u00eancia iNFRA","image":{"@type":"ImageObject","inLanguage":"pt-BR","@id":"https:\/\/agenciainfra.com\/blog\/#\/schema\/person\/image\/","url":"https:\/\/secure.gravatar.com\/avatar\/d189e01678f06d8eb84d4e01f08eb848b3fffe3f8443818d3c356c66892f5be8?s=96&d=mm&r=g","contentUrl":"https:\/\/secure.gravatar.com\/avatar\/d189e01678f06d8eb84d4e01f08eb848b3fffe3f8443818d3c356c66892f5be8?s=96&d=mm&r=g","caption":"Ag\u00eancia iNFRA"},"url":"https:\/\/agenciainfra.com\/blog\/author\/admin\/"}]}},"_links":{"self":[{"href":"https:\/\/agenciainfra.com\/blog\/wp-json\/wp\/v2\/posts\/37578","targetHints":{"allow":["GET"]}}],"collection":[{"href":"https:\/\/agenciainfra.com\/blog\/wp-json\/wp\/v2\/posts"}],"about":[{"href":"https:\/\/agenciainfra.com\/blog\/wp-json\/wp\/v2\/types\/post"}],"author":[{"embeddable":true,"href":"https:\/\/agenciainfra.com\/blog\/wp-json\/wp\/v2\/users\/1"}],"replies":[{"embeddable":true,"href":"https:\/\/agenciainfra.com\/blog\/wp-json\/wp\/v2\/comments?post=37578"}],"version-history":[{"count":1,"href":"https:\/\/agenciainfra.com\/blog\/wp-json\/wp\/v2\/posts\/37578\/revisions"}],"predecessor-version":[{"id":37579,"href":"https:\/\/agenciainfra.com\/blog\/wp-json\/wp\/v2\/posts\/37578\/revisions\/37579"}],"wp:featuredmedia":[{"embeddable":true,"href":"https:\/\/agenciainfra.com\/blog\/wp-json\/wp\/v2\/media\/23744"}],"wp:attachment":[{"href":"https:\/\/agenciainfra.com\/blog\/wp-json\/wp\/v2\/media?parent=37578"}],"wp:term":[{"taxonomy":"category","embeddable":true,"href":"https:\/\/agenciainfra.com\/blog\/wp-json\/wp\/v2\/categories?post=37578"},{"taxonomy":"post_tag","embeddable":true,"href":"https:\/\/agenciainfra.com\/blog\/wp-json\/wp\/v2\/tags?post=37578"}],"curies":[{"name":"wp","href":"https:\/\/api.w.org\/{rel}","templated":true}]}}