{"id":37598,"date":"2026-03-10T19:52:49","date_gmt":"2026-03-10T22:52:49","guid":{"rendered":"https:\/\/agenciainfra.com\/blog\/?p=37598"},"modified":"2026-03-11T14:48:19","modified_gmt":"2026-03-11T17:48:19","slug":"mercado-informal-do-frete-gera-r-327-bi-em-sonegacao-diz-estudo","status":"publish","type":"post","link":"https:\/\/agenciainfra.com\/blog\/mercado-informal-do-frete-gera-r-327-bi-em-sonegacao-diz-estudo\/","title":{"rendered":"Mercado informal do frete gera R$ 32,7 bi em sonega\u00e7\u00e3o, diz estudo"},"content":{"rendered":"\n<p class=\"has-text-align-right\"><strong>da Ag\u00eancia iNFRA<\/strong><\/p>\n\n\n\n<p>Um <a href=\"https:\/\/agenciainfra.com\/blog\/wp-content\/uploads\/2026\/03\/AMPEF_Estudo-Economico-GO-Associados-10.03.26.pdf\">estudo<\/a> da Ampef (Associa\u00e7\u00e3o das Administradoras de Meios de Pagamento Eletr\u00f4nico de Frete), elaborado pela consultoria GO Associados, aponta que a informalidade no transporte rodovi\u00e1rio de cargas gera cerca de R$ 32,7 bilh\u00f5es por ano em sonega\u00e7\u00e3o de tributos no Brasil. A estimativa considera impostos federais, estaduais, municipais e contribui\u00e7\u00f5es previdenci\u00e1rias que deixam de ser recolhidos em opera\u00e7\u00f5es realizadas fora dos mecanismos formais de pagamento de frete. <\/p>\n\n\n\n<p>De acordo com o levantamento, o mercado total de transporte rodovi\u00e1rio de cargas movimenta cerca de R$ 818,6 bilh\u00f5es por ano no pa\u00eds. Desse montante, R$ 351,8 bilh\u00f5es estariam no segmento informal, o equivalente a 43% de todo o mercado, enquanto o setor formal responde por aproximadamente R$ 466,9 bilh\u00f5es. A estimativa foi constru\u00edda a partir do cruzamento entre dados de consumo de diesel e o faturamento declarado \u00e0 Receita Federal, metodologia usada para identificar discrep\u00e2ncias entre atividade econ\u00f4mica e arrecada\u00e7\u00e3o tribut\u00e1ria. <\/p>\n\n\n\n<p>O estudo aponta que parte significativa dessa perda de arrecada\u00e7\u00e3o est\u00e1 associada ao uso da carta-frete, mecanismo considerado ilegal, mas ainda utilizado em opera\u00e7\u00f5es de transporte de m\u00e9dia e longa dist\u00e2ncia. Nesse sistema, o caminhoneiro recebe um documento ou cr\u00e9dito para pagamento de despesas da viagem, como combust\u00edvel e alimenta\u00e7\u00e3o, em vez de receber o valor do frete por meios eletr\u00f4nicos autorizados pela legisla\u00e7\u00e3o. A pr\u00e1tica dificulta a rastreabilidade financeira das opera\u00e7\u00f5es e facilita a realiza\u00e7\u00e3o de transa\u00e7\u00f5es fora do sistema formal de tributa\u00e7\u00e3o. <\/p>\n\n\n\n<p>Segundo a Ampef, al\u00e9m de reduzir a arrecada\u00e7\u00e3o p\u00fablica, a informalidade no pagamento de fretes gera distor\u00e7\u00f5es concorrenciais no setor, j\u00e1 que operadores que utilizam mecanismos informais conseguem reduzir custos ao evitar encargos tribut\u00e1rios e regulat\u00f3rios. O estudo tamb\u00e9m destaca que o modelo prejudica os pr\u00f3prios caminhoneiros, pois dificulta a comprova\u00e7\u00e3o de renda e restringe o acesso ao cr\u00e9dito no sistema financeiro.<\/p>\n\n\n\n<p>Os autores do levantamento afirmam que a reforma tribut\u00e1ria em discuss\u00e3o no pa\u00eds pode ajudar a reduzir esse espa\u00e7o de informalidade, sobretudo se mecanismos como o split payment (recolhimento autom\u00e1tico de tributos no momento do pagamento) forem integrados aos documentos eletr\u00f4nicos do transporte, como CT-e, DT-e e CIOT, e aos sistemas de pagamento eletr\u00f4nico de frete.<\/p>\n","protected":false},"excerpt":{"rendered":"<p>da Ag\u00eancia iNFRA Um estudo da Ampef (Associa\u00e7\u00e3o das Administradoras de Meios de Pagamento Eletr\u00f4nico de Frete), elaborado pela consultoria GO Associados, aponta que a informalidade no transporte rodovi\u00e1rio de cargas gera cerca de R$ 32,7 bilh\u00f5es por ano em sonega\u00e7\u00e3o de tributos no Brasil. A estimativa considera impostos federais, estaduais, municipais e contribui\u00e7\u00f5es previdenci\u00e1rias [&hellip;]<\/p>\n","protected":false},"author":1,"featured_media":4259,"comment_status":"closed","ping_status":"closed","sticky":false,"template":"","format":"standard","meta":{"_monsterinsights_skip_tracking":false,"_monsterinsights_sitenote_active":false,"_monsterinsights_sitenote_note":"","_monsterinsights_sitenote_category":0,"footnotes":""},"categories":[7250,7],"tags":[18875,11248,18874,378,126,6268,1059,7726],"class_list":["post-37598","post","type-post","status-publish","format-standard","has-post-thumbnail","hentry","category-destaque-lista","category-infratransporte","tag-arrecadacao-publica","tag-faturamento","tag-mercado-informal","tag-receita-federal","tag-rodovias","tag-sonegacao","tag-transporte-de-cargas","tag-tributos"],"yoast_head":"<!-- This site is optimized with the Yoast SEO Premium plugin v25.4 (Yoast SEO v26.0) - https:\/\/yoast.com\/wordpress\/plugins\/seo\/ -->\n<title>Mercado informal do frete gera R$ 32,7 bi em sonega\u00e7\u00e3o, diz estudo - Ag\u00eancia iNFRA<\/title>\n<meta name=\"robots\" content=\"index, follow, max-snippet:-1, max-image-preview:large, max-video-preview:-1\" \/>\n<link rel=\"canonical\" href=\"https:\/\/agenciainfra.com\/blog\/mercado-informal-do-frete-gera-r-327-bi-em-sonegacao-diz-estudo\/\" \/>\n<meta property=\"og:locale\" content=\"pt_BR\" \/>\n<meta property=\"og:type\" content=\"article\" \/>\n<meta property=\"og:title\" content=\"Mercado informal do frete gera R$ 32,7 bi em sonega\u00e7\u00e3o, diz estudo\" \/>\n<meta property=\"og:description\" content=\"da Ag\u00eancia iNFRA Um estudo da Ampef (Associa\u00e7\u00e3o das Administradoras de Meios de Pagamento Eletr\u00f4nico de Frete), elaborado pela consultoria GO Associados, aponta que a informalidade no transporte rodovi\u00e1rio de cargas gera cerca de R$ 32,7 bilh\u00f5es por ano em sonega\u00e7\u00e3o de tributos no Brasil. A estimativa considera impostos federais, estaduais, municipais e contribui\u00e7\u00f5es previdenci\u00e1rias [&hellip;]\" \/>\n<meta property=\"og:url\" content=\"https:\/\/agenciainfra.com\/blog\/mercado-informal-do-frete-gera-r-327-bi-em-sonegacao-diz-estudo\/\" \/>\n<meta property=\"og:site_name\" content=\"Ag\u00eancia iNFRA\" \/>\n<meta property=\"article:publisher\" content=\"https:\/\/www.facebook.com\/ageninfra\" \/>\n<meta property=\"article:published_time\" content=\"2026-03-10T22:52:49+00:00\" \/>\n<meta property=\"article:modified_time\" content=\"2026-03-11T17:48:19+00:00\" \/>\n<meta property=\"og:image\" content=\"https:\/\/agenciainfra.com\/blog\/wp-content\/uploads\/2020\/01\/transporte-carga-caminhao-foto-goinfra.jpg\" \/>\n\t<meta property=\"og:image:width\" content=\"1280\" \/>\n\t<meta property=\"og:image:height\" content=\"846\" \/>\n\t<meta property=\"og:image:type\" content=\"image\/jpeg\" \/>\n<meta name=\"author\" content=\"Ag\u00eancia iNFRA\" \/>\n<meta name=\"twitter:card\" content=\"summary_large_image\" \/>\n<meta name=\"twitter:creator\" content=\"@agencia_infra\" \/>\n<meta name=\"twitter:site\" content=\"@agencia_infra\" \/>\n<meta name=\"twitter:label1\" content=\"Escrito por\" \/>\n\t<meta name=\"twitter:data1\" content=\"Ag\u00eancia iNFRA\" \/>\n\t<meta name=\"twitter:label2\" content=\"Est. tempo de leitura\" \/>\n\t<meta name=\"twitter:data2\" content=\"2 minutos\" \/>\n<script type=\"application\/ld+json\" class=\"yoast-schema-graph\">{\"@context\":\"https:\/\/schema.org\",\"@graph\":[{\"@type\":\"Article\",\"@id\":\"https:\/\/agenciainfra.com\/blog\/mercado-informal-do-frete-gera-r-327-bi-em-sonegacao-diz-estudo\/#article\",\"isPartOf\":{\"@id\":\"https:\/\/agenciainfra.com\/blog\/mercado-informal-do-frete-gera-r-327-bi-em-sonegacao-diz-estudo\/\"},\"author\":{\"name\":\"Ag\u00eancia iNFRA\",\"@id\":\"https:\/\/agenciainfra.com\/blog\/#\/schema\/person\/34af08dff6adea4cb22b06612ba7acfa\"},\"headline\":\"Mercado informal do frete gera R$ 32,7 bi em sonega\u00e7\u00e3o, diz estudo\",\"datePublished\":\"2026-03-10T22:52:49+00:00\",\"dateModified\":\"2026-03-11T17:48:19+00:00\",\"mainEntityOfPage\":{\"@id\":\"https:\/\/agenciainfra.com\/blog\/mercado-informal-do-frete-gera-r-327-bi-em-sonegacao-diz-estudo\/\"},\"wordCount\":411,\"publisher\":{\"@id\":\"https:\/\/agenciainfra.com\/blog\/#organization\"},\"image\":{\"@id\":\"https:\/\/agenciainfra.com\/blog\/mercado-informal-do-frete-gera-r-327-bi-em-sonegacao-diz-estudo\/#primaryimage\"},\"thumbnailUrl\":\"https:\/\/agenciainfra.com\/blog\/wp-content\/uploads\/2020\/01\/transporte-carga-caminhao-foto-goinfra.jpg\",\"keywords\":[\"arrecada\u00e7\u00e3o p\u00fablica\",\"faturamento\",\"mercado informal\",\"receita federal\",\"rodovias\",\"sonega\u00e7\u00e3o\",\"transporte de cargas\",\"tributos\"],\"articleSection\":[\"Destaque lista\",\"iNFRATransporte\"],\"inLanguage\":\"pt-BR\",\"copyrightYear\":\"2026\",\"copyrightHolder\":{\"@id\":\"https:\/\/agenciainfra.com\/blog\/#organization\"}},{\"@type\":\"WebPage\",\"@id\":\"https:\/\/agenciainfra.com\/blog\/mercado-informal-do-frete-gera-r-327-bi-em-sonegacao-diz-estudo\/\",\"url\":\"https:\/\/agenciainfra.com\/blog\/mercado-informal-do-frete-gera-r-327-bi-em-sonegacao-diz-estudo\/\",\"name\":\"Mercado informal do frete gera R$ 32,7 bi em sonega\u00e7\u00e3o, diz estudo - Ag\u00eancia iNFRA\",\"isPartOf\":{\"@id\":\"https:\/\/agenciainfra.com\/blog\/#website\"},\"primaryImageOfPage\":{\"@id\":\"https:\/\/agenciainfra.com\/blog\/mercado-informal-do-frete-gera-r-327-bi-em-sonegacao-diz-estudo\/#primaryimage\"},\"image\":{\"@id\":\"https:\/\/agenciainfra.com\/blog\/mercado-informal-do-frete-gera-r-327-bi-em-sonegacao-diz-estudo\/#primaryimage\"},\"thumbnailUrl\":\"https:\/\/agenciainfra.com\/blog\/wp-content\/uploads\/2020\/01\/transporte-carga-caminhao-foto-goinfra.jpg\",\"datePublished\":\"2026-03-10T22:52:49+00:00\",\"dateModified\":\"2026-03-11T17:48:19+00:00\",\"breadcrumb\":{\"@id\":\"https:\/\/agenciainfra.com\/blog\/mercado-informal-do-frete-gera-r-327-bi-em-sonegacao-diz-estudo\/#breadcrumb\"},\"inLanguage\":\"pt-BR\",\"potentialAction\":[{\"@type\":\"ReadAction\",\"target\":[\"https:\/\/agenciainfra.com\/blog\/mercado-informal-do-frete-gera-r-327-bi-em-sonegacao-diz-estudo\/\"]}]},{\"@type\":\"ImageObject\",\"inLanguage\":\"pt-BR\",\"@id\":\"https:\/\/agenciainfra.com\/blog\/mercado-informal-do-frete-gera-r-327-bi-em-sonegacao-diz-estudo\/#primaryimage\",\"url\":\"https:\/\/agenciainfra.com\/blog\/wp-content\/uploads\/2020\/01\/transporte-carga-caminhao-foto-goinfra.jpg\",\"contentUrl\":\"https:\/\/agenciainfra.com\/blog\/wp-content\/uploads\/2020\/01\/transporte-carga-caminhao-foto-goinfra.jpg\",\"width\":1280,\"height\":846,\"caption\":\"Foto: Goinfra\"},{\"@type\":\"BreadcrumbList\",\"@id\":\"https:\/\/agenciainfra.com\/blog\/mercado-informal-do-frete-gera-r-327-bi-em-sonegacao-diz-estudo\/#breadcrumb\",\"itemListElement\":[{\"@type\":\"ListItem\",\"position\":1,\"name\":\"In\u00edcio\",\"item\":\"https:\/\/agenciainfra.com\/blog\/\"},{\"@type\":\"ListItem\",\"position\":2,\"name\":\"Mercado informal do frete gera R$ 32,7 bi em sonega\u00e7\u00e3o, diz estudo\"}]},{\"@type\":\"WebSite\",\"@id\":\"https:\/\/agenciainfra.com\/blog\/#website\",\"url\":\"https:\/\/agenciainfra.com\/blog\/\",\"name\":\"Ag\u00eancia iNFRA\",\"description\":\"Multiplataforma de informa\u00e7\u00e3o jornal\u00edstica refer\u00eancia na \u00e1rea de infraestrutura no Brasil!\",\"publisher\":{\"@id\":\"https:\/\/agenciainfra.com\/blog\/#organization\"},\"potentialAction\":[{\"@type\":\"SearchAction\",\"target\":{\"@type\":\"EntryPoint\",\"urlTemplate\":\"https:\/\/agenciainfra.com\/blog\/?s={search_term_string}\"},\"query-input\":{\"@type\":\"PropertyValueSpecification\",\"valueRequired\":true,\"valueName\":\"search_term_string\"}}],\"inLanguage\":\"pt-BR\"},{\"@type\":\"Organization\",\"@id\":\"https:\/\/agenciainfra.com\/blog\/#organization\",\"name\":\"Ag\u00eancia iNFRA\",\"url\":\"https:\/\/agenciainfra.com\/blog\/\",\"logo\":{\"@type\":\"ImageObject\",\"inLanguage\":\"pt-BR\",\"@id\":\"https:\/\/agenciainfra.com\/blog\/#\/schema\/logo\/image\/\",\"url\":\"https:\/\/agenciainfra.com\/blog\/wp-content\/uploads\/2023\/09\/iNFRA_5-e1761735885940.png\",\"contentUrl\":\"https:\/\/agenciainfra.com\/blog\/wp-content\/uploads\/2023\/09\/iNFRA_5-e1761735885940.png\",\"width\":1672,\"height\":454,\"caption\":\"Ag\u00eancia iNFRA\"},\"image\":{\"@id\":\"https:\/\/agenciainfra.com\/blog\/#\/schema\/logo\/image\/\"},\"sameAs\":[\"https:\/\/www.facebook.com\/ageninfra\",\"https:\/\/x.com\/agencia_infra\",\"https:\/\/www.linkedin.com\/company\/ag\u00eanciainfra\/\",\"https:\/\/www.instagram.com\/agenciainfra\/\"]},{\"@type\":\"Person\",\"@id\":\"https:\/\/agenciainfra.com\/blog\/#\/schema\/person\/34af08dff6adea4cb22b06612ba7acfa\",\"name\":\"Ag\u00eancia iNFRA\",\"image\":{\"@type\":\"ImageObject\",\"inLanguage\":\"pt-BR\",\"@id\":\"https:\/\/agenciainfra.com\/blog\/#\/schema\/person\/image\/\",\"url\":\"https:\/\/secure.gravatar.com\/avatar\/d189e01678f06d8eb84d4e01f08eb848b3fffe3f8443818d3c356c66892f5be8?s=96&d=mm&r=g\",\"contentUrl\":\"https:\/\/secure.gravatar.com\/avatar\/d189e01678f06d8eb84d4e01f08eb848b3fffe3f8443818d3c356c66892f5be8?s=96&d=mm&r=g\",\"caption\":\"Ag\u00eancia iNFRA\"},\"url\":\"https:\/\/agenciainfra.com\/blog\/author\/admin\/\"}]}<\/script>\n<!-- \/ Yoast SEO Premium plugin. -->","yoast_head_json":{"title":"Mercado informal do frete gera R$ 32,7 bi em sonega\u00e7\u00e3o, diz estudo - Ag\u00eancia iNFRA","robots":{"index":"index","follow":"follow","max-snippet":"max-snippet:-1","max-image-preview":"max-image-preview:large","max-video-preview":"max-video-preview:-1"},"canonical":"https:\/\/agenciainfra.com\/blog\/mercado-informal-do-frete-gera-r-327-bi-em-sonegacao-diz-estudo\/","og_locale":"pt_BR","og_type":"article","og_title":"Mercado informal do frete gera R$ 32,7 bi em sonega\u00e7\u00e3o, diz estudo","og_description":"da Ag\u00eancia iNFRA Um estudo da Ampef (Associa\u00e7\u00e3o das Administradoras de Meios de Pagamento Eletr\u00f4nico de Frete), elaborado pela consultoria GO Associados, aponta que a informalidade no transporte rodovi\u00e1rio de cargas gera cerca de R$ 32,7 bilh\u00f5es por ano em sonega\u00e7\u00e3o de tributos no Brasil. A estimativa considera impostos federais, estaduais, municipais e contribui\u00e7\u00f5es previdenci\u00e1rias [&hellip;]","og_url":"https:\/\/agenciainfra.com\/blog\/mercado-informal-do-frete-gera-r-327-bi-em-sonegacao-diz-estudo\/","og_site_name":"Ag\u00eancia iNFRA","article_publisher":"https:\/\/www.facebook.com\/ageninfra","article_published_time":"2026-03-10T22:52:49+00:00","article_modified_time":"2026-03-11T17:48:19+00:00","og_image":[{"width":1280,"height":846,"url":"https:\/\/agenciainfra.com\/blog\/wp-content\/uploads\/2020\/01\/transporte-carga-caminhao-foto-goinfra.jpg","type":"image\/jpeg"}],"author":"Ag\u00eancia iNFRA","twitter_card":"summary_large_image","twitter_creator":"@agencia_infra","twitter_site":"@agencia_infra","twitter_misc":{"Escrito por":"Ag\u00eancia iNFRA","Est. tempo de leitura":"2 minutos"},"schema":{"@context":"https:\/\/schema.org","@graph":[{"@type":"Article","@id":"https:\/\/agenciainfra.com\/blog\/mercado-informal-do-frete-gera-r-327-bi-em-sonegacao-diz-estudo\/#article","isPartOf":{"@id":"https:\/\/agenciainfra.com\/blog\/mercado-informal-do-frete-gera-r-327-bi-em-sonegacao-diz-estudo\/"},"author":{"name":"Ag\u00eancia iNFRA","@id":"https:\/\/agenciainfra.com\/blog\/#\/schema\/person\/34af08dff6adea4cb22b06612ba7acfa"},"headline":"Mercado informal do frete gera R$ 32,7 bi em sonega\u00e7\u00e3o, diz estudo","datePublished":"2026-03-10T22:52:49+00:00","dateModified":"2026-03-11T17:48:19+00:00","mainEntityOfPage":{"@id":"https:\/\/agenciainfra.com\/blog\/mercado-informal-do-frete-gera-r-327-bi-em-sonegacao-diz-estudo\/"},"wordCount":411,"publisher":{"@id":"https:\/\/agenciainfra.com\/blog\/#organization"},"image":{"@id":"https:\/\/agenciainfra.com\/blog\/mercado-informal-do-frete-gera-r-327-bi-em-sonegacao-diz-estudo\/#primaryimage"},"thumbnailUrl":"https:\/\/agenciainfra.com\/blog\/wp-content\/uploads\/2020\/01\/transporte-carga-caminhao-foto-goinfra.jpg","keywords":["arrecada\u00e7\u00e3o p\u00fablica","faturamento","mercado informal","receita federal","rodovias","sonega\u00e7\u00e3o","transporte de cargas","tributos"],"articleSection":["Destaque lista","iNFRATransporte"],"inLanguage":"pt-BR","copyrightYear":"2026","copyrightHolder":{"@id":"https:\/\/agenciainfra.com\/blog\/#organization"}},{"@type":"WebPage","@id":"https:\/\/agenciainfra.com\/blog\/mercado-informal-do-frete-gera-r-327-bi-em-sonegacao-diz-estudo\/","url":"https:\/\/agenciainfra.com\/blog\/mercado-informal-do-frete-gera-r-327-bi-em-sonegacao-diz-estudo\/","name":"Mercado informal do frete gera R$ 32,7 bi em sonega\u00e7\u00e3o, diz estudo - Ag\u00eancia iNFRA","isPartOf":{"@id":"https:\/\/agenciainfra.com\/blog\/#website"},"primaryImageOfPage":{"@id":"https:\/\/agenciainfra.com\/blog\/mercado-informal-do-frete-gera-r-327-bi-em-sonegacao-diz-estudo\/#primaryimage"},"image":{"@id":"https:\/\/agenciainfra.com\/blog\/mercado-informal-do-frete-gera-r-327-bi-em-sonegacao-diz-estudo\/#primaryimage"},"thumbnailUrl":"https:\/\/agenciainfra.com\/blog\/wp-content\/uploads\/2020\/01\/transporte-carga-caminhao-foto-goinfra.jpg","datePublished":"2026-03-10T22:52:49+00:00","dateModified":"2026-03-11T17:48:19+00:00","breadcrumb":{"@id":"https:\/\/agenciainfra.com\/blog\/mercado-informal-do-frete-gera-r-327-bi-em-sonegacao-diz-estudo\/#breadcrumb"},"inLanguage":"pt-BR","potentialAction":[{"@type":"ReadAction","target":["https:\/\/agenciainfra.com\/blog\/mercado-informal-do-frete-gera-r-327-bi-em-sonegacao-diz-estudo\/"]}]},{"@type":"ImageObject","inLanguage":"pt-BR","@id":"https:\/\/agenciainfra.com\/blog\/mercado-informal-do-frete-gera-r-327-bi-em-sonegacao-diz-estudo\/#primaryimage","url":"https:\/\/agenciainfra.com\/blog\/wp-content\/uploads\/2020\/01\/transporte-carga-caminhao-foto-goinfra.jpg","contentUrl":"https:\/\/agenciainfra.com\/blog\/wp-content\/uploads\/2020\/01\/transporte-carga-caminhao-foto-goinfra.jpg","width":1280,"height":846,"caption":"Foto: Goinfra"},{"@type":"BreadcrumbList","@id":"https:\/\/agenciainfra.com\/blog\/mercado-informal-do-frete-gera-r-327-bi-em-sonegacao-diz-estudo\/#breadcrumb","itemListElement":[{"@type":"ListItem","position":1,"name":"In\u00edcio","item":"https:\/\/agenciainfra.com\/blog\/"},{"@type":"ListItem","position":2,"name":"Mercado informal do frete gera R$ 32,7 bi em sonega\u00e7\u00e3o, diz estudo"}]},{"@type":"WebSite","@id":"https:\/\/agenciainfra.com\/blog\/#website","url":"https:\/\/agenciainfra.com\/blog\/","name":"Ag\u00eancia iNFRA","description":"Multiplataforma de informa\u00e7\u00e3o jornal\u00edstica refer\u00eancia na \u00e1rea de infraestrutura no Brasil!","publisher":{"@id":"https:\/\/agenciainfra.com\/blog\/#organization"},"potentialAction":[{"@type":"SearchAction","target":{"@type":"EntryPoint","urlTemplate":"https:\/\/agenciainfra.com\/blog\/?s={search_term_string}"},"query-input":{"@type":"PropertyValueSpecification","valueRequired":true,"valueName":"search_term_string"}}],"inLanguage":"pt-BR"},{"@type":"Organization","@id":"https:\/\/agenciainfra.com\/blog\/#organization","name":"Ag\u00eancia iNFRA","url":"https:\/\/agenciainfra.com\/blog\/","logo":{"@type":"ImageObject","inLanguage":"pt-BR","@id":"https:\/\/agenciainfra.com\/blog\/#\/schema\/logo\/image\/","url":"https:\/\/agenciainfra.com\/blog\/wp-content\/uploads\/2023\/09\/iNFRA_5-e1761735885940.png","contentUrl":"https:\/\/agenciainfra.com\/blog\/wp-content\/uploads\/2023\/09\/iNFRA_5-e1761735885940.png","width":1672,"height":454,"caption":"Ag\u00eancia iNFRA"},"image":{"@id":"https:\/\/agenciainfra.com\/blog\/#\/schema\/logo\/image\/"},"sameAs":["https:\/\/www.facebook.com\/ageninfra","https:\/\/x.com\/agencia_infra","https:\/\/www.linkedin.com\/company\/ag\u00eanciainfra\/","https:\/\/www.instagram.com\/agenciainfra\/"]},{"@type":"Person","@id":"https:\/\/agenciainfra.com\/blog\/#\/schema\/person\/34af08dff6adea4cb22b06612ba7acfa","name":"Ag\u00eancia iNFRA","image":{"@type":"ImageObject","inLanguage":"pt-BR","@id":"https:\/\/agenciainfra.com\/blog\/#\/schema\/person\/image\/","url":"https:\/\/secure.gravatar.com\/avatar\/d189e01678f06d8eb84d4e01f08eb848b3fffe3f8443818d3c356c66892f5be8?s=96&d=mm&r=g","contentUrl":"https:\/\/secure.gravatar.com\/avatar\/d189e01678f06d8eb84d4e01f08eb848b3fffe3f8443818d3c356c66892f5be8?s=96&d=mm&r=g","caption":"Ag\u00eancia iNFRA"},"url":"https:\/\/agenciainfra.com\/blog\/author\/admin\/"}]}},"_links":{"self":[{"href":"https:\/\/agenciainfra.com\/blog\/wp-json\/wp\/v2\/posts\/37598","targetHints":{"allow":["GET"]}}],"collection":[{"href":"https:\/\/agenciainfra.com\/blog\/wp-json\/wp\/v2\/posts"}],"about":[{"href":"https:\/\/agenciainfra.com\/blog\/wp-json\/wp\/v2\/types\/post"}],"author":[{"embeddable":true,"href":"https:\/\/agenciainfra.com\/blog\/wp-json\/wp\/v2\/users\/1"}],"replies":[{"embeddable":true,"href":"https:\/\/agenciainfra.com\/blog\/wp-json\/wp\/v2\/comments?post=37598"}],"version-history":[{"count":1,"href":"https:\/\/agenciainfra.com\/blog\/wp-json\/wp\/v2\/posts\/37598\/revisions"}],"predecessor-version":[{"id":37600,"href":"https:\/\/agenciainfra.com\/blog\/wp-json\/wp\/v2\/posts\/37598\/revisions\/37600"}],"wp:featuredmedia":[{"embeddable":true,"href":"https:\/\/agenciainfra.com\/blog\/wp-json\/wp\/v2\/media\/4259"}],"wp:attachment":[{"href":"https:\/\/agenciainfra.com\/blog\/wp-json\/wp\/v2\/media?parent=37598"}],"wp:term":[{"taxonomy":"category","embeddable":true,"href":"https:\/\/agenciainfra.com\/blog\/wp-json\/wp\/v2\/categories?post=37598"},{"taxonomy":"post_tag","embeddable":true,"href":"https:\/\/agenciainfra.com\/blog\/wp-json\/wp\/v2\/tags?post=37598"}],"curies":[{"name":"wp","href":"https:\/\/api.w.org\/{rel}","templated":true}]}}