{"id":37615,"date":"2026-03-11T10:36:58","date_gmt":"2026-03-11T13:36:58","guid":{"rendered":"https:\/\/agenciainfra.com\/blog\/?p=37615"},"modified":"2026-03-11T18:38:06","modified_gmt":"2026-03-11T21:38:06","slug":"totalenergies-expande-operacao-no-campo-de-lapa","status":"publish","type":"post","link":"https:\/\/agenciainfra.com\/blog\/totalenergies-expande-operacao-no-campo-de-lapa\/","title":{"rendered":"TotalEnergies expande opera\u00e7\u00e3o no campo de Lapa, na Bacia de Santos"},"content":{"rendered":"\n<p class=\"has-text-align-right\"><strong>Gabriel Vasconcelos, da Ag\u00eancia iNFRA <\/strong><\/p>\n\n\n\n<p>A francesa TotalEnergies anunciou nesta quarta-feira (11) o in\u00edcio das opera\u00e7\u00f5es de um \u201ctieback\u201d no campo de Lapa, no pr\u00e9-sal da Bacia de Santos, o projeto Lapa Sudoeste. Um tieback \u00e9 uma liga\u00e7\u00e3o capaz de conectar novos po\u00e7os ou at\u00e9 um segundo campo a um FPSO (navio-plataforma) existente, em loca\u00e7\u00e3o distante dos novos ativos que se quer operar.<\/p>\n\n\n\n<p>A TotalEnergies \u00e9 dona de 48% do campo de Lapa, atuando como operadora do cons\u00f3rcio tamb\u00e9m integrado por Shell (27%) e Repsol Sinopec (25%).<\/p>\n\n\n\n<p>Segundo a companhia, o projeto Lapa Sudoeste inclui tr\u00eas po\u00e7os conectados ao FPSO j\u00e1 existente e aumentar\u00e1 a produ\u00e7\u00e3o do campo em 25 mil bpd (barris por dia), aumento considerado relevante. Para se ter uma ideia, em janeiro deste ano, \u00faltimo per\u00edodo com dados divulgados pela ANP (Ag\u00eancia Nacional do Petr\u00f3leo, G\u00e1s Natural e Biocombust\u00edveis), Lapa produziu 35,4 mil bpd e 45,38 mil boe (barris de \u00f3leo equivalente, que consideram a parcela de g\u00e1s natural). Sob a base de compara\u00e7\u00e3o de janeiro, portanto, a nova opera\u00e7\u00e3o incrementaria em 70,6% a produ\u00e7\u00e3o em Lapa.<\/p>\n\n\n\n<p>Em comunicado, o presidente global de Explora\u00e7\u00e3o e Produ\u00e7\u00e3o da TotalEnergies, Nicolas Terraz, disse que o in\u00edcio da opera\u00e7\u00e3o desse novo projeto representa \u201cmais um marco importante\u201d na atua\u00e7\u00e3o da empresa no Brasil, definindo o pa\u00eds como \u201cchave\u201d para o crescimento da petroleira.<\/p>\n\n\n\n<p>\u201cEste projeto, que aproveita a capacidade dispon\u00edvel das instala\u00e7\u00f5es existentes de Lapa, oferece produ\u00e7\u00e3o de \u00f3leo de baixo custo e baixa emiss\u00e3o, alinhada \u00e0 estrat\u00e9gia da nossa Companhia, e contribui para o alcance do nosso objetivo de aumentar nossa produ\u00e7\u00e3o em 3% ao ano at\u00e9 2030\u201d, anotou o executivo.<\/p>\n\n\n\n<p>A TotalEnergies destacou que continua a expandir o portf\u00f3lio no Brasil, ap\u00f3s a entrada em opera\u00e7\u00e3o do FPSO Mero-4, em maio de 2025, al\u00e9m da previs\u00e3o dos navios-plataforma Atapu-2 e S\u00e9pia-2, que devem come\u00e7ar a produzir em 2029. Nesses tr\u00eas casos a companhia francesa \u00e9 s\u00f3cia minorit\u00e1ria dos neg\u00f3cios, operados pela Petrobras.<\/p>\n\n\n\n<p>O portf\u00f3lio de Explora\u00e7\u00e3o e Produ\u00e7\u00e3o da TotalEnergies conta atualmente com nove licen\u00e7as, das quais quatro s\u00e3o operadas. Em 2025, a produ\u00e7\u00e3o m\u00e9dia da petroleira no pa\u00eds foi de 184,5 mil barris de \u00f3leo equivalente por dia.<\/p>\n\n\n\n<p><\/p>\n","protected":false},"excerpt":{"rendered":"<p>Gabriel Vasconcelos, da Ag\u00eancia iNFRA A francesa TotalEnergies anunciou nesta quarta-feira (11) o in\u00edcio das opera\u00e7\u00f5es de um \u201ctieback\u201d no campo de Lapa, no pr\u00e9-sal da Bacia de Santos, o projeto Lapa Sudoeste. Um tieback \u00e9 uma liga\u00e7\u00e3o capaz de conectar novos po\u00e7os ou at\u00e9 um segundo campo a um FPSO (navio-plataforma) existente, em loca\u00e7\u00e3o [&hellip;]<\/p>\n","protected":false},"author":1,"featured_media":31340,"comment_status":"closed","ping_status":"closed","sticky":false,"template":"","format":"standard","meta":{"_monsterinsights_skip_tracking":false,"_monsterinsights_sitenote_active":false,"_monsterinsights_sitenote_note":"","_monsterinsights_sitenote_category":0,"footnotes":""},"categories":[7250,13271],"tags":[13986,16730,3191,213,344,13564],"class_list":["post-37615","post","type-post","status-publish","format-standard","has-post-thumbnail","hentry","category-destaque-lista","category-oleo-gas","tag-anp-agencia-nacional-do-petroleo","tag-gabriel-vaconcelos","tag-oleo-e-gas","tag-petroleo","tag-pre-sal","tag-totalenergies"],"yoast_head":"<!-- This site is optimized with the Yoast SEO Premium plugin v25.4 (Yoast SEO v26.0) - https:\/\/yoast.com\/wordpress\/plugins\/seo\/ -->\n<title>TotalEnergies expande opera\u00e7\u00e3o no campo de Lapa, na Bacia de Santos - Ag\u00eancia iNFRA<\/title>\n<meta name=\"robots\" content=\"index, follow, max-snippet:-1, max-image-preview:large, max-video-preview:-1\" \/>\n<link rel=\"canonical\" href=\"https:\/\/agenciainfra.com\/blog\/totalenergies-expande-operacao-no-campo-de-lapa\/\" \/>\n<meta property=\"og:locale\" content=\"pt_BR\" \/>\n<meta property=\"og:type\" content=\"article\" \/>\n<meta property=\"og:title\" content=\"TotalEnergies expande opera\u00e7\u00e3o no campo de Lapa, na Bacia de Santos\" \/>\n<meta property=\"og:description\" content=\"Gabriel Vasconcelos, da Ag\u00eancia iNFRA A francesa TotalEnergies anunciou nesta quarta-feira (11) o in\u00edcio das opera\u00e7\u00f5es de um \u201ctieback\u201d no campo de Lapa, no pr\u00e9-sal da Bacia de Santos, o projeto Lapa Sudoeste. Um tieback \u00e9 uma liga\u00e7\u00e3o capaz de conectar novos po\u00e7os ou at\u00e9 um segundo campo a um FPSO (navio-plataforma) existente, em loca\u00e7\u00e3o [&hellip;]\" \/>\n<meta property=\"og:url\" content=\"https:\/\/agenciainfra.com\/blog\/totalenergies-expande-operacao-no-campo-de-lapa\/\" \/>\n<meta property=\"og:site_name\" content=\"Ag\u00eancia iNFRA\" \/>\n<meta property=\"article:publisher\" content=\"https:\/\/www.facebook.com\/ageninfra\" \/>\n<meta property=\"article:published_time\" content=\"2026-03-11T13:36:58+00:00\" \/>\n<meta property=\"article:modified_time\" content=\"2026-03-11T21:38:06+00:00\" \/>\n<meta property=\"og:image\" content=\"https:\/\/agenciainfra.com\/blog\/wp-content\/uploads\/2025\/11\/totalenergies_video-totalenergies-brasil_2025.jpg\" \/>\n\t<meta property=\"og:image:width\" content=\"1110\" \/>\n\t<meta property=\"og:image:height\" content=\"555\" \/>\n\t<meta property=\"og:image:type\" content=\"image\/jpeg\" \/>\n<meta name=\"author\" content=\"Ag\u00eancia iNFRA\" \/>\n<meta name=\"twitter:card\" content=\"summary_large_image\" \/>\n<meta name=\"twitter:creator\" content=\"@agencia_infra\" \/>\n<meta name=\"twitter:site\" content=\"@agencia_infra\" \/>\n<meta name=\"twitter:label1\" content=\"Escrito por\" \/>\n\t<meta name=\"twitter:data1\" content=\"Ag\u00eancia iNFRA\" \/>\n\t<meta name=\"twitter:label2\" content=\"Est. tempo de leitura\" \/>\n\t<meta name=\"twitter:data2\" content=\"2 minutos\" \/>\n<script type=\"application\/ld+json\" class=\"yoast-schema-graph\">{\"@context\":\"https:\/\/schema.org\",\"@graph\":[{\"@type\":\"Article\",\"@id\":\"https:\/\/agenciainfra.com\/blog\/totalenergies-expande-operacao-no-campo-de-lapa\/#article\",\"isPartOf\":{\"@id\":\"https:\/\/agenciainfra.com\/blog\/totalenergies-expande-operacao-no-campo-de-lapa\/\"},\"author\":{\"name\":\"Ag\u00eancia iNFRA\",\"@id\":\"https:\/\/agenciainfra.com\/blog\/#\/schema\/person\/34af08dff6adea4cb22b06612ba7acfa\"},\"headline\":\"TotalEnergies expande opera\u00e7\u00e3o no campo de Lapa, na Bacia de Santos\",\"datePublished\":\"2026-03-11T13:36:58+00:00\",\"dateModified\":\"2026-03-11T21:38:06+00:00\",\"mainEntityOfPage\":{\"@id\":\"https:\/\/agenciainfra.com\/blog\/totalenergies-expande-operacao-no-campo-de-lapa\/\"},\"wordCount\":407,\"publisher\":{\"@id\":\"https:\/\/agenciainfra.com\/blog\/#organization\"},\"image\":{\"@id\":\"https:\/\/agenciainfra.com\/blog\/totalenergies-expande-operacao-no-campo-de-lapa\/#primaryimage\"},\"thumbnailUrl\":\"https:\/\/agenciainfra.com\/blog\/wp-content\/uploads\/2025\/11\/totalenergies_video-totalenergies-brasil_2025.jpg\",\"keywords\":[\"ANP (Ag\u00eancia Nacional do Petr\u00f3leo\",\"Gabriel Vaconcelos\",\"\u00f3leo e g\u00e1s\",\"petr\u00f3leo\",\"pr\u00e9-sal\",\"TotalEnergies\"],\"articleSection\":[\"Destaque lista\",\"\u00d3leo &amp; G\u00e1s\"],\"inLanguage\":\"pt-BR\",\"copyrightYear\":\"2026\",\"copyrightHolder\":{\"@id\":\"https:\/\/agenciainfra.com\/blog\/#organization\"}},{\"@type\":\"WebPage\",\"@id\":\"https:\/\/agenciainfra.com\/blog\/totalenergies-expande-operacao-no-campo-de-lapa\/\",\"url\":\"https:\/\/agenciainfra.com\/blog\/totalenergies-expande-operacao-no-campo-de-lapa\/\",\"name\":\"TotalEnergies expande opera\u00e7\u00e3o no campo de Lapa, na Bacia de Santos - Ag\u00eancia iNFRA\",\"isPartOf\":{\"@id\":\"https:\/\/agenciainfra.com\/blog\/#website\"},\"primaryImageOfPage\":{\"@id\":\"https:\/\/agenciainfra.com\/blog\/totalenergies-expande-operacao-no-campo-de-lapa\/#primaryimage\"},\"image\":{\"@id\":\"https:\/\/agenciainfra.com\/blog\/totalenergies-expande-operacao-no-campo-de-lapa\/#primaryimage\"},\"thumbnailUrl\":\"https:\/\/agenciainfra.com\/blog\/wp-content\/uploads\/2025\/11\/totalenergies_video-totalenergies-brasil_2025.jpg\",\"datePublished\":\"2026-03-11T13:36:58+00:00\",\"dateModified\":\"2026-03-11T21:38:06+00:00\",\"breadcrumb\":{\"@id\":\"https:\/\/agenciainfra.com\/blog\/totalenergies-expande-operacao-no-campo-de-lapa\/#breadcrumb\"},\"inLanguage\":\"pt-BR\",\"potentialAction\":[{\"@type\":\"ReadAction\",\"target\":[\"https:\/\/agenciainfra.com\/blog\/totalenergies-expande-operacao-no-campo-de-lapa\/\"]}]},{\"@type\":\"ImageObject\",\"inLanguage\":\"pt-BR\",\"@id\":\"https:\/\/agenciainfra.com\/blog\/totalenergies-expande-operacao-no-campo-de-lapa\/#primaryimage\",\"url\":\"https:\/\/agenciainfra.com\/blog\/wp-content\/uploads\/2025\/11\/totalenergies_video-totalenergies-brasil_2025.jpg\",\"contentUrl\":\"https:\/\/agenciainfra.com\/blog\/wp-content\/uploads\/2025\/11\/totalenergies_video-totalenergies-brasil_2025.jpg\",\"width\":1110,\"height\":555,\"caption\":\"Foto: TotalEnergies\"},{\"@type\":\"BreadcrumbList\",\"@id\":\"https:\/\/agenciainfra.com\/blog\/totalenergies-expande-operacao-no-campo-de-lapa\/#breadcrumb\",\"itemListElement\":[{\"@type\":\"ListItem\",\"position\":1,\"name\":\"In\u00edcio\",\"item\":\"https:\/\/agenciainfra.com\/blog\/\"},{\"@type\":\"ListItem\",\"position\":2,\"name\":\"TotalEnergies expande opera\u00e7\u00e3o no campo de Lapa, na Bacia de Santos\"}]},{\"@type\":\"WebSite\",\"@id\":\"https:\/\/agenciainfra.com\/blog\/#website\",\"url\":\"https:\/\/agenciainfra.com\/blog\/\",\"name\":\"Ag\u00eancia iNFRA\",\"description\":\"Multiplataforma de informa\u00e7\u00e3o jornal\u00edstica refer\u00eancia na \u00e1rea de infraestrutura no Brasil!\",\"publisher\":{\"@id\":\"https:\/\/agenciainfra.com\/blog\/#organization\"},\"potentialAction\":[{\"@type\":\"SearchAction\",\"target\":{\"@type\":\"EntryPoint\",\"urlTemplate\":\"https:\/\/agenciainfra.com\/blog\/?s={search_term_string}\"},\"query-input\":{\"@type\":\"PropertyValueSpecification\",\"valueRequired\":true,\"valueName\":\"search_term_string\"}}],\"inLanguage\":\"pt-BR\"},{\"@type\":\"Organization\",\"@id\":\"https:\/\/agenciainfra.com\/blog\/#organization\",\"name\":\"Ag\u00eancia iNFRA\",\"url\":\"https:\/\/agenciainfra.com\/blog\/\",\"logo\":{\"@type\":\"ImageObject\",\"inLanguage\":\"pt-BR\",\"@id\":\"https:\/\/agenciainfra.com\/blog\/#\/schema\/logo\/image\/\",\"url\":\"https:\/\/agenciainfra.com\/blog\/wp-content\/uploads\/2023\/09\/iNFRA_5-e1761735885940.png\",\"contentUrl\":\"https:\/\/agenciainfra.com\/blog\/wp-content\/uploads\/2023\/09\/iNFRA_5-e1761735885940.png\",\"width\":1672,\"height\":454,\"caption\":\"Ag\u00eancia iNFRA\"},\"image\":{\"@id\":\"https:\/\/agenciainfra.com\/blog\/#\/schema\/logo\/image\/\"},\"sameAs\":[\"https:\/\/www.facebook.com\/ageninfra\",\"https:\/\/x.com\/agencia_infra\",\"https:\/\/www.linkedin.com\/company\/ag\u00eanciainfra\/\",\"https:\/\/www.instagram.com\/agenciainfra\/\"]},{\"@type\":\"Person\",\"@id\":\"https:\/\/agenciainfra.com\/blog\/#\/schema\/person\/34af08dff6adea4cb22b06612ba7acfa\",\"name\":\"Ag\u00eancia iNFRA\",\"image\":{\"@type\":\"ImageObject\",\"inLanguage\":\"pt-BR\",\"@id\":\"https:\/\/agenciainfra.com\/blog\/#\/schema\/person\/image\/\",\"url\":\"https:\/\/secure.gravatar.com\/avatar\/d189e01678f06d8eb84d4e01f08eb848b3fffe3f8443818d3c356c66892f5be8?s=96&d=mm&r=g\",\"contentUrl\":\"https:\/\/secure.gravatar.com\/avatar\/d189e01678f06d8eb84d4e01f08eb848b3fffe3f8443818d3c356c66892f5be8?s=96&d=mm&r=g\",\"caption\":\"Ag\u00eancia iNFRA\"},\"url\":\"https:\/\/agenciainfra.com\/blog\/author\/admin\/\"}]}<\/script>\n<!-- \/ Yoast SEO Premium plugin. -->","yoast_head_json":{"title":"TotalEnergies expande opera\u00e7\u00e3o no campo de Lapa, na Bacia de Santos - Ag\u00eancia iNFRA","robots":{"index":"index","follow":"follow","max-snippet":"max-snippet:-1","max-image-preview":"max-image-preview:large","max-video-preview":"max-video-preview:-1"},"canonical":"https:\/\/agenciainfra.com\/blog\/totalenergies-expande-operacao-no-campo-de-lapa\/","og_locale":"pt_BR","og_type":"article","og_title":"TotalEnergies expande opera\u00e7\u00e3o no campo de Lapa, na Bacia de Santos","og_description":"Gabriel Vasconcelos, da Ag\u00eancia iNFRA A francesa TotalEnergies anunciou nesta quarta-feira (11) o in\u00edcio das opera\u00e7\u00f5es de um \u201ctieback\u201d no campo de Lapa, no pr\u00e9-sal da Bacia de Santos, o projeto Lapa Sudoeste. Um tieback \u00e9 uma liga\u00e7\u00e3o capaz de conectar novos po\u00e7os ou at\u00e9 um segundo campo a um FPSO (navio-plataforma) existente, em loca\u00e7\u00e3o [&hellip;]","og_url":"https:\/\/agenciainfra.com\/blog\/totalenergies-expande-operacao-no-campo-de-lapa\/","og_site_name":"Ag\u00eancia iNFRA","article_publisher":"https:\/\/www.facebook.com\/ageninfra","article_published_time":"2026-03-11T13:36:58+00:00","article_modified_time":"2026-03-11T21:38:06+00:00","og_image":[{"width":1110,"height":555,"url":"https:\/\/agenciainfra.com\/blog\/wp-content\/uploads\/2025\/11\/totalenergies_video-totalenergies-brasil_2025.jpg","type":"image\/jpeg"}],"author":"Ag\u00eancia iNFRA","twitter_card":"summary_large_image","twitter_creator":"@agencia_infra","twitter_site":"@agencia_infra","twitter_misc":{"Escrito por":"Ag\u00eancia iNFRA","Est. tempo de leitura":"2 minutos"},"schema":{"@context":"https:\/\/schema.org","@graph":[{"@type":"Article","@id":"https:\/\/agenciainfra.com\/blog\/totalenergies-expande-operacao-no-campo-de-lapa\/#article","isPartOf":{"@id":"https:\/\/agenciainfra.com\/blog\/totalenergies-expande-operacao-no-campo-de-lapa\/"},"author":{"name":"Ag\u00eancia iNFRA","@id":"https:\/\/agenciainfra.com\/blog\/#\/schema\/person\/34af08dff6adea4cb22b06612ba7acfa"},"headline":"TotalEnergies expande opera\u00e7\u00e3o no campo de Lapa, na Bacia de Santos","datePublished":"2026-03-11T13:36:58+00:00","dateModified":"2026-03-11T21:38:06+00:00","mainEntityOfPage":{"@id":"https:\/\/agenciainfra.com\/blog\/totalenergies-expande-operacao-no-campo-de-lapa\/"},"wordCount":407,"publisher":{"@id":"https:\/\/agenciainfra.com\/blog\/#organization"},"image":{"@id":"https:\/\/agenciainfra.com\/blog\/totalenergies-expande-operacao-no-campo-de-lapa\/#primaryimage"},"thumbnailUrl":"https:\/\/agenciainfra.com\/blog\/wp-content\/uploads\/2025\/11\/totalenergies_video-totalenergies-brasil_2025.jpg","keywords":["ANP (Ag\u00eancia Nacional do Petr\u00f3leo","Gabriel Vaconcelos","\u00f3leo e g\u00e1s","petr\u00f3leo","pr\u00e9-sal","TotalEnergies"],"articleSection":["Destaque lista","\u00d3leo &amp; G\u00e1s"],"inLanguage":"pt-BR","copyrightYear":"2026","copyrightHolder":{"@id":"https:\/\/agenciainfra.com\/blog\/#organization"}},{"@type":"WebPage","@id":"https:\/\/agenciainfra.com\/blog\/totalenergies-expande-operacao-no-campo-de-lapa\/","url":"https:\/\/agenciainfra.com\/blog\/totalenergies-expande-operacao-no-campo-de-lapa\/","name":"TotalEnergies expande opera\u00e7\u00e3o no campo de Lapa, na Bacia de Santos - Ag\u00eancia iNFRA","isPartOf":{"@id":"https:\/\/agenciainfra.com\/blog\/#website"},"primaryImageOfPage":{"@id":"https:\/\/agenciainfra.com\/blog\/totalenergies-expande-operacao-no-campo-de-lapa\/#primaryimage"},"image":{"@id":"https:\/\/agenciainfra.com\/blog\/totalenergies-expande-operacao-no-campo-de-lapa\/#primaryimage"},"thumbnailUrl":"https:\/\/agenciainfra.com\/blog\/wp-content\/uploads\/2025\/11\/totalenergies_video-totalenergies-brasil_2025.jpg","datePublished":"2026-03-11T13:36:58+00:00","dateModified":"2026-03-11T21:38:06+00:00","breadcrumb":{"@id":"https:\/\/agenciainfra.com\/blog\/totalenergies-expande-operacao-no-campo-de-lapa\/#breadcrumb"},"inLanguage":"pt-BR","potentialAction":[{"@type":"ReadAction","target":["https:\/\/agenciainfra.com\/blog\/totalenergies-expande-operacao-no-campo-de-lapa\/"]}]},{"@type":"ImageObject","inLanguage":"pt-BR","@id":"https:\/\/agenciainfra.com\/blog\/totalenergies-expande-operacao-no-campo-de-lapa\/#primaryimage","url":"https:\/\/agenciainfra.com\/blog\/wp-content\/uploads\/2025\/11\/totalenergies_video-totalenergies-brasil_2025.jpg","contentUrl":"https:\/\/agenciainfra.com\/blog\/wp-content\/uploads\/2025\/11\/totalenergies_video-totalenergies-brasil_2025.jpg","width":1110,"height":555,"caption":"Foto: TotalEnergies"},{"@type":"BreadcrumbList","@id":"https:\/\/agenciainfra.com\/blog\/totalenergies-expande-operacao-no-campo-de-lapa\/#breadcrumb","itemListElement":[{"@type":"ListItem","position":1,"name":"In\u00edcio","item":"https:\/\/agenciainfra.com\/blog\/"},{"@type":"ListItem","position":2,"name":"TotalEnergies expande opera\u00e7\u00e3o no campo de Lapa, na Bacia de Santos"}]},{"@type":"WebSite","@id":"https:\/\/agenciainfra.com\/blog\/#website","url":"https:\/\/agenciainfra.com\/blog\/","name":"Ag\u00eancia iNFRA","description":"Multiplataforma de informa\u00e7\u00e3o jornal\u00edstica refer\u00eancia na \u00e1rea de infraestrutura no Brasil!","publisher":{"@id":"https:\/\/agenciainfra.com\/blog\/#organization"},"potentialAction":[{"@type":"SearchAction","target":{"@type":"EntryPoint","urlTemplate":"https:\/\/agenciainfra.com\/blog\/?s={search_term_string}"},"query-input":{"@type":"PropertyValueSpecification","valueRequired":true,"valueName":"search_term_string"}}],"inLanguage":"pt-BR"},{"@type":"Organization","@id":"https:\/\/agenciainfra.com\/blog\/#organization","name":"Ag\u00eancia iNFRA","url":"https:\/\/agenciainfra.com\/blog\/","logo":{"@type":"ImageObject","inLanguage":"pt-BR","@id":"https:\/\/agenciainfra.com\/blog\/#\/schema\/logo\/image\/","url":"https:\/\/agenciainfra.com\/blog\/wp-content\/uploads\/2023\/09\/iNFRA_5-e1761735885940.png","contentUrl":"https:\/\/agenciainfra.com\/blog\/wp-content\/uploads\/2023\/09\/iNFRA_5-e1761735885940.png","width":1672,"height":454,"caption":"Ag\u00eancia iNFRA"},"image":{"@id":"https:\/\/agenciainfra.com\/blog\/#\/schema\/logo\/image\/"},"sameAs":["https:\/\/www.facebook.com\/ageninfra","https:\/\/x.com\/agencia_infra","https:\/\/www.linkedin.com\/company\/ag\u00eanciainfra\/","https:\/\/www.instagram.com\/agenciainfra\/"]},{"@type":"Person","@id":"https:\/\/agenciainfra.com\/blog\/#\/schema\/person\/34af08dff6adea4cb22b06612ba7acfa","name":"Ag\u00eancia iNFRA","image":{"@type":"ImageObject","inLanguage":"pt-BR","@id":"https:\/\/agenciainfra.com\/blog\/#\/schema\/person\/image\/","url":"https:\/\/secure.gravatar.com\/avatar\/d189e01678f06d8eb84d4e01f08eb848b3fffe3f8443818d3c356c66892f5be8?s=96&d=mm&r=g","contentUrl":"https:\/\/secure.gravatar.com\/avatar\/d189e01678f06d8eb84d4e01f08eb848b3fffe3f8443818d3c356c66892f5be8?s=96&d=mm&r=g","caption":"Ag\u00eancia iNFRA"},"url":"https:\/\/agenciainfra.com\/blog\/author\/admin\/"}]}},"_links":{"self":[{"href":"https:\/\/agenciainfra.com\/blog\/wp-json\/wp\/v2\/posts\/37615","targetHints":{"allow":["GET"]}}],"collection":[{"href":"https:\/\/agenciainfra.com\/blog\/wp-json\/wp\/v2\/posts"}],"about":[{"href":"https:\/\/agenciainfra.com\/blog\/wp-json\/wp\/v2\/types\/post"}],"author":[{"embeddable":true,"href":"https:\/\/agenciainfra.com\/blog\/wp-json\/wp\/v2\/users\/1"}],"replies":[{"embeddable":true,"href":"https:\/\/agenciainfra.com\/blog\/wp-json\/wp\/v2\/comments?post=37615"}],"version-history":[{"count":3,"href":"https:\/\/agenciainfra.com\/blog\/wp-json\/wp\/v2\/posts\/37615\/revisions"}],"predecessor-version":[{"id":37619,"href":"https:\/\/agenciainfra.com\/blog\/wp-json\/wp\/v2\/posts\/37615\/revisions\/37619"}],"wp:featuredmedia":[{"embeddable":true,"href":"https:\/\/agenciainfra.com\/blog\/wp-json\/wp\/v2\/media\/31340"}],"wp:attachment":[{"href":"https:\/\/agenciainfra.com\/blog\/wp-json\/wp\/v2\/media?parent=37615"}],"wp:term":[{"taxonomy":"category","embeddable":true,"href":"https:\/\/agenciainfra.com\/blog\/wp-json\/wp\/v2\/categories?post=37615"},{"taxonomy":"post_tag","embeddable":true,"href":"https:\/\/agenciainfra.com\/blog\/wp-json\/wp\/v2\/tags?post=37615"}],"curies":[{"name":"wp","href":"https:\/\/api.w.org\/{rel}","templated":true}]}}