{"id":37625,"date":"2026-03-11T12:19:14","date_gmt":"2026-03-11T15:19:14","guid":{"rendered":"https:\/\/agenciainfra.com\/blog\/?p=37625"},"modified":"2026-03-12T10:14:33","modified_gmt":"2026-03-12T13:14:33","slug":"aneel-adia-analise-sobre-proposta-que-preve-reducao-de-custos-das-baterias","status":"publish","type":"post","link":"https:\/\/agenciainfra.com\/blog\/aneel-adia-analise-sobre-proposta-que-preve-reducao-de-custos-das-baterias\/","title":{"rendered":"ANEEL adia an\u00e1lise sobre proposta que prev\u00ea redu\u00e7\u00e3o de custos das baterias"},"content":{"rendered":"\n<p class=\"has-text-align-right\"><strong>Marisa Wanzeller, Geraldo Campos Jr. e Lais Carregosa, da Ag\u00eancia iNFRA<\/strong><\/p>\n\n\n\n<p>A diretoria da ANEEL (Ag\u00eancia Nacional de Energia El\u00e9trica) divergiu, nesta ter\u00e7a-feira (10), sobre a proposta que prev\u00ea a redu\u00e7\u00e3o dos custos de contrata\u00e7\u00e3o de baterias, conforme <a href=\"https:\/\/agenciainfra.com\/blog\/aneel-mosna-defende-que-baterias-nao-paguem-duas-vezes-pelo-uso-do-fio\/\">voto-vista<\/a> do diretor Fernando Mosna. Entre os pontos apresentados est\u00e1 a possibilidade para os agentes de redu\u00e7\u00e3o na capacidade contratada em 30% de forma imediata ap\u00f3s a instala\u00e7\u00e3o de armazenamento, e n\u00e3o ao longo de seis anos como proposto anteriormente. Al\u00e9m disso, os investidores em baterias pagariam pelo uso da rede apenas uma vez, no momento do descarregamento, e n\u00e3o na entrada e sa\u00edda de energia.\u00a0<br><br>O diretor-geral da ANEEL, Sandoval Feitosa, disse que a proposta seria uma \u201cbenesse\u201d aos armazenadores e que a reguladora n\u00e3o poderia \u201cescolher pagantes\u201d para as tarifas. Diante da falta de consenso, a discuss\u00e3o foi adiada para reunir as d\u00favidas jur\u00eddicas sobre o processo e envi\u00e1-las \u00e0 Procuradoria Federal junto \u00e0 reguladora.\u00a0<br><br>Mosna citou a\u00a0<a href=\"https:\/\/agenciainfra.us14.list-manage.com\/track\/click?u=d460dd1bcf9ba0ae040e1fc0f&amp;id=e1de7621c4&amp;e=55b7a27fc9\" target=\"_blank\" rel=\"noreferrer noopener\">Lei 15.269\/2025<\/a>, que determina que os SAEs (Sistemas de Armazenamento de Energia) devem ser tratados como agentes diferentes, o que tamb\u00e9m gerou debate na diretoria. Al\u00e9m disso, d\u00favidas levantadas por diretores sobre conceitua\u00e7\u00e3o das hidrel\u00e9tricas revers\u00edveis de ciclo fechado levaram Mosna a retirar o processo de pauta.<br><br><strong>Debate<\/strong><br>Segundo o diretor relator do voto-vista, a proposta sobre a cobran\u00e7a dupla da tarifa de uso da rede (Tust ou Tusd), tanto na carga como na recarga do sistema de armazenamento, significaria tratar de forma \u201cartificial\u201d a bateria como um consumidor final. Isso teria \u201cpotencial de produzir distor\u00e7\u00f5es concorrenciais e econ\u00f4micas, em evidente contradi\u00e7\u00e3o com a realidade f\u00e1tica e jur\u00eddica\u201d. No seu entendimento, transferir os custos a agentes que n\u00e3o configuram consumidores finais contraria a l\u00f3gica regulat\u00f3ria de \u201calocar custos a quem os causa\u201d, o que poderia gerar \u201cdistor\u00e7\u00f5es concorrenciais, onerar investimentos em tecnologias inovadoras&#8221;.<br><br>Por outro lado, Sandoval Feitosa\u00a0disse que \u201co pagamento pelo uso da transmiss\u00e3o se d\u00e1 por disponibilidade, quando voc\u00ea escolhe arbitrariamente n\u00e3o pagar, como n\u00e3o tem almo\u00e7o gr\u00e1tis, o outro vai pagar\u201d.<br><br>No caso do Must (Montante de Uso dos Sistemas de Transmiss\u00e3o e Distribui\u00e7\u00e3o), a possibilidade de redu\u00e7\u00e3o de 30% de forma imediata ao instalar o equipamento\u00a0\u2013 n\u00e3o limitando a\u00a05% ao ano ao longo de seis anos \u2013 foi justificada pelo diretor ao afirmar que \u201co sistema j\u00e1 conviveu e \u00e9 capaz de administrar varia\u00e7\u00f5es relevantes de montantes, desde que observados instrumentos de coordena\u00e7\u00e3o e planejamento\u201d.<br><br>Mesmo que a trava de 5% ao ano tenha sido colocada inicialmente a fim de diluir efeitos tarif\u00e1rios aos consumidores, Mosna aponta que a tend\u00eancia de concentra\u00e7\u00e3o dos armazenadores em \u00e1reas com ocorr\u00eancia de &#8220;curtailment&#8221; (cortes obrigat\u00f3rios de gera\u00e7\u00e3o) agregaria \u201cbenef\u00edcio econ\u00f4mico-sist\u00eamico do armazenamento\u201d de forma mais evidente.<br><br>\u201cUm ajuste limitado de montantes pode representar custo marginal e administr\u00e1vel para o conjunto de usu\u00e1rios da rede, ao passo que a persist\u00eancia de cortes relevantes de gera\u00e7\u00e3o tende a produzir efeitos mais gravosos e difusos\u201d, diz o voto.\u00a0<br><br>A diretora Agnes Costa afirmou que a proposta de Mosna \u00e9 um avan\u00e7o por enxergar os armazenadores como novos agentes, que n\u00e3o precisam ser consumidores ou geradores. Ela concordou que o segmento se encaixa mais no perfil de gera\u00e7\u00e3o para fins de recolhimento de tarifa.<br>\u00a0<br>\u201c\u00c9 aquela discuss\u00e3o de que a tarifa\u00e7\u00e3o do sistema de transmiss\u00e3o foi desenhada para ser um condom\u00ednio em que 50% \u00e9 paga pelo consumo e 50% pela gera\u00e7\u00e3o. Isso era um condom\u00ednio que existia, em um mundo s\u00f3 de fluxos unidirecionais e que voc\u00ea contratava capacidade de transporte. Acho que permanece a l\u00f3gica de um condom\u00ednio hoje, mas em um mundo diferente. O armazenador puro, que est\u00e1 l\u00e1 para ajudar o sistema, \u00e9 muito prov\u00e1vel que demore para carregar ao longo do dia e descarregue rapidamente na ponta. Ent\u00e3o de fato \u00e9 um perfil mais de gera\u00e7\u00e3o\u201d, disse.<br><br><strong>Votos anulados<\/strong><br>Antes do debate sobre o m\u00e9rito do processo, a diretoria apreciou uma quest\u00e3o preliminar proposta pelo diretor Mosna para declarar a insubsist\u00eancia dos votos j\u00e1 proferidos anteriormente no processo, uma vez que eles foram registrados antes da\u00a0<a href=\"https:\/\/agenciainfra.us14.list-manage.com\/track\/click?u=d460dd1bcf9ba0ae040e1fc0f&amp;id=fb3326f368&amp;e=55b7a27fc9\" target=\"_blank\" rel=\"noreferrer noopener\">Lei 15.269\/2025<\/a>, que alterou as regras para o segmento.<br><br>Por 4 votos a 1, foi decidida a anula\u00e7\u00e3o dos votos proferidos pelos ex-diretores substitutos Daniel Danna (que era o relator) e Ivo Nazareno \u2013 que previam a dupla tarifa\u00e7\u00e3o dos sistemas de baterias. Assim, os diretores Willamy Frota e Gentil Nogueira poder\u00e3o votar quando o tema for retomado. Sandoval Feitosa foi o \u00fanico contr\u00e1rio \u00e0 declara\u00e7\u00e3o de insubsist\u00eancia dos votos.\u00a0<br><br>Feitosa havia proposto declarar apenas a insubsist\u00eancia parcial dos votos anteriores, mantendo v\u00e1lidos os trechos que tratavam de tarifa\u00e7\u00e3o. Isso porque, segundo ele, a lei n\u00e3o deu nenhum novo comando sobre a forma de cobran\u00e7a dos armazenadores. Mosna, por outro lado, ponderou que pelo regimento da ag\u00eancia, s\u00f3 seria poss\u00edvel a anula\u00e7\u00e3o integral dos votos.<br><br><strong>\u2018N\u00e3o pedimos subs\u00eddios\u2019<\/strong><br>O diretor-executivo da Absae (Associa\u00e7\u00e3o Brasileira de Solu\u00e7\u00f5es de Armazenamento de Energia), Fabio Lima, disse discordar das falas de Feitosa. Ele destacou que a associa\u00e7\u00e3o \u201cnunca pediu qualquer tipo de benef\u00edcio\u201d, apenas o \u201ctratamento adequado\u201d.<br><br>Fabio frisou que a proposta de Mosna d\u00e1 um \u201csinal locacional adequado para o armazenamento aut\u00f4nomo, permite uma competitividade e n\u00e3o vai gerar \u00f4nus a mais para o consumidor\u201d. De acordo com ele, as baterias v\u00e3o otimizar a estrutura de transmiss\u00e3o, aliviando o sistema nos momentos de sobreoferta e injetando energia nos momentos de suboferta. Isso, segundo o diretor, reduz o aumento de custos do consumidor.<br><br>\u201cEle [o armazenamento] n\u00e3o tende a gerar amplia\u00e7\u00e3o da rede dispon\u00edvel e com isso ele permite que o pr\u00f3prio consumidor n\u00e3o tenha um aumento do custo. [&#8230;] Ao contr\u00e1rio, tende a ter uma otimiza\u00e7\u00e3o, uma posterga\u00e7\u00e3o de investimentos [em transmiss\u00e3o] e com isso um custo mais adequado para todos\u201d, afirmou.<\/p>\n","protected":false},"excerpt":{"rendered":"<p>Marisa Wanzeller, Geraldo Campos Jr. e Lais Carregosa, da Ag\u00eancia iNFRA A diretoria da ANEEL (Ag\u00eancia Nacional de Energia El\u00e9trica) divergiu, nesta ter\u00e7a-feira (10), sobre a proposta que prev\u00ea a redu\u00e7\u00e3o dos custos de contrata\u00e7\u00e3o de baterias, conforme voto-vista do diretor Fernando Mosna. Entre os pontos apresentados est\u00e1 a possibilidade para os agentes de redu\u00e7\u00e3o [&hellip;]<\/p>\n","protected":false},"author":1,"featured_media":37626,"comment_status":"closed","ping_status":"closed","sticky":false,"template":"","format":"standard","meta":{"_monsterinsights_skip_tracking":false,"_monsterinsights_sitenote_active":false,"_monsterinsights_sitenote_note":"","_monsterinsights_sitenote_category":0,"footnotes":""},"categories":[7250,10],"tags":[6800,53,5189,18883,18882,7014,11594,13132,17097,7366,12770,1026],"class_list":["post-37625","post","type-post","status-publish","format-standard","has-post-thumbnail","hentry","category-destaque-lista","category-infraenergia","tag-agnes-costa","tag-aneel","tag-baterias","tag-contratacao-de-baterias","tag-custo-das-baterias","tag-fernando-mosna","tag-geraldo-campos-jr","tag-lais-carregosa","tag-lei-15-269-2025","tag-marisa-wanzeller","tag-reuniao-aneel","tag-sandoval-feitosa"],"yoast_head":"<!-- This site is optimized with the Yoast SEO Premium plugin v25.4 (Yoast SEO v26.0) - https:\/\/yoast.com\/wordpress\/plugins\/seo\/ -->\n<title>ANEEL adia an\u00e1lise sobre proposta que prev\u00ea redu\u00e7\u00e3o de custos das baterias - Ag\u00eancia iNFRA<\/title>\n<meta name=\"robots\" content=\"index, follow, max-snippet:-1, max-image-preview:large, max-video-preview:-1\" \/>\n<link rel=\"canonical\" href=\"https:\/\/agenciainfra.com\/blog\/aneel-adia-analise-sobre-proposta-que-preve-reducao-de-custos-das-baterias\/\" \/>\n<meta property=\"og:locale\" content=\"pt_BR\" \/>\n<meta property=\"og:type\" content=\"article\" \/>\n<meta property=\"og:title\" content=\"ANEEL adia an\u00e1lise sobre proposta que prev\u00ea redu\u00e7\u00e3o de custos das baterias\" \/>\n<meta property=\"og:description\" content=\"Marisa Wanzeller, Geraldo Campos Jr. e Lais Carregosa, da Ag\u00eancia iNFRA A diretoria da ANEEL (Ag\u00eancia Nacional de Energia El\u00e9trica) divergiu, nesta ter\u00e7a-feira (10), sobre a proposta que prev\u00ea a redu\u00e7\u00e3o dos custos de contrata\u00e7\u00e3o de baterias, conforme voto-vista do diretor Fernando Mosna. Entre os pontos apresentados est\u00e1 a possibilidade para os agentes de redu\u00e7\u00e3o [&hellip;]\" \/>\n<meta property=\"og:url\" content=\"https:\/\/agenciainfra.com\/blog\/aneel-adia-analise-sobre-proposta-que-preve-reducao-de-custos-das-baterias\/\" \/>\n<meta property=\"og:site_name\" content=\"Ag\u00eancia iNFRA\" \/>\n<meta property=\"article:publisher\" content=\"https:\/\/www.facebook.com\/ageninfra\" \/>\n<meta property=\"article:published_time\" content=\"2026-03-11T15:19:14+00:00\" \/>\n<meta property=\"article:modified_time\" content=\"2026-03-12T13:14:33+00:00\" \/>\n<meta property=\"og:image\" content=\"https:\/\/agenciainfra.com\/blog\/wp-content\/uploads\/2026\/03\/reuniao-aneel-foto-giuliana_vinci-aneel.jpg\" \/>\n\t<meta property=\"og:image:width\" content=\"2048\" \/>\n\t<meta property=\"og:image:height\" content=\"1365\" \/>\n\t<meta property=\"og:image:type\" content=\"image\/jpeg\" \/>\n<meta name=\"author\" content=\"Ag\u00eancia iNFRA\" \/>\n<meta name=\"twitter:card\" content=\"summary_large_image\" \/>\n<meta name=\"twitter:creator\" content=\"@agencia_infra\" \/>\n<meta name=\"twitter:site\" content=\"@agencia_infra\" \/>\n<meta name=\"twitter:label1\" content=\"Escrito por\" \/>\n\t<meta name=\"twitter:data1\" content=\"Ag\u00eancia iNFRA\" \/>\n\t<meta name=\"twitter:label2\" content=\"Est. tempo de leitura\" \/>\n\t<meta name=\"twitter:data2\" content=\"5 minutos\" \/>\n<script type=\"application\/ld+json\" class=\"yoast-schema-graph\">{\"@context\":\"https:\/\/schema.org\",\"@graph\":[{\"@type\":\"Article\",\"@id\":\"https:\/\/agenciainfra.com\/blog\/aneel-adia-analise-sobre-proposta-que-preve-reducao-de-custos-das-baterias\/#article\",\"isPartOf\":{\"@id\":\"https:\/\/agenciainfra.com\/blog\/aneel-adia-analise-sobre-proposta-que-preve-reducao-de-custos-das-baterias\/\"},\"author\":{\"name\":\"Ag\u00eancia iNFRA\",\"@id\":\"https:\/\/agenciainfra.com\/blog\/#\/schema\/person\/34af08dff6adea4cb22b06612ba7acfa\"},\"headline\":\"ANEEL adia an\u00e1lise sobre proposta que prev\u00ea redu\u00e7\u00e3o de custos das baterias\",\"datePublished\":\"2026-03-11T15:19:14+00:00\",\"dateModified\":\"2026-03-12T13:14:33+00:00\",\"mainEntityOfPage\":{\"@id\":\"https:\/\/agenciainfra.com\/blog\/aneel-adia-analise-sobre-proposta-que-preve-reducao-de-custos-das-baterias\/\"},\"wordCount\":1046,\"publisher\":{\"@id\":\"https:\/\/agenciainfra.com\/blog\/#organization\"},\"image\":{\"@id\":\"https:\/\/agenciainfra.com\/blog\/aneel-adia-analise-sobre-proposta-que-preve-reducao-de-custos-das-baterias\/#primaryimage\"},\"thumbnailUrl\":\"https:\/\/agenciainfra.com\/blog\/wp-content\/uploads\/2026\/03\/reuniao-aneel-foto-giuliana_vinci-aneel.jpg\",\"keywords\":[\"Agnes Costa\",\"ANEEL\",\"baterias\",\"contrata\u00e7\u00e3o de baterias\",\"custo das baterias\",\"Fernando Mosna\",\"Geraldo Campos Jr.\",\"Lais Carregosa\",\"Lei 15.269\/2025\",\"Marisa Wanzeller\",\"reuni\u00e3o aneel\",\"Sandoval Feitosa\"],\"articleSection\":[\"Destaque lista\",\"iNFRAEnergia\"],\"inLanguage\":\"pt-BR\",\"copyrightYear\":\"2026\",\"copyrightHolder\":{\"@id\":\"https:\/\/agenciainfra.com\/blog\/#organization\"}},{\"@type\":\"WebPage\",\"@id\":\"https:\/\/agenciainfra.com\/blog\/aneel-adia-analise-sobre-proposta-que-preve-reducao-de-custos-das-baterias\/\",\"url\":\"https:\/\/agenciainfra.com\/blog\/aneel-adia-analise-sobre-proposta-que-preve-reducao-de-custos-das-baterias\/\",\"name\":\"ANEEL adia an\u00e1lise sobre proposta que prev\u00ea redu\u00e7\u00e3o de custos das baterias - Ag\u00eancia iNFRA\",\"isPartOf\":{\"@id\":\"https:\/\/agenciainfra.com\/blog\/#website\"},\"primaryImageOfPage\":{\"@id\":\"https:\/\/agenciainfra.com\/blog\/aneel-adia-analise-sobre-proposta-que-preve-reducao-de-custos-das-baterias\/#primaryimage\"},\"image\":{\"@id\":\"https:\/\/agenciainfra.com\/blog\/aneel-adia-analise-sobre-proposta-que-preve-reducao-de-custos-das-baterias\/#primaryimage\"},\"thumbnailUrl\":\"https:\/\/agenciainfra.com\/blog\/wp-content\/uploads\/2026\/03\/reuniao-aneel-foto-giuliana_vinci-aneel.jpg\",\"datePublished\":\"2026-03-11T15:19:14+00:00\",\"dateModified\":\"2026-03-12T13:14:33+00:00\",\"breadcrumb\":{\"@id\":\"https:\/\/agenciainfra.com\/blog\/aneel-adia-analise-sobre-proposta-que-preve-reducao-de-custos-das-baterias\/#breadcrumb\"},\"inLanguage\":\"pt-BR\",\"potentialAction\":[{\"@type\":\"ReadAction\",\"target\":[\"https:\/\/agenciainfra.com\/blog\/aneel-adia-analise-sobre-proposta-que-preve-reducao-de-custos-das-baterias\/\"]}]},{\"@type\":\"ImageObject\",\"inLanguage\":\"pt-BR\",\"@id\":\"https:\/\/agenciainfra.com\/blog\/aneel-adia-analise-sobre-proposta-que-preve-reducao-de-custos-das-baterias\/#primaryimage\",\"url\":\"https:\/\/agenciainfra.com\/blog\/wp-content\/uploads\/2026\/03\/reuniao-aneel-foto-giuliana_vinci-aneel.jpg\",\"contentUrl\":\"https:\/\/agenciainfra.com\/blog\/wp-content\/uploads\/2026\/03\/reuniao-aneel-foto-giuliana_vinci-aneel.jpg\",\"width\":2048,\"height\":1365,\"caption\":\"Foto: Giuliana Vinci\/ANEEL\"},{\"@type\":\"BreadcrumbList\",\"@id\":\"https:\/\/agenciainfra.com\/blog\/aneel-adia-analise-sobre-proposta-que-preve-reducao-de-custos-das-baterias\/#breadcrumb\",\"itemListElement\":[{\"@type\":\"ListItem\",\"position\":1,\"name\":\"In\u00edcio\",\"item\":\"https:\/\/agenciainfra.com\/blog\/\"},{\"@type\":\"ListItem\",\"position\":2,\"name\":\"ANEEL adia an\u00e1lise sobre proposta que prev\u00ea redu\u00e7\u00e3o de custos das baterias\"}]},{\"@type\":\"WebSite\",\"@id\":\"https:\/\/agenciainfra.com\/blog\/#website\",\"url\":\"https:\/\/agenciainfra.com\/blog\/\",\"name\":\"Ag\u00eancia iNFRA\",\"description\":\"Multiplataforma de informa\u00e7\u00e3o jornal\u00edstica refer\u00eancia na \u00e1rea de infraestrutura no Brasil!\",\"publisher\":{\"@id\":\"https:\/\/agenciainfra.com\/blog\/#organization\"},\"potentialAction\":[{\"@type\":\"SearchAction\",\"target\":{\"@type\":\"EntryPoint\",\"urlTemplate\":\"https:\/\/agenciainfra.com\/blog\/?s={search_term_string}\"},\"query-input\":{\"@type\":\"PropertyValueSpecification\",\"valueRequired\":true,\"valueName\":\"search_term_string\"}}],\"inLanguage\":\"pt-BR\"},{\"@type\":\"Organization\",\"@id\":\"https:\/\/agenciainfra.com\/blog\/#organization\",\"name\":\"Ag\u00eancia iNFRA\",\"url\":\"https:\/\/agenciainfra.com\/blog\/\",\"logo\":{\"@type\":\"ImageObject\",\"inLanguage\":\"pt-BR\",\"@id\":\"https:\/\/agenciainfra.com\/blog\/#\/schema\/logo\/image\/\",\"url\":\"https:\/\/agenciainfra.com\/blog\/wp-content\/uploads\/2023\/09\/iNFRA_5-e1761735885940.png\",\"contentUrl\":\"https:\/\/agenciainfra.com\/blog\/wp-content\/uploads\/2023\/09\/iNFRA_5-e1761735885940.png\",\"width\":1672,\"height\":454,\"caption\":\"Ag\u00eancia iNFRA\"},\"image\":{\"@id\":\"https:\/\/agenciainfra.com\/blog\/#\/schema\/logo\/image\/\"},\"sameAs\":[\"https:\/\/www.facebook.com\/ageninfra\",\"https:\/\/x.com\/agencia_infra\",\"https:\/\/www.linkedin.com\/company\/ag\u00eanciainfra\/\",\"https:\/\/www.instagram.com\/agenciainfra\/\"]},{\"@type\":\"Person\",\"@id\":\"https:\/\/agenciainfra.com\/blog\/#\/schema\/person\/34af08dff6adea4cb22b06612ba7acfa\",\"name\":\"Ag\u00eancia iNFRA\",\"image\":{\"@type\":\"ImageObject\",\"inLanguage\":\"pt-BR\",\"@id\":\"https:\/\/agenciainfra.com\/blog\/#\/schema\/person\/image\/\",\"url\":\"https:\/\/secure.gravatar.com\/avatar\/d189e01678f06d8eb84d4e01f08eb848b3fffe3f8443818d3c356c66892f5be8?s=96&d=mm&r=g\",\"contentUrl\":\"https:\/\/secure.gravatar.com\/avatar\/d189e01678f06d8eb84d4e01f08eb848b3fffe3f8443818d3c356c66892f5be8?s=96&d=mm&r=g\",\"caption\":\"Ag\u00eancia iNFRA\"},\"url\":\"https:\/\/agenciainfra.com\/blog\/author\/admin\/\"}]}<\/script>\n<!-- \/ Yoast SEO Premium plugin. -->","yoast_head_json":{"title":"ANEEL adia an\u00e1lise sobre proposta que prev\u00ea redu\u00e7\u00e3o de custos das baterias - Ag\u00eancia iNFRA","robots":{"index":"index","follow":"follow","max-snippet":"max-snippet:-1","max-image-preview":"max-image-preview:large","max-video-preview":"max-video-preview:-1"},"canonical":"https:\/\/agenciainfra.com\/blog\/aneel-adia-analise-sobre-proposta-que-preve-reducao-de-custos-das-baterias\/","og_locale":"pt_BR","og_type":"article","og_title":"ANEEL adia an\u00e1lise sobre proposta que prev\u00ea redu\u00e7\u00e3o de custos das baterias","og_description":"Marisa Wanzeller, Geraldo Campos Jr. e Lais Carregosa, da Ag\u00eancia iNFRA A diretoria da ANEEL (Ag\u00eancia Nacional de Energia El\u00e9trica) divergiu, nesta ter\u00e7a-feira (10), sobre a proposta que prev\u00ea a redu\u00e7\u00e3o dos custos de contrata\u00e7\u00e3o de baterias, conforme voto-vista do diretor Fernando Mosna. Entre os pontos apresentados est\u00e1 a possibilidade para os agentes de redu\u00e7\u00e3o [&hellip;]","og_url":"https:\/\/agenciainfra.com\/blog\/aneel-adia-analise-sobre-proposta-que-preve-reducao-de-custos-das-baterias\/","og_site_name":"Ag\u00eancia iNFRA","article_publisher":"https:\/\/www.facebook.com\/ageninfra","article_published_time":"2026-03-11T15:19:14+00:00","article_modified_time":"2026-03-12T13:14:33+00:00","og_image":[{"width":2048,"height":1365,"url":"https:\/\/agenciainfra.com\/blog\/wp-content\/uploads\/2026\/03\/reuniao-aneel-foto-giuliana_vinci-aneel.jpg","type":"image\/jpeg"}],"author":"Ag\u00eancia iNFRA","twitter_card":"summary_large_image","twitter_creator":"@agencia_infra","twitter_site":"@agencia_infra","twitter_misc":{"Escrito por":"Ag\u00eancia iNFRA","Est. tempo de leitura":"5 minutos"},"schema":{"@context":"https:\/\/schema.org","@graph":[{"@type":"Article","@id":"https:\/\/agenciainfra.com\/blog\/aneel-adia-analise-sobre-proposta-que-preve-reducao-de-custos-das-baterias\/#article","isPartOf":{"@id":"https:\/\/agenciainfra.com\/blog\/aneel-adia-analise-sobre-proposta-que-preve-reducao-de-custos-das-baterias\/"},"author":{"name":"Ag\u00eancia iNFRA","@id":"https:\/\/agenciainfra.com\/blog\/#\/schema\/person\/34af08dff6adea4cb22b06612ba7acfa"},"headline":"ANEEL adia an\u00e1lise sobre proposta que prev\u00ea redu\u00e7\u00e3o de custos das baterias","datePublished":"2026-03-11T15:19:14+00:00","dateModified":"2026-03-12T13:14:33+00:00","mainEntityOfPage":{"@id":"https:\/\/agenciainfra.com\/blog\/aneel-adia-analise-sobre-proposta-que-preve-reducao-de-custos-das-baterias\/"},"wordCount":1046,"publisher":{"@id":"https:\/\/agenciainfra.com\/blog\/#organization"},"image":{"@id":"https:\/\/agenciainfra.com\/blog\/aneel-adia-analise-sobre-proposta-que-preve-reducao-de-custos-das-baterias\/#primaryimage"},"thumbnailUrl":"https:\/\/agenciainfra.com\/blog\/wp-content\/uploads\/2026\/03\/reuniao-aneel-foto-giuliana_vinci-aneel.jpg","keywords":["Agnes Costa","ANEEL","baterias","contrata\u00e7\u00e3o de baterias","custo das baterias","Fernando Mosna","Geraldo Campos Jr.","Lais Carregosa","Lei 15.269\/2025","Marisa Wanzeller","reuni\u00e3o aneel","Sandoval Feitosa"],"articleSection":["Destaque lista","iNFRAEnergia"],"inLanguage":"pt-BR","copyrightYear":"2026","copyrightHolder":{"@id":"https:\/\/agenciainfra.com\/blog\/#organization"}},{"@type":"WebPage","@id":"https:\/\/agenciainfra.com\/blog\/aneel-adia-analise-sobre-proposta-que-preve-reducao-de-custos-das-baterias\/","url":"https:\/\/agenciainfra.com\/blog\/aneel-adia-analise-sobre-proposta-que-preve-reducao-de-custos-das-baterias\/","name":"ANEEL adia an\u00e1lise sobre proposta que prev\u00ea redu\u00e7\u00e3o de custos das baterias - Ag\u00eancia iNFRA","isPartOf":{"@id":"https:\/\/agenciainfra.com\/blog\/#website"},"primaryImageOfPage":{"@id":"https:\/\/agenciainfra.com\/blog\/aneel-adia-analise-sobre-proposta-que-preve-reducao-de-custos-das-baterias\/#primaryimage"},"image":{"@id":"https:\/\/agenciainfra.com\/blog\/aneel-adia-analise-sobre-proposta-que-preve-reducao-de-custos-das-baterias\/#primaryimage"},"thumbnailUrl":"https:\/\/agenciainfra.com\/blog\/wp-content\/uploads\/2026\/03\/reuniao-aneel-foto-giuliana_vinci-aneel.jpg","datePublished":"2026-03-11T15:19:14+00:00","dateModified":"2026-03-12T13:14:33+00:00","breadcrumb":{"@id":"https:\/\/agenciainfra.com\/blog\/aneel-adia-analise-sobre-proposta-que-preve-reducao-de-custos-das-baterias\/#breadcrumb"},"inLanguage":"pt-BR","potentialAction":[{"@type":"ReadAction","target":["https:\/\/agenciainfra.com\/blog\/aneel-adia-analise-sobre-proposta-que-preve-reducao-de-custos-das-baterias\/"]}]},{"@type":"ImageObject","inLanguage":"pt-BR","@id":"https:\/\/agenciainfra.com\/blog\/aneel-adia-analise-sobre-proposta-que-preve-reducao-de-custos-das-baterias\/#primaryimage","url":"https:\/\/agenciainfra.com\/blog\/wp-content\/uploads\/2026\/03\/reuniao-aneel-foto-giuliana_vinci-aneel.jpg","contentUrl":"https:\/\/agenciainfra.com\/blog\/wp-content\/uploads\/2026\/03\/reuniao-aneel-foto-giuliana_vinci-aneel.jpg","width":2048,"height":1365,"caption":"Foto: Giuliana Vinci\/ANEEL"},{"@type":"BreadcrumbList","@id":"https:\/\/agenciainfra.com\/blog\/aneel-adia-analise-sobre-proposta-que-preve-reducao-de-custos-das-baterias\/#breadcrumb","itemListElement":[{"@type":"ListItem","position":1,"name":"In\u00edcio","item":"https:\/\/agenciainfra.com\/blog\/"},{"@type":"ListItem","position":2,"name":"ANEEL adia an\u00e1lise sobre proposta que prev\u00ea redu\u00e7\u00e3o de custos das baterias"}]},{"@type":"WebSite","@id":"https:\/\/agenciainfra.com\/blog\/#website","url":"https:\/\/agenciainfra.com\/blog\/","name":"Ag\u00eancia iNFRA","description":"Multiplataforma de informa\u00e7\u00e3o jornal\u00edstica refer\u00eancia na \u00e1rea de infraestrutura no Brasil!","publisher":{"@id":"https:\/\/agenciainfra.com\/blog\/#organization"},"potentialAction":[{"@type":"SearchAction","target":{"@type":"EntryPoint","urlTemplate":"https:\/\/agenciainfra.com\/blog\/?s={search_term_string}"},"query-input":{"@type":"PropertyValueSpecification","valueRequired":true,"valueName":"search_term_string"}}],"inLanguage":"pt-BR"},{"@type":"Organization","@id":"https:\/\/agenciainfra.com\/blog\/#organization","name":"Ag\u00eancia iNFRA","url":"https:\/\/agenciainfra.com\/blog\/","logo":{"@type":"ImageObject","inLanguage":"pt-BR","@id":"https:\/\/agenciainfra.com\/blog\/#\/schema\/logo\/image\/","url":"https:\/\/agenciainfra.com\/blog\/wp-content\/uploads\/2023\/09\/iNFRA_5-e1761735885940.png","contentUrl":"https:\/\/agenciainfra.com\/blog\/wp-content\/uploads\/2023\/09\/iNFRA_5-e1761735885940.png","width":1672,"height":454,"caption":"Ag\u00eancia iNFRA"},"image":{"@id":"https:\/\/agenciainfra.com\/blog\/#\/schema\/logo\/image\/"},"sameAs":["https:\/\/www.facebook.com\/ageninfra","https:\/\/x.com\/agencia_infra","https:\/\/www.linkedin.com\/company\/ag\u00eanciainfra\/","https:\/\/www.instagram.com\/agenciainfra\/"]},{"@type":"Person","@id":"https:\/\/agenciainfra.com\/blog\/#\/schema\/person\/34af08dff6adea4cb22b06612ba7acfa","name":"Ag\u00eancia iNFRA","image":{"@type":"ImageObject","inLanguage":"pt-BR","@id":"https:\/\/agenciainfra.com\/blog\/#\/schema\/person\/image\/","url":"https:\/\/secure.gravatar.com\/avatar\/d189e01678f06d8eb84d4e01f08eb848b3fffe3f8443818d3c356c66892f5be8?s=96&d=mm&r=g","contentUrl":"https:\/\/secure.gravatar.com\/avatar\/d189e01678f06d8eb84d4e01f08eb848b3fffe3f8443818d3c356c66892f5be8?s=96&d=mm&r=g","caption":"Ag\u00eancia iNFRA"},"url":"https:\/\/agenciainfra.com\/blog\/author\/admin\/"}]}},"_links":{"self":[{"href":"https:\/\/agenciainfra.com\/blog\/wp-json\/wp\/v2\/posts\/37625","targetHints":{"allow":["GET"]}}],"collection":[{"href":"https:\/\/agenciainfra.com\/blog\/wp-json\/wp\/v2\/posts"}],"about":[{"href":"https:\/\/agenciainfra.com\/blog\/wp-json\/wp\/v2\/types\/post"}],"author":[{"embeddable":true,"href":"https:\/\/agenciainfra.com\/blog\/wp-json\/wp\/v2\/users\/1"}],"replies":[{"embeddable":true,"href":"https:\/\/agenciainfra.com\/blog\/wp-json\/wp\/v2\/comments?post=37625"}],"version-history":[{"count":1,"href":"https:\/\/agenciainfra.com\/blog\/wp-json\/wp\/v2\/posts\/37625\/revisions"}],"predecessor-version":[{"id":37627,"href":"https:\/\/agenciainfra.com\/blog\/wp-json\/wp\/v2\/posts\/37625\/revisions\/37627"}],"wp:featuredmedia":[{"embeddable":true,"href":"https:\/\/agenciainfra.com\/blog\/wp-json\/wp\/v2\/media\/37626"}],"wp:attachment":[{"href":"https:\/\/agenciainfra.com\/blog\/wp-json\/wp\/v2\/media?parent=37625"}],"wp:term":[{"taxonomy":"category","embeddable":true,"href":"https:\/\/agenciainfra.com\/blog\/wp-json\/wp\/v2\/categories?post=37625"},{"taxonomy":"post_tag","embeddable":true,"href":"https:\/\/agenciainfra.com\/blog\/wp-json\/wp\/v2\/tags?post=37625"}],"curies":[{"name":"wp","href":"https:\/\/api.w.org\/{rel}","templated":true}]}}