{"id":37638,"date":"2026-03-11T14:23:18","date_gmt":"2026-03-11T17:23:18","guid":{"rendered":"https:\/\/agenciainfra.com\/blog\/?p=37638"},"modified":"2026-03-12T13:08:02","modified_gmt":"2026-03-12T16:08:02","slug":"ha-condicao-de-manter-preco-do-combustivel-diz-silveira-em-critica-a-distribuidoras","status":"publish","type":"post","link":"https:\/\/agenciainfra.com\/blog\/ha-condicao-de-manter-preco-do-combustivel-diz-silveira-em-critica-a-distribuidoras\/","title":{"rendered":"&#8216;H\u00e1 condi\u00e7\u00e3o de manter pre\u00e7o do combust\u00edvel&#8217;, diz Silveira em cr\u00edtica a distribuidoras"},"content":{"rendered":"\n<p class=\"has-text-align-right\"><strong>Geraldo Campos Jr. e Gabriel Vasconcelos, da Ag\u00eancia iNFRA<\/strong><\/p>\n\n\n\n<p>O ministro de Minas e Energia, Alexandre Silveira, descartou qualquer problema no abastecimento de combust\u00edveis do pa\u00eds e disse que ainda h\u00e1 condi\u00e7\u00e3o de se manter os pre\u00e7os aos consumidores finais. Segundo o ministro, o aumento desses pre\u00e7os nas bombas e as incertezas com rela\u00e7\u00e3o \u00e0 entrega de diesel que afetam o agroneg\u00f3cio, sobretudo no Sul do pa\u00eds, t\u00eam a ver com movimentos especulativos de distribuidoras e revendedores privados.<\/p>\n\n\n\n<p>&#8220;N\u00e3o tem risco de desabastecimento, muito pelo contr\u00e1rio. H\u00e1 toda condi\u00e7\u00e3o de se manter o pre\u00e7o dos combust\u00edveis. E o que podemos fazer \u00e9 fiscalizar abusos nos postos de gasolina. Vamos fiscalizar as distribuidoras para que deixem de cometer os abusos que elas come\u00e7aram a cometer nos \u00faltimos dias, criando uma certa d\u00favida no agroneg\u00f3cio, no abastecimento por diesel dos tratores, por exemplo&#8221;, disse Silveira a jornalistas na sa\u00edda da CME (Comiss\u00e3o de Minas e Energia da C\u00e2mara dos Deputados) nesta quarta-feira (11).<\/p>\n\n\n\n<p>Ap\u00f3s a eclos\u00e3o da guerra no Oriente M\u00e9dio, h\u00e1 12 dias, empresas de distribui\u00e7\u00e3o assumiram um repasse da escalada dos pre\u00e7os internacionais do diesel e da gasolina para os pre\u00e7os praticados no pa\u00eds, sob o argumento de que parte do produto com o qual trabalham \u00e9 importado e, portanto, j\u00e1 chegaria ao Brasil mais caro.<\/p>\n\n\n\n<p>Para Silveira, esses aumentos s\u00e3o &#8220;especula\u00e7\u00e3o criminosa&#8221; dos agentes, que se aproveitam de qualquer movimento internacional nos pre\u00e7os dos combust\u00edveis. Como j\u00e1 fez antes, o ministro prometeu aplicar as &#8220;multas devidas&#8221; e fiscalizar, com opera\u00e7\u00f5es, envolvendo a Pol\u00edcia Federal e \u00f3rg\u00e3os como ANP (Ag\u00eancia Nacional do Petr\u00f3leo, G\u00e1s Natural e Biocombust\u00edveis) e Cade (Conselho Administrativo de Defesa Econ\u00f4mica). A fala do ministro n\u00e3o \u00e9 nova, ao que executivos do setor de distribui\u00e7\u00e3o negam qualquer movimento especulativo e frisam a liberdade de defini\u00e7\u00e3o de pre\u00e7os.<\/p>\n\n\n\n<p><strong>Autossufici\u00eancia em petr\u00f3leo e importa\u00e7\u00f5es<br><\/strong>Silveira destacou que o Brasil \u00e9 autossuficiente e tem posi\u00e7\u00e3o confort\u00e1vel no que tange \u00e0 oferta interna de \u00f3leo bruto, insumo para derivados como diesel e gasolina. Mas reconheceu que o pa\u00eds n\u00e3o produz todo o combust\u00edvel que consome, importando hoje entre 27% e 29% do diesel, e algo entre 13% e 15% da gasolina demandada.<\/p>\n\n\n\n<p>Embora tenha dito aos deputados na CME que o governo n\u00e3o ser\u00e1 irrespons\u00e1vel de intervir na Petrobras para segurar pre\u00e7os, minutos depois fez a afirma\u00e7\u00e3o sobre as condi\u00e7\u00f5es de manter os pre\u00e7os desses insumos na ponta da cadeia e disse que o presidente Lula faz as discuss\u00f5es para &#8220;solucionar problemas a favor do povo brasileiro&#8221;.<\/p>\n\n\n\n<p><strong>Volta \u00e0 distribui\u00e7\u00e3o<br><\/strong>Em continua\u00e7\u00e3o \u00e0s queixas sobre os distribuidores, o ministro voltou a defender que a Petrobras volte para o setor de distribui\u00e7\u00e3o a fim de participar mais ativamente da forma\u00e7\u00e3o dos pre\u00e7os ao consumidor, o que acabou com a conclus\u00e3o da privatiza\u00e7\u00e3o da BR Distribuidora, atual Vibra Energia, em 2021.<\/p>\n\n\n\n<p>&#8220;Se a Petrobras tivesse a BR Distribuidora, poder\u00edamos garantir abastecimento a pre\u00e7os melhores de diesel, gasolina e at\u00e9 g\u00e1s natural. H\u00e1 uma grande inten\u00e7\u00e3o nossa de voltar ao setor de distribui\u00e7\u00e3o nacional. A Petrobras deveria celeremente voltar a este setor. Tem uma cl\u00e1usula de non compete [n\u00e3o competi\u00e7\u00e3o] com a Vibra at\u00e9 2029, mas \u00e9 fundamental que volte&#8221;, disse, atribuindo as dificuldades de momento no setor \u00e0 gest\u00e3o do ex-ministro da Economia, Paulo Guedes, que teria dado as condi\u00e7\u00f5es para a venda da BR \u00e0 iniciativa privada.<\/p>\n","protected":false},"excerpt":{"rendered":"<p>Geraldo Campos Jr. e Gabriel Vasconcelos, da Ag\u00eancia iNFRA O ministro de Minas e Energia, Alexandre Silveira, descartou qualquer problema no abastecimento de combust\u00edveis do pa\u00eds e disse que ainda h\u00e1 condi\u00e7\u00e3o de se manter os pre\u00e7os aos consumidores finais. Segundo o ministro, o aumento desses pre\u00e7os nas bombas e as incertezas com rela\u00e7\u00e3o \u00e0 [&hellip;]<\/p>\n","protected":false},"author":1,"featured_media":37634,"comment_status":"closed","ping_status":"closed","sticky":false,"template":"","format":"standard","meta":{"_monsterinsights_skip_tracking":false,"_monsterinsights_sitenote_active":false,"_monsterinsights_sitenote_note":"","_monsterinsights_sitenote_category":0,"footnotes":""},"categories":[7250,13271],"tags":[6040,1018,314,315,13251,11594,71,7548,13597],"class_list":["post-37638","post","type-post","status-publish","format-standard","has-post-thumbnail","hentry","category-destaque-lista","category-oleo-gas","tag-alexandre-silveira","tag-cme","tag-combustiveis","tag-diesel","tag-gabriel-vasconcelos","tag-geraldo-campos-jr","tag-mme","tag-oriente-medio","tag-preco-da-gasolina"],"yoast_head":"<!-- This site is optimized with the Yoast SEO Premium plugin v25.4 (Yoast SEO v26.0) - https:\/\/yoast.com\/wordpress\/plugins\/seo\/ -->\n<title>&#039;H\u00e1 condi\u00e7\u00e3o de manter pre\u00e7o do combust\u00edvel&#039;, diz Silveira em cr\u00edtica a distribuidoras - Ag\u00eancia iNFRA<\/title>\n<meta name=\"robots\" content=\"index, follow, max-snippet:-1, max-image-preview:large, max-video-preview:-1\" \/>\n<link rel=\"canonical\" href=\"https:\/\/agenciainfra.com\/blog\/ha-condicao-de-manter-preco-do-combustivel-diz-silveira-em-critica-a-distribuidoras\/\" \/>\n<meta property=\"og:locale\" content=\"pt_BR\" \/>\n<meta property=\"og:type\" content=\"article\" \/>\n<meta property=\"og:title\" content=\"&#039;H\u00e1 condi\u00e7\u00e3o de manter pre\u00e7o do combust\u00edvel&#039;, diz Silveira em cr\u00edtica a distribuidoras\" \/>\n<meta property=\"og:description\" content=\"Geraldo Campos Jr. e Gabriel Vasconcelos, da Ag\u00eancia iNFRA O ministro de Minas e Energia, Alexandre Silveira, descartou qualquer problema no abastecimento de combust\u00edveis do pa\u00eds e disse que ainda h\u00e1 condi\u00e7\u00e3o de se manter os pre\u00e7os aos consumidores finais. Segundo o ministro, o aumento desses pre\u00e7os nas bombas e as incertezas com rela\u00e7\u00e3o \u00e0 [&hellip;]\" \/>\n<meta property=\"og:url\" content=\"https:\/\/agenciainfra.com\/blog\/ha-condicao-de-manter-preco-do-combustivel-diz-silveira-em-critica-a-distribuidoras\/\" \/>\n<meta property=\"og:site_name\" content=\"Ag\u00eancia iNFRA\" \/>\n<meta property=\"article:publisher\" content=\"https:\/\/www.facebook.com\/ageninfra\" \/>\n<meta property=\"article:published_time\" content=\"2026-03-11T17:23:18+00:00\" \/>\n<meta property=\"article:modified_time\" content=\"2026-03-12T16:08:02+00:00\" \/>\n<meta property=\"og:image\" content=\"https:\/\/agenciainfra.com\/blog\/wp-content\/uploads\/2026\/03\/alexandre-silveira-foto-Kayo-Magalhaes-Camara-dos-Deputados-e1773249737584.jpeg\" \/>\n\t<meta property=\"og:image:width\" content=\"1280\" \/>\n\t<meta property=\"og:image:height\" content=\"788\" \/>\n\t<meta property=\"og:image:type\" content=\"image\/jpeg\" \/>\n<meta name=\"author\" content=\"Ag\u00eancia iNFRA\" \/>\n<meta name=\"twitter:card\" content=\"summary_large_image\" \/>\n<meta name=\"twitter:creator\" content=\"@agencia_infra\" \/>\n<meta name=\"twitter:site\" content=\"@agencia_infra\" \/>\n<meta name=\"twitter:label1\" content=\"Escrito por\" \/>\n\t<meta name=\"twitter:data1\" content=\"Ag\u00eancia iNFRA\" \/>\n\t<meta name=\"twitter:label2\" content=\"Est. tempo de leitura\" \/>\n\t<meta name=\"twitter:data2\" content=\"3 minutos\" \/>\n<script type=\"application\/ld+json\" class=\"yoast-schema-graph\">{\"@context\":\"https:\/\/schema.org\",\"@graph\":[{\"@type\":\"Article\",\"@id\":\"https:\/\/agenciainfra.com\/blog\/ha-condicao-de-manter-preco-do-combustivel-diz-silveira-em-critica-a-distribuidoras\/#article\",\"isPartOf\":{\"@id\":\"https:\/\/agenciainfra.com\/blog\/ha-condicao-de-manter-preco-do-combustivel-diz-silveira-em-critica-a-distribuidoras\/\"},\"author\":{\"name\":\"Ag\u00eancia iNFRA\",\"@id\":\"https:\/\/agenciainfra.com\/blog\/#\/schema\/person\/34af08dff6adea4cb22b06612ba7acfa\"},\"headline\":\"&#8216;H\u00e1 condi\u00e7\u00e3o de manter pre\u00e7o do combust\u00edvel&#8217;, diz Silveira em cr\u00edtica a distribuidoras\",\"datePublished\":\"2026-03-11T17:23:18+00:00\",\"dateModified\":\"2026-03-12T16:08:02+00:00\",\"mainEntityOfPage\":{\"@id\":\"https:\/\/agenciainfra.com\/blog\/ha-condicao-de-manter-preco-do-combustivel-diz-silveira-em-critica-a-distribuidoras\/\"},\"wordCount\":630,\"publisher\":{\"@id\":\"https:\/\/agenciainfra.com\/blog\/#organization\"},\"image\":{\"@id\":\"https:\/\/agenciainfra.com\/blog\/ha-condicao-de-manter-preco-do-combustivel-diz-silveira-em-critica-a-distribuidoras\/#primaryimage\"},\"thumbnailUrl\":\"https:\/\/agenciainfra.com\/blog\/wp-content\/uploads\/2026\/03\/alexandre-silveira-foto-Kayo-Magalhaes-Camara-dos-Deputados-e1773249737584.jpeg\",\"keywords\":[\"Alexandre Silveira\",\"CME\",\"combust\u00edveis\",\"diesel\",\"Gabriel Vasconcelos\",\"Geraldo Campos Jr.\",\"MME\",\"oriente m\u00e9dio\",\"pre\u00e7o da gasolina\"],\"articleSection\":[\"Destaque lista\",\"\u00d3leo &amp; G\u00e1s\"],\"inLanguage\":\"pt-BR\",\"copyrightYear\":\"2026\",\"copyrightHolder\":{\"@id\":\"https:\/\/agenciainfra.com\/blog\/#organization\"}},{\"@type\":\"WebPage\",\"@id\":\"https:\/\/agenciainfra.com\/blog\/ha-condicao-de-manter-preco-do-combustivel-diz-silveira-em-critica-a-distribuidoras\/\",\"url\":\"https:\/\/agenciainfra.com\/blog\/ha-condicao-de-manter-preco-do-combustivel-diz-silveira-em-critica-a-distribuidoras\/\",\"name\":\"'H\u00e1 condi\u00e7\u00e3o de manter pre\u00e7o do combust\u00edvel', diz Silveira em cr\u00edtica a distribuidoras - Ag\u00eancia iNFRA\",\"isPartOf\":{\"@id\":\"https:\/\/agenciainfra.com\/blog\/#website\"},\"primaryImageOfPage\":{\"@id\":\"https:\/\/agenciainfra.com\/blog\/ha-condicao-de-manter-preco-do-combustivel-diz-silveira-em-critica-a-distribuidoras\/#primaryimage\"},\"image\":{\"@id\":\"https:\/\/agenciainfra.com\/blog\/ha-condicao-de-manter-preco-do-combustivel-diz-silveira-em-critica-a-distribuidoras\/#primaryimage\"},\"thumbnailUrl\":\"https:\/\/agenciainfra.com\/blog\/wp-content\/uploads\/2026\/03\/alexandre-silveira-foto-Kayo-Magalhaes-Camara-dos-Deputados-e1773249737584.jpeg\",\"datePublished\":\"2026-03-11T17:23:18+00:00\",\"dateModified\":\"2026-03-12T16:08:02+00:00\",\"breadcrumb\":{\"@id\":\"https:\/\/agenciainfra.com\/blog\/ha-condicao-de-manter-preco-do-combustivel-diz-silveira-em-critica-a-distribuidoras\/#breadcrumb\"},\"inLanguage\":\"pt-BR\",\"potentialAction\":[{\"@type\":\"ReadAction\",\"target\":[\"https:\/\/agenciainfra.com\/blog\/ha-condicao-de-manter-preco-do-combustivel-diz-silveira-em-critica-a-distribuidoras\/\"]}]},{\"@type\":\"ImageObject\",\"inLanguage\":\"pt-BR\",\"@id\":\"https:\/\/agenciainfra.com\/blog\/ha-condicao-de-manter-preco-do-combustivel-diz-silveira-em-critica-a-distribuidoras\/#primaryimage\",\"url\":\"https:\/\/agenciainfra.com\/blog\/wp-content\/uploads\/2026\/03\/alexandre-silveira-foto-Kayo-Magalhaes-Camara-dos-Deputados-e1773249737584.jpeg\",\"contentUrl\":\"https:\/\/agenciainfra.com\/blog\/wp-content\/uploads\/2026\/03\/alexandre-silveira-foto-Kayo-Magalhaes-Camara-dos-Deputados-e1773249737584.jpeg\",\"width\":1280,\"height\":788,\"caption\":\"Foto: Kayo Mahalhaes\/C\u00e2mara dos Deputados\"},{\"@type\":\"BreadcrumbList\",\"@id\":\"https:\/\/agenciainfra.com\/blog\/ha-condicao-de-manter-preco-do-combustivel-diz-silveira-em-critica-a-distribuidoras\/#breadcrumb\",\"itemListElement\":[{\"@type\":\"ListItem\",\"position\":1,\"name\":\"In\u00edcio\",\"item\":\"https:\/\/agenciainfra.com\/blog\/\"},{\"@type\":\"ListItem\",\"position\":2,\"name\":\"&#8216;H\u00e1 condi\u00e7\u00e3o de manter pre\u00e7o do combust\u00edvel&#8217;, diz Silveira em cr\u00edtica a distribuidoras\"}]},{\"@type\":\"WebSite\",\"@id\":\"https:\/\/agenciainfra.com\/blog\/#website\",\"url\":\"https:\/\/agenciainfra.com\/blog\/\",\"name\":\"Ag\u00eancia iNFRA\",\"description\":\"Multiplataforma de informa\u00e7\u00e3o jornal\u00edstica refer\u00eancia na \u00e1rea de infraestrutura no Brasil!\",\"publisher\":{\"@id\":\"https:\/\/agenciainfra.com\/blog\/#organization\"},\"potentialAction\":[{\"@type\":\"SearchAction\",\"target\":{\"@type\":\"EntryPoint\",\"urlTemplate\":\"https:\/\/agenciainfra.com\/blog\/?s={search_term_string}\"},\"query-input\":{\"@type\":\"PropertyValueSpecification\",\"valueRequired\":true,\"valueName\":\"search_term_string\"}}],\"inLanguage\":\"pt-BR\"},{\"@type\":\"Organization\",\"@id\":\"https:\/\/agenciainfra.com\/blog\/#organization\",\"name\":\"Ag\u00eancia iNFRA\",\"url\":\"https:\/\/agenciainfra.com\/blog\/\",\"logo\":{\"@type\":\"ImageObject\",\"inLanguage\":\"pt-BR\",\"@id\":\"https:\/\/agenciainfra.com\/blog\/#\/schema\/logo\/image\/\",\"url\":\"https:\/\/agenciainfra.com\/blog\/wp-content\/uploads\/2023\/09\/iNFRA_5-e1761735885940.png\",\"contentUrl\":\"https:\/\/agenciainfra.com\/blog\/wp-content\/uploads\/2023\/09\/iNFRA_5-e1761735885940.png\",\"width\":1672,\"height\":454,\"caption\":\"Ag\u00eancia iNFRA\"},\"image\":{\"@id\":\"https:\/\/agenciainfra.com\/blog\/#\/schema\/logo\/image\/\"},\"sameAs\":[\"https:\/\/www.facebook.com\/ageninfra\",\"https:\/\/x.com\/agencia_infra\",\"https:\/\/www.linkedin.com\/company\/ag\u00eanciainfra\/\",\"https:\/\/www.instagram.com\/agenciainfra\/\"]},{\"@type\":\"Person\",\"@id\":\"https:\/\/agenciainfra.com\/blog\/#\/schema\/person\/34af08dff6adea4cb22b06612ba7acfa\",\"name\":\"Ag\u00eancia iNFRA\",\"image\":{\"@type\":\"ImageObject\",\"inLanguage\":\"pt-BR\",\"@id\":\"https:\/\/agenciainfra.com\/blog\/#\/schema\/person\/image\/\",\"url\":\"https:\/\/secure.gravatar.com\/avatar\/d189e01678f06d8eb84d4e01f08eb848b3fffe3f8443818d3c356c66892f5be8?s=96&d=mm&r=g\",\"contentUrl\":\"https:\/\/secure.gravatar.com\/avatar\/d189e01678f06d8eb84d4e01f08eb848b3fffe3f8443818d3c356c66892f5be8?s=96&d=mm&r=g\",\"caption\":\"Ag\u00eancia iNFRA\"},\"url\":\"https:\/\/agenciainfra.com\/blog\/author\/admin\/\"}]}<\/script>\n<!-- \/ Yoast SEO Premium plugin. -->","yoast_head_json":{"title":"'H\u00e1 condi\u00e7\u00e3o de manter pre\u00e7o do combust\u00edvel', diz Silveira em cr\u00edtica a distribuidoras - Ag\u00eancia iNFRA","robots":{"index":"index","follow":"follow","max-snippet":"max-snippet:-1","max-image-preview":"max-image-preview:large","max-video-preview":"max-video-preview:-1"},"canonical":"https:\/\/agenciainfra.com\/blog\/ha-condicao-de-manter-preco-do-combustivel-diz-silveira-em-critica-a-distribuidoras\/","og_locale":"pt_BR","og_type":"article","og_title":"'H\u00e1 condi\u00e7\u00e3o de manter pre\u00e7o do combust\u00edvel', diz Silveira em cr\u00edtica a distribuidoras","og_description":"Geraldo Campos Jr. e Gabriel Vasconcelos, da Ag\u00eancia iNFRA O ministro de Minas e Energia, Alexandre Silveira, descartou qualquer problema no abastecimento de combust\u00edveis do pa\u00eds e disse que ainda h\u00e1 condi\u00e7\u00e3o de se manter os pre\u00e7os aos consumidores finais. Segundo o ministro, o aumento desses pre\u00e7os nas bombas e as incertezas com rela\u00e7\u00e3o \u00e0 [&hellip;]","og_url":"https:\/\/agenciainfra.com\/blog\/ha-condicao-de-manter-preco-do-combustivel-diz-silveira-em-critica-a-distribuidoras\/","og_site_name":"Ag\u00eancia iNFRA","article_publisher":"https:\/\/www.facebook.com\/ageninfra","article_published_time":"2026-03-11T17:23:18+00:00","article_modified_time":"2026-03-12T16:08:02+00:00","og_image":[{"width":1280,"height":788,"url":"https:\/\/agenciainfra.com\/blog\/wp-content\/uploads\/2026\/03\/alexandre-silveira-foto-Kayo-Magalhaes-Camara-dos-Deputados-e1773249737584.jpeg","type":"image\/jpeg"}],"author":"Ag\u00eancia iNFRA","twitter_card":"summary_large_image","twitter_creator":"@agencia_infra","twitter_site":"@agencia_infra","twitter_misc":{"Escrito por":"Ag\u00eancia iNFRA","Est. tempo de leitura":"3 minutos"},"schema":{"@context":"https:\/\/schema.org","@graph":[{"@type":"Article","@id":"https:\/\/agenciainfra.com\/blog\/ha-condicao-de-manter-preco-do-combustivel-diz-silveira-em-critica-a-distribuidoras\/#article","isPartOf":{"@id":"https:\/\/agenciainfra.com\/blog\/ha-condicao-de-manter-preco-do-combustivel-diz-silveira-em-critica-a-distribuidoras\/"},"author":{"name":"Ag\u00eancia iNFRA","@id":"https:\/\/agenciainfra.com\/blog\/#\/schema\/person\/34af08dff6adea4cb22b06612ba7acfa"},"headline":"&#8216;H\u00e1 condi\u00e7\u00e3o de manter pre\u00e7o do combust\u00edvel&#8217;, diz Silveira em cr\u00edtica a distribuidoras","datePublished":"2026-03-11T17:23:18+00:00","dateModified":"2026-03-12T16:08:02+00:00","mainEntityOfPage":{"@id":"https:\/\/agenciainfra.com\/blog\/ha-condicao-de-manter-preco-do-combustivel-diz-silveira-em-critica-a-distribuidoras\/"},"wordCount":630,"publisher":{"@id":"https:\/\/agenciainfra.com\/blog\/#organization"},"image":{"@id":"https:\/\/agenciainfra.com\/blog\/ha-condicao-de-manter-preco-do-combustivel-diz-silveira-em-critica-a-distribuidoras\/#primaryimage"},"thumbnailUrl":"https:\/\/agenciainfra.com\/blog\/wp-content\/uploads\/2026\/03\/alexandre-silveira-foto-Kayo-Magalhaes-Camara-dos-Deputados-e1773249737584.jpeg","keywords":["Alexandre Silveira","CME","combust\u00edveis","diesel","Gabriel Vasconcelos","Geraldo Campos Jr.","MME","oriente m\u00e9dio","pre\u00e7o da gasolina"],"articleSection":["Destaque lista","\u00d3leo &amp; G\u00e1s"],"inLanguage":"pt-BR","copyrightYear":"2026","copyrightHolder":{"@id":"https:\/\/agenciainfra.com\/blog\/#organization"}},{"@type":"WebPage","@id":"https:\/\/agenciainfra.com\/blog\/ha-condicao-de-manter-preco-do-combustivel-diz-silveira-em-critica-a-distribuidoras\/","url":"https:\/\/agenciainfra.com\/blog\/ha-condicao-de-manter-preco-do-combustivel-diz-silveira-em-critica-a-distribuidoras\/","name":"'H\u00e1 condi\u00e7\u00e3o de manter pre\u00e7o do combust\u00edvel', diz Silveira em cr\u00edtica a distribuidoras - Ag\u00eancia iNFRA","isPartOf":{"@id":"https:\/\/agenciainfra.com\/blog\/#website"},"primaryImageOfPage":{"@id":"https:\/\/agenciainfra.com\/blog\/ha-condicao-de-manter-preco-do-combustivel-diz-silveira-em-critica-a-distribuidoras\/#primaryimage"},"image":{"@id":"https:\/\/agenciainfra.com\/blog\/ha-condicao-de-manter-preco-do-combustivel-diz-silveira-em-critica-a-distribuidoras\/#primaryimage"},"thumbnailUrl":"https:\/\/agenciainfra.com\/blog\/wp-content\/uploads\/2026\/03\/alexandre-silveira-foto-Kayo-Magalhaes-Camara-dos-Deputados-e1773249737584.jpeg","datePublished":"2026-03-11T17:23:18+00:00","dateModified":"2026-03-12T16:08:02+00:00","breadcrumb":{"@id":"https:\/\/agenciainfra.com\/blog\/ha-condicao-de-manter-preco-do-combustivel-diz-silveira-em-critica-a-distribuidoras\/#breadcrumb"},"inLanguage":"pt-BR","potentialAction":[{"@type":"ReadAction","target":["https:\/\/agenciainfra.com\/blog\/ha-condicao-de-manter-preco-do-combustivel-diz-silveira-em-critica-a-distribuidoras\/"]}]},{"@type":"ImageObject","inLanguage":"pt-BR","@id":"https:\/\/agenciainfra.com\/blog\/ha-condicao-de-manter-preco-do-combustivel-diz-silveira-em-critica-a-distribuidoras\/#primaryimage","url":"https:\/\/agenciainfra.com\/blog\/wp-content\/uploads\/2026\/03\/alexandre-silveira-foto-Kayo-Magalhaes-Camara-dos-Deputados-e1773249737584.jpeg","contentUrl":"https:\/\/agenciainfra.com\/blog\/wp-content\/uploads\/2026\/03\/alexandre-silveira-foto-Kayo-Magalhaes-Camara-dos-Deputados-e1773249737584.jpeg","width":1280,"height":788,"caption":"Foto: Kayo Mahalhaes\/C\u00e2mara dos Deputados"},{"@type":"BreadcrumbList","@id":"https:\/\/agenciainfra.com\/blog\/ha-condicao-de-manter-preco-do-combustivel-diz-silveira-em-critica-a-distribuidoras\/#breadcrumb","itemListElement":[{"@type":"ListItem","position":1,"name":"In\u00edcio","item":"https:\/\/agenciainfra.com\/blog\/"},{"@type":"ListItem","position":2,"name":"&#8216;H\u00e1 condi\u00e7\u00e3o de manter pre\u00e7o do combust\u00edvel&#8217;, diz Silveira em cr\u00edtica a distribuidoras"}]},{"@type":"WebSite","@id":"https:\/\/agenciainfra.com\/blog\/#website","url":"https:\/\/agenciainfra.com\/blog\/","name":"Ag\u00eancia iNFRA","description":"Multiplataforma de informa\u00e7\u00e3o jornal\u00edstica refer\u00eancia na \u00e1rea de infraestrutura no Brasil!","publisher":{"@id":"https:\/\/agenciainfra.com\/blog\/#organization"},"potentialAction":[{"@type":"SearchAction","target":{"@type":"EntryPoint","urlTemplate":"https:\/\/agenciainfra.com\/blog\/?s={search_term_string}"},"query-input":{"@type":"PropertyValueSpecification","valueRequired":true,"valueName":"search_term_string"}}],"inLanguage":"pt-BR"},{"@type":"Organization","@id":"https:\/\/agenciainfra.com\/blog\/#organization","name":"Ag\u00eancia iNFRA","url":"https:\/\/agenciainfra.com\/blog\/","logo":{"@type":"ImageObject","inLanguage":"pt-BR","@id":"https:\/\/agenciainfra.com\/blog\/#\/schema\/logo\/image\/","url":"https:\/\/agenciainfra.com\/blog\/wp-content\/uploads\/2023\/09\/iNFRA_5-e1761735885940.png","contentUrl":"https:\/\/agenciainfra.com\/blog\/wp-content\/uploads\/2023\/09\/iNFRA_5-e1761735885940.png","width":1672,"height":454,"caption":"Ag\u00eancia iNFRA"},"image":{"@id":"https:\/\/agenciainfra.com\/blog\/#\/schema\/logo\/image\/"},"sameAs":["https:\/\/www.facebook.com\/ageninfra","https:\/\/x.com\/agencia_infra","https:\/\/www.linkedin.com\/company\/ag\u00eanciainfra\/","https:\/\/www.instagram.com\/agenciainfra\/"]},{"@type":"Person","@id":"https:\/\/agenciainfra.com\/blog\/#\/schema\/person\/34af08dff6adea4cb22b06612ba7acfa","name":"Ag\u00eancia iNFRA","image":{"@type":"ImageObject","inLanguage":"pt-BR","@id":"https:\/\/agenciainfra.com\/blog\/#\/schema\/person\/image\/","url":"https:\/\/secure.gravatar.com\/avatar\/d189e01678f06d8eb84d4e01f08eb848b3fffe3f8443818d3c356c66892f5be8?s=96&d=mm&r=g","contentUrl":"https:\/\/secure.gravatar.com\/avatar\/d189e01678f06d8eb84d4e01f08eb848b3fffe3f8443818d3c356c66892f5be8?s=96&d=mm&r=g","caption":"Ag\u00eancia iNFRA"},"url":"https:\/\/agenciainfra.com\/blog\/author\/admin\/"}]}},"_links":{"self":[{"href":"https:\/\/agenciainfra.com\/blog\/wp-json\/wp\/v2\/posts\/37638","targetHints":{"allow":["GET"]}}],"collection":[{"href":"https:\/\/agenciainfra.com\/blog\/wp-json\/wp\/v2\/posts"}],"about":[{"href":"https:\/\/agenciainfra.com\/blog\/wp-json\/wp\/v2\/types\/post"}],"author":[{"embeddable":true,"href":"https:\/\/agenciainfra.com\/blog\/wp-json\/wp\/v2\/users\/1"}],"replies":[{"embeddable":true,"href":"https:\/\/agenciainfra.com\/blog\/wp-json\/wp\/v2\/comments?post=37638"}],"version-history":[{"count":1,"href":"https:\/\/agenciainfra.com\/blog\/wp-json\/wp\/v2\/posts\/37638\/revisions"}],"predecessor-version":[{"id":37639,"href":"https:\/\/agenciainfra.com\/blog\/wp-json\/wp\/v2\/posts\/37638\/revisions\/37639"}],"wp:featuredmedia":[{"embeddable":true,"href":"https:\/\/agenciainfra.com\/blog\/wp-json\/wp\/v2\/media\/37634"}],"wp:attachment":[{"href":"https:\/\/agenciainfra.com\/blog\/wp-json\/wp\/v2\/media?parent=37638"}],"wp:term":[{"taxonomy":"category","embeddable":true,"href":"https:\/\/agenciainfra.com\/blog\/wp-json\/wp\/v2\/categories?post=37638"},{"taxonomy":"post_tag","embeddable":true,"href":"https:\/\/agenciainfra.com\/blog\/wp-json\/wp\/v2\/tags?post=37638"}],"curies":[{"name":"wp","href":"https:\/\/api.w.org\/{rel}","templated":true}]}}