{"id":37640,"date":"2026-03-11T14:45:32","date_gmt":"2026-03-11T17:45:32","guid":{"rendered":"https:\/\/agenciainfra.com\/blog\/?p=37640"},"modified":"2026-03-12T21:27:34","modified_gmt":"2026-03-13T00:27:34","slug":"minerais-criticos-sao-o-novo-petroleo-do-brasil-diz-silveira","status":"publish","type":"post","link":"https:\/\/agenciainfra.com\/blog\/minerais-criticos-sao-o-novo-petroleo-do-brasil-diz-silveira\/","title":{"rendered":"Minerais cr\u00edticos s\u00e3o o \u2018novo petr\u00f3leo\u2019 do Brasil, diz Silveira"},"content":{"rendered":"\n<p class=\"has-text-align-right\"><strong>Rafael Bitencourt, da Ag\u00eancia iNFRA<\/strong><\/p>\n\n\n\n<p>O ministro de Minas e Energia, Alexandre Silveira, afirmou que os minerais cr\u00edticos s\u00e3o o \u201cnovo petr\u00f3leo\u201d do Brasil, acrescentando que o governo enxerga a possibilidade de \u201ctransformar o setor mineral no grande vetor de desenvolvimento\u201d do pa\u00eds. A declara\u00e7\u00e3o foi dada nesta quarta-feira (11) em audi\u00eancia p\u00fablica da CME (Comiss\u00e3o de Minas e Energia) da C\u00e2mara dos Deputados.<\/p>\n\n\n\n<p>Silveira contou que, ao chegar ao minist\u00e9rio, precisou estruturar a governan\u00e7a do setor mineral. \u201cPara mim foi uma surpresa ser ministro de Minas e Energia do Brasil, ter o CNPE [Conselho Nacional de Pol\u00edtica Energ\u00e9tica] com 16 ministro de estado, que cuida de todo o setor el\u00e9trico, petr\u00f3leo, g\u00e1s e combust\u00edvel, e n\u00e3o ter o CNPM, que \u00e9 do setor mineral, no advento dos minerais cr\u00edticos e estrat\u00e9gicos que \u00e9 o \u2018novo petr\u00f3leo\u2019 do Brasil\u201d, disse o ministro.<\/p>\n\n\n\n<p><strong>\u2018Donas do subsolo\u2019<\/strong><br>Durante a audi\u00eancia, Silveira defendeu mudan\u00e7as na legisla\u00e7\u00e3o para reduzir a concentra\u00e7\u00e3o de t\u00edtulos miner\u00e1rios nas m\u00e3os das grandes mineradoras.<\/p>\n\n\n\n<p>O ministro citou proposta nesse sentido do presidente da CME, deputado Joaquim Passarinho (PL-PA). O parlamentar tem defendido a revis\u00e3o do C\u00f3digo Mineral para, entre outras mudan\u00e7as, garantir que a entrada de mineradoras menores em \u00e1reas exploradas por grandes companhias e, assim, extrair subst\u00e2ncias minerais do rejeito, por exemplo. A Vale, segundo ele, seria a mineradora que mais resiste \u00e0 mudan\u00e7a de regra.<\/p>\n\n\n\n<p>\u201cTenho muitas cr\u00edticas n\u00e3o s\u00f3 \u00e0 Vale do Rio Doce, como ao setor mineral. Eu sou cr\u00edtico contumaz [do fato] do nosso subsolo brasileiro est\u00e1 registrado no nome das grandes mineradoras do pa\u00eds. E aqueles que tamb\u00e9m querem, os menores e outras que querem desenvolver o pa\u00eds, n\u00e3o podem explor\u00e1-lo porque eles se julgam donos do subsolo que \u00e9 do povo brasileiro. Acho que n\u00f3s temos que rever a lei\u201d, disse o ministro.<\/p>\n\n\n\n<p><\/p>\n","protected":false},"excerpt":{"rendered":"<p>Rafael Bitencourt, da Ag\u00eancia iNFRA O ministro de Minas e Energia, Alexandre Silveira, afirmou que os minerais cr\u00edticos s\u00e3o o \u201cnovo petr\u00f3leo\u201d do Brasil, acrescentando que o governo enxerga a possibilidade de \u201ctransformar o setor mineral no grande vetor de desenvolvimento\u201d do pa\u00eds. A declara\u00e7\u00e3o foi dada nesta quarta-feira (11) em audi\u00eancia p\u00fablica da CME [&hellip;]<\/p>\n","protected":false},"author":1,"featured_media":27331,"comment_status":"closed","ping_status":"closed","sticky":false,"template":"","format":"standard","meta":{"_monsterinsights_skip_tracking":false,"_monsterinsights_sitenote_active":false,"_monsterinsights_sitenote_note":"","_monsterinsights_sitenote_category":0,"footnotes":""},"categories":[7250,13239],"tags":[6040,15519,3004,15505,3652,1009,13332,13813,83],"class_list":["post-37640","post","type-post","status-publish","format-standard","has-post-thumbnail","hentry","category-destaque-lista","category-mineracao","tag-alexandre-silveira","tag-cme-comissao-de-minas-e-energia","tag-cnpe","tag-cnpm-conselho-nacional-de-politica-mineral","tag-codigo-de-mineracao","tag-joaquim-passarinho","tag-minerais-criticos-e-estrategicos","tag-rafael-bitencourt","tag-vale"],"yoast_head":"<!-- This site is optimized with the Yoast SEO Premium plugin v25.4 (Yoast SEO v26.0) - https:\/\/yoast.com\/wordpress\/plugins\/seo\/ -->\n<title>Minerais cr\u00edticos s\u00e3o o \u2018novo petr\u00f3leo\u2019 do Brasil, diz Silveira - Ag\u00eancia iNFRA<\/title>\n<meta name=\"robots\" content=\"index, follow, max-snippet:-1, max-image-preview:large, max-video-preview:-1\" \/>\n<link rel=\"canonical\" href=\"https:\/\/agenciainfra.com\/blog\/minerais-criticos-sao-o-novo-petroleo-do-brasil-diz-silveira\/\" \/>\n<meta property=\"og:locale\" content=\"pt_BR\" \/>\n<meta property=\"og:type\" content=\"article\" \/>\n<meta property=\"og:title\" content=\"Minerais cr\u00edticos s\u00e3o o \u2018novo petr\u00f3leo\u2019 do Brasil, diz Silveira\" \/>\n<meta property=\"og:description\" content=\"Rafael Bitencourt, da Ag\u00eancia iNFRA O ministro de Minas e Energia, Alexandre Silveira, afirmou que os minerais cr\u00edticos s\u00e3o o \u201cnovo petr\u00f3leo\u201d do Brasil, acrescentando que o governo enxerga a possibilidade de \u201ctransformar o setor mineral no grande vetor de desenvolvimento\u201d do pa\u00eds. A declara\u00e7\u00e3o foi dada nesta quarta-feira (11) em audi\u00eancia p\u00fablica da CME [&hellip;]\" \/>\n<meta property=\"og:url\" content=\"https:\/\/agenciainfra.com\/blog\/minerais-criticos-sao-o-novo-petroleo-do-brasil-diz-silveira\/\" \/>\n<meta property=\"og:site_name\" content=\"Ag\u00eancia iNFRA\" \/>\n<meta property=\"article:publisher\" content=\"https:\/\/www.facebook.com\/ageninfra\" \/>\n<meta property=\"article:published_time\" content=\"2026-03-11T17:45:32+00:00\" \/>\n<meta property=\"article:modified_time\" content=\"2026-03-13T00:27:34+00:00\" \/>\n<meta property=\"og:image\" content=\"https:\/\/agenciainfra.com\/blog\/wp-content\/uploads\/2025\/09\/Silveira-recua-scaled.jpg\" \/>\n\t<meta property=\"og:image:width\" content=\"2560\" \/>\n\t<meta property=\"og:image:height\" content=\"1707\" \/>\n\t<meta property=\"og:image:type\" content=\"image\/jpeg\" \/>\n<meta name=\"author\" content=\"Ag\u00eancia iNFRA\" \/>\n<meta name=\"twitter:card\" content=\"summary_large_image\" \/>\n<meta name=\"twitter:creator\" content=\"@agencia_infra\" \/>\n<meta name=\"twitter:site\" content=\"@agencia_infra\" \/>\n<meta name=\"twitter:label1\" content=\"Escrito por\" \/>\n\t<meta name=\"twitter:data1\" content=\"Ag\u00eancia iNFRA\" \/>\n\t<meta name=\"twitter:label2\" content=\"Est. tempo de leitura\" \/>\n\t<meta name=\"twitter:data2\" content=\"2 minutos\" \/>\n<script type=\"application\/ld+json\" class=\"yoast-schema-graph\">{\"@context\":\"https:\/\/schema.org\",\"@graph\":[{\"@type\":\"Article\",\"@id\":\"https:\/\/agenciainfra.com\/blog\/minerais-criticos-sao-o-novo-petroleo-do-brasil-diz-silveira\/#article\",\"isPartOf\":{\"@id\":\"https:\/\/agenciainfra.com\/blog\/minerais-criticos-sao-o-novo-petroleo-do-brasil-diz-silveira\/\"},\"author\":{\"name\":\"Ag\u00eancia iNFRA\",\"@id\":\"https:\/\/agenciainfra.com\/blog\/#\/schema\/person\/34af08dff6adea4cb22b06612ba7acfa\"},\"headline\":\"Minerais cr\u00edticos s\u00e3o o \u2018novo petr\u00f3leo\u2019 do Brasil, diz Silveira\",\"datePublished\":\"2026-03-11T17:45:32+00:00\",\"dateModified\":\"2026-03-13T00:27:34+00:00\",\"mainEntityOfPage\":{\"@id\":\"https:\/\/agenciainfra.com\/blog\/minerais-criticos-sao-o-novo-petroleo-do-brasil-diz-silveira\/\"},\"wordCount\":350,\"publisher\":{\"@id\":\"https:\/\/agenciainfra.com\/blog\/#organization\"},\"image\":{\"@id\":\"https:\/\/agenciainfra.com\/blog\/minerais-criticos-sao-o-novo-petroleo-do-brasil-diz-silveira\/#primaryimage\"},\"thumbnailUrl\":\"https:\/\/agenciainfra.com\/blog\/wp-content\/uploads\/2025\/09\/Silveira-recua-scaled.jpg\",\"keywords\":[\"Alexandre Silveira\",\"CME (Comiss\u00e3o de Minas e Energia)\",\"CNPE\",\"CNPM (Conselho Nacional de Pol\u00edtica Mineral)\",\"C\u00f3digo de Minera\u00e7\u00e3o\",\"Joaquim Passarinho\",\"minerais cr\u00edticos e estrat\u00e9gicos\",\"Rafael Bitencourt\",\"Vale\"],\"articleSection\":[\"Destaque lista\",\"Minera\u00e7\u00e3o\"],\"inLanguage\":\"pt-BR\",\"copyrightYear\":\"2026\",\"copyrightHolder\":{\"@id\":\"https:\/\/agenciainfra.com\/blog\/#organization\"}},{\"@type\":\"WebPage\",\"@id\":\"https:\/\/agenciainfra.com\/blog\/minerais-criticos-sao-o-novo-petroleo-do-brasil-diz-silveira\/\",\"url\":\"https:\/\/agenciainfra.com\/blog\/minerais-criticos-sao-o-novo-petroleo-do-brasil-diz-silveira\/\",\"name\":\"Minerais cr\u00edticos s\u00e3o o \u2018novo petr\u00f3leo\u2019 do Brasil, diz Silveira - Ag\u00eancia iNFRA\",\"isPartOf\":{\"@id\":\"https:\/\/agenciainfra.com\/blog\/#website\"},\"primaryImageOfPage\":{\"@id\":\"https:\/\/agenciainfra.com\/blog\/minerais-criticos-sao-o-novo-petroleo-do-brasil-diz-silveira\/#primaryimage\"},\"image\":{\"@id\":\"https:\/\/agenciainfra.com\/blog\/minerais-criticos-sao-o-novo-petroleo-do-brasil-diz-silveira\/#primaryimage\"},\"thumbnailUrl\":\"https:\/\/agenciainfra.com\/blog\/wp-content\/uploads\/2025\/09\/Silveira-recua-scaled.jpg\",\"datePublished\":\"2026-03-11T17:45:32+00:00\",\"dateModified\":\"2026-03-13T00:27:34+00:00\",\"breadcrumb\":{\"@id\":\"https:\/\/agenciainfra.com\/blog\/minerais-criticos-sao-o-novo-petroleo-do-brasil-diz-silveira\/#breadcrumb\"},\"inLanguage\":\"pt-BR\",\"potentialAction\":[{\"@type\":\"ReadAction\",\"target\":[\"https:\/\/agenciainfra.com\/blog\/minerais-criticos-sao-o-novo-petroleo-do-brasil-diz-silveira\/\"]}]},{\"@type\":\"ImageObject\",\"inLanguage\":\"pt-BR\",\"@id\":\"https:\/\/agenciainfra.com\/blog\/minerais-criticos-sao-o-novo-petroleo-do-brasil-diz-silveira\/#primaryimage\",\"url\":\"https:\/\/agenciainfra.com\/blog\/wp-content\/uploads\/2025\/09\/Silveira-recua-scaled.jpg\",\"contentUrl\":\"https:\/\/agenciainfra.com\/blog\/wp-content\/uploads\/2025\/09\/Silveira-recua-scaled.jpg\",\"width\":2560,\"height\":1707,\"caption\":\"Foto: Marcelo Camargo\/Ag\u00eancia Brasil\"},{\"@type\":\"BreadcrumbList\",\"@id\":\"https:\/\/agenciainfra.com\/blog\/minerais-criticos-sao-o-novo-petroleo-do-brasil-diz-silveira\/#breadcrumb\",\"itemListElement\":[{\"@type\":\"ListItem\",\"position\":1,\"name\":\"In\u00edcio\",\"item\":\"https:\/\/agenciainfra.com\/blog\/\"},{\"@type\":\"ListItem\",\"position\":2,\"name\":\"Minerais cr\u00edticos s\u00e3o o \u2018novo petr\u00f3leo\u2019 do Brasil, diz Silveira\"}]},{\"@type\":\"WebSite\",\"@id\":\"https:\/\/agenciainfra.com\/blog\/#website\",\"url\":\"https:\/\/agenciainfra.com\/blog\/\",\"name\":\"Ag\u00eancia iNFRA\",\"description\":\"Multiplataforma de informa\u00e7\u00e3o jornal\u00edstica refer\u00eancia na \u00e1rea de infraestrutura no Brasil!\",\"publisher\":{\"@id\":\"https:\/\/agenciainfra.com\/blog\/#organization\"},\"potentialAction\":[{\"@type\":\"SearchAction\",\"target\":{\"@type\":\"EntryPoint\",\"urlTemplate\":\"https:\/\/agenciainfra.com\/blog\/?s={search_term_string}\"},\"query-input\":{\"@type\":\"PropertyValueSpecification\",\"valueRequired\":true,\"valueName\":\"search_term_string\"}}],\"inLanguage\":\"pt-BR\"},{\"@type\":\"Organization\",\"@id\":\"https:\/\/agenciainfra.com\/blog\/#organization\",\"name\":\"Ag\u00eancia iNFRA\",\"url\":\"https:\/\/agenciainfra.com\/blog\/\",\"logo\":{\"@type\":\"ImageObject\",\"inLanguage\":\"pt-BR\",\"@id\":\"https:\/\/agenciainfra.com\/blog\/#\/schema\/logo\/image\/\",\"url\":\"https:\/\/agenciainfra.com\/blog\/wp-content\/uploads\/2023\/09\/iNFRA_5-e1761735885940.png\",\"contentUrl\":\"https:\/\/agenciainfra.com\/blog\/wp-content\/uploads\/2023\/09\/iNFRA_5-e1761735885940.png\",\"width\":1672,\"height\":454,\"caption\":\"Ag\u00eancia iNFRA\"},\"image\":{\"@id\":\"https:\/\/agenciainfra.com\/blog\/#\/schema\/logo\/image\/\"},\"sameAs\":[\"https:\/\/www.facebook.com\/ageninfra\",\"https:\/\/x.com\/agencia_infra\",\"https:\/\/www.linkedin.com\/company\/ag\u00eanciainfra\/\",\"https:\/\/www.instagram.com\/agenciainfra\/\"]},{\"@type\":\"Person\",\"@id\":\"https:\/\/agenciainfra.com\/blog\/#\/schema\/person\/34af08dff6adea4cb22b06612ba7acfa\",\"name\":\"Ag\u00eancia iNFRA\",\"image\":{\"@type\":\"ImageObject\",\"inLanguage\":\"pt-BR\",\"@id\":\"https:\/\/agenciainfra.com\/blog\/#\/schema\/person\/image\/\",\"url\":\"https:\/\/secure.gravatar.com\/avatar\/d189e01678f06d8eb84d4e01f08eb848b3fffe3f8443818d3c356c66892f5be8?s=96&d=mm&r=g\",\"contentUrl\":\"https:\/\/secure.gravatar.com\/avatar\/d189e01678f06d8eb84d4e01f08eb848b3fffe3f8443818d3c356c66892f5be8?s=96&d=mm&r=g\",\"caption\":\"Ag\u00eancia iNFRA\"},\"url\":\"https:\/\/agenciainfra.com\/blog\/author\/admin\/\"}]}<\/script>\n<!-- \/ Yoast SEO Premium plugin. -->","yoast_head_json":{"title":"Minerais cr\u00edticos s\u00e3o o \u2018novo petr\u00f3leo\u2019 do Brasil, diz Silveira - Ag\u00eancia iNFRA","robots":{"index":"index","follow":"follow","max-snippet":"max-snippet:-1","max-image-preview":"max-image-preview:large","max-video-preview":"max-video-preview:-1"},"canonical":"https:\/\/agenciainfra.com\/blog\/minerais-criticos-sao-o-novo-petroleo-do-brasil-diz-silveira\/","og_locale":"pt_BR","og_type":"article","og_title":"Minerais cr\u00edticos s\u00e3o o \u2018novo petr\u00f3leo\u2019 do Brasil, diz Silveira","og_description":"Rafael Bitencourt, da Ag\u00eancia iNFRA O ministro de Minas e Energia, Alexandre Silveira, afirmou que os minerais cr\u00edticos s\u00e3o o \u201cnovo petr\u00f3leo\u201d do Brasil, acrescentando que o governo enxerga a possibilidade de \u201ctransformar o setor mineral no grande vetor de desenvolvimento\u201d do pa\u00eds. A declara\u00e7\u00e3o foi dada nesta quarta-feira (11) em audi\u00eancia p\u00fablica da CME [&hellip;]","og_url":"https:\/\/agenciainfra.com\/blog\/minerais-criticos-sao-o-novo-petroleo-do-brasil-diz-silveira\/","og_site_name":"Ag\u00eancia iNFRA","article_publisher":"https:\/\/www.facebook.com\/ageninfra","article_published_time":"2026-03-11T17:45:32+00:00","article_modified_time":"2026-03-13T00:27:34+00:00","og_image":[{"width":2560,"height":1707,"url":"https:\/\/agenciainfra.com\/blog\/wp-content\/uploads\/2025\/09\/Silveira-recua-scaled.jpg","type":"image\/jpeg"}],"author":"Ag\u00eancia iNFRA","twitter_card":"summary_large_image","twitter_creator":"@agencia_infra","twitter_site":"@agencia_infra","twitter_misc":{"Escrito por":"Ag\u00eancia iNFRA","Est. tempo de leitura":"2 minutos"},"schema":{"@context":"https:\/\/schema.org","@graph":[{"@type":"Article","@id":"https:\/\/agenciainfra.com\/blog\/minerais-criticos-sao-o-novo-petroleo-do-brasil-diz-silveira\/#article","isPartOf":{"@id":"https:\/\/agenciainfra.com\/blog\/minerais-criticos-sao-o-novo-petroleo-do-brasil-diz-silveira\/"},"author":{"name":"Ag\u00eancia iNFRA","@id":"https:\/\/agenciainfra.com\/blog\/#\/schema\/person\/34af08dff6adea4cb22b06612ba7acfa"},"headline":"Minerais cr\u00edticos s\u00e3o o \u2018novo petr\u00f3leo\u2019 do Brasil, diz Silveira","datePublished":"2026-03-11T17:45:32+00:00","dateModified":"2026-03-13T00:27:34+00:00","mainEntityOfPage":{"@id":"https:\/\/agenciainfra.com\/blog\/minerais-criticos-sao-o-novo-petroleo-do-brasil-diz-silveira\/"},"wordCount":350,"publisher":{"@id":"https:\/\/agenciainfra.com\/blog\/#organization"},"image":{"@id":"https:\/\/agenciainfra.com\/blog\/minerais-criticos-sao-o-novo-petroleo-do-brasil-diz-silveira\/#primaryimage"},"thumbnailUrl":"https:\/\/agenciainfra.com\/blog\/wp-content\/uploads\/2025\/09\/Silveira-recua-scaled.jpg","keywords":["Alexandre Silveira","CME (Comiss\u00e3o de Minas e Energia)","CNPE","CNPM (Conselho Nacional de Pol\u00edtica Mineral)","C\u00f3digo de Minera\u00e7\u00e3o","Joaquim Passarinho","minerais cr\u00edticos e estrat\u00e9gicos","Rafael Bitencourt","Vale"],"articleSection":["Destaque lista","Minera\u00e7\u00e3o"],"inLanguage":"pt-BR","copyrightYear":"2026","copyrightHolder":{"@id":"https:\/\/agenciainfra.com\/blog\/#organization"}},{"@type":"WebPage","@id":"https:\/\/agenciainfra.com\/blog\/minerais-criticos-sao-o-novo-petroleo-do-brasil-diz-silveira\/","url":"https:\/\/agenciainfra.com\/blog\/minerais-criticos-sao-o-novo-petroleo-do-brasil-diz-silveira\/","name":"Minerais cr\u00edticos s\u00e3o o \u2018novo petr\u00f3leo\u2019 do Brasil, diz Silveira - Ag\u00eancia iNFRA","isPartOf":{"@id":"https:\/\/agenciainfra.com\/blog\/#website"},"primaryImageOfPage":{"@id":"https:\/\/agenciainfra.com\/blog\/minerais-criticos-sao-o-novo-petroleo-do-brasil-diz-silveira\/#primaryimage"},"image":{"@id":"https:\/\/agenciainfra.com\/blog\/minerais-criticos-sao-o-novo-petroleo-do-brasil-diz-silveira\/#primaryimage"},"thumbnailUrl":"https:\/\/agenciainfra.com\/blog\/wp-content\/uploads\/2025\/09\/Silveira-recua-scaled.jpg","datePublished":"2026-03-11T17:45:32+00:00","dateModified":"2026-03-13T00:27:34+00:00","breadcrumb":{"@id":"https:\/\/agenciainfra.com\/blog\/minerais-criticos-sao-o-novo-petroleo-do-brasil-diz-silveira\/#breadcrumb"},"inLanguage":"pt-BR","potentialAction":[{"@type":"ReadAction","target":["https:\/\/agenciainfra.com\/blog\/minerais-criticos-sao-o-novo-petroleo-do-brasil-diz-silveira\/"]}]},{"@type":"ImageObject","inLanguage":"pt-BR","@id":"https:\/\/agenciainfra.com\/blog\/minerais-criticos-sao-o-novo-petroleo-do-brasil-diz-silveira\/#primaryimage","url":"https:\/\/agenciainfra.com\/blog\/wp-content\/uploads\/2025\/09\/Silveira-recua-scaled.jpg","contentUrl":"https:\/\/agenciainfra.com\/blog\/wp-content\/uploads\/2025\/09\/Silveira-recua-scaled.jpg","width":2560,"height":1707,"caption":"Foto: Marcelo Camargo\/Ag\u00eancia Brasil"},{"@type":"BreadcrumbList","@id":"https:\/\/agenciainfra.com\/blog\/minerais-criticos-sao-o-novo-petroleo-do-brasil-diz-silveira\/#breadcrumb","itemListElement":[{"@type":"ListItem","position":1,"name":"In\u00edcio","item":"https:\/\/agenciainfra.com\/blog\/"},{"@type":"ListItem","position":2,"name":"Minerais cr\u00edticos s\u00e3o o \u2018novo petr\u00f3leo\u2019 do Brasil, diz Silveira"}]},{"@type":"WebSite","@id":"https:\/\/agenciainfra.com\/blog\/#website","url":"https:\/\/agenciainfra.com\/blog\/","name":"Ag\u00eancia iNFRA","description":"Multiplataforma de informa\u00e7\u00e3o jornal\u00edstica refer\u00eancia na \u00e1rea de infraestrutura no Brasil!","publisher":{"@id":"https:\/\/agenciainfra.com\/blog\/#organization"},"potentialAction":[{"@type":"SearchAction","target":{"@type":"EntryPoint","urlTemplate":"https:\/\/agenciainfra.com\/blog\/?s={search_term_string}"},"query-input":{"@type":"PropertyValueSpecification","valueRequired":true,"valueName":"search_term_string"}}],"inLanguage":"pt-BR"},{"@type":"Organization","@id":"https:\/\/agenciainfra.com\/blog\/#organization","name":"Ag\u00eancia iNFRA","url":"https:\/\/agenciainfra.com\/blog\/","logo":{"@type":"ImageObject","inLanguage":"pt-BR","@id":"https:\/\/agenciainfra.com\/blog\/#\/schema\/logo\/image\/","url":"https:\/\/agenciainfra.com\/blog\/wp-content\/uploads\/2023\/09\/iNFRA_5-e1761735885940.png","contentUrl":"https:\/\/agenciainfra.com\/blog\/wp-content\/uploads\/2023\/09\/iNFRA_5-e1761735885940.png","width":1672,"height":454,"caption":"Ag\u00eancia iNFRA"},"image":{"@id":"https:\/\/agenciainfra.com\/blog\/#\/schema\/logo\/image\/"},"sameAs":["https:\/\/www.facebook.com\/ageninfra","https:\/\/x.com\/agencia_infra","https:\/\/www.linkedin.com\/company\/ag\u00eanciainfra\/","https:\/\/www.instagram.com\/agenciainfra\/"]},{"@type":"Person","@id":"https:\/\/agenciainfra.com\/blog\/#\/schema\/person\/34af08dff6adea4cb22b06612ba7acfa","name":"Ag\u00eancia iNFRA","image":{"@type":"ImageObject","inLanguage":"pt-BR","@id":"https:\/\/agenciainfra.com\/blog\/#\/schema\/person\/image\/","url":"https:\/\/secure.gravatar.com\/avatar\/d189e01678f06d8eb84d4e01f08eb848b3fffe3f8443818d3c356c66892f5be8?s=96&d=mm&r=g","contentUrl":"https:\/\/secure.gravatar.com\/avatar\/d189e01678f06d8eb84d4e01f08eb848b3fffe3f8443818d3c356c66892f5be8?s=96&d=mm&r=g","caption":"Ag\u00eancia iNFRA"},"url":"https:\/\/agenciainfra.com\/blog\/author\/admin\/"}]}},"_links":{"self":[{"href":"https:\/\/agenciainfra.com\/blog\/wp-json\/wp\/v2\/posts\/37640","targetHints":{"allow":["GET"]}}],"collection":[{"href":"https:\/\/agenciainfra.com\/blog\/wp-json\/wp\/v2\/posts"}],"about":[{"href":"https:\/\/agenciainfra.com\/blog\/wp-json\/wp\/v2\/types\/post"}],"author":[{"embeddable":true,"href":"https:\/\/agenciainfra.com\/blog\/wp-json\/wp\/v2\/users\/1"}],"replies":[{"embeddable":true,"href":"https:\/\/agenciainfra.com\/blog\/wp-json\/wp\/v2\/comments?post=37640"}],"version-history":[{"count":1,"href":"https:\/\/agenciainfra.com\/blog\/wp-json\/wp\/v2\/posts\/37640\/revisions"}],"predecessor-version":[{"id":37641,"href":"https:\/\/agenciainfra.com\/blog\/wp-json\/wp\/v2\/posts\/37640\/revisions\/37641"}],"wp:featuredmedia":[{"embeddable":true,"href":"https:\/\/agenciainfra.com\/blog\/wp-json\/wp\/v2\/media\/27331"}],"wp:attachment":[{"href":"https:\/\/agenciainfra.com\/blog\/wp-json\/wp\/v2\/media?parent=37640"}],"wp:term":[{"taxonomy":"category","embeddable":true,"href":"https:\/\/agenciainfra.com\/blog\/wp-json\/wp\/v2\/categories?post=37640"},{"taxonomy":"post_tag","embeddable":true,"href":"https:\/\/agenciainfra.com\/blog\/wp-json\/wp\/v2\/tags?post=37640"}],"curies":[{"name":"wp","href":"https:\/\/api.w.org\/{rel}","templated":true}]}}