{"id":37646,"date":"2026-03-11T15:27:28","date_gmt":"2026-03-11T18:27:28","guid":{"rendered":"https:\/\/agenciainfra.com\/blog\/?p=37646"},"modified":"2026-03-11T15:27:30","modified_gmt":"2026-03-11T18:27:30","slug":"congresso-prorroga-por-60-dias-mp-que-altera-regras-da-cnh","status":"publish","type":"post","link":"https:\/\/agenciainfra.com\/blog\/congresso-prorroga-por-60-dias-mp-que-altera-regras-da-cnh\/","title":{"rendered":"Congresso prorroga por 60 dias MP que altera regras da CNH"},"content":{"rendered":"\n<p class=\"has-text-align-right\"><strong>da Ag\u00eancia iNFRA<\/strong><\/p>\n\n\n\n<p>O presidente do Congresso Nacional do Brasil, Davi Alcolumbre, prorrogou por mais 60 dias a vig\u00eancia da <a href=\"https:\/\/www2.camara.leg.br\/legin\/fed\/medpro\/2025\/medidaprovisoria-1327-9-dezembro-2025-798458-publicacaooriginal-177327-pe.html\">MP (Medida Provis\u00f3ria) 1.327<\/a> de 2025, que altera dispositivos do C\u00f3digo de Tr\u00e2nsito Brasileiro para a obten\u00e7\u00e3o e renova\u00e7\u00e3o da CNH (Carteira Nacional de Habilita\u00e7\u00e3o). O ato foi publicado no Di\u00e1rio Oficial da Uni\u00e3o desta quarta-feira (11).<\/p>\n\n\n\n<p>O texto mant\u00e9m a exig\u00eancia de exames de aptid\u00e3o f\u00edsica, mental e avalia\u00e7\u00e3o psicol\u00f3gica para candidatos \u00e0 primeira habilita\u00e7\u00e3o e para motoristas que pretendam exercer atividade remunerada ao volante.<\/p>\n\n\n\n<p>A medida tamb\u00e9m estabelece prazos de validade da CNH de at\u00e9 10 anos para condutores com menos de 50 anos, cinco anos para motoristas entre 50 e 69 anos e tr\u00eas anos para aqueles com 70 anos ou mais. Al\u00e9m disso, permite que a carteira seja emitida em formato f\u00edsico ou digital e determina que o documento tenha f\u00e9 p\u00fablica e equivalha a documento de identidade em todo o territ\u00f3rio nacional.<\/p>\n\n\n\n<p>Outro dispositivo prev\u00ea a possibilidade de renova\u00e7\u00e3o autom\u00e1tica da habilita\u00e7\u00e3o para motoristas cadastrados em sistema espec\u00edfico do registro nacional de condutores, com exce\u00e7\u00f5es para idosos ou para casos em que haja recomenda\u00e7\u00e3o m\u00e9dica para reduzir o prazo de validade dos exames.<\/p>\n\n\n\n<p>Com a prorroga\u00e7\u00e3o, o Congresso ganha mais tempo para analisar a medida provis\u00f3ria antes que ela perca a validade.<\/p>\n","protected":false},"excerpt":{"rendered":"<p>da Ag\u00eancia iNFRA O presidente do Congresso Nacional do Brasil, Davi Alcolumbre, prorrogou por mais 60 dias a vig\u00eancia da MP (Medida Provis\u00f3ria) 1.327 de 2025, que altera dispositivos do C\u00f3digo de Tr\u00e2nsito Brasileiro para a obten\u00e7\u00e3o e renova\u00e7\u00e3o da CNH (Carteira Nacional de Habilita\u00e7\u00e3o). O ato foi publicado no Di\u00e1rio Oficial da Uni\u00e3o desta [&hellip;]<\/p>\n","protected":false},"author":1,"featured_media":33083,"comment_status":"closed","ping_status":"closed","sticky":false,"template":"","format":"standard","meta":{"_monsterinsights_skip_tracking":false,"_monsterinsights_sitenote_active":false,"_monsterinsights_sitenote_note":"","_monsterinsights_sitenote_category":0,"footnotes":""},"categories":[13576],"tags":[1822,1582,26,18888,18889],"class_list":["post-37646","post","type-post","status-publish","format-standard","has-post-thumbnail","hentry","category-giro-infra","tag-cnh","tag-codigo-de-transito-brasileiro","tag-congresso","tag-medida-provisoria-1-327","tag-motoristas-habilitados"],"yoast_head":"<!-- This site is optimized with the Yoast SEO Premium plugin v25.4 (Yoast SEO v26.0) - https:\/\/yoast.com\/wordpress\/plugins\/seo\/ -->\n<title>Congresso prorroga por 60 dias MP que altera regras da CNH - Ag\u00eancia iNFRA<\/title>\n<meta name=\"robots\" content=\"index, follow, max-snippet:-1, max-image-preview:large, max-video-preview:-1\" \/>\n<link rel=\"canonical\" href=\"https:\/\/agenciainfra.com\/blog\/congresso-prorroga-por-60-dias-mp-que-altera-regras-da-cnh\/\" \/>\n<meta property=\"og:locale\" content=\"pt_BR\" \/>\n<meta property=\"og:type\" content=\"article\" \/>\n<meta property=\"og:title\" content=\"Congresso prorroga por 60 dias MP que altera regras da CNH\" \/>\n<meta property=\"og:description\" content=\"da Ag\u00eancia iNFRA O presidente do Congresso Nacional do Brasil, Davi Alcolumbre, prorrogou por mais 60 dias a vig\u00eancia da MP (Medida Provis\u00f3ria) 1.327 de 2025, que altera dispositivos do C\u00f3digo de Tr\u00e2nsito Brasileiro para a obten\u00e7\u00e3o e renova\u00e7\u00e3o da CNH (Carteira Nacional de Habilita\u00e7\u00e3o). O ato foi publicado no Di\u00e1rio Oficial da Uni\u00e3o desta [&hellip;]\" \/>\n<meta property=\"og:url\" content=\"https:\/\/agenciainfra.com\/blog\/congresso-prorroga-por-60-dias-mp-que-altera-regras-da-cnh\/\" \/>\n<meta property=\"og:site_name\" content=\"Ag\u00eancia iNFRA\" \/>\n<meta property=\"article:publisher\" content=\"https:\/\/www.facebook.com\/ageninfra\" \/>\n<meta property=\"article:published_time\" content=\"2026-03-11T18:27:28+00:00\" \/>\n<meta property=\"article:modified_time\" content=\"2026-03-11T18:27:30+00:00\" \/>\n<meta property=\"og:image\" content=\"https:\/\/agenciainfra.com\/blog\/wp-content\/uploads\/2025\/12\/cnh_digital-foto-agencia-brasil.jpg\" \/>\n\t<meta property=\"og:image:width\" content=\"1280\" \/>\n\t<meta property=\"og:image:height\" content=\"766\" \/>\n\t<meta property=\"og:image:type\" content=\"image\/jpeg\" \/>\n<meta name=\"author\" content=\"Ag\u00eancia iNFRA\" \/>\n<meta name=\"twitter:card\" content=\"summary_large_image\" \/>\n<meta name=\"twitter:creator\" content=\"@agencia_infra\" \/>\n<meta name=\"twitter:site\" content=\"@agencia_infra\" \/>\n<meta name=\"twitter:label1\" content=\"Escrito por\" \/>\n\t<meta name=\"twitter:data1\" content=\"Ag\u00eancia iNFRA\" \/>\n\t<meta name=\"twitter:label2\" content=\"Est. tempo de leitura\" \/>\n\t<meta name=\"twitter:data2\" content=\"1 minuto\" \/>\n<script type=\"application\/ld+json\" class=\"yoast-schema-graph\">{\"@context\":\"https:\/\/schema.org\",\"@graph\":[{\"@type\":\"Article\",\"@id\":\"https:\/\/agenciainfra.com\/blog\/congresso-prorroga-por-60-dias-mp-que-altera-regras-da-cnh\/#article\",\"isPartOf\":{\"@id\":\"https:\/\/agenciainfra.com\/blog\/congresso-prorroga-por-60-dias-mp-que-altera-regras-da-cnh\/\"},\"author\":{\"name\":\"Ag\u00eancia iNFRA\",\"@id\":\"https:\/\/agenciainfra.com\/blog\/#\/schema\/person\/34af08dff6adea4cb22b06612ba7acfa\"},\"headline\":\"Congresso prorroga por 60 dias MP que altera regras da CNH\",\"datePublished\":\"2026-03-11T18:27:28+00:00\",\"dateModified\":\"2026-03-11T18:27:30+00:00\",\"mainEntityOfPage\":{\"@id\":\"https:\/\/agenciainfra.com\/blog\/congresso-prorroga-por-60-dias-mp-que-altera-regras-da-cnh\/\"},\"wordCount\":249,\"publisher\":{\"@id\":\"https:\/\/agenciainfra.com\/blog\/#organization\"},\"image\":{\"@id\":\"https:\/\/agenciainfra.com\/blog\/congresso-prorroga-por-60-dias-mp-que-altera-regras-da-cnh\/#primaryimage\"},\"thumbnailUrl\":\"https:\/\/agenciainfra.com\/blog\/wp-content\/uploads\/2025\/12\/cnh_digital-foto-agencia-brasil.jpg\",\"keywords\":[\"CNH\",\"C\u00f3digo de Tr\u00e2nsito Brasileiro\",\"congresso\",\"Medida Provis\u00f3ria 1.327\",\"motoristas habilitados\"],\"articleSection\":[\"Giro iNFRA\"],\"inLanguage\":\"pt-BR\",\"copyrightYear\":\"2026\",\"copyrightHolder\":{\"@id\":\"https:\/\/agenciainfra.com\/blog\/#organization\"}},{\"@type\":\"WebPage\",\"@id\":\"https:\/\/agenciainfra.com\/blog\/congresso-prorroga-por-60-dias-mp-que-altera-regras-da-cnh\/\",\"url\":\"https:\/\/agenciainfra.com\/blog\/congresso-prorroga-por-60-dias-mp-que-altera-regras-da-cnh\/\",\"name\":\"Congresso prorroga por 60 dias MP que altera regras da CNH - Ag\u00eancia iNFRA\",\"isPartOf\":{\"@id\":\"https:\/\/agenciainfra.com\/blog\/#website\"},\"primaryImageOfPage\":{\"@id\":\"https:\/\/agenciainfra.com\/blog\/congresso-prorroga-por-60-dias-mp-que-altera-regras-da-cnh\/#primaryimage\"},\"image\":{\"@id\":\"https:\/\/agenciainfra.com\/blog\/congresso-prorroga-por-60-dias-mp-que-altera-regras-da-cnh\/#primaryimage\"},\"thumbnailUrl\":\"https:\/\/agenciainfra.com\/blog\/wp-content\/uploads\/2025\/12\/cnh_digital-foto-agencia-brasil.jpg\",\"datePublished\":\"2026-03-11T18:27:28+00:00\",\"dateModified\":\"2026-03-11T18:27:30+00:00\",\"breadcrumb\":{\"@id\":\"https:\/\/agenciainfra.com\/blog\/congresso-prorroga-por-60-dias-mp-que-altera-regras-da-cnh\/#breadcrumb\"},\"inLanguage\":\"pt-BR\",\"potentialAction\":[{\"@type\":\"ReadAction\",\"target\":[\"https:\/\/agenciainfra.com\/blog\/congresso-prorroga-por-60-dias-mp-que-altera-regras-da-cnh\/\"]}]},{\"@type\":\"ImageObject\",\"inLanguage\":\"pt-BR\",\"@id\":\"https:\/\/agenciainfra.com\/blog\/congresso-prorroga-por-60-dias-mp-que-altera-regras-da-cnh\/#primaryimage\",\"url\":\"https:\/\/agenciainfra.com\/blog\/wp-content\/uploads\/2025\/12\/cnh_digital-foto-agencia-brasil.jpg\",\"contentUrl\":\"https:\/\/agenciainfra.com\/blog\/wp-content\/uploads\/2025\/12\/cnh_digital-foto-agencia-brasil.jpg\",\"width\":1280,\"height\":766,\"caption\":\"Foto: Marcello Casal Jr\/Ag\u00eancia Brasil\"},{\"@type\":\"BreadcrumbList\",\"@id\":\"https:\/\/agenciainfra.com\/blog\/congresso-prorroga-por-60-dias-mp-que-altera-regras-da-cnh\/#breadcrumb\",\"itemListElement\":[{\"@type\":\"ListItem\",\"position\":1,\"name\":\"In\u00edcio\",\"item\":\"https:\/\/agenciainfra.com\/blog\/\"},{\"@type\":\"ListItem\",\"position\":2,\"name\":\"Congresso prorroga por 60 dias MP que altera regras da CNH\"}]},{\"@type\":\"WebSite\",\"@id\":\"https:\/\/agenciainfra.com\/blog\/#website\",\"url\":\"https:\/\/agenciainfra.com\/blog\/\",\"name\":\"Ag\u00eancia iNFRA\",\"description\":\"Multiplataforma de informa\u00e7\u00e3o jornal\u00edstica refer\u00eancia na \u00e1rea de infraestrutura no Brasil!\",\"publisher\":{\"@id\":\"https:\/\/agenciainfra.com\/blog\/#organization\"},\"potentialAction\":[{\"@type\":\"SearchAction\",\"target\":{\"@type\":\"EntryPoint\",\"urlTemplate\":\"https:\/\/agenciainfra.com\/blog\/?s={search_term_string}\"},\"query-input\":{\"@type\":\"PropertyValueSpecification\",\"valueRequired\":true,\"valueName\":\"search_term_string\"}}],\"inLanguage\":\"pt-BR\"},{\"@type\":\"Organization\",\"@id\":\"https:\/\/agenciainfra.com\/blog\/#organization\",\"name\":\"Ag\u00eancia iNFRA\",\"url\":\"https:\/\/agenciainfra.com\/blog\/\",\"logo\":{\"@type\":\"ImageObject\",\"inLanguage\":\"pt-BR\",\"@id\":\"https:\/\/agenciainfra.com\/blog\/#\/schema\/logo\/image\/\",\"url\":\"https:\/\/agenciainfra.com\/blog\/wp-content\/uploads\/2023\/09\/iNFRA_5-e1761735885940.png\",\"contentUrl\":\"https:\/\/agenciainfra.com\/blog\/wp-content\/uploads\/2023\/09\/iNFRA_5-e1761735885940.png\",\"width\":1672,\"height\":454,\"caption\":\"Ag\u00eancia iNFRA\"},\"image\":{\"@id\":\"https:\/\/agenciainfra.com\/blog\/#\/schema\/logo\/image\/\"},\"sameAs\":[\"https:\/\/www.facebook.com\/ageninfra\",\"https:\/\/x.com\/agencia_infra\",\"https:\/\/www.linkedin.com\/company\/ag\u00eanciainfra\/\",\"https:\/\/www.instagram.com\/agenciainfra\/\"]},{\"@type\":\"Person\",\"@id\":\"https:\/\/agenciainfra.com\/blog\/#\/schema\/person\/34af08dff6adea4cb22b06612ba7acfa\",\"name\":\"Ag\u00eancia iNFRA\",\"image\":{\"@type\":\"ImageObject\",\"inLanguage\":\"pt-BR\",\"@id\":\"https:\/\/agenciainfra.com\/blog\/#\/schema\/person\/image\/\",\"url\":\"https:\/\/secure.gravatar.com\/avatar\/d189e01678f06d8eb84d4e01f08eb848b3fffe3f8443818d3c356c66892f5be8?s=96&d=mm&r=g\",\"contentUrl\":\"https:\/\/secure.gravatar.com\/avatar\/d189e01678f06d8eb84d4e01f08eb848b3fffe3f8443818d3c356c66892f5be8?s=96&d=mm&r=g\",\"caption\":\"Ag\u00eancia iNFRA\"},\"url\":\"https:\/\/agenciainfra.com\/blog\/author\/admin\/\"}]}<\/script>\n<!-- \/ Yoast SEO Premium plugin. -->","yoast_head_json":{"title":"Congresso prorroga por 60 dias MP que altera regras da CNH - Ag\u00eancia iNFRA","robots":{"index":"index","follow":"follow","max-snippet":"max-snippet:-1","max-image-preview":"max-image-preview:large","max-video-preview":"max-video-preview:-1"},"canonical":"https:\/\/agenciainfra.com\/blog\/congresso-prorroga-por-60-dias-mp-que-altera-regras-da-cnh\/","og_locale":"pt_BR","og_type":"article","og_title":"Congresso prorroga por 60 dias MP que altera regras da CNH","og_description":"da Ag\u00eancia iNFRA O presidente do Congresso Nacional do Brasil, Davi Alcolumbre, prorrogou por mais 60 dias a vig\u00eancia da MP (Medida Provis\u00f3ria) 1.327 de 2025, que altera dispositivos do C\u00f3digo de Tr\u00e2nsito Brasileiro para a obten\u00e7\u00e3o e renova\u00e7\u00e3o da CNH (Carteira Nacional de Habilita\u00e7\u00e3o). O ato foi publicado no Di\u00e1rio Oficial da Uni\u00e3o desta [&hellip;]","og_url":"https:\/\/agenciainfra.com\/blog\/congresso-prorroga-por-60-dias-mp-que-altera-regras-da-cnh\/","og_site_name":"Ag\u00eancia iNFRA","article_publisher":"https:\/\/www.facebook.com\/ageninfra","article_published_time":"2026-03-11T18:27:28+00:00","article_modified_time":"2026-03-11T18:27:30+00:00","og_image":[{"width":1280,"height":766,"url":"https:\/\/agenciainfra.com\/blog\/wp-content\/uploads\/2025\/12\/cnh_digital-foto-agencia-brasil.jpg","type":"image\/jpeg"}],"author":"Ag\u00eancia iNFRA","twitter_card":"summary_large_image","twitter_creator":"@agencia_infra","twitter_site":"@agencia_infra","twitter_misc":{"Escrito por":"Ag\u00eancia iNFRA","Est. tempo de leitura":"1 minuto"},"schema":{"@context":"https:\/\/schema.org","@graph":[{"@type":"Article","@id":"https:\/\/agenciainfra.com\/blog\/congresso-prorroga-por-60-dias-mp-que-altera-regras-da-cnh\/#article","isPartOf":{"@id":"https:\/\/agenciainfra.com\/blog\/congresso-prorroga-por-60-dias-mp-que-altera-regras-da-cnh\/"},"author":{"name":"Ag\u00eancia iNFRA","@id":"https:\/\/agenciainfra.com\/blog\/#\/schema\/person\/34af08dff6adea4cb22b06612ba7acfa"},"headline":"Congresso prorroga por 60 dias MP que altera regras da CNH","datePublished":"2026-03-11T18:27:28+00:00","dateModified":"2026-03-11T18:27:30+00:00","mainEntityOfPage":{"@id":"https:\/\/agenciainfra.com\/blog\/congresso-prorroga-por-60-dias-mp-que-altera-regras-da-cnh\/"},"wordCount":249,"publisher":{"@id":"https:\/\/agenciainfra.com\/blog\/#organization"},"image":{"@id":"https:\/\/agenciainfra.com\/blog\/congresso-prorroga-por-60-dias-mp-que-altera-regras-da-cnh\/#primaryimage"},"thumbnailUrl":"https:\/\/agenciainfra.com\/blog\/wp-content\/uploads\/2025\/12\/cnh_digital-foto-agencia-brasil.jpg","keywords":["CNH","C\u00f3digo de Tr\u00e2nsito Brasileiro","congresso","Medida Provis\u00f3ria 1.327","motoristas habilitados"],"articleSection":["Giro iNFRA"],"inLanguage":"pt-BR","copyrightYear":"2026","copyrightHolder":{"@id":"https:\/\/agenciainfra.com\/blog\/#organization"}},{"@type":"WebPage","@id":"https:\/\/agenciainfra.com\/blog\/congresso-prorroga-por-60-dias-mp-que-altera-regras-da-cnh\/","url":"https:\/\/agenciainfra.com\/blog\/congresso-prorroga-por-60-dias-mp-que-altera-regras-da-cnh\/","name":"Congresso prorroga por 60 dias MP que altera regras da CNH - Ag\u00eancia iNFRA","isPartOf":{"@id":"https:\/\/agenciainfra.com\/blog\/#website"},"primaryImageOfPage":{"@id":"https:\/\/agenciainfra.com\/blog\/congresso-prorroga-por-60-dias-mp-que-altera-regras-da-cnh\/#primaryimage"},"image":{"@id":"https:\/\/agenciainfra.com\/blog\/congresso-prorroga-por-60-dias-mp-que-altera-regras-da-cnh\/#primaryimage"},"thumbnailUrl":"https:\/\/agenciainfra.com\/blog\/wp-content\/uploads\/2025\/12\/cnh_digital-foto-agencia-brasil.jpg","datePublished":"2026-03-11T18:27:28+00:00","dateModified":"2026-03-11T18:27:30+00:00","breadcrumb":{"@id":"https:\/\/agenciainfra.com\/blog\/congresso-prorroga-por-60-dias-mp-que-altera-regras-da-cnh\/#breadcrumb"},"inLanguage":"pt-BR","potentialAction":[{"@type":"ReadAction","target":["https:\/\/agenciainfra.com\/blog\/congresso-prorroga-por-60-dias-mp-que-altera-regras-da-cnh\/"]}]},{"@type":"ImageObject","inLanguage":"pt-BR","@id":"https:\/\/agenciainfra.com\/blog\/congresso-prorroga-por-60-dias-mp-que-altera-regras-da-cnh\/#primaryimage","url":"https:\/\/agenciainfra.com\/blog\/wp-content\/uploads\/2025\/12\/cnh_digital-foto-agencia-brasil.jpg","contentUrl":"https:\/\/agenciainfra.com\/blog\/wp-content\/uploads\/2025\/12\/cnh_digital-foto-agencia-brasil.jpg","width":1280,"height":766,"caption":"Foto: Marcello Casal Jr\/Ag\u00eancia Brasil"},{"@type":"BreadcrumbList","@id":"https:\/\/agenciainfra.com\/blog\/congresso-prorroga-por-60-dias-mp-que-altera-regras-da-cnh\/#breadcrumb","itemListElement":[{"@type":"ListItem","position":1,"name":"In\u00edcio","item":"https:\/\/agenciainfra.com\/blog\/"},{"@type":"ListItem","position":2,"name":"Congresso prorroga por 60 dias MP que altera regras da CNH"}]},{"@type":"WebSite","@id":"https:\/\/agenciainfra.com\/blog\/#website","url":"https:\/\/agenciainfra.com\/blog\/","name":"Ag\u00eancia iNFRA","description":"Multiplataforma de informa\u00e7\u00e3o jornal\u00edstica refer\u00eancia na \u00e1rea de infraestrutura no Brasil!","publisher":{"@id":"https:\/\/agenciainfra.com\/blog\/#organization"},"potentialAction":[{"@type":"SearchAction","target":{"@type":"EntryPoint","urlTemplate":"https:\/\/agenciainfra.com\/blog\/?s={search_term_string}"},"query-input":{"@type":"PropertyValueSpecification","valueRequired":true,"valueName":"search_term_string"}}],"inLanguage":"pt-BR"},{"@type":"Organization","@id":"https:\/\/agenciainfra.com\/blog\/#organization","name":"Ag\u00eancia iNFRA","url":"https:\/\/agenciainfra.com\/blog\/","logo":{"@type":"ImageObject","inLanguage":"pt-BR","@id":"https:\/\/agenciainfra.com\/blog\/#\/schema\/logo\/image\/","url":"https:\/\/agenciainfra.com\/blog\/wp-content\/uploads\/2023\/09\/iNFRA_5-e1761735885940.png","contentUrl":"https:\/\/agenciainfra.com\/blog\/wp-content\/uploads\/2023\/09\/iNFRA_5-e1761735885940.png","width":1672,"height":454,"caption":"Ag\u00eancia iNFRA"},"image":{"@id":"https:\/\/agenciainfra.com\/blog\/#\/schema\/logo\/image\/"},"sameAs":["https:\/\/www.facebook.com\/ageninfra","https:\/\/x.com\/agencia_infra","https:\/\/www.linkedin.com\/company\/ag\u00eanciainfra\/","https:\/\/www.instagram.com\/agenciainfra\/"]},{"@type":"Person","@id":"https:\/\/agenciainfra.com\/blog\/#\/schema\/person\/34af08dff6adea4cb22b06612ba7acfa","name":"Ag\u00eancia iNFRA","image":{"@type":"ImageObject","inLanguage":"pt-BR","@id":"https:\/\/agenciainfra.com\/blog\/#\/schema\/person\/image\/","url":"https:\/\/secure.gravatar.com\/avatar\/d189e01678f06d8eb84d4e01f08eb848b3fffe3f8443818d3c356c66892f5be8?s=96&d=mm&r=g","contentUrl":"https:\/\/secure.gravatar.com\/avatar\/d189e01678f06d8eb84d4e01f08eb848b3fffe3f8443818d3c356c66892f5be8?s=96&d=mm&r=g","caption":"Ag\u00eancia iNFRA"},"url":"https:\/\/agenciainfra.com\/blog\/author\/admin\/"}]}},"_links":{"self":[{"href":"https:\/\/agenciainfra.com\/blog\/wp-json\/wp\/v2\/posts\/37646","targetHints":{"allow":["GET"]}}],"collection":[{"href":"https:\/\/agenciainfra.com\/blog\/wp-json\/wp\/v2\/posts"}],"about":[{"href":"https:\/\/agenciainfra.com\/blog\/wp-json\/wp\/v2\/types\/post"}],"author":[{"embeddable":true,"href":"https:\/\/agenciainfra.com\/blog\/wp-json\/wp\/v2\/users\/1"}],"replies":[{"embeddable":true,"href":"https:\/\/agenciainfra.com\/blog\/wp-json\/wp\/v2\/comments?post=37646"}],"version-history":[{"count":1,"href":"https:\/\/agenciainfra.com\/blog\/wp-json\/wp\/v2\/posts\/37646\/revisions"}],"predecessor-version":[{"id":37647,"href":"https:\/\/agenciainfra.com\/blog\/wp-json\/wp\/v2\/posts\/37646\/revisions\/37647"}],"wp:featuredmedia":[{"embeddable":true,"href":"https:\/\/agenciainfra.com\/blog\/wp-json\/wp\/v2\/media\/33083"}],"wp:attachment":[{"href":"https:\/\/agenciainfra.com\/blog\/wp-json\/wp\/v2\/media?parent=37646"}],"wp:term":[{"taxonomy":"category","embeddable":true,"href":"https:\/\/agenciainfra.com\/blog\/wp-json\/wp\/v2\/categories?post=37646"},{"taxonomy":"post_tag","embeddable":true,"href":"https:\/\/agenciainfra.com\/blog\/wp-json\/wp\/v2\/tags?post=37646"}],"curies":[{"name":"wp","href":"https:\/\/api.w.org\/{rel}","templated":true}]}}