{"id":37648,"date":"2026-03-11T15:50:30","date_gmt":"2026-03-11T18:50:30","guid":{"rendered":"https:\/\/agenciainfra.com\/blog\/?p=37648"},"modified":"2026-03-11T15:50:32","modified_gmt":"2026-03-11T18:50:32","slug":"antt-inicia-integracao-para-verificar-seguros-no-transporte-de-cargas","status":"publish","type":"post","link":"https:\/\/agenciainfra.com\/blog\/antt-inicia-integracao-para-verificar-seguros-no-transporte-de-cargas\/","title":{"rendered":"ANTT inicia integra\u00e7\u00e3o para verificar seguros no transporte de cargas"},"content":{"rendered":"\n<p class=\"has-text-align-right\"><strong>da Ag\u00eancia iNFRA<\/strong><\/p>\n\n\n\n<p>A ANTT (Ag\u00eancia Nacional de Transportes Terrestres) iniciou o processo de integra\u00e7\u00e3o nacional para verifica\u00e7\u00e3o autom\u00e1tica dos seguros obrigat\u00f3rios no transporte rodovi\u00e1rio de cargas. O per\u00edodo de homologa\u00e7\u00e3o do sistema come\u00e7ou nesta ter\u00e7a-feira (10) e seguir\u00e1 at\u00e9 30 de junho de 2026.<\/p>\n\n\n\n<p>A medida implementa dispositivos da Lei 14.599 de 2023, que tornou obrigat\u00f3ria a contrata\u00e7\u00e3o de tr\u00eas seguros pelos transportadores: RCTR-C (Responsabilidade Civil do Transportador Rodovi\u00e1rio de Carga), RC-DC (Responsabilidade Civil por Desaparecimento de Carga) e RC-V (Responsabilidade Civil de Ve\u00edculo).<\/p>\n\n\n\n<p>Durante a fase de homologa\u00e7\u00e3o, seguradoras poder\u00e3o testar a integra\u00e7\u00e3o de dados com o sistema do RNTRC (Registro Nacional de Transportadores Rodovi\u00e1rios de Cargas), por meio de webservice que permitir\u00e1 o envio autom\u00e1tico das informa\u00e7\u00f5es sobre as ap\u00f3lices contratadas.<\/p>\n\n\n\n<p>Segundo a ANTT, a implementa\u00e7\u00e3o est\u00e1 sendo conduzida em conjunto com a Susep (Superintend\u00eancia de Seguros Privados), respons\u00e1vel por adequa\u00e7\u00f5es regulat\u00f3rias para viabilizar o novo modelo.<\/p>\n\n\n\n<p>A partir de 1\u00ba de julho de 2026, o sistema passar\u00e1 a operar plenamente, com verifica\u00e7\u00e3o autom\u00e1tica da contrata\u00e7\u00e3o dos seguros obrigat\u00f3rios. A comprova\u00e7\u00e3o passar\u00e1 a ser exigida para a inscri\u00e7\u00e3o e para a manuten\u00e7\u00e3o do registro de transportadores no RNTRC.<\/p>\n\n\n\n<p><\/p>\n","protected":false},"excerpt":{"rendered":"<p>da Ag\u00eancia iNFRA A ANTT (Ag\u00eancia Nacional de Transportes Terrestres) iniciou o processo de integra\u00e7\u00e3o nacional para verifica\u00e7\u00e3o autom\u00e1tica dos seguros obrigat\u00f3rios no transporte rodovi\u00e1rio de cargas. O per\u00edodo de homologa\u00e7\u00e3o do sistema come\u00e7ou nesta ter\u00e7a-feira (10) e seguir\u00e1 at\u00e9 30 de junho de 2026. A medida implementa dispositivos da Lei 14.599 de 2023, que [&hellip;]<\/p>\n","protected":false},"author":1,"featured_media":5722,"comment_status":"closed","ping_status":"closed","sticky":false,"template":"","format":"standard","meta":{"_monsterinsights_skip_tracking":false,"_monsterinsights_sitenote_active":false,"_monsterinsights_sitenote_note":"","_monsterinsights_sitenote_category":0,"footnotes":""},"categories":[13576],"tags":[19,18890,1563,3517,4009,1059],"class_list":["post-37648","post","type-post","status-publish","format-standard","has-post-thumbnail","hentry","category-giro-infra","tag-antt","tag-lei-14-599","tag-rntrc","tag-seguros-obrigatorios","tag-susep","tag-transporte-de-cargas"],"yoast_head":"<!-- This site is optimized with the Yoast SEO Premium plugin v25.4 (Yoast SEO v26.0) - https:\/\/yoast.com\/wordpress\/plugins\/seo\/ -->\n<title>ANTT inicia integra\u00e7\u00e3o para verificar seguros no transporte de cargas - Ag\u00eancia iNFRA<\/title>\n<meta name=\"robots\" content=\"index, follow, max-snippet:-1, max-image-preview:large, max-video-preview:-1\" \/>\n<link rel=\"canonical\" href=\"https:\/\/agenciainfra.com\/blog\/antt-inicia-integracao-para-verificar-seguros-no-transporte-de-cargas\/\" \/>\n<meta property=\"og:locale\" content=\"pt_BR\" \/>\n<meta property=\"og:type\" content=\"article\" \/>\n<meta property=\"og:title\" content=\"ANTT inicia integra\u00e7\u00e3o para verificar seguros no transporte de cargas\" \/>\n<meta property=\"og:description\" content=\"da Ag\u00eancia iNFRA A ANTT (Ag\u00eancia Nacional de Transportes Terrestres) iniciou o processo de integra\u00e7\u00e3o nacional para verifica\u00e7\u00e3o autom\u00e1tica dos seguros obrigat\u00f3rios no transporte rodovi\u00e1rio de cargas. O per\u00edodo de homologa\u00e7\u00e3o do sistema come\u00e7ou nesta ter\u00e7a-feira (10) e seguir\u00e1 at\u00e9 30 de junho de 2026. A medida implementa dispositivos da Lei 14.599 de 2023, que [&hellip;]\" \/>\n<meta property=\"og:url\" content=\"https:\/\/agenciainfra.com\/blog\/antt-inicia-integracao-para-verificar-seguros-no-transporte-de-cargas\/\" \/>\n<meta property=\"og:site_name\" content=\"Ag\u00eancia iNFRA\" \/>\n<meta property=\"article:publisher\" content=\"https:\/\/www.facebook.com\/ageninfra\" \/>\n<meta property=\"article:published_time\" content=\"2026-03-11T18:50:30+00:00\" \/>\n<meta property=\"article:modified_time\" content=\"2026-03-11T18:50:32+00:00\" \/>\n<meta property=\"og:image\" content=\"https:\/\/agenciainfra.com\/blog\/wp-content\/uploads\/2020\/08\/caminhao-transporte-cargas-foto-antt.jpg\" \/>\n\t<meta property=\"og:image:width\" content=\"1280\" \/>\n\t<meta property=\"og:image:height\" content=\"1032\" \/>\n\t<meta property=\"og:image:type\" content=\"image\/jpeg\" \/>\n<meta name=\"author\" content=\"Ag\u00eancia iNFRA\" \/>\n<meta name=\"twitter:card\" content=\"summary_large_image\" \/>\n<meta name=\"twitter:creator\" content=\"@agencia_infra\" \/>\n<meta name=\"twitter:site\" content=\"@agencia_infra\" \/>\n<meta name=\"twitter:label1\" content=\"Escrito por\" \/>\n\t<meta name=\"twitter:data1\" content=\"Ag\u00eancia iNFRA\" \/>\n\t<meta name=\"twitter:label2\" content=\"Est. tempo de leitura\" \/>\n\t<meta name=\"twitter:data2\" content=\"1 minuto\" \/>\n<script type=\"application\/ld+json\" class=\"yoast-schema-graph\">{\"@context\":\"https:\/\/schema.org\",\"@graph\":[{\"@type\":\"Article\",\"@id\":\"https:\/\/agenciainfra.com\/blog\/antt-inicia-integracao-para-verificar-seguros-no-transporte-de-cargas\/#article\",\"isPartOf\":{\"@id\":\"https:\/\/agenciainfra.com\/blog\/antt-inicia-integracao-para-verificar-seguros-no-transporte-de-cargas\/\"},\"author\":{\"name\":\"Ag\u00eancia iNFRA\",\"@id\":\"https:\/\/agenciainfra.com\/blog\/#\/schema\/person\/34af08dff6adea4cb22b06612ba7acfa\"},\"headline\":\"ANTT inicia integra\u00e7\u00e3o para verificar seguros no transporte de cargas\",\"datePublished\":\"2026-03-11T18:50:30+00:00\",\"dateModified\":\"2026-03-11T18:50:32+00:00\",\"mainEntityOfPage\":{\"@id\":\"https:\/\/agenciainfra.com\/blog\/antt-inicia-integracao-para-verificar-seguros-no-transporte-de-cargas\/\"},\"wordCount\":230,\"publisher\":{\"@id\":\"https:\/\/agenciainfra.com\/blog\/#organization\"},\"image\":{\"@id\":\"https:\/\/agenciainfra.com\/blog\/antt-inicia-integracao-para-verificar-seguros-no-transporte-de-cargas\/#primaryimage\"},\"thumbnailUrl\":\"https:\/\/agenciainfra.com\/blog\/wp-content\/uploads\/2020\/08\/caminhao-transporte-cargas-foto-antt.jpg\",\"keywords\":[\"ANTT\",\"Lei 14.599\",\"RNTRC\",\"seguros obrigat\u00f3rios\",\"Susep\",\"transporte de cargas\"],\"articleSection\":[\"Giro iNFRA\"],\"inLanguage\":\"pt-BR\",\"copyrightYear\":\"2026\",\"copyrightHolder\":{\"@id\":\"https:\/\/agenciainfra.com\/blog\/#organization\"}},{\"@type\":\"WebPage\",\"@id\":\"https:\/\/agenciainfra.com\/blog\/antt-inicia-integracao-para-verificar-seguros-no-transporte-de-cargas\/\",\"url\":\"https:\/\/agenciainfra.com\/blog\/antt-inicia-integracao-para-verificar-seguros-no-transporte-de-cargas\/\",\"name\":\"ANTT inicia integra\u00e7\u00e3o para verificar seguros no transporte de cargas - Ag\u00eancia iNFRA\",\"isPartOf\":{\"@id\":\"https:\/\/agenciainfra.com\/blog\/#website\"},\"primaryImageOfPage\":{\"@id\":\"https:\/\/agenciainfra.com\/blog\/antt-inicia-integracao-para-verificar-seguros-no-transporte-de-cargas\/#primaryimage\"},\"image\":{\"@id\":\"https:\/\/agenciainfra.com\/blog\/antt-inicia-integracao-para-verificar-seguros-no-transporte-de-cargas\/#primaryimage\"},\"thumbnailUrl\":\"https:\/\/agenciainfra.com\/blog\/wp-content\/uploads\/2020\/08\/caminhao-transporte-cargas-foto-antt.jpg\",\"datePublished\":\"2026-03-11T18:50:30+00:00\",\"dateModified\":\"2026-03-11T18:50:32+00:00\",\"breadcrumb\":{\"@id\":\"https:\/\/agenciainfra.com\/blog\/antt-inicia-integracao-para-verificar-seguros-no-transporte-de-cargas\/#breadcrumb\"},\"inLanguage\":\"pt-BR\",\"potentialAction\":[{\"@type\":\"ReadAction\",\"target\":[\"https:\/\/agenciainfra.com\/blog\/antt-inicia-integracao-para-verificar-seguros-no-transporte-de-cargas\/\"]}]},{\"@type\":\"ImageObject\",\"inLanguage\":\"pt-BR\",\"@id\":\"https:\/\/agenciainfra.com\/blog\/antt-inicia-integracao-para-verificar-seguros-no-transporte-de-cargas\/#primaryimage\",\"url\":\"https:\/\/agenciainfra.com\/blog\/wp-content\/uploads\/2020\/08\/caminhao-transporte-cargas-foto-antt.jpg\",\"contentUrl\":\"https:\/\/agenciainfra.com\/blog\/wp-content\/uploads\/2020\/08\/caminhao-transporte-cargas-foto-antt.jpg\",\"width\":1280,\"height\":1032,\"caption\":\"Foto: ANTT\"},{\"@type\":\"BreadcrumbList\",\"@id\":\"https:\/\/agenciainfra.com\/blog\/antt-inicia-integracao-para-verificar-seguros-no-transporte-de-cargas\/#breadcrumb\",\"itemListElement\":[{\"@type\":\"ListItem\",\"position\":1,\"name\":\"In\u00edcio\",\"item\":\"https:\/\/agenciainfra.com\/blog\/\"},{\"@type\":\"ListItem\",\"position\":2,\"name\":\"ANTT inicia integra\u00e7\u00e3o para verificar seguros no transporte de cargas\"}]},{\"@type\":\"WebSite\",\"@id\":\"https:\/\/agenciainfra.com\/blog\/#website\",\"url\":\"https:\/\/agenciainfra.com\/blog\/\",\"name\":\"Ag\u00eancia iNFRA\",\"description\":\"Multiplataforma de informa\u00e7\u00e3o jornal\u00edstica refer\u00eancia na \u00e1rea de infraestrutura no Brasil!\",\"publisher\":{\"@id\":\"https:\/\/agenciainfra.com\/blog\/#organization\"},\"potentialAction\":[{\"@type\":\"SearchAction\",\"target\":{\"@type\":\"EntryPoint\",\"urlTemplate\":\"https:\/\/agenciainfra.com\/blog\/?s={search_term_string}\"},\"query-input\":{\"@type\":\"PropertyValueSpecification\",\"valueRequired\":true,\"valueName\":\"search_term_string\"}}],\"inLanguage\":\"pt-BR\"},{\"@type\":\"Organization\",\"@id\":\"https:\/\/agenciainfra.com\/blog\/#organization\",\"name\":\"Ag\u00eancia iNFRA\",\"url\":\"https:\/\/agenciainfra.com\/blog\/\",\"logo\":{\"@type\":\"ImageObject\",\"inLanguage\":\"pt-BR\",\"@id\":\"https:\/\/agenciainfra.com\/blog\/#\/schema\/logo\/image\/\",\"url\":\"https:\/\/agenciainfra.com\/blog\/wp-content\/uploads\/2023\/09\/iNFRA_5-e1761735885940.png\",\"contentUrl\":\"https:\/\/agenciainfra.com\/blog\/wp-content\/uploads\/2023\/09\/iNFRA_5-e1761735885940.png\",\"width\":1672,\"height\":454,\"caption\":\"Ag\u00eancia iNFRA\"},\"image\":{\"@id\":\"https:\/\/agenciainfra.com\/blog\/#\/schema\/logo\/image\/\"},\"sameAs\":[\"https:\/\/www.facebook.com\/ageninfra\",\"https:\/\/x.com\/agencia_infra\",\"https:\/\/www.linkedin.com\/company\/ag\u00eanciainfra\/\",\"https:\/\/www.instagram.com\/agenciainfra\/\"]},{\"@type\":\"Person\",\"@id\":\"https:\/\/agenciainfra.com\/blog\/#\/schema\/person\/34af08dff6adea4cb22b06612ba7acfa\",\"name\":\"Ag\u00eancia iNFRA\",\"image\":{\"@type\":\"ImageObject\",\"inLanguage\":\"pt-BR\",\"@id\":\"https:\/\/agenciainfra.com\/blog\/#\/schema\/person\/image\/\",\"url\":\"https:\/\/secure.gravatar.com\/avatar\/d189e01678f06d8eb84d4e01f08eb848b3fffe3f8443818d3c356c66892f5be8?s=96&d=mm&r=g\",\"contentUrl\":\"https:\/\/secure.gravatar.com\/avatar\/d189e01678f06d8eb84d4e01f08eb848b3fffe3f8443818d3c356c66892f5be8?s=96&d=mm&r=g\",\"caption\":\"Ag\u00eancia iNFRA\"},\"url\":\"https:\/\/agenciainfra.com\/blog\/author\/admin\/\"}]}<\/script>\n<!-- \/ Yoast SEO Premium plugin. -->","yoast_head_json":{"title":"ANTT inicia integra\u00e7\u00e3o para verificar seguros no transporte de cargas - Ag\u00eancia iNFRA","robots":{"index":"index","follow":"follow","max-snippet":"max-snippet:-1","max-image-preview":"max-image-preview:large","max-video-preview":"max-video-preview:-1"},"canonical":"https:\/\/agenciainfra.com\/blog\/antt-inicia-integracao-para-verificar-seguros-no-transporte-de-cargas\/","og_locale":"pt_BR","og_type":"article","og_title":"ANTT inicia integra\u00e7\u00e3o para verificar seguros no transporte de cargas","og_description":"da Ag\u00eancia iNFRA A ANTT (Ag\u00eancia Nacional de Transportes Terrestres) iniciou o processo de integra\u00e7\u00e3o nacional para verifica\u00e7\u00e3o autom\u00e1tica dos seguros obrigat\u00f3rios no transporte rodovi\u00e1rio de cargas. O per\u00edodo de homologa\u00e7\u00e3o do sistema come\u00e7ou nesta ter\u00e7a-feira (10) e seguir\u00e1 at\u00e9 30 de junho de 2026. A medida implementa dispositivos da Lei 14.599 de 2023, que [&hellip;]","og_url":"https:\/\/agenciainfra.com\/blog\/antt-inicia-integracao-para-verificar-seguros-no-transporte-de-cargas\/","og_site_name":"Ag\u00eancia iNFRA","article_publisher":"https:\/\/www.facebook.com\/ageninfra","article_published_time":"2026-03-11T18:50:30+00:00","article_modified_time":"2026-03-11T18:50:32+00:00","og_image":[{"width":1280,"height":1032,"url":"https:\/\/agenciainfra.com\/blog\/wp-content\/uploads\/2020\/08\/caminhao-transporte-cargas-foto-antt.jpg","type":"image\/jpeg"}],"author":"Ag\u00eancia iNFRA","twitter_card":"summary_large_image","twitter_creator":"@agencia_infra","twitter_site":"@agencia_infra","twitter_misc":{"Escrito por":"Ag\u00eancia iNFRA","Est. tempo de leitura":"1 minuto"},"schema":{"@context":"https:\/\/schema.org","@graph":[{"@type":"Article","@id":"https:\/\/agenciainfra.com\/blog\/antt-inicia-integracao-para-verificar-seguros-no-transporte-de-cargas\/#article","isPartOf":{"@id":"https:\/\/agenciainfra.com\/blog\/antt-inicia-integracao-para-verificar-seguros-no-transporte-de-cargas\/"},"author":{"name":"Ag\u00eancia iNFRA","@id":"https:\/\/agenciainfra.com\/blog\/#\/schema\/person\/34af08dff6adea4cb22b06612ba7acfa"},"headline":"ANTT inicia integra\u00e7\u00e3o para verificar seguros no transporte de cargas","datePublished":"2026-03-11T18:50:30+00:00","dateModified":"2026-03-11T18:50:32+00:00","mainEntityOfPage":{"@id":"https:\/\/agenciainfra.com\/blog\/antt-inicia-integracao-para-verificar-seguros-no-transporte-de-cargas\/"},"wordCount":230,"publisher":{"@id":"https:\/\/agenciainfra.com\/blog\/#organization"},"image":{"@id":"https:\/\/agenciainfra.com\/blog\/antt-inicia-integracao-para-verificar-seguros-no-transporte-de-cargas\/#primaryimage"},"thumbnailUrl":"https:\/\/agenciainfra.com\/blog\/wp-content\/uploads\/2020\/08\/caminhao-transporte-cargas-foto-antt.jpg","keywords":["ANTT","Lei 14.599","RNTRC","seguros obrigat\u00f3rios","Susep","transporte de cargas"],"articleSection":["Giro iNFRA"],"inLanguage":"pt-BR","copyrightYear":"2026","copyrightHolder":{"@id":"https:\/\/agenciainfra.com\/blog\/#organization"}},{"@type":"WebPage","@id":"https:\/\/agenciainfra.com\/blog\/antt-inicia-integracao-para-verificar-seguros-no-transporte-de-cargas\/","url":"https:\/\/agenciainfra.com\/blog\/antt-inicia-integracao-para-verificar-seguros-no-transporte-de-cargas\/","name":"ANTT inicia integra\u00e7\u00e3o para verificar seguros no transporte de cargas - Ag\u00eancia iNFRA","isPartOf":{"@id":"https:\/\/agenciainfra.com\/blog\/#website"},"primaryImageOfPage":{"@id":"https:\/\/agenciainfra.com\/blog\/antt-inicia-integracao-para-verificar-seguros-no-transporte-de-cargas\/#primaryimage"},"image":{"@id":"https:\/\/agenciainfra.com\/blog\/antt-inicia-integracao-para-verificar-seguros-no-transporte-de-cargas\/#primaryimage"},"thumbnailUrl":"https:\/\/agenciainfra.com\/blog\/wp-content\/uploads\/2020\/08\/caminhao-transporte-cargas-foto-antt.jpg","datePublished":"2026-03-11T18:50:30+00:00","dateModified":"2026-03-11T18:50:32+00:00","breadcrumb":{"@id":"https:\/\/agenciainfra.com\/blog\/antt-inicia-integracao-para-verificar-seguros-no-transporte-de-cargas\/#breadcrumb"},"inLanguage":"pt-BR","potentialAction":[{"@type":"ReadAction","target":["https:\/\/agenciainfra.com\/blog\/antt-inicia-integracao-para-verificar-seguros-no-transporte-de-cargas\/"]}]},{"@type":"ImageObject","inLanguage":"pt-BR","@id":"https:\/\/agenciainfra.com\/blog\/antt-inicia-integracao-para-verificar-seguros-no-transporte-de-cargas\/#primaryimage","url":"https:\/\/agenciainfra.com\/blog\/wp-content\/uploads\/2020\/08\/caminhao-transporte-cargas-foto-antt.jpg","contentUrl":"https:\/\/agenciainfra.com\/blog\/wp-content\/uploads\/2020\/08\/caminhao-transporte-cargas-foto-antt.jpg","width":1280,"height":1032,"caption":"Foto: ANTT"},{"@type":"BreadcrumbList","@id":"https:\/\/agenciainfra.com\/blog\/antt-inicia-integracao-para-verificar-seguros-no-transporte-de-cargas\/#breadcrumb","itemListElement":[{"@type":"ListItem","position":1,"name":"In\u00edcio","item":"https:\/\/agenciainfra.com\/blog\/"},{"@type":"ListItem","position":2,"name":"ANTT inicia integra\u00e7\u00e3o para verificar seguros no transporte de cargas"}]},{"@type":"WebSite","@id":"https:\/\/agenciainfra.com\/blog\/#website","url":"https:\/\/agenciainfra.com\/blog\/","name":"Ag\u00eancia iNFRA","description":"Multiplataforma de informa\u00e7\u00e3o jornal\u00edstica refer\u00eancia na \u00e1rea de infraestrutura no Brasil!","publisher":{"@id":"https:\/\/agenciainfra.com\/blog\/#organization"},"potentialAction":[{"@type":"SearchAction","target":{"@type":"EntryPoint","urlTemplate":"https:\/\/agenciainfra.com\/blog\/?s={search_term_string}"},"query-input":{"@type":"PropertyValueSpecification","valueRequired":true,"valueName":"search_term_string"}}],"inLanguage":"pt-BR"},{"@type":"Organization","@id":"https:\/\/agenciainfra.com\/blog\/#organization","name":"Ag\u00eancia iNFRA","url":"https:\/\/agenciainfra.com\/blog\/","logo":{"@type":"ImageObject","inLanguage":"pt-BR","@id":"https:\/\/agenciainfra.com\/blog\/#\/schema\/logo\/image\/","url":"https:\/\/agenciainfra.com\/blog\/wp-content\/uploads\/2023\/09\/iNFRA_5-e1761735885940.png","contentUrl":"https:\/\/agenciainfra.com\/blog\/wp-content\/uploads\/2023\/09\/iNFRA_5-e1761735885940.png","width":1672,"height":454,"caption":"Ag\u00eancia iNFRA"},"image":{"@id":"https:\/\/agenciainfra.com\/blog\/#\/schema\/logo\/image\/"},"sameAs":["https:\/\/www.facebook.com\/ageninfra","https:\/\/x.com\/agencia_infra","https:\/\/www.linkedin.com\/company\/ag\u00eanciainfra\/","https:\/\/www.instagram.com\/agenciainfra\/"]},{"@type":"Person","@id":"https:\/\/agenciainfra.com\/blog\/#\/schema\/person\/34af08dff6adea4cb22b06612ba7acfa","name":"Ag\u00eancia iNFRA","image":{"@type":"ImageObject","inLanguage":"pt-BR","@id":"https:\/\/agenciainfra.com\/blog\/#\/schema\/person\/image\/","url":"https:\/\/secure.gravatar.com\/avatar\/d189e01678f06d8eb84d4e01f08eb848b3fffe3f8443818d3c356c66892f5be8?s=96&d=mm&r=g","contentUrl":"https:\/\/secure.gravatar.com\/avatar\/d189e01678f06d8eb84d4e01f08eb848b3fffe3f8443818d3c356c66892f5be8?s=96&d=mm&r=g","caption":"Ag\u00eancia iNFRA"},"url":"https:\/\/agenciainfra.com\/blog\/author\/admin\/"}]}},"_links":{"self":[{"href":"https:\/\/agenciainfra.com\/blog\/wp-json\/wp\/v2\/posts\/37648","targetHints":{"allow":["GET"]}}],"collection":[{"href":"https:\/\/agenciainfra.com\/blog\/wp-json\/wp\/v2\/posts"}],"about":[{"href":"https:\/\/agenciainfra.com\/blog\/wp-json\/wp\/v2\/types\/post"}],"author":[{"embeddable":true,"href":"https:\/\/agenciainfra.com\/blog\/wp-json\/wp\/v2\/users\/1"}],"replies":[{"embeddable":true,"href":"https:\/\/agenciainfra.com\/blog\/wp-json\/wp\/v2\/comments?post=37648"}],"version-history":[{"count":1,"href":"https:\/\/agenciainfra.com\/blog\/wp-json\/wp\/v2\/posts\/37648\/revisions"}],"predecessor-version":[{"id":37649,"href":"https:\/\/agenciainfra.com\/blog\/wp-json\/wp\/v2\/posts\/37648\/revisions\/37649"}],"wp:featuredmedia":[{"embeddable":true,"href":"https:\/\/agenciainfra.com\/blog\/wp-json\/wp\/v2\/media\/5722"}],"wp:attachment":[{"href":"https:\/\/agenciainfra.com\/blog\/wp-json\/wp\/v2\/media?parent=37648"}],"wp:term":[{"taxonomy":"category","embeddable":true,"href":"https:\/\/agenciainfra.com\/blog\/wp-json\/wp\/v2\/categories?post=37648"},{"taxonomy":"post_tag","embeddable":true,"href":"https:\/\/agenciainfra.com\/blog\/wp-json\/wp\/v2\/tags?post=37648"}],"curies":[{"name":"wp","href":"https:\/\/api.w.org\/{rel}","templated":true}]}}