{"id":37651,"date":"2026-03-11T16:19:43","date_gmt":"2026-03-11T19:19:43","guid":{"rendered":"https:\/\/agenciainfra.com\/blog\/?p=37651"},"modified":"2026-03-12T16:06:46","modified_gmt":"2026-03-12T19:06:46","slug":"enel-sp-silveira-muda-o-tom-e-pede-que-aneel-avance-com-renovacao","status":"publish","type":"post","link":"https:\/\/agenciainfra.com\/blog\/enel-sp-silveira-muda-o-tom-e-pede-que-aneel-avance-com-renovacao\/","title":{"rendered":"Enel SP: Silveira muda o tom e pede que ANEEL avance com renova\u00e7\u00e3o"},"content":{"rendered":"\n<p class=\"has-text-align-right\"><strong>Geraldo Campos Jr., Lais Carregosa e Marisa Wanzeller, da Ag\u00eancia iNFRA<\/strong><\/p>\n\n\n\n<p>O ministro de Minas e Energia, Alexandre Silveira, mudou o tom contra a Enel S\u00e3o Paulo. Ap\u00f3s declara\u00e7\u00f5es recentes afirmando que a empresa perdeu as condi\u00e7\u00f5es de continuar com a concess\u00e3o e cobrando o avan\u00e7o do processo da caducidade, nesta quarta-feira (11) o ministro adotou um discurso mais brando. Ele pediu que a ANEEL (Ag\u00eancia Nacional de Energia El\u00e9trica) d\u00ea andamento \u00e0 discuss\u00e3o sobre a renova\u00e7\u00e3o do contrato.<\/p>\n\n\n\n<p>As declara\u00e7\u00f5es foram dadas durante audi\u00eancia na CME (Comiss\u00e3o de Minas e Energia) da C\u00e2mara dos Deputados. Silveira come\u00e7ou afirmando estar satisfeito com os processos de renova\u00e7\u00e3o dos contratos das distribuidoras do pa\u00eds, mas que h\u00e1 um \u201cproblema pontual\u201d com a Enel SP, por ter sua gest\u00e3o centralizada na It\u00e1lia \u2013 sede da companhia. Logo depois, afirmou que a empresa cumpre os crit\u00e9rios para ter sua concess\u00e3o renovada.<\/p>\n\n\n\n<p>\u201cN\u00f3s temos um outro problema, porque como os contratos s\u00e3o antigos, naturalmente a Enel cumpre, a princ\u00edpio, boa parte ou quase a totalidade [\u2026] dos \u00edndices para a renova\u00e7\u00e3o. Mas isso est\u00e1 sendo discutido pela ANEEL. Eu tenho orientado a ANEEL a despolitizar essa quest\u00e3o, para que a gente avance na renova\u00e7\u00e3o tamb\u00e9m de S\u00e3o Paulo, porque \u00e9 fundamental que se respeite a seguran\u00e7a jur\u00eddica\u201d, disse.<\/p>\n\n\n\n<p>Em entrevista a jornalistas na sa\u00edda da comiss\u00e3o, Silveira foi questionado se a determina\u00e7\u00e3o do minist\u00e9rio ainda seria o de caducar o contrato. \u201cN\u00e3o existe determina\u00e7\u00e3o para a ANEEL. A ANEEL \u00e9 uma ag\u00eancia reguladora, portanto, ela tem a sua autonomia. Eu entendo que a Enel tem morosidade para atender os eventos severos que t\u00eam acontecido de forma mais constante no mundo e n\u00e3o \u00e9 diferente no Brasil. Mas eu entendo tamb\u00e9m que h\u00e1 uma irresponsabilidade por parte da administra\u00e7\u00e3o municipal de S\u00e3o Paulo que n\u00e3o resolve a quest\u00e3o urban\u00edstica das \u00e1rvores de S\u00e3o Paulo\u201d, afirmou.<\/p>\n\n\n\n<p>Silveira fez cr\u00edticas \u00e0s ag\u00eancias reguladoras durante a audi\u00eancia. Sem mencionar quais, disse que a maioria delas foi cooptada pelo setor privado. \u201cElas t\u00eam uma grande miss\u00e3o de servir \u00e0 boa pol\u00edtica, e elas n\u00e3o t\u00eam feito, pelo menos a maioria delas. Nesses tr\u00eas anos de governo, o presidente Lula resistiu bravamente \u00e0s indica\u00e7\u00f5es mal feitas para as ag\u00eancias reguladoras\u201d, disse.<\/p>\n\n\n\n<p><strong>Cota para baterias<br><\/strong>Ao defender o fim dos subs\u00eddios para as fontes renov\u00e1veis, Silveira falou que avalia exigir um percentual m\u00ednimo de baterias para todos os geradores renov\u00e1veis que entrarem no sistema el\u00e9trico. Ele afirmou que a ideia seria fazer isso via regula\u00e7\u00e3o a m\u00e9dio prazo, visando reduzir a instabilidade que essas fontes causam no sistema.<\/p>\n\n\n\n<p>\u201cN\u00e3o podemos mais subsidiar as renov\u00e1veis. Hoje o ONS [Operador Nacional do Sistema El\u00e9trico] n\u00e3o consegue mais fazer a leitura de MMGD [Micro e Minigera\u00e7\u00e3o Distribu\u00edda] entrando no sistema, isso causa instabilidade no sistema. N\u00f3s temos que frear isso, e n\u00f3s vamos frear com bateria\u201d, disse. \u201cVamos frear primeiro com o leil\u00e3o de baterias, e eu espero que a gente freie com regula\u00e7\u00e3o exigindo percentual de bateria a m\u00e9dio prazo em toda energia renov\u00e1vel que entre no sistema\u201d.<\/p>\n\n\n\n<p>O ministro prometeu que a portaria com as diretrizes para o leil\u00e3o de baterias sair\u00e1 em abril. Ele tamb\u00e9m mencionou que a pasta pretende enviar ainda neste ano um projeto de lei ao Congresso Nacional para regulamenta\u00e7\u00e3o do armazenamento.<\/p>\n\n\n\n<p><strong>Otimismo com LRCAP<br><\/strong>Marcado para a pr\u00f3xima semana, o LRCAP (Leil\u00e3o de Reserva de Capacidade na forma de Pot\u00eancia) foi chamado pelo ministro de \u201cmaior leil\u00e3o de t\u00e9rmicas da hist\u00f3ria do Brasil\u201d. Ele disse esperar pre\u00e7os competitivos e que o ajuste dos pre\u00e7os-tetos foi fundamental para viabilizar a participa\u00e7\u00e3o de agentes, incluindo a Petrobras, que est\u00e1 com o seu parque t\u00e9rmico ficando descontratado.<\/p>\n\n\n\n<p>Segundo o ministro, logo ap\u00f3s a divulga\u00e7\u00e3o da primeira vers\u00e3o dos pre\u00e7os-tet, recebeu um telefonema da Petrobras informando que n\u00e3o faria lances caso o certame continuasse com aqueles valores. \u201cEstar\u00edamos cometendo sim um grande equ\u00edvoco se n\u00f3s tiv\u00e9ssemos acompanhado o erro da primeira publica\u00e7\u00e3o&#8221;, afirmou Silveira. A Petrobras \u201c\u00e9 a maior interessada no leil\u00e3o de pot\u00eancia da semana que vem porque ela est\u00e1 com o seu parque t\u00e9rmico completamente descontratado\u201d.<\/p>\n\n\n\n<p>Silveira anunciou que se reunir\u00e1 ainda nesta quarta-feira (11) com o ministro Jorge Oliveira, do TCU (Tribunal de Contas da Uni\u00e3o), para esclarecer d\u00favidas sobre os novos pre\u00e7os-teto. \u201cNossa rela\u00e7\u00e3o com TCU e com a AudEl\u00e9trica \u00e9 extremamente transparente. Eles tamb\u00e9m n\u00e3o entenderam o que tinha sido feito no primeiro c\u00e1lculo e querem saber o que foi feito agora no segundo. Isso ser\u00e1 demonstrado ao TCU\u201d, disse.<\/p>\n\n\n\n<p><strong>Defesa do setor nuclear<br><\/strong>Alexandre Silveira defendeu uma \u201creestrutura\u00e7\u00e3o\u201d do setor nuclear como um todo por iniciativa da Cgpar (Comiss\u00e3o Interministerial de Governan\u00e7a Corporativa e de Administra\u00e7\u00e3o de Participa\u00e7\u00f5es Societ\u00e1rias da Uni\u00e3o). De acordo com ele, a comiss\u00e3o deve enviar um projeto de lei ou medida provis\u00f3ria para o Congresso Nacional ainda neste ano.<\/p>\n\n\n\n<p>\u201cEnt\u00e3o n\u00f3s precisamos voltar com uma \u2018Nuclebras\u2019, algo que seja conceitual, hol\u00edstico, e eu apresentei isso \u00e0 Cgpar e entendo que a Cgpar, ainda esse ano, vai enviar ao Congresso Nacional um projeto de lei, medida provis\u00f3ria, reestruturando o setor nuclear brasileiro\u201d, destacou.<\/p>\n\n\n\n<p>Sobre a entrada da \u00c2mbar na Eletronuclear, no lugar da Axia (ex-Eletrobras), Silveira disse que seria trocar \u201cseis por meia d\u00fazia\u201d na quest\u00e3o da governan\u00e7a. \u201cAgora, na quest\u00e3o da reestrutura\u00e7\u00e3o do setor nuclear, coloquei no meu voto h\u00e1 dois anos que dever\u00edamos construir Angra 3 e reestruturar o setor nuclear brasileiro. O futuro da pot\u00eancia [de energia] \u00e9 nuclear.\u201d<\/p>\n\n\n\n<p><strong>CNPE semana que vem<br><\/strong>O ministro anunciou que o CNPE (Conselho Nacional de Pol\u00edtica Energ\u00e9tica) deve se reunir no dia 19 de mar\u00e7o, reuni\u00e3o que vem sendo adiada desde janeiro. Ele n\u00e3o mencionou se a delibera\u00e7\u00e3o sobre a conclus\u00e3o de Angra 3 estar\u00e1 na pauta.<\/p>\n\n\n\n<p>Um dos temas que ser\u00e1 deliberado, segundo ele, \u00e9 a adi\u00e7\u00e3o de 1% de biometano ao g\u00e1s natural, cuja mistura est\u00e1 prevista por lei a partir de 2026. Silveira disse que os t\u00e9cnicos da pasta est\u00e3o estudando a oferta do biocombust\u00edvel, para evitar um aumento no pre\u00e7o do g\u00e1s natural. \u201cN\u00f3s n\u00e3o podemos chegar a 1% ou a 0,5% ou a 0,75% se a gente for subir muito o pre\u00e7o do g\u00e1s. Ent\u00e3o eu quero que a \u00e1rea t\u00e9cnica subsidie a decis\u00e3o do Brasil, que ser\u00e1 dia 19.\u201d<\/p>\n\n\n\n<p>Durante a audi\u00eancia, o ministro tamb\u00e9m anunciou que o CNPE tamb\u00e9m debater\u00e1 na pr\u00f3xima semana sobre a regulamenta\u00e7\u00e3o da Lei das E\u00f3licas Offshore, para viabilizar o primeiro leil\u00e3o de \u00e1reas.<\/p>\n","protected":false},"excerpt":{"rendered":"<p>Geraldo Campos Jr., Lais Carregosa e Marisa Wanzeller, da Ag\u00eancia iNFRA O ministro de Minas e Energia, Alexandre Silveira, mudou o tom contra a Enel S\u00e3o Paulo. Ap\u00f3s declara\u00e7\u00f5es recentes afirmando que a empresa perdeu as condi\u00e7\u00f5es de continuar com a concess\u00e3o e cobrando o avan\u00e7o do processo da caducidade, nesta quarta-feira (11) o ministro [&hellip;]<\/p>\n","protected":false},"author":1,"featured_media":37652,"comment_status":"closed","ping_status":"closed","sticky":false,"template":"","format":"standard","meta":{"_monsterinsights_skip_tracking":false,"_monsterinsights_sitenote_active":false,"_monsterinsights_sitenote_note":"","_monsterinsights_sitenote_category":0,"footnotes":""},"categories":[7250,10],"tags":[46,6040,53,5189,3004,616,8475,11465,9822,96,71,13899],"class_list":["post-37651","post","type-post","status-publish","format-standard","has-post-thumbnail","hentry","category-destaque-lista","category-infraenergia","tag-agencias-reguladoras","tag-alexandre-silveira","tag-aneel","tag-baterias","tag-cnpe","tag-enel","tag-enel-sao-paulo","tag-leilao-de-baterias","tag-lrcap","tag-ministerio-de-minas-e-energia","tag-mme","tag-setor-nuclear"],"yoast_head":"<!-- This site is optimized with the Yoast SEO Premium plugin v25.4 (Yoast SEO v26.0) - https:\/\/yoast.com\/wordpress\/plugins\/seo\/ -->\n<title>Enel SP: Silveira muda o tom e pede que ANEEL avance com renova\u00e7\u00e3o - Ag\u00eancia iNFRA<\/title>\n<meta name=\"robots\" content=\"index, follow, max-snippet:-1, max-image-preview:large, max-video-preview:-1\" \/>\n<link rel=\"canonical\" href=\"https:\/\/agenciainfra.com\/blog\/enel-sp-silveira-muda-o-tom-e-pede-que-aneel-avance-com-renovacao\/\" \/>\n<meta property=\"og:locale\" content=\"pt_BR\" \/>\n<meta property=\"og:type\" content=\"article\" \/>\n<meta property=\"og:title\" content=\"Enel SP: Silveira muda o tom e pede que ANEEL avance com renova\u00e7\u00e3o\" \/>\n<meta property=\"og:description\" content=\"Geraldo Campos Jr., Lais Carregosa e Marisa Wanzeller, da Ag\u00eancia iNFRA O ministro de Minas e Energia, Alexandre Silveira, mudou o tom contra a Enel S\u00e3o Paulo. Ap\u00f3s declara\u00e7\u00f5es recentes afirmando que a empresa perdeu as condi\u00e7\u00f5es de continuar com a concess\u00e3o e cobrando o avan\u00e7o do processo da caducidade, nesta quarta-feira (11) o ministro [&hellip;]\" \/>\n<meta property=\"og:url\" content=\"https:\/\/agenciainfra.com\/blog\/enel-sp-silveira-muda-o-tom-e-pede-que-aneel-avance-com-renovacao\/\" \/>\n<meta property=\"og:site_name\" content=\"Ag\u00eancia iNFRA\" \/>\n<meta property=\"article:publisher\" content=\"https:\/\/www.facebook.com\/ageninfra\" \/>\n<meta property=\"article:published_time\" content=\"2026-03-11T19:19:43+00:00\" \/>\n<meta property=\"article:modified_time\" content=\"2026-03-12T19:06:46+00:00\" \/>\n<meta property=\"og:image\" content=\"https:\/\/agenciainfra.com\/blog\/wp-content\/uploads\/2026\/03\/silveira-cme.jpeg\" \/>\n\t<meta property=\"og:image:width\" content=\"1987\" \/>\n\t<meta property=\"og:image:height\" content=\"1223\" \/>\n\t<meta property=\"og:image:type\" content=\"image\/jpeg\" \/>\n<meta name=\"author\" content=\"Ag\u00eancia iNFRA\" \/>\n<meta name=\"twitter:card\" content=\"summary_large_image\" \/>\n<meta name=\"twitter:creator\" content=\"@agencia_infra\" \/>\n<meta name=\"twitter:site\" content=\"@agencia_infra\" \/>\n<meta name=\"twitter:label1\" content=\"Escrito por\" \/>\n\t<meta name=\"twitter:data1\" content=\"Ag\u00eancia iNFRA\" \/>\n\t<meta name=\"twitter:label2\" content=\"Est. tempo de leitura\" \/>\n\t<meta name=\"twitter:data2\" content=\"6 minutos\" \/>\n<script type=\"application\/ld+json\" class=\"yoast-schema-graph\">{\"@context\":\"https:\/\/schema.org\",\"@graph\":[{\"@type\":\"Article\",\"@id\":\"https:\/\/agenciainfra.com\/blog\/enel-sp-silveira-muda-o-tom-e-pede-que-aneel-avance-com-renovacao\/#article\",\"isPartOf\":{\"@id\":\"https:\/\/agenciainfra.com\/blog\/enel-sp-silveira-muda-o-tom-e-pede-que-aneel-avance-com-renovacao\/\"},\"author\":{\"name\":\"Ag\u00eancia iNFRA\",\"@id\":\"https:\/\/agenciainfra.com\/blog\/#\/schema\/person\/34af08dff6adea4cb22b06612ba7acfa\"},\"headline\":\"Enel SP: Silveira muda o tom e pede que ANEEL avance com renova\u00e7\u00e3o\",\"datePublished\":\"2026-03-11T19:19:43+00:00\",\"dateModified\":\"2026-03-12T19:06:46+00:00\",\"mainEntityOfPage\":{\"@id\":\"https:\/\/agenciainfra.com\/blog\/enel-sp-silveira-muda-o-tom-e-pede-que-aneel-avance-com-renovacao\/\"},\"wordCount\":1213,\"publisher\":{\"@id\":\"https:\/\/agenciainfra.com\/blog\/#organization\"},\"image\":{\"@id\":\"https:\/\/agenciainfra.com\/blog\/enel-sp-silveira-muda-o-tom-e-pede-que-aneel-avance-com-renovacao\/#primaryimage\"},\"thumbnailUrl\":\"https:\/\/agenciainfra.com\/blog\/wp-content\/uploads\/2026\/03\/silveira-cme.jpeg\",\"keywords\":[\"Ag\u00eancias Reguladoras\",\"Alexandre Silveira\",\"ANEEL\",\"baterias\",\"CNPE\",\"Enel\",\"Enel S\u00e3o Paulo\",\"leil\u00e3o de baterias\",\"LRCAP\",\"Minist\u00e9rio de Minas e Energia\",\"MME\",\"setor nuclear\"],\"articleSection\":[\"Destaque lista\",\"iNFRAEnergia\"],\"inLanguage\":\"pt-BR\",\"copyrightYear\":\"2026\",\"copyrightHolder\":{\"@id\":\"https:\/\/agenciainfra.com\/blog\/#organization\"}},{\"@type\":\"WebPage\",\"@id\":\"https:\/\/agenciainfra.com\/blog\/enel-sp-silveira-muda-o-tom-e-pede-que-aneel-avance-com-renovacao\/\",\"url\":\"https:\/\/agenciainfra.com\/blog\/enel-sp-silveira-muda-o-tom-e-pede-que-aneel-avance-com-renovacao\/\",\"name\":\"Enel SP: Silveira muda o tom e pede que ANEEL avance com renova\u00e7\u00e3o - Ag\u00eancia iNFRA\",\"isPartOf\":{\"@id\":\"https:\/\/agenciainfra.com\/blog\/#website\"},\"primaryImageOfPage\":{\"@id\":\"https:\/\/agenciainfra.com\/blog\/enel-sp-silveira-muda-o-tom-e-pede-que-aneel-avance-com-renovacao\/#primaryimage\"},\"image\":{\"@id\":\"https:\/\/agenciainfra.com\/blog\/enel-sp-silveira-muda-o-tom-e-pede-que-aneel-avance-com-renovacao\/#primaryimage\"},\"thumbnailUrl\":\"https:\/\/agenciainfra.com\/blog\/wp-content\/uploads\/2026\/03\/silveira-cme.jpeg\",\"datePublished\":\"2026-03-11T19:19:43+00:00\",\"dateModified\":\"2026-03-12T19:06:46+00:00\",\"breadcrumb\":{\"@id\":\"https:\/\/agenciainfra.com\/blog\/enel-sp-silveira-muda-o-tom-e-pede-que-aneel-avance-com-renovacao\/#breadcrumb\"},\"inLanguage\":\"pt-BR\",\"potentialAction\":[{\"@type\":\"ReadAction\",\"target\":[\"https:\/\/agenciainfra.com\/blog\/enel-sp-silveira-muda-o-tom-e-pede-que-aneel-avance-com-renovacao\/\"]}]},{\"@type\":\"ImageObject\",\"inLanguage\":\"pt-BR\",\"@id\":\"https:\/\/agenciainfra.com\/blog\/enel-sp-silveira-muda-o-tom-e-pede-que-aneel-avance-com-renovacao\/#primaryimage\",\"url\":\"https:\/\/agenciainfra.com\/blog\/wp-content\/uploads\/2026\/03\/silveira-cme.jpeg\",\"contentUrl\":\"https:\/\/agenciainfra.com\/blog\/wp-content\/uploads\/2026\/03\/silveira-cme.jpeg\",\"width\":1987,\"height\":1223,\"caption\":\"Fotos: Kayo Magalh\u00e3es\/C\u00e2mara dos Deputados\"},{\"@type\":\"BreadcrumbList\",\"@id\":\"https:\/\/agenciainfra.com\/blog\/enel-sp-silveira-muda-o-tom-e-pede-que-aneel-avance-com-renovacao\/#breadcrumb\",\"itemListElement\":[{\"@type\":\"ListItem\",\"position\":1,\"name\":\"In\u00edcio\",\"item\":\"https:\/\/agenciainfra.com\/blog\/\"},{\"@type\":\"ListItem\",\"position\":2,\"name\":\"Enel SP: Silveira muda o tom e pede que ANEEL avance com renova\u00e7\u00e3o\"}]},{\"@type\":\"WebSite\",\"@id\":\"https:\/\/agenciainfra.com\/blog\/#website\",\"url\":\"https:\/\/agenciainfra.com\/blog\/\",\"name\":\"Ag\u00eancia iNFRA\",\"description\":\"Multiplataforma de informa\u00e7\u00e3o jornal\u00edstica refer\u00eancia na \u00e1rea de infraestrutura no Brasil!\",\"publisher\":{\"@id\":\"https:\/\/agenciainfra.com\/blog\/#organization\"},\"potentialAction\":[{\"@type\":\"SearchAction\",\"target\":{\"@type\":\"EntryPoint\",\"urlTemplate\":\"https:\/\/agenciainfra.com\/blog\/?s={search_term_string}\"},\"query-input\":{\"@type\":\"PropertyValueSpecification\",\"valueRequired\":true,\"valueName\":\"search_term_string\"}}],\"inLanguage\":\"pt-BR\"},{\"@type\":\"Organization\",\"@id\":\"https:\/\/agenciainfra.com\/blog\/#organization\",\"name\":\"Ag\u00eancia iNFRA\",\"url\":\"https:\/\/agenciainfra.com\/blog\/\",\"logo\":{\"@type\":\"ImageObject\",\"inLanguage\":\"pt-BR\",\"@id\":\"https:\/\/agenciainfra.com\/blog\/#\/schema\/logo\/image\/\",\"url\":\"https:\/\/agenciainfra.com\/blog\/wp-content\/uploads\/2023\/09\/iNFRA_5-e1761735885940.png\",\"contentUrl\":\"https:\/\/agenciainfra.com\/blog\/wp-content\/uploads\/2023\/09\/iNFRA_5-e1761735885940.png\",\"width\":1672,\"height\":454,\"caption\":\"Ag\u00eancia iNFRA\"},\"image\":{\"@id\":\"https:\/\/agenciainfra.com\/blog\/#\/schema\/logo\/image\/\"},\"sameAs\":[\"https:\/\/www.facebook.com\/ageninfra\",\"https:\/\/x.com\/agencia_infra\",\"https:\/\/www.linkedin.com\/company\/ag\u00eanciainfra\/\",\"https:\/\/www.instagram.com\/agenciainfra\/\"]},{\"@type\":\"Person\",\"@id\":\"https:\/\/agenciainfra.com\/blog\/#\/schema\/person\/34af08dff6adea4cb22b06612ba7acfa\",\"name\":\"Ag\u00eancia iNFRA\",\"image\":{\"@type\":\"ImageObject\",\"inLanguage\":\"pt-BR\",\"@id\":\"https:\/\/agenciainfra.com\/blog\/#\/schema\/person\/image\/\",\"url\":\"https:\/\/secure.gravatar.com\/avatar\/d189e01678f06d8eb84d4e01f08eb848b3fffe3f8443818d3c356c66892f5be8?s=96&d=mm&r=g\",\"contentUrl\":\"https:\/\/secure.gravatar.com\/avatar\/d189e01678f06d8eb84d4e01f08eb848b3fffe3f8443818d3c356c66892f5be8?s=96&d=mm&r=g\",\"caption\":\"Ag\u00eancia iNFRA\"},\"url\":\"https:\/\/agenciainfra.com\/blog\/author\/admin\/\"}]}<\/script>\n<!-- \/ Yoast SEO Premium plugin. -->","yoast_head_json":{"title":"Enel SP: Silveira muda o tom e pede que ANEEL avance com renova\u00e7\u00e3o - Ag\u00eancia iNFRA","robots":{"index":"index","follow":"follow","max-snippet":"max-snippet:-1","max-image-preview":"max-image-preview:large","max-video-preview":"max-video-preview:-1"},"canonical":"https:\/\/agenciainfra.com\/blog\/enel-sp-silveira-muda-o-tom-e-pede-que-aneel-avance-com-renovacao\/","og_locale":"pt_BR","og_type":"article","og_title":"Enel SP: Silveira muda o tom e pede que ANEEL avance com renova\u00e7\u00e3o","og_description":"Geraldo Campos Jr., Lais Carregosa e Marisa Wanzeller, da Ag\u00eancia iNFRA O ministro de Minas e Energia, Alexandre Silveira, mudou o tom contra a Enel S\u00e3o Paulo. Ap\u00f3s declara\u00e7\u00f5es recentes afirmando que a empresa perdeu as condi\u00e7\u00f5es de continuar com a concess\u00e3o e cobrando o avan\u00e7o do processo da caducidade, nesta quarta-feira (11) o ministro [&hellip;]","og_url":"https:\/\/agenciainfra.com\/blog\/enel-sp-silveira-muda-o-tom-e-pede-que-aneel-avance-com-renovacao\/","og_site_name":"Ag\u00eancia iNFRA","article_publisher":"https:\/\/www.facebook.com\/ageninfra","article_published_time":"2026-03-11T19:19:43+00:00","article_modified_time":"2026-03-12T19:06:46+00:00","og_image":[{"width":1987,"height":1223,"url":"https:\/\/agenciainfra.com\/blog\/wp-content\/uploads\/2026\/03\/silveira-cme.jpeg","type":"image\/jpeg"}],"author":"Ag\u00eancia iNFRA","twitter_card":"summary_large_image","twitter_creator":"@agencia_infra","twitter_site":"@agencia_infra","twitter_misc":{"Escrito por":"Ag\u00eancia iNFRA","Est. tempo de leitura":"6 minutos"},"schema":{"@context":"https:\/\/schema.org","@graph":[{"@type":"Article","@id":"https:\/\/agenciainfra.com\/blog\/enel-sp-silveira-muda-o-tom-e-pede-que-aneel-avance-com-renovacao\/#article","isPartOf":{"@id":"https:\/\/agenciainfra.com\/blog\/enel-sp-silveira-muda-o-tom-e-pede-que-aneel-avance-com-renovacao\/"},"author":{"name":"Ag\u00eancia iNFRA","@id":"https:\/\/agenciainfra.com\/blog\/#\/schema\/person\/34af08dff6adea4cb22b06612ba7acfa"},"headline":"Enel SP: Silveira muda o tom e pede que ANEEL avance com renova\u00e7\u00e3o","datePublished":"2026-03-11T19:19:43+00:00","dateModified":"2026-03-12T19:06:46+00:00","mainEntityOfPage":{"@id":"https:\/\/agenciainfra.com\/blog\/enel-sp-silveira-muda-o-tom-e-pede-que-aneel-avance-com-renovacao\/"},"wordCount":1213,"publisher":{"@id":"https:\/\/agenciainfra.com\/blog\/#organization"},"image":{"@id":"https:\/\/agenciainfra.com\/blog\/enel-sp-silveira-muda-o-tom-e-pede-que-aneel-avance-com-renovacao\/#primaryimage"},"thumbnailUrl":"https:\/\/agenciainfra.com\/blog\/wp-content\/uploads\/2026\/03\/silveira-cme.jpeg","keywords":["Ag\u00eancias Reguladoras","Alexandre Silveira","ANEEL","baterias","CNPE","Enel","Enel S\u00e3o Paulo","leil\u00e3o de baterias","LRCAP","Minist\u00e9rio de Minas e Energia","MME","setor nuclear"],"articleSection":["Destaque lista","iNFRAEnergia"],"inLanguage":"pt-BR","copyrightYear":"2026","copyrightHolder":{"@id":"https:\/\/agenciainfra.com\/blog\/#organization"}},{"@type":"WebPage","@id":"https:\/\/agenciainfra.com\/blog\/enel-sp-silveira-muda-o-tom-e-pede-que-aneel-avance-com-renovacao\/","url":"https:\/\/agenciainfra.com\/blog\/enel-sp-silveira-muda-o-tom-e-pede-que-aneel-avance-com-renovacao\/","name":"Enel SP: Silveira muda o tom e pede que ANEEL avance com renova\u00e7\u00e3o - Ag\u00eancia iNFRA","isPartOf":{"@id":"https:\/\/agenciainfra.com\/blog\/#website"},"primaryImageOfPage":{"@id":"https:\/\/agenciainfra.com\/blog\/enel-sp-silveira-muda-o-tom-e-pede-que-aneel-avance-com-renovacao\/#primaryimage"},"image":{"@id":"https:\/\/agenciainfra.com\/blog\/enel-sp-silveira-muda-o-tom-e-pede-que-aneel-avance-com-renovacao\/#primaryimage"},"thumbnailUrl":"https:\/\/agenciainfra.com\/blog\/wp-content\/uploads\/2026\/03\/silveira-cme.jpeg","datePublished":"2026-03-11T19:19:43+00:00","dateModified":"2026-03-12T19:06:46+00:00","breadcrumb":{"@id":"https:\/\/agenciainfra.com\/blog\/enel-sp-silveira-muda-o-tom-e-pede-que-aneel-avance-com-renovacao\/#breadcrumb"},"inLanguage":"pt-BR","potentialAction":[{"@type":"ReadAction","target":["https:\/\/agenciainfra.com\/blog\/enel-sp-silveira-muda-o-tom-e-pede-que-aneel-avance-com-renovacao\/"]}]},{"@type":"ImageObject","inLanguage":"pt-BR","@id":"https:\/\/agenciainfra.com\/blog\/enel-sp-silveira-muda-o-tom-e-pede-que-aneel-avance-com-renovacao\/#primaryimage","url":"https:\/\/agenciainfra.com\/blog\/wp-content\/uploads\/2026\/03\/silveira-cme.jpeg","contentUrl":"https:\/\/agenciainfra.com\/blog\/wp-content\/uploads\/2026\/03\/silveira-cme.jpeg","width":1987,"height":1223,"caption":"Fotos: Kayo Magalh\u00e3es\/C\u00e2mara dos Deputados"},{"@type":"BreadcrumbList","@id":"https:\/\/agenciainfra.com\/blog\/enel-sp-silveira-muda-o-tom-e-pede-que-aneel-avance-com-renovacao\/#breadcrumb","itemListElement":[{"@type":"ListItem","position":1,"name":"In\u00edcio","item":"https:\/\/agenciainfra.com\/blog\/"},{"@type":"ListItem","position":2,"name":"Enel SP: Silveira muda o tom e pede que ANEEL avance com renova\u00e7\u00e3o"}]},{"@type":"WebSite","@id":"https:\/\/agenciainfra.com\/blog\/#website","url":"https:\/\/agenciainfra.com\/blog\/","name":"Ag\u00eancia iNFRA","description":"Multiplataforma de informa\u00e7\u00e3o jornal\u00edstica refer\u00eancia na \u00e1rea de infraestrutura no Brasil!","publisher":{"@id":"https:\/\/agenciainfra.com\/blog\/#organization"},"potentialAction":[{"@type":"SearchAction","target":{"@type":"EntryPoint","urlTemplate":"https:\/\/agenciainfra.com\/blog\/?s={search_term_string}"},"query-input":{"@type":"PropertyValueSpecification","valueRequired":true,"valueName":"search_term_string"}}],"inLanguage":"pt-BR"},{"@type":"Organization","@id":"https:\/\/agenciainfra.com\/blog\/#organization","name":"Ag\u00eancia iNFRA","url":"https:\/\/agenciainfra.com\/blog\/","logo":{"@type":"ImageObject","inLanguage":"pt-BR","@id":"https:\/\/agenciainfra.com\/blog\/#\/schema\/logo\/image\/","url":"https:\/\/agenciainfra.com\/blog\/wp-content\/uploads\/2023\/09\/iNFRA_5-e1761735885940.png","contentUrl":"https:\/\/agenciainfra.com\/blog\/wp-content\/uploads\/2023\/09\/iNFRA_5-e1761735885940.png","width":1672,"height":454,"caption":"Ag\u00eancia iNFRA"},"image":{"@id":"https:\/\/agenciainfra.com\/blog\/#\/schema\/logo\/image\/"},"sameAs":["https:\/\/www.facebook.com\/ageninfra","https:\/\/x.com\/agencia_infra","https:\/\/www.linkedin.com\/company\/ag\u00eanciainfra\/","https:\/\/www.instagram.com\/agenciainfra\/"]},{"@type":"Person","@id":"https:\/\/agenciainfra.com\/blog\/#\/schema\/person\/34af08dff6adea4cb22b06612ba7acfa","name":"Ag\u00eancia iNFRA","image":{"@type":"ImageObject","inLanguage":"pt-BR","@id":"https:\/\/agenciainfra.com\/blog\/#\/schema\/person\/image\/","url":"https:\/\/secure.gravatar.com\/avatar\/d189e01678f06d8eb84d4e01f08eb848b3fffe3f8443818d3c356c66892f5be8?s=96&d=mm&r=g","contentUrl":"https:\/\/secure.gravatar.com\/avatar\/d189e01678f06d8eb84d4e01f08eb848b3fffe3f8443818d3c356c66892f5be8?s=96&d=mm&r=g","caption":"Ag\u00eancia iNFRA"},"url":"https:\/\/agenciainfra.com\/blog\/author\/admin\/"}]}},"_links":{"self":[{"href":"https:\/\/agenciainfra.com\/blog\/wp-json\/wp\/v2\/posts\/37651","targetHints":{"allow":["GET"]}}],"collection":[{"href":"https:\/\/agenciainfra.com\/blog\/wp-json\/wp\/v2\/posts"}],"about":[{"href":"https:\/\/agenciainfra.com\/blog\/wp-json\/wp\/v2\/types\/post"}],"author":[{"embeddable":true,"href":"https:\/\/agenciainfra.com\/blog\/wp-json\/wp\/v2\/users\/1"}],"replies":[{"embeddable":true,"href":"https:\/\/agenciainfra.com\/blog\/wp-json\/wp\/v2\/comments?post=37651"}],"version-history":[{"count":3,"href":"https:\/\/agenciainfra.com\/blog\/wp-json\/wp\/v2\/posts\/37651\/revisions"}],"predecessor-version":[{"id":37686,"href":"https:\/\/agenciainfra.com\/blog\/wp-json\/wp\/v2\/posts\/37651\/revisions\/37686"}],"wp:featuredmedia":[{"embeddable":true,"href":"https:\/\/agenciainfra.com\/blog\/wp-json\/wp\/v2\/media\/37652"}],"wp:attachment":[{"href":"https:\/\/agenciainfra.com\/blog\/wp-json\/wp\/v2\/media?parent=37651"}],"wp:term":[{"taxonomy":"category","embeddable":true,"href":"https:\/\/agenciainfra.com\/blog\/wp-json\/wp\/v2\/categories?post=37651"},{"taxonomy":"post_tag","embeddable":true,"href":"https:\/\/agenciainfra.com\/blog\/wp-json\/wp\/v2\/tags?post=37651"}],"curies":[{"name":"wp","href":"https:\/\/api.w.org\/{rel}","templated":true}]}}