{"id":37664,"date":"2026-03-11T18:24:23","date_gmt":"2026-03-11T21:24:23","guid":{"rendered":"https:\/\/agenciainfra.com\/blog\/?p=37664"},"modified":"2026-03-12T16:45:41","modified_gmt":"2026-03-12T19:45:41","slug":"tcu-cobra-decreto-sobre-barragens-de-mineracao","status":"publish","type":"post","link":"https:\/\/agenciainfra.com\/blog\/tcu-cobra-decreto-sobre-barragens-de-mineracao\/","title":{"rendered":"TCU cobra decreto sobre barragens de minera\u00e7\u00e3o"},"content":{"rendered":"\n<p class=\"has-text-align-right\"><strong>Rafael Bitencourt, da Ag\u00eancia iNFRA<\/strong><\/p>\n\n\n\n<p>O plen\u00e1rio do TCU (Tribunal de Contas da Uni\u00e3o) atestou nesta quarta-feira (11) o cumprimento parcial de recomenda\u00e7\u00f5es feitas ao governo federal para aprimorar o monitoramento de risco em barragens de minera\u00e7\u00e3o. O ministro Jorge Oliveira, relator do caso, explicou que as recomenda\u00e7\u00f5es n\u00e3o foram consideradas plenamente atendidas porque faltou regulamentar artigo da Pol\u00edtica Nacional de Seguran\u00e7a de Barragens (Lei 14.066\/2020), por meio de decreto.<\/p>\n\n\n\n<p>O ac\u00f3rd\u00e3o aprovado indica que o decreto \u00e9 importante para especificar quais \u00f3rg\u00e3os ou entidades de governo v\u00e3o exigir a <a href=\"https:\/\/agenciainfra.com\/blog\/desmobilizacao-de-barragens-custara-r-36-bilhoes-a-mineradoras\/\">descaracteriza\u00e7\u00e3o<\/a> de barragens ou garantir medidas compensat\u00f3rias em caso de identifica\u00e7\u00e3o de estruturas de conten\u00e7\u00e3o em em zona de autossalvamento, as ZAs. A legisla\u00e7\u00e3o apenas indica que isso est\u00e1 a cargo do \u201cpoder p\u00fablico\u201d.<\/p>\n\n\n\n<p>De acordo com o ministro-relator, \u201ca aus\u00eancia de defini\u00e7\u00e3o clara sobre as atribui\u00e7\u00f5es dos \u00f3rg\u00e3os p\u00fablicos (\u2026) tem o potencial de comprometer eventual responsabiliza\u00e7\u00e3o administrativa de agentes p\u00fablicos omissos, al\u00e9m de gerar inseguran\u00e7a jur\u00eddica e fragilidade na fiscaliza\u00e7\u00e3o, com a assun\u00e7\u00e3o de riscos sociais e ambientais decorrentes\u201d.<\/p>\n\n\n\n<p>Uma minuta de decreto chegou a ser produzida por GT (Grupo de Trabalho) ministerial criado para discutir o tema, informou o ac\u00f3rd\u00e3o aprovado. O tribunal foi informado que o texto da norma chegou \u00e0 SAJ (Secretaria de Assuntos Jur\u00eddicos) da Casa Civil, mas ainda n\u00e3o subiu para assinatura do presidente da Rep\u00fablica.<\/p>\n\n\n\n<p><strong>Indicadores<\/strong><br>Mesmo sem a regulamenta\u00e7\u00e3o da lei, os ministros informaram que o MME (Minist\u00e9rio de Minas e Energia) e a ANM (Ag\u00eancia Nacional de Minera\u00e7\u00e3o) atenderam a outras recomenda\u00e7\u00f5es, como instituir indicadores e m\u00e9todos para monitoramento mais eficaz das barragens existentes no pa\u00eds.<\/p>\n\n\n\n<p><em>*Este texto foi atualizado \u00e0s 13h45 de quinta-feira (12), esclarecendo que o texto do decreto ainda n\u00e3o subiu para assinatura do presidente da Rep\u00fablica.<\/em><\/p>\n","protected":false},"excerpt":{"rendered":"<p>Rafael Bitencourt, da Ag\u00eancia iNFRA O plen\u00e1rio do TCU (Tribunal de Contas da Uni\u00e3o) atestou nesta quarta-feira (11) o cumprimento parcial de recomenda\u00e7\u00f5es feitas ao governo federal para aprimorar o monitoramento de risco em barragens de minera\u00e7\u00e3o. O ministro Jorge Oliveira, relator do caso, explicou que as recomenda\u00e7\u00f5es n\u00e3o foram consideradas plenamente atendidas porque faltou [&hellip;]<\/p>\n","protected":false},"author":1,"featured_media":37667,"comment_status":"closed","ping_status":"closed","sticky":false,"template":"","format":"standard","meta":{"_monsterinsights_skip_tracking":false,"_monsterinsights_sitenote_active":false,"_monsterinsights_sitenote_note":"","_monsterinsights_sitenote_category":0,"footnotes":""},"categories":[7250,13239],"tags":[14564,1344,6842,7784,3662,18893,13813,10597,8489],"class_list":["post-37664","post","type-post","status-publish","format-standard","has-post-thumbnail","hentry","category-destaque-lista","category-mineracao","tag-barragem-de-rejeitos","tag-casa-civil","tag-gt","tag-jorge-oliveira","tag-lei-14-066-2020","tag-politica-nacional-de-seguranca-de-barragens","tag-rafael-bitencourt","tag-saj","tag-tcu-tribunal-de-contas-da-uniao"],"yoast_head":"<!-- This site is optimized with the Yoast SEO Premium plugin v25.4 (Yoast SEO v26.0) - https:\/\/yoast.com\/wordpress\/plugins\/seo\/ -->\n<title>TCU cobra decreto sobre barragens de minera\u00e7\u00e3o - Ag\u00eancia iNFRA<\/title>\n<meta name=\"robots\" content=\"index, follow, max-snippet:-1, max-image-preview:large, max-video-preview:-1\" \/>\n<link rel=\"canonical\" href=\"https:\/\/agenciainfra.com\/blog\/tcu-cobra-decreto-sobre-barragens-de-mineracao\/\" \/>\n<meta property=\"og:locale\" content=\"pt_BR\" \/>\n<meta property=\"og:type\" content=\"article\" \/>\n<meta property=\"og:title\" content=\"TCU cobra decreto sobre barragens de minera\u00e7\u00e3o\" \/>\n<meta property=\"og:description\" content=\"Rafael Bitencourt, da Ag\u00eancia iNFRA O plen\u00e1rio do TCU (Tribunal de Contas da Uni\u00e3o) atestou nesta quarta-feira (11) o cumprimento parcial de recomenda\u00e7\u00f5es feitas ao governo federal para aprimorar o monitoramento de risco em barragens de minera\u00e7\u00e3o. O ministro Jorge Oliveira, relator do caso, explicou que as recomenda\u00e7\u00f5es n\u00e3o foram consideradas plenamente atendidas porque faltou [&hellip;]\" \/>\n<meta property=\"og:url\" content=\"https:\/\/agenciainfra.com\/blog\/tcu-cobra-decreto-sobre-barragens-de-mineracao\/\" \/>\n<meta property=\"og:site_name\" content=\"Ag\u00eancia iNFRA\" \/>\n<meta property=\"article:publisher\" content=\"https:\/\/www.facebook.com\/ageninfra\" \/>\n<meta property=\"article:published_time\" content=\"2026-03-11T21:24:23+00:00\" \/>\n<meta property=\"article:modified_time\" content=\"2026-03-12T19:45:41+00:00\" \/>\n<meta property=\"og:image\" content=\"https:\/\/agenciainfra.com\/blog\/wp-content\/uploads\/2026\/03\/Ministro-Jorge-Oliveira-Foto-Samuel-Figueira-TCU.jpg\" \/>\n\t<meta property=\"og:image:width\" content=\"1280\" \/>\n\t<meta property=\"og:image:height\" content=\"720\" \/>\n\t<meta property=\"og:image:type\" content=\"image\/jpeg\" \/>\n<meta name=\"author\" content=\"Ag\u00eancia iNFRA\" \/>\n<meta name=\"twitter:card\" content=\"summary_large_image\" \/>\n<meta name=\"twitter:creator\" content=\"@agencia_infra\" \/>\n<meta name=\"twitter:site\" content=\"@agencia_infra\" \/>\n<meta name=\"twitter:label1\" content=\"Escrito por\" \/>\n\t<meta name=\"twitter:data1\" content=\"Ag\u00eancia iNFRA\" \/>\n\t<meta name=\"twitter:label2\" content=\"Est. tempo de leitura\" \/>\n\t<meta name=\"twitter:data2\" content=\"2 minutos\" \/>\n<script type=\"application\/ld+json\" class=\"yoast-schema-graph\">{\"@context\":\"https:\/\/schema.org\",\"@graph\":[{\"@type\":\"Article\",\"@id\":\"https:\/\/agenciainfra.com\/blog\/tcu-cobra-decreto-sobre-barragens-de-mineracao\/#article\",\"isPartOf\":{\"@id\":\"https:\/\/agenciainfra.com\/blog\/tcu-cobra-decreto-sobre-barragens-de-mineracao\/\"},\"author\":{\"name\":\"Ag\u00eancia iNFRA\",\"@id\":\"https:\/\/agenciainfra.com\/blog\/#\/schema\/person\/34af08dff6adea4cb22b06612ba7acfa\"},\"headline\":\"TCU cobra decreto sobre barragens de minera\u00e7\u00e3o\",\"datePublished\":\"2026-03-11T21:24:23+00:00\",\"dateModified\":\"2026-03-12T19:45:41+00:00\",\"mainEntityOfPage\":{\"@id\":\"https:\/\/agenciainfra.com\/blog\/tcu-cobra-decreto-sobre-barragens-de-mineracao\/\"},\"wordCount\":337,\"publisher\":{\"@id\":\"https:\/\/agenciainfra.com\/blog\/#organization\"},\"image\":{\"@id\":\"https:\/\/agenciainfra.com\/blog\/tcu-cobra-decreto-sobre-barragens-de-mineracao\/#primaryimage\"},\"thumbnailUrl\":\"https:\/\/agenciainfra.com\/blog\/wp-content\/uploads\/2026\/03\/Ministro-Jorge-Oliveira-Foto-Samuel-Figueira-TCU.jpg\",\"keywords\":[\"barragem de rejeitos\",\"Casa Civil\",\"GT\",\"Jorge Oliveira\",\"Lei 14.066\/2020\",\"Pol\u00edtica Nacional de Seguran\u00e7a de Barragens\",\"Rafael Bitencourt\",\"SAJ\",\"TCU (Tribunal de Contas da Uni\u00e3o)\"],\"articleSection\":[\"Destaque lista\",\"Minera\u00e7\u00e3o\"],\"inLanguage\":\"pt-BR\",\"copyrightYear\":\"2026\",\"copyrightHolder\":{\"@id\":\"https:\/\/agenciainfra.com\/blog\/#organization\"}},{\"@type\":\"WebPage\",\"@id\":\"https:\/\/agenciainfra.com\/blog\/tcu-cobra-decreto-sobre-barragens-de-mineracao\/\",\"url\":\"https:\/\/agenciainfra.com\/blog\/tcu-cobra-decreto-sobre-barragens-de-mineracao\/\",\"name\":\"TCU cobra decreto sobre barragens de minera\u00e7\u00e3o - Ag\u00eancia iNFRA\",\"isPartOf\":{\"@id\":\"https:\/\/agenciainfra.com\/blog\/#website\"},\"primaryImageOfPage\":{\"@id\":\"https:\/\/agenciainfra.com\/blog\/tcu-cobra-decreto-sobre-barragens-de-mineracao\/#primaryimage\"},\"image\":{\"@id\":\"https:\/\/agenciainfra.com\/blog\/tcu-cobra-decreto-sobre-barragens-de-mineracao\/#primaryimage\"},\"thumbnailUrl\":\"https:\/\/agenciainfra.com\/blog\/wp-content\/uploads\/2026\/03\/Ministro-Jorge-Oliveira-Foto-Samuel-Figueira-TCU.jpg\",\"datePublished\":\"2026-03-11T21:24:23+00:00\",\"dateModified\":\"2026-03-12T19:45:41+00:00\",\"breadcrumb\":{\"@id\":\"https:\/\/agenciainfra.com\/blog\/tcu-cobra-decreto-sobre-barragens-de-mineracao\/#breadcrumb\"},\"inLanguage\":\"pt-BR\",\"potentialAction\":[{\"@type\":\"ReadAction\",\"target\":[\"https:\/\/agenciainfra.com\/blog\/tcu-cobra-decreto-sobre-barragens-de-mineracao\/\"]}]},{\"@type\":\"ImageObject\",\"inLanguage\":\"pt-BR\",\"@id\":\"https:\/\/agenciainfra.com\/blog\/tcu-cobra-decreto-sobre-barragens-de-mineracao\/#primaryimage\",\"url\":\"https:\/\/agenciainfra.com\/blog\/wp-content\/uploads\/2026\/03\/Ministro-Jorge-Oliveira-Foto-Samuel-Figueira-TCU.jpg\",\"contentUrl\":\"https:\/\/agenciainfra.com\/blog\/wp-content\/uploads\/2026\/03\/Ministro-Jorge-Oliveira-Foto-Samuel-Figueira-TCU.jpg\",\"width\":1280,\"height\":720,\"caption\":\"Foto: Samuel Figueira\/TCU\"},{\"@type\":\"BreadcrumbList\",\"@id\":\"https:\/\/agenciainfra.com\/blog\/tcu-cobra-decreto-sobre-barragens-de-mineracao\/#breadcrumb\",\"itemListElement\":[{\"@type\":\"ListItem\",\"position\":1,\"name\":\"In\u00edcio\",\"item\":\"https:\/\/agenciainfra.com\/blog\/\"},{\"@type\":\"ListItem\",\"position\":2,\"name\":\"TCU cobra decreto sobre barragens de minera\u00e7\u00e3o\"}]},{\"@type\":\"WebSite\",\"@id\":\"https:\/\/agenciainfra.com\/blog\/#website\",\"url\":\"https:\/\/agenciainfra.com\/blog\/\",\"name\":\"Ag\u00eancia iNFRA\",\"description\":\"Multiplataforma de informa\u00e7\u00e3o jornal\u00edstica refer\u00eancia na \u00e1rea de infraestrutura no Brasil!\",\"publisher\":{\"@id\":\"https:\/\/agenciainfra.com\/blog\/#organization\"},\"potentialAction\":[{\"@type\":\"SearchAction\",\"target\":{\"@type\":\"EntryPoint\",\"urlTemplate\":\"https:\/\/agenciainfra.com\/blog\/?s={search_term_string}\"},\"query-input\":{\"@type\":\"PropertyValueSpecification\",\"valueRequired\":true,\"valueName\":\"search_term_string\"}}],\"inLanguage\":\"pt-BR\"},{\"@type\":\"Organization\",\"@id\":\"https:\/\/agenciainfra.com\/blog\/#organization\",\"name\":\"Ag\u00eancia iNFRA\",\"url\":\"https:\/\/agenciainfra.com\/blog\/\",\"logo\":{\"@type\":\"ImageObject\",\"inLanguage\":\"pt-BR\",\"@id\":\"https:\/\/agenciainfra.com\/blog\/#\/schema\/logo\/image\/\",\"url\":\"https:\/\/agenciainfra.com\/blog\/wp-content\/uploads\/2023\/09\/iNFRA_5-e1761735885940.png\",\"contentUrl\":\"https:\/\/agenciainfra.com\/blog\/wp-content\/uploads\/2023\/09\/iNFRA_5-e1761735885940.png\",\"width\":1672,\"height\":454,\"caption\":\"Ag\u00eancia iNFRA\"},\"image\":{\"@id\":\"https:\/\/agenciainfra.com\/blog\/#\/schema\/logo\/image\/\"},\"sameAs\":[\"https:\/\/www.facebook.com\/ageninfra\",\"https:\/\/x.com\/agencia_infra\",\"https:\/\/www.linkedin.com\/company\/ag\u00eanciainfra\/\",\"https:\/\/www.instagram.com\/agenciainfra\/\"]},{\"@type\":\"Person\",\"@id\":\"https:\/\/agenciainfra.com\/blog\/#\/schema\/person\/34af08dff6adea4cb22b06612ba7acfa\",\"name\":\"Ag\u00eancia iNFRA\",\"image\":{\"@type\":\"ImageObject\",\"inLanguage\":\"pt-BR\",\"@id\":\"https:\/\/agenciainfra.com\/blog\/#\/schema\/person\/image\/\",\"url\":\"https:\/\/secure.gravatar.com\/avatar\/d189e01678f06d8eb84d4e01f08eb848b3fffe3f8443818d3c356c66892f5be8?s=96&d=mm&r=g\",\"contentUrl\":\"https:\/\/secure.gravatar.com\/avatar\/d189e01678f06d8eb84d4e01f08eb848b3fffe3f8443818d3c356c66892f5be8?s=96&d=mm&r=g\",\"caption\":\"Ag\u00eancia iNFRA\"},\"url\":\"https:\/\/agenciainfra.com\/blog\/author\/admin\/\"}]}<\/script>\n<!-- \/ Yoast SEO Premium plugin. -->","yoast_head_json":{"title":"TCU cobra decreto sobre barragens de minera\u00e7\u00e3o - Ag\u00eancia iNFRA","robots":{"index":"index","follow":"follow","max-snippet":"max-snippet:-1","max-image-preview":"max-image-preview:large","max-video-preview":"max-video-preview:-1"},"canonical":"https:\/\/agenciainfra.com\/blog\/tcu-cobra-decreto-sobre-barragens-de-mineracao\/","og_locale":"pt_BR","og_type":"article","og_title":"TCU cobra decreto sobre barragens de minera\u00e7\u00e3o","og_description":"Rafael Bitencourt, da Ag\u00eancia iNFRA O plen\u00e1rio do TCU (Tribunal de Contas da Uni\u00e3o) atestou nesta quarta-feira (11) o cumprimento parcial de recomenda\u00e7\u00f5es feitas ao governo federal para aprimorar o monitoramento de risco em barragens de minera\u00e7\u00e3o. O ministro Jorge Oliveira, relator do caso, explicou que as recomenda\u00e7\u00f5es n\u00e3o foram consideradas plenamente atendidas porque faltou [&hellip;]","og_url":"https:\/\/agenciainfra.com\/blog\/tcu-cobra-decreto-sobre-barragens-de-mineracao\/","og_site_name":"Ag\u00eancia iNFRA","article_publisher":"https:\/\/www.facebook.com\/ageninfra","article_published_time":"2026-03-11T21:24:23+00:00","article_modified_time":"2026-03-12T19:45:41+00:00","og_image":[{"width":1280,"height":720,"url":"https:\/\/agenciainfra.com\/blog\/wp-content\/uploads\/2026\/03\/Ministro-Jorge-Oliveira-Foto-Samuel-Figueira-TCU.jpg","type":"image\/jpeg"}],"author":"Ag\u00eancia iNFRA","twitter_card":"summary_large_image","twitter_creator":"@agencia_infra","twitter_site":"@agencia_infra","twitter_misc":{"Escrito por":"Ag\u00eancia iNFRA","Est. tempo de leitura":"2 minutos"},"schema":{"@context":"https:\/\/schema.org","@graph":[{"@type":"Article","@id":"https:\/\/agenciainfra.com\/blog\/tcu-cobra-decreto-sobre-barragens-de-mineracao\/#article","isPartOf":{"@id":"https:\/\/agenciainfra.com\/blog\/tcu-cobra-decreto-sobre-barragens-de-mineracao\/"},"author":{"name":"Ag\u00eancia iNFRA","@id":"https:\/\/agenciainfra.com\/blog\/#\/schema\/person\/34af08dff6adea4cb22b06612ba7acfa"},"headline":"TCU cobra decreto sobre barragens de minera\u00e7\u00e3o","datePublished":"2026-03-11T21:24:23+00:00","dateModified":"2026-03-12T19:45:41+00:00","mainEntityOfPage":{"@id":"https:\/\/agenciainfra.com\/blog\/tcu-cobra-decreto-sobre-barragens-de-mineracao\/"},"wordCount":337,"publisher":{"@id":"https:\/\/agenciainfra.com\/blog\/#organization"},"image":{"@id":"https:\/\/agenciainfra.com\/blog\/tcu-cobra-decreto-sobre-barragens-de-mineracao\/#primaryimage"},"thumbnailUrl":"https:\/\/agenciainfra.com\/blog\/wp-content\/uploads\/2026\/03\/Ministro-Jorge-Oliveira-Foto-Samuel-Figueira-TCU.jpg","keywords":["barragem de rejeitos","Casa Civil","GT","Jorge Oliveira","Lei 14.066\/2020","Pol\u00edtica Nacional de Seguran\u00e7a de Barragens","Rafael Bitencourt","SAJ","TCU (Tribunal de Contas da Uni\u00e3o)"],"articleSection":["Destaque lista","Minera\u00e7\u00e3o"],"inLanguage":"pt-BR","copyrightYear":"2026","copyrightHolder":{"@id":"https:\/\/agenciainfra.com\/blog\/#organization"}},{"@type":"WebPage","@id":"https:\/\/agenciainfra.com\/blog\/tcu-cobra-decreto-sobre-barragens-de-mineracao\/","url":"https:\/\/agenciainfra.com\/blog\/tcu-cobra-decreto-sobre-barragens-de-mineracao\/","name":"TCU cobra decreto sobre barragens de minera\u00e7\u00e3o - Ag\u00eancia iNFRA","isPartOf":{"@id":"https:\/\/agenciainfra.com\/blog\/#website"},"primaryImageOfPage":{"@id":"https:\/\/agenciainfra.com\/blog\/tcu-cobra-decreto-sobre-barragens-de-mineracao\/#primaryimage"},"image":{"@id":"https:\/\/agenciainfra.com\/blog\/tcu-cobra-decreto-sobre-barragens-de-mineracao\/#primaryimage"},"thumbnailUrl":"https:\/\/agenciainfra.com\/blog\/wp-content\/uploads\/2026\/03\/Ministro-Jorge-Oliveira-Foto-Samuel-Figueira-TCU.jpg","datePublished":"2026-03-11T21:24:23+00:00","dateModified":"2026-03-12T19:45:41+00:00","breadcrumb":{"@id":"https:\/\/agenciainfra.com\/blog\/tcu-cobra-decreto-sobre-barragens-de-mineracao\/#breadcrumb"},"inLanguage":"pt-BR","potentialAction":[{"@type":"ReadAction","target":["https:\/\/agenciainfra.com\/blog\/tcu-cobra-decreto-sobre-barragens-de-mineracao\/"]}]},{"@type":"ImageObject","inLanguage":"pt-BR","@id":"https:\/\/agenciainfra.com\/blog\/tcu-cobra-decreto-sobre-barragens-de-mineracao\/#primaryimage","url":"https:\/\/agenciainfra.com\/blog\/wp-content\/uploads\/2026\/03\/Ministro-Jorge-Oliveira-Foto-Samuel-Figueira-TCU.jpg","contentUrl":"https:\/\/agenciainfra.com\/blog\/wp-content\/uploads\/2026\/03\/Ministro-Jorge-Oliveira-Foto-Samuel-Figueira-TCU.jpg","width":1280,"height":720,"caption":"Foto: Samuel Figueira\/TCU"},{"@type":"BreadcrumbList","@id":"https:\/\/agenciainfra.com\/blog\/tcu-cobra-decreto-sobre-barragens-de-mineracao\/#breadcrumb","itemListElement":[{"@type":"ListItem","position":1,"name":"In\u00edcio","item":"https:\/\/agenciainfra.com\/blog\/"},{"@type":"ListItem","position":2,"name":"TCU cobra decreto sobre barragens de minera\u00e7\u00e3o"}]},{"@type":"WebSite","@id":"https:\/\/agenciainfra.com\/blog\/#website","url":"https:\/\/agenciainfra.com\/blog\/","name":"Ag\u00eancia iNFRA","description":"Multiplataforma de informa\u00e7\u00e3o jornal\u00edstica refer\u00eancia na \u00e1rea de infraestrutura no Brasil!","publisher":{"@id":"https:\/\/agenciainfra.com\/blog\/#organization"},"potentialAction":[{"@type":"SearchAction","target":{"@type":"EntryPoint","urlTemplate":"https:\/\/agenciainfra.com\/blog\/?s={search_term_string}"},"query-input":{"@type":"PropertyValueSpecification","valueRequired":true,"valueName":"search_term_string"}}],"inLanguage":"pt-BR"},{"@type":"Organization","@id":"https:\/\/agenciainfra.com\/blog\/#organization","name":"Ag\u00eancia iNFRA","url":"https:\/\/agenciainfra.com\/blog\/","logo":{"@type":"ImageObject","inLanguage":"pt-BR","@id":"https:\/\/agenciainfra.com\/blog\/#\/schema\/logo\/image\/","url":"https:\/\/agenciainfra.com\/blog\/wp-content\/uploads\/2023\/09\/iNFRA_5-e1761735885940.png","contentUrl":"https:\/\/agenciainfra.com\/blog\/wp-content\/uploads\/2023\/09\/iNFRA_5-e1761735885940.png","width":1672,"height":454,"caption":"Ag\u00eancia iNFRA"},"image":{"@id":"https:\/\/agenciainfra.com\/blog\/#\/schema\/logo\/image\/"},"sameAs":["https:\/\/www.facebook.com\/ageninfra","https:\/\/x.com\/agencia_infra","https:\/\/www.linkedin.com\/company\/ag\u00eanciainfra\/","https:\/\/www.instagram.com\/agenciainfra\/"]},{"@type":"Person","@id":"https:\/\/agenciainfra.com\/blog\/#\/schema\/person\/34af08dff6adea4cb22b06612ba7acfa","name":"Ag\u00eancia iNFRA","image":{"@type":"ImageObject","inLanguage":"pt-BR","@id":"https:\/\/agenciainfra.com\/blog\/#\/schema\/person\/image\/","url":"https:\/\/secure.gravatar.com\/avatar\/d189e01678f06d8eb84d4e01f08eb848b3fffe3f8443818d3c356c66892f5be8?s=96&d=mm&r=g","contentUrl":"https:\/\/secure.gravatar.com\/avatar\/d189e01678f06d8eb84d4e01f08eb848b3fffe3f8443818d3c356c66892f5be8?s=96&d=mm&r=g","caption":"Ag\u00eancia iNFRA"},"url":"https:\/\/agenciainfra.com\/blog\/author\/admin\/"}]}},"_links":{"self":[{"href":"https:\/\/agenciainfra.com\/blog\/wp-json\/wp\/v2\/posts\/37664","targetHints":{"allow":["GET"]}}],"collection":[{"href":"https:\/\/agenciainfra.com\/blog\/wp-json\/wp\/v2\/posts"}],"about":[{"href":"https:\/\/agenciainfra.com\/blog\/wp-json\/wp\/v2\/types\/post"}],"author":[{"embeddable":true,"href":"https:\/\/agenciainfra.com\/blog\/wp-json\/wp\/v2\/users\/1"}],"replies":[{"embeddable":true,"href":"https:\/\/agenciainfra.com\/blog\/wp-json\/wp\/v2\/comments?post=37664"}],"version-history":[{"count":3,"href":"https:\/\/agenciainfra.com\/blog\/wp-json\/wp\/v2\/posts\/37664\/revisions"}],"predecessor-version":[{"id":37709,"href":"https:\/\/agenciainfra.com\/blog\/wp-json\/wp\/v2\/posts\/37664\/revisions\/37709"}],"wp:featuredmedia":[{"embeddable":true,"href":"https:\/\/agenciainfra.com\/blog\/wp-json\/wp\/v2\/media\/37667"}],"wp:attachment":[{"href":"https:\/\/agenciainfra.com\/blog\/wp-json\/wp\/v2\/media?parent=37664"}],"wp:term":[{"taxonomy":"category","embeddable":true,"href":"https:\/\/agenciainfra.com\/blog\/wp-json\/wp\/v2\/categories?post=37664"},{"taxonomy":"post_tag","embeddable":true,"href":"https:\/\/agenciainfra.com\/blog\/wp-json\/wp\/v2\/tags?post=37664"}],"curies":[{"name":"wp","href":"https:\/\/api.w.org\/{rel}","templated":true}]}}