{"id":37677,"date":"2026-03-11T19:33:59","date_gmt":"2026-03-11T22:33:59","guid":{"rendered":"https:\/\/agenciainfra.com\/blog\/?p=37677"},"modified":"2026-03-11T19:35:27","modified_gmt":"2026-03-11T22:35:27","slug":"refinarias-privatizadas-registram-alta-nos-precos-de-combustiveis","status":"publish","type":"post","link":"https:\/\/agenciainfra.com\/blog\/refinarias-privatizadas-registram-alta-nos-precos-de-combustiveis\/","title":{"rendered":"Refinarias privatizadas registram alta nos pre\u00e7os de combust\u00edveis"},"content":{"rendered":"\n<p class=\"has-text-align-right\"><strong>da Ag\u00eancia iNFRA<\/strong><\/p>\n\n\n\n<p>Reajustes nos pre\u00e7os dos combust\u00edveis foram registrados em estados que tiveram refinarias privatizadas nos \u00faltimos anos. Dados da ANP (Ag\u00eancia Nacional do Petr\u00f3leo, G\u00e1s Natural e Biocombust\u00edveis) indicam aumentos em unidades localizadas no Amazonas, Bahia e Rio Grande do Norte.<\/p>\n\n\n\n<p>Em Manaus, a gasolina nos postos chegou a cerca de R$ 7,30 por litro, ap\u00f3s aumento m\u00e9dio de R$ 0,30 de um dia para o outro. O estado est\u00e1 pr\u00f3ximo da produ\u00e7\u00e3o de petr\u00f3leo de Urucu, mas registra um dos pre\u00e7os mais elevados do pa\u00eds. Na Ream (Refinaria da Amaz\u00f4nia), antiga refinaria Isaac Sabb\u00e1, privatizada em dezembro de 2022, o pre\u00e7o da gasolina na unidade passou de R$ 2,90 para R$ 3,47 por litro, enquanto o diesel subiu de R$ 3,78 para R$ 5,10.<\/p>\n\n\n\n<p>Na Bahia, a refinaria operada pela Acelen, antiga Rlam (Refinaria Landulpho Alves) e privatizada em 2021, tamb\u00e9m registrou reajustes. O litro da gasolina passou de R$ 2,56 para R$ 2,86, e o diesel aumentou de R$ 3,31 para R$ 4,21. Situa\u00e7\u00e3o semelhante foi observada no Rio Grande do Norte, na refinaria Clara Camar\u00e3o, vendida em 2022 e atualmente operada pela Brava. Na unidade, o pre\u00e7o da gasolina passou de R$ 2,59 para R$ 2,89 por litro.<\/p>\n\n\n\n<p>Nas refinarias operadas pela Petrobras, por outro lado, os valores permaneceram est\u00e1veis no per\u00edodo analisado: R$ 2,59 por litro de gasolina, R$ 3,80 no diesel e R$ 34,68 no botij\u00e3o de g\u00e1s de cozinha.<\/p>\n\n\n\n<p><strong>Press\u00e3o sobre importa\u00e7\u00f5es<br><\/strong>Nesta quarta-feira (11), a FUP (Federa\u00e7\u00e3o \u00danica dos Petroleiros) criticou declara\u00e7\u00f5es da Abicom (Associa\u00e7\u00e3o Brasileira dos Importadores de Combust\u00edveis) sobre a possibilidade de suspens\u00e3o das importa\u00e7\u00f5es de gasolina e diesel caso a Petrobras n\u00e3o eleve os pre\u00e7os no mercado interno. <\/p>\n\n\n\n<p>Segundo a federa\u00e7\u00e3o, a medida poderia pressionar o mercado por meio da redu\u00e7\u00e3o da oferta. A entidade afirma que esse tipo de estrat\u00e9gia pode configurar pr\u00e1tica anticoncorrencial e, dependendo das circunst\u00e2ncias, violar a Lei de Defesa da Concorr\u00eancia (<a href=\"https:\/\/www.planalto.gov.br\/ccivil_03\/_ato2011-2014\/2011\/lei\/l12529.htm\">12.529\/2011<\/a>) e a <a href=\"https:\/\/www.planalto.gov.br\/ccivil_03\/leis\/l8137.htm\">Lei 8.137\/1990<\/a>, que pro\u00edbe restringir a oferta de produtos para provocar aumento de pre\u00e7os.<\/p>\n\n\n\n<p><\/p>\n","protected":false},"excerpt":{"rendered":"<p>da Ag\u00eancia iNFRA Reajustes nos pre\u00e7os dos combust\u00edveis foram registrados em estados que tiveram refinarias privatizadas nos \u00faltimos anos. Dados da ANP (Ag\u00eancia Nacional do Petr\u00f3leo, G\u00e1s Natural e Biocombust\u00edveis) indicam aumentos em unidades localizadas no Amazonas, Bahia e Rio Grande do Norte. Em Manaus, a gasolina nos postos chegou a cerca de R$ 7,30 [&hellip;]<\/p>\n","protected":false},"author":1,"featured_media":22187,"comment_status":"closed","ping_status":"closed","sticky":false,"template":"","format":"standard","meta":{"_monsterinsights_skip_tracking":false,"_monsterinsights_sitenote_active":false,"_monsterinsights_sitenote_note":"","_monsterinsights_sitenote_category":0,"footnotes":""},"categories":[13576],"tags":[3376,1101,314,315,13316,3365,2032,3191,143,5163,51,3371],"class_list":["post-37677","post","type-post","status-publish","format-standard","has-post-thumbnail","hentry","category-giro-infra","tag-abicom","tag-anp","tag-combustiveis","tag-diesel","tag-federacao-unica-dos-petroleiros","tag-gasolina","tag-glp","tag-oleo-e-gas","tag-petrobras","tag-preco-dos-combustiveis","tag-privatizacao","tag-refinarias"],"yoast_head":"<!-- This site is optimized with the Yoast SEO Premium plugin v25.4 (Yoast SEO v26.0) - https:\/\/yoast.com\/wordpress\/plugins\/seo\/ -->\n<title>Refinarias privatizadas registram alta nos pre\u00e7os de combust\u00edveis - Ag\u00eancia iNFRA<\/title>\n<meta name=\"robots\" content=\"index, follow, max-snippet:-1, max-image-preview:large, max-video-preview:-1\" \/>\n<link rel=\"canonical\" href=\"https:\/\/agenciainfra.com\/blog\/refinarias-privatizadas-registram-alta-nos-precos-de-combustiveis\/\" \/>\n<meta property=\"og:locale\" content=\"pt_BR\" \/>\n<meta property=\"og:type\" content=\"article\" \/>\n<meta property=\"og:title\" content=\"Refinarias privatizadas registram alta nos pre\u00e7os de combust\u00edveis\" \/>\n<meta property=\"og:description\" content=\"da Ag\u00eancia iNFRA Reajustes nos pre\u00e7os dos combust\u00edveis foram registrados em estados que tiveram refinarias privatizadas nos \u00faltimos anos. Dados da ANP (Ag\u00eancia Nacional do Petr\u00f3leo, G\u00e1s Natural e Biocombust\u00edveis) indicam aumentos em unidades localizadas no Amazonas, Bahia e Rio Grande do Norte. Em Manaus, a gasolina nos postos chegou a cerca de R$ 7,30 [&hellip;]\" \/>\n<meta property=\"og:url\" content=\"https:\/\/agenciainfra.com\/blog\/refinarias-privatizadas-registram-alta-nos-precos-de-combustiveis\/\" \/>\n<meta property=\"og:site_name\" content=\"Ag\u00eancia iNFRA\" \/>\n<meta property=\"article:publisher\" content=\"https:\/\/www.facebook.com\/ageninfra\" \/>\n<meta property=\"article:published_time\" content=\"2026-03-11T22:33:59+00:00\" \/>\n<meta property=\"article:modified_time\" content=\"2026-03-11T22:35:27+00:00\" \/>\n<meta property=\"og:image\" content=\"https:\/\/agenciainfra.com\/blog\/wp-content\/uploads\/2025\/05\/Refinaria-Isaac-Sabba-Reman-Foto-Juarez-Cavalcanti_Agencia-Petrobras-1-e1748443127666.jpg\" \/>\n\t<meta property=\"og:image:width\" content=\"1280\" \/>\n\t<meta property=\"og:image:height\" content=\"721\" \/>\n\t<meta property=\"og:image:type\" content=\"image\/jpeg\" \/>\n<meta name=\"author\" content=\"Ag\u00eancia iNFRA\" \/>\n<meta name=\"twitter:card\" content=\"summary_large_image\" \/>\n<meta name=\"twitter:creator\" content=\"@agencia_infra\" \/>\n<meta name=\"twitter:site\" content=\"@agencia_infra\" \/>\n<meta name=\"twitter:label1\" content=\"Escrito por\" \/>\n\t<meta name=\"twitter:data1\" content=\"Ag\u00eancia iNFRA\" \/>\n\t<meta name=\"twitter:label2\" content=\"Est. tempo de leitura\" \/>\n\t<meta name=\"twitter:data2\" content=\"2 minutos\" \/>\n<script type=\"application\/ld+json\" class=\"yoast-schema-graph\">{\"@context\":\"https:\/\/schema.org\",\"@graph\":[{\"@type\":\"Article\",\"@id\":\"https:\/\/agenciainfra.com\/blog\/refinarias-privatizadas-registram-alta-nos-precos-de-combustiveis\/#article\",\"isPartOf\":{\"@id\":\"https:\/\/agenciainfra.com\/blog\/refinarias-privatizadas-registram-alta-nos-precos-de-combustiveis\/\"},\"author\":{\"name\":\"Ag\u00eancia iNFRA\",\"@id\":\"https:\/\/agenciainfra.com\/blog\/#\/schema\/person\/34af08dff6adea4cb22b06612ba7acfa\"},\"headline\":\"Refinarias privatizadas registram alta nos pre\u00e7os de combust\u00edveis\",\"datePublished\":\"2026-03-11T22:33:59+00:00\",\"dateModified\":\"2026-03-11T22:35:27+00:00\",\"mainEntityOfPage\":{\"@id\":\"https:\/\/agenciainfra.com\/blog\/refinarias-privatizadas-registram-alta-nos-precos-de-combustiveis\/\"},\"wordCount\":366,\"publisher\":{\"@id\":\"https:\/\/agenciainfra.com\/blog\/#organization\"},\"image\":{\"@id\":\"https:\/\/agenciainfra.com\/blog\/refinarias-privatizadas-registram-alta-nos-precos-de-combustiveis\/#primaryimage\"},\"thumbnailUrl\":\"https:\/\/agenciainfra.com\/blog\/wp-content\/uploads\/2025\/05\/Refinaria-Isaac-Sabba-Reman-Foto-Juarez-Cavalcanti_Agencia-Petrobras-1-e1748443127666.jpg\",\"keywords\":[\"Abicom\",\"ANP\",\"combust\u00edveis\",\"diesel\",\"Federa\u00e7\u00e3o \u00danica dos Petroleiros\",\"gasolina\",\"GLP\",\"\u00f3leo e g\u00e1s\",\"Petrobras\",\"pre\u00e7o dos combust\u00edveis\",\"Privatiza\u00e7\u00e3o\",\"refinarias\"],\"articleSection\":[\"Giro iNFRA\"],\"inLanguage\":\"pt-BR\",\"copyrightYear\":\"2026\",\"copyrightHolder\":{\"@id\":\"https:\/\/agenciainfra.com\/blog\/#organization\"}},{\"@type\":\"WebPage\",\"@id\":\"https:\/\/agenciainfra.com\/blog\/refinarias-privatizadas-registram-alta-nos-precos-de-combustiveis\/\",\"url\":\"https:\/\/agenciainfra.com\/blog\/refinarias-privatizadas-registram-alta-nos-precos-de-combustiveis\/\",\"name\":\"Refinarias privatizadas registram alta nos pre\u00e7os de combust\u00edveis - Ag\u00eancia iNFRA\",\"isPartOf\":{\"@id\":\"https:\/\/agenciainfra.com\/blog\/#website\"},\"primaryImageOfPage\":{\"@id\":\"https:\/\/agenciainfra.com\/blog\/refinarias-privatizadas-registram-alta-nos-precos-de-combustiveis\/#primaryimage\"},\"image\":{\"@id\":\"https:\/\/agenciainfra.com\/blog\/refinarias-privatizadas-registram-alta-nos-precos-de-combustiveis\/#primaryimage\"},\"thumbnailUrl\":\"https:\/\/agenciainfra.com\/blog\/wp-content\/uploads\/2025\/05\/Refinaria-Isaac-Sabba-Reman-Foto-Juarez-Cavalcanti_Agencia-Petrobras-1-e1748443127666.jpg\",\"datePublished\":\"2026-03-11T22:33:59+00:00\",\"dateModified\":\"2026-03-11T22:35:27+00:00\",\"breadcrumb\":{\"@id\":\"https:\/\/agenciainfra.com\/blog\/refinarias-privatizadas-registram-alta-nos-precos-de-combustiveis\/#breadcrumb\"},\"inLanguage\":\"pt-BR\",\"potentialAction\":[{\"@type\":\"ReadAction\",\"target\":[\"https:\/\/agenciainfra.com\/blog\/refinarias-privatizadas-registram-alta-nos-precos-de-combustiveis\/\"]}]},{\"@type\":\"ImageObject\",\"inLanguage\":\"pt-BR\",\"@id\":\"https:\/\/agenciainfra.com\/blog\/refinarias-privatizadas-registram-alta-nos-precos-de-combustiveis\/#primaryimage\",\"url\":\"https:\/\/agenciainfra.com\/blog\/wp-content\/uploads\/2025\/05\/Refinaria-Isaac-Sabba-Reman-Foto-Juarez-Cavalcanti_Agencia-Petrobras-1-e1748443127666.jpg\",\"contentUrl\":\"https:\/\/agenciainfra.com\/blog\/wp-content\/uploads\/2025\/05\/Refinaria-Isaac-Sabba-Reman-Foto-Juarez-Cavalcanti_Agencia-Petrobras-1-e1748443127666.jpg\",\"width\":1280,\"height\":721,\"caption\":\"Foto: Juarez Cavalcanti\/Ag\u00eancia Petrobras\"},{\"@type\":\"BreadcrumbList\",\"@id\":\"https:\/\/agenciainfra.com\/blog\/refinarias-privatizadas-registram-alta-nos-precos-de-combustiveis\/#breadcrumb\",\"itemListElement\":[{\"@type\":\"ListItem\",\"position\":1,\"name\":\"In\u00edcio\",\"item\":\"https:\/\/agenciainfra.com\/blog\/\"},{\"@type\":\"ListItem\",\"position\":2,\"name\":\"Refinarias privatizadas registram alta nos pre\u00e7os de combust\u00edveis\"}]},{\"@type\":\"WebSite\",\"@id\":\"https:\/\/agenciainfra.com\/blog\/#website\",\"url\":\"https:\/\/agenciainfra.com\/blog\/\",\"name\":\"Ag\u00eancia iNFRA\",\"description\":\"Multiplataforma de informa\u00e7\u00e3o jornal\u00edstica refer\u00eancia na \u00e1rea de infraestrutura no Brasil!\",\"publisher\":{\"@id\":\"https:\/\/agenciainfra.com\/blog\/#organization\"},\"potentialAction\":[{\"@type\":\"SearchAction\",\"target\":{\"@type\":\"EntryPoint\",\"urlTemplate\":\"https:\/\/agenciainfra.com\/blog\/?s={search_term_string}\"},\"query-input\":{\"@type\":\"PropertyValueSpecification\",\"valueRequired\":true,\"valueName\":\"search_term_string\"}}],\"inLanguage\":\"pt-BR\"},{\"@type\":\"Organization\",\"@id\":\"https:\/\/agenciainfra.com\/blog\/#organization\",\"name\":\"Ag\u00eancia iNFRA\",\"url\":\"https:\/\/agenciainfra.com\/blog\/\",\"logo\":{\"@type\":\"ImageObject\",\"inLanguage\":\"pt-BR\",\"@id\":\"https:\/\/agenciainfra.com\/blog\/#\/schema\/logo\/image\/\",\"url\":\"https:\/\/agenciainfra.com\/blog\/wp-content\/uploads\/2023\/09\/iNFRA_5-e1761735885940.png\",\"contentUrl\":\"https:\/\/agenciainfra.com\/blog\/wp-content\/uploads\/2023\/09\/iNFRA_5-e1761735885940.png\",\"width\":1672,\"height\":454,\"caption\":\"Ag\u00eancia iNFRA\"},\"image\":{\"@id\":\"https:\/\/agenciainfra.com\/blog\/#\/schema\/logo\/image\/\"},\"sameAs\":[\"https:\/\/www.facebook.com\/ageninfra\",\"https:\/\/x.com\/agencia_infra\",\"https:\/\/www.linkedin.com\/company\/ag\u00eanciainfra\/\",\"https:\/\/www.instagram.com\/agenciainfra\/\"]},{\"@type\":\"Person\",\"@id\":\"https:\/\/agenciainfra.com\/blog\/#\/schema\/person\/34af08dff6adea4cb22b06612ba7acfa\",\"name\":\"Ag\u00eancia iNFRA\",\"image\":{\"@type\":\"ImageObject\",\"inLanguage\":\"pt-BR\",\"@id\":\"https:\/\/agenciainfra.com\/blog\/#\/schema\/person\/image\/\",\"url\":\"https:\/\/secure.gravatar.com\/avatar\/d189e01678f06d8eb84d4e01f08eb848b3fffe3f8443818d3c356c66892f5be8?s=96&d=mm&r=g\",\"contentUrl\":\"https:\/\/secure.gravatar.com\/avatar\/d189e01678f06d8eb84d4e01f08eb848b3fffe3f8443818d3c356c66892f5be8?s=96&d=mm&r=g\",\"caption\":\"Ag\u00eancia iNFRA\"},\"url\":\"https:\/\/agenciainfra.com\/blog\/author\/admin\/\"}]}<\/script>\n<!-- \/ Yoast SEO Premium plugin. -->","yoast_head_json":{"title":"Refinarias privatizadas registram alta nos pre\u00e7os de combust\u00edveis - Ag\u00eancia iNFRA","robots":{"index":"index","follow":"follow","max-snippet":"max-snippet:-1","max-image-preview":"max-image-preview:large","max-video-preview":"max-video-preview:-1"},"canonical":"https:\/\/agenciainfra.com\/blog\/refinarias-privatizadas-registram-alta-nos-precos-de-combustiveis\/","og_locale":"pt_BR","og_type":"article","og_title":"Refinarias privatizadas registram alta nos pre\u00e7os de combust\u00edveis","og_description":"da Ag\u00eancia iNFRA Reajustes nos pre\u00e7os dos combust\u00edveis foram registrados em estados que tiveram refinarias privatizadas nos \u00faltimos anos. Dados da ANP (Ag\u00eancia Nacional do Petr\u00f3leo, G\u00e1s Natural e Biocombust\u00edveis) indicam aumentos em unidades localizadas no Amazonas, Bahia e Rio Grande do Norte. Em Manaus, a gasolina nos postos chegou a cerca de R$ 7,30 [&hellip;]","og_url":"https:\/\/agenciainfra.com\/blog\/refinarias-privatizadas-registram-alta-nos-precos-de-combustiveis\/","og_site_name":"Ag\u00eancia iNFRA","article_publisher":"https:\/\/www.facebook.com\/ageninfra","article_published_time":"2026-03-11T22:33:59+00:00","article_modified_time":"2026-03-11T22:35:27+00:00","og_image":[{"width":1280,"height":721,"url":"https:\/\/agenciainfra.com\/blog\/wp-content\/uploads\/2025\/05\/Refinaria-Isaac-Sabba-Reman-Foto-Juarez-Cavalcanti_Agencia-Petrobras-1-e1748443127666.jpg","type":"image\/jpeg"}],"author":"Ag\u00eancia iNFRA","twitter_card":"summary_large_image","twitter_creator":"@agencia_infra","twitter_site":"@agencia_infra","twitter_misc":{"Escrito por":"Ag\u00eancia iNFRA","Est. tempo de leitura":"2 minutos"},"schema":{"@context":"https:\/\/schema.org","@graph":[{"@type":"Article","@id":"https:\/\/agenciainfra.com\/blog\/refinarias-privatizadas-registram-alta-nos-precos-de-combustiveis\/#article","isPartOf":{"@id":"https:\/\/agenciainfra.com\/blog\/refinarias-privatizadas-registram-alta-nos-precos-de-combustiveis\/"},"author":{"name":"Ag\u00eancia iNFRA","@id":"https:\/\/agenciainfra.com\/blog\/#\/schema\/person\/34af08dff6adea4cb22b06612ba7acfa"},"headline":"Refinarias privatizadas registram alta nos pre\u00e7os de combust\u00edveis","datePublished":"2026-03-11T22:33:59+00:00","dateModified":"2026-03-11T22:35:27+00:00","mainEntityOfPage":{"@id":"https:\/\/agenciainfra.com\/blog\/refinarias-privatizadas-registram-alta-nos-precos-de-combustiveis\/"},"wordCount":366,"publisher":{"@id":"https:\/\/agenciainfra.com\/blog\/#organization"},"image":{"@id":"https:\/\/agenciainfra.com\/blog\/refinarias-privatizadas-registram-alta-nos-precos-de-combustiveis\/#primaryimage"},"thumbnailUrl":"https:\/\/agenciainfra.com\/blog\/wp-content\/uploads\/2025\/05\/Refinaria-Isaac-Sabba-Reman-Foto-Juarez-Cavalcanti_Agencia-Petrobras-1-e1748443127666.jpg","keywords":["Abicom","ANP","combust\u00edveis","diesel","Federa\u00e7\u00e3o \u00danica dos Petroleiros","gasolina","GLP","\u00f3leo e g\u00e1s","Petrobras","pre\u00e7o dos combust\u00edveis","Privatiza\u00e7\u00e3o","refinarias"],"articleSection":["Giro iNFRA"],"inLanguage":"pt-BR","copyrightYear":"2026","copyrightHolder":{"@id":"https:\/\/agenciainfra.com\/blog\/#organization"}},{"@type":"WebPage","@id":"https:\/\/agenciainfra.com\/blog\/refinarias-privatizadas-registram-alta-nos-precos-de-combustiveis\/","url":"https:\/\/agenciainfra.com\/blog\/refinarias-privatizadas-registram-alta-nos-precos-de-combustiveis\/","name":"Refinarias privatizadas registram alta nos pre\u00e7os de combust\u00edveis - Ag\u00eancia iNFRA","isPartOf":{"@id":"https:\/\/agenciainfra.com\/blog\/#website"},"primaryImageOfPage":{"@id":"https:\/\/agenciainfra.com\/blog\/refinarias-privatizadas-registram-alta-nos-precos-de-combustiveis\/#primaryimage"},"image":{"@id":"https:\/\/agenciainfra.com\/blog\/refinarias-privatizadas-registram-alta-nos-precos-de-combustiveis\/#primaryimage"},"thumbnailUrl":"https:\/\/agenciainfra.com\/blog\/wp-content\/uploads\/2025\/05\/Refinaria-Isaac-Sabba-Reman-Foto-Juarez-Cavalcanti_Agencia-Petrobras-1-e1748443127666.jpg","datePublished":"2026-03-11T22:33:59+00:00","dateModified":"2026-03-11T22:35:27+00:00","breadcrumb":{"@id":"https:\/\/agenciainfra.com\/blog\/refinarias-privatizadas-registram-alta-nos-precos-de-combustiveis\/#breadcrumb"},"inLanguage":"pt-BR","potentialAction":[{"@type":"ReadAction","target":["https:\/\/agenciainfra.com\/blog\/refinarias-privatizadas-registram-alta-nos-precos-de-combustiveis\/"]}]},{"@type":"ImageObject","inLanguage":"pt-BR","@id":"https:\/\/agenciainfra.com\/blog\/refinarias-privatizadas-registram-alta-nos-precos-de-combustiveis\/#primaryimage","url":"https:\/\/agenciainfra.com\/blog\/wp-content\/uploads\/2025\/05\/Refinaria-Isaac-Sabba-Reman-Foto-Juarez-Cavalcanti_Agencia-Petrobras-1-e1748443127666.jpg","contentUrl":"https:\/\/agenciainfra.com\/blog\/wp-content\/uploads\/2025\/05\/Refinaria-Isaac-Sabba-Reman-Foto-Juarez-Cavalcanti_Agencia-Petrobras-1-e1748443127666.jpg","width":1280,"height":721,"caption":"Foto: Juarez Cavalcanti\/Ag\u00eancia Petrobras"},{"@type":"BreadcrumbList","@id":"https:\/\/agenciainfra.com\/blog\/refinarias-privatizadas-registram-alta-nos-precos-de-combustiveis\/#breadcrumb","itemListElement":[{"@type":"ListItem","position":1,"name":"In\u00edcio","item":"https:\/\/agenciainfra.com\/blog\/"},{"@type":"ListItem","position":2,"name":"Refinarias privatizadas registram alta nos pre\u00e7os de combust\u00edveis"}]},{"@type":"WebSite","@id":"https:\/\/agenciainfra.com\/blog\/#website","url":"https:\/\/agenciainfra.com\/blog\/","name":"Ag\u00eancia iNFRA","description":"Multiplataforma de informa\u00e7\u00e3o jornal\u00edstica refer\u00eancia na \u00e1rea de infraestrutura no Brasil!","publisher":{"@id":"https:\/\/agenciainfra.com\/blog\/#organization"},"potentialAction":[{"@type":"SearchAction","target":{"@type":"EntryPoint","urlTemplate":"https:\/\/agenciainfra.com\/blog\/?s={search_term_string}"},"query-input":{"@type":"PropertyValueSpecification","valueRequired":true,"valueName":"search_term_string"}}],"inLanguage":"pt-BR"},{"@type":"Organization","@id":"https:\/\/agenciainfra.com\/blog\/#organization","name":"Ag\u00eancia iNFRA","url":"https:\/\/agenciainfra.com\/blog\/","logo":{"@type":"ImageObject","inLanguage":"pt-BR","@id":"https:\/\/agenciainfra.com\/blog\/#\/schema\/logo\/image\/","url":"https:\/\/agenciainfra.com\/blog\/wp-content\/uploads\/2023\/09\/iNFRA_5-e1761735885940.png","contentUrl":"https:\/\/agenciainfra.com\/blog\/wp-content\/uploads\/2023\/09\/iNFRA_5-e1761735885940.png","width":1672,"height":454,"caption":"Ag\u00eancia iNFRA"},"image":{"@id":"https:\/\/agenciainfra.com\/blog\/#\/schema\/logo\/image\/"},"sameAs":["https:\/\/www.facebook.com\/ageninfra","https:\/\/x.com\/agencia_infra","https:\/\/www.linkedin.com\/company\/ag\u00eanciainfra\/","https:\/\/www.instagram.com\/agenciainfra\/"]},{"@type":"Person","@id":"https:\/\/agenciainfra.com\/blog\/#\/schema\/person\/34af08dff6adea4cb22b06612ba7acfa","name":"Ag\u00eancia iNFRA","image":{"@type":"ImageObject","inLanguage":"pt-BR","@id":"https:\/\/agenciainfra.com\/blog\/#\/schema\/person\/image\/","url":"https:\/\/secure.gravatar.com\/avatar\/d189e01678f06d8eb84d4e01f08eb848b3fffe3f8443818d3c356c66892f5be8?s=96&d=mm&r=g","contentUrl":"https:\/\/secure.gravatar.com\/avatar\/d189e01678f06d8eb84d4e01f08eb848b3fffe3f8443818d3c356c66892f5be8?s=96&d=mm&r=g","caption":"Ag\u00eancia iNFRA"},"url":"https:\/\/agenciainfra.com\/blog\/author\/admin\/"}]}},"_links":{"self":[{"href":"https:\/\/agenciainfra.com\/blog\/wp-json\/wp\/v2\/posts\/37677","targetHints":{"allow":["GET"]}}],"collection":[{"href":"https:\/\/agenciainfra.com\/blog\/wp-json\/wp\/v2\/posts"}],"about":[{"href":"https:\/\/agenciainfra.com\/blog\/wp-json\/wp\/v2\/types\/post"}],"author":[{"embeddable":true,"href":"https:\/\/agenciainfra.com\/blog\/wp-json\/wp\/v2\/users\/1"}],"replies":[{"embeddable":true,"href":"https:\/\/agenciainfra.com\/blog\/wp-json\/wp\/v2\/comments?post=37677"}],"version-history":[{"count":2,"href":"https:\/\/agenciainfra.com\/blog\/wp-json\/wp\/v2\/posts\/37677\/revisions"}],"predecessor-version":[{"id":37679,"href":"https:\/\/agenciainfra.com\/blog\/wp-json\/wp\/v2\/posts\/37677\/revisions\/37679"}],"wp:featuredmedia":[{"embeddable":true,"href":"https:\/\/agenciainfra.com\/blog\/wp-json\/wp\/v2\/media\/22187"}],"wp:attachment":[{"href":"https:\/\/agenciainfra.com\/blog\/wp-json\/wp\/v2\/media?parent=37677"}],"wp:term":[{"taxonomy":"category","embeddable":true,"href":"https:\/\/agenciainfra.com\/blog\/wp-json\/wp\/v2\/categories?post=37677"},{"taxonomy":"post_tag","embeddable":true,"href":"https:\/\/agenciainfra.com\/blog\/wp-json\/wp\/v2\/tags?post=37677"}],"curies":[{"name":"wp","href":"https:\/\/api.w.org\/{rel}","templated":true}]}}