{"id":37689,"date":"2026-03-12T12:05:11","date_gmt":"2026-03-12T15:05:11","guid":{"rendered":"https:\/\/agenciainfra.com\/blog\/?p=37689"},"modified":"2026-03-13T09:46:42","modified_gmt":"2026-03-13T12:46:42","slug":"vibra-custo-maior-com-importacao-de-combustivel-ja-e-repassado-no-preco","status":"publish","type":"post","link":"https:\/\/agenciainfra.com\/blog\/vibra-custo-maior-com-importacao-de-combustivel-ja-e-repassado-no-preco\/","title":{"rendered":"Vibra: Custo maior com importa\u00e7\u00e3o de combust\u00edvel j\u00e1 \u00e9 repassado no pre\u00e7o"},"content":{"rendered":"\n<p class=\"has-text-align-right\"><strong>Gabriel Vasconcelos, da ag\u00eancia iNFRA<\/strong><\/p>\n\n\n\n<p>O CEO da Vibra, Ernesto Pousada, afirmou nesta quinta-feira (12) que todo o aumento de custo com importa\u00e7\u00f5es de combust\u00edvel j\u00e1 est\u00e1 sendo &#8220;passado adiante na margem&#8221;, ou seja nos pre\u00e7os praticados pela companhia junto aos varejistas.<\/p>\n\n\n\n<p>O executivo falou em teleconfer\u00eancia com analistas sobre os resultados financeiros do 4\u00b0 trimestre de 2025. Sem precisar os volumes e previs\u00e3o de dura\u00e7\u00e3o, Pousada tamb\u00e9m repetiu, mais de uma vez, que a Vibra est\u00e1 com estoques de diesel &#8220;absolutamente normais&#8221;, com volumes suficientes para seguir atendendo seus &#8220;clientes habituais&#8221;.<\/p>\n\n\n\n<p>Na pr\u00e1tica, o repasse dos custos de importa\u00e7\u00e3o no pre\u00e7o aos revendedores significa encarecimento do diesel e gasolina para o consumidor na ponta da cadeia. Maior distribuidora de combust\u00edveis do pa\u00eds, a Vibra ainda n\u00e3o tinha se posicionado publicamente sobre a din\u00e2mica dos seus pre\u00e7os em meio \u00e0 escalada das cota\u00e7\u00f5es internacionais do petr\u00f3leo e seus derivados nos \u00faltimos 13 dias, desde o in\u00edcio da guerra no Oriente M\u00e9dio. Em que pese a estabilidade dos pre\u00e7os da Petrobras, a Vibra e outras distribuidoras j\u00e1 t\u00eam elevado seus pre\u00e7os para equilibrar o maior custo corrente ou futuro com a parcela importada.<\/p>\n\n\n\n<p>&#8220;Todo esse valor que est\u00e1 sendo importado, esse custo a mais em que estamos incorrendo, estamos passando isso adiante como margem. Para todas as nossas importa\u00e7\u00f5es, fazemos o hedge [cobertura] e o repasse est\u00e1 sendo feito. Ele tem um impacto, mas que se dilui na opera\u00e7\u00e3o porque temos um volume muito grande que vem da Petrobras [com pre\u00e7os est\u00e1veis at\u00e9 aqui]&#8221;, disse Pousada.<\/p>\n\n\n\n<p>Num segundo momento, ele frisou que a empresa segue fazendo as importa\u00e7\u00f5es necess\u00e1rias para os pr\u00f3ximos meses de opera\u00e7\u00e3o, sempre com o hedge dos custos. O executivo tamb\u00e9m explicou que a atual situa\u00e7\u00e3o de conforto da companhia se deve, em boa medida, aos estoques mais altos formados no in\u00edcio do ano.<\/p>\n\n\n\n<p>&#8220;Os estoques est\u00e3o muito parecidos com o que estavam em meses anteriores. Na passagem de fevereiro para mar\u00e7o, est\u00e1vamos com estoques mais altos, o que garantiu que possamos atender a todos os nossos clientes habituais&#8221;, disse.<\/p>\n\n\n\n<p>A Vibra apresentou na quarta-feira (11) os resultados financeiros de outubro a dezembro, com um lucro consolidado de R$ 615 milh\u00f5es, sendo R$ 569 milh\u00f5es advindos do neg\u00f3cio de combust\u00edveis, alta de 11% em rela\u00e7\u00e3o a igual per\u00edodo de 2024.<\/p>\n\n\n\n<p>Pousada destacou que, para o futuro, todos os planos passam por avan\u00e7ar &#8220;gradualmente e de forma estrutural&#8221;, tanto na margem de distribui\u00e7\u00e3o, quanto na participa\u00e7\u00e3o de mercado. E destacou que 2025 e os \u00faltimos meses s\u00e3o um per\u00edodo de &#8220;inflex\u00e3o&#8221; do neg\u00f3cio, tendo sido bom momento para o aumento da base de postos, o que, reconheceu, se refor\u00e7a agora, com o contexto de instabilidade na cadeia, que leva revendedores a buscarem maior seguran\u00e7a no fornecimento.<\/p>\n","protected":false},"excerpt":{"rendered":"<p>Gabriel Vasconcelos, da ag\u00eancia iNFRA O CEO da Vibra, Ernesto Pousada, afirmou nesta quinta-feira (12) que todo o aumento de custo com importa\u00e7\u00f5es de combust\u00edvel j\u00e1 est\u00e1 sendo &#8220;passado adiante na margem&#8221;, ou seja nos pre\u00e7os praticados pela companhia junto aos varejistas. O executivo falou em teleconfer\u00eancia com analistas sobre os resultados financeiros do 4\u00b0 [&hellip;]<\/p>\n","protected":false},"author":1,"featured_media":37692,"comment_status":"closed","ping_status":"closed","sticky":false,"template":"","format":"standard","meta":{"_monsterinsights_skip_tracking":false,"_monsterinsights_sitenote_active":false,"_monsterinsights_sitenote_note":"","_monsterinsights_sitenote_category":0,"footnotes":""},"categories":[7250,13271],"tags":[18901,18900,314,18721,315,18899,18902,13251,213,7033],"class_list":["post-37689","post","type-post","status-publish","format-standard","has-post-thumbnail","hentry","category-destaque-lista","category-oleo-gas","tag-abastecimento-de-combustiveis","tag-ceo-da-vibra","tag-combustiveis","tag-crise-no-ira","tag-diesel","tag-ernesto-pousada","tag-estoque-de-diesel","tag-gabriel-vasconcelos","tag-petroleo","tag-vibra"],"yoast_head":"<!-- This site is optimized with the Yoast SEO Premium plugin v25.4 (Yoast SEO v26.0) - https:\/\/yoast.com\/wordpress\/plugins\/seo\/ -->\n<title>Vibra: Custo maior com importa\u00e7\u00e3o de combust\u00edvel j\u00e1 \u00e9 repassado no pre\u00e7o - Ag\u00eancia iNFRA<\/title>\n<meta name=\"robots\" content=\"index, follow, max-snippet:-1, max-image-preview:large, max-video-preview:-1\" \/>\n<link rel=\"canonical\" href=\"https:\/\/agenciainfra.com\/blog\/vibra-custo-maior-com-importacao-de-combustivel-ja-e-repassado-no-preco\/\" \/>\n<meta property=\"og:locale\" content=\"pt_BR\" \/>\n<meta property=\"og:type\" content=\"article\" \/>\n<meta property=\"og:title\" content=\"Vibra: Custo maior com importa\u00e7\u00e3o de combust\u00edvel j\u00e1 \u00e9 repassado no pre\u00e7o\" \/>\n<meta property=\"og:description\" content=\"Gabriel Vasconcelos, da ag\u00eancia iNFRA O CEO da Vibra, Ernesto Pousada, afirmou nesta quinta-feira (12) que todo o aumento de custo com importa\u00e7\u00f5es de combust\u00edvel j\u00e1 est\u00e1 sendo &#8220;passado adiante na margem&#8221;, ou seja nos pre\u00e7os praticados pela companhia junto aos varejistas. O executivo falou em teleconfer\u00eancia com analistas sobre os resultados financeiros do 4\u00b0 [&hellip;]\" \/>\n<meta property=\"og:url\" content=\"https:\/\/agenciainfra.com\/blog\/vibra-custo-maior-com-importacao-de-combustivel-ja-e-repassado-no-preco\/\" \/>\n<meta property=\"og:site_name\" content=\"Ag\u00eancia iNFRA\" \/>\n<meta property=\"article:publisher\" content=\"https:\/\/www.facebook.com\/ageninfra\" \/>\n<meta property=\"article:published_time\" content=\"2026-03-12T15:05:11+00:00\" \/>\n<meta property=\"article:modified_time\" content=\"2026-03-13T12:46:42+00:00\" \/>\n<meta property=\"og:image\" content=\"https:\/\/agenciainfra.com\/blog\/wp-content\/uploads\/2026\/03\/ernesto-pousada-foto-vibra-divulgacao-1-1.png\" \/>\n\t<meta property=\"og:image:width\" content=\"1716\" \/>\n\t<meta property=\"og:image:height\" content=\"1028\" \/>\n\t<meta property=\"og:image:type\" content=\"image\/png\" \/>\n<meta name=\"author\" content=\"Ag\u00eancia iNFRA\" \/>\n<meta name=\"twitter:card\" content=\"summary_large_image\" \/>\n<meta name=\"twitter:creator\" content=\"@agencia_infra\" \/>\n<meta name=\"twitter:site\" content=\"@agencia_infra\" \/>\n<meta name=\"twitter:label1\" content=\"Escrito por\" \/>\n\t<meta name=\"twitter:data1\" content=\"Ag\u00eancia iNFRA\" \/>\n\t<meta name=\"twitter:label2\" content=\"Est. tempo de leitura\" \/>\n\t<meta name=\"twitter:data2\" content=\"2 minutos\" \/>\n<script type=\"application\/ld+json\" class=\"yoast-schema-graph\">{\"@context\":\"https:\/\/schema.org\",\"@graph\":[{\"@type\":\"Article\",\"@id\":\"https:\/\/agenciainfra.com\/blog\/vibra-custo-maior-com-importacao-de-combustivel-ja-e-repassado-no-preco\/#article\",\"isPartOf\":{\"@id\":\"https:\/\/agenciainfra.com\/blog\/vibra-custo-maior-com-importacao-de-combustivel-ja-e-repassado-no-preco\/\"},\"author\":{\"name\":\"Ag\u00eancia iNFRA\",\"@id\":\"https:\/\/agenciainfra.com\/blog\/#\/schema\/person\/34af08dff6adea4cb22b06612ba7acfa\"},\"headline\":\"Vibra: Custo maior com importa\u00e7\u00e3o de combust\u00edvel j\u00e1 \u00e9 repassado no pre\u00e7o\",\"datePublished\":\"2026-03-12T15:05:11+00:00\",\"dateModified\":\"2026-03-13T12:46:42+00:00\",\"mainEntityOfPage\":{\"@id\":\"https:\/\/agenciainfra.com\/blog\/vibra-custo-maior-com-importacao-de-combustivel-ja-e-repassado-no-preco\/\"},\"wordCount\":512,\"publisher\":{\"@id\":\"https:\/\/agenciainfra.com\/blog\/#organization\"},\"image\":{\"@id\":\"https:\/\/agenciainfra.com\/blog\/vibra-custo-maior-com-importacao-de-combustivel-ja-e-repassado-no-preco\/#primaryimage\"},\"thumbnailUrl\":\"https:\/\/agenciainfra.com\/blog\/wp-content\/uploads\/2026\/03\/ernesto-pousada-foto-vibra-divulgacao-1-1.png\",\"keywords\":[\"abastecimento de combust\u00edveis\",\"CEO da Vibra\",\"combust\u00edveis\",\"crise no ir\u00e3\",\"diesel\",\"Ernesto Pousada\",\"estoque de diesel\",\"Gabriel Vasconcelos\",\"petr\u00f3leo\",\"Vibra\"],\"articleSection\":[\"Destaque lista\",\"\u00d3leo &amp; G\u00e1s\"],\"inLanguage\":\"pt-BR\",\"copyrightYear\":\"2026\",\"copyrightHolder\":{\"@id\":\"https:\/\/agenciainfra.com\/blog\/#organization\"}},{\"@type\":\"WebPage\",\"@id\":\"https:\/\/agenciainfra.com\/blog\/vibra-custo-maior-com-importacao-de-combustivel-ja-e-repassado-no-preco\/\",\"url\":\"https:\/\/agenciainfra.com\/blog\/vibra-custo-maior-com-importacao-de-combustivel-ja-e-repassado-no-preco\/\",\"name\":\"Vibra: Custo maior com importa\u00e7\u00e3o de combust\u00edvel j\u00e1 \u00e9 repassado no pre\u00e7o - Ag\u00eancia iNFRA\",\"isPartOf\":{\"@id\":\"https:\/\/agenciainfra.com\/blog\/#website\"},\"primaryImageOfPage\":{\"@id\":\"https:\/\/agenciainfra.com\/blog\/vibra-custo-maior-com-importacao-de-combustivel-ja-e-repassado-no-preco\/#primaryimage\"},\"image\":{\"@id\":\"https:\/\/agenciainfra.com\/blog\/vibra-custo-maior-com-importacao-de-combustivel-ja-e-repassado-no-preco\/#primaryimage\"},\"thumbnailUrl\":\"https:\/\/agenciainfra.com\/blog\/wp-content\/uploads\/2026\/03\/ernesto-pousada-foto-vibra-divulgacao-1-1.png\",\"datePublished\":\"2026-03-12T15:05:11+00:00\",\"dateModified\":\"2026-03-13T12:46:42+00:00\",\"breadcrumb\":{\"@id\":\"https:\/\/agenciainfra.com\/blog\/vibra-custo-maior-com-importacao-de-combustivel-ja-e-repassado-no-preco\/#breadcrumb\"},\"inLanguage\":\"pt-BR\",\"potentialAction\":[{\"@type\":\"ReadAction\",\"target\":[\"https:\/\/agenciainfra.com\/blog\/vibra-custo-maior-com-importacao-de-combustivel-ja-e-repassado-no-preco\/\"]}]},{\"@type\":\"ImageObject\",\"inLanguage\":\"pt-BR\",\"@id\":\"https:\/\/agenciainfra.com\/blog\/vibra-custo-maior-com-importacao-de-combustivel-ja-e-repassado-no-preco\/#primaryimage\",\"url\":\"https:\/\/agenciainfra.com\/blog\/wp-content\/uploads\/2026\/03\/ernesto-pousada-foto-vibra-divulgacao-1-1.png\",\"contentUrl\":\"https:\/\/agenciainfra.com\/blog\/wp-content\/uploads\/2026\/03\/ernesto-pousada-foto-vibra-divulgacao-1-1.png\",\"width\":1716,\"height\":1028,\"caption\":\"Foto: Divulga\u00e7\u00e3o Vibra\"},{\"@type\":\"BreadcrumbList\",\"@id\":\"https:\/\/agenciainfra.com\/blog\/vibra-custo-maior-com-importacao-de-combustivel-ja-e-repassado-no-preco\/#breadcrumb\",\"itemListElement\":[{\"@type\":\"ListItem\",\"position\":1,\"name\":\"In\u00edcio\",\"item\":\"https:\/\/agenciainfra.com\/blog\/\"},{\"@type\":\"ListItem\",\"position\":2,\"name\":\"Vibra: Custo maior com importa\u00e7\u00e3o de combust\u00edvel j\u00e1 \u00e9 repassado no pre\u00e7o\"}]},{\"@type\":\"WebSite\",\"@id\":\"https:\/\/agenciainfra.com\/blog\/#website\",\"url\":\"https:\/\/agenciainfra.com\/blog\/\",\"name\":\"Ag\u00eancia iNFRA\",\"description\":\"Multiplataforma de informa\u00e7\u00e3o jornal\u00edstica refer\u00eancia na \u00e1rea de infraestrutura no Brasil!\",\"publisher\":{\"@id\":\"https:\/\/agenciainfra.com\/blog\/#organization\"},\"potentialAction\":[{\"@type\":\"SearchAction\",\"target\":{\"@type\":\"EntryPoint\",\"urlTemplate\":\"https:\/\/agenciainfra.com\/blog\/?s={search_term_string}\"},\"query-input\":{\"@type\":\"PropertyValueSpecification\",\"valueRequired\":true,\"valueName\":\"search_term_string\"}}],\"inLanguage\":\"pt-BR\"},{\"@type\":\"Organization\",\"@id\":\"https:\/\/agenciainfra.com\/blog\/#organization\",\"name\":\"Ag\u00eancia iNFRA\",\"url\":\"https:\/\/agenciainfra.com\/blog\/\",\"logo\":{\"@type\":\"ImageObject\",\"inLanguage\":\"pt-BR\",\"@id\":\"https:\/\/agenciainfra.com\/blog\/#\/schema\/logo\/image\/\",\"url\":\"https:\/\/agenciainfra.com\/blog\/wp-content\/uploads\/2023\/09\/iNFRA_5-e1761735885940.png\",\"contentUrl\":\"https:\/\/agenciainfra.com\/blog\/wp-content\/uploads\/2023\/09\/iNFRA_5-e1761735885940.png\",\"width\":1672,\"height\":454,\"caption\":\"Ag\u00eancia iNFRA\"},\"image\":{\"@id\":\"https:\/\/agenciainfra.com\/blog\/#\/schema\/logo\/image\/\"},\"sameAs\":[\"https:\/\/www.facebook.com\/ageninfra\",\"https:\/\/x.com\/agencia_infra\",\"https:\/\/www.linkedin.com\/company\/ag\u00eanciainfra\/\",\"https:\/\/www.instagram.com\/agenciainfra\/\"]},{\"@type\":\"Person\",\"@id\":\"https:\/\/agenciainfra.com\/blog\/#\/schema\/person\/34af08dff6adea4cb22b06612ba7acfa\",\"name\":\"Ag\u00eancia iNFRA\",\"image\":{\"@type\":\"ImageObject\",\"inLanguage\":\"pt-BR\",\"@id\":\"https:\/\/agenciainfra.com\/blog\/#\/schema\/person\/image\/\",\"url\":\"https:\/\/secure.gravatar.com\/avatar\/d189e01678f06d8eb84d4e01f08eb848b3fffe3f8443818d3c356c66892f5be8?s=96&d=mm&r=g\",\"contentUrl\":\"https:\/\/secure.gravatar.com\/avatar\/d189e01678f06d8eb84d4e01f08eb848b3fffe3f8443818d3c356c66892f5be8?s=96&d=mm&r=g\",\"caption\":\"Ag\u00eancia iNFRA\"},\"url\":\"https:\/\/agenciainfra.com\/blog\/author\/admin\/\"}]}<\/script>\n<!-- \/ Yoast SEO Premium plugin. -->","yoast_head_json":{"title":"Vibra: Custo maior com importa\u00e7\u00e3o de combust\u00edvel j\u00e1 \u00e9 repassado no pre\u00e7o - Ag\u00eancia iNFRA","robots":{"index":"index","follow":"follow","max-snippet":"max-snippet:-1","max-image-preview":"max-image-preview:large","max-video-preview":"max-video-preview:-1"},"canonical":"https:\/\/agenciainfra.com\/blog\/vibra-custo-maior-com-importacao-de-combustivel-ja-e-repassado-no-preco\/","og_locale":"pt_BR","og_type":"article","og_title":"Vibra: Custo maior com importa\u00e7\u00e3o de combust\u00edvel j\u00e1 \u00e9 repassado no pre\u00e7o","og_description":"Gabriel Vasconcelos, da ag\u00eancia iNFRA O CEO da Vibra, Ernesto Pousada, afirmou nesta quinta-feira (12) que todo o aumento de custo com importa\u00e7\u00f5es de combust\u00edvel j\u00e1 est\u00e1 sendo &#8220;passado adiante na margem&#8221;, ou seja nos pre\u00e7os praticados pela companhia junto aos varejistas. O executivo falou em teleconfer\u00eancia com analistas sobre os resultados financeiros do 4\u00b0 [&hellip;]","og_url":"https:\/\/agenciainfra.com\/blog\/vibra-custo-maior-com-importacao-de-combustivel-ja-e-repassado-no-preco\/","og_site_name":"Ag\u00eancia iNFRA","article_publisher":"https:\/\/www.facebook.com\/ageninfra","article_published_time":"2026-03-12T15:05:11+00:00","article_modified_time":"2026-03-13T12:46:42+00:00","og_image":[{"width":1716,"height":1028,"url":"https:\/\/agenciainfra.com\/blog\/wp-content\/uploads\/2026\/03\/ernesto-pousada-foto-vibra-divulgacao-1-1.png","type":"image\/png"}],"author":"Ag\u00eancia iNFRA","twitter_card":"summary_large_image","twitter_creator":"@agencia_infra","twitter_site":"@agencia_infra","twitter_misc":{"Escrito por":"Ag\u00eancia iNFRA","Est. tempo de leitura":"2 minutos"},"schema":{"@context":"https:\/\/schema.org","@graph":[{"@type":"Article","@id":"https:\/\/agenciainfra.com\/blog\/vibra-custo-maior-com-importacao-de-combustivel-ja-e-repassado-no-preco\/#article","isPartOf":{"@id":"https:\/\/agenciainfra.com\/blog\/vibra-custo-maior-com-importacao-de-combustivel-ja-e-repassado-no-preco\/"},"author":{"name":"Ag\u00eancia iNFRA","@id":"https:\/\/agenciainfra.com\/blog\/#\/schema\/person\/34af08dff6adea4cb22b06612ba7acfa"},"headline":"Vibra: Custo maior com importa\u00e7\u00e3o de combust\u00edvel j\u00e1 \u00e9 repassado no pre\u00e7o","datePublished":"2026-03-12T15:05:11+00:00","dateModified":"2026-03-13T12:46:42+00:00","mainEntityOfPage":{"@id":"https:\/\/agenciainfra.com\/blog\/vibra-custo-maior-com-importacao-de-combustivel-ja-e-repassado-no-preco\/"},"wordCount":512,"publisher":{"@id":"https:\/\/agenciainfra.com\/blog\/#organization"},"image":{"@id":"https:\/\/agenciainfra.com\/blog\/vibra-custo-maior-com-importacao-de-combustivel-ja-e-repassado-no-preco\/#primaryimage"},"thumbnailUrl":"https:\/\/agenciainfra.com\/blog\/wp-content\/uploads\/2026\/03\/ernesto-pousada-foto-vibra-divulgacao-1-1.png","keywords":["abastecimento de combust\u00edveis","CEO da Vibra","combust\u00edveis","crise no ir\u00e3","diesel","Ernesto Pousada","estoque de diesel","Gabriel Vasconcelos","petr\u00f3leo","Vibra"],"articleSection":["Destaque lista","\u00d3leo &amp; G\u00e1s"],"inLanguage":"pt-BR","copyrightYear":"2026","copyrightHolder":{"@id":"https:\/\/agenciainfra.com\/blog\/#organization"}},{"@type":"WebPage","@id":"https:\/\/agenciainfra.com\/blog\/vibra-custo-maior-com-importacao-de-combustivel-ja-e-repassado-no-preco\/","url":"https:\/\/agenciainfra.com\/blog\/vibra-custo-maior-com-importacao-de-combustivel-ja-e-repassado-no-preco\/","name":"Vibra: Custo maior com importa\u00e7\u00e3o de combust\u00edvel j\u00e1 \u00e9 repassado no pre\u00e7o - Ag\u00eancia iNFRA","isPartOf":{"@id":"https:\/\/agenciainfra.com\/blog\/#website"},"primaryImageOfPage":{"@id":"https:\/\/agenciainfra.com\/blog\/vibra-custo-maior-com-importacao-de-combustivel-ja-e-repassado-no-preco\/#primaryimage"},"image":{"@id":"https:\/\/agenciainfra.com\/blog\/vibra-custo-maior-com-importacao-de-combustivel-ja-e-repassado-no-preco\/#primaryimage"},"thumbnailUrl":"https:\/\/agenciainfra.com\/blog\/wp-content\/uploads\/2026\/03\/ernesto-pousada-foto-vibra-divulgacao-1-1.png","datePublished":"2026-03-12T15:05:11+00:00","dateModified":"2026-03-13T12:46:42+00:00","breadcrumb":{"@id":"https:\/\/agenciainfra.com\/blog\/vibra-custo-maior-com-importacao-de-combustivel-ja-e-repassado-no-preco\/#breadcrumb"},"inLanguage":"pt-BR","potentialAction":[{"@type":"ReadAction","target":["https:\/\/agenciainfra.com\/blog\/vibra-custo-maior-com-importacao-de-combustivel-ja-e-repassado-no-preco\/"]}]},{"@type":"ImageObject","inLanguage":"pt-BR","@id":"https:\/\/agenciainfra.com\/blog\/vibra-custo-maior-com-importacao-de-combustivel-ja-e-repassado-no-preco\/#primaryimage","url":"https:\/\/agenciainfra.com\/blog\/wp-content\/uploads\/2026\/03\/ernesto-pousada-foto-vibra-divulgacao-1-1.png","contentUrl":"https:\/\/agenciainfra.com\/blog\/wp-content\/uploads\/2026\/03\/ernesto-pousada-foto-vibra-divulgacao-1-1.png","width":1716,"height":1028,"caption":"Foto: Divulga\u00e7\u00e3o Vibra"},{"@type":"BreadcrumbList","@id":"https:\/\/agenciainfra.com\/blog\/vibra-custo-maior-com-importacao-de-combustivel-ja-e-repassado-no-preco\/#breadcrumb","itemListElement":[{"@type":"ListItem","position":1,"name":"In\u00edcio","item":"https:\/\/agenciainfra.com\/blog\/"},{"@type":"ListItem","position":2,"name":"Vibra: Custo maior com importa\u00e7\u00e3o de combust\u00edvel j\u00e1 \u00e9 repassado no pre\u00e7o"}]},{"@type":"WebSite","@id":"https:\/\/agenciainfra.com\/blog\/#website","url":"https:\/\/agenciainfra.com\/blog\/","name":"Ag\u00eancia iNFRA","description":"Multiplataforma de informa\u00e7\u00e3o jornal\u00edstica refer\u00eancia na \u00e1rea de infraestrutura no Brasil!","publisher":{"@id":"https:\/\/agenciainfra.com\/blog\/#organization"},"potentialAction":[{"@type":"SearchAction","target":{"@type":"EntryPoint","urlTemplate":"https:\/\/agenciainfra.com\/blog\/?s={search_term_string}"},"query-input":{"@type":"PropertyValueSpecification","valueRequired":true,"valueName":"search_term_string"}}],"inLanguage":"pt-BR"},{"@type":"Organization","@id":"https:\/\/agenciainfra.com\/blog\/#organization","name":"Ag\u00eancia iNFRA","url":"https:\/\/agenciainfra.com\/blog\/","logo":{"@type":"ImageObject","inLanguage":"pt-BR","@id":"https:\/\/agenciainfra.com\/blog\/#\/schema\/logo\/image\/","url":"https:\/\/agenciainfra.com\/blog\/wp-content\/uploads\/2023\/09\/iNFRA_5-e1761735885940.png","contentUrl":"https:\/\/agenciainfra.com\/blog\/wp-content\/uploads\/2023\/09\/iNFRA_5-e1761735885940.png","width":1672,"height":454,"caption":"Ag\u00eancia iNFRA"},"image":{"@id":"https:\/\/agenciainfra.com\/blog\/#\/schema\/logo\/image\/"},"sameAs":["https:\/\/www.facebook.com\/ageninfra","https:\/\/x.com\/agencia_infra","https:\/\/www.linkedin.com\/company\/ag\u00eanciainfra\/","https:\/\/www.instagram.com\/agenciainfra\/"]},{"@type":"Person","@id":"https:\/\/agenciainfra.com\/blog\/#\/schema\/person\/34af08dff6adea4cb22b06612ba7acfa","name":"Ag\u00eancia iNFRA","image":{"@type":"ImageObject","inLanguage":"pt-BR","@id":"https:\/\/agenciainfra.com\/blog\/#\/schema\/person\/image\/","url":"https:\/\/secure.gravatar.com\/avatar\/d189e01678f06d8eb84d4e01f08eb848b3fffe3f8443818d3c356c66892f5be8?s=96&d=mm&r=g","contentUrl":"https:\/\/secure.gravatar.com\/avatar\/d189e01678f06d8eb84d4e01f08eb848b3fffe3f8443818d3c356c66892f5be8?s=96&d=mm&r=g","caption":"Ag\u00eancia iNFRA"},"url":"https:\/\/agenciainfra.com\/blog\/author\/admin\/"}]}},"_links":{"self":[{"href":"https:\/\/agenciainfra.com\/blog\/wp-json\/wp\/v2\/posts\/37689","targetHints":{"allow":["GET"]}}],"collection":[{"href":"https:\/\/agenciainfra.com\/blog\/wp-json\/wp\/v2\/posts"}],"about":[{"href":"https:\/\/agenciainfra.com\/blog\/wp-json\/wp\/v2\/types\/post"}],"author":[{"embeddable":true,"href":"https:\/\/agenciainfra.com\/blog\/wp-json\/wp\/v2\/users\/1"}],"replies":[{"embeddable":true,"href":"https:\/\/agenciainfra.com\/blog\/wp-json\/wp\/v2\/comments?post=37689"}],"version-history":[{"count":1,"href":"https:\/\/agenciainfra.com\/blog\/wp-json\/wp\/v2\/posts\/37689\/revisions"}],"predecessor-version":[{"id":37691,"href":"https:\/\/agenciainfra.com\/blog\/wp-json\/wp\/v2\/posts\/37689\/revisions\/37691"}],"wp:featuredmedia":[{"embeddable":true,"href":"https:\/\/agenciainfra.com\/blog\/wp-json\/wp\/v2\/media\/37692"}],"wp:attachment":[{"href":"https:\/\/agenciainfra.com\/blog\/wp-json\/wp\/v2\/media?parent=37689"}],"wp:term":[{"taxonomy":"category","embeddable":true,"href":"https:\/\/agenciainfra.com\/blog\/wp-json\/wp\/v2\/categories?post=37689"},{"taxonomy":"post_tag","embeddable":true,"href":"https:\/\/agenciainfra.com\/blog\/wp-json\/wp\/v2\/tags?post=37689"}],"curies":[{"name":"wp","href":"https:\/\/api.w.org\/{rel}","templated":true}]}}