{"id":37695,"date":"2026-03-16T08:00:00","date_gmt":"2026-03-16T11:00:00","guid":{"rendered":"https:\/\/agenciainfra.com\/blog\/?p=37695"},"modified":"2026-03-17T13:03:33","modified_gmt":"2026-03-17T16:03:33","slug":"sp-prepara-regulacao-para-incluir-drenagem-em-novos-blocos-de-saneamento","status":"publish","type":"post","link":"https:\/\/agenciainfra.com\/blog\/sp-prepara-regulacao-para-incluir-drenagem-em-novos-blocos-de-saneamento\/","title":{"rendered":"SP prepara regula\u00e7\u00e3o para incluir drenagem em novos blocos de saneamento"},"content":{"rendered":"\n<p class=\"has-text-align-right\"><strong>Beatriz Kawai e Amanda Pupo, da Ag\u00eancia iNFRA<\/strong><\/p>\n\n\n\n<p>O governo de S\u00e3o Paulo vai prever nos contratos de concess\u00e3o dos novos blocos de saneamento um arcabou\u00e7o regulat\u00f3rio para a presta\u00e7\u00e3o dos servi\u00e7os de drenagem nos munic\u00edpios que aderirem ao novo desenho de regionaliza\u00e7\u00e3o. Em entrevista \u00e0\u00a0<strong>Ag\u00eancia iNFRA<\/strong>, a secret\u00e1ria de Meio Ambiente, Infraestrutura e Log\u00edstica de SP, Nat\u00e1lia Resende, explicou que a pasta tem \u201cestudado muito\u201d como ir\u00e1 deixar esse ambiente regulatoriamente preparado para que futuramente os munic\u00edpios possam negociar com os operadores a integra\u00e7\u00e3o dos servi\u00e7os de esgotamento sanit\u00e1rio e abastecimento de \u00e1gua com a atividade de drenagem.<\/p>\n\n\n\n<p>\u201cEstamos fazendo todo o mapeamento jur\u00eddico, regulat\u00f3rio, para fazer essa intera\u00e7\u00e3o com seguran\u00e7a, reduzindo riscos e melhorando a resili\u00eancia h\u00eddrica\u201d, afirmou Resende. A possibilidade de os servi\u00e7os de drenagem e manejo de \u00e1guas da chuva serem integrados aos novos blocos de saneamento foi oficializada no projeto de lei que reorganiza a regionaliza\u00e7\u00e3o do estado \u2013 preservando o bloco atendido pela Sabesp.<\/p>\n\n\n\n<p>\u00c9 o&nbsp;<a href=\"https:\/\/agenciainfra.us14.list-manage.com\/track\/click?u=d460dd1bcf9ba0ae040e1fc0f&amp;id=1b3796321d&amp;e=55b7a27fc9\" target=\"_blank\" rel=\"noreferrer noopener\">PL (Projeto de Lei) 1.083\/2025<\/a>, aprovado pela Alesp (Assembleia Legislativa do Estado de S\u00e3o Paulo) no in\u00edcio do m\u00eas. De autoria do governo estadual, ele foi proposto ap\u00f3s a primeira tentativa de divis\u00e3o, de 2021, s\u00f3 ter dado certo com o grupo que j\u00e1 era atendido pela Sabesp, privatizada tr\u00eas anos depois.<\/p>\n\n\n\n<p>\u201cEstamos fazendo benchmarking com outros lugares do mundo, como \u00e9 que eles tratam drenagem, como isso \u00e9 considerado nos contratos, nas bases de ativo, e como olhamos isso frente \u00e0 jurisprud\u00eancia que existe no Brasil\u201d, observou a secret\u00e1ria.<\/p>\n\n\n\n<p><strong>Financiamento<\/strong><br>O modelo do contrato ser\u00e1 colocado em consulta p\u00fablica pelo governo estadual dentro do UniversalizaSP, que vai buscar a ades\u00e3o dos munic\u00edpios \u00e0 nova regionaliza\u00e7\u00e3o estadual. No programa, o estado vai criar a possibilidade de os munic\u00edpios terem seus pr\u00f3prios fundos para recebimento de recursos vinculados \u00e0 futura concess\u00e3o.<\/p>\n\n\n\n<p>Esse dinheiro pode ser usado, por exemplo, para financiar a contrata\u00e7\u00e3o dos servi\u00e7os de drenagem com o operador de saneamento que arrematar o bloco, ou at\u00e9 mesmo para que o munic\u00edpio invista diretamente, num primeiro momento, na atividade \u2013 o que j\u00e1 acontece na unidade regional que \u00e9 atendida pela Sabesp em \u00e1gua e esgoto.<\/p>\n\n\n\n<p>Hoje, o principal desafio para o desenvolvimento da drenagem no Brasil \u00e9 a aus\u00eancia de uma cobran\u00e7a espec\u00edfica para essa atividade nos munic\u00edpios, o que faz com que o segmento seja o mais atrasado dentro do saneamento. Segundo estudo do Trata Brasil realizado no ano passado, apenas 2,3% das cidades brasileiras informaram fazer alguma cobran\u00e7a pela opera\u00e7\u00e3o da drenagem e manejo de \u00e1guas da chuva.<\/p>\n\n\n\n<p>\u201cTamb\u00e9m no Universaliza vamos criar essa possibilidade de o munic\u00edpio fazer o seu fundo, receber, a\u00ed ele contrata a atividade ou o recurso pode retroalimentar o contrato de concess\u00e3o\u201d, explicou Resende, pontuando que ainda h\u00e1 outras fontes potenciais de recursos.<\/p>\n\n\n\n<p>O arcabou\u00e7o regulat\u00f3rio que est\u00e1 sendo criado tamb\u00e9m deve prever uma vincula\u00e7\u00e3o \u00e0 exist\u00eancia e ao desenvolvimento de planos municipais para a drenagem. \u201cN\u00e3o adianta simplesmente fazer a obra. Em paralelo, temos ido comit\u00ea a comit\u00ea de bacia para ajudar os munic\u00edpios a atualizar seus planos\u201d, disse a secret\u00e1ria.<\/p>\n\n\n\n<p><strong>Efici\u00eancia operacional<\/strong><br>Resende observou que a integra\u00e7\u00e3o com os servi\u00e7os de \u00e1gua e especialmente esgoto promoveria uma efici\u00eancia operacional importante para o setor de saneamento. \u201cMuitas vezes voc\u00ea tem uma intersec\u00e7\u00e3o muito forte entre a drenagem e a rede de esgoto. Tanto que o que acontece muitas vezes onde n\u00e3o tem redes de drenagem robustas, \u00e9 que chove, a \u00e1gua da chuva entra na rede de esgoto e causa a extravasa\u00e7\u00e3o. Por isso da import\u00e2ncia de a gente olhar o conjunto\u201d, afirmou.<\/p>\n\n\n\n<p>Segundo ela, junto com a Arsesp (Ag\u00eancia Reguladora de Servi\u00e7os P\u00fablicos do Estado de S\u00e3o Paulo), o estado tamb\u00e9m est\u00e1 verificando eventuais integra\u00e7\u00f5es dentro da unidade atendida pela Sabesp \u2013 ponderando que o foco do bloco neste primeiro ciclo \u00e9 a universaliza\u00e7\u00e3o dos servi\u00e7os de \u00e1gua e esgoto. \u201cDe qualquer forma, como a quest\u00e3o da drenagem inclusive tem impacto nas redes de esgoto, temos estudado, vendo a quest\u00e3o de mitiga\u00e7\u00e3o de riscos e an\u00e1lise regulat\u00f3ria\u201d, explicou.<\/p>\n\n\n\n<p><strong>PL altera lei de 2021<\/strong><br>No PL da nova regionaliza\u00e7\u00e3o do estado aprovado pela Alesp no \u00faltimo dia 3, os deputados tamb\u00e9m acrescentaram que a inclus\u00e3o dos servi\u00e7os de drenagem dever\u00e1 obedecer \u00e0s prerrogativas estabelecidas no PERH (Plano Estadual de Recursos H\u00eddricos).<\/p>\n\n\n\n<p>O projeto, que agora aguarda san\u00e7\u00e3o do governador Tarc\u00edsio de Freitas, foi aprovado por 53 votos a 14 e altera a&nbsp;<a href=\"https:\/\/agenciainfra.us14.list-manage.com\/track\/click?u=d460dd1bcf9ba0ae040e1fc0f&amp;id=1db3327d31&amp;e=55b7a27fc9\" target=\"_blank\" rel=\"noreferrer noopener\">Lei 17.383\/2021<\/a>, extingue as URAEs (Unidade Regional de Saneamento B\u00e1sico) 3 e 4 e engloba todos os 274 munic\u00edpios paulistas que a Sabesp n\u00e3o atende na URAE-2. As unidades de saneamento s\u00e3o incentivadas pelo marco legal de 2020 para dar viabilidade financeira e escala \u00e0s concess\u00f5es.<\/p>\n\n\n\n<p>At\u00e9 ent\u00e3o, o estado de S\u00e3o Paulo era dividido em quatro URAEs. Contudo, o \u00fanico bloco que teve \u00eaxito foi a URAE-1, que re\u00fane as 371 prefeituras j\u00e1 atendidas pela Sabesp. Agora, a ideia \u00e9 subdividir a nova unidade regional em mais de um bloco, n\u00famero que ainda vai depender de an\u00e1lises e da ades\u00e3o dos munic\u00edpios.<\/p>\n\n\n\n<p><strong>Mudan\u00e7as<\/strong><br>Conforme o PL, a divis\u00e3o das \u201csub-URAEs\u201d dever\u00e1 considerar pelo menos um dos seguintes crit\u00e9rios: disposi\u00e7\u00e3o das bacias hidrogr\u00e1ficas ou UGRHI (Unidades de Gerenciamento de Recursos H\u00eddricos); possibilidade de compartilhamento de infraestrutura; viabilidades t\u00e9cnica, operacional, econ\u00f4mica, financeira ou regulat\u00f3ria.<\/p>\n\n\n\n<p>Os parlamentares adicionaram a essa lista aspectos sociais e ambientais, como vulnerabilidade h\u00eddrica, risco clim\u00e1tico e capacidade de adapta\u00e7\u00e3o dos munic\u00edpios frente a eventos extremos. Outra inclus\u00e3o aprovada foi a previs\u00e3o de apoio do Fausp (Fundo de Apoio \u00e0 Universaliza\u00e7\u00e3o do Saneamento no Estado de S\u00e3o Paulo) aos projetos.<\/p>\n\n\n\n<p>A princ\u00edpio, o Fausp atende apenas a URAE-1, tendo sido criado na mesma lei que aprovou a privatiza\u00e7\u00e3o da Sabesp, ajudando com investimento em \u00e1reas vulner\u00e1veis e subsidiando a conta de fam\u00edlias benefici\u00e1rias da tarifa social. Contudo, ap\u00f3s preocupa\u00e7\u00f5es de deputados sobre apoio tamb\u00e9m \u00e0 URAE-2, o fundo foi acrescido no PL 1.083.<\/p>\n\n\n\n<p><strong>Apoio do fundo<\/strong><br>Resende explicou que o fundo pode ser usado em eventuais apoios, contrapresta\u00e7\u00e3o, outorgas cruzadas, mas seu foco \u00e9 como recurso de ajuda em \u00e1reas mais vulner\u00e1veis na URAE-1. \u201cO Fausp est\u00e1 focado na URAE-1, mas n\u00e3o obsta da gente, por exemplo, tamb\u00e9m fazer uma retroalimenta\u00e7\u00e3o em rela\u00e7\u00e3o a eventuais outorgas dentro do fundo para as outras URAEs\u201d, disse.<\/p>\n\n\n\n<p>No caso da URAE-1, o fundo recebe 4% da receita da Sabesp uma vez por trimestre.<\/p>\n\n\n\n<p>\u201c\u00c9 um est\u00edmulo a mais, uma receita que ajuda muito, principalmente munic\u00edpios menores, onde estamos estudando formas de integrar, cada vez mais, porque a gente coloca [a previs\u00e3o do recurso] dentro do contrato\u201d, destaca.<\/p>\n\n\n\n<p>O PL ainda inclui emenda que estabelece a publica\u00e7\u00e3o de um relat\u00f3rio anual de cada bloco sobre as metas de universaliza\u00e7\u00e3o, tarifas praticadas, investimentos realizados e previstos, indicadores de qualidade e desempenho dos servi\u00e7os. Os documentos dever\u00e3o ser disponibilizados ao p\u00fablico.<\/p>\n\n\n\n<p>Como a&nbsp;<strong>Ag\u00eancia iNFRA<\/strong>&nbsp;<a href=\"https:\/\/agenciainfra.us14.list-manage.com\/track\/click?u=d460dd1bcf9ba0ae040e1fc0f&amp;id=e2817f0284&amp;e=55b7a27fc9\" target=\"_blank\" rel=\"noreferrer noopener\">mostrou<\/a>&nbsp;em fevereiro, Resende quer a maior ades\u00e3o poss\u00edvel dos munic\u00edpios, agora com incentivos de subs\u00eddios financeiros, para agrup\u00e1-los em subunidades para o leil\u00e3o previsto para setembro ou outubro. O n\u00famero de blocos ainda ser\u00e1 definido e depende das ades\u00f5es, mas provavelmente ser\u00e3o concedidos em formato de PPPs (Parcerias P\u00fablico-Privadas) \u2013 ou ao menos a maior parte deles.<\/p>\n","protected":false},"excerpt":{"rendered":"<p>Beatriz Kawai e Amanda Pupo, da Ag\u00eancia iNFRA O governo de S\u00e3o Paulo vai prever nos contratos de concess\u00e3o dos novos blocos de saneamento um arcabou\u00e7o regulat\u00f3rio para a presta\u00e7\u00e3o dos servi\u00e7os de drenagem nos munic\u00edpios que aderirem ao novo desenho de regionaliza\u00e7\u00e3o. Em entrevista \u00e0\u00a0Ag\u00eancia iNFRA, a secret\u00e1ria de Meio Ambiente, Infraestrutura e Log\u00edstica [&hellip;]<\/p>\n","protected":false},"author":1,"featured_media":37696,"comment_status":"closed","ping_status":"closed","sticky":false,"template":"","format":"standard","meta":{"_monsterinsights_skip_tracking":false,"_monsterinsights_sitenote_active":false,"_monsterinsights_sitenote_note":"","_monsterinsights_sitenote_category":0,"footnotes":""},"categories":[7250,7827],"tags":[13354,77,18060,18061,12544,1087,1318,10775,179,8080],"class_list":["post-37695","post","type-post","status-publish","format-standard","has-post-thumbnail","hentry","category-destaque-lista","category-infrasaneamento","tag-amanda-pupo","tag-ana","tag-beatriz-kawai","tag-blocos-de-saneamento","tag-drenagem","tag-governo-de-sao-paulo","tag-natalia-resende","tag-novo-marco-legal","tag-saneamento","tag-servicos-de-agua-e-esgoto"],"yoast_head":"<!-- This site is optimized with the Yoast SEO Premium plugin v25.4 (Yoast SEO v26.0) - https:\/\/yoast.com\/wordpress\/plugins\/seo\/ -->\n<title>SP prepara regula\u00e7\u00e3o para incluir drenagem em novos blocos de saneamento - Ag\u00eancia iNFRA<\/title>\n<meta name=\"robots\" content=\"index, follow, max-snippet:-1, max-image-preview:large, max-video-preview:-1\" \/>\n<link rel=\"canonical\" href=\"https:\/\/agenciainfra.com\/blog\/sp-prepara-regulacao-para-incluir-drenagem-em-novos-blocos-de-saneamento\/\" \/>\n<meta property=\"og:locale\" content=\"pt_BR\" \/>\n<meta property=\"og:type\" content=\"article\" \/>\n<meta property=\"og:title\" content=\"SP prepara regula\u00e7\u00e3o para incluir drenagem em novos blocos de saneamento\" \/>\n<meta property=\"og:description\" content=\"Beatriz Kawai e Amanda Pupo, da Ag\u00eancia iNFRA O governo de S\u00e3o Paulo vai prever nos contratos de concess\u00e3o dos novos blocos de saneamento um arcabou\u00e7o regulat\u00f3rio para a presta\u00e7\u00e3o dos servi\u00e7os de drenagem nos munic\u00edpios que aderirem ao novo desenho de regionaliza\u00e7\u00e3o. Em entrevista \u00e0\u00a0Ag\u00eancia iNFRA, a secret\u00e1ria de Meio Ambiente, Infraestrutura e Log\u00edstica [&hellip;]\" \/>\n<meta property=\"og:url\" content=\"https:\/\/agenciainfra.com\/blog\/sp-prepara-regulacao-para-incluir-drenagem-em-novos-blocos-de-saneamento\/\" \/>\n<meta property=\"og:site_name\" content=\"Ag\u00eancia iNFRA\" \/>\n<meta property=\"article:publisher\" content=\"https:\/\/www.facebook.com\/ageninfra\" \/>\n<meta property=\"article:published_time\" content=\"2026-03-16T11:00:00+00:00\" \/>\n<meta property=\"article:modified_time\" content=\"2026-03-17T16:03:33+00:00\" \/>\n<meta property=\"og:image\" content=\"https:\/\/agenciainfra.com\/blog\/wp-content\/uploads\/2026\/03\/natalia-resende-foto-rogerio-cassimir-govsp-e1773330725853.jpg\" \/>\n\t<meta property=\"og:image:width\" content=\"2048\" \/>\n\t<meta property=\"og:image:height\" content=\"1236\" \/>\n\t<meta property=\"og:image:type\" content=\"image\/jpeg\" \/>\n<meta name=\"author\" content=\"Ag\u00eancia iNFRA\" \/>\n<meta name=\"twitter:card\" content=\"summary_large_image\" \/>\n<meta name=\"twitter:creator\" content=\"@agencia_infra\" \/>\n<meta name=\"twitter:site\" content=\"@agencia_infra\" \/>\n<meta name=\"twitter:label1\" content=\"Escrito por\" \/>\n\t<meta name=\"twitter:data1\" content=\"Ag\u00eancia iNFRA\" \/>\n\t<meta name=\"twitter:label2\" content=\"Est. tempo de leitura\" \/>\n\t<meta name=\"twitter:data2\" content=\"7 minutos\" \/>\n<script type=\"application\/ld+json\" class=\"yoast-schema-graph\">{\"@context\":\"https:\/\/schema.org\",\"@graph\":[{\"@type\":\"Article\",\"@id\":\"https:\/\/agenciainfra.com\/blog\/sp-prepara-regulacao-para-incluir-drenagem-em-novos-blocos-de-saneamento\/#article\",\"isPartOf\":{\"@id\":\"https:\/\/agenciainfra.com\/blog\/sp-prepara-regulacao-para-incluir-drenagem-em-novos-blocos-de-saneamento\/\"},\"author\":{\"name\":\"Ag\u00eancia iNFRA\",\"@id\":\"https:\/\/agenciainfra.com\/blog\/#\/schema\/person\/34af08dff6adea4cb22b06612ba7acfa\"},\"headline\":\"SP prepara regula\u00e7\u00e3o para incluir drenagem em novos blocos de saneamento\",\"datePublished\":\"2026-03-16T11:00:00+00:00\",\"dateModified\":\"2026-03-17T16:03:33+00:00\",\"mainEntityOfPage\":{\"@id\":\"https:\/\/agenciainfra.com\/blog\/sp-prepara-regulacao-para-incluir-drenagem-em-novos-blocos-de-saneamento\/\"},\"wordCount\":1324,\"publisher\":{\"@id\":\"https:\/\/agenciainfra.com\/blog\/#organization\"},\"image\":{\"@id\":\"https:\/\/agenciainfra.com\/blog\/sp-prepara-regulacao-para-incluir-drenagem-em-novos-blocos-de-saneamento\/#primaryimage\"},\"thumbnailUrl\":\"https:\/\/agenciainfra.com\/blog\/wp-content\/uploads\/2026\/03\/natalia-resende-foto-rogerio-cassimir-govsp-e1773330725853.jpg\",\"keywords\":[\"Amanda Pupo\",\"ANA\",\"Beatriz Kawai\",\"blocos de saneamento\",\"drenagem\",\"Governo de S\u00e3o Paulo\",\"Nat\u00e1lia Resende\",\"Novo Marco Legal\",\"saneamento\",\"Servi\u00e7os de \u00c1gua e Esgoto\"],\"articleSection\":[\"Destaque lista\",\"iNFRASaneamento\"],\"inLanguage\":\"pt-BR\",\"copyrightYear\":\"2026\",\"copyrightHolder\":{\"@id\":\"https:\/\/agenciainfra.com\/blog\/#organization\"}},{\"@type\":\"WebPage\",\"@id\":\"https:\/\/agenciainfra.com\/blog\/sp-prepara-regulacao-para-incluir-drenagem-em-novos-blocos-de-saneamento\/\",\"url\":\"https:\/\/agenciainfra.com\/blog\/sp-prepara-regulacao-para-incluir-drenagem-em-novos-blocos-de-saneamento\/\",\"name\":\"SP prepara regula\u00e7\u00e3o para incluir drenagem em novos blocos de saneamento - Ag\u00eancia iNFRA\",\"isPartOf\":{\"@id\":\"https:\/\/agenciainfra.com\/blog\/#website\"},\"primaryImageOfPage\":{\"@id\":\"https:\/\/agenciainfra.com\/blog\/sp-prepara-regulacao-para-incluir-drenagem-em-novos-blocos-de-saneamento\/#primaryimage\"},\"image\":{\"@id\":\"https:\/\/agenciainfra.com\/blog\/sp-prepara-regulacao-para-incluir-drenagem-em-novos-blocos-de-saneamento\/#primaryimage\"},\"thumbnailUrl\":\"https:\/\/agenciainfra.com\/blog\/wp-content\/uploads\/2026\/03\/natalia-resende-foto-rogerio-cassimir-govsp-e1773330725853.jpg\",\"datePublished\":\"2026-03-16T11:00:00+00:00\",\"dateModified\":\"2026-03-17T16:03:33+00:00\",\"breadcrumb\":{\"@id\":\"https:\/\/agenciainfra.com\/blog\/sp-prepara-regulacao-para-incluir-drenagem-em-novos-blocos-de-saneamento\/#breadcrumb\"},\"inLanguage\":\"pt-BR\",\"potentialAction\":[{\"@type\":\"ReadAction\",\"target\":[\"https:\/\/agenciainfra.com\/blog\/sp-prepara-regulacao-para-incluir-drenagem-em-novos-blocos-de-saneamento\/\"]}]},{\"@type\":\"ImageObject\",\"inLanguage\":\"pt-BR\",\"@id\":\"https:\/\/agenciainfra.com\/blog\/sp-prepara-regulacao-para-incluir-drenagem-em-novos-blocos-de-saneamento\/#primaryimage\",\"url\":\"https:\/\/agenciainfra.com\/blog\/wp-content\/uploads\/2026\/03\/natalia-resende-foto-rogerio-cassimir-govsp-e1773330725853.jpg\",\"contentUrl\":\"https:\/\/agenciainfra.com\/blog\/wp-content\/uploads\/2026\/03\/natalia-resende-foto-rogerio-cassimir-govsp-e1773330725853.jpg\",\"width\":2048,\"height\":1236,\"caption\":\"Foto: Rog\u00e9rio Cassimiro\/Governo do Estado de SP\"},{\"@type\":\"BreadcrumbList\",\"@id\":\"https:\/\/agenciainfra.com\/blog\/sp-prepara-regulacao-para-incluir-drenagem-em-novos-blocos-de-saneamento\/#breadcrumb\",\"itemListElement\":[{\"@type\":\"ListItem\",\"position\":1,\"name\":\"In\u00edcio\",\"item\":\"https:\/\/agenciainfra.com\/blog\/\"},{\"@type\":\"ListItem\",\"position\":2,\"name\":\"SP prepara regula\u00e7\u00e3o para incluir drenagem em novos blocos de saneamento\"}]},{\"@type\":\"WebSite\",\"@id\":\"https:\/\/agenciainfra.com\/blog\/#website\",\"url\":\"https:\/\/agenciainfra.com\/blog\/\",\"name\":\"Ag\u00eancia iNFRA\",\"description\":\"Multiplataforma de informa\u00e7\u00e3o jornal\u00edstica refer\u00eancia na \u00e1rea de infraestrutura no Brasil!\",\"publisher\":{\"@id\":\"https:\/\/agenciainfra.com\/blog\/#organization\"},\"potentialAction\":[{\"@type\":\"SearchAction\",\"target\":{\"@type\":\"EntryPoint\",\"urlTemplate\":\"https:\/\/agenciainfra.com\/blog\/?s={search_term_string}\"},\"query-input\":{\"@type\":\"PropertyValueSpecification\",\"valueRequired\":true,\"valueName\":\"search_term_string\"}}],\"inLanguage\":\"pt-BR\"},{\"@type\":\"Organization\",\"@id\":\"https:\/\/agenciainfra.com\/blog\/#organization\",\"name\":\"Ag\u00eancia iNFRA\",\"url\":\"https:\/\/agenciainfra.com\/blog\/\",\"logo\":{\"@type\":\"ImageObject\",\"inLanguage\":\"pt-BR\",\"@id\":\"https:\/\/agenciainfra.com\/blog\/#\/schema\/logo\/image\/\",\"url\":\"https:\/\/agenciainfra.com\/blog\/wp-content\/uploads\/2023\/09\/iNFRA_5-e1761735885940.png\",\"contentUrl\":\"https:\/\/agenciainfra.com\/blog\/wp-content\/uploads\/2023\/09\/iNFRA_5-e1761735885940.png\",\"width\":1672,\"height\":454,\"caption\":\"Ag\u00eancia iNFRA\"},\"image\":{\"@id\":\"https:\/\/agenciainfra.com\/blog\/#\/schema\/logo\/image\/\"},\"sameAs\":[\"https:\/\/www.facebook.com\/ageninfra\",\"https:\/\/x.com\/agencia_infra\",\"https:\/\/www.linkedin.com\/company\/ag\u00eanciainfra\/\",\"https:\/\/www.instagram.com\/agenciainfra\/\"]},{\"@type\":\"Person\",\"@id\":\"https:\/\/agenciainfra.com\/blog\/#\/schema\/person\/34af08dff6adea4cb22b06612ba7acfa\",\"name\":\"Ag\u00eancia iNFRA\",\"image\":{\"@type\":\"ImageObject\",\"inLanguage\":\"pt-BR\",\"@id\":\"https:\/\/agenciainfra.com\/blog\/#\/schema\/person\/image\/\",\"url\":\"https:\/\/secure.gravatar.com\/avatar\/d189e01678f06d8eb84d4e01f08eb848b3fffe3f8443818d3c356c66892f5be8?s=96&d=mm&r=g\",\"contentUrl\":\"https:\/\/secure.gravatar.com\/avatar\/d189e01678f06d8eb84d4e01f08eb848b3fffe3f8443818d3c356c66892f5be8?s=96&d=mm&r=g\",\"caption\":\"Ag\u00eancia iNFRA\"},\"url\":\"https:\/\/agenciainfra.com\/blog\/author\/admin\/\"}]}<\/script>\n<!-- \/ Yoast SEO Premium plugin. -->","yoast_head_json":{"title":"SP prepara regula\u00e7\u00e3o para incluir drenagem em novos blocos de saneamento - Ag\u00eancia iNFRA","robots":{"index":"index","follow":"follow","max-snippet":"max-snippet:-1","max-image-preview":"max-image-preview:large","max-video-preview":"max-video-preview:-1"},"canonical":"https:\/\/agenciainfra.com\/blog\/sp-prepara-regulacao-para-incluir-drenagem-em-novos-blocos-de-saneamento\/","og_locale":"pt_BR","og_type":"article","og_title":"SP prepara regula\u00e7\u00e3o para incluir drenagem em novos blocos de saneamento","og_description":"Beatriz Kawai e Amanda Pupo, da Ag\u00eancia iNFRA O governo de S\u00e3o Paulo vai prever nos contratos de concess\u00e3o dos novos blocos de saneamento um arcabou\u00e7o regulat\u00f3rio para a presta\u00e7\u00e3o dos servi\u00e7os de drenagem nos munic\u00edpios que aderirem ao novo desenho de regionaliza\u00e7\u00e3o. Em entrevista \u00e0\u00a0Ag\u00eancia iNFRA, a secret\u00e1ria de Meio Ambiente, Infraestrutura e Log\u00edstica [&hellip;]","og_url":"https:\/\/agenciainfra.com\/blog\/sp-prepara-regulacao-para-incluir-drenagem-em-novos-blocos-de-saneamento\/","og_site_name":"Ag\u00eancia iNFRA","article_publisher":"https:\/\/www.facebook.com\/ageninfra","article_published_time":"2026-03-16T11:00:00+00:00","article_modified_time":"2026-03-17T16:03:33+00:00","og_image":[{"width":2048,"height":1236,"url":"https:\/\/agenciainfra.com\/blog\/wp-content\/uploads\/2026\/03\/natalia-resende-foto-rogerio-cassimir-govsp-e1773330725853.jpg","type":"image\/jpeg"}],"author":"Ag\u00eancia iNFRA","twitter_card":"summary_large_image","twitter_creator":"@agencia_infra","twitter_site":"@agencia_infra","twitter_misc":{"Escrito por":"Ag\u00eancia iNFRA","Est. tempo de leitura":"7 minutos"},"schema":{"@context":"https:\/\/schema.org","@graph":[{"@type":"Article","@id":"https:\/\/agenciainfra.com\/blog\/sp-prepara-regulacao-para-incluir-drenagem-em-novos-blocos-de-saneamento\/#article","isPartOf":{"@id":"https:\/\/agenciainfra.com\/blog\/sp-prepara-regulacao-para-incluir-drenagem-em-novos-blocos-de-saneamento\/"},"author":{"name":"Ag\u00eancia iNFRA","@id":"https:\/\/agenciainfra.com\/blog\/#\/schema\/person\/34af08dff6adea4cb22b06612ba7acfa"},"headline":"SP prepara regula\u00e7\u00e3o para incluir drenagem em novos blocos de saneamento","datePublished":"2026-03-16T11:00:00+00:00","dateModified":"2026-03-17T16:03:33+00:00","mainEntityOfPage":{"@id":"https:\/\/agenciainfra.com\/blog\/sp-prepara-regulacao-para-incluir-drenagem-em-novos-blocos-de-saneamento\/"},"wordCount":1324,"publisher":{"@id":"https:\/\/agenciainfra.com\/blog\/#organization"},"image":{"@id":"https:\/\/agenciainfra.com\/blog\/sp-prepara-regulacao-para-incluir-drenagem-em-novos-blocos-de-saneamento\/#primaryimage"},"thumbnailUrl":"https:\/\/agenciainfra.com\/blog\/wp-content\/uploads\/2026\/03\/natalia-resende-foto-rogerio-cassimir-govsp-e1773330725853.jpg","keywords":["Amanda Pupo","ANA","Beatriz Kawai","blocos de saneamento","drenagem","Governo de S\u00e3o Paulo","Nat\u00e1lia Resende","Novo Marco Legal","saneamento","Servi\u00e7os de \u00c1gua e Esgoto"],"articleSection":["Destaque lista","iNFRASaneamento"],"inLanguage":"pt-BR","copyrightYear":"2026","copyrightHolder":{"@id":"https:\/\/agenciainfra.com\/blog\/#organization"}},{"@type":"WebPage","@id":"https:\/\/agenciainfra.com\/blog\/sp-prepara-regulacao-para-incluir-drenagem-em-novos-blocos-de-saneamento\/","url":"https:\/\/agenciainfra.com\/blog\/sp-prepara-regulacao-para-incluir-drenagem-em-novos-blocos-de-saneamento\/","name":"SP prepara regula\u00e7\u00e3o para incluir drenagem em novos blocos de saneamento - Ag\u00eancia iNFRA","isPartOf":{"@id":"https:\/\/agenciainfra.com\/blog\/#website"},"primaryImageOfPage":{"@id":"https:\/\/agenciainfra.com\/blog\/sp-prepara-regulacao-para-incluir-drenagem-em-novos-blocos-de-saneamento\/#primaryimage"},"image":{"@id":"https:\/\/agenciainfra.com\/blog\/sp-prepara-regulacao-para-incluir-drenagem-em-novos-blocos-de-saneamento\/#primaryimage"},"thumbnailUrl":"https:\/\/agenciainfra.com\/blog\/wp-content\/uploads\/2026\/03\/natalia-resende-foto-rogerio-cassimir-govsp-e1773330725853.jpg","datePublished":"2026-03-16T11:00:00+00:00","dateModified":"2026-03-17T16:03:33+00:00","breadcrumb":{"@id":"https:\/\/agenciainfra.com\/blog\/sp-prepara-regulacao-para-incluir-drenagem-em-novos-blocos-de-saneamento\/#breadcrumb"},"inLanguage":"pt-BR","potentialAction":[{"@type":"ReadAction","target":["https:\/\/agenciainfra.com\/blog\/sp-prepara-regulacao-para-incluir-drenagem-em-novos-blocos-de-saneamento\/"]}]},{"@type":"ImageObject","inLanguage":"pt-BR","@id":"https:\/\/agenciainfra.com\/blog\/sp-prepara-regulacao-para-incluir-drenagem-em-novos-blocos-de-saneamento\/#primaryimage","url":"https:\/\/agenciainfra.com\/blog\/wp-content\/uploads\/2026\/03\/natalia-resende-foto-rogerio-cassimir-govsp-e1773330725853.jpg","contentUrl":"https:\/\/agenciainfra.com\/blog\/wp-content\/uploads\/2026\/03\/natalia-resende-foto-rogerio-cassimir-govsp-e1773330725853.jpg","width":2048,"height":1236,"caption":"Foto: Rog\u00e9rio Cassimiro\/Governo do Estado de SP"},{"@type":"BreadcrumbList","@id":"https:\/\/agenciainfra.com\/blog\/sp-prepara-regulacao-para-incluir-drenagem-em-novos-blocos-de-saneamento\/#breadcrumb","itemListElement":[{"@type":"ListItem","position":1,"name":"In\u00edcio","item":"https:\/\/agenciainfra.com\/blog\/"},{"@type":"ListItem","position":2,"name":"SP prepara regula\u00e7\u00e3o para incluir drenagem em novos blocos de saneamento"}]},{"@type":"WebSite","@id":"https:\/\/agenciainfra.com\/blog\/#website","url":"https:\/\/agenciainfra.com\/blog\/","name":"Ag\u00eancia iNFRA","description":"Multiplataforma de informa\u00e7\u00e3o jornal\u00edstica refer\u00eancia na \u00e1rea de infraestrutura no Brasil!","publisher":{"@id":"https:\/\/agenciainfra.com\/blog\/#organization"},"potentialAction":[{"@type":"SearchAction","target":{"@type":"EntryPoint","urlTemplate":"https:\/\/agenciainfra.com\/blog\/?s={search_term_string}"},"query-input":{"@type":"PropertyValueSpecification","valueRequired":true,"valueName":"search_term_string"}}],"inLanguage":"pt-BR"},{"@type":"Organization","@id":"https:\/\/agenciainfra.com\/blog\/#organization","name":"Ag\u00eancia iNFRA","url":"https:\/\/agenciainfra.com\/blog\/","logo":{"@type":"ImageObject","inLanguage":"pt-BR","@id":"https:\/\/agenciainfra.com\/blog\/#\/schema\/logo\/image\/","url":"https:\/\/agenciainfra.com\/blog\/wp-content\/uploads\/2023\/09\/iNFRA_5-e1761735885940.png","contentUrl":"https:\/\/agenciainfra.com\/blog\/wp-content\/uploads\/2023\/09\/iNFRA_5-e1761735885940.png","width":1672,"height":454,"caption":"Ag\u00eancia iNFRA"},"image":{"@id":"https:\/\/agenciainfra.com\/blog\/#\/schema\/logo\/image\/"},"sameAs":["https:\/\/www.facebook.com\/ageninfra","https:\/\/x.com\/agencia_infra","https:\/\/www.linkedin.com\/company\/ag\u00eanciainfra\/","https:\/\/www.instagram.com\/agenciainfra\/"]},{"@type":"Person","@id":"https:\/\/agenciainfra.com\/blog\/#\/schema\/person\/34af08dff6adea4cb22b06612ba7acfa","name":"Ag\u00eancia iNFRA","image":{"@type":"ImageObject","inLanguage":"pt-BR","@id":"https:\/\/agenciainfra.com\/blog\/#\/schema\/person\/image\/","url":"https:\/\/secure.gravatar.com\/avatar\/d189e01678f06d8eb84d4e01f08eb848b3fffe3f8443818d3c356c66892f5be8?s=96&d=mm&r=g","contentUrl":"https:\/\/secure.gravatar.com\/avatar\/d189e01678f06d8eb84d4e01f08eb848b3fffe3f8443818d3c356c66892f5be8?s=96&d=mm&r=g","caption":"Ag\u00eancia iNFRA"},"url":"https:\/\/agenciainfra.com\/blog\/author\/admin\/"}]}},"_links":{"self":[{"href":"https:\/\/agenciainfra.com\/blog\/wp-json\/wp\/v2\/posts\/37695","targetHints":{"allow":["GET"]}}],"collection":[{"href":"https:\/\/agenciainfra.com\/blog\/wp-json\/wp\/v2\/posts"}],"about":[{"href":"https:\/\/agenciainfra.com\/blog\/wp-json\/wp\/v2\/types\/post"}],"author":[{"embeddable":true,"href":"https:\/\/agenciainfra.com\/blog\/wp-json\/wp\/v2\/users\/1"}],"replies":[{"embeddable":true,"href":"https:\/\/agenciainfra.com\/blog\/wp-json\/wp\/v2\/comments?post=37695"}],"version-history":[{"count":1,"href":"https:\/\/agenciainfra.com\/blog\/wp-json\/wp\/v2\/posts\/37695\/revisions"}],"predecessor-version":[{"id":37697,"href":"https:\/\/agenciainfra.com\/blog\/wp-json\/wp\/v2\/posts\/37695\/revisions\/37697"}],"wp:featuredmedia":[{"embeddable":true,"href":"https:\/\/agenciainfra.com\/blog\/wp-json\/wp\/v2\/media\/37696"}],"wp:attachment":[{"href":"https:\/\/agenciainfra.com\/blog\/wp-json\/wp\/v2\/media?parent=37695"}],"wp:term":[{"taxonomy":"category","embeddable":true,"href":"https:\/\/agenciainfra.com\/blog\/wp-json\/wp\/v2\/categories?post=37695"},{"taxonomy":"post_tag","embeddable":true,"href":"https:\/\/agenciainfra.com\/blog\/wp-json\/wp\/v2\/tags?post=37695"}],"curies":[{"name":"wp","href":"https:\/\/api.w.org\/{rel}","templated":true}]}}