{"id":3770,"date":"2019-09-25T08:00:59","date_gmt":"2019-09-25T11:00:59","guid":{"rendered":"http:\/\/www.agenciainfra.com\/blog\/?p=3770"},"modified":"2019-09-23T10:37:31","modified_gmt":"2019-09-23T13:37:31","slug":"subsidios-de-3-bi-de-euros-ano-a-navegacao-tem-sido-ineficientes-na-uniao-europeia-aponta-estudo","status":"publish","type":"post","link":"https:\/\/agenciainfra.com\/blog\/subsidios-de-3-bi-de-euros-ano-a-navegacao-tem-sido-ineficientes-na-uniao-europeia-aponta-estudo\/","title":{"rendered":"Subs\u00eddios de 3 bi de euros\/ano \u00e0 navega\u00e7\u00e3o t\u00eam sido ineficientes na Uni\u00e3o Europeia, aponta estudo"},"content":{"rendered":"<div>\n<h5 style=\"text-align: right;\"><strong>Dimmi Amora, da\u00a0Ag\u00eancia iNFRA<\/strong><\/h5>\n<p>Recente estudo da OCDE (Organiza\u00e7\u00e3o para Coopera\u00e7\u00e3o e Desenvolvimento Econ\u00f4mico), grupo de pa\u00edses desenvolvidos, apontou que subs\u00eddios anuais estimados em 3 bilh\u00f5es de euros (cerca de R$ 13,5 bilh\u00f5es) dados \u00e0 setor de navega\u00e7\u00e3o na Uni\u00e3o Europeia t\u00eam se mostrado pouco eficientes para atingir seus objetivos de manter empregos e navios com bandeiras locais.<\/p>\n<p>O trabalho foi desenvolvido pelo ITF (International Transport Forum), \u00f3rg\u00e3o da OCDE para cuidar do setor, e tem o t\u00edtulo &#8220;Maritime Subsides: Do They Provide Value for Money?&#8221; (Subs\u00eddios Mar\u00edtimos: eles promovem valor por dinheiro?, em tradu\u00e7\u00e3o livre). Os dados do trabalho, realizado ao longo de dois anos, s\u00e3o revisados pelos pr\u00f3prios pa\u00edses pesquisados.<\/p>\n<p>O trabalho focou em tr\u00eas tipos principais de subs\u00eddios, ressaltando que eles n\u00e3o s\u00e3o os \u00fanicos entre as dezenas encontradas: subs\u00eddios por tonelagem de navio (uma esp\u00e9cie de benef\u00edcio fiscal pelo tamanho do navio), \u00e0 compra de combust\u00edvel e ao emprego de\u00a0trabalhadores mar\u00edtimos.<\/p>\n<p>De acordo com o trabalho, em geral, a justificativa dos governos para isso seria a forma de concorrer com os chamados navios de bandeira de conveni\u00eancia\u00a0e manter frotas nacionais. Os navios de bandeira de conveni\u00eancia, em geral, t\u00eam regras trabalhistas e de seguran\u00e7a menos r\u00edgidas que a dos pa\u00edses desenvolvidos\u00a0ou em desenvolvimento, como \u00e9 o caso do Brasil. Outro dado \u00e9 que os subs\u00eddios s\u00f3 aumentam nos \u00faltimos anos.<\/p>\n<p>Cada um desses tr\u00eas tipos de subs\u00eddios geram, em m\u00e9dia, um gasto nos pa\u00edses pesquisados de 1 bilh\u00e3o de euros ao ano, segundo o trabalho. E, na pr\u00e1tica, eles n\u00e3o t\u00eam sido eficientes para cumprir os objetivos.<\/p>\n<p>&#8220;As evid\u00eancias sugerem que s\u00e3o limitados os benef\u00edcios para as economias nacionais com a reten\u00e7\u00e3o de navios de bandeira nacional&#8221;, aponta o trabalho, dizendo que os gastos colaboraram para compra de mais navios fora e sobrecapacidade do setor.<\/p>\n<p>O trabalho aponta que os governos devem trabalhar no redesenho desses subs\u00eddios, para que eles possam contribuir de maneira mais ampla com o desenvolvimento dos\u00a0pa\u00edses, e que seria mais eficiente trabalhar em acordos internacionais que tentassem buscar regras comuns para a navega\u00e7\u00e3o. Al\u00e9m, \u00e9 claro, de buscar comprova\u00e7\u00f5es da efetividade dos gastos para cumprir os objetivos.<\/p>\n<p>H\u00e1 cinco recomenda\u00e7\u00f5es do trabalho, que s\u00e3o a reorienta\u00e7\u00e3o e harmoniza\u00e7\u00e3o das pol\u00edticas de subs\u00eddios, a clarifica\u00e7\u00e3o dos objetivos dessas pol\u00edticas, a transforma\u00e7\u00e3o dos subs\u00eddios em gastos condicionados a impactos positivos, maior transpar\u00eancia e regras que evitem distor\u00e7\u00f5es no mercado. O trabalho do ITF est\u00e1 dispon\u00edvel\u00a0<a href=\"https:\/\/agenciainfra.us14.list-manage.com\/track\/click?u=d460dd1bcf9ba0ae040e1fc0f&amp;id=d310f1eff5&amp;e=c099169394\" target=\"_blank\" rel=\"noopener noreferrer\" data-saferedirecturl=\"https:\/\/www.google.com\/url?q=https:\/\/agenciainfra.us14.list-manage.com\/track\/click?u%3Dd460dd1bcf9ba0ae040e1fc0f%26id%3Dd310f1eff5%26e%3Dc099169394&amp;source=gmail&amp;ust=1569321841633000&amp;usg=AFQjCNF9-TRgkrvj2uQp4tKeWYJ5dZhNkg\">neste link<\/a>.<\/p>\n<p><strong>Mudan\u00e7a no Brasil<\/strong><br \/>\nO governo do Brasil discute desde o in\u00edcio do ano um grande pacote de mudan\u00e7as no setor mar\u00edtimo para desenvolver a navega\u00e7\u00e3o de cabotagem, a chamada BR do Mar.<\/p>\n<p>Entre os debates do momento est\u00e3o pol\u00edticas de subs\u00eddios \u00e0 navega\u00e7\u00e3o e tamb\u00e9m \u00e0 ind\u00fastria naval, que est\u00e3o protegidas no pa\u00eds por leis que exigem que navios de bandeira brasileira sejam constru\u00eddos aqui e imp\u00f5em restri\u00e7\u00f5es ao transporte de cargas no Brasil por\u00a0navios estrangeiros.<\/p>\n<p>No governo, os t\u00e9cnicos do Minist\u00e9rio da Economia tentam fazer com que o pacote de medidas a ser lan\u00e7ado garanta a maior abertura poss\u00edvel do mercado, enquanto os t\u00e9cnicos do Minist\u00e9rio da Infraestrutura trabalham para manter algumas restri\u00e7\u00f5es, como forma de n\u00e3o prejudicar investidores que entraram na regra antiga e garantir navios no transporte nacional por prazos mais longos.<\/p>\n<p>Esse pacote de mudan\u00e7as ser\u00e1 debatido por especialistas do governo e do setor privado na pr\u00f3xima semana no evento\u00a0<strong>Caf\u00e9 com iNFRA &#8211; Cabotagem: como o Brasil vai Desenvolver a BR do Mar<\/strong>, promovido pela\u00a0<strong>Ag\u00eancia iNFRA<\/strong>, em Bras\u00edlia, em 1\u00ba de outubro. Mais informa\u00e7\u00f5es sobre o evento\u00a0<a href=\"https:\/\/agenciainfra.us14.list-manage.com\/track\/click?u=d460dd1bcf9ba0ae040e1fc0f&amp;id=f2cff30483&amp;e=c099169394\" target=\"_blank\" rel=\"noopener noreferrer\" data-saferedirecturl=\"https:\/\/www.google.com\/url?q=https:\/\/agenciainfra.us14.list-manage.com\/track\/click?u%3Dd460dd1bcf9ba0ae040e1fc0f%26id%3Df2cff30483%26e%3Dc099169394&amp;source=gmail&amp;ust=1569321841633000&amp;usg=AFQjCNG6E7GX_dxfGx3Iymkr3Ry8_trI6Q\">neste link<\/a>.<\/p>\n<\/div>\n","protected":false},"excerpt":{"rendered":"<p>Dimmi Amora, da\u00a0Ag\u00eancia iNFRA Recente estudo da OCDE (Organiza\u00e7\u00e3o para Coopera\u00e7\u00e3o e Desenvolvimento Econ\u00f4mico), grupo de pa\u00edses desenvolvidos, apontou que subs\u00eddios anuais estimados em 3 bilh\u00f5es de euros (cerca de R$ 13,5 bilh\u00f5es) dados \u00e0 setor de navega\u00e7\u00e3o na Uni\u00e3o Europeia t\u00eam se mostrado pouco eficientes para atingir seus objetivos de manter empregos e navios [&hellip;]<\/p>\n","protected":false},"author":9,"featured_media":3771,"comment_status":"closed","ping_status":"closed","sticky":false,"template":"","format":"standard","meta":{"_monsterinsights_skip_tracking":false,"_monsterinsights_sitenote_active":false,"_monsterinsights_sitenote_note":"","_monsterinsights_sitenote_category":0,"footnotes":""},"categories":[7],"tags":[1245,407,1312,1311,1310],"class_list":["post-3770","post","type-post","status-publish","format-standard","has-post-thumbnail","hentry","category-infratransporte","tag-br-do-mar","tag-cabotagem","tag-international-transport-forum","tag-itf","tag-ocde"],"yoast_head":"<!-- This site is optimized with the Yoast SEO Premium plugin v25.4 (Yoast SEO v26.0) - https:\/\/yoast.com\/wordpress\/plugins\/seo\/ -->\n<title>Subs\u00eddios de 3 bi de euros\/ano \u00e0 navega\u00e7\u00e3o t\u00eam sido ineficientes na Uni\u00e3o Europeia, aponta estudo - Ag\u00eancia iNFRA<\/title>\n<meta name=\"robots\" content=\"index, follow, max-snippet:-1, max-image-preview:large, max-video-preview:-1\" \/>\n<link rel=\"canonical\" href=\"https:\/\/agenciainfra.com\/blog\/subsidios-de-3-bi-de-euros-ano-a-navegacao-tem-sido-ineficientes-na-uniao-europeia-aponta-estudo\/\" \/>\n<meta property=\"og:locale\" content=\"pt_BR\" \/>\n<meta property=\"og:type\" content=\"article\" \/>\n<meta property=\"og:title\" content=\"Subs\u00eddios de 3 bi de euros\/ano \u00e0 navega\u00e7\u00e3o t\u00eam sido ineficientes na Uni\u00e3o Europeia, aponta estudo\" \/>\n<meta property=\"og:description\" content=\"Dimmi Amora, da\u00a0Ag\u00eancia iNFRA Recente estudo da OCDE (Organiza\u00e7\u00e3o para Coopera\u00e7\u00e3o e Desenvolvimento Econ\u00f4mico), grupo de pa\u00edses desenvolvidos, apontou que subs\u00eddios anuais estimados em 3 bilh\u00f5es de euros (cerca de R$ 13,5 bilh\u00f5es) dados \u00e0 setor de navega\u00e7\u00e3o na Uni\u00e3o Europeia t\u00eam se mostrado pouco eficientes para atingir seus objetivos de manter empregos e navios [&hellip;]\" \/>\n<meta property=\"og:url\" content=\"https:\/\/agenciainfra.com\/blog\/subsidios-de-3-bi-de-euros-ano-a-navegacao-tem-sido-ineficientes-na-uniao-europeia-aponta-estudo\/\" \/>\n<meta property=\"og:site_name\" content=\"Ag\u00eancia iNFRA\" \/>\n<meta property=\"article:publisher\" content=\"https:\/\/www.facebook.com\/ageninfra\" \/>\n<meta property=\"article:published_time\" content=\"2019-09-25T11:00:59+00:00\" \/>\n<meta property=\"og:image\" content=\"https:\/\/agenciainfra.com\/blog\/wp-content\/uploads\/2019\/09\/portos-do-parana-appa.jpg\" \/>\n\t<meta property=\"og:image:width\" content=\"1280\" \/>\n\t<meta property=\"og:image:height\" content=\"840\" \/>\n\t<meta property=\"og:image:type\" content=\"image\/jpeg\" \/>\n<meta name=\"author\" content=\"Rodrigo Zuquim\" \/>\n<meta name=\"twitter:card\" content=\"summary_large_image\" \/>\n<meta name=\"twitter:creator\" content=\"@agencia_infra\" \/>\n<meta name=\"twitter:site\" content=\"@agencia_infra\" \/>\n<meta name=\"twitter:label1\" content=\"Escrito por\" \/>\n\t<meta name=\"twitter:data1\" content=\"Rodrigo Zuquim\" \/>\n\t<meta name=\"twitter:label2\" content=\"Est. tempo de leitura\" \/>\n\t<meta name=\"twitter:data2\" content=\"3 minutos\" \/>\n<script type=\"application\/ld+json\" class=\"yoast-schema-graph\">{\"@context\":\"https:\/\/schema.org\",\"@graph\":[{\"@type\":\"Article\",\"@id\":\"https:\/\/agenciainfra.com\/blog\/subsidios-de-3-bi-de-euros-ano-a-navegacao-tem-sido-ineficientes-na-uniao-europeia-aponta-estudo\/#article\",\"isPartOf\":{\"@id\":\"https:\/\/agenciainfra.com\/blog\/subsidios-de-3-bi-de-euros-ano-a-navegacao-tem-sido-ineficientes-na-uniao-europeia-aponta-estudo\/\"},\"author\":{\"name\":\"Rodrigo Zuquim\",\"@id\":\"https:\/\/agenciainfra.com\/blog\/#\/schema\/person\/04dbb79bd6d8951f063da71f3e4c1eb1\"},\"headline\":\"Subs\u00eddios de 3 bi de euros\/ano \u00e0 navega\u00e7\u00e3o t\u00eam sido ineficientes na Uni\u00e3o Europeia, aponta estudo\",\"datePublished\":\"2019-09-25T11:00:59+00:00\",\"mainEntityOfPage\":{\"@id\":\"https:\/\/agenciainfra.com\/blog\/subsidios-de-3-bi-de-euros-ano-a-navegacao-tem-sido-ineficientes-na-uniao-europeia-aponta-estudo\/\"},\"wordCount\":696,\"publisher\":{\"@id\":\"https:\/\/agenciainfra.com\/blog\/#organization\"},\"image\":{\"@id\":\"https:\/\/agenciainfra.com\/blog\/subsidios-de-3-bi-de-euros-ano-a-navegacao-tem-sido-ineficientes-na-uniao-europeia-aponta-estudo\/#primaryimage\"},\"thumbnailUrl\":\"https:\/\/agenciainfra.com\/blog\/wp-content\/uploads\/2019\/09\/portos-do-parana-appa.jpg\",\"keywords\":[\"BR do Mar\",\"cabotagem\",\"International Transport Forum\",\"ITF\",\"OCDE\"],\"articleSection\":[\"iNFRATransporte\"],\"inLanguage\":\"pt-BR\",\"copyrightYear\":\"2019\",\"copyrightHolder\":{\"@id\":\"https:\/\/agenciainfra.com\/blog\/#organization\"}},{\"@type\":\"WebPage\",\"@id\":\"https:\/\/agenciainfra.com\/blog\/subsidios-de-3-bi-de-euros-ano-a-navegacao-tem-sido-ineficientes-na-uniao-europeia-aponta-estudo\/\",\"url\":\"https:\/\/agenciainfra.com\/blog\/subsidios-de-3-bi-de-euros-ano-a-navegacao-tem-sido-ineficientes-na-uniao-europeia-aponta-estudo\/\",\"name\":\"Subs\u00eddios de 3 bi de euros\/ano \u00e0 navega\u00e7\u00e3o t\u00eam sido ineficientes na Uni\u00e3o Europeia, aponta estudo - Ag\u00eancia iNFRA\",\"isPartOf\":{\"@id\":\"https:\/\/agenciainfra.com\/blog\/#website\"},\"primaryImageOfPage\":{\"@id\":\"https:\/\/agenciainfra.com\/blog\/subsidios-de-3-bi-de-euros-ano-a-navegacao-tem-sido-ineficientes-na-uniao-europeia-aponta-estudo\/#primaryimage\"},\"image\":{\"@id\":\"https:\/\/agenciainfra.com\/blog\/subsidios-de-3-bi-de-euros-ano-a-navegacao-tem-sido-ineficientes-na-uniao-europeia-aponta-estudo\/#primaryimage\"},\"thumbnailUrl\":\"https:\/\/agenciainfra.com\/blog\/wp-content\/uploads\/2019\/09\/portos-do-parana-appa.jpg\",\"datePublished\":\"2019-09-25T11:00:59+00:00\",\"breadcrumb\":{\"@id\":\"https:\/\/agenciainfra.com\/blog\/subsidios-de-3-bi-de-euros-ano-a-navegacao-tem-sido-ineficientes-na-uniao-europeia-aponta-estudo\/#breadcrumb\"},\"inLanguage\":\"pt-BR\",\"potentialAction\":[{\"@type\":\"ReadAction\",\"target\":[\"https:\/\/agenciainfra.com\/blog\/subsidios-de-3-bi-de-euros-ano-a-navegacao-tem-sido-ineficientes-na-uniao-europeia-aponta-estudo\/\"]}]},{\"@type\":\"ImageObject\",\"inLanguage\":\"pt-BR\",\"@id\":\"https:\/\/agenciainfra.com\/blog\/subsidios-de-3-bi-de-euros-ano-a-navegacao-tem-sido-ineficientes-na-uniao-europeia-aponta-estudo\/#primaryimage\",\"url\":\"https:\/\/agenciainfra.com\/blog\/wp-content\/uploads\/2019\/09\/portos-do-parana-appa.jpg\",\"contentUrl\":\"https:\/\/agenciainfra.com\/blog\/wp-content\/uploads\/2019\/09\/portos-do-parana-appa.jpg\",\"width\":1280,\"height\":840},{\"@type\":\"BreadcrumbList\",\"@id\":\"https:\/\/agenciainfra.com\/blog\/subsidios-de-3-bi-de-euros-ano-a-navegacao-tem-sido-ineficientes-na-uniao-europeia-aponta-estudo\/#breadcrumb\",\"itemListElement\":[{\"@type\":\"ListItem\",\"position\":1,\"name\":\"In\u00edcio\",\"item\":\"https:\/\/agenciainfra.com\/blog\/\"},{\"@type\":\"ListItem\",\"position\":2,\"name\":\"Subs\u00eddios de 3 bi de euros\/ano \u00e0 navega\u00e7\u00e3o t\u00eam sido ineficientes na Uni\u00e3o Europeia, aponta estudo\"}]},{\"@type\":\"WebSite\",\"@id\":\"https:\/\/agenciainfra.com\/blog\/#website\",\"url\":\"https:\/\/agenciainfra.com\/blog\/\",\"name\":\"Ag\u00eancia iNFRA\",\"description\":\"Multiplataforma de informa\u00e7\u00e3o jornal\u00edstica refer\u00eancia na \u00e1rea de infraestrutura no Brasil!\",\"publisher\":{\"@id\":\"https:\/\/agenciainfra.com\/blog\/#organization\"},\"potentialAction\":[{\"@type\":\"SearchAction\",\"target\":{\"@type\":\"EntryPoint\",\"urlTemplate\":\"https:\/\/agenciainfra.com\/blog\/?s={search_term_string}\"},\"query-input\":{\"@type\":\"PropertyValueSpecification\",\"valueRequired\":true,\"valueName\":\"search_term_string\"}}],\"inLanguage\":\"pt-BR\"},{\"@type\":\"Organization\",\"@id\":\"https:\/\/agenciainfra.com\/blog\/#organization\",\"name\":\"Ag\u00eancia iNFRA\",\"url\":\"https:\/\/agenciainfra.com\/blog\/\",\"logo\":{\"@type\":\"ImageObject\",\"inLanguage\":\"pt-BR\",\"@id\":\"https:\/\/agenciainfra.com\/blog\/#\/schema\/logo\/image\/\",\"url\":\"https:\/\/agenciainfra.com\/blog\/wp-content\/uploads\/2023\/09\/iNFRA_5-e1761735885940.png\",\"contentUrl\":\"https:\/\/agenciainfra.com\/blog\/wp-content\/uploads\/2023\/09\/iNFRA_5-e1761735885940.png\",\"width\":1672,\"height\":454,\"caption\":\"Ag\u00eancia iNFRA\"},\"image\":{\"@id\":\"https:\/\/agenciainfra.com\/blog\/#\/schema\/logo\/image\/\"},\"sameAs\":[\"https:\/\/www.facebook.com\/ageninfra\",\"https:\/\/x.com\/agencia_infra\",\"https:\/\/www.linkedin.com\/company\/ag\u00eanciainfra\/\",\"https:\/\/www.instagram.com\/agenciainfra\/\"]},{\"@type\":\"Person\",\"@id\":\"https:\/\/agenciainfra.com\/blog\/#\/schema\/person\/04dbb79bd6d8951f063da71f3e4c1eb1\",\"name\":\"Rodrigo Zuquim\",\"image\":{\"@type\":\"ImageObject\",\"inLanguage\":\"pt-BR\",\"@id\":\"https:\/\/agenciainfra.com\/blog\/#\/schema\/person\/image\/\",\"url\":\"https:\/\/secure.gravatar.com\/avatar\/594abfe82761d620726242ff34ca472a705a4b97f16c790053a6b4c4035274d0?s=96&d=mm&r=g\",\"contentUrl\":\"https:\/\/secure.gravatar.com\/avatar\/594abfe82761d620726242ff34ca472a705a4b97f16c790053a6b4c4035274d0?s=96&d=mm&r=g\",\"caption\":\"Rodrigo Zuquim\"},\"url\":\"https:\/\/agenciainfra.com\/blog\/author\/rodrigo-zuquim\/\"}]}<\/script>\n<!-- \/ Yoast SEO Premium plugin. -->","yoast_head_json":{"title":"Subs\u00eddios de 3 bi de euros\/ano \u00e0 navega\u00e7\u00e3o t\u00eam sido ineficientes na Uni\u00e3o Europeia, aponta estudo - Ag\u00eancia iNFRA","robots":{"index":"index","follow":"follow","max-snippet":"max-snippet:-1","max-image-preview":"max-image-preview:large","max-video-preview":"max-video-preview:-1"},"canonical":"https:\/\/agenciainfra.com\/blog\/subsidios-de-3-bi-de-euros-ano-a-navegacao-tem-sido-ineficientes-na-uniao-europeia-aponta-estudo\/","og_locale":"pt_BR","og_type":"article","og_title":"Subs\u00eddios de 3 bi de euros\/ano \u00e0 navega\u00e7\u00e3o t\u00eam sido ineficientes na Uni\u00e3o Europeia, aponta estudo","og_description":"Dimmi Amora, da\u00a0Ag\u00eancia iNFRA Recente estudo da OCDE (Organiza\u00e7\u00e3o para Coopera\u00e7\u00e3o e Desenvolvimento Econ\u00f4mico), grupo de pa\u00edses desenvolvidos, apontou que subs\u00eddios anuais estimados em 3 bilh\u00f5es de euros (cerca de R$ 13,5 bilh\u00f5es) dados \u00e0 setor de navega\u00e7\u00e3o na Uni\u00e3o Europeia t\u00eam se mostrado pouco eficientes para atingir seus objetivos de manter empregos e navios [&hellip;]","og_url":"https:\/\/agenciainfra.com\/blog\/subsidios-de-3-bi-de-euros-ano-a-navegacao-tem-sido-ineficientes-na-uniao-europeia-aponta-estudo\/","og_site_name":"Ag\u00eancia iNFRA","article_publisher":"https:\/\/www.facebook.com\/ageninfra","article_published_time":"2019-09-25T11:00:59+00:00","og_image":[{"width":1280,"height":840,"url":"https:\/\/agenciainfra.com\/blog\/wp-content\/uploads\/2019\/09\/portos-do-parana-appa.jpg","type":"image\/jpeg"}],"author":"Rodrigo Zuquim","twitter_card":"summary_large_image","twitter_creator":"@agencia_infra","twitter_site":"@agencia_infra","twitter_misc":{"Escrito por":"Rodrigo Zuquim","Est. tempo de leitura":"3 minutos"},"schema":{"@context":"https:\/\/schema.org","@graph":[{"@type":"Article","@id":"https:\/\/agenciainfra.com\/blog\/subsidios-de-3-bi-de-euros-ano-a-navegacao-tem-sido-ineficientes-na-uniao-europeia-aponta-estudo\/#article","isPartOf":{"@id":"https:\/\/agenciainfra.com\/blog\/subsidios-de-3-bi-de-euros-ano-a-navegacao-tem-sido-ineficientes-na-uniao-europeia-aponta-estudo\/"},"author":{"name":"Rodrigo Zuquim","@id":"https:\/\/agenciainfra.com\/blog\/#\/schema\/person\/04dbb79bd6d8951f063da71f3e4c1eb1"},"headline":"Subs\u00eddios de 3 bi de euros\/ano \u00e0 navega\u00e7\u00e3o t\u00eam sido ineficientes na Uni\u00e3o Europeia, aponta estudo","datePublished":"2019-09-25T11:00:59+00:00","mainEntityOfPage":{"@id":"https:\/\/agenciainfra.com\/blog\/subsidios-de-3-bi-de-euros-ano-a-navegacao-tem-sido-ineficientes-na-uniao-europeia-aponta-estudo\/"},"wordCount":696,"publisher":{"@id":"https:\/\/agenciainfra.com\/blog\/#organization"},"image":{"@id":"https:\/\/agenciainfra.com\/blog\/subsidios-de-3-bi-de-euros-ano-a-navegacao-tem-sido-ineficientes-na-uniao-europeia-aponta-estudo\/#primaryimage"},"thumbnailUrl":"https:\/\/agenciainfra.com\/blog\/wp-content\/uploads\/2019\/09\/portos-do-parana-appa.jpg","keywords":["BR do Mar","cabotagem","International Transport Forum","ITF","OCDE"],"articleSection":["iNFRATransporte"],"inLanguage":"pt-BR","copyrightYear":"2019","copyrightHolder":{"@id":"https:\/\/agenciainfra.com\/blog\/#organization"}},{"@type":"WebPage","@id":"https:\/\/agenciainfra.com\/blog\/subsidios-de-3-bi-de-euros-ano-a-navegacao-tem-sido-ineficientes-na-uniao-europeia-aponta-estudo\/","url":"https:\/\/agenciainfra.com\/blog\/subsidios-de-3-bi-de-euros-ano-a-navegacao-tem-sido-ineficientes-na-uniao-europeia-aponta-estudo\/","name":"Subs\u00eddios de 3 bi de euros\/ano \u00e0 navega\u00e7\u00e3o t\u00eam sido ineficientes na Uni\u00e3o Europeia, aponta estudo - Ag\u00eancia iNFRA","isPartOf":{"@id":"https:\/\/agenciainfra.com\/blog\/#website"},"primaryImageOfPage":{"@id":"https:\/\/agenciainfra.com\/blog\/subsidios-de-3-bi-de-euros-ano-a-navegacao-tem-sido-ineficientes-na-uniao-europeia-aponta-estudo\/#primaryimage"},"image":{"@id":"https:\/\/agenciainfra.com\/blog\/subsidios-de-3-bi-de-euros-ano-a-navegacao-tem-sido-ineficientes-na-uniao-europeia-aponta-estudo\/#primaryimage"},"thumbnailUrl":"https:\/\/agenciainfra.com\/blog\/wp-content\/uploads\/2019\/09\/portos-do-parana-appa.jpg","datePublished":"2019-09-25T11:00:59+00:00","breadcrumb":{"@id":"https:\/\/agenciainfra.com\/blog\/subsidios-de-3-bi-de-euros-ano-a-navegacao-tem-sido-ineficientes-na-uniao-europeia-aponta-estudo\/#breadcrumb"},"inLanguage":"pt-BR","potentialAction":[{"@type":"ReadAction","target":["https:\/\/agenciainfra.com\/blog\/subsidios-de-3-bi-de-euros-ano-a-navegacao-tem-sido-ineficientes-na-uniao-europeia-aponta-estudo\/"]}]},{"@type":"ImageObject","inLanguage":"pt-BR","@id":"https:\/\/agenciainfra.com\/blog\/subsidios-de-3-bi-de-euros-ano-a-navegacao-tem-sido-ineficientes-na-uniao-europeia-aponta-estudo\/#primaryimage","url":"https:\/\/agenciainfra.com\/blog\/wp-content\/uploads\/2019\/09\/portos-do-parana-appa.jpg","contentUrl":"https:\/\/agenciainfra.com\/blog\/wp-content\/uploads\/2019\/09\/portos-do-parana-appa.jpg","width":1280,"height":840},{"@type":"BreadcrumbList","@id":"https:\/\/agenciainfra.com\/blog\/subsidios-de-3-bi-de-euros-ano-a-navegacao-tem-sido-ineficientes-na-uniao-europeia-aponta-estudo\/#breadcrumb","itemListElement":[{"@type":"ListItem","position":1,"name":"In\u00edcio","item":"https:\/\/agenciainfra.com\/blog\/"},{"@type":"ListItem","position":2,"name":"Subs\u00eddios de 3 bi de euros\/ano \u00e0 navega\u00e7\u00e3o t\u00eam sido ineficientes na Uni\u00e3o Europeia, aponta estudo"}]},{"@type":"WebSite","@id":"https:\/\/agenciainfra.com\/blog\/#website","url":"https:\/\/agenciainfra.com\/blog\/","name":"Ag\u00eancia iNFRA","description":"Multiplataforma de informa\u00e7\u00e3o jornal\u00edstica refer\u00eancia na \u00e1rea de infraestrutura no Brasil!","publisher":{"@id":"https:\/\/agenciainfra.com\/blog\/#organization"},"potentialAction":[{"@type":"SearchAction","target":{"@type":"EntryPoint","urlTemplate":"https:\/\/agenciainfra.com\/blog\/?s={search_term_string}"},"query-input":{"@type":"PropertyValueSpecification","valueRequired":true,"valueName":"search_term_string"}}],"inLanguage":"pt-BR"},{"@type":"Organization","@id":"https:\/\/agenciainfra.com\/blog\/#organization","name":"Ag\u00eancia iNFRA","url":"https:\/\/agenciainfra.com\/blog\/","logo":{"@type":"ImageObject","inLanguage":"pt-BR","@id":"https:\/\/agenciainfra.com\/blog\/#\/schema\/logo\/image\/","url":"https:\/\/agenciainfra.com\/blog\/wp-content\/uploads\/2023\/09\/iNFRA_5-e1761735885940.png","contentUrl":"https:\/\/agenciainfra.com\/blog\/wp-content\/uploads\/2023\/09\/iNFRA_5-e1761735885940.png","width":1672,"height":454,"caption":"Ag\u00eancia iNFRA"},"image":{"@id":"https:\/\/agenciainfra.com\/blog\/#\/schema\/logo\/image\/"},"sameAs":["https:\/\/www.facebook.com\/ageninfra","https:\/\/x.com\/agencia_infra","https:\/\/www.linkedin.com\/company\/ag\u00eanciainfra\/","https:\/\/www.instagram.com\/agenciainfra\/"]},{"@type":"Person","@id":"https:\/\/agenciainfra.com\/blog\/#\/schema\/person\/04dbb79bd6d8951f063da71f3e4c1eb1","name":"Rodrigo Zuquim","image":{"@type":"ImageObject","inLanguage":"pt-BR","@id":"https:\/\/agenciainfra.com\/blog\/#\/schema\/person\/image\/","url":"https:\/\/secure.gravatar.com\/avatar\/594abfe82761d620726242ff34ca472a705a4b97f16c790053a6b4c4035274d0?s=96&d=mm&r=g","contentUrl":"https:\/\/secure.gravatar.com\/avatar\/594abfe82761d620726242ff34ca472a705a4b97f16c790053a6b4c4035274d0?s=96&d=mm&r=g","caption":"Rodrigo Zuquim"},"url":"https:\/\/agenciainfra.com\/blog\/author\/rodrigo-zuquim\/"}]}},"_links":{"self":[{"href":"https:\/\/agenciainfra.com\/blog\/wp-json\/wp\/v2\/posts\/3770","targetHints":{"allow":["GET"]}}],"collection":[{"href":"https:\/\/agenciainfra.com\/blog\/wp-json\/wp\/v2\/posts"}],"about":[{"href":"https:\/\/agenciainfra.com\/blog\/wp-json\/wp\/v2\/types\/post"}],"author":[{"embeddable":true,"href":"https:\/\/agenciainfra.com\/blog\/wp-json\/wp\/v2\/users\/9"}],"replies":[{"embeddable":true,"href":"https:\/\/agenciainfra.com\/blog\/wp-json\/wp\/v2\/comments?post=3770"}],"version-history":[{"count":0,"href":"https:\/\/agenciainfra.com\/blog\/wp-json\/wp\/v2\/posts\/3770\/revisions"}],"wp:featuredmedia":[{"embeddable":true,"href":"https:\/\/agenciainfra.com\/blog\/wp-json\/wp\/v2\/media\/3771"}],"wp:attachment":[{"href":"https:\/\/agenciainfra.com\/blog\/wp-json\/wp\/v2\/media?parent=3770"}],"wp:term":[{"taxonomy":"category","embeddable":true,"href":"https:\/\/agenciainfra.com\/blog\/wp-json\/wp\/v2\/categories?post=3770"},{"taxonomy":"post_tag","embeddable":true,"href":"https:\/\/agenciainfra.com\/blog\/wp-json\/wp\/v2\/tags?post=3770"}],"curies":[{"name":"wp","href":"https:\/\/api.w.org\/{rel}","templated":true}]}}