{"id":37710,"date":"2026-03-12T15:16:31","date_gmt":"2026-03-12T18:16:31","guid":{"rendered":"https:\/\/agenciainfra.com\/blog\/?p=37710"},"modified":"2026-03-13T12:12:29","modified_gmt":"2026-03-13T15:12:29","slug":"guerra-no-ira-impacta-frete-do-minerio-diz-csn-mineracao","status":"publish","type":"post","link":"https:\/\/agenciainfra.com\/blog\/guerra-no-ira-impacta-frete-do-minerio-diz-csn-mineracao\/","title":{"rendered":"Guerra no Ir\u00e3 impacta frete do min\u00e9rio, diz CSN Minera\u00e7\u00e3o"},"content":{"rendered":"\n<p class=\"has-text-align-right\"><strong>Rafael Bitencourt, da Ag\u00eancia iNFRA<\/strong><\/p>\n\n\n\n<p>A alta do pre\u00e7o internacional do petr\u00f3leo, por efeitos do conflito no Ir\u00e3, tem impactado o custo do frete do min\u00e9rio exportado no Brasil, afirmou Pedro Oliva, diretor financeiro e de rela\u00e7\u00f5es com investidores da CSN Minera\u00e7\u00e3o.<\/p>\n\n\n\n<p>\u201cClaramente, a gente est\u00e1 vivendo momentos de bastante volatilidade. Isso j\u00e1 impactou o custo do frete em US$ 5,55 d\u00f3lares a tonelada desde o in\u00edcio do conflito em 28 de fevereiro\u201d, disse o executivo nesta quinta-feira (12), durante teleconfer\u00eancia de apresenta\u00e7\u00e3o dos resultados do quarto trimestre de 2025.<\/p>\n\n\n\n<p>Oliva explicou que, em raz\u00e3o das fortes oscila\u00e7\u00f5es do pre\u00e7o do petr\u00f3leo, o custo do afretamento de navios teve queda de 11% na quarta-feira (13), em rela\u00e7\u00e3o ao pico de US$ 30 por dia. Na ocasi\u00e3o, o chamado \u201cTC\u201d (Time Charter) indicava o custo di\u00e1rio de US$ 26,50, acima do valor m\u00e9dio apurado em 2025.<\/p>\n\n\n\n<p><strong>Investimento<\/strong><br>Na teleconfer\u00eancia, o diretor da subsidi\u00e1ria do Grupo CSN (Companhia Sider\u00fargica Nacional) reiterou o compromisso de investir em torno de R$ 6 bilh\u00f5es para concluir o projeto P15, que ser\u00e1 a nova planta de beneficiamento de min\u00e9rio de ferro de alto teor.<\/p>\n\n\n\n<p>Segundo ele, est\u00e1 mantida a previs\u00e3o de concluir o empreendimento no final de 2027. A nova planta est\u00e1 situada no Complexo Casa da Pedra, em Congonhas (MG).<\/p>\n\n\n\n<p>A gente j\u00e1 superou 40% [de avan\u00e7o f\u00edsico] do projeto. J\u00e1 conclu\u00edmos as obras de infraestrutura e iniciamos as obras civis\u201d, afirmou Oliva. Para 2026, a CSN Minera\u00e7\u00e3o pretende avan\u00e7ar com a contrata\u00e7\u00e3o e montagem eletromec\u00e2nica.<\/p>\n\n\n\n<p><strong>Balan\u00e7o<\/strong><br>Ao divulgar o balan\u00e7o do quarto trimestre de 2025, a holding anunciou preju\u00edzo l\u00edquido de R$ 721,2 milh\u00f5es no per\u00edodo. Houve uma revers\u00e3o no lucro l\u00edquido do trimestre anterior \u201ccomo consequ\u00eancia do impacto da ociosidade operacional e perdas de estoques relacionadas \u00e0 parada do alto-forno\u201d, conforme an\u00fancio aos investidores. No fechamento do ano, a d\u00edvida l\u00edquida consolidada da CSN ficou em R$ 41,2 bilh\u00f5es.<\/p>\n\n\n\n<p><\/p>\n","protected":false},"excerpt":{"rendered":"<p>Rafael Bitencourt, da Ag\u00eancia iNFRA A alta do pre\u00e7o internacional do petr\u00f3leo, por efeitos do conflito no Ir\u00e3, tem impactado o custo do frete do min\u00e9rio exportado no Brasil, afirmou Pedro Oliva, diretor financeiro e de rela\u00e7\u00f5es com investidores da CSN Minera\u00e7\u00e3o. \u201cClaramente, a gente est\u00e1 vivendo momentos de bastante volatilidade. Isso j\u00e1 impactou o [&hellip;]<\/p>\n","protected":false},"author":1,"featured_media":11012,"comment_status":"closed","ping_status":"closed","sticky":false,"template":"","format":"standard","meta":{"_monsterinsights_skip_tracking":false,"_monsterinsights_sitenote_active":false,"_monsterinsights_sitenote_note":"","_monsterinsights_sitenote_category":0,"footnotes":""},"categories":[7250,13239],"tags":[18907,18904,18750,693,18025,18905,18906,213,13813],"class_list":["post-37710","post","type-post","status-publish","format-standard","has-post-thumbnail","hentry","category-destaque-lista","category-mineracao","tag-time-charter","tag-casa-da-pedra","tag-conflito-eua-ira","tag-csn","tag-csn-mineracao","tag-p15","tag-pedro-oliva","tag-petroleo","tag-rafael-bitencourt"],"yoast_head":"<!-- This site is optimized with the Yoast SEO Premium plugin v25.4 (Yoast SEO v26.0) - https:\/\/yoast.com\/wordpress\/plugins\/seo\/ -->\n<title>Guerra no Ir\u00e3 impacta frete do min\u00e9rio, diz CSN Minera\u00e7\u00e3o - Ag\u00eancia iNFRA<\/title>\n<meta name=\"robots\" content=\"index, follow, max-snippet:-1, max-image-preview:large, max-video-preview:-1\" \/>\n<link rel=\"canonical\" href=\"https:\/\/agenciainfra.com\/blog\/guerra-no-ira-impacta-frete-do-minerio-diz-csn-mineracao\/\" \/>\n<meta property=\"og:locale\" content=\"pt_BR\" \/>\n<meta property=\"og:type\" content=\"article\" \/>\n<meta property=\"og:title\" content=\"Guerra no Ir\u00e3 impacta frete do min\u00e9rio, diz CSN Minera\u00e7\u00e3o\" \/>\n<meta property=\"og:description\" content=\"Rafael Bitencourt, da Ag\u00eancia iNFRA A alta do pre\u00e7o internacional do petr\u00f3leo, por efeitos do conflito no Ir\u00e3, tem impactado o custo do frete do min\u00e9rio exportado no Brasil, afirmou Pedro Oliva, diretor financeiro e de rela\u00e7\u00f5es com investidores da CSN Minera\u00e7\u00e3o. \u201cClaramente, a gente est\u00e1 vivendo momentos de bastante volatilidade. Isso j\u00e1 impactou o [&hellip;]\" \/>\n<meta property=\"og:url\" content=\"https:\/\/agenciainfra.com\/blog\/guerra-no-ira-impacta-frete-do-minerio-diz-csn-mineracao\/\" \/>\n<meta property=\"og:site_name\" content=\"Ag\u00eancia iNFRA\" \/>\n<meta property=\"article:publisher\" content=\"https:\/\/www.facebook.com\/ageninfra\" \/>\n<meta property=\"article:published_time\" content=\"2026-03-12T18:16:31+00:00\" \/>\n<meta property=\"article:modified_time\" content=\"2026-03-13T15:12:29+00:00\" \/>\n<meta property=\"og:image\" content=\"https:\/\/agenciainfra.com\/blog\/wp-content\/uploads\/2022\/08\/CSN-foto-divulgacao.png\" \/>\n\t<meta property=\"og:image:width\" content=\"1280\" \/>\n\t<meta property=\"og:image:height\" content=\"852\" \/>\n\t<meta property=\"og:image:type\" content=\"image\/png\" \/>\n<meta name=\"author\" content=\"Ag\u00eancia iNFRA\" \/>\n<meta name=\"twitter:card\" content=\"summary_large_image\" \/>\n<meta name=\"twitter:creator\" content=\"@agencia_infra\" \/>\n<meta name=\"twitter:site\" content=\"@agencia_infra\" \/>\n<meta name=\"twitter:label1\" content=\"Escrito por\" \/>\n\t<meta name=\"twitter:data1\" content=\"Ag\u00eancia iNFRA\" \/>\n\t<meta name=\"twitter:label2\" content=\"Est. tempo de leitura\" \/>\n\t<meta name=\"twitter:data2\" content=\"2 minutos\" \/>\n<script type=\"application\/ld+json\" class=\"yoast-schema-graph\">{\"@context\":\"https:\/\/schema.org\",\"@graph\":[{\"@type\":\"Article\",\"@id\":\"https:\/\/agenciainfra.com\/blog\/guerra-no-ira-impacta-frete-do-minerio-diz-csn-mineracao\/#article\",\"isPartOf\":{\"@id\":\"https:\/\/agenciainfra.com\/blog\/guerra-no-ira-impacta-frete-do-minerio-diz-csn-mineracao\/\"},\"author\":{\"name\":\"Ag\u00eancia iNFRA\",\"@id\":\"https:\/\/agenciainfra.com\/blog\/#\/schema\/person\/34af08dff6adea4cb22b06612ba7acfa\"},\"headline\":\"Guerra no Ir\u00e3 impacta frete do min\u00e9rio, diz CSN Minera\u00e7\u00e3o\",\"datePublished\":\"2026-03-12T18:16:31+00:00\",\"dateModified\":\"2026-03-13T15:12:29+00:00\",\"mainEntityOfPage\":{\"@id\":\"https:\/\/agenciainfra.com\/blog\/guerra-no-ira-impacta-frete-do-minerio-diz-csn-mineracao\/\"},\"wordCount\":355,\"publisher\":{\"@id\":\"https:\/\/agenciainfra.com\/blog\/#organization\"},\"image\":{\"@id\":\"https:\/\/agenciainfra.com\/blog\/guerra-no-ira-impacta-frete-do-minerio-diz-csn-mineracao\/#primaryimage\"},\"thumbnailUrl\":\"https:\/\/agenciainfra.com\/blog\/wp-content\/uploads\/2022\/08\/CSN-foto-divulgacao.png\",\"keywords\":[\"\\\"Time Charter\\\"\",\"Casa da Pedra\",\"Conflito EUA-Ir\u00e3\",\"CSN\",\"CSN Minera\u00e7\u00e3o\",\"P15\",\"Pedro Oliva\",\"petr\u00f3leo\",\"Rafael Bitencourt\"],\"articleSection\":[\"Destaque lista\",\"Minera\u00e7\u00e3o\"],\"inLanguage\":\"pt-BR\",\"copyrightYear\":\"2026\",\"copyrightHolder\":{\"@id\":\"https:\/\/agenciainfra.com\/blog\/#organization\"}},{\"@type\":\"WebPage\",\"@id\":\"https:\/\/agenciainfra.com\/blog\/guerra-no-ira-impacta-frete-do-minerio-diz-csn-mineracao\/\",\"url\":\"https:\/\/agenciainfra.com\/blog\/guerra-no-ira-impacta-frete-do-minerio-diz-csn-mineracao\/\",\"name\":\"Guerra no Ir\u00e3 impacta frete do min\u00e9rio, diz CSN Minera\u00e7\u00e3o - Ag\u00eancia iNFRA\",\"isPartOf\":{\"@id\":\"https:\/\/agenciainfra.com\/blog\/#website\"},\"primaryImageOfPage\":{\"@id\":\"https:\/\/agenciainfra.com\/blog\/guerra-no-ira-impacta-frete-do-minerio-diz-csn-mineracao\/#primaryimage\"},\"image\":{\"@id\":\"https:\/\/agenciainfra.com\/blog\/guerra-no-ira-impacta-frete-do-minerio-diz-csn-mineracao\/#primaryimage\"},\"thumbnailUrl\":\"https:\/\/agenciainfra.com\/blog\/wp-content\/uploads\/2022\/08\/CSN-foto-divulgacao.png\",\"datePublished\":\"2026-03-12T18:16:31+00:00\",\"dateModified\":\"2026-03-13T15:12:29+00:00\",\"breadcrumb\":{\"@id\":\"https:\/\/agenciainfra.com\/blog\/guerra-no-ira-impacta-frete-do-minerio-diz-csn-mineracao\/#breadcrumb\"},\"inLanguage\":\"pt-BR\",\"potentialAction\":[{\"@type\":\"ReadAction\",\"target\":[\"https:\/\/agenciainfra.com\/blog\/guerra-no-ira-impacta-frete-do-minerio-diz-csn-mineracao\/\"]}]},{\"@type\":\"ImageObject\",\"inLanguage\":\"pt-BR\",\"@id\":\"https:\/\/agenciainfra.com\/blog\/guerra-no-ira-impacta-frete-do-minerio-diz-csn-mineracao\/#primaryimage\",\"url\":\"https:\/\/agenciainfra.com\/blog\/wp-content\/uploads\/2022\/08\/CSN-foto-divulgacao.png\",\"contentUrl\":\"https:\/\/agenciainfra.com\/blog\/wp-content\/uploads\/2022\/08\/CSN-foto-divulgacao.png\",\"width\":1280,\"height\":852,\"caption\":\"Foto: Divulga\u00e7\u00e3o\/CSN\"},{\"@type\":\"BreadcrumbList\",\"@id\":\"https:\/\/agenciainfra.com\/blog\/guerra-no-ira-impacta-frete-do-minerio-diz-csn-mineracao\/#breadcrumb\",\"itemListElement\":[{\"@type\":\"ListItem\",\"position\":1,\"name\":\"In\u00edcio\",\"item\":\"https:\/\/agenciainfra.com\/blog\/\"},{\"@type\":\"ListItem\",\"position\":2,\"name\":\"Guerra no Ir\u00e3 impacta frete do min\u00e9rio, diz CSN Minera\u00e7\u00e3o\"}]},{\"@type\":\"WebSite\",\"@id\":\"https:\/\/agenciainfra.com\/blog\/#website\",\"url\":\"https:\/\/agenciainfra.com\/blog\/\",\"name\":\"Ag\u00eancia iNFRA\",\"description\":\"Multiplataforma de informa\u00e7\u00e3o jornal\u00edstica refer\u00eancia na \u00e1rea de infraestrutura no Brasil!\",\"publisher\":{\"@id\":\"https:\/\/agenciainfra.com\/blog\/#organization\"},\"potentialAction\":[{\"@type\":\"SearchAction\",\"target\":{\"@type\":\"EntryPoint\",\"urlTemplate\":\"https:\/\/agenciainfra.com\/blog\/?s={search_term_string}\"},\"query-input\":{\"@type\":\"PropertyValueSpecification\",\"valueRequired\":true,\"valueName\":\"search_term_string\"}}],\"inLanguage\":\"pt-BR\"},{\"@type\":\"Organization\",\"@id\":\"https:\/\/agenciainfra.com\/blog\/#organization\",\"name\":\"Ag\u00eancia iNFRA\",\"url\":\"https:\/\/agenciainfra.com\/blog\/\",\"logo\":{\"@type\":\"ImageObject\",\"inLanguage\":\"pt-BR\",\"@id\":\"https:\/\/agenciainfra.com\/blog\/#\/schema\/logo\/image\/\",\"url\":\"https:\/\/agenciainfra.com\/blog\/wp-content\/uploads\/2023\/09\/iNFRA_5-e1761735885940.png\",\"contentUrl\":\"https:\/\/agenciainfra.com\/blog\/wp-content\/uploads\/2023\/09\/iNFRA_5-e1761735885940.png\",\"width\":1672,\"height\":454,\"caption\":\"Ag\u00eancia iNFRA\"},\"image\":{\"@id\":\"https:\/\/agenciainfra.com\/blog\/#\/schema\/logo\/image\/\"},\"sameAs\":[\"https:\/\/www.facebook.com\/ageninfra\",\"https:\/\/x.com\/agencia_infra\",\"https:\/\/www.linkedin.com\/company\/ag\u00eanciainfra\/\",\"https:\/\/www.instagram.com\/agenciainfra\/\"]},{\"@type\":\"Person\",\"@id\":\"https:\/\/agenciainfra.com\/blog\/#\/schema\/person\/34af08dff6adea4cb22b06612ba7acfa\",\"name\":\"Ag\u00eancia iNFRA\",\"image\":{\"@type\":\"ImageObject\",\"inLanguage\":\"pt-BR\",\"@id\":\"https:\/\/agenciainfra.com\/blog\/#\/schema\/person\/image\/\",\"url\":\"https:\/\/secure.gravatar.com\/avatar\/d189e01678f06d8eb84d4e01f08eb848b3fffe3f8443818d3c356c66892f5be8?s=96&d=mm&r=g\",\"contentUrl\":\"https:\/\/secure.gravatar.com\/avatar\/d189e01678f06d8eb84d4e01f08eb848b3fffe3f8443818d3c356c66892f5be8?s=96&d=mm&r=g\",\"caption\":\"Ag\u00eancia iNFRA\"},\"url\":\"https:\/\/agenciainfra.com\/blog\/author\/admin\/\"}]}<\/script>\n<!-- \/ Yoast SEO Premium plugin. -->","yoast_head_json":{"title":"Guerra no Ir\u00e3 impacta frete do min\u00e9rio, diz CSN Minera\u00e7\u00e3o - Ag\u00eancia iNFRA","robots":{"index":"index","follow":"follow","max-snippet":"max-snippet:-1","max-image-preview":"max-image-preview:large","max-video-preview":"max-video-preview:-1"},"canonical":"https:\/\/agenciainfra.com\/blog\/guerra-no-ira-impacta-frete-do-minerio-diz-csn-mineracao\/","og_locale":"pt_BR","og_type":"article","og_title":"Guerra no Ir\u00e3 impacta frete do min\u00e9rio, diz CSN Minera\u00e7\u00e3o","og_description":"Rafael Bitencourt, da Ag\u00eancia iNFRA A alta do pre\u00e7o internacional do petr\u00f3leo, por efeitos do conflito no Ir\u00e3, tem impactado o custo do frete do min\u00e9rio exportado no Brasil, afirmou Pedro Oliva, diretor financeiro e de rela\u00e7\u00f5es com investidores da CSN Minera\u00e7\u00e3o. \u201cClaramente, a gente est\u00e1 vivendo momentos de bastante volatilidade. Isso j\u00e1 impactou o [&hellip;]","og_url":"https:\/\/agenciainfra.com\/blog\/guerra-no-ira-impacta-frete-do-minerio-diz-csn-mineracao\/","og_site_name":"Ag\u00eancia iNFRA","article_publisher":"https:\/\/www.facebook.com\/ageninfra","article_published_time":"2026-03-12T18:16:31+00:00","article_modified_time":"2026-03-13T15:12:29+00:00","og_image":[{"width":1280,"height":852,"url":"https:\/\/agenciainfra.com\/blog\/wp-content\/uploads\/2022\/08\/CSN-foto-divulgacao.png","type":"image\/png"}],"author":"Ag\u00eancia iNFRA","twitter_card":"summary_large_image","twitter_creator":"@agencia_infra","twitter_site":"@agencia_infra","twitter_misc":{"Escrito por":"Ag\u00eancia iNFRA","Est. tempo de leitura":"2 minutos"},"schema":{"@context":"https:\/\/schema.org","@graph":[{"@type":"Article","@id":"https:\/\/agenciainfra.com\/blog\/guerra-no-ira-impacta-frete-do-minerio-diz-csn-mineracao\/#article","isPartOf":{"@id":"https:\/\/agenciainfra.com\/blog\/guerra-no-ira-impacta-frete-do-minerio-diz-csn-mineracao\/"},"author":{"name":"Ag\u00eancia iNFRA","@id":"https:\/\/agenciainfra.com\/blog\/#\/schema\/person\/34af08dff6adea4cb22b06612ba7acfa"},"headline":"Guerra no Ir\u00e3 impacta frete do min\u00e9rio, diz CSN Minera\u00e7\u00e3o","datePublished":"2026-03-12T18:16:31+00:00","dateModified":"2026-03-13T15:12:29+00:00","mainEntityOfPage":{"@id":"https:\/\/agenciainfra.com\/blog\/guerra-no-ira-impacta-frete-do-minerio-diz-csn-mineracao\/"},"wordCount":355,"publisher":{"@id":"https:\/\/agenciainfra.com\/blog\/#organization"},"image":{"@id":"https:\/\/agenciainfra.com\/blog\/guerra-no-ira-impacta-frete-do-minerio-diz-csn-mineracao\/#primaryimage"},"thumbnailUrl":"https:\/\/agenciainfra.com\/blog\/wp-content\/uploads\/2022\/08\/CSN-foto-divulgacao.png","keywords":["\"Time Charter\"","Casa da Pedra","Conflito EUA-Ir\u00e3","CSN","CSN Minera\u00e7\u00e3o","P15","Pedro Oliva","petr\u00f3leo","Rafael Bitencourt"],"articleSection":["Destaque lista","Minera\u00e7\u00e3o"],"inLanguage":"pt-BR","copyrightYear":"2026","copyrightHolder":{"@id":"https:\/\/agenciainfra.com\/blog\/#organization"}},{"@type":"WebPage","@id":"https:\/\/agenciainfra.com\/blog\/guerra-no-ira-impacta-frete-do-minerio-diz-csn-mineracao\/","url":"https:\/\/agenciainfra.com\/blog\/guerra-no-ira-impacta-frete-do-minerio-diz-csn-mineracao\/","name":"Guerra no Ir\u00e3 impacta frete do min\u00e9rio, diz CSN Minera\u00e7\u00e3o - Ag\u00eancia iNFRA","isPartOf":{"@id":"https:\/\/agenciainfra.com\/blog\/#website"},"primaryImageOfPage":{"@id":"https:\/\/agenciainfra.com\/blog\/guerra-no-ira-impacta-frete-do-minerio-diz-csn-mineracao\/#primaryimage"},"image":{"@id":"https:\/\/agenciainfra.com\/blog\/guerra-no-ira-impacta-frete-do-minerio-diz-csn-mineracao\/#primaryimage"},"thumbnailUrl":"https:\/\/agenciainfra.com\/blog\/wp-content\/uploads\/2022\/08\/CSN-foto-divulgacao.png","datePublished":"2026-03-12T18:16:31+00:00","dateModified":"2026-03-13T15:12:29+00:00","breadcrumb":{"@id":"https:\/\/agenciainfra.com\/blog\/guerra-no-ira-impacta-frete-do-minerio-diz-csn-mineracao\/#breadcrumb"},"inLanguage":"pt-BR","potentialAction":[{"@type":"ReadAction","target":["https:\/\/agenciainfra.com\/blog\/guerra-no-ira-impacta-frete-do-minerio-diz-csn-mineracao\/"]}]},{"@type":"ImageObject","inLanguage":"pt-BR","@id":"https:\/\/agenciainfra.com\/blog\/guerra-no-ira-impacta-frete-do-minerio-diz-csn-mineracao\/#primaryimage","url":"https:\/\/agenciainfra.com\/blog\/wp-content\/uploads\/2022\/08\/CSN-foto-divulgacao.png","contentUrl":"https:\/\/agenciainfra.com\/blog\/wp-content\/uploads\/2022\/08\/CSN-foto-divulgacao.png","width":1280,"height":852,"caption":"Foto: Divulga\u00e7\u00e3o\/CSN"},{"@type":"BreadcrumbList","@id":"https:\/\/agenciainfra.com\/blog\/guerra-no-ira-impacta-frete-do-minerio-diz-csn-mineracao\/#breadcrumb","itemListElement":[{"@type":"ListItem","position":1,"name":"In\u00edcio","item":"https:\/\/agenciainfra.com\/blog\/"},{"@type":"ListItem","position":2,"name":"Guerra no Ir\u00e3 impacta frete do min\u00e9rio, diz CSN Minera\u00e7\u00e3o"}]},{"@type":"WebSite","@id":"https:\/\/agenciainfra.com\/blog\/#website","url":"https:\/\/agenciainfra.com\/blog\/","name":"Ag\u00eancia iNFRA","description":"Multiplataforma de informa\u00e7\u00e3o jornal\u00edstica refer\u00eancia na \u00e1rea de infraestrutura no Brasil!","publisher":{"@id":"https:\/\/agenciainfra.com\/blog\/#organization"},"potentialAction":[{"@type":"SearchAction","target":{"@type":"EntryPoint","urlTemplate":"https:\/\/agenciainfra.com\/blog\/?s={search_term_string}"},"query-input":{"@type":"PropertyValueSpecification","valueRequired":true,"valueName":"search_term_string"}}],"inLanguage":"pt-BR"},{"@type":"Organization","@id":"https:\/\/agenciainfra.com\/blog\/#organization","name":"Ag\u00eancia iNFRA","url":"https:\/\/agenciainfra.com\/blog\/","logo":{"@type":"ImageObject","inLanguage":"pt-BR","@id":"https:\/\/agenciainfra.com\/blog\/#\/schema\/logo\/image\/","url":"https:\/\/agenciainfra.com\/blog\/wp-content\/uploads\/2023\/09\/iNFRA_5-e1761735885940.png","contentUrl":"https:\/\/agenciainfra.com\/blog\/wp-content\/uploads\/2023\/09\/iNFRA_5-e1761735885940.png","width":1672,"height":454,"caption":"Ag\u00eancia iNFRA"},"image":{"@id":"https:\/\/agenciainfra.com\/blog\/#\/schema\/logo\/image\/"},"sameAs":["https:\/\/www.facebook.com\/ageninfra","https:\/\/x.com\/agencia_infra","https:\/\/www.linkedin.com\/company\/ag\u00eanciainfra\/","https:\/\/www.instagram.com\/agenciainfra\/"]},{"@type":"Person","@id":"https:\/\/agenciainfra.com\/blog\/#\/schema\/person\/34af08dff6adea4cb22b06612ba7acfa","name":"Ag\u00eancia iNFRA","image":{"@type":"ImageObject","inLanguage":"pt-BR","@id":"https:\/\/agenciainfra.com\/blog\/#\/schema\/person\/image\/","url":"https:\/\/secure.gravatar.com\/avatar\/d189e01678f06d8eb84d4e01f08eb848b3fffe3f8443818d3c356c66892f5be8?s=96&d=mm&r=g","contentUrl":"https:\/\/secure.gravatar.com\/avatar\/d189e01678f06d8eb84d4e01f08eb848b3fffe3f8443818d3c356c66892f5be8?s=96&d=mm&r=g","caption":"Ag\u00eancia iNFRA"},"url":"https:\/\/agenciainfra.com\/blog\/author\/admin\/"}]}},"_links":{"self":[{"href":"https:\/\/agenciainfra.com\/blog\/wp-json\/wp\/v2\/posts\/37710","targetHints":{"allow":["GET"]}}],"collection":[{"href":"https:\/\/agenciainfra.com\/blog\/wp-json\/wp\/v2\/posts"}],"about":[{"href":"https:\/\/agenciainfra.com\/blog\/wp-json\/wp\/v2\/types\/post"}],"author":[{"embeddable":true,"href":"https:\/\/agenciainfra.com\/blog\/wp-json\/wp\/v2\/users\/1"}],"replies":[{"embeddable":true,"href":"https:\/\/agenciainfra.com\/blog\/wp-json\/wp\/v2\/comments?post=37710"}],"version-history":[{"count":1,"href":"https:\/\/agenciainfra.com\/blog\/wp-json\/wp\/v2\/posts\/37710\/revisions"}],"predecessor-version":[{"id":37712,"href":"https:\/\/agenciainfra.com\/blog\/wp-json\/wp\/v2\/posts\/37710\/revisions\/37712"}],"wp:featuredmedia":[{"embeddable":true,"href":"https:\/\/agenciainfra.com\/blog\/wp-json\/wp\/v2\/media\/11012"}],"wp:attachment":[{"href":"https:\/\/agenciainfra.com\/blog\/wp-json\/wp\/v2\/media?parent=37710"}],"wp:term":[{"taxonomy":"category","embeddable":true,"href":"https:\/\/agenciainfra.com\/blog\/wp-json\/wp\/v2\/categories?post=37710"},{"taxonomy":"post_tag","embeddable":true,"href":"https:\/\/agenciainfra.com\/blog\/wp-json\/wp\/v2\/tags?post=37710"}],"curies":[{"name":"wp","href":"https:\/\/api.w.org\/{rel}","templated":true}]}}