{"id":37711,"date":"2026-03-12T15:29:55","date_gmt":"2026-03-12T18:29:55","guid":{"rendered":"https:\/\/agenciainfra.com\/blog\/?p=37711"},"modified":"2026-03-12T15:31:00","modified_gmt":"2026-03-12T18:31:00","slug":"mpf-articula-acordo-para-regularizar-acessos-a-br-101-em-palmares","status":"publish","type":"post","link":"https:\/\/agenciainfra.com\/blog\/mpf-articula-acordo-para-regularizar-acessos-a-br-101-em-palmares\/","title":{"rendered":"MPF articula acordo para regularizar acessos \u00e0 BR-101 em Palmares (PE)"},"content":{"rendered":"\n<p class=\"has-text-align-right\"><strong>da Ag\u00eancia iNFRA<\/strong><\/p>\n\n\n\n<p>O MPF (Minist\u00e9rio P\u00fablico Federal) promoveu uma reuni\u00e3o t\u00e9cnica nesta quarta-feira (11) para discutir a regulariza\u00e7\u00e3o de acessos na BR-101 no munic\u00edpio de Palmares, na Zona da Mata Sul de Pernambuco. A iniciativa busca solucionar irregularidades apontadas pelo DNIT (Departamento Nacional de Infraestrutura de Transportes) e evitar a judicializa\u00e7\u00e3o do caso.<br><br>O superintendente do DNIT em Pernambuco, Bruno Bittencourt, e o chefe de Opera\u00e7\u00f5es do departamento, Fausto Mafra, destacaram os riscos dos acessos atuais, que apresentam diversas irregularidades, dentre elas, falta de sinaliza\u00e7\u00e3o e aus\u00eancia de faixas de acelera\u00e7\u00e3o e desacelera\u00e7\u00e3o. Eles detalharam as propostas t\u00e9cnicas do \u00f3rg\u00e3o. <\/p>\n\n\n\n<p>Para o km 186,5, que atende a v\u00e1rias institui\u00e7\u00f5es p\u00fablicas, o Departamento prop\u00f4s o fechamento dos acessos diretos e a constru\u00e7\u00e3o de uma via interna \u00fanica, visando distanciar o fluxo dos dispositivos de retorno. Para o km 189,9, a proposta consiste na implanta\u00e7\u00e3o de uma via local marginal para segregar o tr\u00e1fego. No km 191,1, a solu\u00e7\u00e3o apresentada \u00e9 a adequa\u00e7\u00e3o das faixas existentes e da sinaliza\u00e7\u00e3o<br><br>Durante a reuni\u00e3o, o DNIT apresentou propostas t\u00e9cnicas para aumentar a seguran\u00e7a vi\u00e1ria, como fechamento de acessos diretos, cria\u00e7\u00e3o de via interna para organizar o fluxo de ve\u00edculos, implanta\u00e7\u00e3o de via marginal e adequa\u00e7\u00e3o de sinaliza\u00e7\u00e3o e faixas de acelera\u00e7\u00e3o e desacelera\u00e7\u00e3o.<br><br>A prefeitura de Palmares solicitou prazo para an\u00e1lise t\u00e9cnica do projeto. Uma nova reuni\u00e3o foi marcada para 6 de maio, quando o munic\u00edpio dever\u00e1 informar se aceita a proposta apresentada pelo DNIT ou se apresentar\u00e1 alternativa.<br><br>O debate ocorre no \u00e2mbito de dois inqu\u00e9ritos civis instaurados pelo MPF para apurar as irregularidades. Segundo o \u00f3rg\u00e3o, os procedimentos extrajudiciais ficar\u00e3o suspensos at\u00e9 a pr\u00f3xima reuni\u00e3o, enquanto os envolvidos buscam uma solu\u00e7\u00e3o consensual para o problema.<\/p>\n","protected":false},"excerpt":{"rendered":"<p>da Ag\u00eancia iNFRA O MPF (Minist\u00e9rio P\u00fablico Federal) promoveu uma reuni\u00e3o t\u00e9cnica nesta quarta-feira (11) para discutir a regulariza\u00e7\u00e3o de acessos na BR-101 no munic\u00edpio de Palmares, na Zona da Mata Sul de Pernambuco. A iniciativa busca solucionar irregularidades apontadas pelo DNIT (Departamento Nacional de Infraestrutura de Transportes) e evitar a judicializa\u00e7\u00e3o do caso. O [&hellip;]<\/p>\n","protected":false},"author":1,"featured_media":37714,"comment_status":"closed","ping_status":"closed","sticky":false,"template":"","format":"standard","meta":{"_monsterinsights_skip_tracking":false,"_monsterinsights_sitenote_active":false,"_monsterinsights_sitenote_note":"","_monsterinsights_sitenote_category":0,"footnotes":""},"categories":[13576],"tags":[435,328,34,524,18908,93,126],"class_list":["post-37711","post","type-post","status-publish","format-standard","has-post-thumbnail","hentry","category-giro-infra","tag-br-101","tag-dnit","tag-infraestrutura","tag-mpf","tag-palmares","tag-pernambuco","tag-rodovias"],"yoast_head":"<!-- This site is optimized with the Yoast SEO Premium plugin v25.4 (Yoast SEO v26.0) - https:\/\/yoast.com\/wordpress\/plugins\/seo\/ -->\n<title>MPF articula acordo para regularizar acessos \u00e0 BR-101 em Palmares (PE) - Ag\u00eancia iNFRA<\/title>\n<meta name=\"robots\" content=\"index, follow, max-snippet:-1, max-image-preview:large, max-video-preview:-1\" \/>\n<link rel=\"canonical\" href=\"https:\/\/agenciainfra.com\/blog\/mpf-articula-acordo-para-regularizar-acessos-a-br-101-em-palmares\/\" \/>\n<meta property=\"og:locale\" content=\"pt_BR\" \/>\n<meta property=\"og:type\" content=\"article\" \/>\n<meta property=\"og:title\" content=\"MPF articula acordo para regularizar acessos \u00e0 BR-101 em Palmares (PE)\" \/>\n<meta property=\"og:description\" content=\"da Ag\u00eancia iNFRA O MPF (Minist\u00e9rio P\u00fablico Federal) promoveu uma reuni\u00e3o t\u00e9cnica nesta quarta-feira (11) para discutir a regulariza\u00e7\u00e3o de acessos na BR-101 no munic\u00edpio de Palmares, na Zona da Mata Sul de Pernambuco. A iniciativa busca solucionar irregularidades apontadas pelo DNIT (Departamento Nacional de Infraestrutura de Transportes) e evitar a judicializa\u00e7\u00e3o do caso. O [&hellip;]\" \/>\n<meta property=\"og:url\" content=\"https:\/\/agenciainfra.com\/blog\/mpf-articula-acordo-para-regularizar-acessos-a-br-101-em-palmares\/\" \/>\n<meta property=\"og:site_name\" content=\"Ag\u00eancia iNFRA\" \/>\n<meta property=\"article:publisher\" content=\"https:\/\/www.facebook.com\/ageninfra\" \/>\n<meta property=\"article:published_time\" content=\"2026-03-12T18:29:55+00:00\" \/>\n<meta property=\"article:modified_time\" content=\"2026-03-12T18:31:00+00:00\" \/>\n<meta property=\"og:image\" content=\"https:\/\/agenciainfra.com\/blog\/wp-content\/uploads\/2026\/03\/br-101-foto-dnit.jpg\" \/>\n\t<meta property=\"og:image:width\" content=\"1280\" \/>\n\t<meta property=\"og:image:height\" content=\"787\" \/>\n\t<meta property=\"og:image:type\" content=\"image\/jpeg\" \/>\n<meta name=\"author\" content=\"Ag\u00eancia iNFRA\" \/>\n<meta name=\"twitter:card\" content=\"summary_large_image\" \/>\n<meta name=\"twitter:creator\" content=\"@agencia_infra\" \/>\n<meta name=\"twitter:site\" content=\"@agencia_infra\" \/>\n<meta name=\"twitter:label1\" content=\"Escrito por\" \/>\n\t<meta name=\"twitter:data1\" content=\"Ag\u00eancia iNFRA\" \/>\n\t<meta name=\"twitter:label2\" content=\"Est. tempo de leitura\" \/>\n\t<meta name=\"twitter:data2\" content=\"2 minutos\" \/>\n<script type=\"application\/ld+json\" class=\"yoast-schema-graph\">{\"@context\":\"https:\/\/schema.org\",\"@graph\":[{\"@type\":\"Article\",\"@id\":\"https:\/\/agenciainfra.com\/blog\/mpf-articula-acordo-para-regularizar-acessos-a-br-101-em-palmares\/#article\",\"isPartOf\":{\"@id\":\"https:\/\/agenciainfra.com\/blog\/mpf-articula-acordo-para-regularizar-acessos-a-br-101-em-palmares\/\"},\"author\":{\"name\":\"Ag\u00eancia iNFRA\",\"@id\":\"https:\/\/agenciainfra.com\/blog\/#\/schema\/person\/34af08dff6adea4cb22b06612ba7acfa\"},\"headline\":\"MPF articula acordo para regularizar acessos \u00e0 BR-101 em Palmares (PE)\",\"datePublished\":\"2026-03-12T18:29:55+00:00\",\"dateModified\":\"2026-03-12T18:31:00+00:00\",\"mainEntityOfPage\":{\"@id\":\"https:\/\/agenciainfra.com\/blog\/mpf-articula-acordo-para-regularizar-acessos-a-br-101-em-palmares\/\"},\"wordCount\":334,\"publisher\":{\"@id\":\"https:\/\/agenciainfra.com\/blog\/#organization\"},\"image\":{\"@id\":\"https:\/\/agenciainfra.com\/blog\/mpf-articula-acordo-para-regularizar-acessos-a-br-101-em-palmares\/#primaryimage\"},\"thumbnailUrl\":\"https:\/\/agenciainfra.com\/blog\/wp-content\/uploads\/2026\/03\/br-101-foto-dnit.jpg\",\"keywords\":[\"BR-101\",\"DNIT\",\"Infraestrutura\",\"MPF\",\"palmares\",\"Pernambuco\",\"rodovias\"],\"articleSection\":[\"Giro iNFRA\"],\"inLanguage\":\"pt-BR\",\"copyrightYear\":\"2026\",\"copyrightHolder\":{\"@id\":\"https:\/\/agenciainfra.com\/blog\/#organization\"}},{\"@type\":\"WebPage\",\"@id\":\"https:\/\/agenciainfra.com\/blog\/mpf-articula-acordo-para-regularizar-acessos-a-br-101-em-palmares\/\",\"url\":\"https:\/\/agenciainfra.com\/blog\/mpf-articula-acordo-para-regularizar-acessos-a-br-101-em-palmares\/\",\"name\":\"MPF articula acordo para regularizar acessos \u00e0 BR-101 em Palmares (PE) - Ag\u00eancia iNFRA\",\"isPartOf\":{\"@id\":\"https:\/\/agenciainfra.com\/blog\/#website\"},\"primaryImageOfPage\":{\"@id\":\"https:\/\/agenciainfra.com\/blog\/mpf-articula-acordo-para-regularizar-acessos-a-br-101-em-palmares\/#primaryimage\"},\"image\":{\"@id\":\"https:\/\/agenciainfra.com\/blog\/mpf-articula-acordo-para-regularizar-acessos-a-br-101-em-palmares\/#primaryimage\"},\"thumbnailUrl\":\"https:\/\/agenciainfra.com\/blog\/wp-content\/uploads\/2026\/03\/br-101-foto-dnit.jpg\",\"datePublished\":\"2026-03-12T18:29:55+00:00\",\"dateModified\":\"2026-03-12T18:31:00+00:00\",\"breadcrumb\":{\"@id\":\"https:\/\/agenciainfra.com\/blog\/mpf-articula-acordo-para-regularizar-acessos-a-br-101-em-palmares\/#breadcrumb\"},\"inLanguage\":\"pt-BR\",\"potentialAction\":[{\"@type\":\"ReadAction\",\"target\":[\"https:\/\/agenciainfra.com\/blog\/mpf-articula-acordo-para-regularizar-acessos-a-br-101-em-palmares\/\"]}]},{\"@type\":\"ImageObject\",\"inLanguage\":\"pt-BR\",\"@id\":\"https:\/\/agenciainfra.com\/blog\/mpf-articula-acordo-para-regularizar-acessos-a-br-101-em-palmares\/#primaryimage\",\"url\":\"https:\/\/agenciainfra.com\/blog\/wp-content\/uploads\/2026\/03\/br-101-foto-dnit.jpg\",\"contentUrl\":\"https:\/\/agenciainfra.com\/blog\/wp-content\/uploads\/2026\/03\/br-101-foto-dnit.jpg\",\"width\":1280,\"height\":787,\"caption\":\"Foto: DNIT\"},{\"@type\":\"BreadcrumbList\",\"@id\":\"https:\/\/agenciainfra.com\/blog\/mpf-articula-acordo-para-regularizar-acessos-a-br-101-em-palmares\/#breadcrumb\",\"itemListElement\":[{\"@type\":\"ListItem\",\"position\":1,\"name\":\"In\u00edcio\",\"item\":\"https:\/\/agenciainfra.com\/blog\/\"},{\"@type\":\"ListItem\",\"position\":2,\"name\":\"MPF articula acordo para regularizar acessos \u00e0 BR-101 em Palmares (PE)\"}]},{\"@type\":\"WebSite\",\"@id\":\"https:\/\/agenciainfra.com\/blog\/#website\",\"url\":\"https:\/\/agenciainfra.com\/blog\/\",\"name\":\"Ag\u00eancia iNFRA\",\"description\":\"Multiplataforma de informa\u00e7\u00e3o jornal\u00edstica refer\u00eancia na \u00e1rea de infraestrutura no Brasil!\",\"publisher\":{\"@id\":\"https:\/\/agenciainfra.com\/blog\/#organization\"},\"potentialAction\":[{\"@type\":\"SearchAction\",\"target\":{\"@type\":\"EntryPoint\",\"urlTemplate\":\"https:\/\/agenciainfra.com\/blog\/?s={search_term_string}\"},\"query-input\":{\"@type\":\"PropertyValueSpecification\",\"valueRequired\":true,\"valueName\":\"search_term_string\"}}],\"inLanguage\":\"pt-BR\"},{\"@type\":\"Organization\",\"@id\":\"https:\/\/agenciainfra.com\/blog\/#organization\",\"name\":\"Ag\u00eancia iNFRA\",\"url\":\"https:\/\/agenciainfra.com\/blog\/\",\"logo\":{\"@type\":\"ImageObject\",\"inLanguage\":\"pt-BR\",\"@id\":\"https:\/\/agenciainfra.com\/blog\/#\/schema\/logo\/image\/\",\"url\":\"https:\/\/agenciainfra.com\/blog\/wp-content\/uploads\/2023\/09\/iNFRA_5-e1761735885940.png\",\"contentUrl\":\"https:\/\/agenciainfra.com\/blog\/wp-content\/uploads\/2023\/09\/iNFRA_5-e1761735885940.png\",\"width\":1672,\"height\":454,\"caption\":\"Ag\u00eancia iNFRA\"},\"image\":{\"@id\":\"https:\/\/agenciainfra.com\/blog\/#\/schema\/logo\/image\/\"},\"sameAs\":[\"https:\/\/www.facebook.com\/ageninfra\",\"https:\/\/x.com\/agencia_infra\",\"https:\/\/www.linkedin.com\/company\/ag\u00eanciainfra\/\",\"https:\/\/www.instagram.com\/agenciainfra\/\"]},{\"@type\":\"Person\",\"@id\":\"https:\/\/agenciainfra.com\/blog\/#\/schema\/person\/34af08dff6adea4cb22b06612ba7acfa\",\"name\":\"Ag\u00eancia iNFRA\",\"image\":{\"@type\":\"ImageObject\",\"inLanguage\":\"pt-BR\",\"@id\":\"https:\/\/agenciainfra.com\/blog\/#\/schema\/person\/image\/\",\"url\":\"https:\/\/secure.gravatar.com\/avatar\/d189e01678f06d8eb84d4e01f08eb848b3fffe3f8443818d3c356c66892f5be8?s=96&d=mm&r=g\",\"contentUrl\":\"https:\/\/secure.gravatar.com\/avatar\/d189e01678f06d8eb84d4e01f08eb848b3fffe3f8443818d3c356c66892f5be8?s=96&d=mm&r=g\",\"caption\":\"Ag\u00eancia iNFRA\"},\"url\":\"https:\/\/agenciainfra.com\/blog\/author\/admin\/\"}]}<\/script>\n<!-- \/ Yoast SEO Premium plugin. -->","yoast_head_json":{"title":"MPF articula acordo para regularizar acessos \u00e0 BR-101 em Palmares (PE) - Ag\u00eancia iNFRA","robots":{"index":"index","follow":"follow","max-snippet":"max-snippet:-1","max-image-preview":"max-image-preview:large","max-video-preview":"max-video-preview:-1"},"canonical":"https:\/\/agenciainfra.com\/blog\/mpf-articula-acordo-para-regularizar-acessos-a-br-101-em-palmares\/","og_locale":"pt_BR","og_type":"article","og_title":"MPF articula acordo para regularizar acessos \u00e0 BR-101 em Palmares (PE)","og_description":"da Ag\u00eancia iNFRA O MPF (Minist\u00e9rio P\u00fablico Federal) promoveu uma reuni\u00e3o t\u00e9cnica nesta quarta-feira (11) para discutir a regulariza\u00e7\u00e3o de acessos na BR-101 no munic\u00edpio de Palmares, na Zona da Mata Sul de Pernambuco. A iniciativa busca solucionar irregularidades apontadas pelo DNIT (Departamento Nacional de Infraestrutura de Transportes) e evitar a judicializa\u00e7\u00e3o do caso. O [&hellip;]","og_url":"https:\/\/agenciainfra.com\/blog\/mpf-articula-acordo-para-regularizar-acessos-a-br-101-em-palmares\/","og_site_name":"Ag\u00eancia iNFRA","article_publisher":"https:\/\/www.facebook.com\/ageninfra","article_published_time":"2026-03-12T18:29:55+00:00","article_modified_time":"2026-03-12T18:31:00+00:00","og_image":[{"width":1280,"height":787,"url":"https:\/\/agenciainfra.com\/blog\/wp-content\/uploads\/2026\/03\/br-101-foto-dnit.jpg","type":"image\/jpeg"}],"author":"Ag\u00eancia iNFRA","twitter_card":"summary_large_image","twitter_creator":"@agencia_infra","twitter_site":"@agencia_infra","twitter_misc":{"Escrito por":"Ag\u00eancia iNFRA","Est. tempo de leitura":"2 minutos"},"schema":{"@context":"https:\/\/schema.org","@graph":[{"@type":"Article","@id":"https:\/\/agenciainfra.com\/blog\/mpf-articula-acordo-para-regularizar-acessos-a-br-101-em-palmares\/#article","isPartOf":{"@id":"https:\/\/agenciainfra.com\/blog\/mpf-articula-acordo-para-regularizar-acessos-a-br-101-em-palmares\/"},"author":{"name":"Ag\u00eancia iNFRA","@id":"https:\/\/agenciainfra.com\/blog\/#\/schema\/person\/34af08dff6adea4cb22b06612ba7acfa"},"headline":"MPF articula acordo para regularizar acessos \u00e0 BR-101 em Palmares (PE)","datePublished":"2026-03-12T18:29:55+00:00","dateModified":"2026-03-12T18:31:00+00:00","mainEntityOfPage":{"@id":"https:\/\/agenciainfra.com\/blog\/mpf-articula-acordo-para-regularizar-acessos-a-br-101-em-palmares\/"},"wordCount":334,"publisher":{"@id":"https:\/\/agenciainfra.com\/blog\/#organization"},"image":{"@id":"https:\/\/agenciainfra.com\/blog\/mpf-articula-acordo-para-regularizar-acessos-a-br-101-em-palmares\/#primaryimage"},"thumbnailUrl":"https:\/\/agenciainfra.com\/blog\/wp-content\/uploads\/2026\/03\/br-101-foto-dnit.jpg","keywords":["BR-101","DNIT","Infraestrutura","MPF","palmares","Pernambuco","rodovias"],"articleSection":["Giro iNFRA"],"inLanguage":"pt-BR","copyrightYear":"2026","copyrightHolder":{"@id":"https:\/\/agenciainfra.com\/blog\/#organization"}},{"@type":"WebPage","@id":"https:\/\/agenciainfra.com\/blog\/mpf-articula-acordo-para-regularizar-acessos-a-br-101-em-palmares\/","url":"https:\/\/agenciainfra.com\/blog\/mpf-articula-acordo-para-regularizar-acessos-a-br-101-em-palmares\/","name":"MPF articula acordo para regularizar acessos \u00e0 BR-101 em Palmares (PE) - Ag\u00eancia iNFRA","isPartOf":{"@id":"https:\/\/agenciainfra.com\/blog\/#website"},"primaryImageOfPage":{"@id":"https:\/\/agenciainfra.com\/blog\/mpf-articula-acordo-para-regularizar-acessos-a-br-101-em-palmares\/#primaryimage"},"image":{"@id":"https:\/\/agenciainfra.com\/blog\/mpf-articula-acordo-para-regularizar-acessos-a-br-101-em-palmares\/#primaryimage"},"thumbnailUrl":"https:\/\/agenciainfra.com\/blog\/wp-content\/uploads\/2026\/03\/br-101-foto-dnit.jpg","datePublished":"2026-03-12T18:29:55+00:00","dateModified":"2026-03-12T18:31:00+00:00","breadcrumb":{"@id":"https:\/\/agenciainfra.com\/blog\/mpf-articula-acordo-para-regularizar-acessos-a-br-101-em-palmares\/#breadcrumb"},"inLanguage":"pt-BR","potentialAction":[{"@type":"ReadAction","target":["https:\/\/agenciainfra.com\/blog\/mpf-articula-acordo-para-regularizar-acessos-a-br-101-em-palmares\/"]}]},{"@type":"ImageObject","inLanguage":"pt-BR","@id":"https:\/\/agenciainfra.com\/blog\/mpf-articula-acordo-para-regularizar-acessos-a-br-101-em-palmares\/#primaryimage","url":"https:\/\/agenciainfra.com\/blog\/wp-content\/uploads\/2026\/03\/br-101-foto-dnit.jpg","contentUrl":"https:\/\/agenciainfra.com\/blog\/wp-content\/uploads\/2026\/03\/br-101-foto-dnit.jpg","width":1280,"height":787,"caption":"Foto: DNIT"},{"@type":"BreadcrumbList","@id":"https:\/\/agenciainfra.com\/blog\/mpf-articula-acordo-para-regularizar-acessos-a-br-101-em-palmares\/#breadcrumb","itemListElement":[{"@type":"ListItem","position":1,"name":"In\u00edcio","item":"https:\/\/agenciainfra.com\/blog\/"},{"@type":"ListItem","position":2,"name":"MPF articula acordo para regularizar acessos \u00e0 BR-101 em Palmares (PE)"}]},{"@type":"WebSite","@id":"https:\/\/agenciainfra.com\/blog\/#website","url":"https:\/\/agenciainfra.com\/blog\/","name":"Ag\u00eancia iNFRA","description":"Multiplataforma de informa\u00e7\u00e3o jornal\u00edstica refer\u00eancia na \u00e1rea de infraestrutura no Brasil!","publisher":{"@id":"https:\/\/agenciainfra.com\/blog\/#organization"},"potentialAction":[{"@type":"SearchAction","target":{"@type":"EntryPoint","urlTemplate":"https:\/\/agenciainfra.com\/blog\/?s={search_term_string}"},"query-input":{"@type":"PropertyValueSpecification","valueRequired":true,"valueName":"search_term_string"}}],"inLanguage":"pt-BR"},{"@type":"Organization","@id":"https:\/\/agenciainfra.com\/blog\/#organization","name":"Ag\u00eancia iNFRA","url":"https:\/\/agenciainfra.com\/blog\/","logo":{"@type":"ImageObject","inLanguage":"pt-BR","@id":"https:\/\/agenciainfra.com\/blog\/#\/schema\/logo\/image\/","url":"https:\/\/agenciainfra.com\/blog\/wp-content\/uploads\/2023\/09\/iNFRA_5-e1761735885940.png","contentUrl":"https:\/\/agenciainfra.com\/blog\/wp-content\/uploads\/2023\/09\/iNFRA_5-e1761735885940.png","width":1672,"height":454,"caption":"Ag\u00eancia iNFRA"},"image":{"@id":"https:\/\/agenciainfra.com\/blog\/#\/schema\/logo\/image\/"},"sameAs":["https:\/\/www.facebook.com\/ageninfra","https:\/\/x.com\/agencia_infra","https:\/\/www.linkedin.com\/company\/ag\u00eanciainfra\/","https:\/\/www.instagram.com\/agenciainfra\/"]},{"@type":"Person","@id":"https:\/\/agenciainfra.com\/blog\/#\/schema\/person\/34af08dff6adea4cb22b06612ba7acfa","name":"Ag\u00eancia iNFRA","image":{"@type":"ImageObject","inLanguage":"pt-BR","@id":"https:\/\/agenciainfra.com\/blog\/#\/schema\/person\/image\/","url":"https:\/\/secure.gravatar.com\/avatar\/d189e01678f06d8eb84d4e01f08eb848b3fffe3f8443818d3c356c66892f5be8?s=96&d=mm&r=g","contentUrl":"https:\/\/secure.gravatar.com\/avatar\/d189e01678f06d8eb84d4e01f08eb848b3fffe3f8443818d3c356c66892f5be8?s=96&d=mm&r=g","caption":"Ag\u00eancia iNFRA"},"url":"https:\/\/agenciainfra.com\/blog\/author\/admin\/"}]}},"_links":{"self":[{"href":"https:\/\/agenciainfra.com\/blog\/wp-json\/wp\/v2\/posts\/37711","targetHints":{"allow":["GET"]}}],"collection":[{"href":"https:\/\/agenciainfra.com\/blog\/wp-json\/wp\/v2\/posts"}],"about":[{"href":"https:\/\/agenciainfra.com\/blog\/wp-json\/wp\/v2\/types\/post"}],"author":[{"embeddable":true,"href":"https:\/\/agenciainfra.com\/blog\/wp-json\/wp\/v2\/users\/1"}],"replies":[{"embeddable":true,"href":"https:\/\/agenciainfra.com\/blog\/wp-json\/wp\/v2\/comments?post=37711"}],"version-history":[{"count":2,"href":"https:\/\/agenciainfra.com\/blog\/wp-json\/wp\/v2\/posts\/37711\/revisions"}],"predecessor-version":[{"id":37716,"href":"https:\/\/agenciainfra.com\/blog\/wp-json\/wp\/v2\/posts\/37711\/revisions\/37716"}],"wp:featuredmedia":[{"embeddable":true,"href":"https:\/\/agenciainfra.com\/blog\/wp-json\/wp\/v2\/media\/37714"}],"wp:attachment":[{"href":"https:\/\/agenciainfra.com\/blog\/wp-json\/wp\/v2\/media?parent=37711"}],"wp:term":[{"taxonomy":"category","embeddable":true,"href":"https:\/\/agenciainfra.com\/blog\/wp-json\/wp\/v2\/categories?post=37711"},{"taxonomy":"post_tag","embeddable":true,"href":"https:\/\/agenciainfra.com\/blog\/wp-json\/wp\/v2\/tags?post=37711"}],"curies":[{"name":"wp","href":"https:\/\/api.w.org\/{rel}","templated":true}]}}