{"id":37722,"date":"2026-03-12T16:08:37","date_gmt":"2026-03-12T19:08:37","guid":{"rendered":"https:\/\/agenciainfra.com\/blog\/?p=37722"},"modified":"2026-03-13T13:04:30","modified_gmt":"2026-03-13T16:04:30","slug":"brava-atuacao-no-refino-reduz-impacto-do-imposto-de-exportacao-de-petroleo","status":"publish","type":"post","link":"https:\/\/agenciainfra.com\/blog\/brava-atuacao-no-refino-reduz-impacto-do-imposto-de-exportacao-de-petroleo\/","title":{"rendered":"Brava: Atua\u00e7\u00e3o no refino reduz impacto do imposto de exporta\u00e7\u00e3o de petr\u00f3leo"},"content":{"rendered":"\n<p class=\"has-text-align-right\">Gabriel Vasconcelos, da Ag\u00eancia iNFRA<\/p>\n\n\n\n<p>O diretor financeiro da petroleira Brava Energia, Luiz Carvalho, minimizou os efeitos do novo imposto de 12% sobre exporta\u00e7\u00e3o de petr\u00f3leo, anunciado na tarde desta quinta-feira (12) pelo governo federal.<\/p>\n\n\n\n<p>O executivo disse que a empresa ainda calcula os impactos da medida sobre a gera\u00e7\u00e3o de caixa da Brava, mas adiantou que a opera\u00e7\u00e3o &#8220;verticalizada e integrada&#8221;, com p\u00e9 na produ\u00e7\u00e3o de \u00f3leo bruto e tamb\u00e9m de derivados na refinaria Clara Camar\u00e3o (RN), protege a empresa contra a medida. Em outras palavras, boa parte da produ\u00e7\u00e3o de \u00f3leo bruto da Brava serve ao neg\u00f3cio de refino da pr\u00f3pria empresa, n\u00e3o sendo exportado e, portanto, ficando livre da nova taxa.<\/p>\n\n\n\n<p>Ele destacou que, hoje, s\u00f3 30% da receita da companhia vem da exporta\u00e7\u00e3o de petr\u00f3leo, oriundo principalmente dos campos de Atlanta e Parque das Conchas, situados nas Bacias de Santos e Campos, respectivamente. Esse \u00f3leo tem como destino principal pa\u00edses asi\u00e1ticos, como Singapura.<\/p>\n\n\n\n<p>&#8220;Estamos relativamente confort\u00e1veis com rela\u00e7\u00e3o a todas essas mudan\u00e7as anunciadas hoje. Do ponto de vista do portf\u00f3lio, a beleza \u00e9 que a gente tem um portf\u00f3lio mais verticalizado e integrado, e isso nos protege contra essa medida. A atua\u00e7\u00e3o no downstream deixa a gente mais protegido que os &#8220;pure players&#8221; (agentes puros) do upsteram&#8221;, disse Carvalho em teleconfer\u00eancia com analistas sobre os resultados do 4\u00b0 trimestre de 2025.<\/p>\n\n\n\n<p>A refinaria da Brava no Rio Grande do Norte tem capacidade de produ\u00e7\u00e3o de 37,7 mil barris por dia, e produz uma gama de derivados que inclui diesel, QAV e Bunker Mar\u00edtimo. Carvalho afirmou que este \u00faltimo produto estaria fora da lista de produtos taxados para exporta\u00e7\u00e3o, que inclui o diesel vendido para fora do pa\u00eds. Por decis\u00e3o do governo, a exporta\u00e7\u00e3o de diesel tamb\u00e9m passar\u00e1 a ser taxada em 50%.<\/p>\n\n\n\n<p><strong>Hedge<\/strong><br>Ante uma s\u00e9rie de perguntas dos analistas sobre o efeito combinado do imposto de exporta\u00e7\u00e3o e das opera\u00e7\u00f5es de hedge, Carvalho tamb\u00e9m minimizou, e disse que a empresa segue se preparando para ser resiliente a um cen\u00e1rio de Brent a US$ 50 no futuro.<\/p>\n\n\n\n<p>As opera\u00e7\u00f5es de hedge travam os pre\u00e7os das cargas futuras em um determinado patamar de pre\u00e7o, hoje inferior \u00e0 cota\u00e7\u00e3o do Brent, o que impede a empresa de tirar vantagem do cen\u00e1rio de alta de pre\u00e7os. A Brava fez isso para proteger seu caixa das previs\u00f5es de queda de pre\u00e7os que dominavam o mercado nos primeiros meses do ano, at\u00e9 a escalada do conflito no Oriente M\u00e9dio.<\/p>\n\n\n\n<p>&#8220;H\u00e1 uma por\u00e7\u00e3o significativa da nossa produ\u00e7\u00e3o exposta ao petr\u00f3leo de curto prazo, em tela, e h\u00e1 perspectiva de capturar parte desses upsides (alta de pre\u00e7os)&#8221;, disse o CFO da Brava, garantindo que o retorno l\u00edquido (netback) para a companhia ainda \u00e9 positivo no atual cen\u00e1rio.<\/p>\n","protected":false},"excerpt":{"rendered":"<p>Gabriel Vasconcelos, da Ag\u00eancia iNFRA O diretor financeiro da petroleira Brava Energia, Luiz Carvalho, minimizou os efeitos do novo imposto de 12% sobre exporta\u00e7\u00e3o de petr\u00f3leo, anunciado na tarde desta quinta-feira (12) pelo governo federal. O executivo disse que a empresa ainda calcula os impactos da medida sobre a gera\u00e7\u00e3o de caixa da Brava, mas [&hellip;]<\/p>\n","protected":false},"author":1,"featured_media":35023,"comment_status":"closed","ping_status":"closed","sticky":false,"template":"","format":"standard","meta":{"_monsterinsights_skip_tracking":false,"_monsterinsights_sitenote_active":false,"_monsterinsights_sitenote_note":"","_monsterinsights_sitenote_category":0,"footnotes":""},"categories":[7250,13271],"tags":[13335,3961,13251,213,6441],"class_list":["post-37722","post","type-post","status-publish","format-standard","has-post-thumbnail","hentry","category-destaque-lista","category-oleo-gas","tag-brava-energia","tag-brent","tag-gabriel-vasconcelos","tag-petroleo","tag-refino"],"yoast_head":"<!-- This site is optimized with the Yoast SEO Premium plugin v25.4 (Yoast SEO v26.0) - https:\/\/yoast.com\/wordpress\/plugins\/seo\/ -->\n<title>Brava: Atua\u00e7\u00e3o no refino reduz impacto do imposto de exporta\u00e7\u00e3o de petr\u00f3leo - Ag\u00eancia iNFRA<\/title>\n<meta name=\"robots\" content=\"index, follow, max-snippet:-1, max-image-preview:large, max-video-preview:-1\" \/>\n<link rel=\"canonical\" href=\"https:\/\/agenciainfra.com\/blog\/brava-atuacao-no-refino-reduz-impacto-do-imposto-de-exportacao-de-petroleo\/\" \/>\n<meta property=\"og:locale\" content=\"pt_BR\" \/>\n<meta property=\"og:type\" content=\"article\" \/>\n<meta property=\"og:title\" content=\"Brava: Atua\u00e7\u00e3o no refino reduz impacto do imposto de exporta\u00e7\u00e3o de petr\u00f3leo\" \/>\n<meta property=\"og:description\" content=\"Gabriel Vasconcelos, da Ag\u00eancia iNFRA O diretor financeiro da petroleira Brava Energia, Luiz Carvalho, minimizou os efeitos do novo imposto de 12% sobre exporta\u00e7\u00e3o de petr\u00f3leo, anunciado na tarde desta quinta-feira (12) pelo governo federal. O executivo disse que a empresa ainda calcula os impactos da medida sobre a gera\u00e7\u00e3o de caixa da Brava, mas [&hellip;]\" \/>\n<meta property=\"og:url\" content=\"https:\/\/agenciainfra.com\/blog\/brava-atuacao-no-refino-reduz-impacto-do-imposto-de-exportacao-de-petroleo\/\" \/>\n<meta property=\"og:site_name\" content=\"Ag\u00eancia iNFRA\" \/>\n<meta property=\"article:publisher\" content=\"https:\/\/www.facebook.com\/ageninfra\" \/>\n<meta property=\"article:published_time\" content=\"2026-03-12T19:08:37+00:00\" \/>\n<meta property=\"article:modified_time\" content=\"2026-03-13T16:04:30+00:00\" \/>\n<meta property=\"og:image\" content=\"https:\/\/agenciainfra.com\/blog\/wp-content\/uploads\/2026\/01\/brava-energia-foto-divulgacao.jpg\" \/>\n\t<meta property=\"og:image:width\" content=\"1280\" \/>\n\t<meta property=\"og:image:height\" content=\"720\" \/>\n\t<meta property=\"og:image:type\" content=\"image\/jpeg\" \/>\n<meta name=\"author\" content=\"Ag\u00eancia iNFRA\" \/>\n<meta name=\"twitter:card\" content=\"summary_large_image\" \/>\n<meta name=\"twitter:creator\" content=\"@agencia_infra\" \/>\n<meta name=\"twitter:site\" content=\"@agencia_infra\" \/>\n<meta name=\"twitter:label1\" content=\"Escrito por\" \/>\n\t<meta name=\"twitter:data1\" content=\"Ag\u00eancia iNFRA\" \/>\n\t<meta name=\"twitter:label2\" content=\"Est. tempo de leitura\" \/>\n\t<meta name=\"twitter:data2\" content=\"2 minutos\" \/>\n<script type=\"application\/ld+json\" class=\"yoast-schema-graph\">{\"@context\":\"https:\/\/schema.org\",\"@graph\":[{\"@type\":\"Article\",\"@id\":\"https:\/\/agenciainfra.com\/blog\/brava-atuacao-no-refino-reduz-impacto-do-imposto-de-exportacao-de-petroleo\/#article\",\"isPartOf\":{\"@id\":\"https:\/\/agenciainfra.com\/blog\/brava-atuacao-no-refino-reduz-impacto-do-imposto-de-exportacao-de-petroleo\/\"},\"author\":{\"name\":\"Ag\u00eancia iNFRA\",\"@id\":\"https:\/\/agenciainfra.com\/blog\/#\/schema\/person\/34af08dff6adea4cb22b06612ba7acfa\"},\"headline\":\"Brava: Atua\u00e7\u00e3o no refino reduz impacto do imposto de exporta\u00e7\u00e3o de petr\u00f3leo\",\"datePublished\":\"2026-03-12T19:08:37+00:00\",\"dateModified\":\"2026-03-13T16:04:30+00:00\",\"mainEntityOfPage\":{\"@id\":\"https:\/\/agenciainfra.com\/blog\/brava-atuacao-no-refino-reduz-impacto-do-imposto-de-exportacao-de-petroleo\/\"},\"wordCount\":508,\"publisher\":{\"@id\":\"https:\/\/agenciainfra.com\/blog\/#organization\"},\"image\":{\"@id\":\"https:\/\/agenciainfra.com\/blog\/brava-atuacao-no-refino-reduz-impacto-do-imposto-de-exportacao-de-petroleo\/#primaryimage\"},\"thumbnailUrl\":\"https:\/\/agenciainfra.com\/blog\/wp-content\/uploads\/2026\/01\/brava-energia-foto-divulgacao.jpg\",\"keywords\":[\"Brava Energia\",\"Brent\",\"Gabriel Vasconcelos\",\"petr\u00f3leo\",\"refino\"],\"articleSection\":[\"Destaque lista\",\"\u00d3leo &amp; G\u00e1s\"],\"inLanguage\":\"pt-BR\",\"copyrightYear\":\"2026\",\"copyrightHolder\":{\"@id\":\"https:\/\/agenciainfra.com\/blog\/#organization\"}},{\"@type\":\"WebPage\",\"@id\":\"https:\/\/agenciainfra.com\/blog\/brava-atuacao-no-refino-reduz-impacto-do-imposto-de-exportacao-de-petroleo\/\",\"url\":\"https:\/\/agenciainfra.com\/blog\/brava-atuacao-no-refino-reduz-impacto-do-imposto-de-exportacao-de-petroleo\/\",\"name\":\"Brava: Atua\u00e7\u00e3o no refino reduz impacto do imposto de exporta\u00e7\u00e3o de petr\u00f3leo - Ag\u00eancia iNFRA\",\"isPartOf\":{\"@id\":\"https:\/\/agenciainfra.com\/blog\/#website\"},\"primaryImageOfPage\":{\"@id\":\"https:\/\/agenciainfra.com\/blog\/brava-atuacao-no-refino-reduz-impacto-do-imposto-de-exportacao-de-petroleo\/#primaryimage\"},\"image\":{\"@id\":\"https:\/\/agenciainfra.com\/blog\/brava-atuacao-no-refino-reduz-impacto-do-imposto-de-exportacao-de-petroleo\/#primaryimage\"},\"thumbnailUrl\":\"https:\/\/agenciainfra.com\/blog\/wp-content\/uploads\/2026\/01\/brava-energia-foto-divulgacao.jpg\",\"datePublished\":\"2026-03-12T19:08:37+00:00\",\"dateModified\":\"2026-03-13T16:04:30+00:00\",\"breadcrumb\":{\"@id\":\"https:\/\/agenciainfra.com\/blog\/brava-atuacao-no-refino-reduz-impacto-do-imposto-de-exportacao-de-petroleo\/#breadcrumb\"},\"inLanguage\":\"pt-BR\",\"potentialAction\":[{\"@type\":\"ReadAction\",\"target\":[\"https:\/\/agenciainfra.com\/blog\/brava-atuacao-no-refino-reduz-impacto-do-imposto-de-exportacao-de-petroleo\/\"]}]},{\"@type\":\"ImageObject\",\"inLanguage\":\"pt-BR\",\"@id\":\"https:\/\/agenciainfra.com\/blog\/brava-atuacao-no-refino-reduz-impacto-do-imposto-de-exportacao-de-petroleo\/#primaryimage\",\"url\":\"https:\/\/agenciainfra.com\/blog\/wp-content\/uploads\/2026\/01\/brava-energia-foto-divulgacao.jpg\",\"contentUrl\":\"https:\/\/agenciainfra.com\/blog\/wp-content\/uploads\/2026\/01\/brava-energia-foto-divulgacao.jpg\",\"width\":1280,\"height\":720,\"caption\":\"Foto: Brava\"},{\"@type\":\"BreadcrumbList\",\"@id\":\"https:\/\/agenciainfra.com\/blog\/brava-atuacao-no-refino-reduz-impacto-do-imposto-de-exportacao-de-petroleo\/#breadcrumb\",\"itemListElement\":[{\"@type\":\"ListItem\",\"position\":1,\"name\":\"In\u00edcio\",\"item\":\"https:\/\/agenciainfra.com\/blog\/\"},{\"@type\":\"ListItem\",\"position\":2,\"name\":\"Brava: Atua\u00e7\u00e3o no refino reduz impacto do imposto de exporta\u00e7\u00e3o de petr\u00f3leo\"}]},{\"@type\":\"WebSite\",\"@id\":\"https:\/\/agenciainfra.com\/blog\/#website\",\"url\":\"https:\/\/agenciainfra.com\/blog\/\",\"name\":\"Ag\u00eancia iNFRA\",\"description\":\"Multiplataforma de informa\u00e7\u00e3o jornal\u00edstica refer\u00eancia na \u00e1rea de infraestrutura no Brasil!\",\"publisher\":{\"@id\":\"https:\/\/agenciainfra.com\/blog\/#organization\"},\"potentialAction\":[{\"@type\":\"SearchAction\",\"target\":{\"@type\":\"EntryPoint\",\"urlTemplate\":\"https:\/\/agenciainfra.com\/blog\/?s={search_term_string}\"},\"query-input\":{\"@type\":\"PropertyValueSpecification\",\"valueRequired\":true,\"valueName\":\"search_term_string\"}}],\"inLanguage\":\"pt-BR\"},{\"@type\":\"Organization\",\"@id\":\"https:\/\/agenciainfra.com\/blog\/#organization\",\"name\":\"Ag\u00eancia iNFRA\",\"url\":\"https:\/\/agenciainfra.com\/blog\/\",\"logo\":{\"@type\":\"ImageObject\",\"inLanguage\":\"pt-BR\",\"@id\":\"https:\/\/agenciainfra.com\/blog\/#\/schema\/logo\/image\/\",\"url\":\"https:\/\/agenciainfra.com\/blog\/wp-content\/uploads\/2023\/09\/iNFRA_5-e1761735885940.png\",\"contentUrl\":\"https:\/\/agenciainfra.com\/blog\/wp-content\/uploads\/2023\/09\/iNFRA_5-e1761735885940.png\",\"width\":1672,\"height\":454,\"caption\":\"Ag\u00eancia iNFRA\"},\"image\":{\"@id\":\"https:\/\/agenciainfra.com\/blog\/#\/schema\/logo\/image\/\"},\"sameAs\":[\"https:\/\/www.facebook.com\/ageninfra\",\"https:\/\/x.com\/agencia_infra\",\"https:\/\/www.linkedin.com\/company\/ag\u00eanciainfra\/\",\"https:\/\/www.instagram.com\/agenciainfra\/\"]},{\"@type\":\"Person\",\"@id\":\"https:\/\/agenciainfra.com\/blog\/#\/schema\/person\/34af08dff6adea4cb22b06612ba7acfa\",\"name\":\"Ag\u00eancia iNFRA\",\"image\":{\"@type\":\"ImageObject\",\"inLanguage\":\"pt-BR\",\"@id\":\"https:\/\/agenciainfra.com\/blog\/#\/schema\/person\/image\/\",\"url\":\"https:\/\/secure.gravatar.com\/avatar\/d189e01678f06d8eb84d4e01f08eb848b3fffe3f8443818d3c356c66892f5be8?s=96&d=mm&r=g\",\"contentUrl\":\"https:\/\/secure.gravatar.com\/avatar\/d189e01678f06d8eb84d4e01f08eb848b3fffe3f8443818d3c356c66892f5be8?s=96&d=mm&r=g\",\"caption\":\"Ag\u00eancia iNFRA\"},\"url\":\"https:\/\/agenciainfra.com\/blog\/author\/admin\/\"}]}<\/script>\n<!-- \/ Yoast SEO Premium plugin. -->","yoast_head_json":{"title":"Brava: Atua\u00e7\u00e3o no refino reduz impacto do imposto de exporta\u00e7\u00e3o de petr\u00f3leo - Ag\u00eancia iNFRA","robots":{"index":"index","follow":"follow","max-snippet":"max-snippet:-1","max-image-preview":"max-image-preview:large","max-video-preview":"max-video-preview:-1"},"canonical":"https:\/\/agenciainfra.com\/blog\/brava-atuacao-no-refino-reduz-impacto-do-imposto-de-exportacao-de-petroleo\/","og_locale":"pt_BR","og_type":"article","og_title":"Brava: Atua\u00e7\u00e3o no refino reduz impacto do imposto de exporta\u00e7\u00e3o de petr\u00f3leo","og_description":"Gabriel Vasconcelos, da Ag\u00eancia iNFRA O diretor financeiro da petroleira Brava Energia, Luiz Carvalho, minimizou os efeitos do novo imposto de 12% sobre exporta\u00e7\u00e3o de petr\u00f3leo, anunciado na tarde desta quinta-feira (12) pelo governo federal. O executivo disse que a empresa ainda calcula os impactos da medida sobre a gera\u00e7\u00e3o de caixa da Brava, mas [&hellip;]","og_url":"https:\/\/agenciainfra.com\/blog\/brava-atuacao-no-refino-reduz-impacto-do-imposto-de-exportacao-de-petroleo\/","og_site_name":"Ag\u00eancia iNFRA","article_publisher":"https:\/\/www.facebook.com\/ageninfra","article_published_time":"2026-03-12T19:08:37+00:00","article_modified_time":"2026-03-13T16:04:30+00:00","og_image":[{"width":1280,"height":720,"url":"https:\/\/agenciainfra.com\/blog\/wp-content\/uploads\/2026\/01\/brava-energia-foto-divulgacao.jpg","type":"image\/jpeg"}],"author":"Ag\u00eancia iNFRA","twitter_card":"summary_large_image","twitter_creator":"@agencia_infra","twitter_site":"@agencia_infra","twitter_misc":{"Escrito por":"Ag\u00eancia iNFRA","Est. tempo de leitura":"2 minutos"},"schema":{"@context":"https:\/\/schema.org","@graph":[{"@type":"Article","@id":"https:\/\/agenciainfra.com\/blog\/brava-atuacao-no-refino-reduz-impacto-do-imposto-de-exportacao-de-petroleo\/#article","isPartOf":{"@id":"https:\/\/agenciainfra.com\/blog\/brava-atuacao-no-refino-reduz-impacto-do-imposto-de-exportacao-de-petroleo\/"},"author":{"name":"Ag\u00eancia iNFRA","@id":"https:\/\/agenciainfra.com\/blog\/#\/schema\/person\/34af08dff6adea4cb22b06612ba7acfa"},"headline":"Brava: Atua\u00e7\u00e3o no refino reduz impacto do imposto de exporta\u00e7\u00e3o de petr\u00f3leo","datePublished":"2026-03-12T19:08:37+00:00","dateModified":"2026-03-13T16:04:30+00:00","mainEntityOfPage":{"@id":"https:\/\/agenciainfra.com\/blog\/brava-atuacao-no-refino-reduz-impacto-do-imposto-de-exportacao-de-petroleo\/"},"wordCount":508,"publisher":{"@id":"https:\/\/agenciainfra.com\/blog\/#organization"},"image":{"@id":"https:\/\/agenciainfra.com\/blog\/brava-atuacao-no-refino-reduz-impacto-do-imposto-de-exportacao-de-petroleo\/#primaryimage"},"thumbnailUrl":"https:\/\/agenciainfra.com\/blog\/wp-content\/uploads\/2026\/01\/brava-energia-foto-divulgacao.jpg","keywords":["Brava Energia","Brent","Gabriel Vasconcelos","petr\u00f3leo","refino"],"articleSection":["Destaque lista","\u00d3leo &amp; G\u00e1s"],"inLanguage":"pt-BR","copyrightYear":"2026","copyrightHolder":{"@id":"https:\/\/agenciainfra.com\/blog\/#organization"}},{"@type":"WebPage","@id":"https:\/\/agenciainfra.com\/blog\/brava-atuacao-no-refino-reduz-impacto-do-imposto-de-exportacao-de-petroleo\/","url":"https:\/\/agenciainfra.com\/blog\/brava-atuacao-no-refino-reduz-impacto-do-imposto-de-exportacao-de-petroleo\/","name":"Brava: Atua\u00e7\u00e3o no refino reduz impacto do imposto de exporta\u00e7\u00e3o de petr\u00f3leo - Ag\u00eancia iNFRA","isPartOf":{"@id":"https:\/\/agenciainfra.com\/blog\/#website"},"primaryImageOfPage":{"@id":"https:\/\/agenciainfra.com\/blog\/brava-atuacao-no-refino-reduz-impacto-do-imposto-de-exportacao-de-petroleo\/#primaryimage"},"image":{"@id":"https:\/\/agenciainfra.com\/blog\/brava-atuacao-no-refino-reduz-impacto-do-imposto-de-exportacao-de-petroleo\/#primaryimage"},"thumbnailUrl":"https:\/\/agenciainfra.com\/blog\/wp-content\/uploads\/2026\/01\/brava-energia-foto-divulgacao.jpg","datePublished":"2026-03-12T19:08:37+00:00","dateModified":"2026-03-13T16:04:30+00:00","breadcrumb":{"@id":"https:\/\/agenciainfra.com\/blog\/brava-atuacao-no-refino-reduz-impacto-do-imposto-de-exportacao-de-petroleo\/#breadcrumb"},"inLanguage":"pt-BR","potentialAction":[{"@type":"ReadAction","target":["https:\/\/agenciainfra.com\/blog\/brava-atuacao-no-refino-reduz-impacto-do-imposto-de-exportacao-de-petroleo\/"]}]},{"@type":"ImageObject","inLanguage":"pt-BR","@id":"https:\/\/agenciainfra.com\/blog\/brava-atuacao-no-refino-reduz-impacto-do-imposto-de-exportacao-de-petroleo\/#primaryimage","url":"https:\/\/agenciainfra.com\/blog\/wp-content\/uploads\/2026\/01\/brava-energia-foto-divulgacao.jpg","contentUrl":"https:\/\/agenciainfra.com\/blog\/wp-content\/uploads\/2026\/01\/brava-energia-foto-divulgacao.jpg","width":1280,"height":720,"caption":"Foto: Brava"},{"@type":"BreadcrumbList","@id":"https:\/\/agenciainfra.com\/blog\/brava-atuacao-no-refino-reduz-impacto-do-imposto-de-exportacao-de-petroleo\/#breadcrumb","itemListElement":[{"@type":"ListItem","position":1,"name":"In\u00edcio","item":"https:\/\/agenciainfra.com\/blog\/"},{"@type":"ListItem","position":2,"name":"Brava: Atua\u00e7\u00e3o no refino reduz impacto do imposto de exporta\u00e7\u00e3o de petr\u00f3leo"}]},{"@type":"WebSite","@id":"https:\/\/agenciainfra.com\/blog\/#website","url":"https:\/\/agenciainfra.com\/blog\/","name":"Ag\u00eancia iNFRA","description":"Multiplataforma de informa\u00e7\u00e3o jornal\u00edstica refer\u00eancia na \u00e1rea de infraestrutura no Brasil!","publisher":{"@id":"https:\/\/agenciainfra.com\/blog\/#organization"},"potentialAction":[{"@type":"SearchAction","target":{"@type":"EntryPoint","urlTemplate":"https:\/\/agenciainfra.com\/blog\/?s={search_term_string}"},"query-input":{"@type":"PropertyValueSpecification","valueRequired":true,"valueName":"search_term_string"}}],"inLanguage":"pt-BR"},{"@type":"Organization","@id":"https:\/\/agenciainfra.com\/blog\/#organization","name":"Ag\u00eancia iNFRA","url":"https:\/\/agenciainfra.com\/blog\/","logo":{"@type":"ImageObject","inLanguage":"pt-BR","@id":"https:\/\/agenciainfra.com\/blog\/#\/schema\/logo\/image\/","url":"https:\/\/agenciainfra.com\/blog\/wp-content\/uploads\/2023\/09\/iNFRA_5-e1761735885940.png","contentUrl":"https:\/\/agenciainfra.com\/blog\/wp-content\/uploads\/2023\/09\/iNFRA_5-e1761735885940.png","width":1672,"height":454,"caption":"Ag\u00eancia iNFRA"},"image":{"@id":"https:\/\/agenciainfra.com\/blog\/#\/schema\/logo\/image\/"},"sameAs":["https:\/\/www.facebook.com\/ageninfra","https:\/\/x.com\/agencia_infra","https:\/\/www.linkedin.com\/company\/ag\u00eanciainfra\/","https:\/\/www.instagram.com\/agenciainfra\/"]},{"@type":"Person","@id":"https:\/\/agenciainfra.com\/blog\/#\/schema\/person\/34af08dff6adea4cb22b06612ba7acfa","name":"Ag\u00eancia iNFRA","image":{"@type":"ImageObject","inLanguage":"pt-BR","@id":"https:\/\/agenciainfra.com\/blog\/#\/schema\/person\/image\/","url":"https:\/\/secure.gravatar.com\/avatar\/d189e01678f06d8eb84d4e01f08eb848b3fffe3f8443818d3c356c66892f5be8?s=96&d=mm&r=g","contentUrl":"https:\/\/secure.gravatar.com\/avatar\/d189e01678f06d8eb84d4e01f08eb848b3fffe3f8443818d3c356c66892f5be8?s=96&d=mm&r=g","caption":"Ag\u00eancia iNFRA"},"url":"https:\/\/agenciainfra.com\/blog\/author\/admin\/"}]}},"_links":{"self":[{"href":"https:\/\/agenciainfra.com\/blog\/wp-json\/wp\/v2\/posts\/37722","targetHints":{"allow":["GET"]}}],"collection":[{"href":"https:\/\/agenciainfra.com\/blog\/wp-json\/wp\/v2\/posts"}],"about":[{"href":"https:\/\/agenciainfra.com\/blog\/wp-json\/wp\/v2\/types\/post"}],"author":[{"embeddable":true,"href":"https:\/\/agenciainfra.com\/blog\/wp-json\/wp\/v2\/users\/1"}],"replies":[{"embeddable":true,"href":"https:\/\/agenciainfra.com\/blog\/wp-json\/wp\/v2\/comments?post=37722"}],"version-history":[{"count":1,"href":"https:\/\/agenciainfra.com\/blog\/wp-json\/wp\/v2\/posts\/37722\/revisions"}],"predecessor-version":[{"id":37724,"href":"https:\/\/agenciainfra.com\/blog\/wp-json\/wp\/v2\/posts\/37722\/revisions\/37724"}],"wp:featuredmedia":[{"embeddable":true,"href":"https:\/\/agenciainfra.com\/blog\/wp-json\/wp\/v2\/media\/35023"}],"wp:attachment":[{"href":"https:\/\/agenciainfra.com\/blog\/wp-json\/wp\/v2\/media?parent=37722"}],"wp:term":[{"taxonomy":"category","embeddable":true,"href":"https:\/\/agenciainfra.com\/blog\/wp-json\/wp\/v2\/categories?post=37722"},{"taxonomy":"post_tag","embeddable":true,"href":"https:\/\/agenciainfra.com\/blog\/wp-json\/wp\/v2\/tags?post=37722"}],"curies":[{"name":"wp","href":"https:\/\/api.w.org\/{rel}","templated":true}]}}