{"id":37729,"date":"2026-03-12T16:42:18","date_gmt":"2026-03-12T19:42:18","guid":{"rendered":"https:\/\/agenciainfra.com\/blog\/?p=37729"},"modified":"2026-03-13T16:27:56","modified_gmt":"2026-03-13T19:27:56","slug":"governo-zera-pis-cofins-do-diesel-e-cria-imposto-de-exportacao-de-petroleo","status":"publish","type":"post","link":"https:\/\/agenciainfra.com\/blog\/governo-zera-pis-cofins-do-diesel-e-cria-imposto-de-exportacao-de-petroleo\/","title":{"rendered":"Governo zera PIS\/Cofins do diesel e cria imposto de exporta\u00e7\u00e3o de petr\u00f3leo"},"content":{"rendered":"\n<p class=\"has-text-align-right\"><strong>Geraldo Campos Jr., Marisa Wanzeller, Lais Carregosa e Gabriel Vasconcelos, da Ag\u00eancia iNFRA<\/strong><\/p>\n\n\n\n<p>O presidente Lula assinou nesta quinta-feira (12) decreto que zera os tributos federais PIS e Cofins sobre o \u00f3leo diesel para conter os aumentos nos pre\u00e7os nas bombas causados pelos efeitos da guerra entre Ir\u00e3 e os Estados Unidos. Al\u00e9m disso, foi editada MP (Medida Provis\u00f3ria) para a subven\u00e7\u00e3o econ\u00f4mica a produtores e importadores de diesel, que dever\u00e3o repassar o benef\u00edcio aos consumidores. As medidas foram publicadas em edi\u00e7\u00e3o extra do Di\u00e1rio Oficial da Uni\u00e3o.<\/p>\n\n\n\n<p>O pacote contempla ainda a cria\u00e7\u00e3o de um imposto de exporta\u00e7\u00e3o sobre petr\u00f3leo, com al\u00edquota de 12%. Eventuais exporta\u00e7\u00f5es de diesel tamb\u00e9m ser\u00e3o taxadas em 50%. A ideia \u00e9 que a arrecada\u00e7\u00e3o com o imposto tempor\u00e1rio custeie os benef\u00edcios para aliviar os pre\u00e7os aos consumidores, al\u00e9m de estimular que o petr\u00f3leo nacional seja refinado no pa\u00eds em vez de ser exportado com margens de lucro maiores.<\/p>\n\n\n\n<p>O ministro da Fazenda, Fernando Haddad, anunciou que o conjunto de medidas para atenuar o pre\u00e7o do diesel ser\u00e1 da ordem de R$ 30 bilh\u00f5es. Ser\u00e3o R$ 20 bilh\u00f5es de ren\u00fancia com a cobran\u00e7a zero de PIS\/Cofins e mais R$ 10 bilh\u00f5es com a subven\u00e7\u00e3o aos produtores. Segundo ele, n\u00e3o haver\u00e1 impacto fiscal nem positivo (de aumento da arrecada\u00e7\u00e3o), nem negativo (de perda de receita). Isso porque a expectativa de arrecada\u00e7\u00e3o com o imposto tempor\u00e1rio de exporta\u00e7\u00e3o tamb\u00e9m \u00e9 de R$ 30 bilh\u00f5es.<\/p>\n\n\n\n<p>\u201cEstamos criando um equil\u00edbrio entre produtores e consumidores. Os produtores [de petr\u00f3leo] que est\u00e3o auferindo lucros extraordin\u00e1rios [com o aumento do barril] v\u00e3o contribuir com esse imposto de exporta\u00e7\u00e3o tempor\u00e1rio, para mitigar efeitos da guerra ao consumidor\u201d, disse Haddad.<\/p>\n\n\n\n<p>Ainda segundo o titular da Fazenda, a redu\u00e7\u00e3o no pre\u00e7o do diesel nas refinarias ser\u00e1 de R$ 0,64 por litro. Haddad disse que as medidas est\u00e3o previstas para vencer em 31 de dezembro de 2026, conforme o texto da MP, mas frisou que ainda n\u00e3o \u00e9 poss\u00edvel prever quando deixar\u00e3o de ser necess\u00e1rias. \u201cOs cen\u00e1rios est\u00e3o sendo desenhados de acordo com os acontecimentos, mas a medida provis\u00f3ria estabelece o dia 31 de dezembro como data limite\u201d, disse.<\/p>\n\n\n\n<p><strong>Fiscaliza\u00e7\u00e3o ampliada<\/strong><br>Foi assinado um outro decreto para ampliar a fiscaliza\u00e7\u00e3o na cadeia de combust\u00edveis. O ministro da Casa Civil, Rui Costa, disse que a medida dar\u00e1 mais instrumentos para que a ANP (Ag\u00eancia Nacional do Petr\u00f3leo, G\u00e1s Natural e Biocombust\u00edveis) monitore e fiscalize a pr\u00e1tica de pre\u00e7os pelas distribuidoras de combust\u00edveis, al\u00e9m dos estoques. A inten\u00e7\u00e3o \u00e9 evitar condutas abusivas.<\/p>\n\n\n\n<p>\u201cN\u00f3s vamos adotar nessas publica\u00e7\u00f5es, nesses instrumentos legais, ferramentas que, portanto, v\u00e3o empoderar, v\u00e3o facilitar e criar ferramentas para que esses \u00f3rg\u00e3os possam atuar de forma mais consistente e possam de fato coibir abusos\u201d, disse Rui.<\/p>\n\n\n\n<p>Alexandre Silveira, ministro de Minas e Energia, explicou que o texto prev\u00ea uma sinergia entre a Receita Federal, a Pol\u00edcia Federal, a Senacon (Secretaria Nacional do Consumidor) e a ANP. \u201cTem uma medida que \u00e9 fundamental para que a ANP tenha instrumentos de apura\u00e7\u00e3o mais r\u00e1pida desses abusos, que s\u00e3o os dados fiscais que a Receita Federal, que ela passar\u00e1 a fornecer para a ANP. Isso vai nos permitir fazer a\u00e7\u00f5es conjuntas para que a gente combata os excessos\u201d.<\/p>\n\n\n\n<p>A medida provis\u00f3ria editada pelo governo vai prever dois novos tipos de ilegalidade para caracterizar \u201cabusividade\u201d dos distribuidores privados, tanto no caso de armazenamento injustificado quanto no caso de aumento abusivo do pre\u00e7o.<\/p>\n\n\n\n<p><strong>Lamento por privatiza\u00e7\u00e3o da BR<\/strong><br>Durante o an\u00fancio do pacote, Lula e os ministros lamentaram o fato de que a BR Distribuidora, antiga subsidi\u00e1ria da Petrobras, foi privatizada, se tornando a Vibra Energia. Segundo Haddad, a aus\u00eancia de uma distribuidora importante no sistema Petrobras traz \u201cpreocupa\u00e7\u00e3o\u201d. O ministro citou, tamb\u00e9m, a privatiza\u00e7\u00e3o de refinarias da Petrobras, mas destacou que a estatal ainda mant\u00e9m 70% ou mais do refino sob sua responsabilidade, o que lhe permite formar pre\u00e7o.<\/p>\n\n\n\n<p>Silveira foi ainda mais enf\u00e1tico. \u201cInfelizmente o modelo criminoso de venda dos nossos ativos nacionais do governo anterior fez com que n\u00f3s diminu\u00edssemos a nossa produ\u00e7\u00e3o de produtos refinados no Brasil, gasolina, diesel e g\u00e1s natural. Foi um crime lesa-p\u00e1tria ao Brasil, aos brasileiros, desfazer da nossa BR Distribuidora\u201d, disse.<\/p>\n\n\n\n<p>Rui Costa afirmou que a volta estatal para a distribui\u00e7\u00e3o de combust\u00edveis est\u00e1 sim na mesa, sendo discutida. Ele lembrou que a volta da Petrobras ao setor, ap\u00f3s a privatiza\u00e7\u00e3o da BR em 2021, \u00e9 dificultada pela cl\u00e1usula de \u201cnon compete\u201d (n\u00e3o competi\u00e7\u00e3o) no contrato assinado pela estatal durante o governo Jair Bolsonaro. O governo v\u00ea com preocupa\u00e7\u00e3o a aus\u00eancia da Petrobras nesta etapa da cadeia, essencial \u00e0 forma\u00e7\u00e3o dos pre\u00e7os finais das bombas.<\/p>\n\n\n\n<p>Questionado sobre medida neste sentido em um eventual governo Lula 4, Rui Costa respondeu: \u201cO presidente ainda vai elaborar e eventuais medidas devem ser pensadas nos seus efeitos, nas suas possibilidades, se essa situa\u00e7\u00e3o grave perdurar. Ent\u00e3o isso tudo vai \u00e0 mesa sendo discutido. Inclusive oferecendo alternativas \u00e0 entrada [na distribui\u00e7\u00e3o], eventualmente, s\u00f3 da Petrobras. Podemos pensar em outros modelos, mas tudo ainda ser\u00e1 discutido\u201d.<\/p>\n","protected":false},"excerpt":{"rendered":"<p>Geraldo Campos Jr., Marisa Wanzeller, Lais Carregosa e Gabriel Vasconcelos, da Ag\u00eancia iNFRA O presidente Lula assinou nesta quinta-feira (12) decreto que zera os tributos federais PIS e Cofins sobre o \u00f3leo diesel para conter os aumentos nos pre\u00e7os nas bombas causados pelos efeitos da guerra entre Ir\u00e3 e os Estados Unidos. Al\u00e9m disso, foi [&hellip;]<\/p>\n","protected":false},"author":1,"featured_media":28745,"comment_status":"closed","ping_status":"closed","sticky":false,"template":"","format":"standard","meta":{"_monsterinsights_skip_tracking":false,"_monsterinsights_sitenote_active":false,"_monsterinsights_sitenote_note":"","_monsterinsights_sitenote_category":0,"footnotes":""},"categories":[7250,13271],"tags":[6040,315,717,565,13251,11594,268,13132,580,7366,213,3900,5163,479],"class_list":["post-37729","post","type-post","status-publish","format-standard","has-post-thumbnail","hentry","category-destaque-lista","category-oleo-gas","tag-alexandre-silveira","tag-diesel","tag-exportacao","tag-fernando-haddad","tag-gabriel-vasconcelos","tag-geraldo-campos-jr","tag-impostos","tag-lais-carregosa","tag-lula","tag-marisa-wanzeller","tag-petroleo","tag-pis-cofins","tag-preco-dos-combustiveis","tag-rui-costa"],"yoast_head":"<!-- This site is optimized with the Yoast SEO Premium plugin v25.4 (Yoast SEO v26.0) - https:\/\/yoast.com\/wordpress\/plugins\/seo\/ -->\n<title>Governo zera PIS\/Cofins do diesel e cria imposto de exporta\u00e7\u00e3o de petr\u00f3leo - Ag\u00eancia iNFRA<\/title>\n<meta name=\"robots\" content=\"index, follow, max-snippet:-1, max-image-preview:large, max-video-preview:-1\" \/>\n<link rel=\"canonical\" href=\"https:\/\/agenciainfra.com\/blog\/governo-zera-pis-cofins-do-diesel-e-cria-imposto-de-exportacao-de-petroleo\/\" \/>\n<meta property=\"og:locale\" content=\"pt_BR\" \/>\n<meta property=\"og:type\" content=\"article\" \/>\n<meta property=\"og:title\" content=\"Governo zera PIS\/Cofins do diesel e cria imposto de exporta\u00e7\u00e3o de petr\u00f3leo\" \/>\n<meta property=\"og:description\" content=\"Geraldo Campos Jr., Marisa Wanzeller, Lais Carregosa e Gabriel Vasconcelos, da Ag\u00eancia iNFRA O presidente Lula assinou nesta quinta-feira (12) decreto que zera os tributos federais PIS e Cofins sobre o \u00f3leo diesel para conter os aumentos nos pre\u00e7os nas bombas causados pelos efeitos da guerra entre Ir\u00e3 e os Estados Unidos. Al\u00e9m disso, foi [&hellip;]\" \/>\n<meta property=\"og:url\" content=\"https:\/\/agenciainfra.com\/blog\/governo-zera-pis-cofins-do-diesel-e-cria-imposto-de-exportacao-de-petroleo\/\" \/>\n<meta property=\"og:site_name\" content=\"Ag\u00eancia iNFRA\" \/>\n<meta property=\"article:publisher\" content=\"https:\/\/www.facebook.com\/ageninfra\" \/>\n<meta property=\"article:published_time\" content=\"2026-03-12T19:42:18+00:00\" \/>\n<meta property=\"article:modified_time\" content=\"2026-03-13T19:27:56+00:00\" \/>\n<meta property=\"og:image\" content=\"https:\/\/agenciainfra.com\/blog\/wp-content\/uploads\/2025\/09\/diesel-combustivel-foto-dominio-publico.jpg\" \/>\n\t<meta property=\"og:image:width\" content=\"1281\" \/>\n\t<meta property=\"og:image:height\" content=\"890\" \/>\n\t<meta property=\"og:image:type\" content=\"image\/jpeg\" \/>\n<meta name=\"author\" content=\"Ag\u00eancia iNFRA\" \/>\n<meta name=\"twitter:card\" content=\"summary_large_image\" \/>\n<meta name=\"twitter:creator\" content=\"@agencia_infra\" \/>\n<meta name=\"twitter:site\" content=\"@agencia_infra\" \/>\n<meta name=\"twitter:label1\" content=\"Escrito por\" \/>\n\t<meta name=\"twitter:data1\" content=\"Ag\u00eancia iNFRA\" \/>\n\t<meta name=\"twitter:label2\" content=\"Est. tempo de leitura\" \/>\n\t<meta name=\"twitter:data2\" content=\"5 minutos\" \/>\n<script type=\"application\/ld+json\" class=\"yoast-schema-graph\">{\"@context\":\"https:\/\/schema.org\",\"@graph\":[{\"@type\":\"Article\",\"@id\":\"https:\/\/agenciainfra.com\/blog\/governo-zera-pis-cofins-do-diesel-e-cria-imposto-de-exportacao-de-petroleo\/#article\",\"isPartOf\":{\"@id\":\"https:\/\/agenciainfra.com\/blog\/governo-zera-pis-cofins-do-diesel-e-cria-imposto-de-exportacao-de-petroleo\/\"},\"author\":{\"name\":\"Ag\u00eancia iNFRA\",\"@id\":\"https:\/\/agenciainfra.com\/blog\/#\/schema\/person\/34af08dff6adea4cb22b06612ba7acfa\"},\"headline\":\"Governo zera PIS\/Cofins do diesel e cria imposto de exporta\u00e7\u00e3o de petr\u00f3leo\",\"datePublished\":\"2026-03-12T19:42:18+00:00\",\"dateModified\":\"2026-03-13T19:27:56+00:00\",\"mainEntityOfPage\":{\"@id\":\"https:\/\/agenciainfra.com\/blog\/governo-zera-pis-cofins-do-diesel-e-cria-imposto-de-exportacao-de-petroleo\/\"},\"wordCount\":931,\"publisher\":{\"@id\":\"https:\/\/agenciainfra.com\/blog\/#organization\"},\"image\":{\"@id\":\"https:\/\/agenciainfra.com\/blog\/governo-zera-pis-cofins-do-diesel-e-cria-imposto-de-exportacao-de-petroleo\/#primaryimage\"},\"thumbnailUrl\":\"https:\/\/agenciainfra.com\/blog\/wp-content\/uploads\/2025\/09\/diesel-combustivel-foto-dominio-publico.jpg\",\"keywords\":[\"Alexandre Silveira\",\"diesel\",\"exporta\u00e7\u00e3o\",\"Fernando Haddad\",\"Gabriel Vasconcelos\",\"Geraldo Campos Jr.\",\"impostos\",\"Lais Carregosa\",\"Lula\",\"Marisa Wanzeller\",\"petr\u00f3leo\",\"PIS\/Cofins\",\"pre\u00e7o dos combust\u00edveis\",\"Rui Costa\"],\"articleSection\":[\"Destaque lista\",\"\u00d3leo &amp; G\u00e1s\"],\"inLanguage\":\"pt-BR\",\"copyrightYear\":\"2026\",\"copyrightHolder\":{\"@id\":\"https:\/\/agenciainfra.com\/blog\/#organization\"}},{\"@type\":\"WebPage\",\"@id\":\"https:\/\/agenciainfra.com\/blog\/governo-zera-pis-cofins-do-diesel-e-cria-imposto-de-exportacao-de-petroleo\/\",\"url\":\"https:\/\/agenciainfra.com\/blog\/governo-zera-pis-cofins-do-diesel-e-cria-imposto-de-exportacao-de-petroleo\/\",\"name\":\"Governo zera PIS\/Cofins do diesel e cria imposto de exporta\u00e7\u00e3o de petr\u00f3leo - Ag\u00eancia iNFRA\",\"isPartOf\":{\"@id\":\"https:\/\/agenciainfra.com\/blog\/#website\"},\"primaryImageOfPage\":{\"@id\":\"https:\/\/agenciainfra.com\/blog\/governo-zera-pis-cofins-do-diesel-e-cria-imposto-de-exportacao-de-petroleo\/#primaryimage\"},\"image\":{\"@id\":\"https:\/\/agenciainfra.com\/blog\/governo-zera-pis-cofins-do-diesel-e-cria-imposto-de-exportacao-de-petroleo\/#primaryimage\"},\"thumbnailUrl\":\"https:\/\/agenciainfra.com\/blog\/wp-content\/uploads\/2025\/09\/diesel-combustivel-foto-dominio-publico.jpg\",\"datePublished\":\"2026-03-12T19:42:18+00:00\",\"dateModified\":\"2026-03-13T19:27:56+00:00\",\"breadcrumb\":{\"@id\":\"https:\/\/agenciainfra.com\/blog\/governo-zera-pis-cofins-do-diesel-e-cria-imposto-de-exportacao-de-petroleo\/#breadcrumb\"},\"inLanguage\":\"pt-BR\",\"potentialAction\":[{\"@type\":\"ReadAction\",\"target\":[\"https:\/\/agenciainfra.com\/blog\/governo-zera-pis-cofins-do-diesel-e-cria-imposto-de-exportacao-de-petroleo\/\"]}]},{\"@type\":\"ImageObject\",\"inLanguage\":\"pt-BR\",\"@id\":\"https:\/\/agenciainfra.com\/blog\/governo-zera-pis-cofins-do-diesel-e-cria-imposto-de-exportacao-de-petroleo\/#primaryimage\",\"url\":\"https:\/\/agenciainfra.com\/blog\/wp-content\/uploads\/2025\/09\/diesel-combustivel-foto-dominio-publico.jpg\",\"contentUrl\":\"https:\/\/agenciainfra.com\/blog\/wp-content\/uploads\/2025\/09\/diesel-combustivel-foto-dominio-publico.jpg\",\"width\":1281,\"height\":890,\"caption\":\"Foto: Dom\u00ednio P\u00fablico\"},{\"@type\":\"BreadcrumbList\",\"@id\":\"https:\/\/agenciainfra.com\/blog\/governo-zera-pis-cofins-do-diesel-e-cria-imposto-de-exportacao-de-petroleo\/#breadcrumb\",\"itemListElement\":[{\"@type\":\"ListItem\",\"position\":1,\"name\":\"In\u00edcio\",\"item\":\"https:\/\/agenciainfra.com\/blog\/\"},{\"@type\":\"ListItem\",\"position\":2,\"name\":\"Governo zera PIS\/Cofins do diesel e cria imposto de exporta\u00e7\u00e3o de petr\u00f3leo\"}]},{\"@type\":\"WebSite\",\"@id\":\"https:\/\/agenciainfra.com\/blog\/#website\",\"url\":\"https:\/\/agenciainfra.com\/blog\/\",\"name\":\"Ag\u00eancia iNFRA\",\"description\":\"Multiplataforma de informa\u00e7\u00e3o jornal\u00edstica refer\u00eancia na \u00e1rea de infraestrutura no Brasil!\",\"publisher\":{\"@id\":\"https:\/\/agenciainfra.com\/blog\/#organization\"},\"potentialAction\":[{\"@type\":\"SearchAction\",\"target\":{\"@type\":\"EntryPoint\",\"urlTemplate\":\"https:\/\/agenciainfra.com\/blog\/?s={search_term_string}\"},\"query-input\":{\"@type\":\"PropertyValueSpecification\",\"valueRequired\":true,\"valueName\":\"search_term_string\"}}],\"inLanguage\":\"pt-BR\"},{\"@type\":\"Organization\",\"@id\":\"https:\/\/agenciainfra.com\/blog\/#organization\",\"name\":\"Ag\u00eancia iNFRA\",\"url\":\"https:\/\/agenciainfra.com\/blog\/\",\"logo\":{\"@type\":\"ImageObject\",\"inLanguage\":\"pt-BR\",\"@id\":\"https:\/\/agenciainfra.com\/blog\/#\/schema\/logo\/image\/\",\"url\":\"https:\/\/agenciainfra.com\/blog\/wp-content\/uploads\/2023\/09\/iNFRA_5-e1761735885940.png\",\"contentUrl\":\"https:\/\/agenciainfra.com\/blog\/wp-content\/uploads\/2023\/09\/iNFRA_5-e1761735885940.png\",\"width\":1672,\"height\":454,\"caption\":\"Ag\u00eancia iNFRA\"},\"image\":{\"@id\":\"https:\/\/agenciainfra.com\/blog\/#\/schema\/logo\/image\/\"},\"sameAs\":[\"https:\/\/www.facebook.com\/ageninfra\",\"https:\/\/x.com\/agencia_infra\",\"https:\/\/www.linkedin.com\/company\/ag\u00eanciainfra\/\",\"https:\/\/www.instagram.com\/agenciainfra\/\"]},{\"@type\":\"Person\",\"@id\":\"https:\/\/agenciainfra.com\/blog\/#\/schema\/person\/34af08dff6adea4cb22b06612ba7acfa\",\"name\":\"Ag\u00eancia iNFRA\",\"image\":{\"@type\":\"ImageObject\",\"inLanguage\":\"pt-BR\",\"@id\":\"https:\/\/agenciainfra.com\/blog\/#\/schema\/person\/image\/\",\"url\":\"https:\/\/secure.gravatar.com\/avatar\/d189e01678f06d8eb84d4e01f08eb848b3fffe3f8443818d3c356c66892f5be8?s=96&d=mm&r=g\",\"contentUrl\":\"https:\/\/secure.gravatar.com\/avatar\/d189e01678f06d8eb84d4e01f08eb848b3fffe3f8443818d3c356c66892f5be8?s=96&d=mm&r=g\",\"caption\":\"Ag\u00eancia iNFRA\"},\"url\":\"https:\/\/agenciainfra.com\/blog\/author\/admin\/\"}]}<\/script>\n<!-- \/ Yoast SEO Premium plugin. -->","yoast_head_json":{"title":"Governo zera PIS\/Cofins do diesel e cria imposto de exporta\u00e7\u00e3o de petr\u00f3leo - Ag\u00eancia iNFRA","robots":{"index":"index","follow":"follow","max-snippet":"max-snippet:-1","max-image-preview":"max-image-preview:large","max-video-preview":"max-video-preview:-1"},"canonical":"https:\/\/agenciainfra.com\/blog\/governo-zera-pis-cofins-do-diesel-e-cria-imposto-de-exportacao-de-petroleo\/","og_locale":"pt_BR","og_type":"article","og_title":"Governo zera PIS\/Cofins do diesel e cria imposto de exporta\u00e7\u00e3o de petr\u00f3leo","og_description":"Geraldo Campos Jr., Marisa Wanzeller, Lais Carregosa e Gabriel Vasconcelos, da Ag\u00eancia iNFRA O presidente Lula assinou nesta quinta-feira (12) decreto que zera os tributos federais PIS e Cofins sobre o \u00f3leo diesel para conter os aumentos nos pre\u00e7os nas bombas causados pelos efeitos da guerra entre Ir\u00e3 e os Estados Unidos. Al\u00e9m disso, foi [&hellip;]","og_url":"https:\/\/agenciainfra.com\/blog\/governo-zera-pis-cofins-do-diesel-e-cria-imposto-de-exportacao-de-petroleo\/","og_site_name":"Ag\u00eancia iNFRA","article_publisher":"https:\/\/www.facebook.com\/ageninfra","article_published_time":"2026-03-12T19:42:18+00:00","article_modified_time":"2026-03-13T19:27:56+00:00","og_image":[{"width":1281,"height":890,"url":"https:\/\/agenciainfra.com\/blog\/wp-content\/uploads\/2025\/09\/diesel-combustivel-foto-dominio-publico.jpg","type":"image\/jpeg"}],"author":"Ag\u00eancia iNFRA","twitter_card":"summary_large_image","twitter_creator":"@agencia_infra","twitter_site":"@agencia_infra","twitter_misc":{"Escrito por":"Ag\u00eancia iNFRA","Est. tempo de leitura":"5 minutos"},"schema":{"@context":"https:\/\/schema.org","@graph":[{"@type":"Article","@id":"https:\/\/agenciainfra.com\/blog\/governo-zera-pis-cofins-do-diesel-e-cria-imposto-de-exportacao-de-petroleo\/#article","isPartOf":{"@id":"https:\/\/agenciainfra.com\/blog\/governo-zera-pis-cofins-do-diesel-e-cria-imposto-de-exportacao-de-petroleo\/"},"author":{"name":"Ag\u00eancia iNFRA","@id":"https:\/\/agenciainfra.com\/blog\/#\/schema\/person\/34af08dff6adea4cb22b06612ba7acfa"},"headline":"Governo zera PIS\/Cofins do diesel e cria imposto de exporta\u00e7\u00e3o de petr\u00f3leo","datePublished":"2026-03-12T19:42:18+00:00","dateModified":"2026-03-13T19:27:56+00:00","mainEntityOfPage":{"@id":"https:\/\/agenciainfra.com\/blog\/governo-zera-pis-cofins-do-diesel-e-cria-imposto-de-exportacao-de-petroleo\/"},"wordCount":931,"publisher":{"@id":"https:\/\/agenciainfra.com\/blog\/#organization"},"image":{"@id":"https:\/\/agenciainfra.com\/blog\/governo-zera-pis-cofins-do-diesel-e-cria-imposto-de-exportacao-de-petroleo\/#primaryimage"},"thumbnailUrl":"https:\/\/agenciainfra.com\/blog\/wp-content\/uploads\/2025\/09\/diesel-combustivel-foto-dominio-publico.jpg","keywords":["Alexandre Silveira","diesel","exporta\u00e7\u00e3o","Fernando Haddad","Gabriel Vasconcelos","Geraldo Campos Jr.","impostos","Lais Carregosa","Lula","Marisa Wanzeller","petr\u00f3leo","PIS\/Cofins","pre\u00e7o dos combust\u00edveis","Rui Costa"],"articleSection":["Destaque lista","\u00d3leo &amp; G\u00e1s"],"inLanguage":"pt-BR","copyrightYear":"2026","copyrightHolder":{"@id":"https:\/\/agenciainfra.com\/blog\/#organization"}},{"@type":"WebPage","@id":"https:\/\/agenciainfra.com\/blog\/governo-zera-pis-cofins-do-diesel-e-cria-imposto-de-exportacao-de-petroleo\/","url":"https:\/\/agenciainfra.com\/blog\/governo-zera-pis-cofins-do-diesel-e-cria-imposto-de-exportacao-de-petroleo\/","name":"Governo zera PIS\/Cofins do diesel e cria imposto de exporta\u00e7\u00e3o de petr\u00f3leo - Ag\u00eancia iNFRA","isPartOf":{"@id":"https:\/\/agenciainfra.com\/blog\/#website"},"primaryImageOfPage":{"@id":"https:\/\/agenciainfra.com\/blog\/governo-zera-pis-cofins-do-diesel-e-cria-imposto-de-exportacao-de-petroleo\/#primaryimage"},"image":{"@id":"https:\/\/agenciainfra.com\/blog\/governo-zera-pis-cofins-do-diesel-e-cria-imposto-de-exportacao-de-petroleo\/#primaryimage"},"thumbnailUrl":"https:\/\/agenciainfra.com\/blog\/wp-content\/uploads\/2025\/09\/diesel-combustivel-foto-dominio-publico.jpg","datePublished":"2026-03-12T19:42:18+00:00","dateModified":"2026-03-13T19:27:56+00:00","breadcrumb":{"@id":"https:\/\/agenciainfra.com\/blog\/governo-zera-pis-cofins-do-diesel-e-cria-imposto-de-exportacao-de-petroleo\/#breadcrumb"},"inLanguage":"pt-BR","potentialAction":[{"@type":"ReadAction","target":["https:\/\/agenciainfra.com\/blog\/governo-zera-pis-cofins-do-diesel-e-cria-imposto-de-exportacao-de-petroleo\/"]}]},{"@type":"ImageObject","inLanguage":"pt-BR","@id":"https:\/\/agenciainfra.com\/blog\/governo-zera-pis-cofins-do-diesel-e-cria-imposto-de-exportacao-de-petroleo\/#primaryimage","url":"https:\/\/agenciainfra.com\/blog\/wp-content\/uploads\/2025\/09\/diesel-combustivel-foto-dominio-publico.jpg","contentUrl":"https:\/\/agenciainfra.com\/blog\/wp-content\/uploads\/2025\/09\/diesel-combustivel-foto-dominio-publico.jpg","width":1281,"height":890,"caption":"Foto: Dom\u00ednio P\u00fablico"},{"@type":"BreadcrumbList","@id":"https:\/\/agenciainfra.com\/blog\/governo-zera-pis-cofins-do-diesel-e-cria-imposto-de-exportacao-de-petroleo\/#breadcrumb","itemListElement":[{"@type":"ListItem","position":1,"name":"In\u00edcio","item":"https:\/\/agenciainfra.com\/blog\/"},{"@type":"ListItem","position":2,"name":"Governo zera PIS\/Cofins do diesel e cria imposto de exporta\u00e7\u00e3o de petr\u00f3leo"}]},{"@type":"WebSite","@id":"https:\/\/agenciainfra.com\/blog\/#website","url":"https:\/\/agenciainfra.com\/blog\/","name":"Ag\u00eancia iNFRA","description":"Multiplataforma de informa\u00e7\u00e3o jornal\u00edstica refer\u00eancia na \u00e1rea de infraestrutura no Brasil!","publisher":{"@id":"https:\/\/agenciainfra.com\/blog\/#organization"},"potentialAction":[{"@type":"SearchAction","target":{"@type":"EntryPoint","urlTemplate":"https:\/\/agenciainfra.com\/blog\/?s={search_term_string}"},"query-input":{"@type":"PropertyValueSpecification","valueRequired":true,"valueName":"search_term_string"}}],"inLanguage":"pt-BR"},{"@type":"Organization","@id":"https:\/\/agenciainfra.com\/blog\/#organization","name":"Ag\u00eancia iNFRA","url":"https:\/\/agenciainfra.com\/blog\/","logo":{"@type":"ImageObject","inLanguage":"pt-BR","@id":"https:\/\/agenciainfra.com\/blog\/#\/schema\/logo\/image\/","url":"https:\/\/agenciainfra.com\/blog\/wp-content\/uploads\/2023\/09\/iNFRA_5-e1761735885940.png","contentUrl":"https:\/\/agenciainfra.com\/blog\/wp-content\/uploads\/2023\/09\/iNFRA_5-e1761735885940.png","width":1672,"height":454,"caption":"Ag\u00eancia iNFRA"},"image":{"@id":"https:\/\/agenciainfra.com\/blog\/#\/schema\/logo\/image\/"},"sameAs":["https:\/\/www.facebook.com\/ageninfra","https:\/\/x.com\/agencia_infra","https:\/\/www.linkedin.com\/company\/ag\u00eanciainfra\/","https:\/\/www.instagram.com\/agenciainfra\/"]},{"@type":"Person","@id":"https:\/\/agenciainfra.com\/blog\/#\/schema\/person\/34af08dff6adea4cb22b06612ba7acfa","name":"Ag\u00eancia iNFRA","image":{"@type":"ImageObject","inLanguage":"pt-BR","@id":"https:\/\/agenciainfra.com\/blog\/#\/schema\/person\/image\/","url":"https:\/\/secure.gravatar.com\/avatar\/d189e01678f06d8eb84d4e01f08eb848b3fffe3f8443818d3c356c66892f5be8?s=96&d=mm&r=g","contentUrl":"https:\/\/secure.gravatar.com\/avatar\/d189e01678f06d8eb84d4e01f08eb848b3fffe3f8443818d3c356c66892f5be8?s=96&d=mm&r=g","caption":"Ag\u00eancia iNFRA"},"url":"https:\/\/agenciainfra.com\/blog\/author\/admin\/"}]}},"_links":{"self":[{"href":"https:\/\/agenciainfra.com\/blog\/wp-json\/wp\/v2\/posts\/37729","targetHints":{"allow":["GET"]}}],"collection":[{"href":"https:\/\/agenciainfra.com\/blog\/wp-json\/wp\/v2\/posts"}],"about":[{"href":"https:\/\/agenciainfra.com\/blog\/wp-json\/wp\/v2\/types\/post"}],"author":[{"embeddable":true,"href":"https:\/\/agenciainfra.com\/blog\/wp-json\/wp\/v2\/users\/1"}],"replies":[{"embeddable":true,"href":"https:\/\/agenciainfra.com\/blog\/wp-json\/wp\/v2\/comments?post=37729"}],"version-history":[{"count":1,"href":"https:\/\/agenciainfra.com\/blog\/wp-json\/wp\/v2\/posts\/37729\/revisions"}],"predecessor-version":[{"id":37732,"href":"https:\/\/agenciainfra.com\/blog\/wp-json\/wp\/v2\/posts\/37729\/revisions\/37732"}],"wp:featuredmedia":[{"embeddable":true,"href":"https:\/\/agenciainfra.com\/blog\/wp-json\/wp\/v2\/media\/28745"}],"wp:attachment":[{"href":"https:\/\/agenciainfra.com\/blog\/wp-json\/wp\/v2\/media?parent=37729"}],"wp:term":[{"taxonomy":"category","embeddable":true,"href":"https:\/\/agenciainfra.com\/blog\/wp-json\/wp\/v2\/categories?post=37729"},{"taxonomy":"post_tag","embeddable":true,"href":"https:\/\/agenciainfra.com\/blog\/wp-json\/wp\/v2\/tags?post=37729"}],"curies":[{"name":"wp","href":"https:\/\/api.w.org\/{rel}","templated":true}]}}