{"id":37730,"date":"2026-03-12T16:41:12","date_gmt":"2026-03-12T19:41:12","guid":{"rendered":"https:\/\/agenciainfra.com\/blog\/?p=37730"},"modified":"2026-03-12T16:41:14","modified_gmt":"2026-03-12T19:41:14","slug":"transicao-energetica-atrai-us-23-tri-em-2025-diz-bloombergnef","status":"publish","type":"post","link":"https:\/\/agenciainfra.com\/blog\/transicao-energetica-atrai-us-23-tri-em-2025-diz-bloombergnef\/","title":{"rendered":"Transi\u00e7\u00e3o energ\u00e9tica atrai US$ 2,3 tri em 2025, diz BloombergNEF"},"content":{"rendered":"\n<p class=\"has-text-align-right\"><strong>da Ag\u00eancia iNFRA<\/strong><\/p>\n\n\n\n<p>Os investimentos globais em tecnologias de baixo carbono alcan\u00e7aram US$ 2,3 trilh\u00f5es em 2025, segundo o relat\u00f3rio Energy Transition Investment Trends 2026, da BloombergNEF. O volume representa um crescimento de 8% em rela\u00e7\u00e3o ao ano anterior e marca o maior n\u00edvel j\u00e1 registrado para a transi\u00e7\u00e3o energ\u00e9tica.<br><br>De acordo com o estudo, o transporte eletrificado liderou os aportes, com US$ 893 bilh\u00f5es investidos, alta de 21% na compara\u00e7\u00e3o anual. O avan\u00e7o dos ve\u00edculos el\u00e9tricos e da infraestrutura de recarga consolidou a eletrifica\u00e7\u00e3o como principal vetor da transforma\u00e7\u00e3o energ\u00e9tica global.<br><br>As redes el\u00e9tricas tamb\u00e9m ganharam destaque, com US$ 483 bilh\u00f5es em investimentos, crescimento de 17%. O movimento reflete a necessidade de modernizar e expandir sistemas el\u00e9tricos para integrar fontes renov\u00e1veis e atender ao aumento da demanda por energia, inclusive de setores como centros de dados.<br><br>Os investimentos em energias renov\u00e1veis somaram US$ 690 bilh\u00f5es, queda de 9,5% influenciada principalmente por mudan\u00e7as regulat\u00f3rias no mercado chin\u00eas. Ainda assim, o segmento permanece como um dos pilares da transi\u00e7\u00e3o energ\u00e9tica mundial.<br><br>J\u00e1 a energia nuclear recebeu US$ 36 bilh\u00f5es em investimentos no per\u00edodo.<\/p>\n\n\n\n<p>O relat\u00f3rio tamb\u00e9m aponta avan\u00e7o no financiamento do setor. A emiss\u00e3o global de d\u00edvida para projetos ligados \u00e0 transi\u00e7\u00e3o energ\u00e9tica chegou a US$ 1,2 trilh\u00e3o, alta de 17%, enquanto o financiamento via mercado de capitais para tecnologias clim\u00e1ticas cresceu 53%.<br><br>No ranking global, o Brasil aparece como o nono maior mercado de investimentos em transi\u00e7\u00e3o energ\u00e9tica, com US$ 38 bilh\u00f5es aplicados em 2025, principalmente em fontes renov\u00e1veis. Segundo o estudo, o investimento m\u00e9dio anual global pode alcan\u00e7ar US$ 2,9 trilh\u00f5es entre 2026 e 2030, indicando que o volume atual ainda precisa crescer para atender \u00e0s metas clim\u00e1ticas internacionais.<\/p>\n","protected":false},"excerpt":{"rendered":"<p>da Ag\u00eancia iNFRA Os investimentos globais em tecnologias de baixo carbono alcan\u00e7aram US$ 2,3 trilh\u00f5es em 2025, segundo o relat\u00f3rio Energy Transition Investment Trends 2026, da BloombergNEF. O volume representa um crescimento de 8% em rela\u00e7\u00e3o ao ano anterior e marca o maior n\u00edvel j\u00e1 registrado para a transi\u00e7\u00e3o energ\u00e9tica. De acordo com o estudo, [&hellip;]<\/p>\n","protected":false},"author":1,"featured_media":24921,"comment_status":"closed","ping_status":"closed","sticky":false,"template":"","format":"standard","meta":{"_monsterinsights_skip_tracking":false,"_monsterinsights_sitenote_active":false,"_monsterinsights_sitenote_note":"","_monsterinsights_sitenote_category":0,"footnotes":""},"categories":[13576],"tags":[5442,282,18909,18910,7222,2006],"class_list":["post-37730","post","type-post","status-publish","format-standard","has-post-thumbnail","hentry","category-giro-infra","tag-bloombergnef","tag-energia-eletrica","tag-fontes-de-energia","tag-matriz-limpa","tag-relatorio","tag-transicao-energetica"],"yoast_head":"<!-- This site is optimized with the Yoast SEO Premium plugin v25.4 (Yoast SEO v26.0) - https:\/\/yoast.com\/wordpress\/plugins\/seo\/ -->\n<title>Transi\u00e7\u00e3o energ\u00e9tica atrai US$ 2,3 tri em 2025, diz BloombergNEF - Ag\u00eancia iNFRA<\/title>\n<meta name=\"robots\" content=\"index, follow, max-snippet:-1, max-image-preview:large, max-video-preview:-1\" \/>\n<link rel=\"canonical\" href=\"https:\/\/agenciainfra.com\/blog\/transicao-energetica-atrai-us-23-tri-em-2025-diz-bloombergnef\/\" \/>\n<meta property=\"og:locale\" content=\"pt_BR\" \/>\n<meta property=\"og:type\" content=\"article\" \/>\n<meta property=\"og:title\" content=\"Transi\u00e7\u00e3o energ\u00e9tica atrai US$ 2,3 tri em 2025, diz BloombergNEF\" \/>\n<meta property=\"og:description\" content=\"da Ag\u00eancia iNFRA Os investimentos globais em tecnologias de baixo carbono alcan\u00e7aram US$ 2,3 trilh\u00f5es em 2025, segundo o relat\u00f3rio Energy Transition Investment Trends 2026, da BloombergNEF. O volume representa um crescimento de 8% em rela\u00e7\u00e3o ao ano anterior e marca o maior n\u00edvel j\u00e1 registrado para a transi\u00e7\u00e3o energ\u00e9tica. De acordo com o estudo, [&hellip;]\" \/>\n<meta property=\"og:url\" content=\"https:\/\/agenciainfra.com\/blog\/transicao-energetica-atrai-us-23-tri-em-2025-diz-bloombergnef\/\" \/>\n<meta property=\"og:site_name\" content=\"Ag\u00eancia iNFRA\" \/>\n<meta property=\"article:publisher\" content=\"https:\/\/www.facebook.com\/ageninfra\" \/>\n<meta property=\"article:published_time\" content=\"2026-03-12T19:41:12+00:00\" \/>\n<meta property=\"article:modified_time\" content=\"2026-03-12T19:41:14+00:00\" \/>\n<meta property=\"og:image\" content=\"https:\/\/agenciainfra.com\/blog\/wp-content\/uploads\/2025\/07\/mercado-livre-energia-foto-dominio_publico-e1764157404689.jpg\" \/>\n\t<meta property=\"og:image:width\" content=\"1280\" \/>\n\t<meta property=\"og:image:height\" content=\"732\" \/>\n\t<meta property=\"og:image:type\" content=\"image\/jpeg\" \/>\n<meta name=\"author\" content=\"Ag\u00eancia iNFRA\" \/>\n<meta name=\"twitter:card\" content=\"summary_large_image\" \/>\n<meta name=\"twitter:creator\" content=\"@agencia_infra\" \/>\n<meta name=\"twitter:site\" content=\"@agencia_infra\" \/>\n<meta name=\"twitter:label1\" content=\"Escrito por\" \/>\n\t<meta name=\"twitter:data1\" content=\"Ag\u00eancia iNFRA\" \/>\n\t<meta name=\"twitter:label2\" content=\"Est. tempo de leitura\" \/>\n\t<meta name=\"twitter:data2\" content=\"2 minutos\" \/>\n<script type=\"application\/ld+json\" class=\"yoast-schema-graph\">{\"@context\":\"https:\/\/schema.org\",\"@graph\":[{\"@type\":\"Article\",\"@id\":\"https:\/\/agenciainfra.com\/blog\/transicao-energetica-atrai-us-23-tri-em-2025-diz-bloombergnef\/#article\",\"isPartOf\":{\"@id\":\"https:\/\/agenciainfra.com\/blog\/transicao-energetica-atrai-us-23-tri-em-2025-diz-bloombergnef\/\"},\"author\":{\"name\":\"Ag\u00eancia iNFRA\",\"@id\":\"https:\/\/agenciainfra.com\/blog\/#\/schema\/person\/34af08dff6adea4cb22b06612ba7acfa\"},\"headline\":\"Transi\u00e7\u00e3o energ\u00e9tica atrai US$ 2,3 tri em 2025, diz BloombergNEF\",\"datePublished\":\"2026-03-12T19:41:12+00:00\",\"dateModified\":\"2026-03-12T19:41:14+00:00\",\"mainEntityOfPage\":{\"@id\":\"https:\/\/agenciainfra.com\/blog\/transicao-energetica-atrai-us-23-tri-em-2025-diz-bloombergnef\/\"},\"wordCount\":317,\"publisher\":{\"@id\":\"https:\/\/agenciainfra.com\/blog\/#organization\"},\"image\":{\"@id\":\"https:\/\/agenciainfra.com\/blog\/transicao-energetica-atrai-us-23-tri-em-2025-diz-bloombergnef\/#primaryimage\"},\"thumbnailUrl\":\"https:\/\/agenciainfra.com\/blog\/wp-content\/uploads\/2025\/07\/mercado-livre-energia-foto-dominio_publico-e1764157404689.jpg\",\"keywords\":[\"BloombergNEF\",\"energia el\u00e9trica\",\"fontes de energia\",\"matriz limpa\",\"relat\u00f3rio\",\"transi\u00e7\u00e3o energ\u00e9tica\"],\"articleSection\":[\"Giro iNFRA\"],\"inLanguage\":\"pt-BR\",\"copyrightYear\":\"2026\",\"copyrightHolder\":{\"@id\":\"https:\/\/agenciainfra.com\/blog\/#organization\"}},{\"@type\":\"WebPage\",\"@id\":\"https:\/\/agenciainfra.com\/blog\/transicao-energetica-atrai-us-23-tri-em-2025-diz-bloombergnef\/\",\"url\":\"https:\/\/agenciainfra.com\/blog\/transicao-energetica-atrai-us-23-tri-em-2025-diz-bloombergnef\/\",\"name\":\"Transi\u00e7\u00e3o energ\u00e9tica atrai US$ 2,3 tri em 2025, diz BloombergNEF - Ag\u00eancia iNFRA\",\"isPartOf\":{\"@id\":\"https:\/\/agenciainfra.com\/blog\/#website\"},\"primaryImageOfPage\":{\"@id\":\"https:\/\/agenciainfra.com\/blog\/transicao-energetica-atrai-us-23-tri-em-2025-diz-bloombergnef\/#primaryimage\"},\"image\":{\"@id\":\"https:\/\/agenciainfra.com\/blog\/transicao-energetica-atrai-us-23-tri-em-2025-diz-bloombergnef\/#primaryimage\"},\"thumbnailUrl\":\"https:\/\/agenciainfra.com\/blog\/wp-content\/uploads\/2025\/07\/mercado-livre-energia-foto-dominio_publico-e1764157404689.jpg\",\"datePublished\":\"2026-03-12T19:41:12+00:00\",\"dateModified\":\"2026-03-12T19:41:14+00:00\",\"breadcrumb\":{\"@id\":\"https:\/\/agenciainfra.com\/blog\/transicao-energetica-atrai-us-23-tri-em-2025-diz-bloombergnef\/#breadcrumb\"},\"inLanguage\":\"pt-BR\",\"potentialAction\":[{\"@type\":\"ReadAction\",\"target\":[\"https:\/\/agenciainfra.com\/blog\/transicao-energetica-atrai-us-23-tri-em-2025-diz-bloombergnef\/\"]}]},{\"@type\":\"ImageObject\",\"inLanguage\":\"pt-BR\",\"@id\":\"https:\/\/agenciainfra.com\/blog\/transicao-energetica-atrai-us-23-tri-em-2025-diz-bloombergnef\/#primaryimage\",\"url\":\"https:\/\/agenciainfra.com\/blog\/wp-content\/uploads\/2025\/07\/mercado-livre-energia-foto-dominio_publico-e1764157404689.jpg\",\"contentUrl\":\"https:\/\/agenciainfra.com\/blog\/wp-content\/uploads\/2025\/07\/mercado-livre-energia-foto-dominio_publico-e1764157404689.jpg\",\"width\":1280,\"height\":732,\"caption\":\"Foto: Dom\u00ednio P\u00fablico\"},{\"@type\":\"BreadcrumbList\",\"@id\":\"https:\/\/agenciainfra.com\/blog\/transicao-energetica-atrai-us-23-tri-em-2025-diz-bloombergnef\/#breadcrumb\",\"itemListElement\":[{\"@type\":\"ListItem\",\"position\":1,\"name\":\"In\u00edcio\",\"item\":\"https:\/\/agenciainfra.com\/blog\/\"},{\"@type\":\"ListItem\",\"position\":2,\"name\":\"Transi\u00e7\u00e3o energ\u00e9tica atrai US$ 2,3 tri em 2025, diz BloombergNEF\"}]},{\"@type\":\"WebSite\",\"@id\":\"https:\/\/agenciainfra.com\/blog\/#website\",\"url\":\"https:\/\/agenciainfra.com\/blog\/\",\"name\":\"Ag\u00eancia iNFRA\",\"description\":\"Multiplataforma de informa\u00e7\u00e3o jornal\u00edstica refer\u00eancia na \u00e1rea de infraestrutura no Brasil!\",\"publisher\":{\"@id\":\"https:\/\/agenciainfra.com\/blog\/#organization\"},\"potentialAction\":[{\"@type\":\"SearchAction\",\"target\":{\"@type\":\"EntryPoint\",\"urlTemplate\":\"https:\/\/agenciainfra.com\/blog\/?s={search_term_string}\"},\"query-input\":{\"@type\":\"PropertyValueSpecification\",\"valueRequired\":true,\"valueName\":\"search_term_string\"}}],\"inLanguage\":\"pt-BR\"},{\"@type\":\"Organization\",\"@id\":\"https:\/\/agenciainfra.com\/blog\/#organization\",\"name\":\"Ag\u00eancia iNFRA\",\"url\":\"https:\/\/agenciainfra.com\/blog\/\",\"logo\":{\"@type\":\"ImageObject\",\"inLanguage\":\"pt-BR\",\"@id\":\"https:\/\/agenciainfra.com\/blog\/#\/schema\/logo\/image\/\",\"url\":\"https:\/\/agenciainfra.com\/blog\/wp-content\/uploads\/2023\/09\/iNFRA_5-e1761735885940.png\",\"contentUrl\":\"https:\/\/agenciainfra.com\/blog\/wp-content\/uploads\/2023\/09\/iNFRA_5-e1761735885940.png\",\"width\":1672,\"height\":454,\"caption\":\"Ag\u00eancia iNFRA\"},\"image\":{\"@id\":\"https:\/\/agenciainfra.com\/blog\/#\/schema\/logo\/image\/\"},\"sameAs\":[\"https:\/\/www.facebook.com\/ageninfra\",\"https:\/\/x.com\/agencia_infra\",\"https:\/\/www.linkedin.com\/company\/ag\u00eanciainfra\/\",\"https:\/\/www.instagram.com\/agenciainfra\/\"]},{\"@type\":\"Person\",\"@id\":\"https:\/\/agenciainfra.com\/blog\/#\/schema\/person\/34af08dff6adea4cb22b06612ba7acfa\",\"name\":\"Ag\u00eancia iNFRA\",\"image\":{\"@type\":\"ImageObject\",\"inLanguage\":\"pt-BR\",\"@id\":\"https:\/\/agenciainfra.com\/blog\/#\/schema\/person\/image\/\",\"url\":\"https:\/\/secure.gravatar.com\/avatar\/d189e01678f06d8eb84d4e01f08eb848b3fffe3f8443818d3c356c66892f5be8?s=96&d=mm&r=g\",\"contentUrl\":\"https:\/\/secure.gravatar.com\/avatar\/d189e01678f06d8eb84d4e01f08eb848b3fffe3f8443818d3c356c66892f5be8?s=96&d=mm&r=g\",\"caption\":\"Ag\u00eancia iNFRA\"},\"url\":\"https:\/\/agenciainfra.com\/blog\/author\/admin\/\"}]}<\/script>\n<!-- \/ Yoast SEO Premium plugin. -->","yoast_head_json":{"title":"Transi\u00e7\u00e3o energ\u00e9tica atrai US$ 2,3 tri em 2025, diz BloombergNEF - Ag\u00eancia iNFRA","robots":{"index":"index","follow":"follow","max-snippet":"max-snippet:-1","max-image-preview":"max-image-preview:large","max-video-preview":"max-video-preview:-1"},"canonical":"https:\/\/agenciainfra.com\/blog\/transicao-energetica-atrai-us-23-tri-em-2025-diz-bloombergnef\/","og_locale":"pt_BR","og_type":"article","og_title":"Transi\u00e7\u00e3o energ\u00e9tica atrai US$ 2,3 tri em 2025, diz BloombergNEF","og_description":"da Ag\u00eancia iNFRA Os investimentos globais em tecnologias de baixo carbono alcan\u00e7aram US$ 2,3 trilh\u00f5es em 2025, segundo o relat\u00f3rio Energy Transition Investment Trends 2026, da BloombergNEF. O volume representa um crescimento de 8% em rela\u00e7\u00e3o ao ano anterior e marca o maior n\u00edvel j\u00e1 registrado para a transi\u00e7\u00e3o energ\u00e9tica. De acordo com o estudo, [&hellip;]","og_url":"https:\/\/agenciainfra.com\/blog\/transicao-energetica-atrai-us-23-tri-em-2025-diz-bloombergnef\/","og_site_name":"Ag\u00eancia iNFRA","article_publisher":"https:\/\/www.facebook.com\/ageninfra","article_published_time":"2026-03-12T19:41:12+00:00","article_modified_time":"2026-03-12T19:41:14+00:00","og_image":[{"width":1280,"height":732,"url":"https:\/\/agenciainfra.com\/blog\/wp-content\/uploads\/2025\/07\/mercado-livre-energia-foto-dominio_publico-e1764157404689.jpg","type":"image\/jpeg"}],"author":"Ag\u00eancia iNFRA","twitter_card":"summary_large_image","twitter_creator":"@agencia_infra","twitter_site":"@agencia_infra","twitter_misc":{"Escrito por":"Ag\u00eancia iNFRA","Est. tempo de leitura":"2 minutos"},"schema":{"@context":"https:\/\/schema.org","@graph":[{"@type":"Article","@id":"https:\/\/agenciainfra.com\/blog\/transicao-energetica-atrai-us-23-tri-em-2025-diz-bloombergnef\/#article","isPartOf":{"@id":"https:\/\/agenciainfra.com\/blog\/transicao-energetica-atrai-us-23-tri-em-2025-diz-bloombergnef\/"},"author":{"name":"Ag\u00eancia iNFRA","@id":"https:\/\/agenciainfra.com\/blog\/#\/schema\/person\/34af08dff6adea4cb22b06612ba7acfa"},"headline":"Transi\u00e7\u00e3o energ\u00e9tica atrai US$ 2,3 tri em 2025, diz BloombergNEF","datePublished":"2026-03-12T19:41:12+00:00","dateModified":"2026-03-12T19:41:14+00:00","mainEntityOfPage":{"@id":"https:\/\/agenciainfra.com\/blog\/transicao-energetica-atrai-us-23-tri-em-2025-diz-bloombergnef\/"},"wordCount":317,"publisher":{"@id":"https:\/\/agenciainfra.com\/blog\/#organization"},"image":{"@id":"https:\/\/agenciainfra.com\/blog\/transicao-energetica-atrai-us-23-tri-em-2025-diz-bloombergnef\/#primaryimage"},"thumbnailUrl":"https:\/\/agenciainfra.com\/blog\/wp-content\/uploads\/2025\/07\/mercado-livre-energia-foto-dominio_publico-e1764157404689.jpg","keywords":["BloombergNEF","energia el\u00e9trica","fontes de energia","matriz limpa","relat\u00f3rio","transi\u00e7\u00e3o energ\u00e9tica"],"articleSection":["Giro iNFRA"],"inLanguage":"pt-BR","copyrightYear":"2026","copyrightHolder":{"@id":"https:\/\/agenciainfra.com\/blog\/#organization"}},{"@type":"WebPage","@id":"https:\/\/agenciainfra.com\/blog\/transicao-energetica-atrai-us-23-tri-em-2025-diz-bloombergnef\/","url":"https:\/\/agenciainfra.com\/blog\/transicao-energetica-atrai-us-23-tri-em-2025-diz-bloombergnef\/","name":"Transi\u00e7\u00e3o energ\u00e9tica atrai US$ 2,3 tri em 2025, diz BloombergNEF - Ag\u00eancia iNFRA","isPartOf":{"@id":"https:\/\/agenciainfra.com\/blog\/#website"},"primaryImageOfPage":{"@id":"https:\/\/agenciainfra.com\/blog\/transicao-energetica-atrai-us-23-tri-em-2025-diz-bloombergnef\/#primaryimage"},"image":{"@id":"https:\/\/agenciainfra.com\/blog\/transicao-energetica-atrai-us-23-tri-em-2025-diz-bloombergnef\/#primaryimage"},"thumbnailUrl":"https:\/\/agenciainfra.com\/blog\/wp-content\/uploads\/2025\/07\/mercado-livre-energia-foto-dominio_publico-e1764157404689.jpg","datePublished":"2026-03-12T19:41:12+00:00","dateModified":"2026-03-12T19:41:14+00:00","breadcrumb":{"@id":"https:\/\/agenciainfra.com\/blog\/transicao-energetica-atrai-us-23-tri-em-2025-diz-bloombergnef\/#breadcrumb"},"inLanguage":"pt-BR","potentialAction":[{"@type":"ReadAction","target":["https:\/\/agenciainfra.com\/blog\/transicao-energetica-atrai-us-23-tri-em-2025-diz-bloombergnef\/"]}]},{"@type":"ImageObject","inLanguage":"pt-BR","@id":"https:\/\/agenciainfra.com\/blog\/transicao-energetica-atrai-us-23-tri-em-2025-diz-bloombergnef\/#primaryimage","url":"https:\/\/agenciainfra.com\/blog\/wp-content\/uploads\/2025\/07\/mercado-livre-energia-foto-dominio_publico-e1764157404689.jpg","contentUrl":"https:\/\/agenciainfra.com\/blog\/wp-content\/uploads\/2025\/07\/mercado-livre-energia-foto-dominio_publico-e1764157404689.jpg","width":1280,"height":732,"caption":"Foto: Dom\u00ednio P\u00fablico"},{"@type":"BreadcrumbList","@id":"https:\/\/agenciainfra.com\/blog\/transicao-energetica-atrai-us-23-tri-em-2025-diz-bloombergnef\/#breadcrumb","itemListElement":[{"@type":"ListItem","position":1,"name":"In\u00edcio","item":"https:\/\/agenciainfra.com\/blog\/"},{"@type":"ListItem","position":2,"name":"Transi\u00e7\u00e3o energ\u00e9tica atrai US$ 2,3 tri em 2025, diz BloombergNEF"}]},{"@type":"WebSite","@id":"https:\/\/agenciainfra.com\/blog\/#website","url":"https:\/\/agenciainfra.com\/blog\/","name":"Ag\u00eancia iNFRA","description":"Multiplataforma de informa\u00e7\u00e3o jornal\u00edstica refer\u00eancia na \u00e1rea de infraestrutura no Brasil!","publisher":{"@id":"https:\/\/agenciainfra.com\/blog\/#organization"},"potentialAction":[{"@type":"SearchAction","target":{"@type":"EntryPoint","urlTemplate":"https:\/\/agenciainfra.com\/blog\/?s={search_term_string}"},"query-input":{"@type":"PropertyValueSpecification","valueRequired":true,"valueName":"search_term_string"}}],"inLanguage":"pt-BR"},{"@type":"Organization","@id":"https:\/\/agenciainfra.com\/blog\/#organization","name":"Ag\u00eancia iNFRA","url":"https:\/\/agenciainfra.com\/blog\/","logo":{"@type":"ImageObject","inLanguage":"pt-BR","@id":"https:\/\/agenciainfra.com\/blog\/#\/schema\/logo\/image\/","url":"https:\/\/agenciainfra.com\/blog\/wp-content\/uploads\/2023\/09\/iNFRA_5-e1761735885940.png","contentUrl":"https:\/\/agenciainfra.com\/blog\/wp-content\/uploads\/2023\/09\/iNFRA_5-e1761735885940.png","width":1672,"height":454,"caption":"Ag\u00eancia iNFRA"},"image":{"@id":"https:\/\/agenciainfra.com\/blog\/#\/schema\/logo\/image\/"},"sameAs":["https:\/\/www.facebook.com\/ageninfra","https:\/\/x.com\/agencia_infra","https:\/\/www.linkedin.com\/company\/ag\u00eanciainfra\/","https:\/\/www.instagram.com\/agenciainfra\/"]},{"@type":"Person","@id":"https:\/\/agenciainfra.com\/blog\/#\/schema\/person\/34af08dff6adea4cb22b06612ba7acfa","name":"Ag\u00eancia iNFRA","image":{"@type":"ImageObject","inLanguage":"pt-BR","@id":"https:\/\/agenciainfra.com\/blog\/#\/schema\/person\/image\/","url":"https:\/\/secure.gravatar.com\/avatar\/d189e01678f06d8eb84d4e01f08eb848b3fffe3f8443818d3c356c66892f5be8?s=96&d=mm&r=g","contentUrl":"https:\/\/secure.gravatar.com\/avatar\/d189e01678f06d8eb84d4e01f08eb848b3fffe3f8443818d3c356c66892f5be8?s=96&d=mm&r=g","caption":"Ag\u00eancia iNFRA"},"url":"https:\/\/agenciainfra.com\/blog\/author\/admin\/"}]}},"_links":{"self":[{"href":"https:\/\/agenciainfra.com\/blog\/wp-json\/wp\/v2\/posts\/37730","targetHints":{"allow":["GET"]}}],"collection":[{"href":"https:\/\/agenciainfra.com\/blog\/wp-json\/wp\/v2\/posts"}],"about":[{"href":"https:\/\/agenciainfra.com\/blog\/wp-json\/wp\/v2\/types\/post"}],"author":[{"embeddable":true,"href":"https:\/\/agenciainfra.com\/blog\/wp-json\/wp\/v2\/users\/1"}],"replies":[{"embeddable":true,"href":"https:\/\/agenciainfra.com\/blog\/wp-json\/wp\/v2\/comments?post=37730"}],"version-history":[{"count":1,"href":"https:\/\/agenciainfra.com\/blog\/wp-json\/wp\/v2\/posts\/37730\/revisions"}],"predecessor-version":[{"id":37731,"href":"https:\/\/agenciainfra.com\/blog\/wp-json\/wp\/v2\/posts\/37730\/revisions\/37731"}],"wp:featuredmedia":[{"embeddable":true,"href":"https:\/\/agenciainfra.com\/blog\/wp-json\/wp\/v2\/media\/24921"}],"wp:attachment":[{"href":"https:\/\/agenciainfra.com\/blog\/wp-json\/wp\/v2\/media?parent=37730"}],"wp:term":[{"taxonomy":"category","embeddable":true,"href":"https:\/\/agenciainfra.com\/blog\/wp-json\/wp\/v2\/categories?post=37730"},{"taxonomy":"post_tag","embeddable":true,"href":"https:\/\/agenciainfra.com\/blog\/wp-json\/wp\/v2\/tags?post=37730"}],"curies":[{"name":"wp","href":"https:\/\/api.w.org\/{rel}","templated":true}]}}