{"id":37733,"date":"2026-03-12T17:08:47","date_gmt":"2026-03-12T20:08:47","guid":{"rendered":"https:\/\/agenciainfra.com\/blog\/?p=37733"},"modified":"2026-03-13T16:28:12","modified_gmt":"2026-03-13T19:28:12","slug":"conselho-da-ccee-nome-ligado-ao-mme-ocupa-cadeira-das-distribuidoras","status":"publish","type":"post","link":"https:\/\/agenciainfra.com\/blog\/conselho-da-ccee-nome-ligado-ao-mme-ocupa-cadeira-das-distribuidoras\/","title":{"rendered":"Conselho da CCEE: Nome ligado ao MME ocupa cadeira das distribuidoras"},"content":{"rendered":"\n<p class=\"has-text-align-right\"><strong>Geraldo Campos Jr., Lais Carregosa e Marisa Wanzeller, da Ag\u00eancia iNFRA<\/strong><\/p>\n\n\n\n<p>A Assembleia Geral da CCEE (C\u00e2mara de Comercializa\u00e7\u00e3o de Energia) elegeu os integrantes do novo Conselho de Administra\u00e7\u00e3o nesta quinta-feira (12), com disputa em tr\u00eas das quatro categorias do setor: gera\u00e7\u00e3o, comercializa\u00e7\u00e3o e consumo, disseram fontes. Apenas a distribui\u00e7\u00e3o n\u00e3o teve disputa e definiu o ex-deputado federal por Minas Gerais, Olavo Bilac Pinto Neto, como representante \u2013 nome ligado ao ministro de Minas e Energia, Alexandre Silveira, segundo fontes.<\/p>\n\n\n\n<p>Os segmentos de gera\u00e7\u00e3o, comercializa\u00e7\u00e3o e consumo realizaram uma vota\u00e7\u00e3o em separado para escolher apenas um nome a ser levado para valida\u00e7\u00e3o do colegiado. Na gera\u00e7\u00e3o, disputaram Italo Freitas, da Axia (ex-Eletrobras), Marcelo Cruz Lopes, da Eneva, e Eduardo Sattamini, da Engie; na comercializa\u00e7\u00e3o, Rodrigo Ferreira, da Abraceel, disputou com o ex-deputado Carlos Aleluia; e no consumo, Gustavo Checcucci, da Braskem, competiu com Paulo Pedrosa, presidente da Abrace.<\/p>\n\n\n\n<p><strong>Leia abaixo os eleitos:<\/strong><\/p>\n\n\n\n<ul class=\"wp-block-list\">\n<li><strong>Governo<\/strong>:\u00a0 Alexandre Ramos (presidente), Arthur Val\u00e9rio, Ricardo Tili e Carlos Eduardo Zarzur como titulares. (Suplentes: Gustavo Ata\u00edde, Fernando Colli, Jo\u00e3o Daniel Cascalho e Isabela Vieira);<\/li>\n\n\n\n<li><strong>Distribui\u00e7\u00e3o<\/strong>: Olavo Bilac Pinto (Eduardo Capelastegui como suplente);<\/li>\n\n\n\n<li><strong>Gera\u00e7\u00e3o<\/strong>: Italo Freitas (Eduardo Sattamini como suplente);<\/li>\n\n\n\n<li><strong>Comercializa\u00e7\u00e3o<\/strong>: Rodrigo Ferreira (Carlos Aleluia como suplente); <\/li>\n\n\n\n<li><strong>Consumo<\/strong>: Gustavo Souza Checcucci (Paulo Pedrosa como suplente).<\/li>\n<\/ul>\n","protected":false},"excerpt":{"rendered":"<p>Geraldo Campos Jr., Lais Carregosa e Marisa Wanzeller, da Ag\u00eancia iNFRA A Assembleia Geral da CCEE (C\u00e2mara de Comercializa\u00e7\u00e3o de Energia) elegeu os integrantes do novo Conselho de Administra\u00e7\u00e3o nesta quinta-feira (12), com disputa em tr\u00eas das quatro categorias do setor: gera\u00e7\u00e3o, comercializa\u00e7\u00e3o e consumo, disseram fontes. Apenas a distribui\u00e7\u00e3o n\u00e3o teve disputa e definiu [&hellip;]<\/p>\n","protected":false},"author":1,"featured_media":31336,"comment_status":"closed","ping_status":"closed","sticky":false,"template":"","format":"standard","meta":{"_monsterinsights_skip_tracking":false,"_monsterinsights_sitenote_active":false,"_monsterinsights_sitenote_note":"","_monsterinsights_sitenote_category":0,"footnotes":""},"categories":[7250,10],"tags":[6040,14,4802,12071,6443,369,2199,3042,1854,11594,13132,7366,71],"class_list":["post-37733","post","type-post","status-publish","format-standard","has-post-thumbnail","hentry","category-destaque-lista","category-infraenergia","tag-alexandre-silveira","tag-ccee","tag-comercializacao","tag-conselho-da-ccee","tag-conselho-de-administracao","tag-consumo","tag-distribuicao","tag-eleicao","tag-geracao","tag-geraldo-campos-jr","tag-lais-carregosa","tag-marisa-wanzeller","tag-mme"],"yoast_head":"<!-- This site is optimized with the Yoast SEO Premium plugin v25.4 (Yoast SEO v26.0) - https:\/\/yoast.com\/wordpress\/plugins\/seo\/ -->\n<title>Conselho da CCEE: Nome ligado ao MME ocupa cadeira das distribuidoras - Ag\u00eancia iNFRA<\/title>\n<meta name=\"robots\" content=\"index, follow, max-snippet:-1, max-image-preview:large, max-video-preview:-1\" \/>\n<link rel=\"canonical\" href=\"https:\/\/agenciainfra.com\/blog\/conselho-da-ccee-nome-ligado-ao-mme-ocupa-cadeira-das-distribuidoras\/\" \/>\n<meta property=\"og:locale\" content=\"pt_BR\" \/>\n<meta property=\"og:type\" content=\"article\" \/>\n<meta property=\"og:title\" content=\"Conselho da CCEE: Nome ligado ao MME ocupa cadeira das distribuidoras\" \/>\n<meta property=\"og:description\" content=\"Geraldo Campos Jr., Lais Carregosa e Marisa Wanzeller, da Ag\u00eancia iNFRA A Assembleia Geral da CCEE (C\u00e2mara de Comercializa\u00e7\u00e3o de Energia) elegeu os integrantes do novo Conselho de Administra\u00e7\u00e3o nesta quinta-feira (12), com disputa em tr\u00eas das quatro categorias do setor: gera\u00e7\u00e3o, comercializa\u00e7\u00e3o e consumo, disseram fontes. Apenas a distribui\u00e7\u00e3o n\u00e3o teve disputa e definiu [&hellip;]\" \/>\n<meta property=\"og:url\" content=\"https:\/\/agenciainfra.com\/blog\/conselho-da-ccee-nome-ligado-ao-mme-ocupa-cadeira-das-distribuidoras\/\" \/>\n<meta property=\"og:site_name\" content=\"Ag\u00eancia iNFRA\" \/>\n<meta property=\"article:publisher\" content=\"https:\/\/www.facebook.com\/ageninfra\" \/>\n<meta property=\"article:published_time\" content=\"2026-03-12T20:08:47+00:00\" \/>\n<meta property=\"article:modified_time\" content=\"2026-03-13T19:28:12+00:00\" \/>\n<meta property=\"og:image\" content=\"https:\/\/agenciainfra.com\/blog\/wp-content\/uploads\/2025\/11\/ccee-sede-foto-divulgacao-e1762169502514.jpg\" \/>\n\t<meta property=\"og:image:width\" content=\"1280\" \/>\n\t<meta property=\"og:image:height\" content=\"780\" \/>\n\t<meta property=\"og:image:type\" content=\"image\/jpeg\" \/>\n<meta name=\"author\" content=\"Ag\u00eancia iNFRA\" \/>\n<meta name=\"twitter:card\" content=\"summary_large_image\" \/>\n<meta name=\"twitter:creator\" content=\"@agencia_infra\" \/>\n<meta name=\"twitter:site\" content=\"@agencia_infra\" \/>\n<meta name=\"twitter:label1\" content=\"Escrito por\" \/>\n\t<meta name=\"twitter:data1\" content=\"Ag\u00eancia iNFRA\" \/>\n\t<meta name=\"twitter:label2\" content=\"Est. tempo de leitura\" \/>\n\t<meta name=\"twitter:data2\" content=\"1 minuto\" \/>\n<script type=\"application\/ld+json\" class=\"yoast-schema-graph\">{\"@context\":\"https:\/\/schema.org\",\"@graph\":[{\"@type\":\"Article\",\"@id\":\"https:\/\/agenciainfra.com\/blog\/conselho-da-ccee-nome-ligado-ao-mme-ocupa-cadeira-das-distribuidoras\/#article\",\"isPartOf\":{\"@id\":\"https:\/\/agenciainfra.com\/blog\/conselho-da-ccee-nome-ligado-ao-mme-ocupa-cadeira-das-distribuidoras\/\"},\"author\":{\"name\":\"Ag\u00eancia iNFRA\",\"@id\":\"https:\/\/agenciainfra.com\/blog\/#\/schema\/person\/34af08dff6adea4cb22b06612ba7acfa\"},\"headline\":\"Conselho da CCEE: Nome ligado ao MME ocupa cadeira das distribuidoras\",\"datePublished\":\"2026-03-12T20:08:47+00:00\",\"dateModified\":\"2026-03-13T19:28:12+00:00\",\"mainEntityOfPage\":{\"@id\":\"https:\/\/agenciainfra.com\/blog\/conselho-da-ccee-nome-ligado-ao-mme-ocupa-cadeira-das-distribuidoras\/\"},\"wordCount\":237,\"publisher\":{\"@id\":\"https:\/\/agenciainfra.com\/blog\/#organization\"},\"image\":{\"@id\":\"https:\/\/agenciainfra.com\/blog\/conselho-da-ccee-nome-ligado-ao-mme-ocupa-cadeira-das-distribuidoras\/#primaryimage\"},\"thumbnailUrl\":\"https:\/\/agenciainfra.com\/blog\/wp-content\/uploads\/2025\/11\/ccee-sede-foto-divulgacao-e1762169502514.jpg\",\"keywords\":[\"Alexandre Silveira\",\"ccee\",\"comercializa\u00e7\u00e3o\",\"conselho da CCEE\",\"conselho de administra\u00e7\u00e3o\",\"consumo\",\"distribui\u00e7\u00e3o\",\"elei\u00e7\u00e3o\",\"gera\u00e7\u00e3o\",\"Geraldo Campos Jr.\",\"Lais Carregosa\",\"Marisa Wanzeller\",\"MME\"],\"articleSection\":[\"Destaque lista\",\"iNFRAEnergia\"],\"inLanguage\":\"pt-BR\",\"copyrightYear\":\"2026\",\"copyrightHolder\":{\"@id\":\"https:\/\/agenciainfra.com\/blog\/#organization\"}},{\"@type\":\"WebPage\",\"@id\":\"https:\/\/agenciainfra.com\/blog\/conselho-da-ccee-nome-ligado-ao-mme-ocupa-cadeira-das-distribuidoras\/\",\"url\":\"https:\/\/agenciainfra.com\/blog\/conselho-da-ccee-nome-ligado-ao-mme-ocupa-cadeira-das-distribuidoras\/\",\"name\":\"Conselho da CCEE: Nome ligado ao MME ocupa cadeira das distribuidoras - Ag\u00eancia iNFRA\",\"isPartOf\":{\"@id\":\"https:\/\/agenciainfra.com\/blog\/#website\"},\"primaryImageOfPage\":{\"@id\":\"https:\/\/agenciainfra.com\/blog\/conselho-da-ccee-nome-ligado-ao-mme-ocupa-cadeira-das-distribuidoras\/#primaryimage\"},\"image\":{\"@id\":\"https:\/\/agenciainfra.com\/blog\/conselho-da-ccee-nome-ligado-ao-mme-ocupa-cadeira-das-distribuidoras\/#primaryimage\"},\"thumbnailUrl\":\"https:\/\/agenciainfra.com\/blog\/wp-content\/uploads\/2025\/11\/ccee-sede-foto-divulgacao-e1762169502514.jpg\",\"datePublished\":\"2026-03-12T20:08:47+00:00\",\"dateModified\":\"2026-03-13T19:28:12+00:00\",\"breadcrumb\":{\"@id\":\"https:\/\/agenciainfra.com\/blog\/conselho-da-ccee-nome-ligado-ao-mme-ocupa-cadeira-das-distribuidoras\/#breadcrumb\"},\"inLanguage\":\"pt-BR\",\"potentialAction\":[{\"@type\":\"ReadAction\",\"target\":[\"https:\/\/agenciainfra.com\/blog\/conselho-da-ccee-nome-ligado-ao-mme-ocupa-cadeira-das-distribuidoras\/\"]}]},{\"@type\":\"ImageObject\",\"inLanguage\":\"pt-BR\",\"@id\":\"https:\/\/agenciainfra.com\/blog\/conselho-da-ccee-nome-ligado-ao-mme-ocupa-cadeira-das-distribuidoras\/#primaryimage\",\"url\":\"https:\/\/agenciainfra.com\/blog\/wp-content\/uploads\/2025\/11\/ccee-sede-foto-divulgacao-e1762169502514.jpg\",\"contentUrl\":\"https:\/\/agenciainfra.com\/blog\/wp-content\/uploads\/2025\/11\/ccee-sede-foto-divulgacao-e1762169502514.jpg\",\"width\":1280,\"height\":780,\"caption\":\"Foto: Divulga\u00e7\u00e3o\/CCEE\"},{\"@type\":\"BreadcrumbList\",\"@id\":\"https:\/\/agenciainfra.com\/blog\/conselho-da-ccee-nome-ligado-ao-mme-ocupa-cadeira-das-distribuidoras\/#breadcrumb\",\"itemListElement\":[{\"@type\":\"ListItem\",\"position\":1,\"name\":\"In\u00edcio\",\"item\":\"https:\/\/agenciainfra.com\/blog\/\"},{\"@type\":\"ListItem\",\"position\":2,\"name\":\"Conselho da CCEE: Nome ligado ao MME ocupa cadeira das distribuidoras\"}]},{\"@type\":\"WebSite\",\"@id\":\"https:\/\/agenciainfra.com\/blog\/#website\",\"url\":\"https:\/\/agenciainfra.com\/blog\/\",\"name\":\"Ag\u00eancia iNFRA\",\"description\":\"Multiplataforma de informa\u00e7\u00e3o jornal\u00edstica refer\u00eancia na \u00e1rea de infraestrutura no Brasil!\",\"publisher\":{\"@id\":\"https:\/\/agenciainfra.com\/blog\/#organization\"},\"potentialAction\":[{\"@type\":\"SearchAction\",\"target\":{\"@type\":\"EntryPoint\",\"urlTemplate\":\"https:\/\/agenciainfra.com\/blog\/?s={search_term_string}\"},\"query-input\":{\"@type\":\"PropertyValueSpecification\",\"valueRequired\":true,\"valueName\":\"search_term_string\"}}],\"inLanguage\":\"pt-BR\"},{\"@type\":\"Organization\",\"@id\":\"https:\/\/agenciainfra.com\/blog\/#organization\",\"name\":\"Ag\u00eancia iNFRA\",\"url\":\"https:\/\/agenciainfra.com\/blog\/\",\"logo\":{\"@type\":\"ImageObject\",\"inLanguage\":\"pt-BR\",\"@id\":\"https:\/\/agenciainfra.com\/blog\/#\/schema\/logo\/image\/\",\"url\":\"https:\/\/agenciainfra.com\/blog\/wp-content\/uploads\/2023\/09\/iNFRA_5-e1761735885940.png\",\"contentUrl\":\"https:\/\/agenciainfra.com\/blog\/wp-content\/uploads\/2023\/09\/iNFRA_5-e1761735885940.png\",\"width\":1672,\"height\":454,\"caption\":\"Ag\u00eancia iNFRA\"},\"image\":{\"@id\":\"https:\/\/agenciainfra.com\/blog\/#\/schema\/logo\/image\/\"},\"sameAs\":[\"https:\/\/www.facebook.com\/ageninfra\",\"https:\/\/x.com\/agencia_infra\",\"https:\/\/www.linkedin.com\/company\/ag\u00eanciainfra\/\",\"https:\/\/www.instagram.com\/agenciainfra\/\"]},{\"@type\":\"Person\",\"@id\":\"https:\/\/agenciainfra.com\/blog\/#\/schema\/person\/34af08dff6adea4cb22b06612ba7acfa\",\"name\":\"Ag\u00eancia iNFRA\",\"image\":{\"@type\":\"ImageObject\",\"inLanguage\":\"pt-BR\",\"@id\":\"https:\/\/agenciainfra.com\/blog\/#\/schema\/person\/image\/\",\"url\":\"https:\/\/secure.gravatar.com\/avatar\/d189e01678f06d8eb84d4e01f08eb848b3fffe3f8443818d3c356c66892f5be8?s=96&d=mm&r=g\",\"contentUrl\":\"https:\/\/secure.gravatar.com\/avatar\/d189e01678f06d8eb84d4e01f08eb848b3fffe3f8443818d3c356c66892f5be8?s=96&d=mm&r=g\",\"caption\":\"Ag\u00eancia iNFRA\"},\"url\":\"https:\/\/agenciainfra.com\/blog\/author\/admin\/\"}]}<\/script>\n<!-- \/ Yoast SEO Premium plugin. -->","yoast_head_json":{"title":"Conselho da CCEE: Nome ligado ao MME ocupa cadeira das distribuidoras - Ag\u00eancia iNFRA","robots":{"index":"index","follow":"follow","max-snippet":"max-snippet:-1","max-image-preview":"max-image-preview:large","max-video-preview":"max-video-preview:-1"},"canonical":"https:\/\/agenciainfra.com\/blog\/conselho-da-ccee-nome-ligado-ao-mme-ocupa-cadeira-das-distribuidoras\/","og_locale":"pt_BR","og_type":"article","og_title":"Conselho da CCEE: Nome ligado ao MME ocupa cadeira das distribuidoras","og_description":"Geraldo Campos Jr., Lais Carregosa e Marisa Wanzeller, da Ag\u00eancia iNFRA A Assembleia Geral da CCEE (C\u00e2mara de Comercializa\u00e7\u00e3o de Energia) elegeu os integrantes do novo Conselho de Administra\u00e7\u00e3o nesta quinta-feira (12), com disputa em tr\u00eas das quatro categorias do setor: gera\u00e7\u00e3o, comercializa\u00e7\u00e3o e consumo, disseram fontes. Apenas a distribui\u00e7\u00e3o n\u00e3o teve disputa e definiu [&hellip;]","og_url":"https:\/\/agenciainfra.com\/blog\/conselho-da-ccee-nome-ligado-ao-mme-ocupa-cadeira-das-distribuidoras\/","og_site_name":"Ag\u00eancia iNFRA","article_publisher":"https:\/\/www.facebook.com\/ageninfra","article_published_time":"2026-03-12T20:08:47+00:00","article_modified_time":"2026-03-13T19:28:12+00:00","og_image":[{"width":1280,"height":780,"url":"https:\/\/agenciainfra.com\/blog\/wp-content\/uploads\/2025\/11\/ccee-sede-foto-divulgacao-e1762169502514.jpg","type":"image\/jpeg"}],"author":"Ag\u00eancia iNFRA","twitter_card":"summary_large_image","twitter_creator":"@agencia_infra","twitter_site":"@agencia_infra","twitter_misc":{"Escrito por":"Ag\u00eancia iNFRA","Est. tempo de leitura":"1 minuto"},"schema":{"@context":"https:\/\/schema.org","@graph":[{"@type":"Article","@id":"https:\/\/agenciainfra.com\/blog\/conselho-da-ccee-nome-ligado-ao-mme-ocupa-cadeira-das-distribuidoras\/#article","isPartOf":{"@id":"https:\/\/agenciainfra.com\/blog\/conselho-da-ccee-nome-ligado-ao-mme-ocupa-cadeira-das-distribuidoras\/"},"author":{"name":"Ag\u00eancia iNFRA","@id":"https:\/\/agenciainfra.com\/blog\/#\/schema\/person\/34af08dff6adea4cb22b06612ba7acfa"},"headline":"Conselho da CCEE: Nome ligado ao MME ocupa cadeira das distribuidoras","datePublished":"2026-03-12T20:08:47+00:00","dateModified":"2026-03-13T19:28:12+00:00","mainEntityOfPage":{"@id":"https:\/\/agenciainfra.com\/blog\/conselho-da-ccee-nome-ligado-ao-mme-ocupa-cadeira-das-distribuidoras\/"},"wordCount":237,"publisher":{"@id":"https:\/\/agenciainfra.com\/blog\/#organization"},"image":{"@id":"https:\/\/agenciainfra.com\/blog\/conselho-da-ccee-nome-ligado-ao-mme-ocupa-cadeira-das-distribuidoras\/#primaryimage"},"thumbnailUrl":"https:\/\/agenciainfra.com\/blog\/wp-content\/uploads\/2025\/11\/ccee-sede-foto-divulgacao-e1762169502514.jpg","keywords":["Alexandre Silveira","ccee","comercializa\u00e7\u00e3o","conselho da CCEE","conselho de administra\u00e7\u00e3o","consumo","distribui\u00e7\u00e3o","elei\u00e7\u00e3o","gera\u00e7\u00e3o","Geraldo Campos Jr.","Lais Carregosa","Marisa Wanzeller","MME"],"articleSection":["Destaque lista","iNFRAEnergia"],"inLanguage":"pt-BR","copyrightYear":"2026","copyrightHolder":{"@id":"https:\/\/agenciainfra.com\/blog\/#organization"}},{"@type":"WebPage","@id":"https:\/\/agenciainfra.com\/blog\/conselho-da-ccee-nome-ligado-ao-mme-ocupa-cadeira-das-distribuidoras\/","url":"https:\/\/agenciainfra.com\/blog\/conselho-da-ccee-nome-ligado-ao-mme-ocupa-cadeira-das-distribuidoras\/","name":"Conselho da CCEE: Nome ligado ao MME ocupa cadeira das distribuidoras - Ag\u00eancia iNFRA","isPartOf":{"@id":"https:\/\/agenciainfra.com\/blog\/#website"},"primaryImageOfPage":{"@id":"https:\/\/agenciainfra.com\/blog\/conselho-da-ccee-nome-ligado-ao-mme-ocupa-cadeira-das-distribuidoras\/#primaryimage"},"image":{"@id":"https:\/\/agenciainfra.com\/blog\/conselho-da-ccee-nome-ligado-ao-mme-ocupa-cadeira-das-distribuidoras\/#primaryimage"},"thumbnailUrl":"https:\/\/agenciainfra.com\/blog\/wp-content\/uploads\/2025\/11\/ccee-sede-foto-divulgacao-e1762169502514.jpg","datePublished":"2026-03-12T20:08:47+00:00","dateModified":"2026-03-13T19:28:12+00:00","breadcrumb":{"@id":"https:\/\/agenciainfra.com\/blog\/conselho-da-ccee-nome-ligado-ao-mme-ocupa-cadeira-das-distribuidoras\/#breadcrumb"},"inLanguage":"pt-BR","potentialAction":[{"@type":"ReadAction","target":["https:\/\/agenciainfra.com\/blog\/conselho-da-ccee-nome-ligado-ao-mme-ocupa-cadeira-das-distribuidoras\/"]}]},{"@type":"ImageObject","inLanguage":"pt-BR","@id":"https:\/\/agenciainfra.com\/blog\/conselho-da-ccee-nome-ligado-ao-mme-ocupa-cadeira-das-distribuidoras\/#primaryimage","url":"https:\/\/agenciainfra.com\/blog\/wp-content\/uploads\/2025\/11\/ccee-sede-foto-divulgacao-e1762169502514.jpg","contentUrl":"https:\/\/agenciainfra.com\/blog\/wp-content\/uploads\/2025\/11\/ccee-sede-foto-divulgacao-e1762169502514.jpg","width":1280,"height":780,"caption":"Foto: Divulga\u00e7\u00e3o\/CCEE"},{"@type":"BreadcrumbList","@id":"https:\/\/agenciainfra.com\/blog\/conselho-da-ccee-nome-ligado-ao-mme-ocupa-cadeira-das-distribuidoras\/#breadcrumb","itemListElement":[{"@type":"ListItem","position":1,"name":"In\u00edcio","item":"https:\/\/agenciainfra.com\/blog\/"},{"@type":"ListItem","position":2,"name":"Conselho da CCEE: Nome ligado ao MME ocupa cadeira das distribuidoras"}]},{"@type":"WebSite","@id":"https:\/\/agenciainfra.com\/blog\/#website","url":"https:\/\/agenciainfra.com\/blog\/","name":"Ag\u00eancia iNFRA","description":"Multiplataforma de informa\u00e7\u00e3o jornal\u00edstica refer\u00eancia na \u00e1rea de infraestrutura no Brasil!","publisher":{"@id":"https:\/\/agenciainfra.com\/blog\/#organization"},"potentialAction":[{"@type":"SearchAction","target":{"@type":"EntryPoint","urlTemplate":"https:\/\/agenciainfra.com\/blog\/?s={search_term_string}"},"query-input":{"@type":"PropertyValueSpecification","valueRequired":true,"valueName":"search_term_string"}}],"inLanguage":"pt-BR"},{"@type":"Organization","@id":"https:\/\/agenciainfra.com\/blog\/#organization","name":"Ag\u00eancia iNFRA","url":"https:\/\/agenciainfra.com\/blog\/","logo":{"@type":"ImageObject","inLanguage":"pt-BR","@id":"https:\/\/agenciainfra.com\/blog\/#\/schema\/logo\/image\/","url":"https:\/\/agenciainfra.com\/blog\/wp-content\/uploads\/2023\/09\/iNFRA_5-e1761735885940.png","contentUrl":"https:\/\/agenciainfra.com\/blog\/wp-content\/uploads\/2023\/09\/iNFRA_5-e1761735885940.png","width":1672,"height":454,"caption":"Ag\u00eancia iNFRA"},"image":{"@id":"https:\/\/agenciainfra.com\/blog\/#\/schema\/logo\/image\/"},"sameAs":["https:\/\/www.facebook.com\/ageninfra","https:\/\/x.com\/agencia_infra","https:\/\/www.linkedin.com\/company\/ag\u00eanciainfra\/","https:\/\/www.instagram.com\/agenciainfra\/"]},{"@type":"Person","@id":"https:\/\/agenciainfra.com\/blog\/#\/schema\/person\/34af08dff6adea4cb22b06612ba7acfa","name":"Ag\u00eancia iNFRA","image":{"@type":"ImageObject","inLanguage":"pt-BR","@id":"https:\/\/agenciainfra.com\/blog\/#\/schema\/person\/image\/","url":"https:\/\/secure.gravatar.com\/avatar\/d189e01678f06d8eb84d4e01f08eb848b3fffe3f8443818d3c356c66892f5be8?s=96&d=mm&r=g","contentUrl":"https:\/\/secure.gravatar.com\/avatar\/d189e01678f06d8eb84d4e01f08eb848b3fffe3f8443818d3c356c66892f5be8?s=96&d=mm&r=g","caption":"Ag\u00eancia iNFRA"},"url":"https:\/\/agenciainfra.com\/blog\/author\/admin\/"}]}},"_links":{"self":[{"href":"https:\/\/agenciainfra.com\/blog\/wp-json\/wp\/v2\/posts\/37733","targetHints":{"allow":["GET"]}}],"collection":[{"href":"https:\/\/agenciainfra.com\/blog\/wp-json\/wp\/v2\/posts"}],"about":[{"href":"https:\/\/agenciainfra.com\/blog\/wp-json\/wp\/v2\/types\/post"}],"author":[{"embeddable":true,"href":"https:\/\/agenciainfra.com\/blog\/wp-json\/wp\/v2\/users\/1"}],"replies":[{"embeddable":true,"href":"https:\/\/agenciainfra.com\/blog\/wp-json\/wp\/v2\/comments?post=37733"}],"version-history":[{"count":1,"href":"https:\/\/agenciainfra.com\/blog\/wp-json\/wp\/v2\/posts\/37733\/revisions"}],"predecessor-version":[{"id":37734,"href":"https:\/\/agenciainfra.com\/blog\/wp-json\/wp\/v2\/posts\/37733\/revisions\/37734"}],"wp:featuredmedia":[{"embeddable":true,"href":"https:\/\/agenciainfra.com\/blog\/wp-json\/wp\/v2\/media\/31336"}],"wp:attachment":[{"href":"https:\/\/agenciainfra.com\/blog\/wp-json\/wp\/v2\/media?parent=37733"}],"wp:term":[{"taxonomy":"category","embeddable":true,"href":"https:\/\/agenciainfra.com\/blog\/wp-json\/wp\/v2\/categories?post=37733"},{"taxonomy":"post_tag","embeddable":true,"href":"https:\/\/agenciainfra.com\/blog\/wp-json\/wp\/v2\/tags?post=37733"}],"curies":[{"name":"wp","href":"https:\/\/api.w.org\/{rel}","templated":true}]}}