{"id":37735,"date":"2026-03-12T22:04:34","date_gmt":"2026-03-13T01:04:34","guid":{"rendered":"https:\/\/agenciainfra.com\/blog\/?p=37735"},"modified":"2026-03-13T19:21:01","modified_gmt":"2026-03-13T22:21:01","slug":"petrobras-adere-a-subvencao-economica-a-comercializacao-de-diesel","status":"publish","type":"post","link":"https:\/\/agenciainfra.com\/blog\/petrobras-adere-a-subvencao-economica-a-comercializacao-de-diesel\/","title":{"rendered":"Petrobras adere \u00e0 subven\u00e7\u00e3o econ\u00f4mica \u00e0 comercializa\u00e7\u00e3o de diesel\u00a0"},"content":{"rendered":"\n<p class=\"has-text-align-right\"><strong>da Ag\u00eancia iNFRA<\/strong><\/p>\n\n\n\n<p>A Petrobras informou, na noite desta quinta-feira (12), que seu conselho de administra\u00e7\u00e3o aprovou a ades\u00e3o da companhia ao programa de subven\u00e7\u00e3o econ\u00f4mica \u00e0 comercializa\u00e7\u00e3o de \u00f3leo diesel rodovi\u00e1rio, criado pela <a href=\"https:\/\/legislacao.presidencia.gov.br\/atos\/?tipo=MPV&amp;numero=1340&amp;ano=2026&amp;ato=1ccQTR610djpWT3d9\">MP (Medida Provis\u00f3ria) 1.340\/2026<\/a>.&nbsp;<\/p>\n\n\n\n<p>Assinada pelo presidente Lula nesta quinta, a medida estabelece uma subven\u00e7\u00e3o de R$ 0,32 por litro para produtores e importadores de diesel, que dever\u00e3o repassar o benef\u00edcio aos consumidores.&nbsp;<\/p>\n\n\n\n<p>Segundo a estatal, a decis\u00e3o de participa\u00e7\u00e3o foi tomada \u201cdiante do car\u00e1ter facultativo do programa e do potencial benef\u00edcio adicional\u201d. A assinatura do termo de ades\u00e3o, no entanto, ainda depende da publica\u00e7\u00e3o e da an\u00e1lise das normas que ser\u00e3o editadas pela ANP (Ag\u00eancia Nacional do Petr\u00f3leo, G\u00e1s Natural e Biocombust\u00edveis) para regulamentar o pre\u00e7o de refer\u00eancia utilizado no mecanismo.<\/p>\n\n\n\n<p>A Petrobras afirmou que continuar\u00e1 considerando fatores como participa\u00e7\u00e3o no mercado, otimiza\u00e7\u00e3o de ativos de refino e rentabilidade na defini\u00e7\u00e3o de sua pol\u00edtica de pre\u00e7os, e reiterou que busca evitar o \u201crepasse para os pre\u00e7os internos da volatilidade conjuntural das cota\u00e7\u00f5es internacionais e da taxa de c\u00e2mbio\u201d.<\/p>\n","protected":false},"excerpt":{"rendered":"<p>da Ag\u00eancia iNFRA A Petrobras informou, na noite desta quinta-feira (12), que seu conselho de administra\u00e7\u00e3o aprovou a ades\u00e3o da companhia ao programa de subven\u00e7\u00e3o econ\u00f4mica \u00e0 comercializa\u00e7\u00e3o de \u00f3leo diesel rodovi\u00e1rio, criado pela MP (Medida Provis\u00f3ria) 1.340\/2026.&nbsp; Assinada pelo presidente Lula nesta quinta, a medida estabelece uma subven\u00e7\u00e3o de R$ 0,32 por litro para [&hellip;]<\/p>\n","protected":false},"author":1,"featured_media":10732,"comment_status":"closed","ping_status":"closed","sticky":false,"template":"","format":"standard","meta":{"_monsterinsights_skip_tracking":false,"_monsterinsights_sitenote_active":false,"_monsterinsights_sitenote_note":"","_monsterinsights_sitenote_category":0,"footnotes":""},"categories":[7250,13271],"tags":[1101,315,580,18912,143,18199,18911],"class_list":["post-37735","post","type-post","status-publish","format-standard","has-post-thumbnail","hentry","category-destaque-lista","category-oleo-gas","tag-anp","tag-diesel","tag-lula","tag-mp-1-340","tag-petrobras","tag-preco-do-combustivel","tag-subvencao"],"yoast_head":"<!-- This site is optimized with the Yoast SEO Premium plugin v25.4 (Yoast SEO v26.0) - https:\/\/yoast.com\/wordpress\/plugins\/seo\/ -->\n<title>Petrobras adere \u00e0 subven\u00e7\u00e3o econ\u00f4mica \u00e0 comercializa\u00e7\u00e3o de diesel\u00a0 - Ag\u00eancia iNFRA<\/title>\n<meta name=\"robots\" content=\"index, follow, max-snippet:-1, max-image-preview:large, max-video-preview:-1\" \/>\n<link rel=\"canonical\" href=\"https:\/\/agenciainfra.com\/blog\/petrobras-adere-a-subvencao-economica-a-comercializacao-de-diesel\/\" \/>\n<meta property=\"og:locale\" content=\"pt_BR\" \/>\n<meta property=\"og:type\" content=\"article\" \/>\n<meta property=\"og:title\" content=\"Petrobras adere \u00e0 subven\u00e7\u00e3o econ\u00f4mica \u00e0 comercializa\u00e7\u00e3o de diesel\u00a0\" \/>\n<meta property=\"og:description\" content=\"da Ag\u00eancia iNFRA A Petrobras informou, na noite desta quinta-feira (12), que seu conselho de administra\u00e7\u00e3o aprovou a ades\u00e3o da companhia ao programa de subven\u00e7\u00e3o econ\u00f4mica \u00e0 comercializa\u00e7\u00e3o de \u00f3leo diesel rodovi\u00e1rio, criado pela MP (Medida Provis\u00f3ria) 1.340\/2026.&nbsp; Assinada pelo presidente Lula nesta quinta, a medida estabelece uma subven\u00e7\u00e3o de R$ 0,32 por litro para [&hellip;]\" \/>\n<meta property=\"og:url\" content=\"https:\/\/agenciainfra.com\/blog\/petrobras-adere-a-subvencao-economica-a-comercializacao-de-diesel\/\" \/>\n<meta property=\"og:site_name\" content=\"Ag\u00eancia iNFRA\" \/>\n<meta property=\"article:publisher\" content=\"https:\/\/www.facebook.com\/ageninfra\" \/>\n<meta property=\"article:published_time\" content=\"2026-03-13T01:04:34+00:00\" \/>\n<meta property=\"article:modified_time\" content=\"2026-03-13T22:21:01+00:00\" \/>\n<meta property=\"og:image\" content=\"https:\/\/agenciainfra.com\/blog\/wp-content\/uploads\/2022\/06\/petrobras-foto-tania-rego-agencia-brasil.png\" \/>\n\t<meta property=\"og:image:width\" content=\"1280\" \/>\n\t<meta property=\"og:image:height\" content=\"768\" \/>\n\t<meta property=\"og:image:type\" content=\"image\/png\" \/>\n<meta name=\"author\" content=\"Ag\u00eancia iNFRA\" \/>\n<meta name=\"twitter:card\" content=\"summary_large_image\" \/>\n<meta name=\"twitter:creator\" content=\"@agencia_infra\" \/>\n<meta name=\"twitter:site\" content=\"@agencia_infra\" \/>\n<meta name=\"twitter:label1\" content=\"Escrito por\" \/>\n\t<meta name=\"twitter:data1\" content=\"Ag\u00eancia iNFRA\" \/>\n\t<meta name=\"twitter:label2\" content=\"Est. tempo de leitura\" \/>\n\t<meta name=\"twitter:data2\" content=\"1 minuto\" \/>\n<script type=\"application\/ld+json\" class=\"yoast-schema-graph\">{\"@context\":\"https:\/\/schema.org\",\"@graph\":[{\"@type\":\"Article\",\"@id\":\"https:\/\/agenciainfra.com\/blog\/petrobras-adere-a-subvencao-economica-a-comercializacao-de-diesel\/#article\",\"isPartOf\":{\"@id\":\"https:\/\/agenciainfra.com\/blog\/petrobras-adere-a-subvencao-economica-a-comercializacao-de-diesel\/\"},\"author\":{\"name\":\"Ag\u00eancia iNFRA\",\"@id\":\"https:\/\/agenciainfra.com\/blog\/#\/schema\/person\/34af08dff6adea4cb22b06612ba7acfa\"},\"headline\":\"Petrobras adere \u00e0 subven\u00e7\u00e3o econ\u00f4mica \u00e0 comercializa\u00e7\u00e3o de diesel\u00a0\",\"datePublished\":\"2026-03-13T01:04:34+00:00\",\"dateModified\":\"2026-03-13T22:21:01+00:00\",\"mainEntityOfPage\":{\"@id\":\"https:\/\/agenciainfra.com\/blog\/petrobras-adere-a-subvencao-economica-a-comercializacao-de-diesel\/\"},\"wordCount\":214,\"publisher\":{\"@id\":\"https:\/\/agenciainfra.com\/blog\/#organization\"},\"image\":{\"@id\":\"https:\/\/agenciainfra.com\/blog\/petrobras-adere-a-subvencao-economica-a-comercializacao-de-diesel\/#primaryimage\"},\"thumbnailUrl\":\"https:\/\/agenciainfra.com\/blog\/wp-content\/uploads\/2022\/06\/petrobras-foto-tania-rego-agencia-brasil.png\",\"keywords\":[\"ANP\",\"diesel\",\"Lula\",\"MP 1.340\",\"Petrobras\",\"pre\u00e7o do combust\u00edvel\",\"subven\u00e7\u00e3o\"],\"articleSection\":[\"Destaque lista\",\"\u00d3leo &amp; G\u00e1s\"],\"inLanguage\":\"pt-BR\",\"copyrightYear\":\"2026\",\"copyrightHolder\":{\"@id\":\"https:\/\/agenciainfra.com\/blog\/#organization\"}},{\"@type\":\"WebPage\",\"@id\":\"https:\/\/agenciainfra.com\/blog\/petrobras-adere-a-subvencao-economica-a-comercializacao-de-diesel\/\",\"url\":\"https:\/\/agenciainfra.com\/blog\/petrobras-adere-a-subvencao-economica-a-comercializacao-de-diesel\/\",\"name\":\"Petrobras adere \u00e0 subven\u00e7\u00e3o econ\u00f4mica \u00e0 comercializa\u00e7\u00e3o de diesel\u00a0 - Ag\u00eancia iNFRA\",\"isPartOf\":{\"@id\":\"https:\/\/agenciainfra.com\/blog\/#website\"},\"primaryImageOfPage\":{\"@id\":\"https:\/\/agenciainfra.com\/blog\/petrobras-adere-a-subvencao-economica-a-comercializacao-de-diesel\/#primaryimage\"},\"image\":{\"@id\":\"https:\/\/agenciainfra.com\/blog\/petrobras-adere-a-subvencao-economica-a-comercializacao-de-diesel\/#primaryimage\"},\"thumbnailUrl\":\"https:\/\/agenciainfra.com\/blog\/wp-content\/uploads\/2022\/06\/petrobras-foto-tania-rego-agencia-brasil.png\",\"datePublished\":\"2026-03-13T01:04:34+00:00\",\"dateModified\":\"2026-03-13T22:21:01+00:00\",\"breadcrumb\":{\"@id\":\"https:\/\/agenciainfra.com\/blog\/petrobras-adere-a-subvencao-economica-a-comercializacao-de-diesel\/#breadcrumb\"},\"inLanguage\":\"pt-BR\",\"potentialAction\":[{\"@type\":\"ReadAction\",\"target\":[\"https:\/\/agenciainfra.com\/blog\/petrobras-adere-a-subvencao-economica-a-comercializacao-de-diesel\/\"]}]},{\"@type\":\"ImageObject\",\"inLanguage\":\"pt-BR\",\"@id\":\"https:\/\/agenciainfra.com\/blog\/petrobras-adere-a-subvencao-economica-a-comercializacao-de-diesel\/#primaryimage\",\"url\":\"https:\/\/agenciainfra.com\/blog\/wp-content\/uploads\/2022\/06\/petrobras-foto-tania-rego-agencia-brasil.png\",\"contentUrl\":\"https:\/\/agenciainfra.com\/blog\/wp-content\/uploads\/2022\/06\/petrobras-foto-tania-rego-agencia-brasil.png\",\"width\":1280,\"height\":768,\"caption\":\"Foto: T\u00e2nia R\u00eago\/Ag\u00eancia Brasil\"},{\"@type\":\"BreadcrumbList\",\"@id\":\"https:\/\/agenciainfra.com\/blog\/petrobras-adere-a-subvencao-economica-a-comercializacao-de-diesel\/#breadcrumb\",\"itemListElement\":[{\"@type\":\"ListItem\",\"position\":1,\"name\":\"In\u00edcio\",\"item\":\"https:\/\/agenciainfra.com\/blog\/\"},{\"@type\":\"ListItem\",\"position\":2,\"name\":\"Petrobras adere \u00e0 subven\u00e7\u00e3o econ\u00f4mica \u00e0 comercializa\u00e7\u00e3o de diesel\u00a0\"}]},{\"@type\":\"WebSite\",\"@id\":\"https:\/\/agenciainfra.com\/blog\/#website\",\"url\":\"https:\/\/agenciainfra.com\/blog\/\",\"name\":\"Ag\u00eancia iNFRA\",\"description\":\"Multiplataforma de informa\u00e7\u00e3o jornal\u00edstica refer\u00eancia na \u00e1rea de infraestrutura no Brasil!\",\"publisher\":{\"@id\":\"https:\/\/agenciainfra.com\/blog\/#organization\"},\"potentialAction\":[{\"@type\":\"SearchAction\",\"target\":{\"@type\":\"EntryPoint\",\"urlTemplate\":\"https:\/\/agenciainfra.com\/blog\/?s={search_term_string}\"},\"query-input\":{\"@type\":\"PropertyValueSpecification\",\"valueRequired\":true,\"valueName\":\"search_term_string\"}}],\"inLanguage\":\"pt-BR\"},{\"@type\":\"Organization\",\"@id\":\"https:\/\/agenciainfra.com\/blog\/#organization\",\"name\":\"Ag\u00eancia iNFRA\",\"url\":\"https:\/\/agenciainfra.com\/blog\/\",\"logo\":{\"@type\":\"ImageObject\",\"inLanguage\":\"pt-BR\",\"@id\":\"https:\/\/agenciainfra.com\/blog\/#\/schema\/logo\/image\/\",\"url\":\"https:\/\/agenciainfra.com\/blog\/wp-content\/uploads\/2023\/09\/iNFRA_5-e1761735885940.png\",\"contentUrl\":\"https:\/\/agenciainfra.com\/blog\/wp-content\/uploads\/2023\/09\/iNFRA_5-e1761735885940.png\",\"width\":1672,\"height\":454,\"caption\":\"Ag\u00eancia iNFRA\"},\"image\":{\"@id\":\"https:\/\/agenciainfra.com\/blog\/#\/schema\/logo\/image\/\"},\"sameAs\":[\"https:\/\/www.facebook.com\/ageninfra\",\"https:\/\/x.com\/agencia_infra\",\"https:\/\/www.linkedin.com\/company\/ag\u00eanciainfra\/\",\"https:\/\/www.instagram.com\/agenciainfra\/\"]},{\"@type\":\"Person\",\"@id\":\"https:\/\/agenciainfra.com\/blog\/#\/schema\/person\/34af08dff6adea4cb22b06612ba7acfa\",\"name\":\"Ag\u00eancia iNFRA\",\"image\":{\"@type\":\"ImageObject\",\"inLanguage\":\"pt-BR\",\"@id\":\"https:\/\/agenciainfra.com\/blog\/#\/schema\/person\/image\/\",\"url\":\"https:\/\/secure.gravatar.com\/avatar\/d189e01678f06d8eb84d4e01f08eb848b3fffe3f8443818d3c356c66892f5be8?s=96&d=mm&r=g\",\"contentUrl\":\"https:\/\/secure.gravatar.com\/avatar\/d189e01678f06d8eb84d4e01f08eb848b3fffe3f8443818d3c356c66892f5be8?s=96&d=mm&r=g\",\"caption\":\"Ag\u00eancia iNFRA\"},\"url\":\"https:\/\/agenciainfra.com\/blog\/author\/admin\/\"}]}<\/script>\n<!-- \/ Yoast SEO Premium plugin. -->","yoast_head_json":{"title":"Petrobras adere \u00e0 subven\u00e7\u00e3o econ\u00f4mica \u00e0 comercializa\u00e7\u00e3o de diesel\u00a0 - Ag\u00eancia iNFRA","robots":{"index":"index","follow":"follow","max-snippet":"max-snippet:-1","max-image-preview":"max-image-preview:large","max-video-preview":"max-video-preview:-1"},"canonical":"https:\/\/agenciainfra.com\/blog\/petrobras-adere-a-subvencao-economica-a-comercializacao-de-diesel\/","og_locale":"pt_BR","og_type":"article","og_title":"Petrobras adere \u00e0 subven\u00e7\u00e3o econ\u00f4mica \u00e0 comercializa\u00e7\u00e3o de diesel\u00a0","og_description":"da Ag\u00eancia iNFRA A Petrobras informou, na noite desta quinta-feira (12), que seu conselho de administra\u00e7\u00e3o aprovou a ades\u00e3o da companhia ao programa de subven\u00e7\u00e3o econ\u00f4mica \u00e0 comercializa\u00e7\u00e3o de \u00f3leo diesel rodovi\u00e1rio, criado pela MP (Medida Provis\u00f3ria) 1.340\/2026.&nbsp; Assinada pelo presidente Lula nesta quinta, a medida estabelece uma subven\u00e7\u00e3o de R$ 0,32 por litro para [&hellip;]","og_url":"https:\/\/agenciainfra.com\/blog\/petrobras-adere-a-subvencao-economica-a-comercializacao-de-diesel\/","og_site_name":"Ag\u00eancia iNFRA","article_publisher":"https:\/\/www.facebook.com\/ageninfra","article_published_time":"2026-03-13T01:04:34+00:00","article_modified_time":"2026-03-13T22:21:01+00:00","og_image":[{"width":1280,"height":768,"url":"https:\/\/agenciainfra.com\/blog\/wp-content\/uploads\/2022\/06\/petrobras-foto-tania-rego-agencia-brasil.png","type":"image\/png"}],"author":"Ag\u00eancia iNFRA","twitter_card":"summary_large_image","twitter_creator":"@agencia_infra","twitter_site":"@agencia_infra","twitter_misc":{"Escrito por":"Ag\u00eancia iNFRA","Est. tempo de leitura":"1 minuto"},"schema":{"@context":"https:\/\/schema.org","@graph":[{"@type":"Article","@id":"https:\/\/agenciainfra.com\/blog\/petrobras-adere-a-subvencao-economica-a-comercializacao-de-diesel\/#article","isPartOf":{"@id":"https:\/\/agenciainfra.com\/blog\/petrobras-adere-a-subvencao-economica-a-comercializacao-de-diesel\/"},"author":{"name":"Ag\u00eancia iNFRA","@id":"https:\/\/agenciainfra.com\/blog\/#\/schema\/person\/34af08dff6adea4cb22b06612ba7acfa"},"headline":"Petrobras adere \u00e0 subven\u00e7\u00e3o econ\u00f4mica \u00e0 comercializa\u00e7\u00e3o de diesel\u00a0","datePublished":"2026-03-13T01:04:34+00:00","dateModified":"2026-03-13T22:21:01+00:00","mainEntityOfPage":{"@id":"https:\/\/agenciainfra.com\/blog\/petrobras-adere-a-subvencao-economica-a-comercializacao-de-diesel\/"},"wordCount":214,"publisher":{"@id":"https:\/\/agenciainfra.com\/blog\/#organization"},"image":{"@id":"https:\/\/agenciainfra.com\/blog\/petrobras-adere-a-subvencao-economica-a-comercializacao-de-diesel\/#primaryimage"},"thumbnailUrl":"https:\/\/agenciainfra.com\/blog\/wp-content\/uploads\/2022\/06\/petrobras-foto-tania-rego-agencia-brasil.png","keywords":["ANP","diesel","Lula","MP 1.340","Petrobras","pre\u00e7o do combust\u00edvel","subven\u00e7\u00e3o"],"articleSection":["Destaque lista","\u00d3leo &amp; G\u00e1s"],"inLanguage":"pt-BR","copyrightYear":"2026","copyrightHolder":{"@id":"https:\/\/agenciainfra.com\/blog\/#organization"}},{"@type":"WebPage","@id":"https:\/\/agenciainfra.com\/blog\/petrobras-adere-a-subvencao-economica-a-comercializacao-de-diesel\/","url":"https:\/\/agenciainfra.com\/blog\/petrobras-adere-a-subvencao-economica-a-comercializacao-de-diesel\/","name":"Petrobras adere \u00e0 subven\u00e7\u00e3o econ\u00f4mica \u00e0 comercializa\u00e7\u00e3o de diesel\u00a0 - Ag\u00eancia iNFRA","isPartOf":{"@id":"https:\/\/agenciainfra.com\/blog\/#website"},"primaryImageOfPage":{"@id":"https:\/\/agenciainfra.com\/blog\/petrobras-adere-a-subvencao-economica-a-comercializacao-de-diesel\/#primaryimage"},"image":{"@id":"https:\/\/agenciainfra.com\/blog\/petrobras-adere-a-subvencao-economica-a-comercializacao-de-diesel\/#primaryimage"},"thumbnailUrl":"https:\/\/agenciainfra.com\/blog\/wp-content\/uploads\/2022\/06\/petrobras-foto-tania-rego-agencia-brasil.png","datePublished":"2026-03-13T01:04:34+00:00","dateModified":"2026-03-13T22:21:01+00:00","breadcrumb":{"@id":"https:\/\/agenciainfra.com\/blog\/petrobras-adere-a-subvencao-economica-a-comercializacao-de-diesel\/#breadcrumb"},"inLanguage":"pt-BR","potentialAction":[{"@type":"ReadAction","target":["https:\/\/agenciainfra.com\/blog\/petrobras-adere-a-subvencao-economica-a-comercializacao-de-diesel\/"]}]},{"@type":"ImageObject","inLanguage":"pt-BR","@id":"https:\/\/agenciainfra.com\/blog\/petrobras-adere-a-subvencao-economica-a-comercializacao-de-diesel\/#primaryimage","url":"https:\/\/agenciainfra.com\/blog\/wp-content\/uploads\/2022\/06\/petrobras-foto-tania-rego-agencia-brasil.png","contentUrl":"https:\/\/agenciainfra.com\/blog\/wp-content\/uploads\/2022\/06\/petrobras-foto-tania-rego-agencia-brasil.png","width":1280,"height":768,"caption":"Foto: T\u00e2nia R\u00eago\/Ag\u00eancia Brasil"},{"@type":"BreadcrumbList","@id":"https:\/\/agenciainfra.com\/blog\/petrobras-adere-a-subvencao-economica-a-comercializacao-de-diesel\/#breadcrumb","itemListElement":[{"@type":"ListItem","position":1,"name":"In\u00edcio","item":"https:\/\/agenciainfra.com\/blog\/"},{"@type":"ListItem","position":2,"name":"Petrobras adere \u00e0 subven\u00e7\u00e3o econ\u00f4mica \u00e0 comercializa\u00e7\u00e3o de diesel\u00a0"}]},{"@type":"WebSite","@id":"https:\/\/agenciainfra.com\/blog\/#website","url":"https:\/\/agenciainfra.com\/blog\/","name":"Ag\u00eancia iNFRA","description":"Multiplataforma de informa\u00e7\u00e3o jornal\u00edstica refer\u00eancia na \u00e1rea de infraestrutura no Brasil!","publisher":{"@id":"https:\/\/agenciainfra.com\/blog\/#organization"},"potentialAction":[{"@type":"SearchAction","target":{"@type":"EntryPoint","urlTemplate":"https:\/\/agenciainfra.com\/blog\/?s={search_term_string}"},"query-input":{"@type":"PropertyValueSpecification","valueRequired":true,"valueName":"search_term_string"}}],"inLanguage":"pt-BR"},{"@type":"Organization","@id":"https:\/\/agenciainfra.com\/blog\/#organization","name":"Ag\u00eancia iNFRA","url":"https:\/\/agenciainfra.com\/blog\/","logo":{"@type":"ImageObject","inLanguage":"pt-BR","@id":"https:\/\/agenciainfra.com\/blog\/#\/schema\/logo\/image\/","url":"https:\/\/agenciainfra.com\/blog\/wp-content\/uploads\/2023\/09\/iNFRA_5-e1761735885940.png","contentUrl":"https:\/\/agenciainfra.com\/blog\/wp-content\/uploads\/2023\/09\/iNFRA_5-e1761735885940.png","width":1672,"height":454,"caption":"Ag\u00eancia iNFRA"},"image":{"@id":"https:\/\/agenciainfra.com\/blog\/#\/schema\/logo\/image\/"},"sameAs":["https:\/\/www.facebook.com\/ageninfra","https:\/\/x.com\/agencia_infra","https:\/\/www.linkedin.com\/company\/ag\u00eanciainfra\/","https:\/\/www.instagram.com\/agenciainfra\/"]},{"@type":"Person","@id":"https:\/\/agenciainfra.com\/blog\/#\/schema\/person\/34af08dff6adea4cb22b06612ba7acfa","name":"Ag\u00eancia iNFRA","image":{"@type":"ImageObject","inLanguage":"pt-BR","@id":"https:\/\/agenciainfra.com\/blog\/#\/schema\/person\/image\/","url":"https:\/\/secure.gravatar.com\/avatar\/d189e01678f06d8eb84d4e01f08eb848b3fffe3f8443818d3c356c66892f5be8?s=96&d=mm&r=g","contentUrl":"https:\/\/secure.gravatar.com\/avatar\/d189e01678f06d8eb84d4e01f08eb848b3fffe3f8443818d3c356c66892f5be8?s=96&d=mm&r=g","caption":"Ag\u00eancia iNFRA"},"url":"https:\/\/agenciainfra.com\/blog\/author\/admin\/"}]}},"_links":{"self":[{"href":"https:\/\/agenciainfra.com\/blog\/wp-json\/wp\/v2\/posts\/37735","targetHints":{"allow":["GET"]}}],"collection":[{"href":"https:\/\/agenciainfra.com\/blog\/wp-json\/wp\/v2\/posts"}],"about":[{"href":"https:\/\/agenciainfra.com\/blog\/wp-json\/wp\/v2\/types\/post"}],"author":[{"embeddable":true,"href":"https:\/\/agenciainfra.com\/blog\/wp-json\/wp\/v2\/users\/1"}],"replies":[{"embeddable":true,"href":"https:\/\/agenciainfra.com\/blog\/wp-json\/wp\/v2\/comments?post=37735"}],"version-history":[{"count":1,"href":"https:\/\/agenciainfra.com\/blog\/wp-json\/wp\/v2\/posts\/37735\/revisions"}],"predecessor-version":[{"id":37736,"href":"https:\/\/agenciainfra.com\/blog\/wp-json\/wp\/v2\/posts\/37735\/revisions\/37736"}],"wp:featuredmedia":[{"embeddable":true,"href":"https:\/\/agenciainfra.com\/blog\/wp-json\/wp\/v2\/media\/10732"}],"wp:attachment":[{"href":"https:\/\/agenciainfra.com\/blog\/wp-json\/wp\/v2\/media?parent=37735"}],"wp:term":[{"taxonomy":"category","embeddable":true,"href":"https:\/\/agenciainfra.com\/blog\/wp-json\/wp\/v2\/categories?post=37735"},{"taxonomy":"post_tag","embeddable":true,"href":"https:\/\/agenciainfra.com\/blog\/wp-json\/wp\/v2\/tags?post=37735"}],"curies":[{"name":"wp","href":"https:\/\/api.w.org\/{rel}","templated":true}]}}