{"id":37737,"date":"2026-03-13T09:37:02","date_gmt":"2026-03-13T12:37:02","guid":{"rendered":"https:\/\/agenciainfra.com\/blog\/?p=37737"},"modified":"2026-03-16T11:23:57","modified_gmt":"2026-03-16T14:23:57","slug":"antaq-aprova-novos-arrendamentos-nos-portos-de-salvador-e-fortaleza","status":"publish","type":"post","link":"https:\/\/agenciainfra.com\/blog\/antaq-aprova-novos-arrendamentos-nos-portos-de-salvador-e-fortaleza\/","title":{"rendered":"ANTAQ aprova novos arrendamentos nos portos de Salvador e Fortaleza"},"content":{"rendered":"\n<p class=\"has-text-align-right\"><strong>Mar\u00edlia Sena, da Ag\u00eancia iNFRA<\/strong><\/p>\n\n\n\n<p>A ANTAQ (Ag\u00eancia Nacional de Transportes Aquavi\u00e1rios) aprovou, durante a reuni\u00e3o de colegiado desta quinta-feira (12), o processo licitat\u00f3rio de arrendamento simplificado de \u00e1reas nos portos de Salvador e Fortaleza. Em Salvador, a \u00e1rea SSDA3 \u00e9 destinada \u00e0 movimenta\u00e7\u00e3o e armazenagem de cargas gerais n\u00e3o conteinerizadas, como produtos qu\u00edmicos inorg\u00e2nicos e fertilizantes ensacados, explicou a relatora do processo, a diretora substituta Cristina Castro.<br><br>O valor previsto para o contrato \u00e9 de R$ 39,1 milh\u00f5es, no prazo de dez anos. O investimento estimado \u00e9 de R$ 6,3 milh\u00f5es para a recupera\u00e7\u00e3o e moderniza\u00e7\u00e3o dos armaz\u00e9ns existentes, al\u00e9m da aquisi\u00e7\u00e3o de novos equipamentos para a movimenta\u00e7\u00e3o e armazenagem das cargas.<br><br>Em Fortaleza, a \u00e1rea prevista para arrendamento \u00e9 a MUC05, destinada \u00e0 movimenta\u00e7\u00e3o de gran\u00e9is s\u00f3lidos minerais, especialmente coque de petr\u00f3leo. A previs\u00e3o de contrato para o empreendimento greenfield \u00e9 de 25 anos, com investimento estimado em R$ 48 milh\u00f5es em obras. No entanto, o arrendamento em Fortaleza precisar\u00e1 passar por consulta p\u00fablica \u2013 medida dispensada para o empreendimento em Salvador.<br><br><strong>Contesta\u00e7\u00f5es<\/strong><br>A diretoria da ANTAQ tamb\u00e9m rejeitou um pedido de reconsidera\u00e7\u00e3o apresentado pela Centronave (Centro de Navega\u00e7\u00e3o Transatl\u00e2ntico) contra a Resolu\u00e7\u00e3o 112\/2024, que estabelece crit\u00e9rios para identificar qual agente da cadeia log\u00edstica deve arcar com os custos adicionais de armazenagem de cont\u00eaineres quando h\u00e1 atrasos no embarque ou na retirada de mercadorias nos portos.<br><br>O Centronave solicitou que a resolu\u00e7\u00e3o considere hip\u00f3teses de exclus\u00e3o de responsabilidade dos armadores em situa\u00e7\u00f5es de for\u00e7a maior. Relator do processo, o diretor Lima Filho afirmou que a resolu\u00e7\u00e3o foi submetida \u00e0 consulta p\u00fablica, \u201camplamente debatida com o setor\u201d, e analisada juridicamente pela \u00e1rea t\u00e9cnica da ag\u00eancia. Segundo ele, os argumentos apresentados pela Centronave n\u00e3o foram suficientes para justificar a revis\u00e3o da norma.<br><br>Em outro processo analisado pelo colegiado, a diretoria reconheceu uma den\u00fancia apresentada pela Bandeirantes Deicmar Log\u00edstica contra a BTP\u00a0(Brasil Terminal Portu\u00e1rio), acerca de suposta cobran\u00e7a irregular por rotulagem de cont\u00eainer contendo carga IMO (cargas perigosas), mas decidiu encaminhar o caso para apura\u00e7\u00e3o pela Superintend\u00eancia de Fiscaliza\u00e7\u00e3o da ag\u00eancia.\u00a0<br><br>Os diretores tamb\u00e9m recusaram\u00a0cautelar sobre cobran\u00e7a de demurrage e encaminharam o caso para an\u00e1lise da \u00e1rea t\u00e9cnica da ag\u00eancia num conflito\u00a0entre as empresas Shipmasters International Freight Agenciamento de Frete LTDA, denunciante, e Pelican Integrated Logistics Representa\u00e7\u00f5es e Transportes Internacionais Ltda.,\u00a0denunciada.<br><br><strong>Autoriza\u00e7\u00e3o especial<\/strong><br>Sob cr\u00edticas, foi autorizada\u00a0a solicita\u00e7\u00e3o especial para a movimenta\u00e7\u00e3o e\/ou armazenagem de cargas da empresa 3R Potiguar, no Porto de Natal (RN). O relator, Lima Filho, ressaltou que, em tr\u00eas anos, \u00e9 a s\u00e9tima vez que a ANTAQ concede esse tipo de autoriza\u00e7\u00e3o e chamou a aten\u00e7\u00e3o para a falta da certid\u00e3o que comprova o direito de uso da \u00e1rea molhada, apesar da regulariza\u00e7\u00e3o do terminal. Ele afirmou que s\u00e3o\u00a0de conhecimento do colegiado as dificuldades perante a SPU (Secretaria do Patrim\u00f4nio da Uni\u00e3o) para a obten\u00e7\u00e3o do documento.<br><br>O diretor Alber Vasconcelos enfatizou os destaques do relator Lima Filho. \u201cEm tr\u00eas anos j\u00e1 \u00e9 a s\u00e9tima autoriza\u00e7\u00e3o que n\u00f3s damos e n\u00e3o se resolve absolutamente nada junto \u00e0 SPU [&#8230;] Acho que \u00e9 o tipo de informa\u00e7\u00e3o que eu gostaria de levar ao MPor (Minist\u00e9rio de Portos e Aeroportos) na forma de poder concedente\u201d, afirmou.<br><br>O diretor-geral, Frederico Dias, afirmou que o assunto est\u00e1 endere\u00e7ado no \u00e2mbito da legisla\u00e7\u00e3o do Navegue Simples e que a discuss\u00e3o \u00e9 que a ANTAQ sinalize a prioriza\u00e7\u00e3o de como a autarquia pode fornecer os elementos para agilizar a aprecia\u00e7\u00e3o da SPU. \u201cUma vez que a SPU disp\u00f5e de v\u00e1rios casos para serem analisados, mas n\u00e3o consegue ter as informa\u00e7\u00f5es suficientes para saber como prioriz\u00e1-los\u201d, afirmou.<br><br><strong>Agenda plurianual<\/strong><br>Os diretores tamb\u00e9m aprovaram o relat\u00f3rio de execu\u00e7\u00e3o de 2025 e propostas de altera\u00e7\u00f5es da Agenda Plurianual de estudos da ANTAQ 2025\/2028. O relator, diretor-geral Frederico Dias, ressaltou que os estudos perpassam as condi\u00e7\u00f5es dos acessos terrestres e aquavi\u00e1rios; custos, receitas e despesas da opera\u00e7\u00e3o portu\u00e1ria nacional; pesquisas de satisfa\u00e7\u00e3o dos usu\u00e1rios; \u00edndice de produtividade; e bunkering (servi\u00e7os de fornecimento de combust\u00edvel para navios).<\/p>\n","protected":false},"excerpt":{"rendered":"<p>Mar\u00edlia Sena, da Ag\u00eancia iNFRA A ANTAQ (Ag\u00eancia Nacional de Transportes Aquavi\u00e1rios) aprovou, durante a reuni\u00e3o de colegiado desta quinta-feira (12), o processo licitat\u00f3rio de arrendamento simplificado de \u00e1reas nos portos de Salvador e Fortaleza. Em Salvador, a \u00e1rea SSDA3 \u00e9 destinada \u00e0 movimenta\u00e7\u00e3o e armazenagem de cargas gerais n\u00e3o conteinerizadas, como produtos qu\u00edmicos inorg\u00e2nicos [&hellip;]<\/p>\n","protected":false},"author":1,"featured_media":37738,"comment_status":"closed","ping_status":"closed","sticky":false,"template":"","format":"standard","meta":{"_monsterinsights_skip_tracking":false,"_monsterinsights_sitenote_active":false,"_monsterinsights_sitenote_note":"","_monsterinsights_sitenote_category":0,"footnotes":""},"categories":[7250,7],"tags":[86,3512,8025,1714,11654,18914,2492,4252,310,18913],"class_list":["post-37737","post","type-post","status-publish","format-standard","has-post-thumbnail","hentry","category-destaque-lista","category-infratransporte","tag-antaq","tag-arrendamentos","tag-arrendamentos-portuarios","tag-centronave","tag-marilia-sena","tag-muc05","tag-porto-de-fortaleza","tag-porto-de-salvador","tag-portos","tag-ssda3"],"yoast_head":"<!-- This site is optimized with the Yoast SEO Premium plugin v25.4 (Yoast SEO v26.0) - https:\/\/yoast.com\/wordpress\/plugins\/seo\/ -->\n<title>ANTAQ aprova novos arrendamentos nos portos de Salvador e Fortaleza - Ag\u00eancia iNFRA<\/title>\n<meta name=\"robots\" content=\"index, follow, max-snippet:-1, max-image-preview:large, max-video-preview:-1\" \/>\n<link rel=\"canonical\" href=\"https:\/\/agenciainfra.com\/blog\/antaq-aprova-novos-arrendamentos-nos-portos-de-salvador-e-fortaleza\/\" \/>\n<meta property=\"og:locale\" content=\"pt_BR\" \/>\n<meta property=\"og:type\" content=\"article\" \/>\n<meta property=\"og:title\" content=\"ANTAQ aprova novos arrendamentos nos portos de Salvador e Fortaleza\" \/>\n<meta property=\"og:description\" content=\"Mar\u00edlia Sena, da Ag\u00eancia iNFRA A ANTAQ (Ag\u00eancia Nacional de Transportes Aquavi\u00e1rios) aprovou, durante a reuni\u00e3o de colegiado desta quinta-feira (12), o processo licitat\u00f3rio de arrendamento simplificado de \u00e1reas nos portos de Salvador e Fortaleza. Em Salvador, a \u00e1rea SSDA3 \u00e9 destinada \u00e0 movimenta\u00e7\u00e3o e armazenagem de cargas gerais n\u00e3o conteinerizadas, como produtos qu\u00edmicos inorg\u00e2nicos [&hellip;]\" \/>\n<meta property=\"og:url\" content=\"https:\/\/agenciainfra.com\/blog\/antaq-aprova-novos-arrendamentos-nos-portos-de-salvador-e-fortaleza\/\" \/>\n<meta property=\"og:site_name\" content=\"Ag\u00eancia iNFRA\" \/>\n<meta property=\"article:publisher\" content=\"https:\/\/www.facebook.com\/ageninfra\" \/>\n<meta property=\"article:published_time\" content=\"2026-03-13T12:37:02+00:00\" \/>\n<meta property=\"article:modified_time\" content=\"2026-03-16T14:23:57+00:00\" \/>\n<meta property=\"og:image\" content=\"https:\/\/agenciainfra.com\/blog\/wp-content\/uploads\/2026\/03\/reuniao-antaq-foto-divulgacao_antaq-1.png\" \/>\n\t<meta property=\"og:image:width\" content=\"1280\" \/>\n\t<meta property=\"og:image:height\" content=\"718\" \/>\n\t<meta property=\"og:image:type\" content=\"image\/png\" \/>\n<meta name=\"author\" content=\"Ag\u00eancia iNFRA\" \/>\n<meta name=\"twitter:card\" content=\"summary_large_image\" \/>\n<meta name=\"twitter:creator\" content=\"@agencia_infra\" \/>\n<meta name=\"twitter:site\" content=\"@agencia_infra\" \/>\n<meta name=\"twitter:label1\" content=\"Escrito por\" \/>\n\t<meta name=\"twitter:data1\" content=\"Ag\u00eancia iNFRA\" \/>\n\t<meta name=\"twitter:label2\" content=\"Est. tempo de leitura\" \/>\n\t<meta name=\"twitter:data2\" content=\"4 minutos\" \/>\n<script type=\"application\/ld+json\" class=\"yoast-schema-graph\">{\"@context\":\"https:\/\/schema.org\",\"@graph\":[{\"@type\":\"Article\",\"@id\":\"https:\/\/agenciainfra.com\/blog\/antaq-aprova-novos-arrendamentos-nos-portos-de-salvador-e-fortaleza\/#article\",\"isPartOf\":{\"@id\":\"https:\/\/agenciainfra.com\/blog\/antaq-aprova-novos-arrendamentos-nos-portos-de-salvador-e-fortaleza\/\"},\"author\":{\"name\":\"Ag\u00eancia iNFRA\",\"@id\":\"https:\/\/agenciainfra.com\/blog\/#\/schema\/person\/34af08dff6adea4cb22b06612ba7acfa\"},\"headline\":\"ANTAQ aprova novos arrendamentos nos portos de Salvador e Fortaleza\",\"datePublished\":\"2026-03-13T12:37:02+00:00\",\"dateModified\":\"2026-03-16T14:23:57+00:00\",\"mainEntityOfPage\":{\"@id\":\"https:\/\/agenciainfra.com\/blog\/antaq-aprova-novos-arrendamentos-nos-portos-de-salvador-e-fortaleza\/\"},\"wordCount\":756,\"publisher\":{\"@id\":\"https:\/\/agenciainfra.com\/blog\/#organization\"},\"image\":{\"@id\":\"https:\/\/agenciainfra.com\/blog\/antaq-aprova-novos-arrendamentos-nos-portos-de-salvador-e-fortaleza\/#primaryimage\"},\"thumbnailUrl\":\"https:\/\/agenciainfra.com\/blog\/wp-content\/uploads\/2026\/03\/reuniao-antaq-foto-divulgacao_antaq-1.png\",\"keywords\":[\"ANTAQ\",\"arrendamentos\",\"Arrendamentos Portu\u00e1rios\",\"Centronave\",\"Mar\u00edlia Sena\",\"muc05\",\"Porto de Fortaleza\",\"Porto de Salvador\",\"portos\",\"ssda3\"],\"articleSection\":[\"Destaque lista\",\"iNFRATransporte\"],\"inLanguage\":\"pt-BR\",\"copyrightYear\":\"2026\",\"copyrightHolder\":{\"@id\":\"https:\/\/agenciainfra.com\/blog\/#organization\"}},{\"@type\":\"WebPage\",\"@id\":\"https:\/\/agenciainfra.com\/blog\/antaq-aprova-novos-arrendamentos-nos-portos-de-salvador-e-fortaleza\/\",\"url\":\"https:\/\/agenciainfra.com\/blog\/antaq-aprova-novos-arrendamentos-nos-portos-de-salvador-e-fortaleza\/\",\"name\":\"ANTAQ aprova novos arrendamentos nos portos de Salvador e Fortaleza - Ag\u00eancia iNFRA\",\"isPartOf\":{\"@id\":\"https:\/\/agenciainfra.com\/blog\/#website\"},\"primaryImageOfPage\":{\"@id\":\"https:\/\/agenciainfra.com\/blog\/antaq-aprova-novos-arrendamentos-nos-portos-de-salvador-e-fortaleza\/#primaryimage\"},\"image\":{\"@id\":\"https:\/\/agenciainfra.com\/blog\/antaq-aprova-novos-arrendamentos-nos-portos-de-salvador-e-fortaleza\/#primaryimage\"},\"thumbnailUrl\":\"https:\/\/agenciainfra.com\/blog\/wp-content\/uploads\/2026\/03\/reuniao-antaq-foto-divulgacao_antaq-1.png\",\"datePublished\":\"2026-03-13T12:37:02+00:00\",\"dateModified\":\"2026-03-16T14:23:57+00:00\",\"breadcrumb\":{\"@id\":\"https:\/\/agenciainfra.com\/blog\/antaq-aprova-novos-arrendamentos-nos-portos-de-salvador-e-fortaleza\/#breadcrumb\"},\"inLanguage\":\"pt-BR\",\"potentialAction\":[{\"@type\":\"ReadAction\",\"target\":[\"https:\/\/agenciainfra.com\/blog\/antaq-aprova-novos-arrendamentos-nos-portos-de-salvador-e-fortaleza\/\"]}]},{\"@type\":\"ImageObject\",\"inLanguage\":\"pt-BR\",\"@id\":\"https:\/\/agenciainfra.com\/blog\/antaq-aprova-novos-arrendamentos-nos-portos-de-salvador-e-fortaleza\/#primaryimage\",\"url\":\"https:\/\/agenciainfra.com\/blog\/wp-content\/uploads\/2026\/03\/reuniao-antaq-foto-divulgacao_antaq-1.png\",\"contentUrl\":\"https:\/\/agenciainfra.com\/blog\/wp-content\/uploads\/2026\/03\/reuniao-antaq-foto-divulgacao_antaq-1.png\",\"width\":1280,\"height\":718,\"caption\":\"Foto: Divulga\u00e7\u00e3o ANTAQ\"},{\"@type\":\"BreadcrumbList\",\"@id\":\"https:\/\/agenciainfra.com\/blog\/antaq-aprova-novos-arrendamentos-nos-portos-de-salvador-e-fortaleza\/#breadcrumb\",\"itemListElement\":[{\"@type\":\"ListItem\",\"position\":1,\"name\":\"In\u00edcio\",\"item\":\"https:\/\/agenciainfra.com\/blog\/\"},{\"@type\":\"ListItem\",\"position\":2,\"name\":\"ANTAQ aprova novos arrendamentos nos portos de Salvador e Fortaleza\"}]},{\"@type\":\"WebSite\",\"@id\":\"https:\/\/agenciainfra.com\/blog\/#website\",\"url\":\"https:\/\/agenciainfra.com\/blog\/\",\"name\":\"Ag\u00eancia iNFRA\",\"description\":\"Multiplataforma de informa\u00e7\u00e3o jornal\u00edstica refer\u00eancia na \u00e1rea de infraestrutura no Brasil!\",\"publisher\":{\"@id\":\"https:\/\/agenciainfra.com\/blog\/#organization\"},\"potentialAction\":[{\"@type\":\"SearchAction\",\"target\":{\"@type\":\"EntryPoint\",\"urlTemplate\":\"https:\/\/agenciainfra.com\/blog\/?s={search_term_string}\"},\"query-input\":{\"@type\":\"PropertyValueSpecification\",\"valueRequired\":true,\"valueName\":\"search_term_string\"}}],\"inLanguage\":\"pt-BR\"},{\"@type\":\"Organization\",\"@id\":\"https:\/\/agenciainfra.com\/blog\/#organization\",\"name\":\"Ag\u00eancia iNFRA\",\"url\":\"https:\/\/agenciainfra.com\/blog\/\",\"logo\":{\"@type\":\"ImageObject\",\"inLanguage\":\"pt-BR\",\"@id\":\"https:\/\/agenciainfra.com\/blog\/#\/schema\/logo\/image\/\",\"url\":\"https:\/\/agenciainfra.com\/blog\/wp-content\/uploads\/2023\/09\/iNFRA_5-e1761735885940.png\",\"contentUrl\":\"https:\/\/agenciainfra.com\/blog\/wp-content\/uploads\/2023\/09\/iNFRA_5-e1761735885940.png\",\"width\":1672,\"height\":454,\"caption\":\"Ag\u00eancia iNFRA\"},\"image\":{\"@id\":\"https:\/\/agenciainfra.com\/blog\/#\/schema\/logo\/image\/\"},\"sameAs\":[\"https:\/\/www.facebook.com\/ageninfra\",\"https:\/\/x.com\/agencia_infra\",\"https:\/\/www.linkedin.com\/company\/ag\u00eanciainfra\/\",\"https:\/\/www.instagram.com\/agenciainfra\/\"]},{\"@type\":\"Person\",\"@id\":\"https:\/\/agenciainfra.com\/blog\/#\/schema\/person\/34af08dff6adea4cb22b06612ba7acfa\",\"name\":\"Ag\u00eancia iNFRA\",\"image\":{\"@type\":\"ImageObject\",\"inLanguage\":\"pt-BR\",\"@id\":\"https:\/\/agenciainfra.com\/blog\/#\/schema\/person\/image\/\",\"url\":\"https:\/\/secure.gravatar.com\/avatar\/d189e01678f06d8eb84d4e01f08eb848b3fffe3f8443818d3c356c66892f5be8?s=96&d=mm&r=g\",\"contentUrl\":\"https:\/\/secure.gravatar.com\/avatar\/d189e01678f06d8eb84d4e01f08eb848b3fffe3f8443818d3c356c66892f5be8?s=96&d=mm&r=g\",\"caption\":\"Ag\u00eancia iNFRA\"},\"url\":\"https:\/\/agenciainfra.com\/blog\/author\/admin\/\"}]}<\/script>\n<!-- \/ Yoast SEO Premium plugin. -->","yoast_head_json":{"title":"ANTAQ aprova novos arrendamentos nos portos de Salvador e Fortaleza - Ag\u00eancia iNFRA","robots":{"index":"index","follow":"follow","max-snippet":"max-snippet:-1","max-image-preview":"max-image-preview:large","max-video-preview":"max-video-preview:-1"},"canonical":"https:\/\/agenciainfra.com\/blog\/antaq-aprova-novos-arrendamentos-nos-portos-de-salvador-e-fortaleza\/","og_locale":"pt_BR","og_type":"article","og_title":"ANTAQ aprova novos arrendamentos nos portos de Salvador e Fortaleza","og_description":"Mar\u00edlia Sena, da Ag\u00eancia iNFRA A ANTAQ (Ag\u00eancia Nacional de Transportes Aquavi\u00e1rios) aprovou, durante a reuni\u00e3o de colegiado desta quinta-feira (12), o processo licitat\u00f3rio de arrendamento simplificado de \u00e1reas nos portos de Salvador e Fortaleza. Em Salvador, a \u00e1rea SSDA3 \u00e9 destinada \u00e0 movimenta\u00e7\u00e3o e armazenagem de cargas gerais n\u00e3o conteinerizadas, como produtos qu\u00edmicos inorg\u00e2nicos [&hellip;]","og_url":"https:\/\/agenciainfra.com\/blog\/antaq-aprova-novos-arrendamentos-nos-portos-de-salvador-e-fortaleza\/","og_site_name":"Ag\u00eancia iNFRA","article_publisher":"https:\/\/www.facebook.com\/ageninfra","article_published_time":"2026-03-13T12:37:02+00:00","article_modified_time":"2026-03-16T14:23:57+00:00","og_image":[{"width":1280,"height":718,"url":"https:\/\/agenciainfra.com\/blog\/wp-content\/uploads\/2026\/03\/reuniao-antaq-foto-divulgacao_antaq-1.png","type":"image\/png"}],"author":"Ag\u00eancia iNFRA","twitter_card":"summary_large_image","twitter_creator":"@agencia_infra","twitter_site":"@agencia_infra","twitter_misc":{"Escrito por":"Ag\u00eancia iNFRA","Est. tempo de leitura":"4 minutos"},"schema":{"@context":"https:\/\/schema.org","@graph":[{"@type":"Article","@id":"https:\/\/agenciainfra.com\/blog\/antaq-aprova-novos-arrendamentos-nos-portos-de-salvador-e-fortaleza\/#article","isPartOf":{"@id":"https:\/\/agenciainfra.com\/blog\/antaq-aprova-novos-arrendamentos-nos-portos-de-salvador-e-fortaleza\/"},"author":{"name":"Ag\u00eancia iNFRA","@id":"https:\/\/agenciainfra.com\/blog\/#\/schema\/person\/34af08dff6adea4cb22b06612ba7acfa"},"headline":"ANTAQ aprova novos arrendamentos nos portos de Salvador e Fortaleza","datePublished":"2026-03-13T12:37:02+00:00","dateModified":"2026-03-16T14:23:57+00:00","mainEntityOfPage":{"@id":"https:\/\/agenciainfra.com\/blog\/antaq-aprova-novos-arrendamentos-nos-portos-de-salvador-e-fortaleza\/"},"wordCount":756,"publisher":{"@id":"https:\/\/agenciainfra.com\/blog\/#organization"},"image":{"@id":"https:\/\/agenciainfra.com\/blog\/antaq-aprova-novos-arrendamentos-nos-portos-de-salvador-e-fortaleza\/#primaryimage"},"thumbnailUrl":"https:\/\/agenciainfra.com\/blog\/wp-content\/uploads\/2026\/03\/reuniao-antaq-foto-divulgacao_antaq-1.png","keywords":["ANTAQ","arrendamentos","Arrendamentos Portu\u00e1rios","Centronave","Mar\u00edlia Sena","muc05","Porto de Fortaleza","Porto de Salvador","portos","ssda3"],"articleSection":["Destaque lista","iNFRATransporte"],"inLanguage":"pt-BR","copyrightYear":"2026","copyrightHolder":{"@id":"https:\/\/agenciainfra.com\/blog\/#organization"}},{"@type":"WebPage","@id":"https:\/\/agenciainfra.com\/blog\/antaq-aprova-novos-arrendamentos-nos-portos-de-salvador-e-fortaleza\/","url":"https:\/\/agenciainfra.com\/blog\/antaq-aprova-novos-arrendamentos-nos-portos-de-salvador-e-fortaleza\/","name":"ANTAQ aprova novos arrendamentos nos portos de Salvador e Fortaleza - Ag\u00eancia iNFRA","isPartOf":{"@id":"https:\/\/agenciainfra.com\/blog\/#website"},"primaryImageOfPage":{"@id":"https:\/\/agenciainfra.com\/blog\/antaq-aprova-novos-arrendamentos-nos-portos-de-salvador-e-fortaleza\/#primaryimage"},"image":{"@id":"https:\/\/agenciainfra.com\/blog\/antaq-aprova-novos-arrendamentos-nos-portos-de-salvador-e-fortaleza\/#primaryimage"},"thumbnailUrl":"https:\/\/agenciainfra.com\/blog\/wp-content\/uploads\/2026\/03\/reuniao-antaq-foto-divulgacao_antaq-1.png","datePublished":"2026-03-13T12:37:02+00:00","dateModified":"2026-03-16T14:23:57+00:00","breadcrumb":{"@id":"https:\/\/agenciainfra.com\/blog\/antaq-aprova-novos-arrendamentos-nos-portos-de-salvador-e-fortaleza\/#breadcrumb"},"inLanguage":"pt-BR","potentialAction":[{"@type":"ReadAction","target":["https:\/\/agenciainfra.com\/blog\/antaq-aprova-novos-arrendamentos-nos-portos-de-salvador-e-fortaleza\/"]}]},{"@type":"ImageObject","inLanguage":"pt-BR","@id":"https:\/\/agenciainfra.com\/blog\/antaq-aprova-novos-arrendamentos-nos-portos-de-salvador-e-fortaleza\/#primaryimage","url":"https:\/\/agenciainfra.com\/blog\/wp-content\/uploads\/2026\/03\/reuniao-antaq-foto-divulgacao_antaq-1.png","contentUrl":"https:\/\/agenciainfra.com\/blog\/wp-content\/uploads\/2026\/03\/reuniao-antaq-foto-divulgacao_antaq-1.png","width":1280,"height":718,"caption":"Foto: Divulga\u00e7\u00e3o ANTAQ"},{"@type":"BreadcrumbList","@id":"https:\/\/agenciainfra.com\/blog\/antaq-aprova-novos-arrendamentos-nos-portos-de-salvador-e-fortaleza\/#breadcrumb","itemListElement":[{"@type":"ListItem","position":1,"name":"In\u00edcio","item":"https:\/\/agenciainfra.com\/blog\/"},{"@type":"ListItem","position":2,"name":"ANTAQ aprova novos arrendamentos nos portos de Salvador e Fortaleza"}]},{"@type":"WebSite","@id":"https:\/\/agenciainfra.com\/blog\/#website","url":"https:\/\/agenciainfra.com\/blog\/","name":"Ag\u00eancia iNFRA","description":"Multiplataforma de informa\u00e7\u00e3o jornal\u00edstica refer\u00eancia na \u00e1rea de infraestrutura no Brasil!","publisher":{"@id":"https:\/\/agenciainfra.com\/blog\/#organization"},"potentialAction":[{"@type":"SearchAction","target":{"@type":"EntryPoint","urlTemplate":"https:\/\/agenciainfra.com\/blog\/?s={search_term_string}"},"query-input":{"@type":"PropertyValueSpecification","valueRequired":true,"valueName":"search_term_string"}}],"inLanguage":"pt-BR"},{"@type":"Organization","@id":"https:\/\/agenciainfra.com\/blog\/#organization","name":"Ag\u00eancia iNFRA","url":"https:\/\/agenciainfra.com\/blog\/","logo":{"@type":"ImageObject","inLanguage":"pt-BR","@id":"https:\/\/agenciainfra.com\/blog\/#\/schema\/logo\/image\/","url":"https:\/\/agenciainfra.com\/blog\/wp-content\/uploads\/2023\/09\/iNFRA_5-e1761735885940.png","contentUrl":"https:\/\/agenciainfra.com\/blog\/wp-content\/uploads\/2023\/09\/iNFRA_5-e1761735885940.png","width":1672,"height":454,"caption":"Ag\u00eancia iNFRA"},"image":{"@id":"https:\/\/agenciainfra.com\/blog\/#\/schema\/logo\/image\/"},"sameAs":["https:\/\/www.facebook.com\/ageninfra","https:\/\/x.com\/agencia_infra","https:\/\/www.linkedin.com\/company\/ag\u00eanciainfra\/","https:\/\/www.instagram.com\/agenciainfra\/"]},{"@type":"Person","@id":"https:\/\/agenciainfra.com\/blog\/#\/schema\/person\/34af08dff6adea4cb22b06612ba7acfa","name":"Ag\u00eancia iNFRA","image":{"@type":"ImageObject","inLanguage":"pt-BR","@id":"https:\/\/agenciainfra.com\/blog\/#\/schema\/person\/image\/","url":"https:\/\/secure.gravatar.com\/avatar\/d189e01678f06d8eb84d4e01f08eb848b3fffe3f8443818d3c356c66892f5be8?s=96&d=mm&r=g","contentUrl":"https:\/\/secure.gravatar.com\/avatar\/d189e01678f06d8eb84d4e01f08eb848b3fffe3f8443818d3c356c66892f5be8?s=96&d=mm&r=g","caption":"Ag\u00eancia iNFRA"},"url":"https:\/\/agenciainfra.com\/blog\/author\/admin\/"}]}},"_links":{"self":[{"href":"https:\/\/agenciainfra.com\/blog\/wp-json\/wp\/v2\/posts\/37737","targetHints":{"allow":["GET"]}}],"collection":[{"href":"https:\/\/agenciainfra.com\/blog\/wp-json\/wp\/v2\/posts"}],"about":[{"href":"https:\/\/agenciainfra.com\/blog\/wp-json\/wp\/v2\/types\/post"}],"author":[{"embeddable":true,"href":"https:\/\/agenciainfra.com\/blog\/wp-json\/wp\/v2\/users\/1"}],"replies":[{"embeddable":true,"href":"https:\/\/agenciainfra.com\/blog\/wp-json\/wp\/v2\/comments?post=37737"}],"version-history":[{"count":1,"href":"https:\/\/agenciainfra.com\/blog\/wp-json\/wp\/v2\/posts\/37737\/revisions"}],"predecessor-version":[{"id":37739,"href":"https:\/\/agenciainfra.com\/blog\/wp-json\/wp\/v2\/posts\/37737\/revisions\/37739"}],"wp:featuredmedia":[{"embeddable":true,"href":"https:\/\/agenciainfra.com\/blog\/wp-json\/wp\/v2\/media\/37738"}],"wp:attachment":[{"href":"https:\/\/agenciainfra.com\/blog\/wp-json\/wp\/v2\/media?parent=37737"}],"wp:term":[{"taxonomy":"category","embeddable":true,"href":"https:\/\/agenciainfra.com\/blog\/wp-json\/wp\/v2\/categories?post=37737"},{"taxonomy":"post_tag","embeddable":true,"href":"https:\/\/agenciainfra.com\/blog\/wp-json\/wp\/v2\/tags?post=37737"}],"curies":[{"name":"wp","href":"https:\/\/api.w.org\/{rel}","templated":true}]}}