{"id":37841,"date":"2026-03-13T11:07:25","date_gmt":"2026-03-13T14:07:25","guid":{"rendered":"https:\/\/agenciainfra.com\/blog\/?p=37841"},"modified":"2026-03-16T11:40:27","modified_gmt":"2026-03-16T14:40:27","slug":"mp-permite-a-anp-ampliar-fiscalizacao-e-acesso-a-informacoes-diz-diretora","status":"publish","type":"post","link":"https:\/\/agenciainfra.com\/blog\/mp-permite-a-anp-ampliar-fiscalizacao-e-acesso-a-informacoes-diz-diretora\/","title":{"rendered":"MP permite \u00e0 ANP ampliar fiscaliza\u00e7\u00e3o e acesso a informa\u00e7\u00f5es, diz diretora"},"content":{"rendered":"\n<p class=\"has-text-align-right\"><strong>Gabriel Vasconcelos, da Ag\u00eancia iNFRA<\/strong><\/p>\n\n\n\n<p>A diretora da ANP (Ag\u00eancia Nacional do Petr\u00f3leo, G\u00e1s Natural e Biocombust\u00edveis), Symone Ara\u00fajo, disse nesta sexta-feira (13) que a MP (Medida Provis\u00f3ria) e um decreto do governo federal com vistas a intensificar fiscaliza\u00e7\u00e3o e puni\u00e7\u00f5es ao abuso de pre\u00e7os no setor de combust\u00edveis s\u00e3o uma oportunidade para a ag\u00eancia ampliar atua\u00e7\u00e3o nesta seara e acessar informa\u00e7\u00f5es fiscais das empresas. Ela comentou o assunto no in\u00edcio da reuni\u00e3o de diretoria da ANP. <\/p>\n\n\n\n<p>Segundo Symone, que vai relatar a regulamenta\u00e7\u00e3o dessa frente do pacote de medidas do governo, a obten\u00e7\u00e3o desse tipo de informa\u00e7\u00e3o se tornou uma quest\u00e3o &#8220;cr\u00edtica&#8221;, pelo menos desde 2018, quando aconteceu um primeiro programa de subven\u00e7\u00e3o ao setor para aplacar os efeitos da greve dos caminhoneiros.<\/p>\n\n\n\n<p>&#8220;Desde 2018, por ocasi\u00e3o da greve dos caminhoneiros, o acesso a notas fiscais se tornou cr\u00edtico. N\u00e3o pelo acesso \u00e0 informa\u00e7\u00e3o sobre o pre\u00e7o, por si s\u00f3, mas por acesso a informa\u00e7\u00f5es no geral. N\u00e3o existe fiscaliza\u00e7\u00e3o completa sem acesso \u00e0 informa\u00e7\u00e3o&#8221;, disse Symone.<\/p>\n\n\n\n<p>De fato, a ANP tem buscado se aproximar da Receita Federal e outros \u00f3rg\u00e3os com fun\u00e7\u00e3o fiscal para ampliar o acesso \u00e0s informa\u00e7\u00f5es de transa\u00e7\u00f5es das empresas, capazes de indicar movimenta\u00e7\u00e3o de cargas e permitir compara\u00e7\u00e3o com documentos de balan\u00e7o de massas. Isso permite, por exemplo, conferir a din\u00e2mica de volumes associados, como o de biocombust\u00edveis com percentual obrigat\u00f3rio na mistura final com combust\u00edveis f\u00f3sseis.<\/p>\n\n\n\n<p><strong>Pre\u00e7os de L\u00edquidos<br><\/strong>Symone lembrou que a forma\u00e7\u00e3o de pre\u00e7os de combust\u00edveis l\u00edquidos \u00e9 livre no Brasil, mas afirmou que situa\u00e7\u00f5es de crise traz &#8220;grandes oportunidades&#8221;, sendo uma delas a extens\u00e3o do olhar da ANP para al\u00e9m das previs\u00f5es da Lei do Petr\u00f3leo (<a href=\"https:\/\/www.planalto.gov.br\/ccivil_03\/leis\/l9478.htm\">9.478\/1997<\/a>). Segundo Symone, hoje, a ANP tem apenas papel acess\u00f3rio ao Cade (Conselho Administrativo de Defesa Econ\u00f4mica) e que a reguladora s\u00f3 tem protagonismo no caso do acompanhamento dos pre\u00e7os do g\u00e1s natural, via tarifa de transportes. Essa dist\u00e2ncia com rela\u00e7\u00e3o ao acompanhamento de pre\u00e7o dos l\u00edquidos, sugere a diretora, muda a partir de agora, com as medidas do governo.<\/p>\n\n\n\n<p>&#8220;Teremos que assimilar os preceitos da MP, internalizar o que diz o decreto regulamentador e, a\u00ed sim, oferecer ao mercado, com Senacon, Procons e Cade qual \u00e9 ao nosso plano de a\u00e7\u00e3o para fiscalizar as situa\u00e7\u00f5es de abusividade de pre\u00e7o&#8221;, disse Symone.<\/p>\n\n\n\n<p>Ontem, o ministro da Fazenda, Fernando Haddad, foi enf\u00e1tico ao dizer que o papel da ANP ser\u00e1 o de estipular crit\u00e9rios objetivos para apontar a abusividade de pre\u00e7os e estocagem. Segundo Symone, a SDC (Superintend\u00eancia de Defesa da Concorr\u00eancia) da ANP j\u00e1 est\u00e1 mobilizada para atuar em conjunto com demais \u00f3rg\u00e3os federais na prepara\u00e7\u00e3o da a\u00e7\u00e3o regulat\u00f3ria dentro da ag\u00eancia.<\/p>\n\n\n\n<p><strong>Subven\u00e7\u00e3o<br><\/strong>O diretor Daniel Maia, relator do processo que vai regulamentar o mecanismo de subven\u00e7\u00e3o a produtores e exportadores de diesel, tamb\u00e9m se manifestou. Mais contido, Maia observou que o programa proposto agora pelo governo j\u00e1 est\u00e1 aderente a uma s\u00e9rie de aperfei\u00e7oamentos sugeridos \u00e0 iniciativa de 2018. Ele disse acreditar que a ANP conseguir\u00e1 regulamentar e implementar a pol\u00edtica &#8220;com celeridade&#8221; e que as \u00e1reas j\u00e1 est\u00e3o trabalhando.<\/p>\n\n\n\n<p><strong>&#8216;Terceiro grande choque&#8217;<br><\/strong>Em sua digress\u00e3o, Symone Ara\u00fajo disse que, possivelmente, o mundo est\u00e1 vivendo o terceiro grande choque do petr\u00f3leo. <\/p>\n\n\n\n<p>&#8220;N\u00e3o sabemos a extens\u00e3o do que estamos tratando, mas sabemos que, hoje, somos mais dependentes de energia do que nos anos 1970. E esse choque alcan\u00e7a n\u00e3o s\u00f3 o mercado de petr\u00f3leo, mas tamb\u00e9m o de g\u00e1s natural, com o cond\u00e3o de espraiar-se de forma ainda pouco previs\u00edvel para todos n\u00f3s.&#8221;<\/p>\n","protected":false},"excerpt":{"rendered":"<p>Gabriel Vasconcelos, da Ag\u00eancia iNFRA A diretora da ANP (Ag\u00eancia Nacional do Petr\u00f3leo, G\u00e1s Natural e Biocombust\u00edveis), Symone Ara\u00fajo, disse nesta sexta-feira (13) que a MP (Medida Provis\u00f3ria) e um decreto do governo federal com vistas a intensificar fiscaliza\u00e7\u00e3o e puni\u00e7\u00f5es ao abuso de pre\u00e7os no setor de combust\u00edveis s\u00e3o uma oportunidade para a ag\u00eancia [&hellip;]<\/p>\n","protected":false},"author":1,"featured_media":37842,"comment_status":"closed","ping_status":"closed","sticky":false,"template":"","format":"standard","meta":{"_monsterinsights_skip_tracking":false,"_monsterinsights_sitenote_active":false,"_monsterinsights_sitenote_note":"","_monsterinsights_sitenote_category":0,"footnotes":""},"categories":[7250,13271],"tags":[1101,314,13737,16774,13251,11694,48,18911,13389],"class_list":["post-37841","post","type-post","status-publish","format-standard","has-post-thumbnail","hentry","category-destaque-lista","category-oleo-gas","tag-anp","tag-combustiveis","tag-combustiveis-liquidos","tag-daniel-maia","tag-gabriel-vasconcelos","tag-precos-de-combustiveis","tag-regulacao","tag-subvencao","tag-symone-araujo"],"yoast_head":"<!-- This site is optimized with the Yoast SEO Premium plugin v25.4 (Yoast SEO v26.0) - https:\/\/yoast.com\/wordpress\/plugins\/seo\/ -->\n<title>MP permite \u00e0 ANP ampliar fiscaliza\u00e7\u00e3o e acesso a informa\u00e7\u00f5es, diz diretora - Ag\u00eancia iNFRA<\/title>\n<meta name=\"robots\" content=\"index, follow, max-snippet:-1, max-image-preview:large, max-video-preview:-1\" \/>\n<link rel=\"canonical\" href=\"https:\/\/agenciainfra.com\/blog\/mp-permite-a-anp-ampliar-fiscalizacao-e-acesso-a-informacoes-diz-diretora\/\" \/>\n<meta property=\"og:locale\" content=\"pt_BR\" \/>\n<meta property=\"og:type\" content=\"article\" \/>\n<meta property=\"og:title\" content=\"MP permite \u00e0 ANP ampliar fiscaliza\u00e7\u00e3o e acesso a informa\u00e7\u00f5es, diz diretora\" \/>\n<meta property=\"og:description\" content=\"Gabriel Vasconcelos, da Ag\u00eancia iNFRA A diretora da ANP (Ag\u00eancia Nacional do Petr\u00f3leo, G\u00e1s Natural e Biocombust\u00edveis), Symone Ara\u00fajo, disse nesta sexta-feira (13) que a MP (Medida Provis\u00f3ria) e um decreto do governo federal com vistas a intensificar fiscaliza\u00e7\u00e3o e puni\u00e7\u00f5es ao abuso de pre\u00e7os no setor de combust\u00edveis s\u00e3o uma oportunidade para a ag\u00eancia [&hellip;]\" \/>\n<meta property=\"og:url\" content=\"https:\/\/agenciainfra.com\/blog\/mp-permite-a-anp-ampliar-fiscalizacao-e-acesso-a-informacoes-diz-diretora\/\" \/>\n<meta property=\"og:site_name\" content=\"Ag\u00eancia iNFRA\" \/>\n<meta property=\"article:publisher\" content=\"https:\/\/www.facebook.com\/ageninfra\" \/>\n<meta property=\"article:published_time\" content=\"2026-03-13T14:07:25+00:00\" \/>\n<meta property=\"article:modified_time\" content=\"2026-03-16T14:40:27+00:00\" \/>\n<meta property=\"og:image\" content=\"https:\/\/agenciainfra.com\/blog\/wp-content\/uploads\/2026\/03\/symone-araujo-foto-pepe_oliveira_anp-e1773410831820.jpg\" \/>\n\t<meta property=\"og:image:width\" content=\"1278\" \/>\n\t<meta property=\"og:image:height\" content=\"780\" \/>\n\t<meta property=\"og:image:type\" content=\"image\/jpeg\" \/>\n<meta name=\"author\" content=\"Ag\u00eancia iNFRA\" \/>\n<meta name=\"twitter:card\" content=\"summary_large_image\" \/>\n<meta name=\"twitter:creator\" content=\"@agencia_infra\" \/>\n<meta name=\"twitter:site\" content=\"@agencia_infra\" \/>\n<meta name=\"twitter:label1\" content=\"Escrito por\" \/>\n\t<meta name=\"twitter:data1\" content=\"Ag\u00eancia iNFRA\" \/>\n\t<meta name=\"twitter:label2\" content=\"Est. tempo de leitura\" \/>\n\t<meta name=\"twitter:data2\" content=\"3 minutos\" \/>\n<script type=\"application\/ld+json\" class=\"yoast-schema-graph\">{\"@context\":\"https:\/\/schema.org\",\"@graph\":[{\"@type\":\"Article\",\"@id\":\"https:\/\/agenciainfra.com\/blog\/mp-permite-a-anp-ampliar-fiscalizacao-e-acesso-a-informacoes-diz-diretora\/#article\",\"isPartOf\":{\"@id\":\"https:\/\/agenciainfra.com\/blog\/mp-permite-a-anp-ampliar-fiscalizacao-e-acesso-a-informacoes-diz-diretora\/\"},\"author\":{\"name\":\"Ag\u00eancia iNFRA\",\"@id\":\"https:\/\/agenciainfra.com\/blog\/#\/schema\/person\/34af08dff6adea4cb22b06612ba7acfa\"},\"headline\":\"MP permite \u00e0 ANP ampliar fiscaliza\u00e7\u00e3o e acesso a informa\u00e7\u00f5es, diz diretora\",\"datePublished\":\"2026-03-13T14:07:25+00:00\",\"dateModified\":\"2026-03-16T14:40:27+00:00\",\"mainEntityOfPage\":{\"@id\":\"https:\/\/agenciainfra.com\/blog\/mp-permite-a-anp-ampliar-fiscalizacao-e-acesso-a-informacoes-diz-diretora\/\"},\"wordCount\":677,\"publisher\":{\"@id\":\"https:\/\/agenciainfra.com\/blog\/#organization\"},\"image\":{\"@id\":\"https:\/\/agenciainfra.com\/blog\/mp-permite-a-anp-ampliar-fiscalizacao-e-acesso-a-informacoes-diz-diretora\/#primaryimage\"},\"thumbnailUrl\":\"https:\/\/agenciainfra.com\/blog\/wp-content\/uploads\/2026\/03\/symone-araujo-foto-pepe_oliveira_anp-e1773410831820.jpg\",\"keywords\":[\"ANP\",\"combust\u00edveis\",\"combust\u00edveis l\u00edquidos\",\"Daniel Maia\",\"Gabriel Vasconcelos\",\"Pre\u00e7os de combust\u00edveis\",\"Regula\u00e7\u00e3o\",\"subven\u00e7\u00e3o\",\"symone ara\u00fajo\"],\"articleSection\":[\"Destaque lista\",\"\u00d3leo &amp; G\u00e1s\"],\"inLanguage\":\"pt-BR\",\"copyrightYear\":\"2026\",\"copyrightHolder\":{\"@id\":\"https:\/\/agenciainfra.com\/blog\/#organization\"}},{\"@type\":\"WebPage\",\"@id\":\"https:\/\/agenciainfra.com\/blog\/mp-permite-a-anp-ampliar-fiscalizacao-e-acesso-a-informacoes-diz-diretora\/\",\"url\":\"https:\/\/agenciainfra.com\/blog\/mp-permite-a-anp-ampliar-fiscalizacao-e-acesso-a-informacoes-diz-diretora\/\",\"name\":\"MP permite \u00e0 ANP ampliar fiscaliza\u00e7\u00e3o e acesso a informa\u00e7\u00f5es, diz diretora - Ag\u00eancia iNFRA\",\"isPartOf\":{\"@id\":\"https:\/\/agenciainfra.com\/blog\/#website\"},\"primaryImageOfPage\":{\"@id\":\"https:\/\/agenciainfra.com\/blog\/mp-permite-a-anp-ampliar-fiscalizacao-e-acesso-a-informacoes-diz-diretora\/#primaryimage\"},\"image\":{\"@id\":\"https:\/\/agenciainfra.com\/blog\/mp-permite-a-anp-ampliar-fiscalizacao-e-acesso-a-informacoes-diz-diretora\/#primaryimage\"},\"thumbnailUrl\":\"https:\/\/agenciainfra.com\/blog\/wp-content\/uploads\/2026\/03\/symone-araujo-foto-pepe_oliveira_anp-e1773410831820.jpg\",\"datePublished\":\"2026-03-13T14:07:25+00:00\",\"dateModified\":\"2026-03-16T14:40:27+00:00\",\"breadcrumb\":{\"@id\":\"https:\/\/agenciainfra.com\/blog\/mp-permite-a-anp-ampliar-fiscalizacao-e-acesso-a-informacoes-diz-diretora\/#breadcrumb\"},\"inLanguage\":\"pt-BR\",\"potentialAction\":[{\"@type\":\"ReadAction\",\"target\":[\"https:\/\/agenciainfra.com\/blog\/mp-permite-a-anp-ampliar-fiscalizacao-e-acesso-a-informacoes-diz-diretora\/\"]}]},{\"@type\":\"ImageObject\",\"inLanguage\":\"pt-BR\",\"@id\":\"https:\/\/agenciainfra.com\/blog\/mp-permite-a-anp-ampliar-fiscalizacao-e-acesso-a-informacoes-diz-diretora\/#primaryimage\",\"url\":\"https:\/\/agenciainfra.com\/blog\/wp-content\/uploads\/2026\/03\/symone-araujo-foto-pepe_oliveira_anp-e1773410831820.jpg\",\"contentUrl\":\"https:\/\/agenciainfra.com\/blog\/wp-content\/uploads\/2026\/03\/symone-araujo-foto-pepe_oliveira_anp-e1773410831820.jpg\",\"width\":1278,\"height\":780,\"caption\":\"Foto: Pep\u00ea Oliveira\/ANP\"},{\"@type\":\"BreadcrumbList\",\"@id\":\"https:\/\/agenciainfra.com\/blog\/mp-permite-a-anp-ampliar-fiscalizacao-e-acesso-a-informacoes-diz-diretora\/#breadcrumb\",\"itemListElement\":[{\"@type\":\"ListItem\",\"position\":1,\"name\":\"In\u00edcio\",\"item\":\"https:\/\/agenciainfra.com\/blog\/\"},{\"@type\":\"ListItem\",\"position\":2,\"name\":\"MP permite \u00e0 ANP ampliar fiscaliza\u00e7\u00e3o e acesso a informa\u00e7\u00f5es, diz diretora\"}]},{\"@type\":\"WebSite\",\"@id\":\"https:\/\/agenciainfra.com\/blog\/#website\",\"url\":\"https:\/\/agenciainfra.com\/blog\/\",\"name\":\"Ag\u00eancia iNFRA\",\"description\":\"Multiplataforma de informa\u00e7\u00e3o jornal\u00edstica refer\u00eancia na \u00e1rea de infraestrutura no Brasil!\",\"publisher\":{\"@id\":\"https:\/\/agenciainfra.com\/blog\/#organization\"},\"potentialAction\":[{\"@type\":\"SearchAction\",\"target\":{\"@type\":\"EntryPoint\",\"urlTemplate\":\"https:\/\/agenciainfra.com\/blog\/?s={search_term_string}\"},\"query-input\":{\"@type\":\"PropertyValueSpecification\",\"valueRequired\":true,\"valueName\":\"search_term_string\"}}],\"inLanguage\":\"pt-BR\"},{\"@type\":\"Organization\",\"@id\":\"https:\/\/agenciainfra.com\/blog\/#organization\",\"name\":\"Ag\u00eancia iNFRA\",\"url\":\"https:\/\/agenciainfra.com\/blog\/\",\"logo\":{\"@type\":\"ImageObject\",\"inLanguage\":\"pt-BR\",\"@id\":\"https:\/\/agenciainfra.com\/blog\/#\/schema\/logo\/image\/\",\"url\":\"https:\/\/agenciainfra.com\/blog\/wp-content\/uploads\/2023\/09\/iNFRA_5-e1761735885940.png\",\"contentUrl\":\"https:\/\/agenciainfra.com\/blog\/wp-content\/uploads\/2023\/09\/iNFRA_5-e1761735885940.png\",\"width\":1672,\"height\":454,\"caption\":\"Ag\u00eancia iNFRA\"},\"image\":{\"@id\":\"https:\/\/agenciainfra.com\/blog\/#\/schema\/logo\/image\/\"},\"sameAs\":[\"https:\/\/www.facebook.com\/ageninfra\",\"https:\/\/x.com\/agencia_infra\",\"https:\/\/www.linkedin.com\/company\/ag\u00eanciainfra\/\",\"https:\/\/www.instagram.com\/agenciainfra\/\"]},{\"@type\":\"Person\",\"@id\":\"https:\/\/agenciainfra.com\/blog\/#\/schema\/person\/34af08dff6adea4cb22b06612ba7acfa\",\"name\":\"Ag\u00eancia iNFRA\",\"image\":{\"@type\":\"ImageObject\",\"inLanguage\":\"pt-BR\",\"@id\":\"https:\/\/agenciainfra.com\/blog\/#\/schema\/person\/image\/\",\"url\":\"https:\/\/secure.gravatar.com\/avatar\/d189e01678f06d8eb84d4e01f08eb848b3fffe3f8443818d3c356c66892f5be8?s=96&d=mm&r=g\",\"contentUrl\":\"https:\/\/secure.gravatar.com\/avatar\/d189e01678f06d8eb84d4e01f08eb848b3fffe3f8443818d3c356c66892f5be8?s=96&d=mm&r=g\",\"caption\":\"Ag\u00eancia iNFRA\"},\"url\":\"https:\/\/agenciainfra.com\/blog\/author\/admin\/\"}]}<\/script>\n<!-- \/ Yoast SEO Premium plugin. -->","yoast_head_json":{"title":"MP permite \u00e0 ANP ampliar fiscaliza\u00e7\u00e3o e acesso a informa\u00e7\u00f5es, diz diretora - Ag\u00eancia iNFRA","robots":{"index":"index","follow":"follow","max-snippet":"max-snippet:-1","max-image-preview":"max-image-preview:large","max-video-preview":"max-video-preview:-1"},"canonical":"https:\/\/agenciainfra.com\/blog\/mp-permite-a-anp-ampliar-fiscalizacao-e-acesso-a-informacoes-diz-diretora\/","og_locale":"pt_BR","og_type":"article","og_title":"MP permite \u00e0 ANP ampliar fiscaliza\u00e7\u00e3o e acesso a informa\u00e7\u00f5es, diz diretora","og_description":"Gabriel Vasconcelos, da Ag\u00eancia iNFRA A diretora da ANP (Ag\u00eancia Nacional do Petr\u00f3leo, G\u00e1s Natural e Biocombust\u00edveis), Symone Ara\u00fajo, disse nesta sexta-feira (13) que a MP (Medida Provis\u00f3ria) e um decreto do governo federal com vistas a intensificar fiscaliza\u00e7\u00e3o e puni\u00e7\u00f5es ao abuso de pre\u00e7os no setor de combust\u00edveis s\u00e3o uma oportunidade para a ag\u00eancia [&hellip;]","og_url":"https:\/\/agenciainfra.com\/blog\/mp-permite-a-anp-ampliar-fiscalizacao-e-acesso-a-informacoes-diz-diretora\/","og_site_name":"Ag\u00eancia iNFRA","article_publisher":"https:\/\/www.facebook.com\/ageninfra","article_published_time":"2026-03-13T14:07:25+00:00","article_modified_time":"2026-03-16T14:40:27+00:00","og_image":[{"width":1278,"height":780,"url":"https:\/\/agenciainfra.com\/blog\/wp-content\/uploads\/2026\/03\/symone-araujo-foto-pepe_oliveira_anp-e1773410831820.jpg","type":"image\/jpeg"}],"author":"Ag\u00eancia iNFRA","twitter_card":"summary_large_image","twitter_creator":"@agencia_infra","twitter_site":"@agencia_infra","twitter_misc":{"Escrito por":"Ag\u00eancia iNFRA","Est. tempo de leitura":"3 minutos"},"schema":{"@context":"https:\/\/schema.org","@graph":[{"@type":"Article","@id":"https:\/\/agenciainfra.com\/blog\/mp-permite-a-anp-ampliar-fiscalizacao-e-acesso-a-informacoes-diz-diretora\/#article","isPartOf":{"@id":"https:\/\/agenciainfra.com\/blog\/mp-permite-a-anp-ampliar-fiscalizacao-e-acesso-a-informacoes-diz-diretora\/"},"author":{"name":"Ag\u00eancia iNFRA","@id":"https:\/\/agenciainfra.com\/blog\/#\/schema\/person\/34af08dff6adea4cb22b06612ba7acfa"},"headline":"MP permite \u00e0 ANP ampliar fiscaliza\u00e7\u00e3o e acesso a informa\u00e7\u00f5es, diz diretora","datePublished":"2026-03-13T14:07:25+00:00","dateModified":"2026-03-16T14:40:27+00:00","mainEntityOfPage":{"@id":"https:\/\/agenciainfra.com\/blog\/mp-permite-a-anp-ampliar-fiscalizacao-e-acesso-a-informacoes-diz-diretora\/"},"wordCount":677,"publisher":{"@id":"https:\/\/agenciainfra.com\/blog\/#organization"},"image":{"@id":"https:\/\/agenciainfra.com\/blog\/mp-permite-a-anp-ampliar-fiscalizacao-e-acesso-a-informacoes-diz-diretora\/#primaryimage"},"thumbnailUrl":"https:\/\/agenciainfra.com\/blog\/wp-content\/uploads\/2026\/03\/symone-araujo-foto-pepe_oliveira_anp-e1773410831820.jpg","keywords":["ANP","combust\u00edveis","combust\u00edveis l\u00edquidos","Daniel Maia","Gabriel Vasconcelos","Pre\u00e7os de combust\u00edveis","Regula\u00e7\u00e3o","subven\u00e7\u00e3o","symone ara\u00fajo"],"articleSection":["Destaque lista","\u00d3leo &amp; G\u00e1s"],"inLanguage":"pt-BR","copyrightYear":"2026","copyrightHolder":{"@id":"https:\/\/agenciainfra.com\/blog\/#organization"}},{"@type":"WebPage","@id":"https:\/\/agenciainfra.com\/blog\/mp-permite-a-anp-ampliar-fiscalizacao-e-acesso-a-informacoes-diz-diretora\/","url":"https:\/\/agenciainfra.com\/blog\/mp-permite-a-anp-ampliar-fiscalizacao-e-acesso-a-informacoes-diz-diretora\/","name":"MP permite \u00e0 ANP ampliar fiscaliza\u00e7\u00e3o e acesso a informa\u00e7\u00f5es, diz diretora - Ag\u00eancia iNFRA","isPartOf":{"@id":"https:\/\/agenciainfra.com\/blog\/#website"},"primaryImageOfPage":{"@id":"https:\/\/agenciainfra.com\/blog\/mp-permite-a-anp-ampliar-fiscalizacao-e-acesso-a-informacoes-diz-diretora\/#primaryimage"},"image":{"@id":"https:\/\/agenciainfra.com\/blog\/mp-permite-a-anp-ampliar-fiscalizacao-e-acesso-a-informacoes-diz-diretora\/#primaryimage"},"thumbnailUrl":"https:\/\/agenciainfra.com\/blog\/wp-content\/uploads\/2026\/03\/symone-araujo-foto-pepe_oliveira_anp-e1773410831820.jpg","datePublished":"2026-03-13T14:07:25+00:00","dateModified":"2026-03-16T14:40:27+00:00","breadcrumb":{"@id":"https:\/\/agenciainfra.com\/blog\/mp-permite-a-anp-ampliar-fiscalizacao-e-acesso-a-informacoes-diz-diretora\/#breadcrumb"},"inLanguage":"pt-BR","potentialAction":[{"@type":"ReadAction","target":["https:\/\/agenciainfra.com\/blog\/mp-permite-a-anp-ampliar-fiscalizacao-e-acesso-a-informacoes-diz-diretora\/"]}]},{"@type":"ImageObject","inLanguage":"pt-BR","@id":"https:\/\/agenciainfra.com\/blog\/mp-permite-a-anp-ampliar-fiscalizacao-e-acesso-a-informacoes-diz-diretora\/#primaryimage","url":"https:\/\/agenciainfra.com\/blog\/wp-content\/uploads\/2026\/03\/symone-araujo-foto-pepe_oliveira_anp-e1773410831820.jpg","contentUrl":"https:\/\/agenciainfra.com\/blog\/wp-content\/uploads\/2026\/03\/symone-araujo-foto-pepe_oliveira_anp-e1773410831820.jpg","width":1278,"height":780,"caption":"Foto: Pep\u00ea Oliveira\/ANP"},{"@type":"BreadcrumbList","@id":"https:\/\/agenciainfra.com\/blog\/mp-permite-a-anp-ampliar-fiscalizacao-e-acesso-a-informacoes-diz-diretora\/#breadcrumb","itemListElement":[{"@type":"ListItem","position":1,"name":"In\u00edcio","item":"https:\/\/agenciainfra.com\/blog\/"},{"@type":"ListItem","position":2,"name":"MP permite \u00e0 ANP ampliar fiscaliza\u00e7\u00e3o e acesso a informa\u00e7\u00f5es, diz diretora"}]},{"@type":"WebSite","@id":"https:\/\/agenciainfra.com\/blog\/#website","url":"https:\/\/agenciainfra.com\/blog\/","name":"Ag\u00eancia iNFRA","description":"Multiplataforma de informa\u00e7\u00e3o jornal\u00edstica refer\u00eancia na \u00e1rea de infraestrutura no Brasil!","publisher":{"@id":"https:\/\/agenciainfra.com\/blog\/#organization"},"potentialAction":[{"@type":"SearchAction","target":{"@type":"EntryPoint","urlTemplate":"https:\/\/agenciainfra.com\/blog\/?s={search_term_string}"},"query-input":{"@type":"PropertyValueSpecification","valueRequired":true,"valueName":"search_term_string"}}],"inLanguage":"pt-BR"},{"@type":"Organization","@id":"https:\/\/agenciainfra.com\/blog\/#organization","name":"Ag\u00eancia iNFRA","url":"https:\/\/agenciainfra.com\/blog\/","logo":{"@type":"ImageObject","inLanguage":"pt-BR","@id":"https:\/\/agenciainfra.com\/blog\/#\/schema\/logo\/image\/","url":"https:\/\/agenciainfra.com\/blog\/wp-content\/uploads\/2023\/09\/iNFRA_5-e1761735885940.png","contentUrl":"https:\/\/agenciainfra.com\/blog\/wp-content\/uploads\/2023\/09\/iNFRA_5-e1761735885940.png","width":1672,"height":454,"caption":"Ag\u00eancia iNFRA"},"image":{"@id":"https:\/\/agenciainfra.com\/blog\/#\/schema\/logo\/image\/"},"sameAs":["https:\/\/www.facebook.com\/ageninfra","https:\/\/x.com\/agencia_infra","https:\/\/www.linkedin.com\/company\/ag\u00eanciainfra\/","https:\/\/www.instagram.com\/agenciainfra\/"]},{"@type":"Person","@id":"https:\/\/agenciainfra.com\/blog\/#\/schema\/person\/34af08dff6adea4cb22b06612ba7acfa","name":"Ag\u00eancia iNFRA","image":{"@type":"ImageObject","inLanguage":"pt-BR","@id":"https:\/\/agenciainfra.com\/blog\/#\/schema\/person\/image\/","url":"https:\/\/secure.gravatar.com\/avatar\/d189e01678f06d8eb84d4e01f08eb848b3fffe3f8443818d3c356c66892f5be8?s=96&d=mm&r=g","contentUrl":"https:\/\/secure.gravatar.com\/avatar\/d189e01678f06d8eb84d4e01f08eb848b3fffe3f8443818d3c356c66892f5be8?s=96&d=mm&r=g","caption":"Ag\u00eancia iNFRA"},"url":"https:\/\/agenciainfra.com\/blog\/author\/admin\/"}]}},"_links":{"self":[{"href":"https:\/\/agenciainfra.com\/blog\/wp-json\/wp\/v2\/posts\/37841","targetHints":{"allow":["GET"]}}],"collection":[{"href":"https:\/\/agenciainfra.com\/blog\/wp-json\/wp\/v2\/posts"}],"about":[{"href":"https:\/\/agenciainfra.com\/blog\/wp-json\/wp\/v2\/types\/post"}],"author":[{"embeddable":true,"href":"https:\/\/agenciainfra.com\/blog\/wp-json\/wp\/v2\/users\/1"}],"replies":[{"embeddable":true,"href":"https:\/\/agenciainfra.com\/blog\/wp-json\/wp\/v2\/comments?post=37841"}],"version-history":[{"count":2,"href":"https:\/\/agenciainfra.com\/blog\/wp-json\/wp\/v2\/posts\/37841\/revisions"}],"predecessor-version":[{"id":37845,"href":"https:\/\/agenciainfra.com\/blog\/wp-json\/wp\/v2\/posts\/37841\/revisions\/37845"}],"wp:featuredmedia":[{"embeddable":true,"href":"https:\/\/agenciainfra.com\/blog\/wp-json\/wp\/v2\/media\/37842"}],"wp:attachment":[{"href":"https:\/\/agenciainfra.com\/blog\/wp-json\/wp\/v2\/media?parent=37841"}],"wp:term":[{"taxonomy":"category","embeddable":true,"href":"https:\/\/agenciainfra.com\/blog\/wp-json\/wp\/v2\/categories?post=37841"},{"taxonomy":"post_tag","embeddable":true,"href":"https:\/\/agenciainfra.com\/blog\/wp-json\/wp\/v2\/tags?post=37841"}],"curies":[{"name":"wp","href":"https:\/\/api.w.org\/{rel}","templated":true}]}}