{"id":37844,"date":"2026-03-13T11:26:59","date_gmt":"2026-03-13T14:26:59","guid":{"rendered":"https:\/\/agenciainfra.com\/blog\/?p=37844"},"modified":"2026-03-16T12:05:29","modified_gmt":"2026-03-16T15:05:29","slug":"setor-rechaca-imposto-sobre-exportacao-de-petroleo","status":"publish","type":"post","link":"https:\/\/agenciainfra.com\/blog\/setor-rechaca-imposto-sobre-exportacao-de-petroleo\/","title":{"rendered":"Setor recha\u00e7a imposto de 12% sobre exporta\u00e7\u00e3o de petr\u00f3leo"},"content":{"rendered":"\n<p class=\"has-text-align-right\"><strong>Lais Carregosa, Gabriel Vasconcelos e Rafael Bitencourt, da Ag\u00eancia iNFRA<\/strong><\/p>\n\n\n\n<figure class=\"wp-block-image aligncenter size-full is-resized\"><a href=\"https:\/\/agenciainfra.com\/blog\/assine-nossos-servicos\/\"><img fetchpriority=\"high\" decoding=\"async\" width=\"966\" height=\"117\" src=\"https:\/\/agenciainfra.com\/blog\/wp-content\/uploads\/2026\/01\/selo-assinantes-1.png\" alt=\"\" class=\"wp-image-35239\" style=\"width:400px\" srcset=\"https:\/\/agenciainfra.com\/blog\/wp-content\/uploads\/2026\/01\/selo-assinantes-1.png 966w, https:\/\/agenciainfra.com\/blog\/wp-content\/uploads\/2026\/01\/selo-assinantes-1-300x36.png 300w, https:\/\/agenciainfra.com\/blog\/wp-content\/uploads\/2026\/01\/selo-assinantes-1-768x93.png 768w\" sizes=\"(max-width: 966px) 100vw, 966px\" \/><\/a><\/figure>\n\n\n\n<p>O setor de petr\u00f3leo e g\u00e1s natural recha\u00e7ou amplamente a cria\u00e7\u00e3o de um imposto de exporta\u00e7\u00e3o, com al\u00edquota de 12%, sobre o petr\u00f3leo bruto. A medida faz parte de <a href=\"https:\/\/agenciainfra.com\/blog\/governo-zera-pis-cofins-do-diesel-e-cria-imposto-de-exportacao-de-petroleo\/\">um pacote<\/a> assinado pelo presidente Lula na quinta-feira (12) para conter a alta do \u00f3leo diesel na bomba, ap\u00f3s a disparada das cota\u00e7\u00f5es do petr\u00f3leo ligada \u00e0 guerra no Ir\u00e3. Junto com a nova taxa, o governo aprovou uma subven\u00e7\u00e3o estimada em R$ 10 bilh\u00f5es aos produtores e importadores de diesel. Para agentes consultados pela\u00a0<strong>Ag\u00eancia iNFRA<\/strong>, a iniciativa tem vi\u00e9s arrecadat\u00f3rio e visa dar f\u00f4lego \u00e0 Petrobras.<br><br>Entre os agentes prejudicados, est\u00e3o as petroleiras que produzem no Brasil com foco em exporta\u00e7\u00e3o, entre as quais as chamadas \u201cmajors\u201d estrangeiras (como TotalEnergies, Shell, Equinor, BR etc.) e empresas brasileiras m\u00e9dias, como a Prio. Todas essas empresas atuam apenas na produ\u00e7\u00e3o de petr\u00f3leo no Brasil, ao contr\u00e1rio da Petrobras que, apesar de igualmente taxada, ser\u00e1 compensada com a subven\u00e7\u00e3o ao refino. A estatal \u00e9 a maior produtora de combust\u00edveis do pa\u00eds.<br><br>\u201cPara corrigir uma situa\u00e7\u00e3o, o governo est\u00e1 criando distor\u00e7\u00f5es no mercado que acabam se multiplicando. Est\u00e3o, mais uma vez, mudando as regras no meio do jogo, e ainda querem falar em atrair as empresas em rodada de licita\u00e7\u00e3o. Quem vai vir para o Brasil com isso a\u00ed? S\u00e3o mensagens contradit\u00f3rias\u201d, reclama um alto executivo de petroleira internacional. Segundo a fonte, as empresas veem interesse meramente arrecadat\u00f3rio do governo e tendem a voltar \u00e0 carga na Justi\u00e7a.\u00a0<br><br>Conforme apontado em nota do IBP (Instituto Brasileiro de Petr\u00f3leo, G\u00e1s e Biocombust\u00edveis), as empresas reclamam que n\u00e3o foram chamadas previamente pelo governo para discutir as medidas. Sem compensa\u00e7\u00e3o garantida, a n\u00e3o ser a amplia\u00e7\u00e3o da receita ligada \u00e0 valoriza\u00e7\u00e3o do Brent assinalada pelo ministro da Fazenda, Fernando Haddad, no an\u00fancio oficial, essas petroleiras\u00a0experimentam o imposto pela segunda vez no governo Lula: entre mar\u00e7o e junho de 2023, tamb\u00e9m por meio de medida provis\u00f3ria, o governo taxou as exporta\u00e7\u00f5es de \u00f3leo bruto em 9,2%, medida julgada ilegal dois anos depois pelo TRF-2 (Tribunal Regional Federal da 2\u00aa Regi\u00e3o) e que ainda \u00e9 questionada no STF (Supremo Tribunal Federal). Desta vez, o imposto est\u00e1 previsto at\u00e9 o fim do ano.<br><br><strong>Arrecada\u00e7\u00e3o e colch\u00e3o para a Petrobras<\/strong><br>Para o s\u00f3cio-diretor da Leggio Consultoria, Marcos D\u2019Elia, o imposto de 12% sobre a exporta\u00e7\u00e3o de petr\u00f3leo deve resultar em arrecada\u00e7\u00e3o superior aos R$ 30 bilh\u00f5es previstos pela equipe econ\u00f4mica do governo para compensar a isen\u00e7\u00e3o tribut\u00e1ria e a subven\u00e7\u00e3o aos agentes.\u00a0<br><br>\u201cNaturalmente, a margem dos produtores vai crescer porque o barril de petr\u00f3leo est\u00e1 com pre\u00e7o muito alto. E o governo est\u00e1 buscando uma parcela desse ganho, ou seja, tirar parte de sua arrecada\u00e7\u00e3o desse ganho das companhias produtoras [com a cota\u00e7\u00e3o do barril], inclusive a Petrobras\u201d, disse. Ele acrescenta que o pre\u00e7o do petr\u00f3leo deve continuar a subir acima do patamar atual. \u201cO ponto \u00e9 o desequil\u00edbrio entre o que o governo vai arrecadar com o imposto no petr\u00f3leo e quanto ele est\u00e1 efetivamente subsidiando o diesel no Brasil\u201d, frisou.<br><br>Para S\u00e9rgio Ara\u00fajo, presidente da Abicom (Associa\u00e7\u00e3o Brasileira de Importadores de Combust\u00edveis), a subven\u00e7\u00e3o \u00e0 cadeia do diesel \u00e9 medida acertada, mas n\u00e3o deveria ser compensada por meio de novo imposto sobre petr\u00f3leo exportado. \u201cN\u00e3o \u00e9 razo\u00e1vel que uma empresa tenha investido em projetos que v\u00e3o ser afetados por um imposto novo. Al\u00e9m do mais, \u00e9 desnecess\u00e1rio, porque a arrecada\u00e7\u00e3o com royalties e participa\u00e7\u00f5es especiais, justamente em fun\u00e7\u00e3o da disparada do Brent, vir\u00e1 acima das proje\u00e7\u00f5es do governo e poderia cobrir o programa [de subven\u00e7\u00e3o]\u201d, diz Ara\u00fajo.<br><br>D\u2019Elia v\u00ea as medidas anunciadas pelo governo como uma forma de proteger a Petrobras das perdas que vem acumulando com a defasagem nos pre\u00e7os dos combust\u00edveis. At\u00e9 o momento, a companhia n\u00e3o reajustou o valor de venda da gasolina e do diesel em suas refinarias. \u201cNa verdade, [a medida provis\u00f3ria] est\u00e1 tentando dar f\u00f4lego para a Petrobras para segurar o aumento de pre\u00e7o do diesel. A Petrobras est\u00e1 pagando parte desse imposto [de exporta\u00e7\u00e3o] assim como os outros produtores, e o governo depois devolve para a Petrobras no refino. \u00c9 o subs\u00eddio de 32 centavos\u201d, disse.<br><br>Para al\u00e9m da sanha arrecadat\u00f3ria, fontes de mercado ouvidas pela\u00a0<strong>Ag\u00eancia iNFRA<\/strong>\u00a0refor\u00e7am que um efeito colateral da medida seria facilitar a vida de refinarias privadas, que poderiam ter acesso a mais petr\u00f3leo bruto em fun\u00e7\u00e3o do desest\u00edmulo das exporta\u00e7\u00f5es. Seria o caso da Acelen, dona da Refinaria de Mataripe, na Bahia.<br><br><strong>Impostos e subven\u00e7\u00e3o\u00a0<\/strong><br>Apesar das cr\u00edticas, os agentes viram a isen\u00e7\u00e3o dos impostos federais PIS e Cofins, que faz parte do pacote anunciado pelo governo, com bons olhos. O ex-presidente da ANP (Ag\u00eancia Nacional do Petr\u00f3leo, G\u00e1s Natural e Biocombust\u00edveis) e executivo de petroleiras, D\u00e9cio Oddone, destaca que o pre\u00e7o dos combust\u00edveis \u00e9 formado por tr\u00eas elementos: pre\u00e7o da commodity, margens de distribui\u00e7\u00e3o e refino e impostos.\u00a0<br><br>\u201cOnde o governo pode mexer sem criar traumas \u00e9 nos impostos incidentes, e o formato da subven\u00e7\u00e3o \u00e9 uma decis\u00e3o pol\u00edtica. Eu faria algo centrado nos mais pobres e n\u00e3o em todo o mercado. O que \u00e9 um erro de fato \u00e9 taxar a exporta\u00e7\u00e3o de petr\u00f3leo porque isso destr\u00f3i a atra\u00e7\u00e3o de investimentos\u201d, diz Oddone, que chefiava a ANP em 2018, quando subven\u00e7\u00e3o an\u00e1loga foi feita para aplacar os efeitos da greve dos caminhoneiros.\u00a0<br><br>Felipe Kury, que tamb\u00e9m era diretor da ANP \u00e0 \u00e9poca, v\u00ea similaridades com a pol\u00edtica do governo Michel Temer (MDB) \u2013 quando o Tesouro absorveu os valores de subven\u00e7\u00e3o dada aos produtores. \u201cComo medida de curto prazo, talvez tenha sido a sa\u00edda mais adequada, mas como medida de m\u00e9dio e longo prazo \u00e9 terr\u00edvel para o pa\u00eds\u201d, disse.\u00a0<br><br>Kury lamenta que as ideias aventadas na ocasi\u00e3o n\u00e3o tenham sido levadas adiante. \u201cAqui no Brasil, poderia-se pensar na PPSA [Pr\u00e9-Sal Petr\u00f3leo S.A.], por exemplo, para servir de um colch\u00e3o, agora que eles est\u00e3o acumulando um volume expressivo de \u00f3leo da Uni\u00e3o com os contratos de partilha. Mas n\u00e3o se consegue criar um mecanismo desse de uma hora para outra. Como a gente n\u00e3o tem isso, vemos a medida provis\u00f3ria\u201d, destacou. De acordo com ele, o governo est\u00e1 tentando mitigar oscila\u00e7\u00f5es externas e proteger o mercado interno. \u201cMas tudo isso tem um custo porque se cria inseguran\u00e7a regulat\u00f3ria e jur\u00eddica.\u201d<br><br><strong>Pacote de medidas<\/strong><br>O pacote inclui o decreto que <a href=\"https:\/\/www.in.gov.br\/web\/dou\/-\/decreto-n-12.875-de-12-de-marco-de-2026-692313562\">zera os impostos federais<\/a> at\u00e9 31 de maio de 2026, e uma <a href=\"https:\/\/www.in.gov.br\/web\/dou\/-\/medida-provisoria-n-1.340-de-12-de-marco-de-2026-692396988\">medida provis\u00f3ria<\/a> que cria o imposto de exporta\u00e7\u00e3o e define a subven\u00e7\u00e3o \u00e0s refinarias e aos importadores de diesel. Outro decreto foi assinado para ampliar as <a href=\"https:\/\/www.in.gov.br\/web\/dou\/-\/decreto-n-12.876-de-12-de-marco-de-2026-692397314\">atividades de fiscaliza\u00e7\u00e3o<\/a> na cadeia de combust\u00edveis.<br><br>A MP tem for\u00e7a de lei e j\u00e1 entrou em vigor, mas precisa ser aprovada pelo Congresso Nacional em at\u00e9 60 dias, prorrog\u00e1veis pelo mesmo per\u00edodo. As subven\u00e7\u00f5es t\u00eam validade at\u00e9 o fim do ano ou at\u00e9 que os recursos de R$ 10 bilh\u00f5es sejam esgotados.\u00a0<br><br>Parte importante das medidas ainda ser\u00e1 regulamentada pela ANP, que sorteou no fim da tarde de quinta (12) os diretores-relatores dos processos, respons\u00e1veis por dar-lhes ritmo dentro da ag\u00eancia. A diretora Symone Ara\u00fajo vai tratar dos termos do combate a pre\u00e7os e estocagem abusivos, que requer defini\u00e7\u00e3o de crit\u00e9rios objetivos, e o diretor Daniel Maia vai tratar da subven\u00e7\u00e3o.<br><br><strong>Convoca\u00e7\u00e3o \u00e0s distribuidoras<\/strong><br>No fim da tarde de quinta (12), o governo chamou as distribuidoras para detalhar as medidas apresentadas mais cedo no Pal\u00e1cio do Planalto. O ministro do MDIC (Minist\u00e9rio do Desenvolvimento, Ind\u00fastria e Com\u00e9rcio), Geraldo Alckmin, informou, sem dar mais detalhes, que as distribuidoras de combust\u00edvel chegaram a fazer sugest\u00e3o de aumento da importa\u00e7\u00e3o por parte da Petrobras. De acordo com ele e com o ministro de Minas e Energia, Alexandre Silveira, o an\u00fancio foi bem recebido pelas principais empresas do segmento, que se mostraram dispostas a colaborar.<\/p>\n","protected":false},"excerpt":{"rendered":"<p>Lais Carregosa, Gabriel Vasconcelos e Rafael Bitencourt, da Ag\u00eancia iNFRA O setor de petr\u00f3leo e g\u00e1s natural recha\u00e7ou amplamente a cria\u00e7\u00e3o de um imposto de exporta\u00e7\u00e3o, com al\u00edquota de 12%, sobre o petr\u00f3leo bruto. A medida faz parte de um pacote assinado pelo presidente Lula na quinta-feira (12) para conter a alta do \u00f3leo diesel [&hellip;]<\/p>\n","protected":false},"author":1,"featured_media":30063,"comment_status":"closed","ping_status":"closed","sticky":false,"template":"","format":"standard","meta":{"_monsterinsights_skip_tracking":false,"_monsterinsights_sitenote_active":false,"_monsterinsights_sitenote_note":"","_monsterinsights_sitenote_category":0,"footnotes":""},"categories":[7250,13271],"tags":[12986,18917,13916,13251,882,18915,13132,143,5848,213,3900,13813,18916],"class_list":["post-37844","post","type-post","status-publish","format-standard","has-post-thumbnail","hentry","category-destaque-lista","category-oleo-gas","tag-distribuidoras-de-combustiveis","tag-distribuidoras-de-petroleo","tag-exportacao-de-petroleo","tag-gabriel-vasconcelos","tag-gas-natural","tag-imposto","tag-lais-carregosa","tag-petrobras","tag-petroleiras","tag-petroleo","tag-pis-cofins","tag-rafael-bitencourt","tag-setor-petroleiro"],"yoast_head":"<!-- This site is optimized with the Yoast SEO Premium plugin v25.4 (Yoast SEO v26.0) - https:\/\/yoast.com\/wordpress\/plugins\/seo\/ -->\n<title>Setor recha\u00e7a imposto de 12% sobre exporta\u00e7\u00e3o de petr\u00f3leo - Ag\u00eancia iNFRA<\/title>\n<meta name=\"robots\" content=\"index, follow, max-snippet:-1, max-image-preview:large, max-video-preview:-1\" \/>\n<link rel=\"canonical\" href=\"https:\/\/agenciainfra.com\/blog\/setor-rechaca-imposto-sobre-exportacao-de-petroleo\/\" \/>\n<meta property=\"og:locale\" content=\"pt_BR\" \/>\n<meta property=\"og:type\" content=\"article\" \/>\n<meta property=\"og:title\" content=\"Setor recha\u00e7a imposto de 12% sobre exporta\u00e7\u00e3o de petr\u00f3leo\" \/>\n<meta property=\"og:description\" content=\"Lais Carregosa, Gabriel Vasconcelos e Rafael Bitencourt, da Ag\u00eancia iNFRA O setor de petr\u00f3leo e g\u00e1s natural recha\u00e7ou amplamente a cria\u00e7\u00e3o de um imposto de exporta\u00e7\u00e3o, com al\u00edquota de 12%, sobre o petr\u00f3leo bruto. A medida faz parte de um pacote assinado pelo presidente Lula na quinta-feira (12) para conter a alta do \u00f3leo diesel [&hellip;]\" \/>\n<meta property=\"og:url\" content=\"https:\/\/agenciainfra.com\/blog\/setor-rechaca-imposto-sobre-exportacao-de-petroleo\/\" \/>\n<meta property=\"og:site_name\" content=\"Ag\u00eancia iNFRA\" \/>\n<meta property=\"article:publisher\" content=\"https:\/\/www.facebook.com\/ageninfra\" \/>\n<meta property=\"article:published_time\" content=\"2026-03-13T14:26:59+00:00\" \/>\n<meta property=\"article:modified_time\" content=\"2026-03-16T15:05:29+00:00\" \/>\n<meta property=\"og:image\" content=\"https:\/\/agenciainfra.com\/blog\/wp-content\/uploads\/2025\/10\/amostra-petroleo-foto-roberto-rosa-petrobras-scaled-e1773411992771.jpg\" \/>\n\t<meta property=\"og:image:width\" content=\"1278\" \/>\n\t<meta property=\"og:image:height\" content=\"783\" \/>\n\t<meta property=\"og:image:type\" content=\"image\/jpeg\" \/>\n<meta name=\"author\" content=\"Ag\u00eancia iNFRA\" \/>\n<meta name=\"twitter:card\" content=\"summary_large_image\" \/>\n<meta name=\"twitter:creator\" content=\"@agencia_infra\" \/>\n<meta name=\"twitter:site\" content=\"@agencia_infra\" \/>\n<meta name=\"twitter:label1\" content=\"Escrito por\" \/>\n\t<meta name=\"twitter:data1\" content=\"Ag\u00eancia iNFRA\" \/>\n\t<meta name=\"twitter:label2\" content=\"Est. tempo de leitura\" \/>\n\t<meta name=\"twitter:data2\" content=\"7 minutos\" \/>\n<script type=\"application\/ld+json\" class=\"yoast-schema-graph\">{\"@context\":\"https:\/\/schema.org\",\"@graph\":[{\"@type\":\"Article\",\"@id\":\"https:\/\/agenciainfra.com\/blog\/setor-rechaca-imposto-sobre-exportacao-de-petroleo\/#article\",\"isPartOf\":{\"@id\":\"https:\/\/agenciainfra.com\/blog\/setor-rechaca-imposto-sobre-exportacao-de-petroleo\/\"},\"author\":{\"name\":\"Ag\u00eancia iNFRA\",\"@id\":\"https:\/\/agenciainfra.com\/blog\/#\/schema\/person\/34af08dff6adea4cb22b06612ba7acfa\"},\"headline\":\"Setor recha\u00e7a imposto de 12% sobre exporta\u00e7\u00e3o de petr\u00f3leo\",\"datePublished\":\"2026-03-13T14:26:59+00:00\",\"dateModified\":\"2026-03-16T15:05:29+00:00\",\"mainEntityOfPage\":{\"@id\":\"https:\/\/agenciainfra.com\/blog\/setor-rechaca-imposto-sobre-exportacao-de-petroleo\/\"},\"wordCount\":1447,\"publisher\":{\"@id\":\"https:\/\/agenciainfra.com\/blog\/#organization\"},\"image\":{\"@id\":\"https:\/\/agenciainfra.com\/blog\/setor-rechaca-imposto-sobre-exportacao-de-petroleo\/#primaryimage\"},\"thumbnailUrl\":\"https:\/\/agenciainfra.com\/blog\/wp-content\/uploads\/2025\/10\/amostra-petroleo-foto-roberto-rosa-petrobras-scaled-e1773411992771.jpg\",\"keywords\":[\"distribuidoras de combust\u00edveis\",\"distribuidoras de petr\u00f3leo\",\"exporta\u00e7\u00e3o de petr\u00f3leo\",\"Gabriel Vasconcelos\",\"g\u00e1s natural\",\"imposto\",\"Lais Carregosa\",\"Petrobras\",\"petroleiras\",\"petr\u00f3leo\",\"PIS\/Cofins\",\"Rafael Bitencourt\",\"setor petroleiro\"],\"articleSection\":[\"Destaque lista\",\"\u00d3leo &amp; G\u00e1s\"],\"inLanguage\":\"pt-BR\",\"copyrightYear\":\"2026\",\"copyrightHolder\":{\"@id\":\"https:\/\/agenciainfra.com\/blog\/#organization\"}},{\"@type\":\"WebPage\",\"@id\":\"https:\/\/agenciainfra.com\/blog\/setor-rechaca-imposto-sobre-exportacao-de-petroleo\/\",\"url\":\"https:\/\/agenciainfra.com\/blog\/setor-rechaca-imposto-sobre-exportacao-de-petroleo\/\",\"name\":\"Setor recha\u00e7a imposto de 12% sobre exporta\u00e7\u00e3o de petr\u00f3leo - Ag\u00eancia iNFRA\",\"isPartOf\":{\"@id\":\"https:\/\/agenciainfra.com\/blog\/#website\"},\"primaryImageOfPage\":{\"@id\":\"https:\/\/agenciainfra.com\/blog\/setor-rechaca-imposto-sobre-exportacao-de-petroleo\/#primaryimage\"},\"image\":{\"@id\":\"https:\/\/agenciainfra.com\/blog\/setor-rechaca-imposto-sobre-exportacao-de-petroleo\/#primaryimage\"},\"thumbnailUrl\":\"https:\/\/agenciainfra.com\/blog\/wp-content\/uploads\/2025\/10\/amostra-petroleo-foto-roberto-rosa-petrobras-scaled-e1773411992771.jpg\",\"datePublished\":\"2026-03-13T14:26:59+00:00\",\"dateModified\":\"2026-03-16T15:05:29+00:00\",\"breadcrumb\":{\"@id\":\"https:\/\/agenciainfra.com\/blog\/setor-rechaca-imposto-sobre-exportacao-de-petroleo\/#breadcrumb\"},\"inLanguage\":\"pt-BR\",\"potentialAction\":[{\"@type\":\"ReadAction\",\"target\":[\"https:\/\/agenciainfra.com\/blog\/setor-rechaca-imposto-sobre-exportacao-de-petroleo\/\"]}]},{\"@type\":\"ImageObject\",\"inLanguage\":\"pt-BR\",\"@id\":\"https:\/\/agenciainfra.com\/blog\/setor-rechaca-imposto-sobre-exportacao-de-petroleo\/#primaryimage\",\"url\":\"https:\/\/agenciainfra.com\/blog\/wp-content\/uploads\/2025\/10\/amostra-petroleo-foto-roberto-rosa-petrobras-scaled-e1773411992771.jpg\",\"contentUrl\":\"https:\/\/agenciainfra.com\/blog\/wp-content\/uploads\/2025\/10\/amostra-petroleo-foto-roberto-rosa-petrobras-scaled-e1773411992771.jpg\",\"width\":1278,\"height\":783,\"caption\":\"Foto: Roberto Rosa\/Ag\u00eancia Petrobras\"},{\"@type\":\"BreadcrumbList\",\"@id\":\"https:\/\/agenciainfra.com\/blog\/setor-rechaca-imposto-sobre-exportacao-de-petroleo\/#breadcrumb\",\"itemListElement\":[{\"@type\":\"ListItem\",\"position\":1,\"name\":\"In\u00edcio\",\"item\":\"https:\/\/agenciainfra.com\/blog\/\"},{\"@type\":\"ListItem\",\"position\":2,\"name\":\"Setor recha\u00e7a imposto de 12% sobre exporta\u00e7\u00e3o de petr\u00f3leo\"}]},{\"@type\":\"WebSite\",\"@id\":\"https:\/\/agenciainfra.com\/blog\/#website\",\"url\":\"https:\/\/agenciainfra.com\/blog\/\",\"name\":\"Ag\u00eancia iNFRA\",\"description\":\"Multiplataforma de informa\u00e7\u00e3o jornal\u00edstica refer\u00eancia na \u00e1rea de infraestrutura no Brasil!\",\"publisher\":{\"@id\":\"https:\/\/agenciainfra.com\/blog\/#organization\"},\"potentialAction\":[{\"@type\":\"SearchAction\",\"target\":{\"@type\":\"EntryPoint\",\"urlTemplate\":\"https:\/\/agenciainfra.com\/blog\/?s={search_term_string}\"},\"query-input\":{\"@type\":\"PropertyValueSpecification\",\"valueRequired\":true,\"valueName\":\"search_term_string\"}}],\"inLanguage\":\"pt-BR\"},{\"@type\":\"Organization\",\"@id\":\"https:\/\/agenciainfra.com\/blog\/#organization\",\"name\":\"Ag\u00eancia iNFRA\",\"url\":\"https:\/\/agenciainfra.com\/blog\/\",\"logo\":{\"@type\":\"ImageObject\",\"inLanguage\":\"pt-BR\",\"@id\":\"https:\/\/agenciainfra.com\/blog\/#\/schema\/logo\/image\/\",\"url\":\"https:\/\/agenciainfra.com\/blog\/wp-content\/uploads\/2023\/09\/iNFRA_5-e1761735885940.png\",\"contentUrl\":\"https:\/\/agenciainfra.com\/blog\/wp-content\/uploads\/2023\/09\/iNFRA_5-e1761735885940.png\",\"width\":1672,\"height\":454,\"caption\":\"Ag\u00eancia iNFRA\"},\"image\":{\"@id\":\"https:\/\/agenciainfra.com\/blog\/#\/schema\/logo\/image\/\"},\"sameAs\":[\"https:\/\/www.facebook.com\/ageninfra\",\"https:\/\/x.com\/agencia_infra\",\"https:\/\/www.linkedin.com\/company\/ag\u00eanciainfra\/\",\"https:\/\/www.instagram.com\/agenciainfra\/\"]},{\"@type\":\"Person\",\"@id\":\"https:\/\/agenciainfra.com\/blog\/#\/schema\/person\/34af08dff6adea4cb22b06612ba7acfa\",\"name\":\"Ag\u00eancia iNFRA\",\"image\":{\"@type\":\"ImageObject\",\"inLanguage\":\"pt-BR\",\"@id\":\"https:\/\/agenciainfra.com\/blog\/#\/schema\/person\/image\/\",\"url\":\"https:\/\/secure.gravatar.com\/avatar\/d189e01678f06d8eb84d4e01f08eb848b3fffe3f8443818d3c356c66892f5be8?s=96&d=mm&r=g\",\"contentUrl\":\"https:\/\/secure.gravatar.com\/avatar\/d189e01678f06d8eb84d4e01f08eb848b3fffe3f8443818d3c356c66892f5be8?s=96&d=mm&r=g\",\"caption\":\"Ag\u00eancia iNFRA\"},\"url\":\"https:\/\/agenciainfra.com\/blog\/author\/admin\/\"}]}<\/script>\n<!-- \/ Yoast SEO Premium plugin. -->","yoast_head_json":{"title":"Setor recha\u00e7a imposto de 12% sobre exporta\u00e7\u00e3o de petr\u00f3leo - Ag\u00eancia iNFRA","robots":{"index":"index","follow":"follow","max-snippet":"max-snippet:-1","max-image-preview":"max-image-preview:large","max-video-preview":"max-video-preview:-1"},"canonical":"https:\/\/agenciainfra.com\/blog\/setor-rechaca-imposto-sobre-exportacao-de-petroleo\/","og_locale":"pt_BR","og_type":"article","og_title":"Setor recha\u00e7a imposto de 12% sobre exporta\u00e7\u00e3o de petr\u00f3leo","og_description":"Lais Carregosa, Gabriel Vasconcelos e Rafael Bitencourt, da Ag\u00eancia iNFRA O setor de petr\u00f3leo e g\u00e1s natural recha\u00e7ou amplamente a cria\u00e7\u00e3o de um imposto de exporta\u00e7\u00e3o, com al\u00edquota de 12%, sobre o petr\u00f3leo bruto. A medida faz parte de um pacote assinado pelo presidente Lula na quinta-feira (12) para conter a alta do \u00f3leo diesel [&hellip;]","og_url":"https:\/\/agenciainfra.com\/blog\/setor-rechaca-imposto-sobre-exportacao-de-petroleo\/","og_site_name":"Ag\u00eancia iNFRA","article_publisher":"https:\/\/www.facebook.com\/ageninfra","article_published_time":"2026-03-13T14:26:59+00:00","article_modified_time":"2026-03-16T15:05:29+00:00","og_image":[{"width":1278,"height":783,"url":"https:\/\/agenciainfra.com\/blog\/wp-content\/uploads\/2025\/10\/amostra-petroleo-foto-roberto-rosa-petrobras-scaled-e1773411992771.jpg","type":"image\/jpeg"}],"author":"Ag\u00eancia iNFRA","twitter_card":"summary_large_image","twitter_creator":"@agencia_infra","twitter_site":"@agencia_infra","twitter_misc":{"Escrito por":"Ag\u00eancia iNFRA","Est. tempo de leitura":"7 minutos"},"schema":{"@context":"https:\/\/schema.org","@graph":[{"@type":"Article","@id":"https:\/\/agenciainfra.com\/blog\/setor-rechaca-imposto-sobre-exportacao-de-petroleo\/#article","isPartOf":{"@id":"https:\/\/agenciainfra.com\/blog\/setor-rechaca-imposto-sobre-exportacao-de-petroleo\/"},"author":{"name":"Ag\u00eancia iNFRA","@id":"https:\/\/agenciainfra.com\/blog\/#\/schema\/person\/34af08dff6adea4cb22b06612ba7acfa"},"headline":"Setor recha\u00e7a imposto de 12% sobre exporta\u00e7\u00e3o de petr\u00f3leo","datePublished":"2026-03-13T14:26:59+00:00","dateModified":"2026-03-16T15:05:29+00:00","mainEntityOfPage":{"@id":"https:\/\/agenciainfra.com\/blog\/setor-rechaca-imposto-sobre-exportacao-de-petroleo\/"},"wordCount":1447,"publisher":{"@id":"https:\/\/agenciainfra.com\/blog\/#organization"},"image":{"@id":"https:\/\/agenciainfra.com\/blog\/setor-rechaca-imposto-sobre-exportacao-de-petroleo\/#primaryimage"},"thumbnailUrl":"https:\/\/agenciainfra.com\/blog\/wp-content\/uploads\/2025\/10\/amostra-petroleo-foto-roberto-rosa-petrobras-scaled-e1773411992771.jpg","keywords":["distribuidoras de combust\u00edveis","distribuidoras de petr\u00f3leo","exporta\u00e7\u00e3o de petr\u00f3leo","Gabriel Vasconcelos","g\u00e1s natural","imposto","Lais Carregosa","Petrobras","petroleiras","petr\u00f3leo","PIS\/Cofins","Rafael Bitencourt","setor petroleiro"],"articleSection":["Destaque lista","\u00d3leo &amp; G\u00e1s"],"inLanguage":"pt-BR","copyrightYear":"2026","copyrightHolder":{"@id":"https:\/\/agenciainfra.com\/blog\/#organization"}},{"@type":"WebPage","@id":"https:\/\/agenciainfra.com\/blog\/setor-rechaca-imposto-sobre-exportacao-de-petroleo\/","url":"https:\/\/agenciainfra.com\/blog\/setor-rechaca-imposto-sobre-exportacao-de-petroleo\/","name":"Setor recha\u00e7a imposto de 12% sobre exporta\u00e7\u00e3o de petr\u00f3leo - Ag\u00eancia iNFRA","isPartOf":{"@id":"https:\/\/agenciainfra.com\/blog\/#website"},"primaryImageOfPage":{"@id":"https:\/\/agenciainfra.com\/blog\/setor-rechaca-imposto-sobre-exportacao-de-petroleo\/#primaryimage"},"image":{"@id":"https:\/\/agenciainfra.com\/blog\/setor-rechaca-imposto-sobre-exportacao-de-petroleo\/#primaryimage"},"thumbnailUrl":"https:\/\/agenciainfra.com\/blog\/wp-content\/uploads\/2025\/10\/amostra-petroleo-foto-roberto-rosa-petrobras-scaled-e1773411992771.jpg","datePublished":"2026-03-13T14:26:59+00:00","dateModified":"2026-03-16T15:05:29+00:00","breadcrumb":{"@id":"https:\/\/agenciainfra.com\/blog\/setor-rechaca-imposto-sobre-exportacao-de-petroleo\/#breadcrumb"},"inLanguage":"pt-BR","potentialAction":[{"@type":"ReadAction","target":["https:\/\/agenciainfra.com\/blog\/setor-rechaca-imposto-sobre-exportacao-de-petroleo\/"]}]},{"@type":"ImageObject","inLanguage":"pt-BR","@id":"https:\/\/agenciainfra.com\/blog\/setor-rechaca-imposto-sobre-exportacao-de-petroleo\/#primaryimage","url":"https:\/\/agenciainfra.com\/blog\/wp-content\/uploads\/2025\/10\/amostra-petroleo-foto-roberto-rosa-petrobras-scaled-e1773411992771.jpg","contentUrl":"https:\/\/agenciainfra.com\/blog\/wp-content\/uploads\/2025\/10\/amostra-petroleo-foto-roberto-rosa-petrobras-scaled-e1773411992771.jpg","width":1278,"height":783,"caption":"Foto: Roberto Rosa\/Ag\u00eancia Petrobras"},{"@type":"BreadcrumbList","@id":"https:\/\/agenciainfra.com\/blog\/setor-rechaca-imposto-sobre-exportacao-de-petroleo\/#breadcrumb","itemListElement":[{"@type":"ListItem","position":1,"name":"In\u00edcio","item":"https:\/\/agenciainfra.com\/blog\/"},{"@type":"ListItem","position":2,"name":"Setor recha\u00e7a imposto de 12% sobre exporta\u00e7\u00e3o de petr\u00f3leo"}]},{"@type":"WebSite","@id":"https:\/\/agenciainfra.com\/blog\/#website","url":"https:\/\/agenciainfra.com\/blog\/","name":"Ag\u00eancia iNFRA","description":"Multiplataforma de informa\u00e7\u00e3o jornal\u00edstica refer\u00eancia na \u00e1rea de infraestrutura no Brasil!","publisher":{"@id":"https:\/\/agenciainfra.com\/blog\/#organization"},"potentialAction":[{"@type":"SearchAction","target":{"@type":"EntryPoint","urlTemplate":"https:\/\/agenciainfra.com\/blog\/?s={search_term_string}"},"query-input":{"@type":"PropertyValueSpecification","valueRequired":true,"valueName":"search_term_string"}}],"inLanguage":"pt-BR"},{"@type":"Organization","@id":"https:\/\/agenciainfra.com\/blog\/#organization","name":"Ag\u00eancia iNFRA","url":"https:\/\/agenciainfra.com\/blog\/","logo":{"@type":"ImageObject","inLanguage":"pt-BR","@id":"https:\/\/agenciainfra.com\/blog\/#\/schema\/logo\/image\/","url":"https:\/\/agenciainfra.com\/blog\/wp-content\/uploads\/2023\/09\/iNFRA_5-e1761735885940.png","contentUrl":"https:\/\/agenciainfra.com\/blog\/wp-content\/uploads\/2023\/09\/iNFRA_5-e1761735885940.png","width":1672,"height":454,"caption":"Ag\u00eancia iNFRA"},"image":{"@id":"https:\/\/agenciainfra.com\/blog\/#\/schema\/logo\/image\/"},"sameAs":["https:\/\/www.facebook.com\/ageninfra","https:\/\/x.com\/agencia_infra","https:\/\/www.linkedin.com\/company\/ag\u00eanciainfra\/","https:\/\/www.instagram.com\/agenciainfra\/"]},{"@type":"Person","@id":"https:\/\/agenciainfra.com\/blog\/#\/schema\/person\/34af08dff6adea4cb22b06612ba7acfa","name":"Ag\u00eancia iNFRA","image":{"@type":"ImageObject","inLanguage":"pt-BR","@id":"https:\/\/agenciainfra.com\/blog\/#\/schema\/person\/image\/","url":"https:\/\/secure.gravatar.com\/avatar\/d189e01678f06d8eb84d4e01f08eb848b3fffe3f8443818d3c356c66892f5be8?s=96&d=mm&r=g","contentUrl":"https:\/\/secure.gravatar.com\/avatar\/d189e01678f06d8eb84d4e01f08eb848b3fffe3f8443818d3c356c66892f5be8?s=96&d=mm&r=g","caption":"Ag\u00eancia iNFRA"},"url":"https:\/\/agenciainfra.com\/blog\/author\/admin\/"}]}},"_links":{"self":[{"href":"https:\/\/agenciainfra.com\/blog\/wp-json\/wp\/v2\/posts\/37844","targetHints":{"allow":["GET"]}}],"collection":[{"href":"https:\/\/agenciainfra.com\/blog\/wp-json\/wp\/v2\/posts"}],"about":[{"href":"https:\/\/agenciainfra.com\/blog\/wp-json\/wp\/v2\/types\/post"}],"author":[{"embeddable":true,"href":"https:\/\/agenciainfra.com\/blog\/wp-json\/wp\/v2\/users\/1"}],"replies":[{"embeddable":true,"href":"https:\/\/agenciainfra.com\/blog\/wp-json\/wp\/v2\/comments?post=37844"}],"version-history":[{"count":1,"href":"https:\/\/agenciainfra.com\/blog\/wp-json\/wp\/v2\/posts\/37844\/revisions"}],"predecessor-version":[{"id":37848,"href":"https:\/\/agenciainfra.com\/blog\/wp-json\/wp\/v2\/posts\/37844\/revisions\/37848"}],"wp:featuredmedia":[{"embeddable":true,"href":"https:\/\/agenciainfra.com\/blog\/wp-json\/wp\/v2\/media\/30063"}],"wp:attachment":[{"href":"https:\/\/agenciainfra.com\/blog\/wp-json\/wp\/v2\/media?parent=37844"}],"wp:term":[{"taxonomy":"category","embeddable":true,"href":"https:\/\/agenciainfra.com\/blog\/wp-json\/wp\/v2\/categories?post=37844"},{"taxonomy":"post_tag","embeddable":true,"href":"https:\/\/agenciainfra.com\/blog\/wp-json\/wp\/v2\/tags?post=37844"}],"curies":[{"name":"wp","href":"https:\/\/api.w.org\/{rel}","templated":true}]}}