{"id":37849,"date":"2026-03-13T13:00:00","date_gmt":"2026-03-13T16:00:00","guid":{"rendered":"https:\/\/agenciainfra.com\/blog\/?p=37849"},"modified":"2026-03-16T18:54:57","modified_gmt":"2026-03-16T21:54:57","slug":"governo-e-vale-caminham-para-acordo-de-r-11-bi-em-ferrovias","status":"publish","type":"post","link":"https:\/\/agenciainfra.com\/blog\/governo-e-vale-caminham-para-acordo-de-r-11-bi-em-ferrovias\/","title":{"rendered":"Governo e Vale caminham para acordo de R$ 11 bi em ferrovias"},"content":{"rendered":"\n<p class=\"has-text-align-right\"><strong>Amanda Pupo, da Ag\u00eancia iNFRA<\/strong><\/p>\n\n\n\n<figure class=\"wp-block-image aligncenter size-full is-resized\"><a href=\"https:\/\/agenciainfra.com\/blog\/assine-nossos-servicos\/\"><img fetchpriority=\"high\" decoding=\"async\" width=\"966\" height=\"117\" src=\"https:\/\/agenciainfra.com\/blog\/wp-content\/uploads\/2026\/01\/selo-assinantes-1.png\" alt=\"\" class=\"wp-image-35239\" style=\"width:400px\" srcset=\"https:\/\/agenciainfra.com\/blog\/wp-content\/uploads\/2026\/01\/selo-assinantes-1.png 966w, https:\/\/agenciainfra.com\/blog\/wp-content\/uploads\/2026\/01\/selo-assinantes-1-300x36.png 300w, https:\/\/agenciainfra.com\/blog\/wp-content\/uploads\/2026\/01\/selo-assinantes-1-768x93.png 768w\" sizes=\"(max-width: 966px) 100vw, 966px\" \/><\/a><\/figure>\n\n\n\n<p>O governo federal e a Vale est\u00e3o pr\u00f3ximos de fechar um entendimento para a repactua\u00e7\u00e3o dos contratos de concess\u00e3o da mineradora na EFVM (Estrada de Ferro Vit\u00f3ria-Minas) e EFC (Estrada de Ferro Caraj\u00e1s). Ap\u00f3s a tentativa frustrada feita na SecexConsenso do TCU (Tribunal de Contas da Uni\u00e3o) no ano passado, as partes est\u00e3o otimistas de que agora ser\u00e1 poss\u00edvel chegar a um acordo, que deve resolver a insatisfa\u00e7\u00e3o da gest\u00e3o Lula com o conte\u00fado da renova\u00e7\u00e3o dos contratos assinados em 2020, ainda no governo passado.\u00a0<br><br>Segundo apurou a\u00a0<strong>Ag\u00eancia iNFRA<\/strong>\u00a0com pessoas\u00a0a par do processo, a mineradora aceitou pagar cerca de R$ 11 bilh\u00f5es para repactuar os contratos, dos quais R$ 4 bilh\u00f5es j\u00e1 foram antecipados pela Vale no fim de 2024. Assim, a operadora deve desembolsar mais R$ 7 bilh\u00f5es, n\u00famero que vai ao encontro da expectativa que era alimentada pelo Minist\u00e9rio dos Transportes ao fim da\u00a0primeira tentativa de acordo.<br><br>A Vale tamb\u00e9m concordou em finalizar a obra de um trecho da Fico (Ferrovia de Integra\u00e7\u00e3o Centro-Oeste) de quase 400 quil\u00f4metros, outro ponto sens\u00edvel para o governo. Se o acordo for de fato fechado, ser\u00e1 encaminhado para avalia\u00e7\u00e3o do TCU. O\u00a0assunto foi discutido em reuni\u00e3o realizada na quarta-feira (11) entre a companhia e a pasta.<br><br>Ap\u00f3s evento no Pal\u00e1cio do Planalto na quinta-feira (12), o\u00a0ministro dos Transportes, Renan Filho, confirmou \u00e0\u00a0<strong>Ag\u00eancia iNFRA<\/strong>\u00a0a realiza\u00e7\u00e3o do encontro e que as conversas\u00a0est\u00e3o evoluindo bem para a finaliza\u00e7\u00e3o de um\u00a0entendimento, mas sem dar detalhes sobre os termos das tratativas.\u00a0Pelo lado da Vale, segundo apura\u00e7\u00e3o da reportagem, tamb\u00e9m h\u00e1 otimismo com o avan\u00e7o das negocia\u00e7\u00f5es e a possibilidade de o acordo sair.<br><br>Um dos imbr\u00f3glios que travaram o consenso no ano passado foi a constru\u00e7\u00e3o da Fico.\u00a0Na renova\u00e7\u00e3o dos contratos em 2020, a Vale ficou respons\u00e1vel por executar o peda\u00e7o da ferrovia entre Mara Rosa (GO) e \u00c1gua Boa (MT). Como\u00a0<a href=\"https:\/\/agenciainfra.com\/blog\/divergencias-entre-governo-e-vale-brecam-acordo-sobre-ferrovias\/\" target=\"_blank\" rel=\"noreferrer noopener\">mostrou<\/a>\u00a0a\u00a0<strong>Ag\u00eancia iNFRA<\/strong>, por entender que os prazos previstos n\u00e3o poderiam ser cumpridos por exig\u00eancias ambientais, a mineradora tentou, por meio da repactua\u00e7\u00e3o, sair da execu\u00e7\u00e3o das obras de 80 quil\u00f4metros da ferrovia, o que n\u00e3o foi aceito pelo minist\u00e9rio.<br><br>Embora a Infra S.A., que \u00e9 respons\u00e1vel pelo licenciamento, tivesse um prazo para conseguir a libera\u00e7\u00e3o, a empresa avaliou \u00e0 \u00e9poca que a licen\u00e7a n\u00e3o sairia no per\u00edodo estimado.\u00a0<br><br><strong>Precifica\u00e7\u00e3o<\/strong><br>O c\u00e1lculo sobre a base de ativos das ferrovias, especialmente a de Caraj\u00e1s, foi o outro ponto sobre o qual a concession\u00e1ria e o governo n\u00e3o chegaram a um acordo dentro do TCU. O Minist\u00e9rio dos Transportes sempre alegou que os n\u00fameros pactuados na renova\u00e7\u00e3o estavam subestimados, o que teria feito a Vale, na avalia\u00e7\u00e3o da pasta, pagar um valor menor pela prorroga\u00e7\u00e3o por 30 anos dos contratos.\u00a0<br><br>O prazo curto para fechamento do acordo, segundo as regras da SecexConsenso, acabou jogando contra esse impasse. Como mostrou a\u00a0<strong>Ag\u00eancia iNFRA<\/strong>, a ANTT (Ag\u00eancia Nacional de Transportes Terrestres) precisou se fiar num c\u00e1lculo \u201cmais seguro\u201d sobre a base de ativos, mas a Vale n\u00e3o concordou com os n\u00fameros na mesa de negocia\u00e7\u00e3o.\u00a0<br><br><strong>Nova tentativa<\/strong><br>Depois de as partes n\u00e3o conseguirem, em agosto do ano passado, chegar a um consenso, a Vale tentou reabrir as discuss\u00f5es na C\u00e2mara de Solu\u00e7\u00e3o Consensual do TCU, mas a solicita\u00e7\u00e3o foi negada porque a secretaria n\u00e3o admite a \u201crepescagem\u201d de casos que n\u00e3o chegaram a um entendimento.<br><br>O minist\u00e9rio e a Vale retomaram as conversas para tentar novamente chegar a um acordo \u2013 agora fora da SecexConsenso \u2013 mais ao final do ano passado. Antes disso, o governo cogitou avan\u00e7ar em estudos jur\u00eddicos para retirar a Vale das opera\u00e7\u00f5es, especificamente da Caraj\u00e1s, e fazer a relicita\u00e7\u00e3o pelo entendimento de que a precifica\u00e7\u00e3o do ativo n\u00e3o estava correta.\u00a0<br><br>Essa sa\u00edda, contudo, era vista como muito dura e com resultados incertos mesmo dentro do Executivo, j\u00e1 que possivelmente se tornaria uma briga judicial entre a gest\u00e3o Lula e a mineradora.\u00a0<br><br><strong>Destino dos recursos<\/strong><br>A falta de acordo no ano passado gerou uma grande frustra\u00e7\u00e3o no governo n\u00e3o s\u00f3 pela situa\u00e7\u00e3o das ferrovias da Vale, mas tamb\u00e9m porque o dinheiro gerado pela repactua\u00e7\u00e3o deve alimentar, nos planos do minist\u00e9rio, outros projetos ferrovi\u00e1rios.\u00a0<br><br>A pasta est\u00e1 desenhando uma s\u00e9rie de novas concess\u00f5es ferrovi\u00e1rias que precisam de algum tipo de aporte para se tornarem vi\u00e1veis. O governo j\u00e1 conseguiu garantir R$ 2,8 bilh\u00f5es com a repactua\u00e7\u00e3o da concess\u00e3o\u00a0da MRS \u2013 com destino certo para o projeto da EF-118 \u2013, mas a maior parcela de recursos para colocar o programa de p\u00e9 seria dos contratos da Vale.\u00a0<br><br>A ideia \u00e9 usar o mecanismo de contas vinculadas para abastecer esses novos empreendimentos, ferramenta que est\u00e1 sob escrut\u00ednio do TCU e deve ser avaliada em\u00a0<a href=\"https:\/\/agenciainfra.com\/blog\/tcu-se-prepara-para-julgar-futuro-de-contas-vinculadas-em-concessoes\/\" target=\"_blank\" rel=\"noreferrer noopener\">julgamento<\/a>\u00a0nos pr\u00f3ximos meses.\u00a0<br><br><strong>Renova\u00e7\u00e3o<\/strong><br>A renova\u00e7\u00e3o das ferrovias da Vale, em 2020, garantiu que a mineradora possa ficar na opera\u00e7\u00e3o da EFC e da EFVM at\u00e9 2057. Em troca, pagou outorga de R$ 11,8 bilh\u00f5es pelas duas ferrovias.<br><br>Com a insatisfa\u00e7\u00e3o do governo Lula sobre os valores, que falava,\u00a0<a href=\"https:\/\/agenciainfra.com\/blog\/plano-para-r-30-bi-em-ferrovias-depende-de-acordo-com-concessionarias-para-rever-renovacoes\/\" target=\"_blank\" rel=\"noreferrer noopener\">em 2023, em obter R$ 30 bilh\u00f5es<\/a>\u00a0a mais com as repactua\u00e7\u00f5es de contratos ferrovi\u00e1rios, no final de 2024 a mineradora e a ANTT assinaram os aditivos que permitiram a abertura do processo de repactua\u00e7\u00e3o dos contratos. Foi por esses termos que a Vale fez o pagamento adiantado de R$ 4 bilh\u00f5es ao governo.\u00a0<br><br>\u00c0 \u00e9poca, a Vale informou que havia se comprometido com um aporte global m\u00e1ximo de aproximadamente R$ 11 bilh\u00f5es, \u201ca t\u00edtulo da revis\u00e3o de levantamento da base de ativos da EFC e EFVM, da otimiza\u00e7\u00e3o de obriga\u00e7\u00f5es contratuais e do replanejamento de investimentos\u201d.<\/p>\n","protected":false},"excerpt":{"rendered":"<p>Amanda Pupo, da Ag\u00eancia iNFRA O governo federal e a Vale est\u00e3o pr\u00f3ximos de fechar um entendimento para a repactua\u00e7\u00e3o dos contratos de concess\u00e3o da mineradora na EFVM (Estrada de Ferro Vit\u00f3ria-Minas) e EFC (Estrada de Ferro Caraj\u00e1s). Ap\u00f3s a tentativa frustrada feita na SecexConsenso do TCU (Tribunal de Contas da Uni\u00e3o) no ano passado, [&hellip;]<\/p>\n","protected":false},"author":1,"featured_media":37851,"comment_status":"closed","ping_status":"closed","sticky":false,"template":"","format":"standard","meta":{"_monsterinsights_skip_tracking":false,"_monsterinsights_sitenote_active":false,"_monsterinsights_sitenote_note":"","_monsterinsights_sitenote_category":0,"footnotes":""},"categories":[7250,13239],"tags":[13354,19,3351,229,228,470,1419,16,6248,2131,7218,18,83],"class_list":["post-37849","post","type-post","status-publish","format-standard","has-post-thumbnail","hentry","category-destaque-lista","category-mineracao","tag-amanda-pupo","tag-antt","tag-ef-118","tag-efc","tag-efvm","tag-estrada-de-ferro-carajas","tag-estrada-de-ferro-vitoria-a-minas","tag-ministerio-dos-transportes","tag-renan-filho","tag-repactuacao","tag-secexconsenso","tag-tcu","tag-vale"],"yoast_head":"<!-- This site is optimized with the Yoast SEO Premium plugin v25.4 (Yoast SEO v26.0) - https:\/\/yoast.com\/wordpress\/plugins\/seo\/ -->\n<title>Governo e Vale caminham para acordo de R$ 11 bi em ferrovias - Ag\u00eancia iNFRA<\/title>\n<meta name=\"robots\" content=\"index, follow, max-snippet:-1, max-image-preview:large, max-video-preview:-1\" \/>\n<link rel=\"canonical\" href=\"https:\/\/agenciainfra.com\/blog\/governo-e-vale-caminham-para-acordo-de-r-11-bi-em-ferrovias\/\" \/>\n<meta property=\"og:locale\" content=\"pt_BR\" \/>\n<meta property=\"og:type\" content=\"article\" \/>\n<meta property=\"og:title\" content=\"Governo e Vale caminham para acordo de R$ 11 bi em ferrovias\" \/>\n<meta property=\"og:description\" content=\"Amanda Pupo, da Ag\u00eancia iNFRA O governo federal e a Vale est\u00e3o pr\u00f3ximos de fechar um entendimento para a repactua\u00e7\u00e3o dos contratos de concess\u00e3o da mineradora na EFVM (Estrada de Ferro Vit\u00f3ria-Minas) e EFC (Estrada de Ferro Caraj\u00e1s). Ap\u00f3s a tentativa frustrada feita na SecexConsenso do TCU (Tribunal de Contas da Uni\u00e3o) no ano passado, [&hellip;]\" \/>\n<meta property=\"og:url\" content=\"https:\/\/agenciainfra.com\/blog\/governo-e-vale-caminham-para-acordo-de-r-11-bi-em-ferrovias\/\" \/>\n<meta property=\"og:site_name\" content=\"Ag\u00eancia iNFRA\" \/>\n<meta property=\"article:publisher\" content=\"https:\/\/www.facebook.com\/ageninfra\" \/>\n<meta property=\"article:published_time\" content=\"2026-03-13T16:00:00+00:00\" \/>\n<meta property=\"article:modified_time\" content=\"2026-03-16T21:54:57+00:00\" \/>\n<meta property=\"og:image\" content=\"https:\/\/agenciainfra.com\/blog\/wp-content\/uploads\/2026\/03\/efc-estrada-de-ferro-carajas-foto-vale.jpg\" \/>\n\t<meta property=\"og:image:width\" content=\"1152\" \/>\n\t<meta property=\"og:image:height\" content=\"766\" \/>\n\t<meta property=\"og:image:type\" content=\"image\/jpeg\" \/>\n<meta name=\"author\" content=\"Ag\u00eancia iNFRA\" \/>\n<meta name=\"twitter:card\" content=\"summary_large_image\" \/>\n<meta name=\"twitter:creator\" content=\"@agencia_infra\" \/>\n<meta name=\"twitter:site\" content=\"@agencia_infra\" \/>\n<meta name=\"twitter:label1\" content=\"Escrito por\" \/>\n\t<meta name=\"twitter:data1\" content=\"Ag\u00eancia iNFRA\" \/>\n\t<meta name=\"twitter:label2\" content=\"Est. tempo de leitura\" \/>\n\t<meta name=\"twitter:data2\" content=\"5 minutos\" \/>\n<script type=\"application\/ld+json\" class=\"yoast-schema-graph\">{\"@context\":\"https:\/\/schema.org\",\"@graph\":[{\"@type\":\"Article\",\"@id\":\"https:\/\/agenciainfra.com\/blog\/governo-e-vale-caminham-para-acordo-de-r-11-bi-em-ferrovias\/#article\",\"isPartOf\":{\"@id\":\"https:\/\/agenciainfra.com\/blog\/governo-e-vale-caminham-para-acordo-de-r-11-bi-em-ferrovias\/\"},\"author\":{\"name\":\"Ag\u00eancia iNFRA\",\"@id\":\"https:\/\/agenciainfra.com\/blog\/#\/schema\/person\/34af08dff6adea4cb22b06612ba7acfa\"},\"headline\":\"Governo e Vale caminham para acordo de R$ 11 bi em ferrovias\",\"datePublished\":\"2026-03-13T16:00:00+00:00\",\"dateModified\":\"2026-03-16T21:54:57+00:00\",\"mainEntityOfPage\":{\"@id\":\"https:\/\/agenciainfra.com\/blog\/governo-e-vale-caminham-para-acordo-de-r-11-bi-em-ferrovias\/\"},\"wordCount\":1035,\"publisher\":{\"@id\":\"https:\/\/agenciainfra.com\/blog\/#organization\"},\"image\":{\"@id\":\"https:\/\/agenciainfra.com\/blog\/governo-e-vale-caminham-para-acordo-de-r-11-bi-em-ferrovias\/#primaryimage\"},\"thumbnailUrl\":\"https:\/\/agenciainfra.com\/blog\/wp-content\/uploads\/2026\/03\/efc-estrada-de-ferro-carajas-foto-vale.jpg\",\"keywords\":[\"Amanda Pupo\",\"ANTT\",\"EF-118\",\"EFC\",\"EFVM\",\"Estrada de Ferro Caraj\u00e1s\",\"Estrada de Ferro Vit\u00f3ria a Minas\",\"minist\u00e9rio dos transportes\",\"Renan Filho\",\"repactua\u00e7\u00e3o\",\"SecexConsenso\",\"TCU\",\"Vale\"],\"articleSection\":[\"Destaque lista\",\"Minera\u00e7\u00e3o\"],\"inLanguage\":\"pt-BR\",\"copyrightYear\":\"2026\",\"copyrightHolder\":{\"@id\":\"https:\/\/agenciainfra.com\/blog\/#organization\"}},{\"@type\":\"WebPage\",\"@id\":\"https:\/\/agenciainfra.com\/blog\/governo-e-vale-caminham-para-acordo-de-r-11-bi-em-ferrovias\/\",\"url\":\"https:\/\/agenciainfra.com\/blog\/governo-e-vale-caminham-para-acordo-de-r-11-bi-em-ferrovias\/\",\"name\":\"Governo e Vale caminham para acordo de R$ 11 bi em ferrovias - Ag\u00eancia iNFRA\",\"isPartOf\":{\"@id\":\"https:\/\/agenciainfra.com\/blog\/#website\"},\"primaryImageOfPage\":{\"@id\":\"https:\/\/agenciainfra.com\/blog\/governo-e-vale-caminham-para-acordo-de-r-11-bi-em-ferrovias\/#primaryimage\"},\"image\":{\"@id\":\"https:\/\/agenciainfra.com\/blog\/governo-e-vale-caminham-para-acordo-de-r-11-bi-em-ferrovias\/#primaryimage\"},\"thumbnailUrl\":\"https:\/\/agenciainfra.com\/blog\/wp-content\/uploads\/2026\/03\/efc-estrada-de-ferro-carajas-foto-vale.jpg\",\"datePublished\":\"2026-03-13T16:00:00+00:00\",\"dateModified\":\"2026-03-16T21:54:57+00:00\",\"breadcrumb\":{\"@id\":\"https:\/\/agenciainfra.com\/blog\/governo-e-vale-caminham-para-acordo-de-r-11-bi-em-ferrovias\/#breadcrumb\"},\"inLanguage\":\"pt-BR\",\"potentialAction\":[{\"@type\":\"ReadAction\",\"target\":[\"https:\/\/agenciainfra.com\/blog\/governo-e-vale-caminham-para-acordo-de-r-11-bi-em-ferrovias\/\"]}]},{\"@type\":\"ImageObject\",\"inLanguage\":\"pt-BR\",\"@id\":\"https:\/\/agenciainfra.com\/blog\/governo-e-vale-caminham-para-acordo-de-r-11-bi-em-ferrovias\/#primaryimage\",\"url\":\"https:\/\/agenciainfra.com\/blog\/wp-content\/uploads\/2026\/03\/efc-estrada-de-ferro-carajas-foto-vale.jpg\",\"contentUrl\":\"https:\/\/agenciainfra.com\/blog\/wp-content\/uploads\/2026\/03\/efc-estrada-de-ferro-carajas-foto-vale.jpg\",\"width\":1152,\"height\":766,\"caption\":\"Foto: Divulga\u00e7\u00e3o Vale\"},{\"@type\":\"BreadcrumbList\",\"@id\":\"https:\/\/agenciainfra.com\/blog\/governo-e-vale-caminham-para-acordo-de-r-11-bi-em-ferrovias\/#breadcrumb\",\"itemListElement\":[{\"@type\":\"ListItem\",\"position\":1,\"name\":\"In\u00edcio\",\"item\":\"https:\/\/agenciainfra.com\/blog\/\"},{\"@type\":\"ListItem\",\"position\":2,\"name\":\"Governo e Vale caminham para acordo de R$ 11 bi em ferrovias\"}]},{\"@type\":\"WebSite\",\"@id\":\"https:\/\/agenciainfra.com\/blog\/#website\",\"url\":\"https:\/\/agenciainfra.com\/blog\/\",\"name\":\"Ag\u00eancia iNFRA\",\"description\":\"Multiplataforma de informa\u00e7\u00e3o jornal\u00edstica refer\u00eancia na \u00e1rea de infraestrutura no Brasil!\",\"publisher\":{\"@id\":\"https:\/\/agenciainfra.com\/blog\/#organization\"},\"potentialAction\":[{\"@type\":\"SearchAction\",\"target\":{\"@type\":\"EntryPoint\",\"urlTemplate\":\"https:\/\/agenciainfra.com\/blog\/?s={search_term_string}\"},\"query-input\":{\"@type\":\"PropertyValueSpecification\",\"valueRequired\":true,\"valueName\":\"search_term_string\"}}],\"inLanguage\":\"pt-BR\"},{\"@type\":\"Organization\",\"@id\":\"https:\/\/agenciainfra.com\/blog\/#organization\",\"name\":\"Ag\u00eancia iNFRA\",\"url\":\"https:\/\/agenciainfra.com\/blog\/\",\"logo\":{\"@type\":\"ImageObject\",\"inLanguage\":\"pt-BR\",\"@id\":\"https:\/\/agenciainfra.com\/blog\/#\/schema\/logo\/image\/\",\"url\":\"https:\/\/agenciainfra.com\/blog\/wp-content\/uploads\/2023\/09\/iNFRA_5-e1761735885940.png\",\"contentUrl\":\"https:\/\/agenciainfra.com\/blog\/wp-content\/uploads\/2023\/09\/iNFRA_5-e1761735885940.png\",\"width\":1672,\"height\":454,\"caption\":\"Ag\u00eancia iNFRA\"},\"image\":{\"@id\":\"https:\/\/agenciainfra.com\/blog\/#\/schema\/logo\/image\/\"},\"sameAs\":[\"https:\/\/www.facebook.com\/ageninfra\",\"https:\/\/x.com\/agencia_infra\",\"https:\/\/www.linkedin.com\/company\/ag\u00eanciainfra\/\",\"https:\/\/www.instagram.com\/agenciainfra\/\"]},{\"@type\":\"Person\",\"@id\":\"https:\/\/agenciainfra.com\/blog\/#\/schema\/person\/34af08dff6adea4cb22b06612ba7acfa\",\"name\":\"Ag\u00eancia iNFRA\",\"image\":{\"@type\":\"ImageObject\",\"inLanguage\":\"pt-BR\",\"@id\":\"https:\/\/agenciainfra.com\/blog\/#\/schema\/person\/image\/\",\"url\":\"https:\/\/secure.gravatar.com\/avatar\/d189e01678f06d8eb84d4e01f08eb848b3fffe3f8443818d3c356c66892f5be8?s=96&d=mm&r=g\",\"contentUrl\":\"https:\/\/secure.gravatar.com\/avatar\/d189e01678f06d8eb84d4e01f08eb848b3fffe3f8443818d3c356c66892f5be8?s=96&d=mm&r=g\",\"caption\":\"Ag\u00eancia iNFRA\"},\"url\":\"https:\/\/agenciainfra.com\/blog\/author\/admin\/\"}]}<\/script>\n<!-- \/ Yoast SEO Premium plugin. -->","yoast_head_json":{"title":"Governo e Vale caminham para acordo de R$ 11 bi em ferrovias - Ag\u00eancia iNFRA","robots":{"index":"index","follow":"follow","max-snippet":"max-snippet:-1","max-image-preview":"max-image-preview:large","max-video-preview":"max-video-preview:-1"},"canonical":"https:\/\/agenciainfra.com\/blog\/governo-e-vale-caminham-para-acordo-de-r-11-bi-em-ferrovias\/","og_locale":"pt_BR","og_type":"article","og_title":"Governo e Vale caminham para acordo de R$ 11 bi em ferrovias","og_description":"Amanda Pupo, da Ag\u00eancia iNFRA O governo federal e a Vale est\u00e3o pr\u00f3ximos de fechar um entendimento para a repactua\u00e7\u00e3o dos contratos de concess\u00e3o da mineradora na EFVM (Estrada de Ferro Vit\u00f3ria-Minas) e EFC (Estrada de Ferro Caraj\u00e1s). Ap\u00f3s a tentativa frustrada feita na SecexConsenso do TCU (Tribunal de Contas da Uni\u00e3o) no ano passado, [&hellip;]","og_url":"https:\/\/agenciainfra.com\/blog\/governo-e-vale-caminham-para-acordo-de-r-11-bi-em-ferrovias\/","og_site_name":"Ag\u00eancia iNFRA","article_publisher":"https:\/\/www.facebook.com\/ageninfra","article_published_time":"2026-03-13T16:00:00+00:00","article_modified_time":"2026-03-16T21:54:57+00:00","og_image":[{"width":1152,"height":766,"url":"https:\/\/agenciainfra.com\/blog\/wp-content\/uploads\/2026\/03\/efc-estrada-de-ferro-carajas-foto-vale.jpg","type":"image\/jpeg"}],"author":"Ag\u00eancia iNFRA","twitter_card":"summary_large_image","twitter_creator":"@agencia_infra","twitter_site":"@agencia_infra","twitter_misc":{"Escrito por":"Ag\u00eancia iNFRA","Est. tempo de leitura":"5 minutos"},"schema":{"@context":"https:\/\/schema.org","@graph":[{"@type":"Article","@id":"https:\/\/agenciainfra.com\/blog\/governo-e-vale-caminham-para-acordo-de-r-11-bi-em-ferrovias\/#article","isPartOf":{"@id":"https:\/\/agenciainfra.com\/blog\/governo-e-vale-caminham-para-acordo-de-r-11-bi-em-ferrovias\/"},"author":{"name":"Ag\u00eancia iNFRA","@id":"https:\/\/agenciainfra.com\/blog\/#\/schema\/person\/34af08dff6adea4cb22b06612ba7acfa"},"headline":"Governo e Vale caminham para acordo de R$ 11 bi em ferrovias","datePublished":"2026-03-13T16:00:00+00:00","dateModified":"2026-03-16T21:54:57+00:00","mainEntityOfPage":{"@id":"https:\/\/agenciainfra.com\/blog\/governo-e-vale-caminham-para-acordo-de-r-11-bi-em-ferrovias\/"},"wordCount":1035,"publisher":{"@id":"https:\/\/agenciainfra.com\/blog\/#organization"},"image":{"@id":"https:\/\/agenciainfra.com\/blog\/governo-e-vale-caminham-para-acordo-de-r-11-bi-em-ferrovias\/#primaryimage"},"thumbnailUrl":"https:\/\/agenciainfra.com\/blog\/wp-content\/uploads\/2026\/03\/efc-estrada-de-ferro-carajas-foto-vale.jpg","keywords":["Amanda Pupo","ANTT","EF-118","EFC","EFVM","Estrada de Ferro Caraj\u00e1s","Estrada de Ferro Vit\u00f3ria a Minas","minist\u00e9rio dos transportes","Renan Filho","repactua\u00e7\u00e3o","SecexConsenso","TCU","Vale"],"articleSection":["Destaque lista","Minera\u00e7\u00e3o"],"inLanguage":"pt-BR","copyrightYear":"2026","copyrightHolder":{"@id":"https:\/\/agenciainfra.com\/blog\/#organization"}},{"@type":"WebPage","@id":"https:\/\/agenciainfra.com\/blog\/governo-e-vale-caminham-para-acordo-de-r-11-bi-em-ferrovias\/","url":"https:\/\/agenciainfra.com\/blog\/governo-e-vale-caminham-para-acordo-de-r-11-bi-em-ferrovias\/","name":"Governo e Vale caminham para acordo de R$ 11 bi em ferrovias - Ag\u00eancia iNFRA","isPartOf":{"@id":"https:\/\/agenciainfra.com\/blog\/#website"},"primaryImageOfPage":{"@id":"https:\/\/agenciainfra.com\/blog\/governo-e-vale-caminham-para-acordo-de-r-11-bi-em-ferrovias\/#primaryimage"},"image":{"@id":"https:\/\/agenciainfra.com\/blog\/governo-e-vale-caminham-para-acordo-de-r-11-bi-em-ferrovias\/#primaryimage"},"thumbnailUrl":"https:\/\/agenciainfra.com\/blog\/wp-content\/uploads\/2026\/03\/efc-estrada-de-ferro-carajas-foto-vale.jpg","datePublished":"2026-03-13T16:00:00+00:00","dateModified":"2026-03-16T21:54:57+00:00","breadcrumb":{"@id":"https:\/\/agenciainfra.com\/blog\/governo-e-vale-caminham-para-acordo-de-r-11-bi-em-ferrovias\/#breadcrumb"},"inLanguage":"pt-BR","potentialAction":[{"@type":"ReadAction","target":["https:\/\/agenciainfra.com\/blog\/governo-e-vale-caminham-para-acordo-de-r-11-bi-em-ferrovias\/"]}]},{"@type":"ImageObject","inLanguage":"pt-BR","@id":"https:\/\/agenciainfra.com\/blog\/governo-e-vale-caminham-para-acordo-de-r-11-bi-em-ferrovias\/#primaryimage","url":"https:\/\/agenciainfra.com\/blog\/wp-content\/uploads\/2026\/03\/efc-estrada-de-ferro-carajas-foto-vale.jpg","contentUrl":"https:\/\/agenciainfra.com\/blog\/wp-content\/uploads\/2026\/03\/efc-estrada-de-ferro-carajas-foto-vale.jpg","width":1152,"height":766,"caption":"Foto: Divulga\u00e7\u00e3o Vale"},{"@type":"BreadcrumbList","@id":"https:\/\/agenciainfra.com\/blog\/governo-e-vale-caminham-para-acordo-de-r-11-bi-em-ferrovias\/#breadcrumb","itemListElement":[{"@type":"ListItem","position":1,"name":"In\u00edcio","item":"https:\/\/agenciainfra.com\/blog\/"},{"@type":"ListItem","position":2,"name":"Governo e Vale caminham para acordo de R$ 11 bi em ferrovias"}]},{"@type":"WebSite","@id":"https:\/\/agenciainfra.com\/blog\/#website","url":"https:\/\/agenciainfra.com\/blog\/","name":"Ag\u00eancia iNFRA","description":"Multiplataforma de informa\u00e7\u00e3o jornal\u00edstica refer\u00eancia na \u00e1rea de infraestrutura no Brasil!","publisher":{"@id":"https:\/\/agenciainfra.com\/blog\/#organization"},"potentialAction":[{"@type":"SearchAction","target":{"@type":"EntryPoint","urlTemplate":"https:\/\/agenciainfra.com\/blog\/?s={search_term_string}"},"query-input":{"@type":"PropertyValueSpecification","valueRequired":true,"valueName":"search_term_string"}}],"inLanguage":"pt-BR"},{"@type":"Organization","@id":"https:\/\/agenciainfra.com\/blog\/#organization","name":"Ag\u00eancia iNFRA","url":"https:\/\/agenciainfra.com\/blog\/","logo":{"@type":"ImageObject","inLanguage":"pt-BR","@id":"https:\/\/agenciainfra.com\/blog\/#\/schema\/logo\/image\/","url":"https:\/\/agenciainfra.com\/blog\/wp-content\/uploads\/2023\/09\/iNFRA_5-e1761735885940.png","contentUrl":"https:\/\/agenciainfra.com\/blog\/wp-content\/uploads\/2023\/09\/iNFRA_5-e1761735885940.png","width":1672,"height":454,"caption":"Ag\u00eancia iNFRA"},"image":{"@id":"https:\/\/agenciainfra.com\/blog\/#\/schema\/logo\/image\/"},"sameAs":["https:\/\/www.facebook.com\/ageninfra","https:\/\/x.com\/agencia_infra","https:\/\/www.linkedin.com\/company\/ag\u00eanciainfra\/","https:\/\/www.instagram.com\/agenciainfra\/"]},{"@type":"Person","@id":"https:\/\/agenciainfra.com\/blog\/#\/schema\/person\/34af08dff6adea4cb22b06612ba7acfa","name":"Ag\u00eancia iNFRA","image":{"@type":"ImageObject","inLanguage":"pt-BR","@id":"https:\/\/agenciainfra.com\/blog\/#\/schema\/person\/image\/","url":"https:\/\/secure.gravatar.com\/avatar\/d189e01678f06d8eb84d4e01f08eb848b3fffe3f8443818d3c356c66892f5be8?s=96&d=mm&r=g","contentUrl":"https:\/\/secure.gravatar.com\/avatar\/d189e01678f06d8eb84d4e01f08eb848b3fffe3f8443818d3c356c66892f5be8?s=96&d=mm&r=g","caption":"Ag\u00eancia iNFRA"},"url":"https:\/\/agenciainfra.com\/blog\/author\/admin\/"}]}},"_links":{"self":[{"href":"https:\/\/agenciainfra.com\/blog\/wp-json\/wp\/v2\/posts\/37849","targetHints":{"allow":["GET"]}}],"collection":[{"href":"https:\/\/agenciainfra.com\/blog\/wp-json\/wp\/v2\/posts"}],"about":[{"href":"https:\/\/agenciainfra.com\/blog\/wp-json\/wp\/v2\/types\/post"}],"author":[{"embeddable":true,"href":"https:\/\/agenciainfra.com\/blog\/wp-json\/wp\/v2\/users\/1"}],"replies":[{"embeddable":true,"href":"https:\/\/agenciainfra.com\/blog\/wp-json\/wp\/v2\/comments?post=37849"}],"version-history":[{"count":2,"href":"https:\/\/agenciainfra.com\/blog\/wp-json\/wp\/v2\/posts\/37849\/revisions"}],"predecessor-version":[{"id":37860,"href":"https:\/\/agenciainfra.com\/blog\/wp-json\/wp\/v2\/posts\/37849\/revisions\/37860"}],"wp:featuredmedia":[{"embeddable":true,"href":"https:\/\/agenciainfra.com\/blog\/wp-json\/wp\/v2\/media\/37851"}],"wp:attachment":[{"href":"https:\/\/agenciainfra.com\/blog\/wp-json\/wp\/v2\/media?parent=37849"}],"wp:term":[{"taxonomy":"category","embeddable":true,"href":"https:\/\/agenciainfra.com\/blog\/wp-json\/wp\/v2\/categories?post=37849"},{"taxonomy":"post_tag","embeddable":true,"href":"https:\/\/agenciainfra.com\/blog\/wp-json\/wp\/v2\/tags?post=37849"}],"curies":[{"name":"wp","href":"https:\/\/api.w.org\/{rel}","templated":true}]}}