{"id":37854,"date":"2026-03-13T15:00:00","date_gmt":"2026-03-13T18:00:00","guid":{"rendered":"https:\/\/agenciainfra.com\/blog\/?p=37854"},"modified":"2026-03-24T16:43:00","modified_gmt":"2026-03-24T19:43:00","slug":"politicos-cobram-analise-conjunta-de-concessoes-no-rio-grande-do-sul","status":"publish","type":"post","link":"https:\/\/agenciainfra.com\/blog\/politicos-cobram-analise-conjunta-de-concessoes-no-rio-grande-do-sul\/","title":{"rendered":"Pol\u00edticos cobram an\u00e1lise conjunta de concess\u00f5es no Rio Grande do Sul"},"content":{"rendered":"\n<p class=\"has-text-align-right\"><strong>Luiz Ara\u00fajo, da Ag\u00eancia iNFRA<\/strong><\/p>\n\n\n\n<p>Parlamentares do Rio Grande do Sul cobraram, durante audi\u00eancia p\u00fablica realizada pela ANTT (Ag\u00eancia Nacional de Transportes Terrestres) nesta quinta-feira (12), que o projeto de concess\u00e3o da Rota Portu\u00e1ria do Sul\u00a0seja analisado de forma conjunta com o da Rota da Integra\u00e7\u00e3o do Sul.<br><br>A preocupa\u00e7\u00e3o \u00e9 que a discuss\u00e3o dos empreendimentos, que contemplam diferentes trechos das BRs 116 e 392\/RS, resulte em impacto tarif\u00e1rio superior ao apresentado no debate atual, referente \u00e0 Rota Portu\u00e1ria do Sul \u2013 nova concess\u00e3o para os segmentos que eram operados at\u00e9 semana passada pela EcoSul, da EcoRodovias.<br><br>Segundo os parlamentares, a an\u00e1lise isolada pode dar a impress\u00e3o de redu\u00e7\u00e3o relevante das tarifas na compara\u00e7\u00e3o com os valores cobrados pela EcoSul. No entanto, afirmam que h\u00e1 risco de o custo total com ped\u00e1gios aumentar quando ambos os projetos forem leiloados, o que afetaria o usu\u00e1rio que precisa percorrer todo o corredor log\u00edstico, incluindo os segmentos previstos na Rota da Integra\u00e7\u00e3o do Sul.<br><br>A proposta de concess\u00e3o da Rota Portu\u00e1ria do Sul abrange cerca de 460 quil\u00f4metros de trechos na por\u00e7\u00e3o sul das BRs, substituindo o contrato que vinha sendo operado pela EcoRodovias at\u00e9 o dia 3 deste m\u00eas. J\u00e1 o projeto da Rota da Integra\u00e7\u00e3o do Sul, que permanece sem avan\u00e7o desde o final de 2022 ap\u00f3s a realiza\u00e7\u00e3o de audi\u00eancias p\u00fablicas, contempla segmentos mais ao norte dessas rodovias, al\u00e9m de partes das BRs 158 e 290.<br><br>Estimativas apresentadas pelos representantes pol\u00edticos durante a audi\u00eancia indicam que a nova concess\u00e3o da Rota Portu\u00e1ria do Sul poderia reduzir o custo de ped\u00e1gio para um caminh\u00e3o de seis eixos de cerca de R$ 700 para aproximadamente R$ 460 no trecho atualmente concedido. Entretanto, caso esse mesmo ve\u00edculo passe a pagar ped\u00e1gios tamb\u00e9m na futura concess\u00e3o da Rota da Integra\u00e7\u00e3o do Sul, o valor total poderia voltar a alcan\u00e7ar ou at\u00e9 superar o patamar atual.<br><br>O deputado federal Daniel Trzeciak (PSDB-RS) afirmou que a an\u00e1lise separada dos projetos pode trazer impactos relevantes para a economia regional. \u201cPode trazer preju\u00edzos e um impacto econ\u00f4mico gigante, porque quem sai de Rio Grande vai a Porto Alegre. N\u00e3o interessa se s\u00e3o duas empresas diferentes. O que muda \u00e9 o valor da tarifa do ped\u00e1gio cobrado, e isso vai impactar certamente toda a quest\u00e3o log\u00edstica, econ\u00f4mica e social da metade do seu estado\u201d, disse.<br><br><strong>Previs\u00e3o<\/strong><br>O gerente de estudos e projetos de rodovias da ANTT, St\u00e9phane Quebaud, afirmou que o projeto da Rota da Integra\u00e7\u00e3o do Sul permanece previsto. Segundo ele, a proposta foi ajustada para incorporar caracter\u00edsticas semelhantes \u00e0s previstas para a nova concess\u00e3o em debate. \u201cO projeto continua de p\u00e9. Ele foi reformulado para se equiparar ao trecho sul em termos de modelagem. Ser\u00e1 free flow, ter\u00e1 p\u00f3rticos, tudo o que foi apresentado para a Rota Portu\u00e1ria do Sul\u201d, afirmou.<br><br>Trzeciak tamb\u00e9m mencionou a possibilidade de a BR-116 ser estruturada em um \u00fanico projeto de concess\u00e3o. \u201cO que eu defendo \u00e9 que tivesse sido feito um \u00fanico projeto para uma \u00fanica estrada, que \u00e9 a BR-116. Assim, esse corredor log\u00edstico poderia ligar a capital do estado ao porto do Rio Grande do Sul\u201d, afirmou.<br><br>O superintendente da ANTT explicou que a manuten\u00e7\u00e3o do trecho da BR-392 no projeto buscou garantir acesso adequado ao porto de Rio Grande. De acordo com Quebaud, a configura\u00e7\u00e3o do projeto tamb\u00e9m foi definida para equilibrar a tarifa da concess\u00e3o.\u00a0\u201cFizemos isso para equilibrar o valor da tarifa \u2013 estando em R$ 0,10 por quil\u00f4metro, o que \u00e9 uma tarifa justa, porque isso \u00e9 raridade \u2013 e tamb\u00e9m oferecer duas rodovias em boas condi\u00e7\u00f5es de trafegabilidade, fluidez e seguran\u00e7a para o porto\u201d, disse.<br><br>Ele acrescentou que a decis\u00e3o de manter os projetos em concess\u00f5es separadas est\u00e1 relacionada \u00e0 extens\u00e3o dos trechos envolvidos. Os empreendimentos somam mais de mil quil\u00f4metros de rodovias federais. \u201cJ\u00e1 fizemos isso no passado. N\u00e3o traz efici\u00eancia operacional\u201d, afirmou.<br><br><strong>Obras<\/strong><br>Outro ponto criticado durante a audi\u00eancia foi a inclus\u00e3o, no projeto da Rota Portu\u00e1ria do Sul, de interven\u00e7\u00f5es que originalmente estavam previstas para execu\u00e7\u00e3o direta pelo governo federal. O principal exemplo citado pelos parlamentares foi a Ponte de Jaguar\u00e3o, localizada na fronteira com o Uruguai, que chegou a ser anunciada anteriormente como empreendimento a ser realizado com recursos do Or\u00e7amento da Uni\u00e3o.<br><br>O representante da Infra S.A., Redson Piedade, afirmou que a mudan\u00e7a ocorreu ap\u00f3s revis\u00e3o das condi\u00e7\u00f5es fiscais do governo federal e da necessidade de reorganizar a carteira de investimentos prevista para o corredor rodovi\u00e1rio. Ele acrescentou que o conjunto de obras ainda pode sofrer ajustes. \u201cSempre com a no\u00e7\u00e3o de que o volume de interven\u00e7\u00f5es interfere na tarifa\u201d, disse.<br><br><strong>Pol\u00edtica tarif\u00e1ria<\/strong><br>O projeto da Rota Portu\u00e1ria do Sul est\u00e1 entre os tr\u00eas primeiros contratos federais a adotar um novo modelo multiplicador para c\u00e1lculo das tarifas de ped\u00e1gio. Pela metodologia, ve\u00edculos pesados passam a pagar proporcionalmente mais que os leves. Enquanto antes cada eixo representava uma unidade tarif\u00e1ria, no novo modelo os ve\u00edculos comerciais passam a pagar um multiplicador de 1,5 por eixo.<br><br>Conforme mostrou a\u00a0<strong>Ag\u00eancia iNFRA<\/strong>, a mudan\u00e7a faz parte dos esfor\u00e7os para ampliar a aceita\u00e7\u00e3o do sistema de ped\u00e1gio eletr\u00f4nico sem cancelas, o free flow, modelo previsto para a nova concess\u00e3o. No contrato anterior, administrado pela Ecosul, havia cinco pra\u00e7as tradicionais de ped\u00e1gio. No novo projeto, a cobran\u00e7a passar\u00e1 a ser feita por 14 p\u00f3rticos eletr\u00f4nicos distribu\u00eddos ao longo do corredor rodovi\u00e1rio.<br><br>Parlamentares tamb\u00e9m criticaram a localiza\u00e7\u00e3o prevista para alguns desses p\u00f3rticos ao longo das rodovias. Segundo os representantes pol\u00edticos, determinadas posi\u00e7\u00f5es poderiam interferir no fluxo do tr\u00e2nsito local. T\u00e9cnicos da ANTT afirmaram que a localiza\u00e7\u00e3o ainda pode ser revisada durante o processo de consulta p\u00fablica, caso sejam identificadas necessidades de ajuste.<\/p>\n","protected":false},"excerpt":{"rendered":"<p>Luiz Ara\u00fajo, da Ag\u00eancia iNFRA Parlamentares do Rio Grande do Sul cobraram, durante audi\u00eancia p\u00fablica realizada pela ANTT (Ag\u00eancia Nacional de Transportes Terrestres) nesta quinta-feira (12), que o projeto de concess\u00e3o da Rota Portu\u00e1ria do Sul\u00a0seja analisado de forma conjunta com o da Rota da Integra\u00e7\u00e3o do Sul. A preocupa\u00e7\u00e3o \u00e9 que a discuss\u00e3o dos [&hellip;]<\/p>\n","protected":false},"author":1,"featured_media":30859,"comment_status":"closed","ping_status":"closed","sticky":false,"template":"","format":"standard","meta":{"_monsterinsights_skip_tracking":false,"_monsterinsights_sitenote_active":false,"_monsterinsights_sitenote_note":"","_monsterinsights_sitenote_category":0,"footnotes":""},"categories":[7250,7],"tags":[19,16093,5332,853,2477,1106,19130,126,12201,18690],"class_list":["post-37854","post","type-post","status-publish","format-standard","has-post-thumbnail","hentry","category-destaque-lista","category-infratransporte","tag-antt","tag-br-116-rs","tag-br-392-rs","tag-concessao-de-rodovias","tag-ecosul","tag-free-flow","tag-luiz-araujo","tag-rodovias","tag-rodovias-do-rs","tag-rota-portuaria-do-sul"],"yoast_head":"<!-- This site is optimized with the Yoast SEO Premium plugin v25.4 (Yoast SEO v26.0) - https:\/\/yoast.com\/wordpress\/plugins\/seo\/ -->\n<title>Pol\u00edticos cobram an\u00e1lise conjunta de concess\u00f5es no Rio Grande do Sul - Ag\u00eancia iNFRA<\/title>\n<meta name=\"robots\" content=\"index, follow, max-snippet:-1, max-image-preview:large, max-video-preview:-1\" \/>\n<link rel=\"canonical\" href=\"https:\/\/agenciainfra.com\/blog\/politicos-cobram-analise-conjunta-de-concessoes-no-rio-grande-do-sul\/\" \/>\n<meta property=\"og:locale\" content=\"pt_BR\" \/>\n<meta property=\"og:type\" content=\"article\" \/>\n<meta property=\"og:title\" content=\"Pol\u00edticos cobram an\u00e1lise conjunta de concess\u00f5es no Rio Grande do Sul\" \/>\n<meta property=\"og:description\" content=\"Luiz Ara\u00fajo, da Ag\u00eancia iNFRA Parlamentares do Rio Grande do Sul cobraram, durante audi\u00eancia p\u00fablica realizada pela ANTT (Ag\u00eancia Nacional de Transportes Terrestres) nesta quinta-feira (12), que o projeto de concess\u00e3o da Rota Portu\u00e1ria do Sul\u00a0seja analisado de forma conjunta com o da Rota da Integra\u00e7\u00e3o do Sul. A preocupa\u00e7\u00e3o \u00e9 que a discuss\u00e3o dos [&hellip;]\" \/>\n<meta property=\"og:url\" content=\"https:\/\/agenciainfra.com\/blog\/politicos-cobram-analise-conjunta-de-concessoes-no-rio-grande-do-sul\/\" \/>\n<meta property=\"og:site_name\" content=\"Ag\u00eancia iNFRA\" \/>\n<meta property=\"article:publisher\" content=\"https:\/\/www.facebook.com\/ageninfra\" \/>\n<meta property=\"article:published_time\" content=\"2026-03-13T18:00:00+00:00\" \/>\n<meta property=\"article:modified_time\" content=\"2026-03-24T19:43:00+00:00\" \/>\n<meta property=\"og:image\" content=\"https:\/\/agenciainfra.com\/blog\/wp-content\/uploads\/2025\/10\/rodovia-foto-marcelo-camargo-agencia-brasil.jpg\" \/>\n\t<meta property=\"og:image:width\" content=\"1170\" \/>\n\t<meta property=\"og:image:height\" content=\"700\" \/>\n\t<meta property=\"og:image:type\" content=\"image\/jpeg\" \/>\n<meta name=\"author\" content=\"Ag\u00eancia iNFRA\" \/>\n<meta name=\"twitter:card\" content=\"summary_large_image\" \/>\n<meta name=\"twitter:creator\" content=\"@agencia_infra\" \/>\n<meta name=\"twitter:site\" content=\"@agencia_infra\" \/>\n<meta name=\"twitter:label1\" content=\"Escrito por\" \/>\n\t<meta name=\"twitter:data1\" content=\"Ag\u00eancia iNFRA\" \/>\n\t<meta name=\"twitter:label2\" content=\"Est. tempo de leitura\" \/>\n\t<meta name=\"twitter:data2\" content=\"5 minutos\" \/>\n<script type=\"application\/ld+json\" class=\"yoast-schema-graph\">{\"@context\":\"https:\/\/schema.org\",\"@graph\":[{\"@type\":\"Article\",\"@id\":\"https:\/\/agenciainfra.com\/blog\/politicos-cobram-analise-conjunta-de-concessoes-no-rio-grande-do-sul\/#article\",\"isPartOf\":{\"@id\":\"https:\/\/agenciainfra.com\/blog\/politicos-cobram-analise-conjunta-de-concessoes-no-rio-grande-do-sul\/\"},\"author\":{\"name\":\"Ag\u00eancia iNFRA\",\"@id\":\"https:\/\/agenciainfra.com\/blog\/#\/schema\/person\/34af08dff6adea4cb22b06612ba7acfa\"},\"headline\":\"Pol\u00edticos cobram an\u00e1lise conjunta de concess\u00f5es no Rio Grande do Sul\",\"datePublished\":\"2026-03-13T18:00:00+00:00\",\"dateModified\":\"2026-03-24T19:43:00+00:00\",\"mainEntityOfPage\":{\"@id\":\"https:\/\/agenciainfra.com\/blog\/politicos-cobram-analise-conjunta-de-concessoes-no-rio-grande-do-sul\/\"},\"wordCount\":1055,\"publisher\":{\"@id\":\"https:\/\/agenciainfra.com\/blog\/#organization\"},\"image\":{\"@id\":\"https:\/\/agenciainfra.com\/blog\/politicos-cobram-analise-conjunta-de-concessoes-no-rio-grande-do-sul\/#primaryimage\"},\"thumbnailUrl\":\"https:\/\/agenciainfra.com\/blog\/wp-content\/uploads\/2025\/10\/rodovia-foto-marcelo-camargo-agencia-brasil.jpg\",\"keywords\":[\"ANTT\",\"BR-116\/RS\",\"BR-392\/RS\",\"concess\u00e3o de rodovias\",\"Ecosul\",\"free flow\",\"Luiz Ara\u00fajo\",\"rodovias\",\"rodovias do RS\",\"rota portu\u00e1ria do sul\"],\"articleSection\":[\"Destaque lista\",\"iNFRATransporte\"],\"inLanguage\":\"pt-BR\",\"copyrightYear\":\"2026\",\"copyrightHolder\":{\"@id\":\"https:\/\/agenciainfra.com\/blog\/#organization\"}},{\"@type\":\"WebPage\",\"@id\":\"https:\/\/agenciainfra.com\/blog\/politicos-cobram-analise-conjunta-de-concessoes-no-rio-grande-do-sul\/\",\"url\":\"https:\/\/agenciainfra.com\/blog\/politicos-cobram-analise-conjunta-de-concessoes-no-rio-grande-do-sul\/\",\"name\":\"Pol\u00edticos cobram an\u00e1lise conjunta de concess\u00f5es no Rio Grande do Sul - Ag\u00eancia iNFRA\",\"isPartOf\":{\"@id\":\"https:\/\/agenciainfra.com\/blog\/#website\"},\"primaryImageOfPage\":{\"@id\":\"https:\/\/agenciainfra.com\/blog\/politicos-cobram-analise-conjunta-de-concessoes-no-rio-grande-do-sul\/#primaryimage\"},\"image\":{\"@id\":\"https:\/\/agenciainfra.com\/blog\/politicos-cobram-analise-conjunta-de-concessoes-no-rio-grande-do-sul\/#primaryimage\"},\"thumbnailUrl\":\"https:\/\/agenciainfra.com\/blog\/wp-content\/uploads\/2025\/10\/rodovia-foto-marcelo-camargo-agencia-brasil.jpg\",\"datePublished\":\"2026-03-13T18:00:00+00:00\",\"dateModified\":\"2026-03-24T19:43:00+00:00\",\"breadcrumb\":{\"@id\":\"https:\/\/agenciainfra.com\/blog\/politicos-cobram-analise-conjunta-de-concessoes-no-rio-grande-do-sul\/#breadcrumb\"},\"inLanguage\":\"pt-BR\",\"potentialAction\":[{\"@type\":\"ReadAction\",\"target\":[\"https:\/\/agenciainfra.com\/blog\/politicos-cobram-analise-conjunta-de-concessoes-no-rio-grande-do-sul\/\"]}]},{\"@type\":\"ImageObject\",\"inLanguage\":\"pt-BR\",\"@id\":\"https:\/\/agenciainfra.com\/blog\/politicos-cobram-analise-conjunta-de-concessoes-no-rio-grande-do-sul\/#primaryimage\",\"url\":\"https:\/\/agenciainfra.com\/blog\/wp-content\/uploads\/2025\/10\/rodovia-foto-marcelo-camargo-agencia-brasil.jpg\",\"contentUrl\":\"https:\/\/agenciainfra.com\/blog\/wp-content\/uploads\/2025\/10\/rodovia-foto-marcelo-camargo-agencia-brasil.jpg\",\"width\":1170,\"height\":700,\"caption\":\"Foto: Marcelo Camargo\/Ag\u00eancia Brasil\"},{\"@type\":\"BreadcrumbList\",\"@id\":\"https:\/\/agenciainfra.com\/blog\/politicos-cobram-analise-conjunta-de-concessoes-no-rio-grande-do-sul\/#breadcrumb\",\"itemListElement\":[{\"@type\":\"ListItem\",\"position\":1,\"name\":\"In\u00edcio\",\"item\":\"https:\/\/agenciainfra.com\/blog\/\"},{\"@type\":\"ListItem\",\"position\":2,\"name\":\"Pol\u00edticos cobram an\u00e1lise conjunta de concess\u00f5es no Rio Grande do Sul\"}]},{\"@type\":\"WebSite\",\"@id\":\"https:\/\/agenciainfra.com\/blog\/#website\",\"url\":\"https:\/\/agenciainfra.com\/blog\/\",\"name\":\"Ag\u00eancia iNFRA\",\"description\":\"Multiplataforma de informa\u00e7\u00e3o jornal\u00edstica refer\u00eancia na \u00e1rea de infraestrutura no Brasil!\",\"publisher\":{\"@id\":\"https:\/\/agenciainfra.com\/blog\/#organization\"},\"potentialAction\":[{\"@type\":\"SearchAction\",\"target\":{\"@type\":\"EntryPoint\",\"urlTemplate\":\"https:\/\/agenciainfra.com\/blog\/?s={search_term_string}\"},\"query-input\":{\"@type\":\"PropertyValueSpecification\",\"valueRequired\":true,\"valueName\":\"search_term_string\"}}],\"inLanguage\":\"pt-BR\"},{\"@type\":\"Organization\",\"@id\":\"https:\/\/agenciainfra.com\/blog\/#organization\",\"name\":\"Ag\u00eancia iNFRA\",\"url\":\"https:\/\/agenciainfra.com\/blog\/\",\"logo\":{\"@type\":\"ImageObject\",\"inLanguage\":\"pt-BR\",\"@id\":\"https:\/\/agenciainfra.com\/blog\/#\/schema\/logo\/image\/\",\"url\":\"https:\/\/agenciainfra.com\/blog\/wp-content\/uploads\/2023\/09\/iNFRA_5-e1761735885940.png\",\"contentUrl\":\"https:\/\/agenciainfra.com\/blog\/wp-content\/uploads\/2023\/09\/iNFRA_5-e1761735885940.png\",\"width\":1672,\"height\":454,\"caption\":\"Ag\u00eancia iNFRA\"},\"image\":{\"@id\":\"https:\/\/agenciainfra.com\/blog\/#\/schema\/logo\/image\/\"},\"sameAs\":[\"https:\/\/www.facebook.com\/ageninfra\",\"https:\/\/x.com\/agencia_infra\",\"https:\/\/www.linkedin.com\/company\/ag\u00eanciainfra\/\",\"https:\/\/www.instagram.com\/agenciainfra\/\"]},{\"@type\":\"Person\",\"@id\":\"https:\/\/agenciainfra.com\/blog\/#\/schema\/person\/34af08dff6adea4cb22b06612ba7acfa\",\"name\":\"Ag\u00eancia iNFRA\",\"image\":{\"@type\":\"ImageObject\",\"inLanguage\":\"pt-BR\",\"@id\":\"https:\/\/agenciainfra.com\/blog\/#\/schema\/person\/image\/\",\"url\":\"https:\/\/secure.gravatar.com\/avatar\/d189e01678f06d8eb84d4e01f08eb848b3fffe3f8443818d3c356c66892f5be8?s=96&d=mm&r=g\",\"contentUrl\":\"https:\/\/secure.gravatar.com\/avatar\/d189e01678f06d8eb84d4e01f08eb848b3fffe3f8443818d3c356c66892f5be8?s=96&d=mm&r=g\",\"caption\":\"Ag\u00eancia iNFRA\"},\"url\":\"https:\/\/agenciainfra.com\/blog\/author\/admin\/\"}]}<\/script>\n<!-- \/ Yoast SEO Premium plugin. -->","yoast_head_json":{"title":"Pol\u00edticos cobram an\u00e1lise conjunta de concess\u00f5es no Rio Grande do Sul - Ag\u00eancia iNFRA","robots":{"index":"index","follow":"follow","max-snippet":"max-snippet:-1","max-image-preview":"max-image-preview:large","max-video-preview":"max-video-preview:-1"},"canonical":"https:\/\/agenciainfra.com\/blog\/politicos-cobram-analise-conjunta-de-concessoes-no-rio-grande-do-sul\/","og_locale":"pt_BR","og_type":"article","og_title":"Pol\u00edticos cobram an\u00e1lise conjunta de concess\u00f5es no Rio Grande do Sul","og_description":"Luiz Ara\u00fajo, da Ag\u00eancia iNFRA Parlamentares do Rio Grande do Sul cobraram, durante audi\u00eancia p\u00fablica realizada pela ANTT (Ag\u00eancia Nacional de Transportes Terrestres) nesta quinta-feira (12), que o projeto de concess\u00e3o da Rota Portu\u00e1ria do Sul\u00a0seja analisado de forma conjunta com o da Rota da Integra\u00e7\u00e3o do Sul. A preocupa\u00e7\u00e3o \u00e9 que a discuss\u00e3o dos [&hellip;]","og_url":"https:\/\/agenciainfra.com\/blog\/politicos-cobram-analise-conjunta-de-concessoes-no-rio-grande-do-sul\/","og_site_name":"Ag\u00eancia iNFRA","article_publisher":"https:\/\/www.facebook.com\/ageninfra","article_published_time":"2026-03-13T18:00:00+00:00","article_modified_time":"2026-03-24T19:43:00+00:00","og_image":[{"width":1170,"height":700,"url":"https:\/\/agenciainfra.com\/blog\/wp-content\/uploads\/2025\/10\/rodovia-foto-marcelo-camargo-agencia-brasil.jpg","type":"image\/jpeg"}],"author":"Ag\u00eancia iNFRA","twitter_card":"summary_large_image","twitter_creator":"@agencia_infra","twitter_site":"@agencia_infra","twitter_misc":{"Escrito por":"Ag\u00eancia iNFRA","Est. tempo de leitura":"5 minutos"},"schema":{"@context":"https:\/\/schema.org","@graph":[{"@type":"Article","@id":"https:\/\/agenciainfra.com\/blog\/politicos-cobram-analise-conjunta-de-concessoes-no-rio-grande-do-sul\/#article","isPartOf":{"@id":"https:\/\/agenciainfra.com\/blog\/politicos-cobram-analise-conjunta-de-concessoes-no-rio-grande-do-sul\/"},"author":{"name":"Ag\u00eancia iNFRA","@id":"https:\/\/agenciainfra.com\/blog\/#\/schema\/person\/34af08dff6adea4cb22b06612ba7acfa"},"headline":"Pol\u00edticos cobram an\u00e1lise conjunta de concess\u00f5es no Rio Grande do Sul","datePublished":"2026-03-13T18:00:00+00:00","dateModified":"2026-03-24T19:43:00+00:00","mainEntityOfPage":{"@id":"https:\/\/agenciainfra.com\/blog\/politicos-cobram-analise-conjunta-de-concessoes-no-rio-grande-do-sul\/"},"wordCount":1055,"publisher":{"@id":"https:\/\/agenciainfra.com\/blog\/#organization"},"image":{"@id":"https:\/\/agenciainfra.com\/blog\/politicos-cobram-analise-conjunta-de-concessoes-no-rio-grande-do-sul\/#primaryimage"},"thumbnailUrl":"https:\/\/agenciainfra.com\/blog\/wp-content\/uploads\/2025\/10\/rodovia-foto-marcelo-camargo-agencia-brasil.jpg","keywords":["ANTT","BR-116\/RS","BR-392\/RS","concess\u00e3o de rodovias","Ecosul","free flow","Luiz Ara\u00fajo","rodovias","rodovias do RS","rota portu\u00e1ria do sul"],"articleSection":["Destaque lista","iNFRATransporte"],"inLanguage":"pt-BR","copyrightYear":"2026","copyrightHolder":{"@id":"https:\/\/agenciainfra.com\/blog\/#organization"}},{"@type":"WebPage","@id":"https:\/\/agenciainfra.com\/blog\/politicos-cobram-analise-conjunta-de-concessoes-no-rio-grande-do-sul\/","url":"https:\/\/agenciainfra.com\/blog\/politicos-cobram-analise-conjunta-de-concessoes-no-rio-grande-do-sul\/","name":"Pol\u00edticos cobram an\u00e1lise conjunta de concess\u00f5es no Rio Grande do Sul - Ag\u00eancia iNFRA","isPartOf":{"@id":"https:\/\/agenciainfra.com\/blog\/#website"},"primaryImageOfPage":{"@id":"https:\/\/agenciainfra.com\/blog\/politicos-cobram-analise-conjunta-de-concessoes-no-rio-grande-do-sul\/#primaryimage"},"image":{"@id":"https:\/\/agenciainfra.com\/blog\/politicos-cobram-analise-conjunta-de-concessoes-no-rio-grande-do-sul\/#primaryimage"},"thumbnailUrl":"https:\/\/agenciainfra.com\/blog\/wp-content\/uploads\/2025\/10\/rodovia-foto-marcelo-camargo-agencia-brasil.jpg","datePublished":"2026-03-13T18:00:00+00:00","dateModified":"2026-03-24T19:43:00+00:00","breadcrumb":{"@id":"https:\/\/agenciainfra.com\/blog\/politicos-cobram-analise-conjunta-de-concessoes-no-rio-grande-do-sul\/#breadcrumb"},"inLanguage":"pt-BR","potentialAction":[{"@type":"ReadAction","target":["https:\/\/agenciainfra.com\/blog\/politicos-cobram-analise-conjunta-de-concessoes-no-rio-grande-do-sul\/"]}]},{"@type":"ImageObject","inLanguage":"pt-BR","@id":"https:\/\/agenciainfra.com\/blog\/politicos-cobram-analise-conjunta-de-concessoes-no-rio-grande-do-sul\/#primaryimage","url":"https:\/\/agenciainfra.com\/blog\/wp-content\/uploads\/2025\/10\/rodovia-foto-marcelo-camargo-agencia-brasil.jpg","contentUrl":"https:\/\/agenciainfra.com\/blog\/wp-content\/uploads\/2025\/10\/rodovia-foto-marcelo-camargo-agencia-brasil.jpg","width":1170,"height":700,"caption":"Foto: Marcelo Camargo\/Ag\u00eancia Brasil"},{"@type":"BreadcrumbList","@id":"https:\/\/agenciainfra.com\/blog\/politicos-cobram-analise-conjunta-de-concessoes-no-rio-grande-do-sul\/#breadcrumb","itemListElement":[{"@type":"ListItem","position":1,"name":"In\u00edcio","item":"https:\/\/agenciainfra.com\/blog\/"},{"@type":"ListItem","position":2,"name":"Pol\u00edticos cobram an\u00e1lise conjunta de concess\u00f5es no Rio Grande do Sul"}]},{"@type":"WebSite","@id":"https:\/\/agenciainfra.com\/blog\/#website","url":"https:\/\/agenciainfra.com\/blog\/","name":"Ag\u00eancia iNFRA","description":"Multiplataforma de informa\u00e7\u00e3o jornal\u00edstica refer\u00eancia na \u00e1rea de infraestrutura no Brasil!","publisher":{"@id":"https:\/\/agenciainfra.com\/blog\/#organization"},"potentialAction":[{"@type":"SearchAction","target":{"@type":"EntryPoint","urlTemplate":"https:\/\/agenciainfra.com\/blog\/?s={search_term_string}"},"query-input":{"@type":"PropertyValueSpecification","valueRequired":true,"valueName":"search_term_string"}}],"inLanguage":"pt-BR"},{"@type":"Organization","@id":"https:\/\/agenciainfra.com\/blog\/#organization","name":"Ag\u00eancia iNFRA","url":"https:\/\/agenciainfra.com\/blog\/","logo":{"@type":"ImageObject","inLanguage":"pt-BR","@id":"https:\/\/agenciainfra.com\/blog\/#\/schema\/logo\/image\/","url":"https:\/\/agenciainfra.com\/blog\/wp-content\/uploads\/2023\/09\/iNFRA_5-e1761735885940.png","contentUrl":"https:\/\/agenciainfra.com\/blog\/wp-content\/uploads\/2023\/09\/iNFRA_5-e1761735885940.png","width":1672,"height":454,"caption":"Ag\u00eancia iNFRA"},"image":{"@id":"https:\/\/agenciainfra.com\/blog\/#\/schema\/logo\/image\/"},"sameAs":["https:\/\/www.facebook.com\/ageninfra","https:\/\/x.com\/agencia_infra","https:\/\/www.linkedin.com\/company\/ag\u00eanciainfra\/","https:\/\/www.instagram.com\/agenciainfra\/"]},{"@type":"Person","@id":"https:\/\/agenciainfra.com\/blog\/#\/schema\/person\/34af08dff6adea4cb22b06612ba7acfa","name":"Ag\u00eancia iNFRA","image":{"@type":"ImageObject","inLanguage":"pt-BR","@id":"https:\/\/agenciainfra.com\/blog\/#\/schema\/person\/image\/","url":"https:\/\/secure.gravatar.com\/avatar\/d189e01678f06d8eb84d4e01f08eb848b3fffe3f8443818d3c356c66892f5be8?s=96&d=mm&r=g","contentUrl":"https:\/\/secure.gravatar.com\/avatar\/d189e01678f06d8eb84d4e01f08eb848b3fffe3f8443818d3c356c66892f5be8?s=96&d=mm&r=g","caption":"Ag\u00eancia iNFRA"},"url":"https:\/\/agenciainfra.com\/blog\/author\/admin\/"}]}},"_links":{"self":[{"href":"https:\/\/agenciainfra.com\/blog\/wp-json\/wp\/v2\/posts\/37854","targetHints":{"allow":["GET"]}}],"collection":[{"href":"https:\/\/agenciainfra.com\/blog\/wp-json\/wp\/v2\/posts"}],"about":[{"href":"https:\/\/agenciainfra.com\/blog\/wp-json\/wp\/v2\/types\/post"}],"author":[{"embeddable":true,"href":"https:\/\/agenciainfra.com\/blog\/wp-json\/wp\/v2\/users\/1"}],"replies":[{"embeddable":true,"href":"https:\/\/agenciainfra.com\/blog\/wp-json\/wp\/v2\/comments?post=37854"}],"version-history":[{"count":1,"href":"https:\/\/agenciainfra.com\/blog\/wp-json\/wp\/v2\/posts\/37854\/revisions"}],"predecessor-version":[{"id":37855,"href":"https:\/\/agenciainfra.com\/blog\/wp-json\/wp\/v2\/posts\/37854\/revisions\/37855"}],"wp:featuredmedia":[{"embeddable":true,"href":"https:\/\/agenciainfra.com\/blog\/wp-json\/wp\/v2\/media\/30859"}],"wp:attachment":[{"href":"https:\/\/agenciainfra.com\/blog\/wp-json\/wp\/v2\/media?parent=37854"}],"wp:term":[{"taxonomy":"category","embeddable":true,"href":"https:\/\/agenciainfra.com\/blog\/wp-json\/wp\/v2\/categories?post=37854"},{"taxonomy":"post_tag","embeddable":true,"href":"https:\/\/agenciainfra.com\/blog\/wp-json\/wp\/v2\/tags?post=37854"}],"curies":[{"name":"wp","href":"https:\/\/api.w.org\/{rel}","templated":true}]}}