{"id":37869,"date":"2026-03-13T15:25:59","date_gmt":"2026-03-13T18:25:59","guid":{"rendered":"https:\/\/agenciainfra.com\/blog\/?p=37869"},"modified":"2026-03-13T15:26:01","modified_gmt":"2026-03-13T18:26:01","slug":"diesel-s10-sobe-96-no-brasil-apos-conflito-no-ira-diz-veloe-fipe","status":"publish","type":"post","link":"https:\/\/agenciainfra.com\/blog\/diesel-s10-sobe-96-no-brasil-apos-conflito-no-ira-diz-veloe-fipe\/","title":{"rendered":"Diesel S10 sobe 9,6% no Brasil ap\u00f3s conflito no Ir\u00e3, diz Veloe\/Fipe"},"content":{"rendered":"\n<p class=\"has-text-align-right\"><strong>da Ag\u00eancia iNFRA<\/strong><\/p>\n\n\n\n<p>O pre\u00e7o m\u00e9dio do diesel S10 no Brasil subiu 9,6% nas primeiras semanas ap\u00f3s o in\u00edcio do conflito entre Estados Unidos e Ir\u00e3, segundo o Monitor de Pre\u00e7os de Combust\u00edveis da Veloe, com apoio t\u00e9cnico da Fipe (Funda\u00e7\u00e3o Instituto de Pesquisas Econ\u00f4micas)<\/p>\n\n\n\n<p>De acordo com o levantamento, o diesel passou de R$ 6,06 por litro em 25 de fevereiro para R$ 6,64 em 9 de mar\u00e7o, um aumento de R$ 0,58. No mesmo per\u00edodo, a gasolina comum avan\u00e7ou 1,1%, de R$ 6,37 para R$ 6,45 por litro, enquanto o etanol permaneceu praticamente est\u00e1vel, em torno de R$ 4,74.<\/p>\n\n\n\n<p>Nos primeiros dias ap\u00f3s o in\u00edcio das tens\u00f5es geopol\u00edticas, entre 28 de fevereiro e 1\u00ba de mar\u00e7o, os combust\u00edveis chegaram a registrar leve queda, possivelmente devido \u00e0 exist\u00eancia de estoques no mercado dom\u00e9stico ou \u00e0 antecipa\u00e7\u00e3o de pre\u00e7os antes da escalada do conflito.<\/p>\n\n\n\n<p>Segundo o superintendente comercial da Veloe, Mauro Kondo, o diesel tende a reagir mais rapidamente a choques externos no mercado de petr\u00f3leo por estar diretamente ligado \u00e0 log\u00edstica e ao transporte de cargas.<\/p>\n\n\n\n<p><\/p>\n","protected":false},"excerpt":{"rendered":"<p>da Ag\u00eancia iNFRA O pre\u00e7o m\u00e9dio do diesel S10 no Brasil subiu 9,6% nas primeiras semanas ap\u00f3s o in\u00edcio do conflito entre Estados Unidos e Ir\u00e3, segundo o Monitor de Pre\u00e7os de Combust\u00edveis da Veloe, com apoio t\u00e9cnico da Fipe (Funda\u00e7\u00e3o Instituto de Pesquisas Econ\u00f4micas) De acordo com o levantamento, o diesel passou de R$ [&hellip;]<\/p>\n","protected":false},"author":1,"featured_media":8054,"comment_status":"closed","ping_status":"closed","sticky":false,"template":"","format":"standard","meta":{"_monsterinsights_skip_tracking":false,"_monsterinsights_sitenote_active":false,"_monsterinsights_sitenote_note":"","_monsterinsights_sitenote_category":0,"footnotes":""},"categories":[13576],"tags":[214,18923,315,3922,717,4182,3921,3191,7548,213,13701],"class_list":["post-37869","post","type-post","status-publish","format-standard","has-post-thumbnail","hentry","category-giro-infra","tag-combustivel","tag-conflito-no-oriente-medio","tag-diesel","tag-eua","tag-exportacao","tag-fipe","tag-ira","tag-oleo-e-gas","tag-oriente-medio","tag-petroleo","tag-veloe"],"yoast_head":"<!-- This site is optimized with the Yoast SEO Premium plugin v25.4 (Yoast SEO v26.0) - https:\/\/yoast.com\/wordpress\/plugins\/seo\/ -->\n<title>Diesel S10 sobe 9,6% no Brasil ap\u00f3s conflito no Ir\u00e3, diz Veloe\/Fipe - Ag\u00eancia iNFRA<\/title>\n<meta name=\"robots\" content=\"index, follow, max-snippet:-1, max-image-preview:large, max-video-preview:-1\" \/>\n<link rel=\"canonical\" href=\"https:\/\/agenciainfra.com\/blog\/diesel-s10-sobe-96-no-brasil-apos-conflito-no-ira-diz-veloe-fipe\/\" \/>\n<meta property=\"og:locale\" content=\"pt_BR\" \/>\n<meta property=\"og:type\" content=\"article\" \/>\n<meta property=\"og:title\" content=\"Diesel S10 sobe 9,6% no Brasil ap\u00f3s conflito no Ir\u00e3, diz Veloe\/Fipe\" \/>\n<meta property=\"og:description\" content=\"da Ag\u00eancia iNFRA O pre\u00e7o m\u00e9dio do diesel S10 no Brasil subiu 9,6% nas primeiras semanas ap\u00f3s o in\u00edcio do conflito entre Estados Unidos e Ir\u00e3, segundo o Monitor de Pre\u00e7os de Combust\u00edveis da Veloe, com apoio t\u00e9cnico da Fipe (Funda\u00e7\u00e3o Instituto de Pesquisas Econ\u00f4micas) De acordo com o levantamento, o diesel passou de R$ [&hellip;]\" \/>\n<meta property=\"og:url\" content=\"https:\/\/agenciainfra.com\/blog\/diesel-s10-sobe-96-no-brasil-apos-conflito-no-ira-diz-veloe-fipe\/\" \/>\n<meta property=\"og:site_name\" content=\"Ag\u00eancia iNFRA\" \/>\n<meta property=\"article:publisher\" content=\"https:\/\/www.facebook.com\/ageninfra\" \/>\n<meta property=\"article:published_time\" content=\"2026-03-13T18:25:59+00:00\" \/>\n<meta property=\"article:modified_time\" content=\"2026-03-13T18:26:01+00:00\" \/>\n<meta property=\"og:image\" content=\"https:\/\/agenciainfra.com\/blog\/wp-content\/uploads\/2021\/08\/combustivel-foto-agenciabrasil.png\" \/>\n\t<meta property=\"og:image:width\" content=\"1280\" \/>\n\t<meta property=\"og:image:height\" content=\"719\" \/>\n\t<meta property=\"og:image:type\" content=\"image\/png\" \/>\n<meta name=\"author\" content=\"Ag\u00eancia iNFRA\" \/>\n<meta name=\"twitter:card\" content=\"summary_large_image\" \/>\n<meta name=\"twitter:creator\" content=\"@agencia_infra\" \/>\n<meta name=\"twitter:site\" content=\"@agencia_infra\" \/>\n<meta name=\"twitter:label1\" content=\"Escrito por\" \/>\n\t<meta name=\"twitter:data1\" content=\"Ag\u00eancia iNFRA\" \/>\n\t<meta name=\"twitter:label2\" content=\"Est. tempo de leitura\" \/>\n\t<meta name=\"twitter:data2\" content=\"1 minuto\" \/>\n<script type=\"application\/ld+json\" class=\"yoast-schema-graph\">{\"@context\":\"https:\/\/schema.org\",\"@graph\":[{\"@type\":\"Article\",\"@id\":\"https:\/\/agenciainfra.com\/blog\/diesel-s10-sobe-96-no-brasil-apos-conflito-no-ira-diz-veloe-fipe\/#article\",\"isPartOf\":{\"@id\":\"https:\/\/agenciainfra.com\/blog\/diesel-s10-sobe-96-no-brasil-apos-conflito-no-ira-diz-veloe-fipe\/\"},\"author\":{\"name\":\"Ag\u00eancia iNFRA\",\"@id\":\"https:\/\/agenciainfra.com\/blog\/#\/schema\/person\/34af08dff6adea4cb22b06612ba7acfa\"},\"headline\":\"Diesel S10 sobe 9,6% no Brasil ap\u00f3s conflito no Ir\u00e3, diz Veloe\/Fipe\",\"datePublished\":\"2026-03-13T18:25:59+00:00\",\"dateModified\":\"2026-03-13T18:26:01+00:00\",\"mainEntityOfPage\":{\"@id\":\"https:\/\/agenciainfra.com\/blog\/diesel-s10-sobe-96-no-brasil-apos-conflito-no-ira-diz-veloe-fipe\/\"},\"wordCount\":201,\"publisher\":{\"@id\":\"https:\/\/agenciainfra.com\/blog\/#organization\"},\"image\":{\"@id\":\"https:\/\/agenciainfra.com\/blog\/diesel-s10-sobe-96-no-brasil-apos-conflito-no-ira-diz-veloe-fipe\/#primaryimage\"},\"thumbnailUrl\":\"https:\/\/agenciainfra.com\/blog\/wp-content\/uploads\/2021\/08\/combustivel-foto-agenciabrasil.png\",\"keywords\":[\"combust\u00edvel\",\"conflito no oriente m\u00e9dio\",\"diesel\",\"EUA\",\"exporta\u00e7\u00e3o\",\"Fipe\",\"Ir\u00e3\",\"\u00f3leo e g\u00e1s\",\"oriente m\u00e9dio\",\"petr\u00f3leo\",\"Veloe\"],\"articleSection\":[\"Giro iNFRA\"],\"inLanguage\":\"pt-BR\",\"copyrightYear\":\"2026\",\"copyrightHolder\":{\"@id\":\"https:\/\/agenciainfra.com\/blog\/#organization\"}},{\"@type\":\"WebPage\",\"@id\":\"https:\/\/agenciainfra.com\/blog\/diesel-s10-sobe-96-no-brasil-apos-conflito-no-ira-diz-veloe-fipe\/\",\"url\":\"https:\/\/agenciainfra.com\/blog\/diesel-s10-sobe-96-no-brasil-apos-conflito-no-ira-diz-veloe-fipe\/\",\"name\":\"Diesel S10 sobe 9,6% no Brasil ap\u00f3s conflito no Ir\u00e3, diz Veloe\/Fipe - Ag\u00eancia iNFRA\",\"isPartOf\":{\"@id\":\"https:\/\/agenciainfra.com\/blog\/#website\"},\"primaryImageOfPage\":{\"@id\":\"https:\/\/agenciainfra.com\/blog\/diesel-s10-sobe-96-no-brasil-apos-conflito-no-ira-diz-veloe-fipe\/#primaryimage\"},\"image\":{\"@id\":\"https:\/\/agenciainfra.com\/blog\/diesel-s10-sobe-96-no-brasil-apos-conflito-no-ira-diz-veloe-fipe\/#primaryimage\"},\"thumbnailUrl\":\"https:\/\/agenciainfra.com\/blog\/wp-content\/uploads\/2021\/08\/combustivel-foto-agenciabrasil.png\",\"datePublished\":\"2026-03-13T18:25:59+00:00\",\"dateModified\":\"2026-03-13T18:26:01+00:00\",\"breadcrumb\":{\"@id\":\"https:\/\/agenciainfra.com\/blog\/diesel-s10-sobe-96-no-brasil-apos-conflito-no-ira-diz-veloe-fipe\/#breadcrumb\"},\"inLanguage\":\"pt-BR\",\"potentialAction\":[{\"@type\":\"ReadAction\",\"target\":[\"https:\/\/agenciainfra.com\/blog\/diesel-s10-sobe-96-no-brasil-apos-conflito-no-ira-diz-veloe-fipe\/\"]}]},{\"@type\":\"ImageObject\",\"inLanguage\":\"pt-BR\",\"@id\":\"https:\/\/agenciainfra.com\/blog\/diesel-s10-sobe-96-no-brasil-apos-conflito-no-ira-diz-veloe-fipe\/#primaryimage\",\"url\":\"https:\/\/agenciainfra.com\/blog\/wp-content\/uploads\/2021\/08\/combustivel-foto-agenciabrasil.png\",\"contentUrl\":\"https:\/\/agenciainfra.com\/blog\/wp-content\/uploads\/2021\/08\/combustivel-foto-agenciabrasil.png\",\"width\":1280,\"height\":719,\"caption\":\"Foto: Ag\u00eancia Brasil\"},{\"@type\":\"BreadcrumbList\",\"@id\":\"https:\/\/agenciainfra.com\/blog\/diesel-s10-sobe-96-no-brasil-apos-conflito-no-ira-diz-veloe-fipe\/#breadcrumb\",\"itemListElement\":[{\"@type\":\"ListItem\",\"position\":1,\"name\":\"In\u00edcio\",\"item\":\"https:\/\/agenciainfra.com\/blog\/\"},{\"@type\":\"ListItem\",\"position\":2,\"name\":\"Diesel S10 sobe 9,6% no Brasil ap\u00f3s conflito no Ir\u00e3, diz Veloe\/Fipe\"}]},{\"@type\":\"WebSite\",\"@id\":\"https:\/\/agenciainfra.com\/blog\/#website\",\"url\":\"https:\/\/agenciainfra.com\/blog\/\",\"name\":\"Ag\u00eancia iNFRA\",\"description\":\"Multiplataforma de informa\u00e7\u00e3o jornal\u00edstica refer\u00eancia na \u00e1rea de infraestrutura no Brasil!\",\"publisher\":{\"@id\":\"https:\/\/agenciainfra.com\/blog\/#organization\"},\"potentialAction\":[{\"@type\":\"SearchAction\",\"target\":{\"@type\":\"EntryPoint\",\"urlTemplate\":\"https:\/\/agenciainfra.com\/blog\/?s={search_term_string}\"},\"query-input\":{\"@type\":\"PropertyValueSpecification\",\"valueRequired\":true,\"valueName\":\"search_term_string\"}}],\"inLanguage\":\"pt-BR\"},{\"@type\":\"Organization\",\"@id\":\"https:\/\/agenciainfra.com\/blog\/#organization\",\"name\":\"Ag\u00eancia iNFRA\",\"url\":\"https:\/\/agenciainfra.com\/blog\/\",\"logo\":{\"@type\":\"ImageObject\",\"inLanguage\":\"pt-BR\",\"@id\":\"https:\/\/agenciainfra.com\/blog\/#\/schema\/logo\/image\/\",\"url\":\"https:\/\/agenciainfra.com\/blog\/wp-content\/uploads\/2023\/09\/iNFRA_5-e1761735885940.png\",\"contentUrl\":\"https:\/\/agenciainfra.com\/blog\/wp-content\/uploads\/2023\/09\/iNFRA_5-e1761735885940.png\",\"width\":1672,\"height\":454,\"caption\":\"Ag\u00eancia iNFRA\"},\"image\":{\"@id\":\"https:\/\/agenciainfra.com\/blog\/#\/schema\/logo\/image\/\"},\"sameAs\":[\"https:\/\/www.facebook.com\/ageninfra\",\"https:\/\/x.com\/agencia_infra\",\"https:\/\/www.linkedin.com\/company\/ag\u00eanciainfra\/\",\"https:\/\/www.instagram.com\/agenciainfra\/\"]},{\"@type\":\"Person\",\"@id\":\"https:\/\/agenciainfra.com\/blog\/#\/schema\/person\/34af08dff6adea4cb22b06612ba7acfa\",\"name\":\"Ag\u00eancia iNFRA\",\"image\":{\"@type\":\"ImageObject\",\"inLanguage\":\"pt-BR\",\"@id\":\"https:\/\/agenciainfra.com\/blog\/#\/schema\/person\/image\/\",\"url\":\"https:\/\/secure.gravatar.com\/avatar\/d189e01678f06d8eb84d4e01f08eb848b3fffe3f8443818d3c356c66892f5be8?s=96&d=mm&r=g\",\"contentUrl\":\"https:\/\/secure.gravatar.com\/avatar\/d189e01678f06d8eb84d4e01f08eb848b3fffe3f8443818d3c356c66892f5be8?s=96&d=mm&r=g\",\"caption\":\"Ag\u00eancia iNFRA\"},\"url\":\"https:\/\/agenciainfra.com\/blog\/author\/admin\/\"}]}<\/script>\n<!-- \/ Yoast SEO Premium plugin. -->","yoast_head_json":{"title":"Diesel S10 sobe 9,6% no Brasil ap\u00f3s conflito no Ir\u00e3, diz Veloe\/Fipe - Ag\u00eancia iNFRA","robots":{"index":"index","follow":"follow","max-snippet":"max-snippet:-1","max-image-preview":"max-image-preview:large","max-video-preview":"max-video-preview:-1"},"canonical":"https:\/\/agenciainfra.com\/blog\/diesel-s10-sobe-96-no-brasil-apos-conflito-no-ira-diz-veloe-fipe\/","og_locale":"pt_BR","og_type":"article","og_title":"Diesel S10 sobe 9,6% no Brasil ap\u00f3s conflito no Ir\u00e3, diz Veloe\/Fipe","og_description":"da Ag\u00eancia iNFRA O pre\u00e7o m\u00e9dio do diesel S10 no Brasil subiu 9,6% nas primeiras semanas ap\u00f3s o in\u00edcio do conflito entre Estados Unidos e Ir\u00e3, segundo o Monitor de Pre\u00e7os de Combust\u00edveis da Veloe, com apoio t\u00e9cnico da Fipe (Funda\u00e7\u00e3o Instituto de Pesquisas Econ\u00f4micas) De acordo com o levantamento, o diesel passou de R$ [&hellip;]","og_url":"https:\/\/agenciainfra.com\/blog\/diesel-s10-sobe-96-no-brasil-apos-conflito-no-ira-diz-veloe-fipe\/","og_site_name":"Ag\u00eancia iNFRA","article_publisher":"https:\/\/www.facebook.com\/ageninfra","article_published_time":"2026-03-13T18:25:59+00:00","article_modified_time":"2026-03-13T18:26:01+00:00","og_image":[{"width":1280,"height":719,"url":"https:\/\/agenciainfra.com\/blog\/wp-content\/uploads\/2021\/08\/combustivel-foto-agenciabrasil.png","type":"image\/png"}],"author":"Ag\u00eancia iNFRA","twitter_card":"summary_large_image","twitter_creator":"@agencia_infra","twitter_site":"@agencia_infra","twitter_misc":{"Escrito por":"Ag\u00eancia iNFRA","Est. tempo de leitura":"1 minuto"},"schema":{"@context":"https:\/\/schema.org","@graph":[{"@type":"Article","@id":"https:\/\/agenciainfra.com\/blog\/diesel-s10-sobe-96-no-brasil-apos-conflito-no-ira-diz-veloe-fipe\/#article","isPartOf":{"@id":"https:\/\/agenciainfra.com\/blog\/diesel-s10-sobe-96-no-brasil-apos-conflito-no-ira-diz-veloe-fipe\/"},"author":{"name":"Ag\u00eancia iNFRA","@id":"https:\/\/agenciainfra.com\/blog\/#\/schema\/person\/34af08dff6adea4cb22b06612ba7acfa"},"headline":"Diesel S10 sobe 9,6% no Brasil ap\u00f3s conflito no Ir\u00e3, diz Veloe\/Fipe","datePublished":"2026-03-13T18:25:59+00:00","dateModified":"2026-03-13T18:26:01+00:00","mainEntityOfPage":{"@id":"https:\/\/agenciainfra.com\/blog\/diesel-s10-sobe-96-no-brasil-apos-conflito-no-ira-diz-veloe-fipe\/"},"wordCount":201,"publisher":{"@id":"https:\/\/agenciainfra.com\/blog\/#organization"},"image":{"@id":"https:\/\/agenciainfra.com\/blog\/diesel-s10-sobe-96-no-brasil-apos-conflito-no-ira-diz-veloe-fipe\/#primaryimage"},"thumbnailUrl":"https:\/\/agenciainfra.com\/blog\/wp-content\/uploads\/2021\/08\/combustivel-foto-agenciabrasil.png","keywords":["combust\u00edvel","conflito no oriente m\u00e9dio","diesel","EUA","exporta\u00e7\u00e3o","Fipe","Ir\u00e3","\u00f3leo e g\u00e1s","oriente m\u00e9dio","petr\u00f3leo","Veloe"],"articleSection":["Giro iNFRA"],"inLanguage":"pt-BR","copyrightYear":"2026","copyrightHolder":{"@id":"https:\/\/agenciainfra.com\/blog\/#organization"}},{"@type":"WebPage","@id":"https:\/\/agenciainfra.com\/blog\/diesel-s10-sobe-96-no-brasil-apos-conflito-no-ira-diz-veloe-fipe\/","url":"https:\/\/agenciainfra.com\/blog\/diesel-s10-sobe-96-no-brasil-apos-conflito-no-ira-diz-veloe-fipe\/","name":"Diesel S10 sobe 9,6% no Brasil ap\u00f3s conflito no Ir\u00e3, diz Veloe\/Fipe - Ag\u00eancia iNFRA","isPartOf":{"@id":"https:\/\/agenciainfra.com\/blog\/#website"},"primaryImageOfPage":{"@id":"https:\/\/agenciainfra.com\/blog\/diesel-s10-sobe-96-no-brasil-apos-conflito-no-ira-diz-veloe-fipe\/#primaryimage"},"image":{"@id":"https:\/\/agenciainfra.com\/blog\/diesel-s10-sobe-96-no-brasil-apos-conflito-no-ira-diz-veloe-fipe\/#primaryimage"},"thumbnailUrl":"https:\/\/agenciainfra.com\/blog\/wp-content\/uploads\/2021\/08\/combustivel-foto-agenciabrasil.png","datePublished":"2026-03-13T18:25:59+00:00","dateModified":"2026-03-13T18:26:01+00:00","breadcrumb":{"@id":"https:\/\/agenciainfra.com\/blog\/diesel-s10-sobe-96-no-brasil-apos-conflito-no-ira-diz-veloe-fipe\/#breadcrumb"},"inLanguage":"pt-BR","potentialAction":[{"@type":"ReadAction","target":["https:\/\/agenciainfra.com\/blog\/diesel-s10-sobe-96-no-brasil-apos-conflito-no-ira-diz-veloe-fipe\/"]}]},{"@type":"ImageObject","inLanguage":"pt-BR","@id":"https:\/\/agenciainfra.com\/blog\/diesel-s10-sobe-96-no-brasil-apos-conflito-no-ira-diz-veloe-fipe\/#primaryimage","url":"https:\/\/agenciainfra.com\/blog\/wp-content\/uploads\/2021\/08\/combustivel-foto-agenciabrasil.png","contentUrl":"https:\/\/agenciainfra.com\/blog\/wp-content\/uploads\/2021\/08\/combustivel-foto-agenciabrasil.png","width":1280,"height":719,"caption":"Foto: Ag\u00eancia Brasil"},{"@type":"BreadcrumbList","@id":"https:\/\/agenciainfra.com\/blog\/diesel-s10-sobe-96-no-brasil-apos-conflito-no-ira-diz-veloe-fipe\/#breadcrumb","itemListElement":[{"@type":"ListItem","position":1,"name":"In\u00edcio","item":"https:\/\/agenciainfra.com\/blog\/"},{"@type":"ListItem","position":2,"name":"Diesel S10 sobe 9,6% no Brasil ap\u00f3s conflito no Ir\u00e3, diz Veloe\/Fipe"}]},{"@type":"WebSite","@id":"https:\/\/agenciainfra.com\/blog\/#website","url":"https:\/\/agenciainfra.com\/blog\/","name":"Ag\u00eancia iNFRA","description":"Multiplataforma de informa\u00e7\u00e3o jornal\u00edstica refer\u00eancia na \u00e1rea de infraestrutura no Brasil!","publisher":{"@id":"https:\/\/agenciainfra.com\/blog\/#organization"},"potentialAction":[{"@type":"SearchAction","target":{"@type":"EntryPoint","urlTemplate":"https:\/\/agenciainfra.com\/blog\/?s={search_term_string}"},"query-input":{"@type":"PropertyValueSpecification","valueRequired":true,"valueName":"search_term_string"}}],"inLanguage":"pt-BR"},{"@type":"Organization","@id":"https:\/\/agenciainfra.com\/blog\/#organization","name":"Ag\u00eancia iNFRA","url":"https:\/\/agenciainfra.com\/blog\/","logo":{"@type":"ImageObject","inLanguage":"pt-BR","@id":"https:\/\/agenciainfra.com\/blog\/#\/schema\/logo\/image\/","url":"https:\/\/agenciainfra.com\/blog\/wp-content\/uploads\/2023\/09\/iNFRA_5-e1761735885940.png","contentUrl":"https:\/\/agenciainfra.com\/blog\/wp-content\/uploads\/2023\/09\/iNFRA_5-e1761735885940.png","width":1672,"height":454,"caption":"Ag\u00eancia iNFRA"},"image":{"@id":"https:\/\/agenciainfra.com\/blog\/#\/schema\/logo\/image\/"},"sameAs":["https:\/\/www.facebook.com\/ageninfra","https:\/\/x.com\/agencia_infra","https:\/\/www.linkedin.com\/company\/ag\u00eanciainfra\/","https:\/\/www.instagram.com\/agenciainfra\/"]},{"@type":"Person","@id":"https:\/\/agenciainfra.com\/blog\/#\/schema\/person\/34af08dff6adea4cb22b06612ba7acfa","name":"Ag\u00eancia iNFRA","image":{"@type":"ImageObject","inLanguage":"pt-BR","@id":"https:\/\/agenciainfra.com\/blog\/#\/schema\/person\/image\/","url":"https:\/\/secure.gravatar.com\/avatar\/d189e01678f06d8eb84d4e01f08eb848b3fffe3f8443818d3c356c66892f5be8?s=96&d=mm&r=g","contentUrl":"https:\/\/secure.gravatar.com\/avatar\/d189e01678f06d8eb84d4e01f08eb848b3fffe3f8443818d3c356c66892f5be8?s=96&d=mm&r=g","caption":"Ag\u00eancia iNFRA"},"url":"https:\/\/agenciainfra.com\/blog\/author\/admin\/"}]}},"_links":{"self":[{"href":"https:\/\/agenciainfra.com\/blog\/wp-json\/wp\/v2\/posts\/37869","targetHints":{"allow":["GET"]}}],"collection":[{"href":"https:\/\/agenciainfra.com\/blog\/wp-json\/wp\/v2\/posts"}],"about":[{"href":"https:\/\/agenciainfra.com\/blog\/wp-json\/wp\/v2\/types\/post"}],"author":[{"embeddable":true,"href":"https:\/\/agenciainfra.com\/blog\/wp-json\/wp\/v2\/users\/1"}],"replies":[{"embeddable":true,"href":"https:\/\/agenciainfra.com\/blog\/wp-json\/wp\/v2\/comments?post=37869"}],"version-history":[{"count":1,"href":"https:\/\/agenciainfra.com\/blog\/wp-json\/wp\/v2\/posts\/37869\/revisions"}],"predecessor-version":[{"id":37870,"href":"https:\/\/agenciainfra.com\/blog\/wp-json\/wp\/v2\/posts\/37869\/revisions\/37870"}],"wp:featuredmedia":[{"embeddable":true,"href":"https:\/\/agenciainfra.com\/blog\/wp-json\/wp\/v2\/media\/8054"}],"wp:attachment":[{"href":"https:\/\/agenciainfra.com\/blog\/wp-json\/wp\/v2\/media?parent=37869"}],"wp:term":[{"taxonomy":"category","embeddable":true,"href":"https:\/\/agenciainfra.com\/blog\/wp-json\/wp\/v2\/categories?post=37869"},{"taxonomy":"post_tag","embeddable":true,"href":"https:\/\/agenciainfra.com\/blog\/wp-json\/wp\/v2\/tags?post=37869"}],"curies":[{"name":"wp","href":"https:\/\/api.w.org\/{rel}","templated":true}]}}