{"id":37871,"date":"2026-03-13T15:57:06","date_gmt":"2026-03-13T18:57:06","guid":{"rendered":"https:\/\/agenciainfra.com\/blog\/?p=37871"},"modified":"2026-03-13T15:57:08","modified_gmt":"2026-03-13T18:57:08","slug":"portos-movimentam-104-mi-de-toneladas-em-janeiro-alta-de-128","status":"publish","type":"post","link":"https:\/\/agenciainfra.com\/blog\/portos-movimentam-104-mi-de-toneladas-em-janeiro-alta-de-128\/","title":{"rendered":"Portos movimentam 104 mi de toneladas em janeiro, alta de 12,8%"},"content":{"rendered":"\n<p class=\"has-text-align-right\"><strong>da Ag\u00eancia iNFRA<\/strong><\/p>\n\n\n\n<p>Os portos brasileiros movimentaram 104 milh\u00f5es de toneladas de cargas em janeiro, crescimento de 12,8% na compara\u00e7\u00e3o com o mesmo m\u00eas de 2025. Nos portos p\u00fablicos, a movimenta\u00e7\u00e3o alcan\u00e7ou 35,3 milh\u00f5es de toneladas, alta de 10,3% em rela\u00e7\u00e3o ao ano passado. Entre os terminais com maior crescimento est\u00e1 o Porto de Santar\u00e9m, no Par\u00e1, que registrou avan\u00e7o de 156,3% e movimentou 1,6 milh\u00e3o de toneladas.<\/p>\n\n\n\n<p>Os TUPs (Terminais de Uso Privado) somaram 68,7 milh\u00f5es de toneladas, com expans\u00e3o de 14,1%. Entre os destaques est\u00e1 o terminal TPET\/TOIL, no Porto do A\u00e7u, no Rio de Janeiro, que movimentou 7,7 milh\u00f5es de toneladas, aumento de 159,8%.<\/p>\n\n\n\n<p>No recorte por tipo de navega\u00e7\u00e3o, o longo curso, respons\u00e1vel pelo com\u00e9rcio internacional, alcan\u00e7ou 70,9 milh\u00f5es de toneladas, alta de 11%. J\u00e1 a cabotagem, que transporta cargas entre portos do pa\u00eds, movimentou 20,2 milh\u00f5es de toneladas, crescimento de 15%.<\/p>\n\n\n\n<p>Entre os tipos de carga, os gran\u00e9is s\u00f3lidos lideraram com 54,7 milh\u00f5es de toneladas (+10,4%), seguidos pelos gran\u00e9is l\u00edquidos, que somaram 31,2 milh\u00f5es de toneladas e registraram a maior expans\u00e3o, de 29,7%.<\/p>\n\n\n\n<p>Entre as mercadorias, o petr\u00f3leo bruto foi o produto mais movimentado, com 21,4 milh\u00f5es de toneladas, seguido pela soja, que registrou 4 milh\u00f5es de toneladas, e pelo a\u00e7\u00facar, com 2,2 milh\u00f5es de toneladas.<\/p>\n","protected":false},"excerpt":{"rendered":"<p>da Ag\u00eancia iNFRA Os portos brasileiros movimentaram 104 milh\u00f5es de toneladas de cargas em janeiro, crescimento de 12,8% na compara\u00e7\u00e3o com o mesmo m\u00eas de 2025. Nos portos p\u00fablicos, a movimenta\u00e7\u00e3o alcan\u00e7ou 35,3 milh\u00f5es de toneladas, alta de 10,3% em rela\u00e7\u00e3o ao ano passado. Entre os terminais com maior crescimento est\u00e1 o Porto de Santar\u00e9m, [&hellip;]<\/p>\n","protected":false},"author":1,"featured_media":32273,"comment_status":"closed","ping_status":"closed","sticky":false,"template":"","format":"standard","meta":{"_monsterinsights_skip_tracking":false,"_monsterinsights_sitenote_active":false,"_monsterinsights_sitenote_note":"","_monsterinsights_sitenote_category":0,"footnotes":""},"categories":[13576],"tags":[86,1729,5281,18924,14765,18925,310,1059],"class_list":["post-37871","post","type-post","status-publish","format-standard","has-post-thumbnail","hentry","category-giro-infra","tag-antaq","tag-exportacoes","tag-importacoes","tag-movimentacao-de-portos","tag-porto-de-acu","tag-porto-de-santarem","tag-portos","tag-transporte-de-cargas"],"yoast_head":"<!-- This site is optimized with the Yoast SEO Premium plugin v25.4 (Yoast SEO v26.0) - https:\/\/yoast.com\/wordpress\/plugins\/seo\/ -->\n<title>Portos movimentam 104 mi de toneladas em janeiro, alta de 12,8% - Ag\u00eancia iNFRA<\/title>\n<meta name=\"robots\" content=\"index, follow, max-snippet:-1, max-image-preview:large, max-video-preview:-1\" \/>\n<link rel=\"canonical\" href=\"https:\/\/agenciainfra.com\/blog\/portos-movimentam-104-mi-de-toneladas-em-janeiro-alta-de-128\/\" \/>\n<meta property=\"og:locale\" content=\"pt_BR\" \/>\n<meta property=\"og:type\" content=\"article\" \/>\n<meta property=\"og:title\" content=\"Portos movimentam 104 mi de toneladas em janeiro, alta de 12,8%\" \/>\n<meta property=\"og:description\" content=\"da Ag\u00eancia iNFRA Os portos brasileiros movimentaram 104 milh\u00f5es de toneladas de cargas em janeiro, crescimento de 12,8% na compara\u00e7\u00e3o com o mesmo m\u00eas de 2025. Nos portos p\u00fablicos, a movimenta\u00e7\u00e3o alcan\u00e7ou 35,3 milh\u00f5es de toneladas, alta de 10,3% em rela\u00e7\u00e3o ao ano passado. Entre os terminais com maior crescimento est\u00e1 o Porto de Santar\u00e9m, [&hellip;]\" \/>\n<meta property=\"og:url\" content=\"https:\/\/agenciainfra.com\/blog\/portos-movimentam-104-mi-de-toneladas-em-janeiro-alta-de-128\/\" \/>\n<meta property=\"og:site_name\" content=\"Ag\u00eancia iNFRA\" \/>\n<meta property=\"article:publisher\" content=\"https:\/\/www.facebook.com\/ageninfra\" \/>\n<meta property=\"article:published_time\" content=\"2026-03-13T18:57:06+00:00\" \/>\n<meta property=\"article:modified_time\" content=\"2026-03-13T18:57:08+00:00\" \/>\n<meta property=\"og:image\" content=\"https:\/\/agenciainfra.com\/blog\/wp-content\/uploads\/2025\/11\/porto-de-santarem-foto-mpor.jpg\" \/>\n\t<meta property=\"og:image:width\" content=\"1280\" \/>\n\t<meta property=\"og:image:height\" content=\"852\" \/>\n\t<meta property=\"og:image:type\" content=\"image\/jpeg\" \/>\n<meta name=\"author\" content=\"Ag\u00eancia iNFRA\" \/>\n<meta name=\"twitter:card\" content=\"summary_large_image\" \/>\n<meta name=\"twitter:creator\" content=\"@agencia_infra\" \/>\n<meta name=\"twitter:site\" content=\"@agencia_infra\" \/>\n<meta name=\"twitter:label1\" content=\"Escrito por\" \/>\n\t<meta name=\"twitter:data1\" content=\"Ag\u00eancia iNFRA\" \/>\n\t<meta name=\"twitter:label2\" content=\"Est. tempo de leitura\" \/>\n\t<meta name=\"twitter:data2\" content=\"1 minuto\" \/>\n<script type=\"application\/ld+json\" class=\"yoast-schema-graph\">{\"@context\":\"https:\/\/schema.org\",\"@graph\":[{\"@type\":\"Article\",\"@id\":\"https:\/\/agenciainfra.com\/blog\/portos-movimentam-104-mi-de-toneladas-em-janeiro-alta-de-128\/#article\",\"isPartOf\":{\"@id\":\"https:\/\/agenciainfra.com\/blog\/portos-movimentam-104-mi-de-toneladas-em-janeiro-alta-de-128\/\"},\"author\":{\"name\":\"Ag\u00eancia iNFRA\",\"@id\":\"https:\/\/agenciainfra.com\/blog\/#\/schema\/person\/34af08dff6adea4cb22b06612ba7acfa\"},\"headline\":\"Portos movimentam 104 mi de toneladas em janeiro, alta de 12,8%\",\"datePublished\":\"2026-03-13T18:57:06+00:00\",\"dateModified\":\"2026-03-13T18:57:08+00:00\",\"mainEntityOfPage\":{\"@id\":\"https:\/\/agenciainfra.com\/blog\/portos-movimentam-104-mi-de-toneladas-em-janeiro-alta-de-128\/\"},\"wordCount\":234,\"publisher\":{\"@id\":\"https:\/\/agenciainfra.com\/blog\/#organization\"},\"image\":{\"@id\":\"https:\/\/agenciainfra.com\/blog\/portos-movimentam-104-mi-de-toneladas-em-janeiro-alta-de-128\/#primaryimage\"},\"thumbnailUrl\":\"https:\/\/agenciainfra.com\/blog\/wp-content\/uploads\/2025\/11\/porto-de-santarem-foto-mpor.jpg\",\"keywords\":[\"ANTAQ\",\"exporta\u00e7\u00f5es\",\"importa\u00e7\u00f5es\",\"movimenta\u00e7\u00e3o de portos\",\"Porto de A\u00e7u\",\"porto de santar\u00e9m\",\"portos\",\"transporte de cargas\"],\"articleSection\":[\"Giro iNFRA\"],\"inLanguage\":\"pt-BR\",\"copyrightYear\":\"2026\",\"copyrightHolder\":{\"@id\":\"https:\/\/agenciainfra.com\/blog\/#organization\"}},{\"@type\":\"WebPage\",\"@id\":\"https:\/\/agenciainfra.com\/blog\/portos-movimentam-104-mi-de-toneladas-em-janeiro-alta-de-128\/\",\"url\":\"https:\/\/agenciainfra.com\/blog\/portos-movimentam-104-mi-de-toneladas-em-janeiro-alta-de-128\/\",\"name\":\"Portos movimentam 104 mi de toneladas em janeiro, alta de 12,8% - Ag\u00eancia iNFRA\",\"isPartOf\":{\"@id\":\"https:\/\/agenciainfra.com\/blog\/#website\"},\"primaryImageOfPage\":{\"@id\":\"https:\/\/agenciainfra.com\/blog\/portos-movimentam-104-mi-de-toneladas-em-janeiro-alta-de-128\/#primaryimage\"},\"image\":{\"@id\":\"https:\/\/agenciainfra.com\/blog\/portos-movimentam-104-mi-de-toneladas-em-janeiro-alta-de-128\/#primaryimage\"},\"thumbnailUrl\":\"https:\/\/agenciainfra.com\/blog\/wp-content\/uploads\/2025\/11\/porto-de-santarem-foto-mpor.jpg\",\"datePublished\":\"2026-03-13T18:57:06+00:00\",\"dateModified\":\"2026-03-13T18:57:08+00:00\",\"breadcrumb\":{\"@id\":\"https:\/\/agenciainfra.com\/blog\/portos-movimentam-104-mi-de-toneladas-em-janeiro-alta-de-128\/#breadcrumb\"},\"inLanguage\":\"pt-BR\",\"potentialAction\":[{\"@type\":\"ReadAction\",\"target\":[\"https:\/\/agenciainfra.com\/blog\/portos-movimentam-104-mi-de-toneladas-em-janeiro-alta-de-128\/\"]}]},{\"@type\":\"ImageObject\",\"inLanguage\":\"pt-BR\",\"@id\":\"https:\/\/agenciainfra.com\/blog\/portos-movimentam-104-mi-de-toneladas-em-janeiro-alta-de-128\/#primaryimage\",\"url\":\"https:\/\/agenciainfra.com\/blog\/wp-content\/uploads\/2025\/11\/porto-de-santarem-foto-mpor.jpg\",\"contentUrl\":\"https:\/\/agenciainfra.com\/blog\/wp-content\/uploads\/2025\/11\/porto-de-santarem-foto-mpor.jpg\",\"width\":1280,\"height\":852,\"caption\":\"Foto: MPor\"},{\"@type\":\"BreadcrumbList\",\"@id\":\"https:\/\/agenciainfra.com\/blog\/portos-movimentam-104-mi-de-toneladas-em-janeiro-alta-de-128\/#breadcrumb\",\"itemListElement\":[{\"@type\":\"ListItem\",\"position\":1,\"name\":\"In\u00edcio\",\"item\":\"https:\/\/agenciainfra.com\/blog\/\"},{\"@type\":\"ListItem\",\"position\":2,\"name\":\"Portos movimentam 104 mi de toneladas em janeiro, alta de 12,8%\"}]},{\"@type\":\"WebSite\",\"@id\":\"https:\/\/agenciainfra.com\/blog\/#website\",\"url\":\"https:\/\/agenciainfra.com\/blog\/\",\"name\":\"Ag\u00eancia iNFRA\",\"description\":\"Multiplataforma de informa\u00e7\u00e3o jornal\u00edstica refer\u00eancia na \u00e1rea de infraestrutura no Brasil!\",\"publisher\":{\"@id\":\"https:\/\/agenciainfra.com\/blog\/#organization\"},\"potentialAction\":[{\"@type\":\"SearchAction\",\"target\":{\"@type\":\"EntryPoint\",\"urlTemplate\":\"https:\/\/agenciainfra.com\/blog\/?s={search_term_string}\"},\"query-input\":{\"@type\":\"PropertyValueSpecification\",\"valueRequired\":true,\"valueName\":\"search_term_string\"}}],\"inLanguage\":\"pt-BR\"},{\"@type\":\"Organization\",\"@id\":\"https:\/\/agenciainfra.com\/blog\/#organization\",\"name\":\"Ag\u00eancia iNFRA\",\"url\":\"https:\/\/agenciainfra.com\/blog\/\",\"logo\":{\"@type\":\"ImageObject\",\"inLanguage\":\"pt-BR\",\"@id\":\"https:\/\/agenciainfra.com\/blog\/#\/schema\/logo\/image\/\",\"url\":\"https:\/\/agenciainfra.com\/blog\/wp-content\/uploads\/2023\/09\/iNFRA_5-e1761735885940.png\",\"contentUrl\":\"https:\/\/agenciainfra.com\/blog\/wp-content\/uploads\/2023\/09\/iNFRA_5-e1761735885940.png\",\"width\":1672,\"height\":454,\"caption\":\"Ag\u00eancia iNFRA\"},\"image\":{\"@id\":\"https:\/\/agenciainfra.com\/blog\/#\/schema\/logo\/image\/\"},\"sameAs\":[\"https:\/\/www.facebook.com\/ageninfra\",\"https:\/\/x.com\/agencia_infra\",\"https:\/\/www.linkedin.com\/company\/ag\u00eanciainfra\/\",\"https:\/\/www.instagram.com\/agenciainfra\/\"]},{\"@type\":\"Person\",\"@id\":\"https:\/\/agenciainfra.com\/blog\/#\/schema\/person\/34af08dff6adea4cb22b06612ba7acfa\",\"name\":\"Ag\u00eancia iNFRA\",\"image\":{\"@type\":\"ImageObject\",\"inLanguage\":\"pt-BR\",\"@id\":\"https:\/\/agenciainfra.com\/blog\/#\/schema\/person\/image\/\",\"url\":\"https:\/\/secure.gravatar.com\/avatar\/d189e01678f06d8eb84d4e01f08eb848b3fffe3f8443818d3c356c66892f5be8?s=96&d=mm&r=g\",\"contentUrl\":\"https:\/\/secure.gravatar.com\/avatar\/d189e01678f06d8eb84d4e01f08eb848b3fffe3f8443818d3c356c66892f5be8?s=96&d=mm&r=g\",\"caption\":\"Ag\u00eancia iNFRA\"},\"url\":\"https:\/\/agenciainfra.com\/blog\/author\/admin\/\"}]}<\/script>\n<!-- \/ Yoast SEO Premium plugin. -->","yoast_head_json":{"title":"Portos movimentam 104 mi de toneladas em janeiro, alta de 12,8% - Ag\u00eancia iNFRA","robots":{"index":"index","follow":"follow","max-snippet":"max-snippet:-1","max-image-preview":"max-image-preview:large","max-video-preview":"max-video-preview:-1"},"canonical":"https:\/\/agenciainfra.com\/blog\/portos-movimentam-104-mi-de-toneladas-em-janeiro-alta-de-128\/","og_locale":"pt_BR","og_type":"article","og_title":"Portos movimentam 104 mi de toneladas em janeiro, alta de 12,8%","og_description":"da Ag\u00eancia iNFRA Os portos brasileiros movimentaram 104 milh\u00f5es de toneladas de cargas em janeiro, crescimento de 12,8% na compara\u00e7\u00e3o com o mesmo m\u00eas de 2025. Nos portos p\u00fablicos, a movimenta\u00e7\u00e3o alcan\u00e7ou 35,3 milh\u00f5es de toneladas, alta de 10,3% em rela\u00e7\u00e3o ao ano passado. Entre os terminais com maior crescimento est\u00e1 o Porto de Santar\u00e9m, [&hellip;]","og_url":"https:\/\/agenciainfra.com\/blog\/portos-movimentam-104-mi-de-toneladas-em-janeiro-alta-de-128\/","og_site_name":"Ag\u00eancia iNFRA","article_publisher":"https:\/\/www.facebook.com\/ageninfra","article_published_time":"2026-03-13T18:57:06+00:00","article_modified_time":"2026-03-13T18:57:08+00:00","og_image":[{"width":1280,"height":852,"url":"https:\/\/agenciainfra.com\/blog\/wp-content\/uploads\/2025\/11\/porto-de-santarem-foto-mpor.jpg","type":"image\/jpeg"}],"author":"Ag\u00eancia iNFRA","twitter_card":"summary_large_image","twitter_creator":"@agencia_infra","twitter_site":"@agencia_infra","twitter_misc":{"Escrito por":"Ag\u00eancia iNFRA","Est. tempo de leitura":"1 minuto"},"schema":{"@context":"https:\/\/schema.org","@graph":[{"@type":"Article","@id":"https:\/\/agenciainfra.com\/blog\/portos-movimentam-104-mi-de-toneladas-em-janeiro-alta-de-128\/#article","isPartOf":{"@id":"https:\/\/agenciainfra.com\/blog\/portos-movimentam-104-mi-de-toneladas-em-janeiro-alta-de-128\/"},"author":{"name":"Ag\u00eancia iNFRA","@id":"https:\/\/agenciainfra.com\/blog\/#\/schema\/person\/34af08dff6adea4cb22b06612ba7acfa"},"headline":"Portos movimentam 104 mi de toneladas em janeiro, alta de 12,8%","datePublished":"2026-03-13T18:57:06+00:00","dateModified":"2026-03-13T18:57:08+00:00","mainEntityOfPage":{"@id":"https:\/\/agenciainfra.com\/blog\/portos-movimentam-104-mi-de-toneladas-em-janeiro-alta-de-128\/"},"wordCount":234,"publisher":{"@id":"https:\/\/agenciainfra.com\/blog\/#organization"},"image":{"@id":"https:\/\/agenciainfra.com\/blog\/portos-movimentam-104-mi-de-toneladas-em-janeiro-alta-de-128\/#primaryimage"},"thumbnailUrl":"https:\/\/agenciainfra.com\/blog\/wp-content\/uploads\/2025\/11\/porto-de-santarem-foto-mpor.jpg","keywords":["ANTAQ","exporta\u00e7\u00f5es","importa\u00e7\u00f5es","movimenta\u00e7\u00e3o de portos","Porto de A\u00e7u","porto de santar\u00e9m","portos","transporte de cargas"],"articleSection":["Giro iNFRA"],"inLanguage":"pt-BR","copyrightYear":"2026","copyrightHolder":{"@id":"https:\/\/agenciainfra.com\/blog\/#organization"}},{"@type":"WebPage","@id":"https:\/\/agenciainfra.com\/blog\/portos-movimentam-104-mi-de-toneladas-em-janeiro-alta-de-128\/","url":"https:\/\/agenciainfra.com\/blog\/portos-movimentam-104-mi-de-toneladas-em-janeiro-alta-de-128\/","name":"Portos movimentam 104 mi de toneladas em janeiro, alta de 12,8% - Ag\u00eancia iNFRA","isPartOf":{"@id":"https:\/\/agenciainfra.com\/blog\/#website"},"primaryImageOfPage":{"@id":"https:\/\/agenciainfra.com\/blog\/portos-movimentam-104-mi-de-toneladas-em-janeiro-alta-de-128\/#primaryimage"},"image":{"@id":"https:\/\/agenciainfra.com\/blog\/portos-movimentam-104-mi-de-toneladas-em-janeiro-alta-de-128\/#primaryimage"},"thumbnailUrl":"https:\/\/agenciainfra.com\/blog\/wp-content\/uploads\/2025\/11\/porto-de-santarem-foto-mpor.jpg","datePublished":"2026-03-13T18:57:06+00:00","dateModified":"2026-03-13T18:57:08+00:00","breadcrumb":{"@id":"https:\/\/agenciainfra.com\/blog\/portos-movimentam-104-mi-de-toneladas-em-janeiro-alta-de-128\/#breadcrumb"},"inLanguage":"pt-BR","potentialAction":[{"@type":"ReadAction","target":["https:\/\/agenciainfra.com\/blog\/portos-movimentam-104-mi-de-toneladas-em-janeiro-alta-de-128\/"]}]},{"@type":"ImageObject","inLanguage":"pt-BR","@id":"https:\/\/agenciainfra.com\/blog\/portos-movimentam-104-mi-de-toneladas-em-janeiro-alta-de-128\/#primaryimage","url":"https:\/\/agenciainfra.com\/blog\/wp-content\/uploads\/2025\/11\/porto-de-santarem-foto-mpor.jpg","contentUrl":"https:\/\/agenciainfra.com\/blog\/wp-content\/uploads\/2025\/11\/porto-de-santarem-foto-mpor.jpg","width":1280,"height":852,"caption":"Foto: MPor"},{"@type":"BreadcrumbList","@id":"https:\/\/agenciainfra.com\/blog\/portos-movimentam-104-mi-de-toneladas-em-janeiro-alta-de-128\/#breadcrumb","itemListElement":[{"@type":"ListItem","position":1,"name":"In\u00edcio","item":"https:\/\/agenciainfra.com\/blog\/"},{"@type":"ListItem","position":2,"name":"Portos movimentam 104 mi de toneladas em janeiro, alta de 12,8%"}]},{"@type":"WebSite","@id":"https:\/\/agenciainfra.com\/blog\/#website","url":"https:\/\/agenciainfra.com\/blog\/","name":"Ag\u00eancia iNFRA","description":"Multiplataforma de informa\u00e7\u00e3o jornal\u00edstica refer\u00eancia na \u00e1rea de infraestrutura no Brasil!","publisher":{"@id":"https:\/\/agenciainfra.com\/blog\/#organization"},"potentialAction":[{"@type":"SearchAction","target":{"@type":"EntryPoint","urlTemplate":"https:\/\/agenciainfra.com\/blog\/?s={search_term_string}"},"query-input":{"@type":"PropertyValueSpecification","valueRequired":true,"valueName":"search_term_string"}}],"inLanguage":"pt-BR"},{"@type":"Organization","@id":"https:\/\/agenciainfra.com\/blog\/#organization","name":"Ag\u00eancia iNFRA","url":"https:\/\/agenciainfra.com\/blog\/","logo":{"@type":"ImageObject","inLanguage":"pt-BR","@id":"https:\/\/agenciainfra.com\/blog\/#\/schema\/logo\/image\/","url":"https:\/\/agenciainfra.com\/blog\/wp-content\/uploads\/2023\/09\/iNFRA_5-e1761735885940.png","contentUrl":"https:\/\/agenciainfra.com\/blog\/wp-content\/uploads\/2023\/09\/iNFRA_5-e1761735885940.png","width":1672,"height":454,"caption":"Ag\u00eancia iNFRA"},"image":{"@id":"https:\/\/agenciainfra.com\/blog\/#\/schema\/logo\/image\/"},"sameAs":["https:\/\/www.facebook.com\/ageninfra","https:\/\/x.com\/agencia_infra","https:\/\/www.linkedin.com\/company\/ag\u00eanciainfra\/","https:\/\/www.instagram.com\/agenciainfra\/"]},{"@type":"Person","@id":"https:\/\/agenciainfra.com\/blog\/#\/schema\/person\/34af08dff6adea4cb22b06612ba7acfa","name":"Ag\u00eancia iNFRA","image":{"@type":"ImageObject","inLanguage":"pt-BR","@id":"https:\/\/agenciainfra.com\/blog\/#\/schema\/person\/image\/","url":"https:\/\/secure.gravatar.com\/avatar\/d189e01678f06d8eb84d4e01f08eb848b3fffe3f8443818d3c356c66892f5be8?s=96&d=mm&r=g","contentUrl":"https:\/\/secure.gravatar.com\/avatar\/d189e01678f06d8eb84d4e01f08eb848b3fffe3f8443818d3c356c66892f5be8?s=96&d=mm&r=g","caption":"Ag\u00eancia iNFRA"},"url":"https:\/\/agenciainfra.com\/blog\/author\/admin\/"}]}},"_links":{"self":[{"href":"https:\/\/agenciainfra.com\/blog\/wp-json\/wp\/v2\/posts\/37871","targetHints":{"allow":["GET"]}}],"collection":[{"href":"https:\/\/agenciainfra.com\/blog\/wp-json\/wp\/v2\/posts"}],"about":[{"href":"https:\/\/agenciainfra.com\/blog\/wp-json\/wp\/v2\/types\/post"}],"author":[{"embeddable":true,"href":"https:\/\/agenciainfra.com\/blog\/wp-json\/wp\/v2\/users\/1"}],"replies":[{"embeddable":true,"href":"https:\/\/agenciainfra.com\/blog\/wp-json\/wp\/v2\/comments?post=37871"}],"version-history":[{"count":1,"href":"https:\/\/agenciainfra.com\/blog\/wp-json\/wp\/v2\/posts\/37871\/revisions"}],"predecessor-version":[{"id":37872,"href":"https:\/\/agenciainfra.com\/blog\/wp-json\/wp\/v2\/posts\/37871\/revisions\/37872"}],"wp:featuredmedia":[{"embeddable":true,"href":"https:\/\/agenciainfra.com\/blog\/wp-json\/wp\/v2\/media\/32273"}],"wp:attachment":[{"href":"https:\/\/agenciainfra.com\/blog\/wp-json\/wp\/v2\/media?parent=37871"}],"wp:term":[{"taxonomy":"category","embeddable":true,"href":"https:\/\/agenciainfra.com\/blog\/wp-json\/wp\/v2\/categories?post=37871"},{"taxonomy":"post_tag","embeddable":true,"href":"https:\/\/agenciainfra.com\/blog\/wp-json\/wp\/v2\/tags?post=37871"}],"curies":[{"name":"wp","href":"https:\/\/api.w.org\/{rel}","templated":true}]}}