{"id":37873,"date":"2026-03-13T16:16:59","date_gmt":"2026-03-13T19:16:59","guid":{"rendered":"https:\/\/agenciainfra.com\/blog\/?p=37873"},"modified":"2026-03-17T11:14:28","modified_gmt":"2026-03-17T14:14:28","slug":"sem-subvencao-diesel-custaria-r-070-a-mais-por-litro-diz-magda","status":"publish","type":"post","link":"https:\/\/agenciainfra.com\/blog\/sem-subvencao-diesel-custaria-r-070-a-mais-por-litro-diz-magda\/","title":{"rendered":"Sem subven\u00e7\u00e3o, diesel custaria R$ 0,70 a mais por litro, diz Magda"},"content":{"rendered":"\n<p class=\"has-text-align-right\"><strong>Gabriel Vasconcelos e Lais Carregosa, da Ag\u00eancia iNFRA<\/strong><\/p>\n\n\n\n<p>A presidente da Petrobras, Magda Chambriard, disse nesta sexta-feira (13) que, sem o programa de subven\u00e7\u00e3o do governo, o aumento implementado pela companhia no \u00f3leo diesel seria de R$ 0,70 por litro.<\/p>\n\n\n\n<p>&#8220;Caso n\u00e3o houvesse a pol\u00edtica do governo, n\u00f3s estar\u00edamos aumentando em R$ 0,70, e o consumidor final estaria pagando mais R$ 0,70 pelo litro do diesel. Estamos transformando um acr\u00e9scimo de R$ 0,70 em um acr\u00e9scimo irris\u00f3rio, praticamente nenhum, de R$ 0,06 por litro&#8221;, disse Magda.<\/p>\n\n\n\n<p>Na pr\u00e1tica, explicou a executiva, fica protegido o ganho da Petrobras, resultado da soma do aumento rec\u00e9m-anunciado no pre\u00e7o das refinarias (R$ 0,38 por litro) e a subven\u00e7\u00e3o de R$ 0,32 por litro dada pelo governo aos refinadores.<\/p>\n\n\n\n<p>J\u00e1 os consumidores assistir\u00e3o a uma alta pr\u00f3xima a R$ 0,06, resultado da diferen\u00e7a entre o aumento da Petrobras (R$ 0,38 por litro) e o corte de R$ 0,32 por litro ligado \u00e0 zeragem dos impostos federais PIS e Cofins. Na pr\u00e1tica, esse valor \u00e9 ainda menor, de R$ 0,05 por litro, visto que o diesel A responde por 85% da mistura vendida nos postos, sendo os outros 15% de biodiesel.<\/p>\n\n\n\n<p>Magda fez a ressalva de que este ser\u00e1 o valor repassado \u00e0 ponta da cadeia desde que outros agentes da cadeia (distribuidores e varejistas) n\u00e3o aumentem suas margens. O governo tem apontado abuso de pre\u00e7o por parte desses intermedi\u00e1rios, que argumentam repassar apenas o pre\u00e7o das parcelas de produto importado.<\/p>\n\n\n\n<p>&#8220;Em momento de alta volatilidade, no Brasil, os agentes econ\u00f4micos infelizmente aproveitam para aumentar mais. \u00c9 reten\u00e7\u00e3o de estoque, que de vez em quando acontece, e voc\u00eas [imprensa] dizem &#8216;ah, est\u00e1 faltando produto em tal lugar&#8217;. Como \u00e9 que est\u00e1 faltando produtos que n\u00f3s entregamos? Ent\u00e3o a gente pode supor que n\u00e3o \u00e9 falta de produto, \u00e9 reten\u00e7\u00e3o de produto de gente especulando para aumentar mais&#8221;, disse a executiva, endossando a leitura do governo.<\/p>\n\n\n\n<p><strong>Pol\u00edtica de pre\u00e7os<br><\/strong>Magda afirmou, ainda, que a pol\u00edtica de pre\u00e7os de derivados da Petrobras continua &#8220;rigorosamente&#8221; a mesma e funcional, com possibilidade de novos aumentos \u00e0 frente.<\/p>\n\n\n\n<p>&#8220;O aumento de hoje \u00e9 porque identificamos a necessidade de aumentar um pouco o pre\u00e7o do diesel, que n\u00e3o tinha mudan\u00e7a h\u00e1 cerca de 310 dias. Esse reajuste de hoje do diesel est\u00e1 em plena conson\u00e2ncia com a estrat\u00e9gia de pre\u00e7os da Petrobras, cujo pilar fundamental \u00e9 n\u00e3o repassar a volatilidade dos pre\u00e7os internacionais ao pre\u00e7o dom\u00e9stico&#8221;, disse.<\/p>\n\n\n\n<p>Questionada sobre poss\u00edveis reajustes futuros na gasolina, Magda disse que ainda n\u00e3o h\u00e1 uma decis\u00e3o, mas refor\u00e7ou que n\u00e3o h\u00e1 conversas em curso nesse sentido.<\/p>\n\n\n\n<p>Sobre o Brent, a executiva disse que a companhia espera uma cota\u00e7\u00e3o de Brent subindo ainda mais e permanecendo em patamares mais altos ao longo do ano, mas com uma queda ainda dentro de 2026, na &#8220;dire\u00e7\u00e3o do fim do ano&#8221;.<\/p>\n\n\n\n<p><strong>Imposto de exporta\u00e7\u00e3o<br><\/strong>Com rela\u00e7\u00e3o ao imposto de 12% sobre exporta\u00e7\u00e3o de petr\u00f3leo, Magda minimizou seus impactos na receita das petroleiras exportadoras, dizendo que a escalada da cota\u00e7\u00e3o do Brent mais do que compensar\u00e1 a perda com a taxa.<\/p>\n\n\n\n<p>\u201c\u00c9 cen\u00e1rio de guerra, eu tenho um produto que eu estava exportando a US$ 60, chegou a US$ 100. Posso reclamar de um imposto tempor\u00e1rio de 12%? A cota\u00e7\u00e3o compensa o imposto em muito&#8221;, disse. Em uma conta r\u00e1pida, ela concluiu que h\u00e1 poucas semanas se vendia petr\u00f3leo a US$ 60 por barril e, recentemente, esse pre\u00e7o foi \u00e0 casa dos US$ 100, o que, com o imposto, cair\u00e1 para perto de US$ 88. &#8220;Ainda \u00e9 sensivelmente acima&#8221;, afirmou.<\/p>\n","protected":false},"excerpt":{"rendered":"<p>Gabriel Vasconcelos e Lais Carregosa, da Ag\u00eancia iNFRA A presidente da Petrobras, Magda Chambriard, disse nesta sexta-feira (13) que, sem o programa de subven\u00e7\u00e3o do governo, o aumento implementado pela companhia no \u00f3leo diesel seria de R$ 0,70 por litro. &#8220;Caso n\u00e3o houvesse a pol\u00edtica do governo, n\u00f3s estar\u00edamos aumentando em R$ 0,70, e o [&hellip;]<\/p>\n","protected":false},"author":1,"featured_media":35177,"comment_status":"closed","ping_status":"closed","sticky":false,"template":"","format":"standard","meta":{"_monsterinsights_skip_tracking":false,"_monsterinsights_sitenote_active":false,"_monsterinsights_sitenote_note":"","_monsterinsights_sitenote_category":0,"footnotes":""},"categories":[7250,13271],"tags":[2731,18923,315,3922,13251,3921,13132,143,213,18926,5163],"class_list":["post-37873","post","type-post","status-publish","format-standard","has-post-thumbnail","hentry","category-destaque-lista","category-oleo-gas","tag-biodiesel","tag-conflito-no-oriente-medio","tag-diesel","tag-eua","tag-gabriel-vasconcelos","tag-ira","tag-lais-carregosa","tag-petrobras","tag-petroleo","tag-politica-de-preco","tag-preco-dos-combustiveis"],"yoast_head":"<!-- This site is optimized with the Yoast SEO Premium plugin v25.4 (Yoast SEO v26.0) - https:\/\/yoast.com\/wordpress\/plugins\/seo\/ -->\n<title>Sem subven\u00e7\u00e3o, diesel custaria R$ 0,70 a mais por litro, diz Magda - Ag\u00eancia iNFRA<\/title>\n<meta name=\"robots\" content=\"index, follow, max-snippet:-1, max-image-preview:large, max-video-preview:-1\" \/>\n<link rel=\"canonical\" href=\"https:\/\/agenciainfra.com\/blog\/sem-subvencao-diesel-custaria-r-070-a-mais-por-litro-diz-magda\/\" \/>\n<meta property=\"og:locale\" content=\"pt_BR\" \/>\n<meta property=\"og:type\" content=\"article\" \/>\n<meta property=\"og:title\" content=\"Sem subven\u00e7\u00e3o, diesel custaria R$ 0,70 a mais por litro, diz Magda\" \/>\n<meta property=\"og:description\" content=\"Gabriel Vasconcelos e Lais Carregosa, da Ag\u00eancia iNFRA A presidente da Petrobras, Magda Chambriard, disse nesta sexta-feira (13) que, sem o programa de subven\u00e7\u00e3o do governo, o aumento implementado pela companhia no \u00f3leo diesel seria de R$ 0,70 por litro. &#8220;Caso n\u00e3o houvesse a pol\u00edtica do governo, n\u00f3s estar\u00edamos aumentando em R$ 0,70, e o [&hellip;]\" \/>\n<meta property=\"og:url\" content=\"https:\/\/agenciainfra.com\/blog\/sem-subvencao-diesel-custaria-r-070-a-mais-por-litro-diz-magda\/\" \/>\n<meta property=\"og:site_name\" content=\"Ag\u00eancia iNFRA\" \/>\n<meta property=\"article:publisher\" content=\"https:\/\/www.facebook.com\/ageninfra\" \/>\n<meta property=\"article:published_time\" content=\"2026-03-13T19:16:59+00:00\" \/>\n<meta property=\"article:modified_time\" content=\"2026-03-17T14:14:28+00:00\" \/>\n<meta property=\"og:image\" content=\"https:\/\/agenciainfra.com\/blog\/wp-content\/uploads\/2026\/01\/magda-chambriard-foto-agencia-petrobras.png.jpg\" \/>\n\t<meta property=\"og:image:width\" content=\"1280\" \/>\n\t<meta property=\"og:image:height\" content=\"707\" \/>\n\t<meta property=\"og:image:type\" content=\"image\/jpeg\" \/>\n<meta name=\"author\" content=\"Ag\u00eancia iNFRA\" \/>\n<meta name=\"twitter:card\" content=\"summary_large_image\" \/>\n<meta name=\"twitter:creator\" content=\"@agencia_infra\" \/>\n<meta name=\"twitter:site\" content=\"@agencia_infra\" \/>\n<meta name=\"twitter:label1\" content=\"Escrito por\" \/>\n\t<meta name=\"twitter:data1\" content=\"Ag\u00eancia iNFRA\" \/>\n\t<meta name=\"twitter:label2\" content=\"Est. tempo de leitura\" \/>\n\t<meta name=\"twitter:data2\" content=\"3 minutos\" \/>\n<script type=\"application\/ld+json\" class=\"yoast-schema-graph\">{\"@context\":\"https:\/\/schema.org\",\"@graph\":[{\"@type\":\"Article\",\"@id\":\"https:\/\/agenciainfra.com\/blog\/sem-subvencao-diesel-custaria-r-070-a-mais-por-litro-diz-magda\/#article\",\"isPartOf\":{\"@id\":\"https:\/\/agenciainfra.com\/blog\/sem-subvencao-diesel-custaria-r-070-a-mais-por-litro-diz-magda\/\"},\"author\":{\"name\":\"Ag\u00eancia iNFRA\",\"@id\":\"https:\/\/agenciainfra.com\/blog\/#\/schema\/person\/34af08dff6adea4cb22b06612ba7acfa\"},\"headline\":\"Sem subven\u00e7\u00e3o, diesel custaria R$ 0,70 a mais por litro, diz Magda\",\"datePublished\":\"2026-03-13T19:16:59+00:00\",\"dateModified\":\"2026-03-17T14:14:28+00:00\",\"mainEntityOfPage\":{\"@id\":\"https:\/\/agenciainfra.com\/blog\/sem-subvencao-diesel-custaria-r-070-a-mais-por-litro-diz-magda\/\"},\"wordCount\":625,\"publisher\":{\"@id\":\"https:\/\/agenciainfra.com\/blog\/#organization\"},\"image\":{\"@id\":\"https:\/\/agenciainfra.com\/blog\/sem-subvencao-diesel-custaria-r-070-a-mais-por-litro-diz-magda\/#primaryimage\"},\"thumbnailUrl\":\"https:\/\/agenciainfra.com\/blog\/wp-content\/uploads\/2026\/01\/magda-chambriard-foto-agencia-petrobras.png.jpg\",\"keywords\":[\"biodiesel\",\"conflito no oriente m\u00e9dio\",\"diesel\",\"EUA\",\"Gabriel Vasconcelos\",\"Ir\u00e3\",\"Lais Carregosa\",\"Petrobras\",\"petr\u00f3leo\",\"pol\u00edtica de pre\u00e7o\",\"pre\u00e7o dos combust\u00edveis\"],\"articleSection\":[\"Destaque lista\",\"\u00d3leo &amp; G\u00e1s\"],\"inLanguage\":\"pt-BR\",\"copyrightYear\":\"2026\",\"copyrightHolder\":{\"@id\":\"https:\/\/agenciainfra.com\/blog\/#organization\"}},{\"@type\":\"WebPage\",\"@id\":\"https:\/\/agenciainfra.com\/blog\/sem-subvencao-diesel-custaria-r-070-a-mais-por-litro-diz-magda\/\",\"url\":\"https:\/\/agenciainfra.com\/blog\/sem-subvencao-diesel-custaria-r-070-a-mais-por-litro-diz-magda\/\",\"name\":\"Sem subven\u00e7\u00e3o, diesel custaria R$ 0,70 a mais por litro, diz Magda - Ag\u00eancia iNFRA\",\"isPartOf\":{\"@id\":\"https:\/\/agenciainfra.com\/blog\/#website\"},\"primaryImageOfPage\":{\"@id\":\"https:\/\/agenciainfra.com\/blog\/sem-subvencao-diesel-custaria-r-070-a-mais-por-litro-diz-magda\/#primaryimage\"},\"image\":{\"@id\":\"https:\/\/agenciainfra.com\/blog\/sem-subvencao-diesel-custaria-r-070-a-mais-por-litro-diz-magda\/#primaryimage\"},\"thumbnailUrl\":\"https:\/\/agenciainfra.com\/blog\/wp-content\/uploads\/2026\/01\/magda-chambriard-foto-agencia-petrobras.png.jpg\",\"datePublished\":\"2026-03-13T19:16:59+00:00\",\"dateModified\":\"2026-03-17T14:14:28+00:00\",\"breadcrumb\":{\"@id\":\"https:\/\/agenciainfra.com\/blog\/sem-subvencao-diesel-custaria-r-070-a-mais-por-litro-diz-magda\/#breadcrumb\"},\"inLanguage\":\"pt-BR\",\"potentialAction\":[{\"@type\":\"ReadAction\",\"target\":[\"https:\/\/agenciainfra.com\/blog\/sem-subvencao-diesel-custaria-r-070-a-mais-por-litro-diz-magda\/\"]}]},{\"@type\":\"ImageObject\",\"inLanguage\":\"pt-BR\",\"@id\":\"https:\/\/agenciainfra.com\/blog\/sem-subvencao-diesel-custaria-r-070-a-mais-por-litro-diz-magda\/#primaryimage\",\"url\":\"https:\/\/agenciainfra.com\/blog\/wp-content\/uploads\/2026\/01\/magda-chambriard-foto-agencia-petrobras.png.jpg\",\"contentUrl\":\"https:\/\/agenciainfra.com\/blog\/wp-content\/uploads\/2026\/01\/magda-chambriard-foto-agencia-petrobras.png.jpg\",\"width\":1280,\"height\":707,\"caption\":\"Foto: Petrobras\"},{\"@type\":\"BreadcrumbList\",\"@id\":\"https:\/\/agenciainfra.com\/blog\/sem-subvencao-diesel-custaria-r-070-a-mais-por-litro-diz-magda\/#breadcrumb\",\"itemListElement\":[{\"@type\":\"ListItem\",\"position\":1,\"name\":\"In\u00edcio\",\"item\":\"https:\/\/agenciainfra.com\/blog\/\"},{\"@type\":\"ListItem\",\"position\":2,\"name\":\"Sem subven\u00e7\u00e3o, diesel custaria R$ 0,70 a mais por litro, diz Magda\"}]},{\"@type\":\"WebSite\",\"@id\":\"https:\/\/agenciainfra.com\/blog\/#website\",\"url\":\"https:\/\/agenciainfra.com\/blog\/\",\"name\":\"Ag\u00eancia iNFRA\",\"description\":\"Multiplataforma de informa\u00e7\u00e3o jornal\u00edstica refer\u00eancia na \u00e1rea de infraestrutura no Brasil!\",\"publisher\":{\"@id\":\"https:\/\/agenciainfra.com\/blog\/#organization\"},\"potentialAction\":[{\"@type\":\"SearchAction\",\"target\":{\"@type\":\"EntryPoint\",\"urlTemplate\":\"https:\/\/agenciainfra.com\/blog\/?s={search_term_string}\"},\"query-input\":{\"@type\":\"PropertyValueSpecification\",\"valueRequired\":true,\"valueName\":\"search_term_string\"}}],\"inLanguage\":\"pt-BR\"},{\"@type\":\"Organization\",\"@id\":\"https:\/\/agenciainfra.com\/blog\/#organization\",\"name\":\"Ag\u00eancia iNFRA\",\"url\":\"https:\/\/agenciainfra.com\/blog\/\",\"logo\":{\"@type\":\"ImageObject\",\"inLanguage\":\"pt-BR\",\"@id\":\"https:\/\/agenciainfra.com\/blog\/#\/schema\/logo\/image\/\",\"url\":\"https:\/\/agenciainfra.com\/blog\/wp-content\/uploads\/2023\/09\/iNFRA_5-e1761735885940.png\",\"contentUrl\":\"https:\/\/agenciainfra.com\/blog\/wp-content\/uploads\/2023\/09\/iNFRA_5-e1761735885940.png\",\"width\":1672,\"height\":454,\"caption\":\"Ag\u00eancia iNFRA\"},\"image\":{\"@id\":\"https:\/\/agenciainfra.com\/blog\/#\/schema\/logo\/image\/\"},\"sameAs\":[\"https:\/\/www.facebook.com\/ageninfra\",\"https:\/\/x.com\/agencia_infra\",\"https:\/\/www.linkedin.com\/company\/ag\u00eanciainfra\/\",\"https:\/\/www.instagram.com\/agenciainfra\/\"]},{\"@type\":\"Person\",\"@id\":\"https:\/\/agenciainfra.com\/blog\/#\/schema\/person\/34af08dff6adea4cb22b06612ba7acfa\",\"name\":\"Ag\u00eancia iNFRA\",\"image\":{\"@type\":\"ImageObject\",\"inLanguage\":\"pt-BR\",\"@id\":\"https:\/\/agenciainfra.com\/blog\/#\/schema\/person\/image\/\",\"url\":\"https:\/\/secure.gravatar.com\/avatar\/d189e01678f06d8eb84d4e01f08eb848b3fffe3f8443818d3c356c66892f5be8?s=96&d=mm&r=g\",\"contentUrl\":\"https:\/\/secure.gravatar.com\/avatar\/d189e01678f06d8eb84d4e01f08eb848b3fffe3f8443818d3c356c66892f5be8?s=96&d=mm&r=g\",\"caption\":\"Ag\u00eancia iNFRA\"},\"url\":\"https:\/\/agenciainfra.com\/blog\/author\/admin\/\"}]}<\/script>\n<!-- \/ Yoast SEO Premium plugin. -->","yoast_head_json":{"title":"Sem subven\u00e7\u00e3o, diesel custaria R$ 0,70 a mais por litro, diz Magda - Ag\u00eancia iNFRA","robots":{"index":"index","follow":"follow","max-snippet":"max-snippet:-1","max-image-preview":"max-image-preview:large","max-video-preview":"max-video-preview:-1"},"canonical":"https:\/\/agenciainfra.com\/blog\/sem-subvencao-diesel-custaria-r-070-a-mais-por-litro-diz-magda\/","og_locale":"pt_BR","og_type":"article","og_title":"Sem subven\u00e7\u00e3o, diesel custaria R$ 0,70 a mais por litro, diz Magda","og_description":"Gabriel Vasconcelos e Lais Carregosa, da Ag\u00eancia iNFRA A presidente da Petrobras, Magda Chambriard, disse nesta sexta-feira (13) que, sem o programa de subven\u00e7\u00e3o do governo, o aumento implementado pela companhia no \u00f3leo diesel seria de R$ 0,70 por litro. &#8220;Caso n\u00e3o houvesse a pol\u00edtica do governo, n\u00f3s estar\u00edamos aumentando em R$ 0,70, e o [&hellip;]","og_url":"https:\/\/agenciainfra.com\/blog\/sem-subvencao-diesel-custaria-r-070-a-mais-por-litro-diz-magda\/","og_site_name":"Ag\u00eancia iNFRA","article_publisher":"https:\/\/www.facebook.com\/ageninfra","article_published_time":"2026-03-13T19:16:59+00:00","article_modified_time":"2026-03-17T14:14:28+00:00","og_image":[{"width":1280,"height":707,"url":"https:\/\/agenciainfra.com\/blog\/wp-content\/uploads\/2026\/01\/magda-chambriard-foto-agencia-petrobras.png.jpg","type":"image\/jpeg"}],"author":"Ag\u00eancia iNFRA","twitter_card":"summary_large_image","twitter_creator":"@agencia_infra","twitter_site":"@agencia_infra","twitter_misc":{"Escrito por":"Ag\u00eancia iNFRA","Est. tempo de leitura":"3 minutos"},"schema":{"@context":"https:\/\/schema.org","@graph":[{"@type":"Article","@id":"https:\/\/agenciainfra.com\/blog\/sem-subvencao-diesel-custaria-r-070-a-mais-por-litro-diz-magda\/#article","isPartOf":{"@id":"https:\/\/agenciainfra.com\/blog\/sem-subvencao-diesel-custaria-r-070-a-mais-por-litro-diz-magda\/"},"author":{"name":"Ag\u00eancia iNFRA","@id":"https:\/\/agenciainfra.com\/blog\/#\/schema\/person\/34af08dff6adea4cb22b06612ba7acfa"},"headline":"Sem subven\u00e7\u00e3o, diesel custaria R$ 0,70 a mais por litro, diz Magda","datePublished":"2026-03-13T19:16:59+00:00","dateModified":"2026-03-17T14:14:28+00:00","mainEntityOfPage":{"@id":"https:\/\/agenciainfra.com\/blog\/sem-subvencao-diesel-custaria-r-070-a-mais-por-litro-diz-magda\/"},"wordCount":625,"publisher":{"@id":"https:\/\/agenciainfra.com\/blog\/#organization"},"image":{"@id":"https:\/\/agenciainfra.com\/blog\/sem-subvencao-diesel-custaria-r-070-a-mais-por-litro-diz-magda\/#primaryimage"},"thumbnailUrl":"https:\/\/agenciainfra.com\/blog\/wp-content\/uploads\/2026\/01\/magda-chambriard-foto-agencia-petrobras.png.jpg","keywords":["biodiesel","conflito no oriente m\u00e9dio","diesel","EUA","Gabriel Vasconcelos","Ir\u00e3","Lais Carregosa","Petrobras","petr\u00f3leo","pol\u00edtica de pre\u00e7o","pre\u00e7o dos combust\u00edveis"],"articleSection":["Destaque lista","\u00d3leo &amp; G\u00e1s"],"inLanguage":"pt-BR","copyrightYear":"2026","copyrightHolder":{"@id":"https:\/\/agenciainfra.com\/blog\/#organization"}},{"@type":"WebPage","@id":"https:\/\/agenciainfra.com\/blog\/sem-subvencao-diesel-custaria-r-070-a-mais-por-litro-diz-magda\/","url":"https:\/\/agenciainfra.com\/blog\/sem-subvencao-diesel-custaria-r-070-a-mais-por-litro-diz-magda\/","name":"Sem subven\u00e7\u00e3o, diesel custaria R$ 0,70 a mais por litro, diz Magda - Ag\u00eancia iNFRA","isPartOf":{"@id":"https:\/\/agenciainfra.com\/blog\/#website"},"primaryImageOfPage":{"@id":"https:\/\/agenciainfra.com\/blog\/sem-subvencao-diesel-custaria-r-070-a-mais-por-litro-diz-magda\/#primaryimage"},"image":{"@id":"https:\/\/agenciainfra.com\/blog\/sem-subvencao-diesel-custaria-r-070-a-mais-por-litro-diz-magda\/#primaryimage"},"thumbnailUrl":"https:\/\/agenciainfra.com\/blog\/wp-content\/uploads\/2026\/01\/magda-chambriard-foto-agencia-petrobras.png.jpg","datePublished":"2026-03-13T19:16:59+00:00","dateModified":"2026-03-17T14:14:28+00:00","breadcrumb":{"@id":"https:\/\/agenciainfra.com\/blog\/sem-subvencao-diesel-custaria-r-070-a-mais-por-litro-diz-magda\/#breadcrumb"},"inLanguage":"pt-BR","potentialAction":[{"@type":"ReadAction","target":["https:\/\/agenciainfra.com\/blog\/sem-subvencao-diesel-custaria-r-070-a-mais-por-litro-diz-magda\/"]}]},{"@type":"ImageObject","inLanguage":"pt-BR","@id":"https:\/\/agenciainfra.com\/blog\/sem-subvencao-diesel-custaria-r-070-a-mais-por-litro-diz-magda\/#primaryimage","url":"https:\/\/agenciainfra.com\/blog\/wp-content\/uploads\/2026\/01\/magda-chambriard-foto-agencia-petrobras.png.jpg","contentUrl":"https:\/\/agenciainfra.com\/blog\/wp-content\/uploads\/2026\/01\/magda-chambriard-foto-agencia-petrobras.png.jpg","width":1280,"height":707,"caption":"Foto: Petrobras"},{"@type":"BreadcrumbList","@id":"https:\/\/agenciainfra.com\/blog\/sem-subvencao-diesel-custaria-r-070-a-mais-por-litro-diz-magda\/#breadcrumb","itemListElement":[{"@type":"ListItem","position":1,"name":"In\u00edcio","item":"https:\/\/agenciainfra.com\/blog\/"},{"@type":"ListItem","position":2,"name":"Sem subven\u00e7\u00e3o, diesel custaria R$ 0,70 a mais por litro, diz Magda"}]},{"@type":"WebSite","@id":"https:\/\/agenciainfra.com\/blog\/#website","url":"https:\/\/agenciainfra.com\/blog\/","name":"Ag\u00eancia iNFRA","description":"Multiplataforma de informa\u00e7\u00e3o jornal\u00edstica refer\u00eancia na \u00e1rea de infraestrutura no Brasil!","publisher":{"@id":"https:\/\/agenciainfra.com\/blog\/#organization"},"potentialAction":[{"@type":"SearchAction","target":{"@type":"EntryPoint","urlTemplate":"https:\/\/agenciainfra.com\/blog\/?s={search_term_string}"},"query-input":{"@type":"PropertyValueSpecification","valueRequired":true,"valueName":"search_term_string"}}],"inLanguage":"pt-BR"},{"@type":"Organization","@id":"https:\/\/agenciainfra.com\/blog\/#organization","name":"Ag\u00eancia iNFRA","url":"https:\/\/agenciainfra.com\/blog\/","logo":{"@type":"ImageObject","inLanguage":"pt-BR","@id":"https:\/\/agenciainfra.com\/blog\/#\/schema\/logo\/image\/","url":"https:\/\/agenciainfra.com\/blog\/wp-content\/uploads\/2023\/09\/iNFRA_5-e1761735885940.png","contentUrl":"https:\/\/agenciainfra.com\/blog\/wp-content\/uploads\/2023\/09\/iNFRA_5-e1761735885940.png","width":1672,"height":454,"caption":"Ag\u00eancia iNFRA"},"image":{"@id":"https:\/\/agenciainfra.com\/blog\/#\/schema\/logo\/image\/"},"sameAs":["https:\/\/www.facebook.com\/ageninfra","https:\/\/x.com\/agencia_infra","https:\/\/www.linkedin.com\/company\/ag\u00eanciainfra\/","https:\/\/www.instagram.com\/agenciainfra\/"]},{"@type":"Person","@id":"https:\/\/agenciainfra.com\/blog\/#\/schema\/person\/34af08dff6adea4cb22b06612ba7acfa","name":"Ag\u00eancia iNFRA","image":{"@type":"ImageObject","inLanguage":"pt-BR","@id":"https:\/\/agenciainfra.com\/blog\/#\/schema\/person\/image\/","url":"https:\/\/secure.gravatar.com\/avatar\/d189e01678f06d8eb84d4e01f08eb848b3fffe3f8443818d3c356c66892f5be8?s=96&d=mm&r=g","contentUrl":"https:\/\/secure.gravatar.com\/avatar\/d189e01678f06d8eb84d4e01f08eb848b3fffe3f8443818d3c356c66892f5be8?s=96&d=mm&r=g","caption":"Ag\u00eancia iNFRA"},"url":"https:\/\/agenciainfra.com\/blog\/author\/admin\/"}]}},"_links":{"self":[{"href":"https:\/\/agenciainfra.com\/blog\/wp-json\/wp\/v2\/posts\/37873","targetHints":{"allow":["GET"]}}],"collection":[{"href":"https:\/\/agenciainfra.com\/blog\/wp-json\/wp\/v2\/posts"}],"about":[{"href":"https:\/\/agenciainfra.com\/blog\/wp-json\/wp\/v2\/types\/post"}],"author":[{"embeddable":true,"href":"https:\/\/agenciainfra.com\/blog\/wp-json\/wp\/v2\/users\/1"}],"replies":[{"embeddable":true,"href":"https:\/\/agenciainfra.com\/blog\/wp-json\/wp\/v2\/comments?post=37873"}],"version-history":[{"count":2,"href":"https:\/\/agenciainfra.com\/blog\/wp-json\/wp\/v2\/posts\/37873\/revisions"}],"predecessor-version":[{"id":37876,"href":"https:\/\/agenciainfra.com\/blog\/wp-json\/wp\/v2\/posts\/37873\/revisions\/37876"}],"wp:featuredmedia":[{"embeddable":true,"href":"https:\/\/agenciainfra.com\/blog\/wp-json\/wp\/v2\/media\/35177"}],"wp:attachment":[{"href":"https:\/\/agenciainfra.com\/blog\/wp-json\/wp\/v2\/media?parent=37873"}],"wp:term":[{"taxonomy":"category","embeddable":true,"href":"https:\/\/agenciainfra.com\/blog\/wp-json\/wp\/v2\/categories?post=37873"},{"taxonomy":"post_tag","embeddable":true,"href":"https:\/\/agenciainfra.com\/blog\/wp-json\/wp\/v2\/tags?post=37873"}],"curies":[{"name":"wp","href":"https:\/\/api.w.org\/{rel}","templated":true}]}}