{"id":37887,"date":"2026-03-13T19:20:33","date_gmt":"2026-03-13T22:20:33","guid":{"rendered":"https:\/\/agenciainfra.com\/blog\/?p=37887"},"modified":"2026-03-17T12:08:17","modified_gmt":"2026-03-17T15:08:17","slug":"aereas-pedem-extensao-de-alivio-no-diesel-para-combustivel-de-aviacao","status":"publish","type":"post","link":"https:\/\/agenciainfra.com\/blog\/aereas-pedem-extensao-de-alivio-no-diesel-para-combustivel-de-aviacao\/","title":{"rendered":"A\u00e9reas pedem extens\u00e3o de al\u00edvio no diesel para combust\u00edvel de avia\u00e7\u00e3o"},"content":{"rendered":"\n<p class=\"has-text-align-right\"><strong>Amanda Pupo, da Ag\u00eancia iNFRA<\/strong><\/p>\n\n\n\n<p>As empresas a\u00e9reas est\u00e3o pleiteando ao governo que a medida para tentar conter a alta do diesel em raz\u00e3o da guerra no Oriente M\u00e9dio tamb\u00e9m se estenda ao combust\u00edvel de avia\u00e7\u00e3o, o QAV. No final de fevereiro, a Petrobras j\u00e1 repassou a alta do petr\u00f3leo que come\u00e7ou a ser sentida nos primeiros dias do conflito, reajustando o insumo em 9,4% a partir de mar\u00e7o. O receio \u00e9 que agora, diante da escalada ainda maior do Brent e da instabilidade sobre o futuro da guerra, o pr\u00f3ximo reajuste do QAV seja em patamares vistos como \u201cdesastrosos\u201d para a avia\u00e7\u00e3o e o pre\u00e7o das passagens a\u00e9reas, que j\u00e1 s\u00e3o alvo de reclama\u00e7\u00e3o.<\/p>\n\n\n\n<p>O pleito para que o benef\u00edcio concedido ao diesel seja estendido ao combust\u00edvel de avia\u00e7\u00e3o \u2013&nbsp;mesmo que eventualmente num formato diferente \u2013&nbsp;\u00e9 externado pela Abear (Associa\u00e7\u00e3o Brasileira das Empresas A\u00e9reas). O presidente da entidade, Juliano Nonam, disse que o setor tamb\u00e9m tem conversado com integrantes do governo para pedir \u201ccalma\u201d da Petrobras nos reajustes. Precificado com base no mercado internacional, o QAV \u00e9 o principal peso na estrutura de custos das a\u00e9reas, girando em torno de um ter\u00e7o.<\/p>\n\n\n\n<p>\u201cTemos que lembrar que mais de 80% do combust\u00edvel de avia\u00e7\u00e3o \u00e9 produzido no Brasil. Ent\u00e3o, n\u00e3o \u00e9 que os custos da Petrobras tamb\u00e9m v\u00e3o aumentar. H\u00e1 condi\u00e7\u00e3o de fazer um neg\u00f3cio com mais calma, paulatino. A Petrobras consegue ir fazendo um amortecimento tanto na subida como numa eventual descida tamb\u00e9m dos pre\u00e7os\u201d, afirmou Noman \u00e0 <strong>Ag\u00eancia iNFRA<\/strong>.<\/p>\n\n\n\n<p>No caso do diesel, o governo Lula anunciou na quinta-feira (12) a zeragem na tributa\u00e7\u00e3o de PIS\/Cofins, al\u00e9m de autorizar a subven\u00e7\u00e3o aos produtores dom\u00e9sticos. Para o presidente da Abear, \u201cfaz muito sentido\u201d que o QAV tenha o mesmo tratamento, at\u00e9 porque, segundo ele, o efeito fiscal seria largamente menor que no caso do diesel, em raz\u00e3o da propor\u00e7\u00e3o de volume de venda entre os dois insumos. \u201cN\u00f3s somos menos de 10%\u201d, afirmou.<\/p>\n\n\n\n<p>Noman argumentou que a situa\u00e7\u00e3o n\u00e3o seria in\u00e9dita, j\u00e1 que o QAV foi contemplado com isen\u00e7\u00f5es em 2022, quando a guerra entre a R\u00fassia e a Ucr\u00e2nia impactou os pre\u00e7os do petr\u00f3leo. \u201c\u00c9 momento superpositivo para o setor a\u00e9reo. Faz muito pouco sentido dar um cavalo de pau, reverter isso agora. A nossa expectativa \u00e9 que isso seja tempor\u00e1rio\u201d, disse.<\/p>\n\n\n\n<p>O presidente da Abear lamentou a atual situa\u00e7\u00e3o no ano em que as a\u00e9reas est\u00e3o planejando expans\u00f5es, ap\u00f3s um per\u00edodo dif\u00edcil em que as tr\u00eas principais empresas que atendem ao mercado dom\u00e9stico \u2013 Latam, Gol e Azul \u2013 passarem por processos de recupera\u00e7\u00e3o judicial.<\/p>\n\n\n\n<p>\u201cIsso tudo acontece no momento em que as empresas est\u00e3o expandindo, falando em trazer avi\u00f5es, eventualmente atender a novos destinos. Ent\u00e3o \u00e9 preocupante\u201d, disse o executivo, observando que os efeitos sobre o QAV e o d\u00f3lar podem atrapalhar esses planos, al\u00e9m do impacto direto que \u00e9 sentido no pre\u00e7o das passagens a\u00e9reas. \u201cO problema \u00e9 o impacto no planejamento. Depois \u00e9 dif\u00edcil voltar atr\u00e1s, quando j\u00e1 deixou o avi\u00e3o para ser recebido em outro ano, j\u00e1 desmobilizou contrata\u00e7\u00e3o de pilotos\u201d, disse.<\/p>\n\n\n\n<p>Segundo ele, enquanto a cota\u00e7\u00e3o do d\u00f3lar estava num patamar mais favor\u00e1vel em rela\u00e7\u00e3o ao real, o aumento do combust\u00edvel ainda estava de certa forma sendo amortecido. Mas a situa\u00e7\u00e3o mudou com o novo comportamento da moeda nos \u00faltimos dias. \u201cA guerra teve dois efeitos. O d\u00f3lar agora est\u00e1 subindo de novo um pouco. N\u00e3o como o combust\u00edvel, mas ele deixou de ser um item que amortece\u201d, explicou.<\/p>\n","protected":false},"excerpt":{"rendered":"<p>Amanda Pupo, da Ag\u00eancia iNFRA As empresas a\u00e9reas est\u00e3o pleiteando ao governo que a medida para tentar conter a alta do diesel em raz\u00e3o da guerra no Oriente M\u00e9dio tamb\u00e9m se estenda ao combust\u00edvel de avia\u00e7\u00e3o, o QAV. No final de fevereiro, a Petrobras j\u00e1 repassou a alta do petr\u00f3leo que come\u00e7ou a ser sentida [&hellip;]<\/p>\n","protected":false},"author":1,"featured_media":8863,"comment_status":"closed","ping_status":"closed","sticky":false,"template":"","format":"standard","meta":{"_monsterinsights_skip_tracking":false,"_monsterinsights_sitenote_active":false,"_monsterinsights_sitenote_note":"","_monsterinsights_sitenote_category":0,"footnotes":""},"categories":[7250,7],"tags":[1393,676,17237,315,230,7131,580,18932,1512,5099,5219,5220],"class_list":["post-37887","post","type-post","status-publish","format-standard","has-post-thumbnail","hentry","category-destaque-lista","category-infratransporte","tag-abear","tag-azul","tag-combustivel-da-aviacao","tag-diesel","tag-gol","tag-latam","tag-lula","tag-pis-confins","tag-qav","tag-querosene","tag-russia","tag-ucrania"],"yoast_head":"<!-- This site is optimized with the Yoast SEO Premium plugin v25.4 (Yoast SEO v26.0) - https:\/\/yoast.com\/wordpress\/plugins\/seo\/ -->\n<title>A\u00e9reas pedem extens\u00e3o de al\u00edvio no diesel para combust\u00edvel de avia\u00e7\u00e3o - Ag\u00eancia iNFRA<\/title>\n<meta name=\"robots\" content=\"index, follow, max-snippet:-1, max-image-preview:large, max-video-preview:-1\" \/>\n<link rel=\"canonical\" href=\"https:\/\/agenciainfra.com\/blog\/aereas-pedem-extensao-de-alivio-no-diesel-para-combustivel-de-aviacao\/\" \/>\n<meta property=\"og:locale\" content=\"pt_BR\" \/>\n<meta property=\"og:type\" content=\"article\" \/>\n<meta property=\"og:title\" content=\"A\u00e9reas pedem extens\u00e3o de al\u00edvio no diesel para combust\u00edvel de avia\u00e7\u00e3o\" \/>\n<meta property=\"og:description\" content=\"Amanda Pupo, da Ag\u00eancia iNFRA As empresas a\u00e9reas est\u00e3o pleiteando ao governo que a medida para tentar conter a alta do diesel em raz\u00e3o da guerra no Oriente M\u00e9dio tamb\u00e9m se estenda ao combust\u00edvel de avia\u00e7\u00e3o, o QAV. No final de fevereiro, a Petrobras j\u00e1 repassou a alta do petr\u00f3leo que come\u00e7ou a ser sentida [&hellip;]\" \/>\n<meta property=\"og:url\" content=\"https:\/\/agenciainfra.com\/blog\/aereas-pedem-extensao-de-alivio-no-diesel-para-combustivel-de-aviacao\/\" \/>\n<meta property=\"og:site_name\" content=\"Ag\u00eancia iNFRA\" \/>\n<meta property=\"article:publisher\" content=\"https:\/\/www.facebook.com\/ageninfra\" \/>\n<meta property=\"article:published_time\" content=\"2026-03-13T22:20:33+00:00\" \/>\n<meta property=\"article:modified_time\" content=\"2026-03-17T15:08:17+00:00\" \/>\n<meta property=\"og:image\" content=\"https:\/\/agenciainfra.com\/blog\/wp-content\/uploads\/2021\/11\/qav-combustivel-aviacao-foto-petrobras-divulgacao.png\" \/>\n\t<meta property=\"og:image:width\" content=\"1280\" \/>\n\t<meta property=\"og:image:height\" content=\"848\" \/>\n\t<meta property=\"og:image:type\" content=\"image\/png\" \/>\n<meta name=\"author\" content=\"Ag\u00eancia iNFRA\" \/>\n<meta name=\"twitter:card\" content=\"summary_large_image\" \/>\n<meta name=\"twitter:creator\" content=\"@agencia_infra\" \/>\n<meta name=\"twitter:site\" content=\"@agencia_infra\" \/>\n<meta name=\"twitter:label1\" content=\"Escrito por\" \/>\n\t<meta name=\"twitter:data1\" content=\"Ag\u00eancia iNFRA\" \/>\n\t<meta name=\"twitter:label2\" content=\"Est. tempo de leitura\" \/>\n\t<meta name=\"twitter:data2\" content=\"3 minutos\" \/>\n<script type=\"application\/ld+json\" class=\"yoast-schema-graph\">{\"@context\":\"https:\/\/schema.org\",\"@graph\":[{\"@type\":\"Article\",\"@id\":\"https:\/\/agenciainfra.com\/blog\/aereas-pedem-extensao-de-alivio-no-diesel-para-combustivel-de-aviacao\/#article\",\"isPartOf\":{\"@id\":\"https:\/\/agenciainfra.com\/blog\/aereas-pedem-extensao-de-alivio-no-diesel-para-combustivel-de-aviacao\/\"},\"author\":{\"name\":\"Ag\u00eancia iNFRA\",\"@id\":\"https:\/\/agenciainfra.com\/blog\/#\/schema\/person\/34af08dff6adea4cb22b06612ba7acfa\"},\"headline\":\"A\u00e9reas pedem extens\u00e3o de al\u00edvio no diesel para combust\u00edvel de avia\u00e7\u00e3o\",\"datePublished\":\"2026-03-13T22:20:33+00:00\",\"dateModified\":\"2026-03-17T15:08:17+00:00\",\"mainEntityOfPage\":{\"@id\":\"https:\/\/agenciainfra.com\/blog\/aereas-pedem-extensao-de-alivio-no-diesel-para-combustivel-de-aviacao\/\"},\"wordCount\":660,\"publisher\":{\"@id\":\"https:\/\/agenciainfra.com\/blog\/#organization\"},\"image\":{\"@id\":\"https:\/\/agenciainfra.com\/blog\/aereas-pedem-extensao-de-alivio-no-diesel-para-combustivel-de-aviacao\/#primaryimage\"},\"thumbnailUrl\":\"https:\/\/agenciainfra.com\/blog\/wp-content\/uploads\/2021\/11\/qav-combustivel-aviacao-foto-petrobras-divulgacao.png\",\"keywords\":[\"Abear\",\"azul\",\"Combust\u00edvel da avia\u00e7\u00e3o\",\"diesel\",\"Gol\",\"Latam\",\"Lula\",\"PIS\/Confins\",\"QAV\",\"querosene\",\"R\u00fassia\",\"Ucr\u00e2nia\"],\"articleSection\":[\"Destaque lista\",\"iNFRATransporte\"],\"inLanguage\":\"pt-BR\",\"copyrightYear\":\"2026\",\"copyrightHolder\":{\"@id\":\"https:\/\/agenciainfra.com\/blog\/#organization\"}},{\"@type\":\"WebPage\",\"@id\":\"https:\/\/agenciainfra.com\/blog\/aereas-pedem-extensao-de-alivio-no-diesel-para-combustivel-de-aviacao\/\",\"url\":\"https:\/\/agenciainfra.com\/blog\/aereas-pedem-extensao-de-alivio-no-diesel-para-combustivel-de-aviacao\/\",\"name\":\"A\u00e9reas pedem extens\u00e3o de al\u00edvio no diesel para combust\u00edvel de avia\u00e7\u00e3o - Ag\u00eancia iNFRA\",\"isPartOf\":{\"@id\":\"https:\/\/agenciainfra.com\/blog\/#website\"},\"primaryImageOfPage\":{\"@id\":\"https:\/\/agenciainfra.com\/blog\/aereas-pedem-extensao-de-alivio-no-diesel-para-combustivel-de-aviacao\/#primaryimage\"},\"image\":{\"@id\":\"https:\/\/agenciainfra.com\/blog\/aereas-pedem-extensao-de-alivio-no-diesel-para-combustivel-de-aviacao\/#primaryimage\"},\"thumbnailUrl\":\"https:\/\/agenciainfra.com\/blog\/wp-content\/uploads\/2021\/11\/qav-combustivel-aviacao-foto-petrobras-divulgacao.png\",\"datePublished\":\"2026-03-13T22:20:33+00:00\",\"dateModified\":\"2026-03-17T15:08:17+00:00\",\"breadcrumb\":{\"@id\":\"https:\/\/agenciainfra.com\/blog\/aereas-pedem-extensao-de-alivio-no-diesel-para-combustivel-de-aviacao\/#breadcrumb\"},\"inLanguage\":\"pt-BR\",\"potentialAction\":[{\"@type\":\"ReadAction\",\"target\":[\"https:\/\/agenciainfra.com\/blog\/aereas-pedem-extensao-de-alivio-no-diesel-para-combustivel-de-aviacao\/\"]}]},{\"@type\":\"ImageObject\",\"inLanguage\":\"pt-BR\",\"@id\":\"https:\/\/agenciainfra.com\/blog\/aereas-pedem-extensao-de-alivio-no-diesel-para-combustivel-de-aviacao\/#primaryimage\",\"url\":\"https:\/\/agenciainfra.com\/blog\/wp-content\/uploads\/2021\/11\/qav-combustivel-aviacao-foto-petrobras-divulgacao.png\",\"contentUrl\":\"https:\/\/agenciainfra.com\/blog\/wp-content\/uploads\/2021\/11\/qav-combustivel-aviacao-foto-petrobras-divulgacao.png\",\"width\":1280,\"height\":848,\"caption\":\"Foto: Petrobras\/Divulga\u00e7\u00e3o\"},{\"@type\":\"BreadcrumbList\",\"@id\":\"https:\/\/agenciainfra.com\/blog\/aereas-pedem-extensao-de-alivio-no-diesel-para-combustivel-de-aviacao\/#breadcrumb\",\"itemListElement\":[{\"@type\":\"ListItem\",\"position\":1,\"name\":\"In\u00edcio\",\"item\":\"https:\/\/agenciainfra.com\/blog\/\"},{\"@type\":\"ListItem\",\"position\":2,\"name\":\"A\u00e9reas pedem extens\u00e3o de al\u00edvio no diesel para combust\u00edvel de avia\u00e7\u00e3o\"}]},{\"@type\":\"WebSite\",\"@id\":\"https:\/\/agenciainfra.com\/blog\/#website\",\"url\":\"https:\/\/agenciainfra.com\/blog\/\",\"name\":\"Ag\u00eancia iNFRA\",\"description\":\"Multiplataforma de informa\u00e7\u00e3o jornal\u00edstica refer\u00eancia na \u00e1rea de infraestrutura no Brasil!\",\"publisher\":{\"@id\":\"https:\/\/agenciainfra.com\/blog\/#organization\"},\"potentialAction\":[{\"@type\":\"SearchAction\",\"target\":{\"@type\":\"EntryPoint\",\"urlTemplate\":\"https:\/\/agenciainfra.com\/blog\/?s={search_term_string}\"},\"query-input\":{\"@type\":\"PropertyValueSpecification\",\"valueRequired\":true,\"valueName\":\"search_term_string\"}}],\"inLanguage\":\"pt-BR\"},{\"@type\":\"Organization\",\"@id\":\"https:\/\/agenciainfra.com\/blog\/#organization\",\"name\":\"Ag\u00eancia iNFRA\",\"url\":\"https:\/\/agenciainfra.com\/blog\/\",\"logo\":{\"@type\":\"ImageObject\",\"inLanguage\":\"pt-BR\",\"@id\":\"https:\/\/agenciainfra.com\/blog\/#\/schema\/logo\/image\/\",\"url\":\"https:\/\/agenciainfra.com\/blog\/wp-content\/uploads\/2023\/09\/iNFRA_5-e1761735885940.png\",\"contentUrl\":\"https:\/\/agenciainfra.com\/blog\/wp-content\/uploads\/2023\/09\/iNFRA_5-e1761735885940.png\",\"width\":1672,\"height\":454,\"caption\":\"Ag\u00eancia iNFRA\"},\"image\":{\"@id\":\"https:\/\/agenciainfra.com\/blog\/#\/schema\/logo\/image\/\"},\"sameAs\":[\"https:\/\/www.facebook.com\/ageninfra\",\"https:\/\/x.com\/agencia_infra\",\"https:\/\/www.linkedin.com\/company\/ag\u00eanciainfra\/\",\"https:\/\/www.instagram.com\/agenciainfra\/\"]},{\"@type\":\"Person\",\"@id\":\"https:\/\/agenciainfra.com\/blog\/#\/schema\/person\/34af08dff6adea4cb22b06612ba7acfa\",\"name\":\"Ag\u00eancia iNFRA\",\"image\":{\"@type\":\"ImageObject\",\"inLanguage\":\"pt-BR\",\"@id\":\"https:\/\/agenciainfra.com\/blog\/#\/schema\/person\/image\/\",\"url\":\"https:\/\/secure.gravatar.com\/avatar\/d189e01678f06d8eb84d4e01f08eb848b3fffe3f8443818d3c356c66892f5be8?s=96&d=mm&r=g\",\"contentUrl\":\"https:\/\/secure.gravatar.com\/avatar\/d189e01678f06d8eb84d4e01f08eb848b3fffe3f8443818d3c356c66892f5be8?s=96&d=mm&r=g\",\"caption\":\"Ag\u00eancia iNFRA\"},\"url\":\"https:\/\/agenciainfra.com\/blog\/author\/admin\/\"}]}<\/script>\n<!-- \/ Yoast SEO Premium plugin. -->","yoast_head_json":{"title":"A\u00e9reas pedem extens\u00e3o de al\u00edvio no diesel para combust\u00edvel de avia\u00e7\u00e3o - Ag\u00eancia iNFRA","robots":{"index":"index","follow":"follow","max-snippet":"max-snippet:-1","max-image-preview":"max-image-preview:large","max-video-preview":"max-video-preview:-1"},"canonical":"https:\/\/agenciainfra.com\/blog\/aereas-pedem-extensao-de-alivio-no-diesel-para-combustivel-de-aviacao\/","og_locale":"pt_BR","og_type":"article","og_title":"A\u00e9reas pedem extens\u00e3o de al\u00edvio no diesel para combust\u00edvel de avia\u00e7\u00e3o","og_description":"Amanda Pupo, da Ag\u00eancia iNFRA As empresas a\u00e9reas est\u00e3o pleiteando ao governo que a medida para tentar conter a alta do diesel em raz\u00e3o da guerra no Oriente M\u00e9dio tamb\u00e9m se estenda ao combust\u00edvel de avia\u00e7\u00e3o, o QAV. No final de fevereiro, a Petrobras j\u00e1 repassou a alta do petr\u00f3leo que come\u00e7ou a ser sentida [&hellip;]","og_url":"https:\/\/agenciainfra.com\/blog\/aereas-pedem-extensao-de-alivio-no-diesel-para-combustivel-de-aviacao\/","og_site_name":"Ag\u00eancia iNFRA","article_publisher":"https:\/\/www.facebook.com\/ageninfra","article_published_time":"2026-03-13T22:20:33+00:00","article_modified_time":"2026-03-17T15:08:17+00:00","og_image":[{"width":1280,"height":848,"url":"https:\/\/agenciainfra.com\/blog\/wp-content\/uploads\/2021\/11\/qav-combustivel-aviacao-foto-petrobras-divulgacao.png","type":"image\/png"}],"author":"Ag\u00eancia iNFRA","twitter_card":"summary_large_image","twitter_creator":"@agencia_infra","twitter_site":"@agencia_infra","twitter_misc":{"Escrito por":"Ag\u00eancia iNFRA","Est. tempo de leitura":"3 minutos"},"schema":{"@context":"https:\/\/schema.org","@graph":[{"@type":"Article","@id":"https:\/\/agenciainfra.com\/blog\/aereas-pedem-extensao-de-alivio-no-diesel-para-combustivel-de-aviacao\/#article","isPartOf":{"@id":"https:\/\/agenciainfra.com\/blog\/aereas-pedem-extensao-de-alivio-no-diesel-para-combustivel-de-aviacao\/"},"author":{"name":"Ag\u00eancia iNFRA","@id":"https:\/\/agenciainfra.com\/blog\/#\/schema\/person\/34af08dff6adea4cb22b06612ba7acfa"},"headline":"A\u00e9reas pedem extens\u00e3o de al\u00edvio no diesel para combust\u00edvel de avia\u00e7\u00e3o","datePublished":"2026-03-13T22:20:33+00:00","dateModified":"2026-03-17T15:08:17+00:00","mainEntityOfPage":{"@id":"https:\/\/agenciainfra.com\/blog\/aereas-pedem-extensao-de-alivio-no-diesel-para-combustivel-de-aviacao\/"},"wordCount":660,"publisher":{"@id":"https:\/\/agenciainfra.com\/blog\/#organization"},"image":{"@id":"https:\/\/agenciainfra.com\/blog\/aereas-pedem-extensao-de-alivio-no-diesel-para-combustivel-de-aviacao\/#primaryimage"},"thumbnailUrl":"https:\/\/agenciainfra.com\/blog\/wp-content\/uploads\/2021\/11\/qav-combustivel-aviacao-foto-petrobras-divulgacao.png","keywords":["Abear","azul","Combust\u00edvel da avia\u00e7\u00e3o","diesel","Gol","Latam","Lula","PIS\/Confins","QAV","querosene","R\u00fassia","Ucr\u00e2nia"],"articleSection":["Destaque lista","iNFRATransporte"],"inLanguage":"pt-BR","copyrightYear":"2026","copyrightHolder":{"@id":"https:\/\/agenciainfra.com\/blog\/#organization"}},{"@type":"WebPage","@id":"https:\/\/agenciainfra.com\/blog\/aereas-pedem-extensao-de-alivio-no-diesel-para-combustivel-de-aviacao\/","url":"https:\/\/agenciainfra.com\/blog\/aereas-pedem-extensao-de-alivio-no-diesel-para-combustivel-de-aviacao\/","name":"A\u00e9reas pedem extens\u00e3o de al\u00edvio no diesel para combust\u00edvel de avia\u00e7\u00e3o - Ag\u00eancia iNFRA","isPartOf":{"@id":"https:\/\/agenciainfra.com\/blog\/#website"},"primaryImageOfPage":{"@id":"https:\/\/agenciainfra.com\/blog\/aereas-pedem-extensao-de-alivio-no-diesel-para-combustivel-de-aviacao\/#primaryimage"},"image":{"@id":"https:\/\/agenciainfra.com\/blog\/aereas-pedem-extensao-de-alivio-no-diesel-para-combustivel-de-aviacao\/#primaryimage"},"thumbnailUrl":"https:\/\/agenciainfra.com\/blog\/wp-content\/uploads\/2021\/11\/qav-combustivel-aviacao-foto-petrobras-divulgacao.png","datePublished":"2026-03-13T22:20:33+00:00","dateModified":"2026-03-17T15:08:17+00:00","breadcrumb":{"@id":"https:\/\/agenciainfra.com\/blog\/aereas-pedem-extensao-de-alivio-no-diesel-para-combustivel-de-aviacao\/#breadcrumb"},"inLanguage":"pt-BR","potentialAction":[{"@type":"ReadAction","target":["https:\/\/agenciainfra.com\/blog\/aereas-pedem-extensao-de-alivio-no-diesel-para-combustivel-de-aviacao\/"]}]},{"@type":"ImageObject","inLanguage":"pt-BR","@id":"https:\/\/agenciainfra.com\/blog\/aereas-pedem-extensao-de-alivio-no-diesel-para-combustivel-de-aviacao\/#primaryimage","url":"https:\/\/agenciainfra.com\/blog\/wp-content\/uploads\/2021\/11\/qav-combustivel-aviacao-foto-petrobras-divulgacao.png","contentUrl":"https:\/\/agenciainfra.com\/blog\/wp-content\/uploads\/2021\/11\/qav-combustivel-aviacao-foto-petrobras-divulgacao.png","width":1280,"height":848,"caption":"Foto: Petrobras\/Divulga\u00e7\u00e3o"},{"@type":"BreadcrumbList","@id":"https:\/\/agenciainfra.com\/blog\/aereas-pedem-extensao-de-alivio-no-diesel-para-combustivel-de-aviacao\/#breadcrumb","itemListElement":[{"@type":"ListItem","position":1,"name":"In\u00edcio","item":"https:\/\/agenciainfra.com\/blog\/"},{"@type":"ListItem","position":2,"name":"A\u00e9reas pedem extens\u00e3o de al\u00edvio no diesel para combust\u00edvel de avia\u00e7\u00e3o"}]},{"@type":"WebSite","@id":"https:\/\/agenciainfra.com\/blog\/#website","url":"https:\/\/agenciainfra.com\/blog\/","name":"Ag\u00eancia iNFRA","description":"Multiplataforma de informa\u00e7\u00e3o jornal\u00edstica refer\u00eancia na \u00e1rea de infraestrutura no Brasil!","publisher":{"@id":"https:\/\/agenciainfra.com\/blog\/#organization"},"potentialAction":[{"@type":"SearchAction","target":{"@type":"EntryPoint","urlTemplate":"https:\/\/agenciainfra.com\/blog\/?s={search_term_string}"},"query-input":{"@type":"PropertyValueSpecification","valueRequired":true,"valueName":"search_term_string"}}],"inLanguage":"pt-BR"},{"@type":"Organization","@id":"https:\/\/agenciainfra.com\/blog\/#organization","name":"Ag\u00eancia iNFRA","url":"https:\/\/agenciainfra.com\/blog\/","logo":{"@type":"ImageObject","inLanguage":"pt-BR","@id":"https:\/\/agenciainfra.com\/blog\/#\/schema\/logo\/image\/","url":"https:\/\/agenciainfra.com\/blog\/wp-content\/uploads\/2023\/09\/iNFRA_5-e1761735885940.png","contentUrl":"https:\/\/agenciainfra.com\/blog\/wp-content\/uploads\/2023\/09\/iNFRA_5-e1761735885940.png","width":1672,"height":454,"caption":"Ag\u00eancia iNFRA"},"image":{"@id":"https:\/\/agenciainfra.com\/blog\/#\/schema\/logo\/image\/"},"sameAs":["https:\/\/www.facebook.com\/ageninfra","https:\/\/x.com\/agencia_infra","https:\/\/www.linkedin.com\/company\/ag\u00eanciainfra\/","https:\/\/www.instagram.com\/agenciainfra\/"]},{"@type":"Person","@id":"https:\/\/agenciainfra.com\/blog\/#\/schema\/person\/34af08dff6adea4cb22b06612ba7acfa","name":"Ag\u00eancia iNFRA","image":{"@type":"ImageObject","inLanguage":"pt-BR","@id":"https:\/\/agenciainfra.com\/blog\/#\/schema\/person\/image\/","url":"https:\/\/secure.gravatar.com\/avatar\/d189e01678f06d8eb84d4e01f08eb848b3fffe3f8443818d3c356c66892f5be8?s=96&d=mm&r=g","contentUrl":"https:\/\/secure.gravatar.com\/avatar\/d189e01678f06d8eb84d4e01f08eb848b3fffe3f8443818d3c356c66892f5be8?s=96&d=mm&r=g","caption":"Ag\u00eancia iNFRA"},"url":"https:\/\/agenciainfra.com\/blog\/author\/admin\/"}]}},"_links":{"self":[{"href":"https:\/\/agenciainfra.com\/blog\/wp-json\/wp\/v2\/posts\/37887","targetHints":{"allow":["GET"]}}],"collection":[{"href":"https:\/\/agenciainfra.com\/blog\/wp-json\/wp\/v2\/posts"}],"about":[{"href":"https:\/\/agenciainfra.com\/blog\/wp-json\/wp\/v2\/types\/post"}],"author":[{"embeddable":true,"href":"https:\/\/agenciainfra.com\/blog\/wp-json\/wp\/v2\/users\/1"}],"replies":[{"embeddable":true,"href":"https:\/\/agenciainfra.com\/blog\/wp-json\/wp\/v2\/comments?post=37887"}],"version-history":[{"count":3,"href":"https:\/\/agenciainfra.com\/blog\/wp-json\/wp\/v2\/posts\/37887\/revisions"}],"predecessor-version":[{"id":37893,"href":"https:\/\/agenciainfra.com\/blog\/wp-json\/wp\/v2\/posts\/37887\/revisions\/37893"}],"wp:featuredmedia":[{"embeddable":true,"href":"https:\/\/agenciainfra.com\/blog\/wp-json\/wp\/v2\/media\/8863"}],"wp:attachment":[{"href":"https:\/\/agenciainfra.com\/blog\/wp-json\/wp\/v2\/media?parent=37887"}],"wp:term":[{"taxonomy":"category","embeddable":true,"href":"https:\/\/agenciainfra.com\/blog\/wp-json\/wp\/v2\/categories?post=37887"},{"taxonomy":"post_tag","embeddable":true,"href":"https:\/\/agenciainfra.com\/blog\/wp-json\/wp\/v2\/tags?post=37887"}],"curies":[{"name":"wp","href":"https:\/\/api.w.org\/{rel}","templated":true}]}}