{"id":37914,"date":"2026-03-16T15:29:45","date_gmt":"2026-03-16T18:29:45","guid":{"rendered":"https:\/\/agenciainfra.com\/blog\/?p=37914"},"modified":"2026-03-16T15:29:48","modified_gmt":"2026-03-16T18:29:48","slug":"motiva-anuncia-fabio-mota-como-diretor-de-tecnologia-e-digital","status":"publish","type":"post","link":"https:\/\/agenciainfra.com\/blog\/motiva-anuncia-fabio-mota-como-diretor-de-tecnologia-e-digital\/","title":{"rendered":"Motiva anuncia F\u00e1bio Mota como diretor de Tecnologia e Digital"},"content":{"rendered":"\n<p class=\"has-text-align-right\"><strong>da Ag\u00eancia iNFRA<\/strong><\/p>\n\n\n\n<p>A Motiva anunciou a nomea\u00e7\u00e3o de F\u00e1bio Mota como novo diretor de Tecnologia e Digital. O executivo ser\u00e1 respons\u00e1vel por liderar a estrat\u00e9gia tecnol\u00f3gica da companhia e a implementa\u00e7\u00e3o de iniciativas ligadas \u00e0 chamada Ind\u00fastria 5.0.<\/p>\n\n\n\n<p>Na fun\u00e7\u00e3o, Mota ficar\u00e1 \u00e0 frente da transforma\u00e7\u00e3o digital das plataformas de rodovias, trilhos e aeroportos da empresa, com foco em efici\u00eancia operacional e melhoria da experi\u00eancia dos usu\u00e1rios.<\/p>\n\n\n\n<p>O executivo tem mais de duas d\u00e9cadas de atua\u00e7\u00e3o nas \u00e1reas de tecnologia e inova\u00e7\u00e3o. Antes de assumir o cargo, trabalhou por 16 anos no Grupo Cosan, onde ocupou posi\u00e7\u00f5es de lideran\u00e7a, incluindo a vice-presid\u00eancia de Servi\u00e7os e Tecnologia da Ra\u00edzen.<\/p>\n\n\n\n<p>Segundo a empresa, a estrat\u00e9gia tecnol\u00f3gica inclui investimentos em intelig\u00eancia artificial, an\u00e1lise de dados, internet das coisas, automa\u00e7\u00e3o e novos materiais. A companhia prev\u00ea aplicar R$ 1 bilh\u00e3o em projetos de inova\u00e7\u00e3o at\u00e9 2035.<\/p>\n\n\n\n<p><\/p>\n","protected":false},"excerpt":{"rendered":"<p>da Ag\u00eancia iNFRA A Motiva anunciou a nomea\u00e7\u00e3o de F\u00e1bio Mota como novo diretor de Tecnologia e Digital. O executivo ser\u00e1 respons\u00e1vel por liderar a estrat\u00e9gia tecnol\u00f3gica da companhia e a implementa\u00e7\u00e3o de iniciativas ligadas \u00e0 chamada Ind\u00fastria 5.0. Na fun\u00e7\u00e3o, Mota ficar\u00e1 \u00e0 frente da transforma\u00e7\u00e3o digital das plataformas de rodovias, trilhos e aeroportos [&hellip;]<\/p>\n","protected":false},"author":1,"featured_media":37915,"comment_status":"closed","ping_status":"closed","sticky":false,"template":"","format":"standard","meta":{"_monsterinsights_skip_tracking":false,"_monsterinsights_sitenote_active":false,"_monsterinsights_sitenote_note":"","_monsterinsights_sitenote_category":0,"footnotes":""},"categories":[13576],"tags":[18950,18948,13199,957,1568,18949],"class_list":["post-37914","post","type-post","status-publish","format-standard","has-post-thumbnail","hentry","category-giro-infra","tag-diretoria-motiva","tag-fabio-mota","tag-motiva","tag-raizen","tag-tecnologia","tag-tecnologia-digital"],"yoast_head":"<!-- This site is optimized with the Yoast SEO Premium plugin v25.4 (Yoast SEO v26.0) - https:\/\/yoast.com\/wordpress\/plugins\/seo\/ -->\n<title>Motiva anuncia F\u00e1bio Mota como diretor de Tecnologia e Digital - Ag\u00eancia iNFRA<\/title>\n<meta name=\"robots\" content=\"index, follow, max-snippet:-1, max-image-preview:large, max-video-preview:-1\" \/>\n<link rel=\"canonical\" href=\"https:\/\/agenciainfra.com\/blog\/motiva-anuncia-fabio-mota-como-diretor-de-tecnologia-e-digital\/\" \/>\n<meta property=\"og:locale\" content=\"pt_BR\" \/>\n<meta property=\"og:type\" content=\"article\" \/>\n<meta property=\"og:title\" content=\"Motiva anuncia F\u00e1bio Mota como diretor de Tecnologia e Digital\" \/>\n<meta property=\"og:description\" content=\"da Ag\u00eancia iNFRA A Motiva anunciou a nomea\u00e7\u00e3o de F\u00e1bio Mota como novo diretor de Tecnologia e Digital. O executivo ser\u00e1 respons\u00e1vel por liderar a estrat\u00e9gia tecnol\u00f3gica da companhia e a implementa\u00e7\u00e3o de iniciativas ligadas \u00e0 chamada Ind\u00fastria 5.0. Na fun\u00e7\u00e3o, Mota ficar\u00e1 \u00e0 frente da transforma\u00e7\u00e3o digital das plataformas de rodovias, trilhos e aeroportos [&hellip;]\" \/>\n<meta property=\"og:url\" content=\"https:\/\/agenciainfra.com\/blog\/motiva-anuncia-fabio-mota-como-diretor-de-tecnologia-e-digital\/\" \/>\n<meta property=\"og:site_name\" content=\"Ag\u00eancia iNFRA\" \/>\n<meta property=\"article:publisher\" content=\"https:\/\/www.facebook.com\/ageninfra\" \/>\n<meta property=\"article:published_time\" content=\"2026-03-16T18:29:45+00:00\" \/>\n<meta property=\"article:modified_time\" content=\"2026-03-16T18:29:48+00:00\" \/>\n<meta property=\"og:image\" content=\"https:\/\/agenciainfra.com\/blog\/wp-content\/uploads\/2026\/03\/bruno-mota-foto-motiva.jpg\" \/>\n\t<meta property=\"og:image:width\" content=\"1280\" \/>\n\t<meta property=\"og:image:height\" content=\"853\" \/>\n\t<meta property=\"og:image:type\" content=\"image\/jpeg\" \/>\n<meta name=\"author\" content=\"Ag\u00eancia iNFRA\" \/>\n<meta name=\"twitter:card\" content=\"summary_large_image\" \/>\n<meta name=\"twitter:creator\" content=\"@agencia_infra\" \/>\n<meta name=\"twitter:site\" content=\"@agencia_infra\" \/>\n<meta name=\"twitter:label1\" content=\"Escrito por\" \/>\n\t<meta name=\"twitter:data1\" content=\"Ag\u00eancia iNFRA\" \/>\n\t<meta name=\"twitter:label2\" content=\"Est. tempo de leitura\" \/>\n\t<meta name=\"twitter:data2\" content=\"1 minuto\" \/>\n<script type=\"application\/ld+json\" class=\"yoast-schema-graph\">{\"@context\":\"https:\/\/schema.org\",\"@graph\":[{\"@type\":\"Article\",\"@id\":\"https:\/\/agenciainfra.com\/blog\/motiva-anuncia-fabio-mota-como-diretor-de-tecnologia-e-digital\/#article\",\"isPartOf\":{\"@id\":\"https:\/\/agenciainfra.com\/blog\/motiva-anuncia-fabio-mota-como-diretor-de-tecnologia-e-digital\/\"},\"author\":{\"name\":\"Ag\u00eancia iNFRA\",\"@id\":\"https:\/\/agenciainfra.com\/blog\/#\/schema\/person\/34af08dff6adea4cb22b06612ba7acfa\"},\"headline\":\"Motiva anuncia F\u00e1bio Mota como diretor de Tecnologia e Digital\",\"datePublished\":\"2026-03-16T18:29:45+00:00\",\"dateModified\":\"2026-03-16T18:29:48+00:00\",\"mainEntityOfPage\":{\"@id\":\"https:\/\/agenciainfra.com\/blog\/motiva-anuncia-fabio-mota-como-diretor-de-tecnologia-e-digital\/\"},\"wordCount\":176,\"publisher\":{\"@id\":\"https:\/\/agenciainfra.com\/blog\/#organization\"},\"image\":{\"@id\":\"https:\/\/agenciainfra.com\/blog\/motiva-anuncia-fabio-mota-como-diretor-de-tecnologia-e-digital\/#primaryimage\"},\"thumbnailUrl\":\"https:\/\/agenciainfra.com\/blog\/wp-content\/uploads\/2026\/03\/bruno-mota-foto-motiva.jpg\",\"keywords\":[\"diretoria motiva\",\"f\u00e1bio mota\",\"motiva\",\"Ra\u00edzen\",\"tecnologia\",\"tecnologia digital\"],\"articleSection\":[\"Giro iNFRA\"],\"inLanguage\":\"pt-BR\",\"copyrightYear\":\"2026\",\"copyrightHolder\":{\"@id\":\"https:\/\/agenciainfra.com\/blog\/#organization\"}},{\"@type\":\"WebPage\",\"@id\":\"https:\/\/agenciainfra.com\/blog\/motiva-anuncia-fabio-mota-como-diretor-de-tecnologia-e-digital\/\",\"url\":\"https:\/\/agenciainfra.com\/blog\/motiva-anuncia-fabio-mota-como-diretor-de-tecnologia-e-digital\/\",\"name\":\"Motiva anuncia F\u00e1bio Mota como diretor de Tecnologia e Digital - Ag\u00eancia iNFRA\",\"isPartOf\":{\"@id\":\"https:\/\/agenciainfra.com\/blog\/#website\"},\"primaryImageOfPage\":{\"@id\":\"https:\/\/agenciainfra.com\/blog\/motiva-anuncia-fabio-mota-como-diretor-de-tecnologia-e-digital\/#primaryimage\"},\"image\":{\"@id\":\"https:\/\/agenciainfra.com\/blog\/motiva-anuncia-fabio-mota-como-diretor-de-tecnologia-e-digital\/#primaryimage\"},\"thumbnailUrl\":\"https:\/\/agenciainfra.com\/blog\/wp-content\/uploads\/2026\/03\/bruno-mota-foto-motiva.jpg\",\"datePublished\":\"2026-03-16T18:29:45+00:00\",\"dateModified\":\"2026-03-16T18:29:48+00:00\",\"breadcrumb\":{\"@id\":\"https:\/\/agenciainfra.com\/blog\/motiva-anuncia-fabio-mota-como-diretor-de-tecnologia-e-digital\/#breadcrumb\"},\"inLanguage\":\"pt-BR\",\"potentialAction\":[{\"@type\":\"ReadAction\",\"target\":[\"https:\/\/agenciainfra.com\/blog\/motiva-anuncia-fabio-mota-como-diretor-de-tecnologia-e-digital\/\"]}]},{\"@type\":\"ImageObject\",\"inLanguage\":\"pt-BR\",\"@id\":\"https:\/\/agenciainfra.com\/blog\/motiva-anuncia-fabio-mota-como-diretor-de-tecnologia-e-digital\/#primaryimage\",\"url\":\"https:\/\/agenciainfra.com\/blog\/wp-content\/uploads\/2026\/03\/bruno-mota-foto-motiva.jpg\",\"contentUrl\":\"https:\/\/agenciainfra.com\/blog\/wp-content\/uploads\/2026\/03\/bruno-mota-foto-motiva.jpg\",\"width\":1280,\"height\":853,\"caption\":\"Foto: Motiva\"},{\"@type\":\"BreadcrumbList\",\"@id\":\"https:\/\/agenciainfra.com\/blog\/motiva-anuncia-fabio-mota-como-diretor-de-tecnologia-e-digital\/#breadcrumb\",\"itemListElement\":[{\"@type\":\"ListItem\",\"position\":1,\"name\":\"In\u00edcio\",\"item\":\"https:\/\/agenciainfra.com\/blog\/\"},{\"@type\":\"ListItem\",\"position\":2,\"name\":\"Motiva anuncia F\u00e1bio Mota como diretor de Tecnologia e Digital\"}]},{\"@type\":\"WebSite\",\"@id\":\"https:\/\/agenciainfra.com\/blog\/#website\",\"url\":\"https:\/\/agenciainfra.com\/blog\/\",\"name\":\"Ag\u00eancia iNFRA\",\"description\":\"Multiplataforma de informa\u00e7\u00e3o jornal\u00edstica refer\u00eancia na \u00e1rea de infraestrutura no Brasil!\",\"publisher\":{\"@id\":\"https:\/\/agenciainfra.com\/blog\/#organization\"},\"potentialAction\":[{\"@type\":\"SearchAction\",\"target\":{\"@type\":\"EntryPoint\",\"urlTemplate\":\"https:\/\/agenciainfra.com\/blog\/?s={search_term_string}\"},\"query-input\":{\"@type\":\"PropertyValueSpecification\",\"valueRequired\":true,\"valueName\":\"search_term_string\"}}],\"inLanguage\":\"pt-BR\"},{\"@type\":\"Organization\",\"@id\":\"https:\/\/agenciainfra.com\/blog\/#organization\",\"name\":\"Ag\u00eancia iNFRA\",\"url\":\"https:\/\/agenciainfra.com\/blog\/\",\"logo\":{\"@type\":\"ImageObject\",\"inLanguage\":\"pt-BR\",\"@id\":\"https:\/\/agenciainfra.com\/blog\/#\/schema\/logo\/image\/\",\"url\":\"https:\/\/agenciainfra.com\/blog\/wp-content\/uploads\/2023\/09\/iNFRA_5-e1761735885940.png\",\"contentUrl\":\"https:\/\/agenciainfra.com\/blog\/wp-content\/uploads\/2023\/09\/iNFRA_5-e1761735885940.png\",\"width\":1672,\"height\":454,\"caption\":\"Ag\u00eancia iNFRA\"},\"image\":{\"@id\":\"https:\/\/agenciainfra.com\/blog\/#\/schema\/logo\/image\/\"},\"sameAs\":[\"https:\/\/www.facebook.com\/ageninfra\",\"https:\/\/x.com\/agencia_infra\",\"https:\/\/www.linkedin.com\/company\/ag\u00eanciainfra\/\",\"https:\/\/www.instagram.com\/agenciainfra\/\"]},{\"@type\":\"Person\",\"@id\":\"https:\/\/agenciainfra.com\/blog\/#\/schema\/person\/34af08dff6adea4cb22b06612ba7acfa\",\"name\":\"Ag\u00eancia iNFRA\",\"image\":{\"@type\":\"ImageObject\",\"inLanguage\":\"pt-BR\",\"@id\":\"https:\/\/agenciainfra.com\/blog\/#\/schema\/person\/image\/\",\"url\":\"https:\/\/secure.gravatar.com\/avatar\/d189e01678f06d8eb84d4e01f08eb848b3fffe3f8443818d3c356c66892f5be8?s=96&d=mm&r=g\",\"contentUrl\":\"https:\/\/secure.gravatar.com\/avatar\/d189e01678f06d8eb84d4e01f08eb848b3fffe3f8443818d3c356c66892f5be8?s=96&d=mm&r=g\",\"caption\":\"Ag\u00eancia iNFRA\"},\"url\":\"https:\/\/agenciainfra.com\/blog\/author\/admin\/\"}]}<\/script>\n<!-- \/ Yoast SEO Premium plugin. -->","yoast_head_json":{"title":"Motiva anuncia F\u00e1bio Mota como diretor de Tecnologia e Digital - Ag\u00eancia iNFRA","robots":{"index":"index","follow":"follow","max-snippet":"max-snippet:-1","max-image-preview":"max-image-preview:large","max-video-preview":"max-video-preview:-1"},"canonical":"https:\/\/agenciainfra.com\/blog\/motiva-anuncia-fabio-mota-como-diretor-de-tecnologia-e-digital\/","og_locale":"pt_BR","og_type":"article","og_title":"Motiva anuncia F\u00e1bio Mota como diretor de Tecnologia e Digital","og_description":"da Ag\u00eancia iNFRA A Motiva anunciou a nomea\u00e7\u00e3o de F\u00e1bio Mota como novo diretor de Tecnologia e Digital. O executivo ser\u00e1 respons\u00e1vel por liderar a estrat\u00e9gia tecnol\u00f3gica da companhia e a implementa\u00e7\u00e3o de iniciativas ligadas \u00e0 chamada Ind\u00fastria 5.0. Na fun\u00e7\u00e3o, Mota ficar\u00e1 \u00e0 frente da transforma\u00e7\u00e3o digital das plataformas de rodovias, trilhos e aeroportos [&hellip;]","og_url":"https:\/\/agenciainfra.com\/blog\/motiva-anuncia-fabio-mota-como-diretor-de-tecnologia-e-digital\/","og_site_name":"Ag\u00eancia iNFRA","article_publisher":"https:\/\/www.facebook.com\/ageninfra","article_published_time":"2026-03-16T18:29:45+00:00","article_modified_time":"2026-03-16T18:29:48+00:00","og_image":[{"width":1280,"height":853,"url":"https:\/\/agenciainfra.com\/blog\/wp-content\/uploads\/2026\/03\/bruno-mota-foto-motiva.jpg","type":"image\/jpeg"}],"author":"Ag\u00eancia iNFRA","twitter_card":"summary_large_image","twitter_creator":"@agencia_infra","twitter_site":"@agencia_infra","twitter_misc":{"Escrito por":"Ag\u00eancia iNFRA","Est. tempo de leitura":"1 minuto"},"schema":{"@context":"https:\/\/schema.org","@graph":[{"@type":"Article","@id":"https:\/\/agenciainfra.com\/blog\/motiva-anuncia-fabio-mota-como-diretor-de-tecnologia-e-digital\/#article","isPartOf":{"@id":"https:\/\/agenciainfra.com\/blog\/motiva-anuncia-fabio-mota-como-diretor-de-tecnologia-e-digital\/"},"author":{"name":"Ag\u00eancia iNFRA","@id":"https:\/\/agenciainfra.com\/blog\/#\/schema\/person\/34af08dff6adea4cb22b06612ba7acfa"},"headline":"Motiva anuncia F\u00e1bio Mota como diretor de Tecnologia e Digital","datePublished":"2026-03-16T18:29:45+00:00","dateModified":"2026-03-16T18:29:48+00:00","mainEntityOfPage":{"@id":"https:\/\/agenciainfra.com\/blog\/motiva-anuncia-fabio-mota-como-diretor-de-tecnologia-e-digital\/"},"wordCount":176,"publisher":{"@id":"https:\/\/agenciainfra.com\/blog\/#organization"},"image":{"@id":"https:\/\/agenciainfra.com\/blog\/motiva-anuncia-fabio-mota-como-diretor-de-tecnologia-e-digital\/#primaryimage"},"thumbnailUrl":"https:\/\/agenciainfra.com\/blog\/wp-content\/uploads\/2026\/03\/bruno-mota-foto-motiva.jpg","keywords":["diretoria motiva","f\u00e1bio mota","motiva","Ra\u00edzen","tecnologia","tecnologia digital"],"articleSection":["Giro iNFRA"],"inLanguage":"pt-BR","copyrightYear":"2026","copyrightHolder":{"@id":"https:\/\/agenciainfra.com\/blog\/#organization"}},{"@type":"WebPage","@id":"https:\/\/agenciainfra.com\/blog\/motiva-anuncia-fabio-mota-como-diretor-de-tecnologia-e-digital\/","url":"https:\/\/agenciainfra.com\/blog\/motiva-anuncia-fabio-mota-como-diretor-de-tecnologia-e-digital\/","name":"Motiva anuncia F\u00e1bio Mota como diretor de Tecnologia e Digital - Ag\u00eancia iNFRA","isPartOf":{"@id":"https:\/\/agenciainfra.com\/blog\/#website"},"primaryImageOfPage":{"@id":"https:\/\/agenciainfra.com\/blog\/motiva-anuncia-fabio-mota-como-diretor-de-tecnologia-e-digital\/#primaryimage"},"image":{"@id":"https:\/\/agenciainfra.com\/blog\/motiva-anuncia-fabio-mota-como-diretor-de-tecnologia-e-digital\/#primaryimage"},"thumbnailUrl":"https:\/\/agenciainfra.com\/blog\/wp-content\/uploads\/2026\/03\/bruno-mota-foto-motiva.jpg","datePublished":"2026-03-16T18:29:45+00:00","dateModified":"2026-03-16T18:29:48+00:00","breadcrumb":{"@id":"https:\/\/agenciainfra.com\/blog\/motiva-anuncia-fabio-mota-como-diretor-de-tecnologia-e-digital\/#breadcrumb"},"inLanguage":"pt-BR","potentialAction":[{"@type":"ReadAction","target":["https:\/\/agenciainfra.com\/blog\/motiva-anuncia-fabio-mota-como-diretor-de-tecnologia-e-digital\/"]}]},{"@type":"ImageObject","inLanguage":"pt-BR","@id":"https:\/\/agenciainfra.com\/blog\/motiva-anuncia-fabio-mota-como-diretor-de-tecnologia-e-digital\/#primaryimage","url":"https:\/\/agenciainfra.com\/blog\/wp-content\/uploads\/2026\/03\/bruno-mota-foto-motiva.jpg","contentUrl":"https:\/\/agenciainfra.com\/blog\/wp-content\/uploads\/2026\/03\/bruno-mota-foto-motiva.jpg","width":1280,"height":853,"caption":"Foto: Motiva"},{"@type":"BreadcrumbList","@id":"https:\/\/agenciainfra.com\/blog\/motiva-anuncia-fabio-mota-como-diretor-de-tecnologia-e-digital\/#breadcrumb","itemListElement":[{"@type":"ListItem","position":1,"name":"In\u00edcio","item":"https:\/\/agenciainfra.com\/blog\/"},{"@type":"ListItem","position":2,"name":"Motiva anuncia F\u00e1bio Mota como diretor de Tecnologia e Digital"}]},{"@type":"WebSite","@id":"https:\/\/agenciainfra.com\/blog\/#website","url":"https:\/\/agenciainfra.com\/blog\/","name":"Ag\u00eancia iNFRA","description":"Multiplataforma de informa\u00e7\u00e3o jornal\u00edstica refer\u00eancia na \u00e1rea de infraestrutura no Brasil!","publisher":{"@id":"https:\/\/agenciainfra.com\/blog\/#organization"},"potentialAction":[{"@type":"SearchAction","target":{"@type":"EntryPoint","urlTemplate":"https:\/\/agenciainfra.com\/blog\/?s={search_term_string}"},"query-input":{"@type":"PropertyValueSpecification","valueRequired":true,"valueName":"search_term_string"}}],"inLanguage":"pt-BR"},{"@type":"Organization","@id":"https:\/\/agenciainfra.com\/blog\/#organization","name":"Ag\u00eancia iNFRA","url":"https:\/\/agenciainfra.com\/blog\/","logo":{"@type":"ImageObject","inLanguage":"pt-BR","@id":"https:\/\/agenciainfra.com\/blog\/#\/schema\/logo\/image\/","url":"https:\/\/agenciainfra.com\/blog\/wp-content\/uploads\/2023\/09\/iNFRA_5-e1761735885940.png","contentUrl":"https:\/\/agenciainfra.com\/blog\/wp-content\/uploads\/2023\/09\/iNFRA_5-e1761735885940.png","width":1672,"height":454,"caption":"Ag\u00eancia iNFRA"},"image":{"@id":"https:\/\/agenciainfra.com\/blog\/#\/schema\/logo\/image\/"},"sameAs":["https:\/\/www.facebook.com\/ageninfra","https:\/\/x.com\/agencia_infra","https:\/\/www.linkedin.com\/company\/ag\u00eanciainfra\/","https:\/\/www.instagram.com\/agenciainfra\/"]},{"@type":"Person","@id":"https:\/\/agenciainfra.com\/blog\/#\/schema\/person\/34af08dff6adea4cb22b06612ba7acfa","name":"Ag\u00eancia iNFRA","image":{"@type":"ImageObject","inLanguage":"pt-BR","@id":"https:\/\/agenciainfra.com\/blog\/#\/schema\/person\/image\/","url":"https:\/\/secure.gravatar.com\/avatar\/d189e01678f06d8eb84d4e01f08eb848b3fffe3f8443818d3c356c66892f5be8?s=96&d=mm&r=g","contentUrl":"https:\/\/secure.gravatar.com\/avatar\/d189e01678f06d8eb84d4e01f08eb848b3fffe3f8443818d3c356c66892f5be8?s=96&d=mm&r=g","caption":"Ag\u00eancia iNFRA"},"url":"https:\/\/agenciainfra.com\/blog\/author\/admin\/"}]}},"_links":{"self":[{"href":"https:\/\/agenciainfra.com\/blog\/wp-json\/wp\/v2\/posts\/37914","targetHints":{"allow":["GET"]}}],"collection":[{"href":"https:\/\/agenciainfra.com\/blog\/wp-json\/wp\/v2\/posts"}],"about":[{"href":"https:\/\/agenciainfra.com\/blog\/wp-json\/wp\/v2\/types\/post"}],"author":[{"embeddable":true,"href":"https:\/\/agenciainfra.com\/blog\/wp-json\/wp\/v2\/users\/1"}],"replies":[{"embeddable":true,"href":"https:\/\/agenciainfra.com\/blog\/wp-json\/wp\/v2\/comments?post=37914"}],"version-history":[{"count":1,"href":"https:\/\/agenciainfra.com\/blog\/wp-json\/wp\/v2\/posts\/37914\/revisions"}],"predecessor-version":[{"id":37916,"href":"https:\/\/agenciainfra.com\/blog\/wp-json\/wp\/v2\/posts\/37914\/revisions\/37916"}],"wp:featuredmedia":[{"embeddable":true,"href":"https:\/\/agenciainfra.com\/blog\/wp-json\/wp\/v2\/media\/37915"}],"wp:attachment":[{"href":"https:\/\/agenciainfra.com\/blog\/wp-json\/wp\/v2\/media?parent=37914"}],"wp:term":[{"taxonomy":"category","embeddable":true,"href":"https:\/\/agenciainfra.com\/blog\/wp-json\/wp\/v2\/categories?post=37914"},{"taxonomy":"post_tag","embeddable":true,"href":"https:\/\/agenciainfra.com\/blog\/wp-json\/wp\/v2\/tags?post=37914"}],"curies":[{"name":"wp","href":"https:\/\/api.w.org\/{rel}","templated":true}]}}