{"id":37936,"date":"2026-03-16T19:26:07","date_gmt":"2026-03-16T22:26:07","guid":{"rendered":"https:\/\/agenciainfra.com\/blog\/?p=37936"},"modified":"2026-03-16T19:26:09","modified_gmt":"2026-03-16T22:26:09","slug":"confea-lanca-indice-para-medir-infraestrutura-nos-estados","status":"publish","type":"post","link":"https:\/\/agenciainfra.com\/blog\/confea-lanca-indice-para-medir-infraestrutura-nos-estados\/","title":{"rendered":"Confea lan\u00e7a \u00edndice para medir infraestrutura nos estados"},"content":{"rendered":"\n<p class=\"has-text-align-right\"><strong>da Ag\u00eancia iNFRA<\/strong><\/p>\n\n\n\n<p>O Confea (Conselho Federal de Engenharia e Agronomia) lan\u00e7ou nesta segunda-feira (16) o Infra-BR, \u00edndice que avalia as condi\u00e7\u00f5es de infraestrutura nos 26 estados e no Distrito Federal a partir de 67 indicadores<\/p>\n\n\n\n<p>O levantamento atribui notas de 0 a 100 para cada unidade da federa\u00e7\u00e3o e analisa seis \u00e1reas: energia e conectividade, mobilidade, \u00e1gua, saneamento b\u00e1sico, meio ambiente e resili\u00eancia e bem-estar social e cidadania. A plataforma re\u00fane dados compar\u00e1veis entre os estados para orientar pol\u00edticas p\u00fablicas e prioriza\u00e7\u00e3o de investimentos em infraestrutura.<\/p>\n\n\n\n<p>O Distrito Federal obteve a maior pontua\u00e7\u00e3o, com 74,67 pontos, enquanto o Acre registrou a menor nota, com 28,46. Dos oito estados acima da m\u00e9dia nacional, seis est\u00e3o nas regi\u00f5es Sul e Sudeste, enquanto cinco dos sete piores resultados pertencem \u00e0 regi\u00e3o Norte.<\/p>\n\n\n\n<p>Na dimens\u00e3o de saneamento b\u00e1sico, apontada como um dos principais gargalos, o Paran\u00e1 alcan\u00e7ou 76,29 pontos e o Distrito Federal 80,19. J\u00e1 Pernambuco registrou 31,02, o Maranh\u00e3o 18,85, e o Acre 11,28, o pior desempenho nesse indicador.<\/p>\n\n\n\n<p>Segundo o Confea, a ferramenta busca ampliar a transpar\u00eancia e permitir o acompanhamento da evolu\u00e7\u00e3o da infraestrutura ao longo do tempo. O \u00edndice est\u00e1 dispon\u00edvel para consulta p\u00fablica na plataforma Infra-BR.<\/p>\n","protected":false},"excerpt":{"rendered":"<p>da Ag\u00eancia iNFRA O Confea (Conselho Federal de Engenharia e Agronomia) lan\u00e7ou nesta segunda-feira (16) o Infra-BR, \u00edndice que avalia as condi\u00e7\u00f5es de infraestrutura nos 26 estados e no Distrito Federal a partir de 67 indicadores O levantamento atribui notas de 0 a 100 para cada unidade da federa\u00e7\u00e3o e analisa seis \u00e1reas: energia e [&hellip;]<\/p>\n","protected":false},"author":1,"featured_media":7317,"comment_status":"closed","ping_status":"closed","sticky":false,"template":"","format":"standard","meta":{"_monsterinsights_skip_tracking":false,"_monsterinsights_sitenote_active":false,"_monsterinsights_sitenote_note":"","_monsterinsights_sitenote_category":0,"footnotes":""},"categories":[13576],"tags":[5272,18957,17112,115,18958,34,179],"class_list":["post-37936","post","type-post","status-publish","format-standard","has-post-thumbnail","hentry","category-giro-infra","tag-cidades","tag-confea","tag-df","tag-engenharia","tag-infra-br-2","tag-infraestrutura","tag-saneamento"],"yoast_head":"<!-- This site is optimized with the Yoast SEO Premium plugin v25.4 (Yoast SEO v26.0) - https:\/\/yoast.com\/wordpress\/plugins\/seo\/ -->\n<title>Confea lan\u00e7a \u00edndice para medir infraestrutura nos estados - Ag\u00eancia iNFRA<\/title>\n<meta name=\"robots\" content=\"index, follow, max-snippet:-1, max-image-preview:large, max-video-preview:-1\" \/>\n<link rel=\"canonical\" href=\"https:\/\/agenciainfra.com\/blog\/confea-lanca-indice-para-medir-infraestrutura-nos-estados\/\" \/>\n<meta property=\"og:locale\" content=\"pt_BR\" \/>\n<meta property=\"og:type\" content=\"article\" \/>\n<meta property=\"og:title\" content=\"Confea lan\u00e7a \u00edndice para medir infraestrutura nos estados\" \/>\n<meta property=\"og:description\" content=\"da Ag\u00eancia iNFRA O Confea (Conselho Federal de Engenharia e Agronomia) lan\u00e7ou nesta segunda-feira (16) o Infra-BR, \u00edndice que avalia as condi\u00e7\u00f5es de infraestrutura nos 26 estados e no Distrito Federal a partir de 67 indicadores O levantamento atribui notas de 0 a 100 para cada unidade da federa\u00e7\u00e3o e analisa seis \u00e1reas: energia e [&hellip;]\" \/>\n<meta property=\"og:url\" content=\"https:\/\/agenciainfra.com\/blog\/confea-lanca-indice-para-medir-infraestrutura-nos-estados\/\" \/>\n<meta property=\"og:site_name\" content=\"Ag\u00eancia iNFRA\" \/>\n<meta property=\"article:publisher\" content=\"https:\/\/www.facebook.com\/ageninfra\" \/>\n<meta property=\"article:published_time\" content=\"2026-03-16T22:26:07+00:00\" \/>\n<meta property=\"article:modified_time\" content=\"2026-03-16T22:26:09+00:00\" \/>\n<meta property=\"og:image\" content=\"https:\/\/agenciainfra.com\/blog\/wp-content\/uploads\/2021\/05\/saneamento-estacao-guandu-foto-cedae.jpeg\" \/>\n\t<meta property=\"og:image:width\" content=\"1280\" \/>\n\t<meta property=\"og:image:height\" content=\"853\" \/>\n\t<meta property=\"og:image:type\" content=\"image\/jpeg\" \/>\n<meta name=\"author\" content=\"Ag\u00eancia iNFRA\" \/>\n<meta name=\"twitter:card\" content=\"summary_large_image\" \/>\n<meta name=\"twitter:creator\" content=\"@agencia_infra\" \/>\n<meta name=\"twitter:site\" content=\"@agencia_infra\" \/>\n<meta name=\"twitter:label1\" content=\"Escrito por\" \/>\n\t<meta name=\"twitter:data1\" content=\"Ag\u00eancia iNFRA\" \/>\n\t<meta name=\"twitter:label2\" content=\"Est. tempo de leitura\" \/>\n\t<meta name=\"twitter:data2\" content=\"1 minuto\" \/>\n<script type=\"application\/ld+json\" class=\"yoast-schema-graph\">{\"@context\":\"https:\/\/schema.org\",\"@graph\":[{\"@type\":\"Article\",\"@id\":\"https:\/\/agenciainfra.com\/blog\/confea-lanca-indice-para-medir-infraestrutura-nos-estados\/#article\",\"isPartOf\":{\"@id\":\"https:\/\/agenciainfra.com\/blog\/confea-lanca-indice-para-medir-infraestrutura-nos-estados\/\"},\"author\":{\"name\":\"Ag\u00eancia iNFRA\",\"@id\":\"https:\/\/agenciainfra.com\/blog\/#\/schema\/person\/34af08dff6adea4cb22b06612ba7acfa\"},\"headline\":\"Confea lan\u00e7a \u00edndice para medir infraestrutura nos estados\",\"datePublished\":\"2026-03-16T22:26:07+00:00\",\"dateModified\":\"2026-03-16T22:26:09+00:00\",\"mainEntityOfPage\":{\"@id\":\"https:\/\/agenciainfra.com\/blog\/confea-lanca-indice-para-medir-infraestrutura-nos-estados\/\"},\"wordCount\":218,\"publisher\":{\"@id\":\"https:\/\/agenciainfra.com\/blog\/#organization\"},\"image\":{\"@id\":\"https:\/\/agenciainfra.com\/blog\/confea-lanca-indice-para-medir-infraestrutura-nos-estados\/#primaryimage\"},\"thumbnailUrl\":\"https:\/\/agenciainfra.com\/blog\/wp-content\/uploads\/2021\/05\/saneamento-estacao-guandu-foto-cedae.jpeg\",\"keywords\":[\"cidades\",\"confea\",\"DF\",\"Engenharia\",\"infra-br\",\"Infraestrutura\",\"saneamento\"],\"articleSection\":[\"Giro iNFRA\"],\"inLanguage\":\"pt-BR\",\"copyrightYear\":\"2026\",\"copyrightHolder\":{\"@id\":\"https:\/\/agenciainfra.com\/blog\/#organization\"}},{\"@type\":\"WebPage\",\"@id\":\"https:\/\/agenciainfra.com\/blog\/confea-lanca-indice-para-medir-infraestrutura-nos-estados\/\",\"url\":\"https:\/\/agenciainfra.com\/blog\/confea-lanca-indice-para-medir-infraestrutura-nos-estados\/\",\"name\":\"Confea lan\u00e7a \u00edndice para medir infraestrutura nos estados - Ag\u00eancia iNFRA\",\"isPartOf\":{\"@id\":\"https:\/\/agenciainfra.com\/blog\/#website\"},\"primaryImageOfPage\":{\"@id\":\"https:\/\/agenciainfra.com\/blog\/confea-lanca-indice-para-medir-infraestrutura-nos-estados\/#primaryimage\"},\"image\":{\"@id\":\"https:\/\/agenciainfra.com\/blog\/confea-lanca-indice-para-medir-infraestrutura-nos-estados\/#primaryimage\"},\"thumbnailUrl\":\"https:\/\/agenciainfra.com\/blog\/wp-content\/uploads\/2021\/05\/saneamento-estacao-guandu-foto-cedae.jpeg\",\"datePublished\":\"2026-03-16T22:26:07+00:00\",\"dateModified\":\"2026-03-16T22:26:09+00:00\",\"breadcrumb\":{\"@id\":\"https:\/\/agenciainfra.com\/blog\/confea-lanca-indice-para-medir-infraestrutura-nos-estados\/#breadcrumb\"},\"inLanguage\":\"pt-BR\",\"potentialAction\":[{\"@type\":\"ReadAction\",\"target\":[\"https:\/\/agenciainfra.com\/blog\/confea-lanca-indice-para-medir-infraestrutura-nos-estados\/\"]}]},{\"@type\":\"ImageObject\",\"inLanguage\":\"pt-BR\",\"@id\":\"https:\/\/agenciainfra.com\/blog\/confea-lanca-indice-para-medir-infraestrutura-nos-estados\/#primaryimage\",\"url\":\"https:\/\/agenciainfra.com\/blog\/wp-content\/uploads\/2021\/05\/saneamento-estacao-guandu-foto-cedae.jpeg\",\"contentUrl\":\"https:\/\/agenciainfra.com\/blog\/wp-content\/uploads\/2021\/05\/saneamento-estacao-guandu-foto-cedae.jpeg\",\"width\":1280,\"height\":853,\"caption\":\"Foto: Cedae\/Divulga\u00e7\u00e3o\"},{\"@type\":\"BreadcrumbList\",\"@id\":\"https:\/\/agenciainfra.com\/blog\/confea-lanca-indice-para-medir-infraestrutura-nos-estados\/#breadcrumb\",\"itemListElement\":[{\"@type\":\"ListItem\",\"position\":1,\"name\":\"In\u00edcio\",\"item\":\"https:\/\/agenciainfra.com\/blog\/\"},{\"@type\":\"ListItem\",\"position\":2,\"name\":\"Confea lan\u00e7a \u00edndice para medir infraestrutura nos estados\"}]},{\"@type\":\"WebSite\",\"@id\":\"https:\/\/agenciainfra.com\/blog\/#website\",\"url\":\"https:\/\/agenciainfra.com\/blog\/\",\"name\":\"Ag\u00eancia iNFRA\",\"description\":\"Multiplataforma de informa\u00e7\u00e3o jornal\u00edstica refer\u00eancia na \u00e1rea de infraestrutura no Brasil!\",\"publisher\":{\"@id\":\"https:\/\/agenciainfra.com\/blog\/#organization\"},\"potentialAction\":[{\"@type\":\"SearchAction\",\"target\":{\"@type\":\"EntryPoint\",\"urlTemplate\":\"https:\/\/agenciainfra.com\/blog\/?s={search_term_string}\"},\"query-input\":{\"@type\":\"PropertyValueSpecification\",\"valueRequired\":true,\"valueName\":\"search_term_string\"}}],\"inLanguage\":\"pt-BR\"},{\"@type\":\"Organization\",\"@id\":\"https:\/\/agenciainfra.com\/blog\/#organization\",\"name\":\"Ag\u00eancia iNFRA\",\"url\":\"https:\/\/agenciainfra.com\/blog\/\",\"logo\":{\"@type\":\"ImageObject\",\"inLanguage\":\"pt-BR\",\"@id\":\"https:\/\/agenciainfra.com\/blog\/#\/schema\/logo\/image\/\",\"url\":\"https:\/\/agenciainfra.com\/blog\/wp-content\/uploads\/2023\/09\/iNFRA_5-e1761735885940.png\",\"contentUrl\":\"https:\/\/agenciainfra.com\/blog\/wp-content\/uploads\/2023\/09\/iNFRA_5-e1761735885940.png\",\"width\":1672,\"height\":454,\"caption\":\"Ag\u00eancia iNFRA\"},\"image\":{\"@id\":\"https:\/\/agenciainfra.com\/blog\/#\/schema\/logo\/image\/\"},\"sameAs\":[\"https:\/\/www.facebook.com\/ageninfra\",\"https:\/\/x.com\/agencia_infra\",\"https:\/\/www.linkedin.com\/company\/ag\u00eanciainfra\/\",\"https:\/\/www.instagram.com\/agenciainfra\/\"]},{\"@type\":\"Person\",\"@id\":\"https:\/\/agenciainfra.com\/blog\/#\/schema\/person\/34af08dff6adea4cb22b06612ba7acfa\",\"name\":\"Ag\u00eancia iNFRA\",\"image\":{\"@type\":\"ImageObject\",\"inLanguage\":\"pt-BR\",\"@id\":\"https:\/\/agenciainfra.com\/blog\/#\/schema\/person\/image\/\",\"url\":\"https:\/\/secure.gravatar.com\/avatar\/d189e01678f06d8eb84d4e01f08eb848b3fffe3f8443818d3c356c66892f5be8?s=96&d=mm&r=g\",\"contentUrl\":\"https:\/\/secure.gravatar.com\/avatar\/d189e01678f06d8eb84d4e01f08eb848b3fffe3f8443818d3c356c66892f5be8?s=96&d=mm&r=g\",\"caption\":\"Ag\u00eancia iNFRA\"},\"url\":\"https:\/\/agenciainfra.com\/blog\/author\/admin\/\"}]}<\/script>\n<!-- \/ Yoast SEO Premium plugin. -->","yoast_head_json":{"title":"Confea lan\u00e7a \u00edndice para medir infraestrutura nos estados - Ag\u00eancia iNFRA","robots":{"index":"index","follow":"follow","max-snippet":"max-snippet:-1","max-image-preview":"max-image-preview:large","max-video-preview":"max-video-preview:-1"},"canonical":"https:\/\/agenciainfra.com\/blog\/confea-lanca-indice-para-medir-infraestrutura-nos-estados\/","og_locale":"pt_BR","og_type":"article","og_title":"Confea lan\u00e7a \u00edndice para medir infraestrutura nos estados","og_description":"da Ag\u00eancia iNFRA O Confea (Conselho Federal de Engenharia e Agronomia) lan\u00e7ou nesta segunda-feira (16) o Infra-BR, \u00edndice que avalia as condi\u00e7\u00f5es de infraestrutura nos 26 estados e no Distrito Federal a partir de 67 indicadores O levantamento atribui notas de 0 a 100 para cada unidade da federa\u00e7\u00e3o e analisa seis \u00e1reas: energia e [&hellip;]","og_url":"https:\/\/agenciainfra.com\/blog\/confea-lanca-indice-para-medir-infraestrutura-nos-estados\/","og_site_name":"Ag\u00eancia iNFRA","article_publisher":"https:\/\/www.facebook.com\/ageninfra","article_published_time":"2026-03-16T22:26:07+00:00","article_modified_time":"2026-03-16T22:26:09+00:00","og_image":[{"width":1280,"height":853,"url":"https:\/\/agenciainfra.com\/blog\/wp-content\/uploads\/2021\/05\/saneamento-estacao-guandu-foto-cedae.jpeg","type":"image\/jpeg"}],"author":"Ag\u00eancia iNFRA","twitter_card":"summary_large_image","twitter_creator":"@agencia_infra","twitter_site":"@agencia_infra","twitter_misc":{"Escrito por":"Ag\u00eancia iNFRA","Est. tempo de leitura":"1 minuto"},"schema":{"@context":"https:\/\/schema.org","@graph":[{"@type":"Article","@id":"https:\/\/agenciainfra.com\/blog\/confea-lanca-indice-para-medir-infraestrutura-nos-estados\/#article","isPartOf":{"@id":"https:\/\/agenciainfra.com\/blog\/confea-lanca-indice-para-medir-infraestrutura-nos-estados\/"},"author":{"name":"Ag\u00eancia iNFRA","@id":"https:\/\/agenciainfra.com\/blog\/#\/schema\/person\/34af08dff6adea4cb22b06612ba7acfa"},"headline":"Confea lan\u00e7a \u00edndice para medir infraestrutura nos estados","datePublished":"2026-03-16T22:26:07+00:00","dateModified":"2026-03-16T22:26:09+00:00","mainEntityOfPage":{"@id":"https:\/\/agenciainfra.com\/blog\/confea-lanca-indice-para-medir-infraestrutura-nos-estados\/"},"wordCount":218,"publisher":{"@id":"https:\/\/agenciainfra.com\/blog\/#organization"},"image":{"@id":"https:\/\/agenciainfra.com\/blog\/confea-lanca-indice-para-medir-infraestrutura-nos-estados\/#primaryimage"},"thumbnailUrl":"https:\/\/agenciainfra.com\/blog\/wp-content\/uploads\/2021\/05\/saneamento-estacao-guandu-foto-cedae.jpeg","keywords":["cidades","confea","DF","Engenharia","infra-br","Infraestrutura","saneamento"],"articleSection":["Giro iNFRA"],"inLanguage":"pt-BR","copyrightYear":"2026","copyrightHolder":{"@id":"https:\/\/agenciainfra.com\/blog\/#organization"}},{"@type":"WebPage","@id":"https:\/\/agenciainfra.com\/blog\/confea-lanca-indice-para-medir-infraestrutura-nos-estados\/","url":"https:\/\/agenciainfra.com\/blog\/confea-lanca-indice-para-medir-infraestrutura-nos-estados\/","name":"Confea lan\u00e7a \u00edndice para medir infraestrutura nos estados - Ag\u00eancia iNFRA","isPartOf":{"@id":"https:\/\/agenciainfra.com\/blog\/#website"},"primaryImageOfPage":{"@id":"https:\/\/agenciainfra.com\/blog\/confea-lanca-indice-para-medir-infraestrutura-nos-estados\/#primaryimage"},"image":{"@id":"https:\/\/agenciainfra.com\/blog\/confea-lanca-indice-para-medir-infraestrutura-nos-estados\/#primaryimage"},"thumbnailUrl":"https:\/\/agenciainfra.com\/blog\/wp-content\/uploads\/2021\/05\/saneamento-estacao-guandu-foto-cedae.jpeg","datePublished":"2026-03-16T22:26:07+00:00","dateModified":"2026-03-16T22:26:09+00:00","breadcrumb":{"@id":"https:\/\/agenciainfra.com\/blog\/confea-lanca-indice-para-medir-infraestrutura-nos-estados\/#breadcrumb"},"inLanguage":"pt-BR","potentialAction":[{"@type":"ReadAction","target":["https:\/\/agenciainfra.com\/blog\/confea-lanca-indice-para-medir-infraestrutura-nos-estados\/"]}]},{"@type":"ImageObject","inLanguage":"pt-BR","@id":"https:\/\/agenciainfra.com\/blog\/confea-lanca-indice-para-medir-infraestrutura-nos-estados\/#primaryimage","url":"https:\/\/agenciainfra.com\/blog\/wp-content\/uploads\/2021\/05\/saneamento-estacao-guandu-foto-cedae.jpeg","contentUrl":"https:\/\/agenciainfra.com\/blog\/wp-content\/uploads\/2021\/05\/saneamento-estacao-guandu-foto-cedae.jpeg","width":1280,"height":853,"caption":"Foto: Cedae\/Divulga\u00e7\u00e3o"},{"@type":"BreadcrumbList","@id":"https:\/\/agenciainfra.com\/blog\/confea-lanca-indice-para-medir-infraestrutura-nos-estados\/#breadcrumb","itemListElement":[{"@type":"ListItem","position":1,"name":"In\u00edcio","item":"https:\/\/agenciainfra.com\/blog\/"},{"@type":"ListItem","position":2,"name":"Confea lan\u00e7a \u00edndice para medir infraestrutura nos estados"}]},{"@type":"WebSite","@id":"https:\/\/agenciainfra.com\/blog\/#website","url":"https:\/\/agenciainfra.com\/blog\/","name":"Ag\u00eancia iNFRA","description":"Multiplataforma de informa\u00e7\u00e3o jornal\u00edstica refer\u00eancia na \u00e1rea de infraestrutura no Brasil!","publisher":{"@id":"https:\/\/agenciainfra.com\/blog\/#organization"},"potentialAction":[{"@type":"SearchAction","target":{"@type":"EntryPoint","urlTemplate":"https:\/\/agenciainfra.com\/blog\/?s={search_term_string}"},"query-input":{"@type":"PropertyValueSpecification","valueRequired":true,"valueName":"search_term_string"}}],"inLanguage":"pt-BR"},{"@type":"Organization","@id":"https:\/\/agenciainfra.com\/blog\/#organization","name":"Ag\u00eancia iNFRA","url":"https:\/\/agenciainfra.com\/blog\/","logo":{"@type":"ImageObject","inLanguage":"pt-BR","@id":"https:\/\/agenciainfra.com\/blog\/#\/schema\/logo\/image\/","url":"https:\/\/agenciainfra.com\/blog\/wp-content\/uploads\/2023\/09\/iNFRA_5-e1761735885940.png","contentUrl":"https:\/\/agenciainfra.com\/blog\/wp-content\/uploads\/2023\/09\/iNFRA_5-e1761735885940.png","width":1672,"height":454,"caption":"Ag\u00eancia iNFRA"},"image":{"@id":"https:\/\/agenciainfra.com\/blog\/#\/schema\/logo\/image\/"},"sameAs":["https:\/\/www.facebook.com\/ageninfra","https:\/\/x.com\/agencia_infra","https:\/\/www.linkedin.com\/company\/ag\u00eanciainfra\/","https:\/\/www.instagram.com\/agenciainfra\/"]},{"@type":"Person","@id":"https:\/\/agenciainfra.com\/blog\/#\/schema\/person\/34af08dff6adea4cb22b06612ba7acfa","name":"Ag\u00eancia iNFRA","image":{"@type":"ImageObject","inLanguage":"pt-BR","@id":"https:\/\/agenciainfra.com\/blog\/#\/schema\/person\/image\/","url":"https:\/\/secure.gravatar.com\/avatar\/d189e01678f06d8eb84d4e01f08eb848b3fffe3f8443818d3c356c66892f5be8?s=96&d=mm&r=g","contentUrl":"https:\/\/secure.gravatar.com\/avatar\/d189e01678f06d8eb84d4e01f08eb848b3fffe3f8443818d3c356c66892f5be8?s=96&d=mm&r=g","caption":"Ag\u00eancia iNFRA"},"url":"https:\/\/agenciainfra.com\/blog\/author\/admin\/"}]}},"_links":{"self":[{"href":"https:\/\/agenciainfra.com\/blog\/wp-json\/wp\/v2\/posts\/37936","targetHints":{"allow":["GET"]}}],"collection":[{"href":"https:\/\/agenciainfra.com\/blog\/wp-json\/wp\/v2\/posts"}],"about":[{"href":"https:\/\/agenciainfra.com\/blog\/wp-json\/wp\/v2\/types\/post"}],"author":[{"embeddable":true,"href":"https:\/\/agenciainfra.com\/blog\/wp-json\/wp\/v2\/users\/1"}],"replies":[{"embeddable":true,"href":"https:\/\/agenciainfra.com\/blog\/wp-json\/wp\/v2\/comments?post=37936"}],"version-history":[{"count":1,"href":"https:\/\/agenciainfra.com\/blog\/wp-json\/wp\/v2\/posts\/37936\/revisions"}],"predecessor-version":[{"id":37937,"href":"https:\/\/agenciainfra.com\/blog\/wp-json\/wp\/v2\/posts\/37936\/revisions\/37937"}],"wp:featuredmedia":[{"embeddable":true,"href":"https:\/\/agenciainfra.com\/blog\/wp-json\/wp\/v2\/media\/7317"}],"wp:attachment":[{"href":"https:\/\/agenciainfra.com\/blog\/wp-json\/wp\/v2\/media?parent=37936"}],"wp:term":[{"taxonomy":"category","embeddable":true,"href":"https:\/\/agenciainfra.com\/blog\/wp-json\/wp\/v2\/categories?post=37936"},{"taxonomy":"post_tag","embeddable":true,"href":"https:\/\/agenciainfra.com\/blog\/wp-json\/wp\/v2\/tags?post=37936"}],"curies":[{"name":"wp","href":"https:\/\/api.w.org\/{rel}","templated":true}]}}