{"id":37938,"date":"2026-03-16T20:26:00","date_gmt":"2026-03-16T23:26:00","guid":{"rendered":"https:\/\/agenciainfra.com\/blog\/?p=37938"},"modified":"2026-03-17T13:55:36","modified_gmt":"2026-03-17T16:55:36","slug":"tecnicos-do-tcu-veem-fragilidades-mas-recomendam-nao-adiar-lrcap","status":"publish","type":"post","link":"https:\/\/agenciainfra.com\/blog\/tecnicos-do-tcu-veem-fragilidades-mas-recomendam-nao-adiar-lrcap\/","title":{"rendered":"T\u00e9cnicos do TCU veem fragilidades, mas recomendam n\u00e3o adiar LRCAP"},"content":{"rendered":"\n<p class=\"has-text-align-right\"><strong>Marisa Wanzeller, Geraldo Campos Jr. e Lais Carregosa, da Ag\u00eancia iNFRA<\/strong><\/p>\n\n\n\n<figure class=\"wp-block-image aligncenter size-full is-resized\"><a href=\"https:\/\/agenciainfra.com\/blog\/assine-nossos-servicos\/\"><img fetchpriority=\"high\" decoding=\"async\" width=\"966\" height=\"117\" src=\"https:\/\/agenciainfra.com\/blog\/wp-content\/uploads\/2026\/01\/selo-assinantes-1.png\" alt=\"\" class=\"wp-image-35239\" style=\"width:400px\" srcset=\"https:\/\/agenciainfra.com\/blog\/wp-content\/uploads\/2026\/01\/selo-assinantes-1.png 966w, https:\/\/agenciainfra.com\/blog\/wp-content\/uploads\/2026\/01\/selo-assinantes-1-300x36.png 300w, https:\/\/agenciainfra.com\/blog\/wp-content\/uploads\/2026\/01\/selo-assinantes-1-768x93.png 768w\" sizes=\"(max-width: 966px) 100vw, 966px\" \/><\/a><\/figure>\n\n\n\n<p>A \u00e1rea t\u00e9cnica do TCU (Tribunal de Contas da Uni\u00e3o) recomendou que a an\u00e1lise das condi\u00e7\u00f5es econ\u00f4micas e da defini\u00e7\u00e3o dos pre\u00e7os-teto do LRCAP (Leil\u00e3o de Reserva de Capacidade na forma de Pot\u00eancia) seja realizada ap\u00f3s a conclus\u00e3o do certame. O <a href=\"https:\/\/agenciainfra.com\/blog\/wp-content\/uploads\/2026\/03\/TCU-LRCAP.pdf\">parecer<\/a> da auditoria especializada foi publicado nesta segunda-feira (16) e afirma que n\u00e3o seria conveniente tomar alguma medida imediata antes do leil\u00e3o.<\/p>\n\n\n\n<p>Na instru\u00e7\u00e3o t\u00e9cnica, a AudEl\u00e9trica (Unidade de Auditoria Especializada em Energia El\u00e9trica e Nuclear) afirma que foram identificadas \u201cfragilidades\u201d na metodologia da EPE (Empresa de Pesquisa Energ\u00e9tica) de defini\u00e7\u00e3o dos pre\u00e7os-teto. Assim, recomenda que o assunto seja tratado em outro processo em andamento na corte para evitar novos erros em leil\u00f5es futuros.<\/p>\n\n\n\n<p>Os t\u00e9cnicos apontam ainda que o MME (Minist\u00e9rio de Minas e Energia) optou por &#8220;financiar a malha de transporte de g\u00e1s por meio da tarifa de energia el\u00e9trica&#8221;, mas sem apresentar estudos, proje\u00e7\u00f5es ou estimativas que justificassem essa decis\u00e3o. O tema tamb\u00e9m deve ser aprofundado em outro processo.<\/p>\n\n\n\n<p>Mais cedo, na segunda (16), representantes da pasta se reuniram com o ministro relator, Jorge Oliveira, a fim de garantir a realiza\u00e7\u00e3o do certame. O LRCAP est\u00e1 marcado para quarta (18) e sexta (20).<\/p>\n\n\n\n<p>Fontes disseram que o di\u00e1logo foi &#8220;positivo&#8221;. Antes do encontro, o entendimento de parte do governo era de que a corte de contas precisaria deliberar o tema, possivelmente em sess\u00e3o extraordin\u00e1ria, antes do leil\u00e3o. Havia ainda a especula\u00e7\u00e3o de que o ministro Jorge Oliveira emitisse decis\u00e3o monocr\u00e1tica que pudesse travar a realiza\u00e7\u00e3o do certame.<\/p>\n","protected":false},"excerpt":{"rendered":"<p>Marisa Wanzeller, Geraldo Campos Jr. e Lais Carregosa, da Ag\u00eancia iNFRA A \u00e1rea t\u00e9cnica do TCU (Tribunal de Contas da Uni\u00e3o) recomendou que a an\u00e1lise das condi\u00e7\u00f5es econ\u00f4micas e da defini\u00e7\u00e3o dos pre\u00e7os-teto do LRCAP (Leil\u00e3o de Reserva de Capacidade na forma de Pot\u00eancia) seja realizada ap\u00f3s a conclus\u00e3o do certame. O parecer da auditoria [&hellip;]<\/p>\n","protected":false},"author":1,"featured_media":17914,"comment_status":"closed","ping_status":"closed","sticky":false,"template":"","format":"standard","meta":{"_monsterinsights_skip_tracking":false,"_monsterinsights_sitenote_active":false,"_monsterinsights_sitenote_note":"","_monsterinsights_sitenote_category":0,"footnotes":""},"categories":[7250,10],"tags":[7705,14128,11594,13132,12187,9822,7366,71,18792,18],"class_list":["post-37938","post","type-post","status-publish","format-standard","has-post-thumbnail","hentry","category-destaque-lista","category-infraenergia","tag-audeletrica","tag-epe-empresa-de-pesquisa-energetica-2","tag-geraldo-campos-jr","tag-lais-carregosa","tag-leilao-de-potencia","tag-lrcap","tag-marisa-wanzeller","tag-mme","tag-precos-teto-2","tag-tcu"],"yoast_head":"<!-- This site is optimized with the Yoast SEO Premium plugin v25.4 (Yoast SEO v26.0) - https:\/\/yoast.com\/wordpress\/plugins\/seo\/ -->\n<title>T\u00e9cnicos do TCU veem fragilidades, mas recomendam n\u00e3o adiar LRCAP - Ag\u00eancia iNFRA<\/title>\n<meta name=\"robots\" content=\"index, follow, max-snippet:-1, max-image-preview:large, max-video-preview:-1\" \/>\n<link rel=\"canonical\" href=\"https:\/\/agenciainfra.com\/blog\/tecnicos-do-tcu-veem-fragilidades-mas-recomendam-nao-adiar-lrcap\/\" \/>\n<meta property=\"og:locale\" content=\"pt_BR\" \/>\n<meta property=\"og:type\" content=\"article\" \/>\n<meta property=\"og:title\" content=\"T\u00e9cnicos do TCU veem fragilidades, mas recomendam n\u00e3o adiar LRCAP\" \/>\n<meta property=\"og:description\" content=\"Marisa Wanzeller, Geraldo Campos Jr. e Lais Carregosa, da Ag\u00eancia iNFRA A \u00e1rea t\u00e9cnica do TCU (Tribunal de Contas da Uni\u00e3o) recomendou que a an\u00e1lise das condi\u00e7\u00f5es econ\u00f4micas e da defini\u00e7\u00e3o dos pre\u00e7os-teto do LRCAP (Leil\u00e3o de Reserva de Capacidade na forma de Pot\u00eancia) seja realizada ap\u00f3s a conclus\u00e3o do certame. O parecer da auditoria [&hellip;]\" \/>\n<meta property=\"og:url\" content=\"https:\/\/agenciainfra.com\/blog\/tecnicos-do-tcu-veem-fragilidades-mas-recomendam-nao-adiar-lrcap\/\" \/>\n<meta property=\"og:site_name\" content=\"Ag\u00eancia iNFRA\" \/>\n<meta property=\"article:publisher\" content=\"https:\/\/www.facebook.com\/ageninfra\" \/>\n<meta property=\"article:published_time\" content=\"2026-03-16T23:26:00+00:00\" \/>\n<meta property=\"article:modified_time\" content=\"2026-03-17T16:55:36+00:00\" \/>\n<meta property=\"og:image\" content=\"https:\/\/agenciainfra.com\/blog\/wp-content\/uploads\/2024\/07\/predio-fachada-tcu-foto-agencia-senado-leopoldo-silva-2.jpg\" \/>\n\t<meta property=\"og:image:width\" content=\"1202\" \/>\n\t<meta property=\"og:image:height\" content=\"800\" \/>\n\t<meta property=\"og:image:type\" content=\"image\/jpeg\" \/>\n<meta name=\"author\" content=\"Ag\u00eancia iNFRA\" \/>\n<meta name=\"twitter:card\" content=\"summary_large_image\" \/>\n<meta name=\"twitter:creator\" content=\"@agencia_infra\" \/>\n<meta name=\"twitter:site\" content=\"@agencia_infra\" \/>\n<meta name=\"twitter:label1\" content=\"Escrito por\" \/>\n\t<meta name=\"twitter:data1\" content=\"Ag\u00eancia iNFRA\" \/>\n\t<meta name=\"twitter:label2\" content=\"Est. tempo de leitura\" \/>\n\t<meta name=\"twitter:data2\" content=\"1 minuto\" \/>\n<script type=\"application\/ld+json\" class=\"yoast-schema-graph\">{\"@context\":\"https:\/\/schema.org\",\"@graph\":[{\"@type\":\"Article\",\"@id\":\"https:\/\/agenciainfra.com\/blog\/tecnicos-do-tcu-veem-fragilidades-mas-recomendam-nao-adiar-lrcap\/#article\",\"isPartOf\":{\"@id\":\"https:\/\/agenciainfra.com\/blog\/tecnicos-do-tcu-veem-fragilidades-mas-recomendam-nao-adiar-lrcap\/\"},\"author\":{\"name\":\"Ag\u00eancia iNFRA\",\"@id\":\"https:\/\/agenciainfra.com\/blog\/#\/schema\/person\/34af08dff6adea4cb22b06612ba7acfa\"},\"headline\":\"T\u00e9cnicos do TCU veem fragilidades, mas recomendam n\u00e3o adiar LRCAP\",\"datePublished\":\"2026-03-16T23:26:00+00:00\",\"dateModified\":\"2026-03-17T16:55:36+00:00\",\"mainEntityOfPage\":{\"@id\":\"https:\/\/agenciainfra.com\/blog\/tecnicos-do-tcu-veem-fragilidades-mas-recomendam-nao-adiar-lrcap\/\"},\"wordCount\":308,\"publisher\":{\"@id\":\"https:\/\/agenciainfra.com\/blog\/#organization\"},\"image\":{\"@id\":\"https:\/\/agenciainfra.com\/blog\/tecnicos-do-tcu-veem-fragilidades-mas-recomendam-nao-adiar-lrcap\/#primaryimage\"},\"thumbnailUrl\":\"https:\/\/agenciainfra.com\/blog\/wp-content\/uploads\/2024\/07\/predio-fachada-tcu-foto-agencia-senado-leopoldo-silva-2.jpg\",\"keywords\":[\"AudEl\u00e9trica\",\"EPE (Empresa de Pesquisa Energ\u00e9tica)\",\"Geraldo Campos Jr.\",\"Lais Carregosa\",\"Leil\u00e3o de pot\u00eancia\",\"LRCAP\",\"Marisa Wanzeller\",\"MME\",\"pre\u00e7os-teto\",\"TCU\"],\"articleSection\":[\"Destaque lista\",\"iNFRAEnergia\"],\"inLanguage\":\"pt-BR\",\"copyrightYear\":\"2026\",\"copyrightHolder\":{\"@id\":\"https:\/\/agenciainfra.com\/blog\/#organization\"}},{\"@type\":\"WebPage\",\"@id\":\"https:\/\/agenciainfra.com\/blog\/tecnicos-do-tcu-veem-fragilidades-mas-recomendam-nao-adiar-lrcap\/\",\"url\":\"https:\/\/agenciainfra.com\/blog\/tecnicos-do-tcu-veem-fragilidades-mas-recomendam-nao-adiar-lrcap\/\",\"name\":\"T\u00e9cnicos do TCU veem fragilidades, mas recomendam n\u00e3o adiar LRCAP - Ag\u00eancia iNFRA\",\"isPartOf\":{\"@id\":\"https:\/\/agenciainfra.com\/blog\/#website\"},\"primaryImageOfPage\":{\"@id\":\"https:\/\/agenciainfra.com\/blog\/tecnicos-do-tcu-veem-fragilidades-mas-recomendam-nao-adiar-lrcap\/#primaryimage\"},\"image\":{\"@id\":\"https:\/\/agenciainfra.com\/blog\/tecnicos-do-tcu-veem-fragilidades-mas-recomendam-nao-adiar-lrcap\/#primaryimage\"},\"thumbnailUrl\":\"https:\/\/agenciainfra.com\/blog\/wp-content\/uploads\/2024\/07\/predio-fachada-tcu-foto-agencia-senado-leopoldo-silva-2.jpg\",\"datePublished\":\"2026-03-16T23:26:00+00:00\",\"dateModified\":\"2026-03-17T16:55:36+00:00\",\"breadcrumb\":{\"@id\":\"https:\/\/agenciainfra.com\/blog\/tecnicos-do-tcu-veem-fragilidades-mas-recomendam-nao-adiar-lrcap\/#breadcrumb\"},\"inLanguage\":\"pt-BR\",\"potentialAction\":[{\"@type\":\"ReadAction\",\"target\":[\"https:\/\/agenciainfra.com\/blog\/tecnicos-do-tcu-veem-fragilidades-mas-recomendam-nao-adiar-lrcap\/\"]}]},{\"@type\":\"ImageObject\",\"inLanguage\":\"pt-BR\",\"@id\":\"https:\/\/agenciainfra.com\/blog\/tecnicos-do-tcu-veem-fragilidades-mas-recomendam-nao-adiar-lrcap\/#primaryimage\",\"url\":\"https:\/\/agenciainfra.com\/blog\/wp-content\/uploads\/2024\/07\/predio-fachada-tcu-foto-agencia-senado-leopoldo-silva-2.jpg\",\"contentUrl\":\"https:\/\/agenciainfra.com\/blog\/wp-content\/uploads\/2024\/07\/predio-fachada-tcu-foto-agencia-senado-leopoldo-silva-2.jpg\",\"width\":1202,\"height\":800,\"caption\":\"Foto: Leopoldo Silva\/TCU\"},{\"@type\":\"BreadcrumbList\",\"@id\":\"https:\/\/agenciainfra.com\/blog\/tecnicos-do-tcu-veem-fragilidades-mas-recomendam-nao-adiar-lrcap\/#breadcrumb\",\"itemListElement\":[{\"@type\":\"ListItem\",\"position\":1,\"name\":\"In\u00edcio\",\"item\":\"https:\/\/agenciainfra.com\/blog\/\"},{\"@type\":\"ListItem\",\"position\":2,\"name\":\"T\u00e9cnicos do TCU veem fragilidades, mas recomendam n\u00e3o adiar LRCAP\"}]},{\"@type\":\"WebSite\",\"@id\":\"https:\/\/agenciainfra.com\/blog\/#website\",\"url\":\"https:\/\/agenciainfra.com\/blog\/\",\"name\":\"Ag\u00eancia iNFRA\",\"description\":\"Multiplataforma de informa\u00e7\u00e3o jornal\u00edstica refer\u00eancia na \u00e1rea de infraestrutura no Brasil!\",\"publisher\":{\"@id\":\"https:\/\/agenciainfra.com\/blog\/#organization\"},\"potentialAction\":[{\"@type\":\"SearchAction\",\"target\":{\"@type\":\"EntryPoint\",\"urlTemplate\":\"https:\/\/agenciainfra.com\/blog\/?s={search_term_string}\"},\"query-input\":{\"@type\":\"PropertyValueSpecification\",\"valueRequired\":true,\"valueName\":\"search_term_string\"}}],\"inLanguage\":\"pt-BR\"},{\"@type\":\"Organization\",\"@id\":\"https:\/\/agenciainfra.com\/blog\/#organization\",\"name\":\"Ag\u00eancia iNFRA\",\"url\":\"https:\/\/agenciainfra.com\/blog\/\",\"logo\":{\"@type\":\"ImageObject\",\"inLanguage\":\"pt-BR\",\"@id\":\"https:\/\/agenciainfra.com\/blog\/#\/schema\/logo\/image\/\",\"url\":\"https:\/\/agenciainfra.com\/blog\/wp-content\/uploads\/2023\/09\/iNFRA_5-e1761735885940.png\",\"contentUrl\":\"https:\/\/agenciainfra.com\/blog\/wp-content\/uploads\/2023\/09\/iNFRA_5-e1761735885940.png\",\"width\":1672,\"height\":454,\"caption\":\"Ag\u00eancia iNFRA\"},\"image\":{\"@id\":\"https:\/\/agenciainfra.com\/blog\/#\/schema\/logo\/image\/\"},\"sameAs\":[\"https:\/\/www.facebook.com\/ageninfra\",\"https:\/\/x.com\/agencia_infra\",\"https:\/\/www.linkedin.com\/company\/ag\u00eanciainfra\/\",\"https:\/\/www.instagram.com\/agenciainfra\/\"]},{\"@type\":\"Person\",\"@id\":\"https:\/\/agenciainfra.com\/blog\/#\/schema\/person\/34af08dff6adea4cb22b06612ba7acfa\",\"name\":\"Ag\u00eancia iNFRA\",\"image\":{\"@type\":\"ImageObject\",\"inLanguage\":\"pt-BR\",\"@id\":\"https:\/\/agenciainfra.com\/blog\/#\/schema\/person\/image\/\",\"url\":\"https:\/\/secure.gravatar.com\/avatar\/d189e01678f06d8eb84d4e01f08eb848b3fffe3f8443818d3c356c66892f5be8?s=96&d=mm&r=g\",\"contentUrl\":\"https:\/\/secure.gravatar.com\/avatar\/d189e01678f06d8eb84d4e01f08eb848b3fffe3f8443818d3c356c66892f5be8?s=96&d=mm&r=g\",\"caption\":\"Ag\u00eancia iNFRA\"},\"url\":\"https:\/\/agenciainfra.com\/blog\/author\/admin\/\"}]}<\/script>\n<!-- \/ Yoast SEO Premium plugin. -->","yoast_head_json":{"title":"T\u00e9cnicos do TCU veem fragilidades, mas recomendam n\u00e3o adiar LRCAP - Ag\u00eancia iNFRA","robots":{"index":"index","follow":"follow","max-snippet":"max-snippet:-1","max-image-preview":"max-image-preview:large","max-video-preview":"max-video-preview:-1"},"canonical":"https:\/\/agenciainfra.com\/blog\/tecnicos-do-tcu-veem-fragilidades-mas-recomendam-nao-adiar-lrcap\/","og_locale":"pt_BR","og_type":"article","og_title":"T\u00e9cnicos do TCU veem fragilidades, mas recomendam n\u00e3o adiar LRCAP","og_description":"Marisa Wanzeller, Geraldo Campos Jr. e Lais Carregosa, da Ag\u00eancia iNFRA A \u00e1rea t\u00e9cnica do TCU (Tribunal de Contas da Uni\u00e3o) recomendou que a an\u00e1lise das condi\u00e7\u00f5es econ\u00f4micas e da defini\u00e7\u00e3o dos pre\u00e7os-teto do LRCAP (Leil\u00e3o de Reserva de Capacidade na forma de Pot\u00eancia) seja realizada ap\u00f3s a conclus\u00e3o do certame. O parecer da auditoria [&hellip;]","og_url":"https:\/\/agenciainfra.com\/blog\/tecnicos-do-tcu-veem-fragilidades-mas-recomendam-nao-adiar-lrcap\/","og_site_name":"Ag\u00eancia iNFRA","article_publisher":"https:\/\/www.facebook.com\/ageninfra","article_published_time":"2026-03-16T23:26:00+00:00","article_modified_time":"2026-03-17T16:55:36+00:00","og_image":[{"width":1202,"height":800,"url":"https:\/\/agenciainfra.com\/blog\/wp-content\/uploads\/2024\/07\/predio-fachada-tcu-foto-agencia-senado-leopoldo-silva-2.jpg","type":"image\/jpeg"}],"author":"Ag\u00eancia iNFRA","twitter_card":"summary_large_image","twitter_creator":"@agencia_infra","twitter_site":"@agencia_infra","twitter_misc":{"Escrito por":"Ag\u00eancia iNFRA","Est. tempo de leitura":"1 minuto"},"schema":{"@context":"https:\/\/schema.org","@graph":[{"@type":"Article","@id":"https:\/\/agenciainfra.com\/blog\/tecnicos-do-tcu-veem-fragilidades-mas-recomendam-nao-adiar-lrcap\/#article","isPartOf":{"@id":"https:\/\/agenciainfra.com\/blog\/tecnicos-do-tcu-veem-fragilidades-mas-recomendam-nao-adiar-lrcap\/"},"author":{"name":"Ag\u00eancia iNFRA","@id":"https:\/\/agenciainfra.com\/blog\/#\/schema\/person\/34af08dff6adea4cb22b06612ba7acfa"},"headline":"T\u00e9cnicos do TCU veem fragilidades, mas recomendam n\u00e3o adiar LRCAP","datePublished":"2026-03-16T23:26:00+00:00","dateModified":"2026-03-17T16:55:36+00:00","mainEntityOfPage":{"@id":"https:\/\/agenciainfra.com\/blog\/tecnicos-do-tcu-veem-fragilidades-mas-recomendam-nao-adiar-lrcap\/"},"wordCount":308,"publisher":{"@id":"https:\/\/agenciainfra.com\/blog\/#organization"},"image":{"@id":"https:\/\/agenciainfra.com\/blog\/tecnicos-do-tcu-veem-fragilidades-mas-recomendam-nao-adiar-lrcap\/#primaryimage"},"thumbnailUrl":"https:\/\/agenciainfra.com\/blog\/wp-content\/uploads\/2024\/07\/predio-fachada-tcu-foto-agencia-senado-leopoldo-silva-2.jpg","keywords":["AudEl\u00e9trica","EPE (Empresa de Pesquisa Energ\u00e9tica)","Geraldo Campos Jr.","Lais Carregosa","Leil\u00e3o de pot\u00eancia","LRCAP","Marisa Wanzeller","MME","pre\u00e7os-teto","TCU"],"articleSection":["Destaque lista","iNFRAEnergia"],"inLanguage":"pt-BR","copyrightYear":"2026","copyrightHolder":{"@id":"https:\/\/agenciainfra.com\/blog\/#organization"}},{"@type":"WebPage","@id":"https:\/\/agenciainfra.com\/blog\/tecnicos-do-tcu-veem-fragilidades-mas-recomendam-nao-adiar-lrcap\/","url":"https:\/\/agenciainfra.com\/blog\/tecnicos-do-tcu-veem-fragilidades-mas-recomendam-nao-adiar-lrcap\/","name":"T\u00e9cnicos do TCU veem fragilidades, mas recomendam n\u00e3o adiar LRCAP - Ag\u00eancia iNFRA","isPartOf":{"@id":"https:\/\/agenciainfra.com\/blog\/#website"},"primaryImageOfPage":{"@id":"https:\/\/agenciainfra.com\/blog\/tecnicos-do-tcu-veem-fragilidades-mas-recomendam-nao-adiar-lrcap\/#primaryimage"},"image":{"@id":"https:\/\/agenciainfra.com\/blog\/tecnicos-do-tcu-veem-fragilidades-mas-recomendam-nao-adiar-lrcap\/#primaryimage"},"thumbnailUrl":"https:\/\/agenciainfra.com\/blog\/wp-content\/uploads\/2024\/07\/predio-fachada-tcu-foto-agencia-senado-leopoldo-silva-2.jpg","datePublished":"2026-03-16T23:26:00+00:00","dateModified":"2026-03-17T16:55:36+00:00","breadcrumb":{"@id":"https:\/\/agenciainfra.com\/blog\/tecnicos-do-tcu-veem-fragilidades-mas-recomendam-nao-adiar-lrcap\/#breadcrumb"},"inLanguage":"pt-BR","potentialAction":[{"@type":"ReadAction","target":["https:\/\/agenciainfra.com\/blog\/tecnicos-do-tcu-veem-fragilidades-mas-recomendam-nao-adiar-lrcap\/"]}]},{"@type":"ImageObject","inLanguage":"pt-BR","@id":"https:\/\/agenciainfra.com\/blog\/tecnicos-do-tcu-veem-fragilidades-mas-recomendam-nao-adiar-lrcap\/#primaryimage","url":"https:\/\/agenciainfra.com\/blog\/wp-content\/uploads\/2024\/07\/predio-fachada-tcu-foto-agencia-senado-leopoldo-silva-2.jpg","contentUrl":"https:\/\/agenciainfra.com\/blog\/wp-content\/uploads\/2024\/07\/predio-fachada-tcu-foto-agencia-senado-leopoldo-silva-2.jpg","width":1202,"height":800,"caption":"Foto: Leopoldo Silva\/TCU"},{"@type":"BreadcrumbList","@id":"https:\/\/agenciainfra.com\/blog\/tecnicos-do-tcu-veem-fragilidades-mas-recomendam-nao-adiar-lrcap\/#breadcrumb","itemListElement":[{"@type":"ListItem","position":1,"name":"In\u00edcio","item":"https:\/\/agenciainfra.com\/blog\/"},{"@type":"ListItem","position":2,"name":"T\u00e9cnicos do TCU veem fragilidades, mas recomendam n\u00e3o adiar LRCAP"}]},{"@type":"WebSite","@id":"https:\/\/agenciainfra.com\/blog\/#website","url":"https:\/\/agenciainfra.com\/blog\/","name":"Ag\u00eancia iNFRA","description":"Multiplataforma de informa\u00e7\u00e3o jornal\u00edstica refer\u00eancia na \u00e1rea de infraestrutura no Brasil!","publisher":{"@id":"https:\/\/agenciainfra.com\/blog\/#organization"},"potentialAction":[{"@type":"SearchAction","target":{"@type":"EntryPoint","urlTemplate":"https:\/\/agenciainfra.com\/blog\/?s={search_term_string}"},"query-input":{"@type":"PropertyValueSpecification","valueRequired":true,"valueName":"search_term_string"}}],"inLanguage":"pt-BR"},{"@type":"Organization","@id":"https:\/\/agenciainfra.com\/blog\/#organization","name":"Ag\u00eancia iNFRA","url":"https:\/\/agenciainfra.com\/blog\/","logo":{"@type":"ImageObject","inLanguage":"pt-BR","@id":"https:\/\/agenciainfra.com\/blog\/#\/schema\/logo\/image\/","url":"https:\/\/agenciainfra.com\/blog\/wp-content\/uploads\/2023\/09\/iNFRA_5-e1761735885940.png","contentUrl":"https:\/\/agenciainfra.com\/blog\/wp-content\/uploads\/2023\/09\/iNFRA_5-e1761735885940.png","width":1672,"height":454,"caption":"Ag\u00eancia iNFRA"},"image":{"@id":"https:\/\/agenciainfra.com\/blog\/#\/schema\/logo\/image\/"},"sameAs":["https:\/\/www.facebook.com\/ageninfra","https:\/\/x.com\/agencia_infra","https:\/\/www.linkedin.com\/company\/ag\u00eanciainfra\/","https:\/\/www.instagram.com\/agenciainfra\/"]},{"@type":"Person","@id":"https:\/\/agenciainfra.com\/blog\/#\/schema\/person\/34af08dff6adea4cb22b06612ba7acfa","name":"Ag\u00eancia iNFRA","image":{"@type":"ImageObject","inLanguage":"pt-BR","@id":"https:\/\/agenciainfra.com\/blog\/#\/schema\/person\/image\/","url":"https:\/\/secure.gravatar.com\/avatar\/d189e01678f06d8eb84d4e01f08eb848b3fffe3f8443818d3c356c66892f5be8?s=96&d=mm&r=g","contentUrl":"https:\/\/secure.gravatar.com\/avatar\/d189e01678f06d8eb84d4e01f08eb848b3fffe3f8443818d3c356c66892f5be8?s=96&d=mm&r=g","caption":"Ag\u00eancia iNFRA"},"url":"https:\/\/agenciainfra.com\/blog\/author\/admin\/"}]}},"_links":{"self":[{"href":"https:\/\/agenciainfra.com\/blog\/wp-json\/wp\/v2\/posts\/37938","targetHints":{"allow":["GET"]}}],"collection":[{"href":"https:\/\/agenciainfra.com\/blog\/wp-json\/wp\/v2\/posts"}],"about":[{"href":"https:\/\/agenciainfra.com\/blog\/wp-json\/wp\/v2\/types\/post"}],"author":[{"embeddable":true,"href":"https:\/\/agenciainfra.com\/blog\/wp-json\/wp\/v2\/users\/1"}],"replies":[{"embeddable":true,"href":"https:\/\/agenciainfra.com\/blog\/wp-json\/wp\/v2\/comments?post=37938"}],"version-history":[{"count":2,"href":"https:\/\/agenciainfra.com\/blog\/wp-json\/wp\/v2\/posts\/37938\/revisions"}],"predecessor-version":[{"id":37942,"href":"https:\/\/agenciainfra.com\/blog\/wp-json\/wp\/v2\/posts\/37938\/revisions\/37942"}],"wp:featuredmedia":[{"embeddable":true,"href":"https:\/\/agenciainfra.com\/blog\/wp-json\/wp\/v2\/media\/17914"}],"wp:attachment":[{"href":"https:\/\/agenciainfra.com\/blog\/wp-json\/wp\/v2\/media?parent=37938"}],"wp:term":[{"taxonomy":"category","embeddable":true,"href":"https:\/\/agenciainfra.com\/blog\/wp-json\/wp\/v2\/categories?post=37938"},{"taxonomy":"post_tag","embeddable":true,"href":"https:\/\/agenciainfra.com\/blog\/wp-json\/wp\/v2\/tags?post=37938"}],"curies":[{"name":"wp","href":"https:\/\/api.w.org\/{rel}","templated":true}]}}