{"id":37968,"date":"2026-03-17T13:27:45","date_gmt":"2026-03-17T16:27:45","guid":{"rendered":"https:\/\/agenciainfra.com\/blog\/?p=37968"},"modified":"2026-03-18T11:22:59","modified_gmt":"2026-03-18T14:22:59","slug":"sabesp-quer-antecipar-universalizacao-para-antes-de-2029","status":"publish","type":"post","link":"https:\/\/agenciainfra.com\/blog\/sabesp-quer-antecipar-universalizacao-para-antes-de-2029\/","title":{"rendered":"Sabesp quer antecipar universaliza\u00e7\u00e3o para antes de 2029"},"content":{"rendered":"\n<p class=\"has-text-align-right\"><strong>Beatriz Kawai, da Ag\u00eancia iNFRA<\/strong><\/p>\n\n\n\n<p>A Sabesp (Companhia de Saneamento B\u00e1sico do Estado de S\u00e3o Paulo) busca antecipar a universaliza\u00e7\u00e3o dos servi\u00e7os de \u00e1gua e esgoto para antes de 2029, o ano estabelecido como meta no processo de privatiza\u00e7\u00e3o da empresa paulista, disse a diretoria da companhia em teleconfer\u00eancia sobre os resultados do quarto trimestre de 2025, nesta ter\u00e7a-feira (17). O alvo atual j\u00e1 \u00e9 uma antecipa\u00e7\u00e3o do prazo legal para universaliza\u00e7\u00e3o das atividades, estabelecido em 2033.<\/p>\n\n\n\n<p>Em apresenta\u00e7\u00e3o ao mercado, a companhia n\u00e3o apontou desafios para executar os investimentos que devem traduzir em servi\u00e7os de \u00e1gua pot\u00e1vel a 99% da popula\u00e7\u00e3o e coleta e tratamento de esgoto a 90% dos paulistas \u2013 embora o setor venha indicando que a reforma tribut\u00e1ria e a implementa\u00e7\u00e3o da tarifa social sejam obst\u00e1culos para o atingimento dessas metas pelo pa\u00eds.<\/p>\n\n\n\n<p>Segundo o diretor-financeiro da Sabesp, Daniel Szlak, a companhia est\u00e1 adiantando o ciclo de investimento, com a possibilidade de implementar neste ano projetos que antes eram esperados somente para o futuro mais distante.<\/p>\n\n\n\n<p>Para 2026, esperam lan\u00e7ar 38 projetos, contra os 32 entregues em 2025. A inten\u00e7\u00e3o \u00e9 lan\u00e7ar a segunda fase do Integra Tiet\u00ea &#8211; para a despolui\u00e7\u00e3o do rio de mesmo nome &#8211; com Capex de R$ 8 bilh\u00f5es, e servi\u00e7o de resili\u00eancia de \u00e1gua, com R$ 2,4 bilh\u00f5es. As atividades incluem a constru\u00e7\u00e3o da interconex\u00e3o Billings-Taia\u00e7upeba, que liga a represa Billings, em S\u00e3o Bernardo do Campo, \u00e0 represa Taia\u00e7upeba, em Suzano.<\/p>\n\n\n\n<p>Ao longo do ano, ser\u00e3o investidos R$ 500 milh\u00f5es em obras de infraestrutura no litoral norte paulista e R$ 13 bilh\u00f5es em obras no interior do estado.<\/p>\n\n\n\n<p><strong>Fim de descontos a grandes usu\u00e1rios<br><\/strong>Ainda conforme Szlak, a companhia levantou R$ 450 milh\u00f5es em 2025 com a remo\u00e7\u00e3o de descontos para grandes usu\u00e1rios, clientes que consomem mais de 100 metros c\u00fabicos de saneamento por m\u00eas. A manobra deve se estender aos contratos vigentes este ano para somarem aos ganhos do ano anterior.<\/p>\n\n\n\n<p>Em 2024, com sua privatiza\u00e7\u00e3o, a Sabesp rescindiu centenas de \u201ccontratos de demanda firme\u201d, pelos quais a ent\u00e3o estatal tinha uma rela\u00e7\u00e3o comercial para abastecimento de grandes usu\u00e1rios, incluindo os descontos aplicados.<\/p>\n\n\n\n<p>Como mostrou a <strong>Ag\u00eancia iNFRA<\/strong>, o tratamento para grandes usu\u00e1rios da Sabesp est\u00e1 sendo discutido na Arsesp (Ag\u00eancia Reguladora de Servi\u00e7os P\u00fablicos do Estado de S\u00e3o Paulo), que finalizou nesta segunda-feira (16) consulta p\u00fablica sobre a nova proposta de regulamenta\u00e7\u00e3o para o assunto.<\/p>\n\n\n\n<p><strong>Interesse na Copasa<br><\/strong>Questionado sobre a privatiza\u00e7\u00e3o da Copasa (Companhia de Saneamento de Minas Gerais), o diretor-presidente da Sabesp, Carlos Piani, confirmou o interesse em participar da competi\u00e7\u00e3o \u2013 cujo leil\u00e3o ainda ser\u00e1 marcado pelo estado de Minas Gerais \u2013, mas destacou que a decis\u00e3o aguarda a publica\u00e7\u00e3o do edital.<\/p>\n\n\n\n<p>\u201cObviamente estamos interessados nessa oportunidade, mas tudo vai depender do edital e dos valores\u201d, disse Piani. \u201cQual ser\u00e1 o tipo de economia? Qual ser\u00e1 o atrativo em termos de rentabilidade?\u201d, questionou, acrescentando que o processo de concorr\u00eancia \u00e9 outro fator que pode impactar o interesse na corrida pelo controle da Copasa.<\/p>\n\n\n\n<p>Segundo Piani, o processo de desestatiza\u00e7\u00e3o da empresa mineira est\u00e1 no \u201cquintal\u201d da Sabesp, considerando que fazem \u201cbons investimentos em boas empresas\u201d. No ano passado, a Sabesp comprou o controle da Emae (Empresa Metropolitana de \u00c1guas e Energia) por R$ 1,1 bilh\u00e3o.<\/p>\n\n\n\n<p><\/p>\n","protected":false},"excerpt":{"rendered":"<p>Beatriz Kawai, da Ag\u00eancia iNFRA A Sabesp (Companhia de Saneamento B\u00e1sico do Estado de S\u00e3o Paulo) busca antecipar a universaliza\u00e7\u00e3o dos servi\u00e7os de \u00e1gua e esgoto para antes de 2029, o ano estabelecido como meta no processo de privatiza\u00e7\u00e3o da empresa paulista, disse a diretoria da companhia em teleconfer\u00eancia sobre os resultados do quarto trimestre [&hellip;]<\/p>\n","protected":false},"author":1,"featured_media":26481,"comment_status":"closed","ping_status":"closed","sticky":false,"template":"","format":"standard","meta":{"_monsterinsights_skip_tracking":false,"_monsterinsights_sitenote_active":false,"_monsterinsights_sitenote_note":"","_monsterinsights_sitenote_category":0,"footnotes":""},"categories":[7250,7827],"tags":[34,32,2216,179,2192],"class_list":["post-37968","post","type-post","status-publish","format-standard","has-post-thumbnail","hentry","category-destaque-lista","category-infrasaneamento","tag-infraestrutura","tag-investimentos","tag-sabesp","tag-saneamento","tag-universalizacao"],"yoast_head":"<!-- This site is optimized with the Yoast SEO Premium plugin v25.4 (Yoast SEO v26.0) - https:\/\/yoast.com\/wordpress\/plugins\/seo\/ -->\n<title>Sabesp quer antecipar universaliza\u00e7\u00e3o para antes de 2029 - Ag\u00eancia iNFRA<\/title>\n<meta name=\"robots\" content=\"index, follow, max-snippet:-1, max-image-preview:large, max-video-preview:-1\" \/>\n<link rel=\"canonical\" href=\"https:\/\/agenciainfra.com\/blog\/sabesp-quer-antecipar-universalizacao-para-antes-de-2029\/\" \/>\n<meta property=\"og:locale\" content=\"pt_BR\" \/>\n<meta property=\"og:type\" content=\"article\" \/>\n<meta property=\"og:title\" content=\"Sabesp quer antecipar universaliza\u00e7\u00e3o para antes de 2029\" \/>\n<meta property=\"og:description\" content=\"Beatriz Kawai, da Ag\u00eancia iNFRA A Sabesp (Companhia de Saneamento B\u00e1sico do Estado de S\u00e3o Paulo) busca antecipar a universaliza\u00e7\u00e3o dos servi\u00e7os de \u00e1gua e esgoto para antes de 2029, o ano estabelecido como meta no processo de privatiza\u00e7\u00e3o da empresa paulista, disse a diretoria da companhia em teleconfer\u00eancia sobre os resultados do quarto trimestre [&hellip;]\" \/>\n<meta property=\"og:url\" content=\"https:\/\/agenciainfra.com\/blog\/sabesp-quer-antecipar-universalizacao-para-antes-de-2029\/\" \/>\n<meta property=\"og:site_name\" content=\"Ag\u00eancia iNFRA\" \/>\n<meta property=\"article:publisher\" content=\"https:\/\/www.facebook.com\/ageninfra\" \/>\n<meta property=\"article:published_time\" content=\"2026-03-17T16:27:45+00:00\" \/>\n<meta property=\"article:modified_time\" content=\"2026-03-18T14:22:59+00:00\" \/>\n<meta property=\"og:image\" content=\"https:\/\/agenciainfra.com\/blog\/wp-content\/uploads\/2025\/08\/sabesp-foto-semil-gov-sp.jpeg\" \/>\n\t<meta property=\"og:image:width\" content=\"1280\" \/>\n\t<meta property=\"og:image:height\" content=\"960\" \/>\n\t<meta property=\"og:image:type\" content=\"image\/jpeg\" \/>\n<meta name=\"author\" content=\"Ag\u00eancia iNFRA\" \/>\n<meta name=\"twitter:card\" content=\"summary_large_image\" \/>\n<meta name=\"twitter:creator\" content=\"@agencia_infra\" \/>\n<meta name=\"twitter:site\" content=\"@agencia_infra\" \/>\n<meta name=\"twitter:label1\" content=\"Escrito por\" \/>\n\t<meta name=\"twitter:data1\" content=\"Ag\u00eancia iNFRA\" \/>\n\t<meta name=\"twitter:label2\" content=\"Est. tempo de leitura\" \/>\n\t<meta name=\"twitter:data2\" content=\"3 minutos\" \/>\n<script type=\"application\/ld+json\" class=\"yoast-schema-graph\">{\"@context\":\"https:\/\/schema.org\",\"@graph\":[{\"@type\":\"Article\",\"@id\":\"https:\/\/agenciainfra.com\/blog\/sabesp-quer-antecipar-universalizacao-para-antes-de-2029\/#article\",\"isPartOf\":{\"@id\":\"https:\/\/agenciainfra.com\/blog\/sabesp-quer-antecipar-universalizacao-para-antes-de-2029\/\"},\"author\":{\"name\":\"Ag\u00eancia iNFRA\",\"@id\":\"https:\/\/agenciainfra.com\/blog\/#\/schema\/person\/34af08dff6adea4cb22b06612ba7acfa\"},\"headline\":\"Sabesp quer antecipar universaliza\u00e7\u00e3o para antes de 2029\",\"datePublished\":\"2026-03-17T16:27:45+00:00\",\"dateModified\":\"2026-03-18T14:22:59+00:00\",\"mainEntityOfPage\":{\"@id\":\"https:\/\/agenciainfra.com\/blog\/sabesp-quer-antecipar-universalizacao-para-antes-de-2029\/\"},\"wordCount\":582,\"publisher\":{\"@id\":\"https:\/\/agenciainfra.com\/blog\/#organization\"},\"image\":{\"@id\":\"https:\/\/agenciainfra.com\/blog\/sabesp-quer-antecipar-universalizacao-para-antes-de-2029\/#primaryimage\"},\"thumbnailUrl\":\"https:\/\/agenciainfra.com\/blog\/wp-content\/uploads\/2025\/08\/sabesp-foto-semil-gov-sp.jpeg\",\"keywords\":[\"Infraestrutura\",\"Investimentos\",\"Sabesp\",\"saneamento\",\"universaliza\u00e7\u00e3o\"],\"articleSection\":[\"Destaque lista\",\"iNFRASaneamento\"],\"inLanguage\":\"pt-BR\",\"copyrightYear\":\"2026\",\"copyrightHolder\":{\"@id\":\"https:\/\/agenciainfra.com\/blog\/#organization\"}},{\"@type\":\"WebPage\",\"@id\":\"https:\/\/agenciainfra.com\/blog\/sabesp-quer-antecipar-universalizacao-para-antes-de-2029\/\",\"url\":\"https:\/\/agenciainfra.com\/blog\/sabesp-quer-antecipar-universalizacao-para-antes-de-2029\/\",\"name\":\"Sabesp quer antecipar universaliza\u00e7\u00e3o para antes de 2029 - Ag\u00eancia iNFRA\",\"isPartOf\":{\"@id\":\"https:\/\/agenciainfra.com\/blog\/#website\"},\"primaryImageOfPage\":{\"@id\":\"https:\/\/agenciainfra.com\/blog\/sabesp-quer-antecipar-universalizacao-para-antes-de-2029\/#primaryimage\"},\"image\":{\"@id\":\"https:\/\/agenciainfra.com\/blog\/sabesp-quer-antecipar-universalizacao-para-antes-de-2029\/#primaryimage\"},\"thumbnailUrl\":\"https:\/\/agenciainfra.com\/blog\/wp-content\/uploads\/2025\/08\/sabesp-foto-semil-gov-sp.jpeg\",\"datePublished\":\"2026-03-17T16:27:45+00:00\",\"dateModified\":\"2026-03-18T14:22:59+00:00\",\"breadcrumb\":{\"@id\":\"https:\/\/agenciainfra.com\/blog\/sabesp-quer-antecipar-universalizacao-para-antes-de-2029\/#breadcrumb\"},\"inLanguage\":\"pt-BR\",\"potentialAction\":[{\"@type\":\"ReadAction\",\"target\":[\"https:\/\/agenciainfra.com\/blog\/sabesp-quer-antecipar-universalizacao-para-antes-de-2029\/\"]}]},{\"@type\":\"ImageObject\",\"inLanguage\":\"pt-BR\",\"@id\":\"https:\/\/agenciainfra.com\/blog\/sabesp-quer-antecipar-universalizacao-para-antes-de-2029\/#primaryimage\",\"url\":\"https:\/\/agenciainfra.com\/blog\/wp-content\/uploads\/2025\/08\/sabesp-foto-semil-gov-sp.jpeg\",\"contentUrl\":\"https:\/\/agenciainfra.com\/blog\/wp-content\/uploads\/2025\/08\/sabesp-foto-semil-gov-sp.jpeg\",\"width\":1280,\"height\":960,\"caption\":\"Foto: Semil\/GovSP\"},{\"@type\":\"BreadcrumbList\",\"@id\":\"https:\/\/agenciainfra.com\/blog\/sabesp-quer-antecipar-universalizacao-para-antes-de-2029\/#breadcrumb\",\"itemListElement\":[{\"@type\":\"ListItem\",\"position\":1,\"name\":\"In\u00edcio\",\"item\":\"https:\/\/agenciainfra.com\/blog\/\"},{\"@type\":\"ListItem\",\"position\":2,\"name\":\"Sabesp quer antecipar universaliza\u00e7\u00e3o para antes de 2029\"}]},{\"@type\":\"WebSite\",\"@id\":\"https:\/\/agenciainfra.com\/blog\/#website\",\"url\":\"https:\/\/agenciainfra.com\/blog\/\",\"name\":\"Ag\u00eancia iNFRA\",\"description\":\"Multiplataforma de informa\u00e7\u00e3o jornal\u00edstica refer\u00eancia na \u00e1rea de infraestrutura no Brasil!\",\"publisher\":{\"@id\":\"https:\/\/agenciainfra.com\/blog\/#organization\"},\"potentialAction\":[{\"@type\":\"SearchAction\",\"target\":{\"@type\":\"EntryPoint\",\"urlTemplate\":\"https:\/\/agenciainfra.com\/blog\/?s={search_term_string}\"},\"query-input\":{\"@type\":\"PropertyValueSpecification\",\"valueRequired\":true,\"valueName\":\"search_term_string\"}}],\"inLanguage\":\"pt-BR\"},{\"@type\":\"Organization\",\"@id\":\"https:\/\/agenciainfra.com\/blog\/#organization\",\"name\":\"Ag\u00eancia iNFRA\",\"url\":\"https:\/\/agenciainfra.com\/blog\/\",\"logo\":{\"@type\":\"ImageObject\",\"inLanguage\":\"pt-BR\",\"@id\":\"https:\/\/agenciainfra.com\/blog\/#\/schema\/logo\/image\/\",\"url\":\"https:\/\/agenciainfra.com\/blog\/wp-content\/uploads\/2023\/09\/iNFRA_5-e1761735885940.png\",\"contentUrl\":\"https:\/\/agenciainfra.com\/blog\/wp-content\/uploads\/2023\/09\/iNFRA_5-e1761735885940.png\",\"width\":1672,\"height\":454,\"caption\":\"Ag\u00eancia iNFRA\"},\"image\":{\"@id\":\"https:\/\/agenciainfra.com\/blog\/#\/schema\/logo\/image\/\"},\"sameAs\":[\"https:\/\/www.facebook.com\/ageninfra\",\"https:\/\/x.com\/agencia_infra\",\"https:\/\/www.linkedin.com\/company\/ag\u00eanciainfra\/\",\"https:\/\/www.instagram.com\/agenciainfra\/\"]},{\"@type\":\"Person\",\"@id\":\"https:\/\/agenciainfra.com\/blog\/#\/schema\/person\/34af08dff6adea4cb22b06612ba7acfa\",\"name\":\"Ag\u00eancia iNFRA\",\"image\":{\"@type\":\"ImageObject\",\"inLanguage\":\"pt-BR\",\"@id\":\"https:\/\/agenciainfra.com\/blog\/#\/schema\/person\/image\/\",\"url\":\"https:\/\/secure.gravatar.com\/avatar\/d189e01678f06d8eb84d4e01f08eb848b3fffe3f8443818d3c356c66892f5be8?s=96&d=mm&r=g\",\"contentUrl\":\"https:\/\/secure.gravatar.com\/avatar\/d189e01678f06d8eb84d4e01f08eb848b3fffe3f8443818d3c356c66892f5be8?s=96&d=mm&r=g\",\"caption\":\"Ag\u00eancia iNFRA\"},\"url\":\"https:\/\/agenciainfra.com\/blog\/author\/admin\/\"}]}<\/script>\n<!-- \/ Yoast SEO Premium plugin. -->","yoast_head_json":{"title":"Sabesp quer antecipar universaliza\u00e7\u00e3o para antes de 2029 - Ag\u00eancia iNFRA","robots":{"index":"index","follow":"follow","max-snippet":"max-snippet:-1","max-image-preview":"max-image-preview:large","max-video-preview":"max-video-preview:-1"},"canonical":"https:\/\/agenciainfra.com\/blog\/sabesp-quer-antecipar-universalizacao-para-antes-de-2029\/","og_locale":"pt_BR","og_type":"article","og_title":"Sabesp quer antecipar universaliza\u00e7\u00e3o para antes de 2029","og_description":"Beatriz Kawai, da Ag\u00eancia iNFRA A Sabesp (Companhia de Saneamento B\u00e1sico do Estado de S\u00e3o Paulo) busca antecipar a universaliza\u00e7\u00e3o dos servi\u00e7os de \u00e1gua e esgoto para antes de 2029, o ano estabelecido como meta no processo de privatiza\u00e7\u00e3o da empresa paulista, disse a diretoria da companhia em teleconfer\u00eancia sobre os resultados do quarto trimestre [&hellip;]","og_url":"https:\/\/agenciainfra.com\/blog\/sabesp-quer-antecipar-universalizacao-para-antes-de-2029\/","og_site_name":"Ag\u00eancia iNFRA","article_publisher":"https:\/\/www.facebook.com\/ageninfra","article_published_time":"2026-03-17T16:27:45+00:00","article_modified_time":"2026-03-18T14:22:59+00:00","og_image":[{"width":1280,"height":960,"url":"https:\/\/agenciainfra.com\/blog\/wp-content\/uploads\/2025\/08\/sabesp-foto-semil-gov-sp.jpeg","type":"image\/jpeg"}],"author":"Ag\u00eancia iNFRA","twitter_card":"summary_large_image","twitter_creator":"@agencia_infra","twitter_site":"@agencia_infra","twitter_misc":{"Escrito por":"Ag\u00eancia iNFRA","Est. tempo de leitura":"3 minutos"},"schema":{"@context":"https:\/\/schema.org","@graph":[{"@type":"Article","@id":"https:\/\/agenciainfra.com\/blog\/sabesp-quer-antecipar-universalizacao-para-antes-de-2029\/#article","isPartOf":{"@id":"https:\/\/agenciainfra.com\/blog\/sabesp-quer-antecipar-universalizacao-para-antes-de-2029\/"},"author":{"name":"Ag\u00eancia iNFRA","@id":"https:\/\/agenciainfra.com\/blog\/#\/schema\/person\/34af08dff6adea4cb22b06612ba7acfa"},"headline":"Sabesp quer antecipar universaliza\u00e7\u00e3o para antes de 2029","datePublished":"2026-03-17T16:27:45+00:00","dateModified":"2026-03-18T14:22:59+00:00","mainEntityOfPage":{"@id":"https:\/\/agenciainfra.com\/blog\/sabesp-quer-antecipar-universalizacao-para-antes-de-2029\/"},"wordCount":582,"publisher":{"@id":"https:\/\/agenciainfra.com\/blog\/#organization"},"image":{"@id":"https:\/\/agenciainfra.com\/blog\/sabesp-quer-antecipar-universalizacao-para-antes-de-2029\/#primaryimage"},"thumbnailUrl":"https:\/\/agenciainfra.com\/blog\/wp-content\/uploads\/2025\/08\/sabesp-foto-semil-gov-sp.jpeg","keywords":["Infraestrutura","Investimentos","Sabesp","saneamento","universaliza\u00e7\u00e3o"],"articleSection":["Destaque lista","iNFRASaneamento"],"inLanguage":"pt-BR","copyrightYear":"2026","copyrightHolder":{"@id":"https:\/\/agenciainfra.com\/blog\/#organization"}},{"@type":"WebPage","@id":"https:\/\/agenciainfra.com\/blog\/sabesp-quer-antecipar-universalizacao-para-antes-de-2029\/","url":"https:\/\/agenciainfra.com\/blog\/sabesp-quer-antecipar-universalizacao-para-antes-de-2029\/","name":"Sabesp quer antecipar universaliza\u00e7\u00e3o para antes de 2029 - Ag\u00eancia iNFRA","isPartOf":{"@id":"https:\/\/agenciainfra.com\/blog\/#website"},"primaryImageOfPage":{"@id":"https:\/\/agenciainfra.com\/blog\/sabesp-quer-antecipar-universalizacao-para-antes-de-2029\/#primaryimage"},"image":{"@id":"https:\/\/agenciainfra.com\/blog\/sabesp-quer-antecipar-universalizacao-para-antes-de-2029\/#primaryimage"},"thumbnailUrl":"https:\/\/agenciainfra.com\/blog\/wp-content\/uploads\/2025\/08\/sabesp-foto-semil-gov-sp.jpeg","datePublished":"2026-03-17T16:27:45+00:00","dateModified":"2026-03-18T14:22:59+00:00","breadcrumb":{"@id":"https:\/\/agenciainfra.com\/blog\/sabesp-quer-antecipar-universalizacao-para-antes-de-2029\/#breadcrumb"},"inLanguage":"pt-BR","potentialAction":[{"@type":"ReadAction","target":["https:\/\/agenciainfra.com\/blog\/sabesp-quer-antecipar-universalizacao-para-antes-de-2029\/"]}]},{"@type":"ImageObject","inLanguage":"pt-BR","@id":"https:\/\/agenciainfra.com\/blog\/sabesp-quer-antecipar-universalizacao-para-antes-de-2029\/#primaryimage","url":"https:\/\/agenciainfra.com\/blog\/wp-content\/uploads\/2025\/08\/sabesp-foto-semil-gov-sp.jpeg","contentUrl":"https:\/\/agenciainfra.com\/blog\/wp-content\/uploads\/2025\/08\/sabesp-foto-semil-gov-sp.jpeg","width":1280,"height":960,"caption":"Foto: Semil\/GovSP"},{"@type":"BreadcrumbList","@id":"https:\/\/agenciainfra.com\/blog\/sabesp-quer-antecipar-universalizacao-para-antes-de-2029\/#breadcrumb","itemListElement":[{"@type":"ListItem","position":1,"name":"In\u00edcio","item":"https:\/\/agenciainfra.com\/blog\/"},{"@type":"ListItem","position":2,"name":"Sabesp quer antecipar universaliza\u00e7\u00e3o para antes de 2029"}]},{"@type":"WebSite","@id":"https:\/\/agenciainfra.com\/blog\/#website","url":"https:\/\/agenciainfra.com\/blog\/","name":"Ag\u00eancia iNFRA","description":"Multiplataforma de informa\u00e7\u00e3o jornal\u00edstica refer\u00eancia na \u00e1rea de infraestrutura no Brasil!","publisher":{"@id":"https:\/\/agenciainfra.com\/blog\/#organization"},"potentialAction":[{"@type":"SearchAction","target":{"@type":"EntryPoint","urlTemplate":"https:\/\/agenciainfra.com\/blog\/?s={search_term_string}"},"query-input":{"@type":"PropertyValueSpecification","valueRequired":true,"valueName":"search_term_string"}}],"inLanguage":"pt-BR"},{"@type":"Organization","@id":"https:\/\/agenciainfra.com\/blog\/#organization","name":"Ag\u00eancia iNFRA","url":"https:\/\/agenciainfra.com\/blog\/","logo":{"@type":"ImageObject","inLanguage":"pt-BR","@id":"https:\/\/agenciainfra.com\/blog\/#\/schema\/logo\/image\/","url":"https:\/\/agenciainfra.com\/blog\/wp-content\/uploads\/2023\/09\/iNFRA_5-e1761735885940.png","contentUrl":"https:\/\/agenciainfra.com\/blog\/wp-content\/uploads\/2023\/09\/iNFRA_5-e1761735885940.png","width":1672,"height":454,"caption":"Ag\u00eancia iNFRA"},"image":{"@id":"https:\/\/agenciainfra.com\/blog\/#\/schema\/logo\/image\/"},"sameAs":["https:\/\/www.facebook.com\/ageninfra","https:\/\/x.com\/agencia_infra","https:\/\/www.linkedin.com\/company\/ag\u00eanciainfra\/","https:\/\/www.instagram.com\/agenciainfra\/"]},{"@type":"Person","@id":"https:\/\/agenciainfra.com\/blog\/#\/schema\/person\/34af08dff6adea4cb22b06612ba7acfa","name":"Ag\u00eancia iNFRA","image":{"@type":"ImageObject","inLanguage":"pt-BR","@id":"https:\/\/agenciainfra.com\/blog\/#\/schema\/person\/image\/","url":"https:\/\/secure.gravatar.com\/avatar\/d189e01678f06d8eb84d4e01f08eb848b3fffe3f8443818d3c356c66892f5be8?s=96&d=mm&r=g","contentUrl":"https:\/\/secure.gravatar.com\/avatar\/d189e01678f06d8eb84d4e01f08eb848b3fffe3f8443818d3c356c66892f5be8?s=96&d=mm&r=g","caption":"Ag\u00eancia iNFRA"},"url":"https:\/\/agenciainfra.com\/blog\/author\/admin\/"}]}},"_links":{"self":[{"href":"https:\/\/agenciainfra.com\/blog\/wp-json\/wp\/v2\/posts\/37968","targetHints":{"allow":["GET"]}}],"collection":[{"href":"https:\/\/agenciainfra.com\/blog\/wp-json\/wp\/v2\/posts"}],"about":[{"href":"https:\/\/agenciainfra.com\/blog\/wp-json\/wp\/v2\/types\/post"}],"author":[{"embeddable":true,"href":"https:\/\/agenciainfra.com\/blog\/wp-json\/wp\/v2\/users\/1"}],"replies":[{"embeddable":true,"href":"https:\/\/agenciainfra.com\/blog\/wp-json\/wp\/v2\/comments?post=37968"}],"version-history":[{"count":1,"href":"https:\/\/agenciainfra.com\/blog\/wp-json\/wp\/v2\/posts\/37968\/revisions"}],"predecessor-version":[{"id":37972,"href":"https:\/\/agenciainfra.com\/blog\/wp-json\/wp\/v2\/posts\/37968\/revisions\/37972"}],"wp:featuredmedia":[{"embeddable":true,"href":"https:\/\/agenciainfra.com\/blog\/wp-json\/wp\/v2\/media\/26481"}],"wp:attachment":[{"href":"https:\/\/agenciainfra.com\/blog\/wp-json\/wp\/v2\/media?parent=37968"}],"wp:term":[{"taxonomy":"category","embeddable":true,"href":"https:\/\/agenciainfra.com\/blog\/wp-json\/wp\/v2\/categories?post=37968"},{"taxonomy":"post_tag","embeddable":true,"href":"https:\/\/agenciainfra.com\/blog\/wp-json\/wp\/v2\/tags?post=37968"}],"curies":[{"name":"wp","href":"https:\/\/api.w.org\/{rel}","templated":true}]}}