{"id":3797,"date":"2019-09-29T10:00:19","date_gmt":"2019-09-29T13:00:19","guid":{"rendered":"http:\/\/www.agenciainfra.com\/blog\/?p=3797"},"modified":"2019-09-27T13:10:59","modified_gmt":"2019-09-27T16:10:59","slug":"cafe-com-infra-cabotagem-governador-e-senador-confirmam-presencas","status":"publish","type":"post","link":"https:\/\/agenciainfra.com\/blog\/cafe-com-infra-cabotagem-governador-e-senador-confirmam-presencas\/","title":{"rendered":"Caf\u00e9 com iNFRA \u2013 Cabotagem: Governador e senador confirmam presen\u00e7as"},"content":{"rendered":"<h5 style=\"text-align: right;\"><strong>da Ag\u00eancia iNFRA<\/strong><\/h5>\n<div>\n<p>O\u00a0<strong>Caf\u00e9 com iNFRA &#8211; Cabotagem: Como o Brasil Vai Desenvolver a BR do Mar<\/strong>\u00a0ter\u00e1 a abertura do governador do Par\u00e1, Helder Barbalho. O governador vai apresentar em sua fala um panorama sobre o desenvolvimento do setor hidrovi\u00e1rio do estado e a import\u00e2ncia da navega\u00e7\u00e3o para o programa de desenvolvimento agroindustrial que o Par\u00e1 come\u00e7ou a implementar.<\/p>\n<p>Outro convidado para abertura \u00e9 o secret\u00e1rio-executivo do Minist\u00e9rio da Infraestrutura, Marcelo Sampaio. Na ter\u00e7a-feira (1\/10), data do encontro, Sampaio ser\u00e1 o ministro interino devido \u00e0 viagem do ministro Tarc\u00edsio de Freitas para a Espanha, onde ele vai apresentar o programa de concess\u00f5es para investidores internacionais.<\/p>\n<p>O senador Wellington Fagundes (PL-MT), presidente da mais importante frente parlamentar da \u00e1rea de infraestrutura no Congresso, a Frenlogi, far\u00e1 sua apresenta\u00e7\u00e3o no evento para falar sobre a import\u00e2ncia do setor para a redu\u00e7\u00e3o dos custos log\u00edsticos do pa\u00eds e contar como o Parlamento est\u00e1 trabalhando para receber o pacote de medidas que o governo pretende encaminhar.<\/p>\n<p>Quem tamb\u00e9m far\u00e1 a apresenta\u00e7\u00e3o sobre como o pacote est\u00e1 sendo desenvolvido \u00e9 o secret\u00e1rio nacional de Portos e Transportes Aquavi\u00e1rios, Diogo Piloni, que coordena os esfor\u00e7os do Minist\u00e9rio da Infraestrutura para a elabora\u00e7\u00e3o do pacote de medidas.<\/p>\n<p><strong>Mesas t\u00eam palestrantes confirmados<\/strong><br \/>\nA primeira mesa de debates do evento vai discutir o diagn\u00f3stico sobre a cabotagem no Brasil. Confirmaram presen\u00e7a o diretor-geral da ANTAQ (Ag\u00eancia Nacional de Transportes Aquavi\u00e1rios), M\u00e1rio Povia;\u00a0o secret\u00e1rio de Infraestrutura Portu\u00e1ria do TCU (Tribunal de Contas da Uni\u00e3o), Jairo Misson; e o consultor da CNA (Confedera\u00e7\u00e3o da Agricultura e Pecu\u00e1ria do Brasil), Luiz Fayet.\u00a0Osvaldo Agripino, doutor em Direito Regulat\u00f3rio e professor da UFSC e da Univale, vai mediar os debates.<\/p>\n<p>A outra mesa reunir\u00e1 o\u00a0diretor de Departamento de Navega\u00e7\u00e3o e Hidrovias do Minist\u00e9rio da Infraestrutura,\u00a0Dino\u00a0Antunes; o secret\u00e1rio de Advocacia da Concorr\u00eancia do Minist\u00e9rio da Economia, C\u00e9sar Mattos; o diretor da ABAC (Associa\u00e7\u00e3o Brasileira dos Armadores de Cabotagem), Cleber Lucas; e o secret\u00e1rio de Navega\u00e7\u00e3o da Usuport-RJ, Abrah\u00e3o Salom\u00e3o.<\/p>\n<p>Mediados pelo editor-chefe da\u00a0<strong>Ag\u00eancia iNFRA<\/strong>, o jornalista Dimmi Amora, eles v\u00e3o debater os principais pontos do pacote previsto pelo governo.\u00a0<strong>Caf\u00e9 com iNFRA &#8211; Cabotagem tem o apoio da Praticagem do Brasil e do Governo do Par\u00e1<\/strong>.<\/p>\n<\/div>\n","protected":false},"excerpt":{"rendered":"<p>da Ag\u00eancia iNFRA O\u00a0Caf\u00e9 com iNFRA &#8211; Cabotagem: Como o Brasil Vai Desenvolver a BR do Mar\u00a0ter\u00e1 a abertura do governador do Par\u00e1, Helder Barbalho. O governador vai apresentar em sua fala um panorama sobre o desenvolvimento do setor hidrovi\u00e1rio do estado e a import\u00e2ncia da navega\u00e7\u00e3o para o programa de desenvolvimento agroindustrial que o [&hellip;]<\/p>\n","protected":false},"author":9,"featured_media":3798,"comment_status":"closed","ping_status":"closed","sticky":false,"template":"","format":"standard","meta":{"_monsterinsights_skip_tracking":false,"_monsterinsights_sitenote_active":false,"_monsterinsights_sitenote_note":"","_monsterinsights_sitenote_category":0,"footnotes":""},"categories":[7],"tags":[1298,1245,407,1296,1297,1299,1145,811,1322,1294,1323,997,408,1295,15],"class_list":["post-3797","post","type-post","status-publish","format-standard","has-post-thumbnail","hentry","category-infratransporte","tag-abrahao-salomao","tag-br-do-mar","tag-cabotagem","tag-cesar-mattos","tag-cleber-lucas","tag-dimmi-amora","tag-dino-antunes","tag-diogo-piloni","tag-helder-barbalho","tag-jairo-misson","tag-luiz-fayet","tag-marcelo-sampaio","tag-mario-povia","tag-osvaldo-agripino","tag-wellington-fagundes"],"yoast_head":"<!-- This site is optimized with the Yoast SEO Premium plugin v25.4 (Yoast SEO v26.0) - https:\/\/yoast.com\/wordpress\/plugins\/seo\/ -->\n<title>Caf\u00e9 com iNFRA \u2013 Cabotagem: Governador e senador confirmam presen\u00e7as - Ag\u00eancia iNFRA<\/title>\n<meta name=\"robots\" content=\"index, follow, max-snippet:-1, max-image-preview:large, max-video-preview:-1\" \/>\n<link rel=\"canonical\" href=\"https:\/\/agenciainfra.com\/blog\/cafe-com-infra-cabotagem-governador-e-senador-confirmam-presencas\/\" \/>\n<meta property=\"og:locale\" content=\"pt_BR\" \/>\n<meta property=\"og:type\" content=\"article\" \/>\n<meta property=\"og:title\" content=\"Caf\u00e9 com iNFRA \u2013 Cabotagem: Governador e senador confirmam presen\u00e7as\" \/>\n<meta property=\"og:description\" content=\"da Ag\u00eancia iNFRA O\u00a0Caf\u00e9 com iNFRA &#8211; Cabotagem: Como o Brasil Vai Desenvolver a BR do Mar\u00a0ter\u00e1 a abertura do governador do Par\u00e1, Helder Barbalho. O governador vai apresentar em sua fala um panorama sobre o desenvolvimento do setor hidrovi\u00e1rio do estado e a import\u00e2ncia da navega\u00e7\u00e3o para o programa de desenvolvimento agroindustrial que o [&hellip;]\" \/>\n<meta property=\"og:url\" content=\"https:\/\/agenciainfra.com\/blog\/cafe-com-infra-cabotagem-governador-e-senador-confirmam-presencas\/\" \/>\n<meta property=\"og:site_name\" content=\"Ag\u00eancia iNFRA\" \/>\n<meta property=\"article:publisher\" content=\"https:\/\/www.facebook.com\/ageninfra\" \/>\n<meta property=\"article:published_time\" content=\"2019-09-29T13:00:19+00:00\" \/>\n<meta property=\"og:image\" content=\"https:\/\/agenciainfra.com\/blog\/wp-content\/uploads\/2019\/09\/helder-barbalho-foto-edilson-rodrigues-agencia-senado.jpg\" \/>\n\t<meta property=\"og:image:width\" content=\"1280\" \/>\n\t<meta property=\"og:image:height\" content=\"852\" \/>\n\t<meta property=\"og:image:type\" content=\"image\/jpeg\" \/>\n<meta name=\"author\" content=\"Rodrigo Zuquim\" \/>\n<meta name=\"twitter:card\" content=\"summary_large_image\" \/>\n<meta name=\"twitter:creator\" content=\"@agencia_infra\" \/>\n<meta name=\"twitter:site\" content=\"@agencia_infra\" \/>\n<meta name=\"twitter:label1\" content=\"Escrito por\" \/>\n\t<meta name=\"twitter:data1\" content=\"Rodrigo Zuquim\" \/>\n\t<meta name=\"twitter:label2\" content=\"Est. tempo de leitura\" \/>\n\t<meta name=\"twitter:data2\" content=\"2 minutos\" \/>\n<script type=\"application\/ld+json\" class=\"yoast-schema-graph\">{\"@context\":\"https:\/\/schema.org\",\"@graph\":[{\"@type\":\"Article\",\"@id\":\"https:\/\/agenciainfra.com\/blog\/cafe-com-infra-cabotagem-governador-e-senador-confirmam-presencas\/#article\",\"isPartOf\":{\"@id\":\"https:\/\/agenciainfra.com\/blog\/cafe-com-infra-cabotagem-governador-e-senador-confirmam-presencas\/\"},\"author\":{\"name\":\"Rodrigo Zuquim\",\"@id\":\"https:\/\/agenciainfra.com\/blog\/#\/schema\/person\/04dbb79bd6d8951f063da71f3e4c1eb1\"},\"headline\":\"Caf\u00e9 com iNFRA \u2013 Cabotagem: Governador e senador confirmam presen\u00e7as\",\"datePublished\":\"2019-09-29T13:00:19+00:00\",\"mainEntityOfPage\":{\"@id\":\"https:\/\/agenciainfra.com\/blog\/cafe-com-infra-cabotagem-governador-e-senador-confirmam-presencas\/\"},\"wordCount\":422,\"publisher\":{\"@id\":\"https:\/\/agenciainfra.com\/blog\/#organization\"},\"image\":{\"@id\":\"https:\/\/agenciainfra.com\/blog\/cafe-com-infra-cabotagem-governador-e-senador-confirmam-presencas\/#primaryimage\"},\"thumbnailUrl\":\"https:\/\/agenciainfra.com\/blog\/wp-content\/uploads\/2019\/09\/helder-barbalho-foto-edilson-rodrigues-agencia-senado.jpg\",\"keywords\":[\"Abrah\u00e3o Salom\u00e3o\",\"BR do Mar\",\"cabotagem\",\"C\u00e9sar Mattos\",\"Cleber Lucas\",\"Dimmi Amora\",\"Dino Antunes\",\"Diogo Piloni\",\"Helder Barbalho\",\"Jairo Misson\",\"Luiz Fayet\",\"Marcelo Sampaio\",\"M\u00e1rio Povia\",\"Osvaldo Agripino\",\"wellington fagundes\"],\"articleSection\":[\"iNFRATransporte\"],\"inLanguage\":\"pt-BR\",\"copyrightYear\":\"2019\",\"copyrightHolder\":{\"@id\":\"https:\/\/agenciainfra.com\/blog\/#organization\"}},{\"@type\":\"WebPage\",\"@id\":\"https:\/\/agenciainfra.com\/blog\/cafe-com-infra-cabotagem-governador-e-senador-confirmam-presencas\/\",\"url\":\"https:\/\/agenciainfra.com\/blog\/cafe-com-infra-cabotagem-governador-e-senador-confirmam-presencas\/\",\"name\":\"Caf\u00e9 com iNFRA \u2013 Cabotagem: Governador e senador confirmam presen\u00e7as - Ag\u00eancia iNFRA\",\"isPartOf\":{\"@id\":\"https:\/\/agenciainfra.com\/blog\/#website\"},\"primaryImageOfPage\":{\"@id\":\"https:\/\/agenciainfra.com\/blog\/cafe-com-infra-cabotagem-governador-e-senador-confirmam-presencas\/#primaryimage\"},\"image\":{\"@id\":\"https:\/\/agenciainfra.com\/blog\/cafe-com-infra-cabotagem-governador-e-senador-confirmam-presencas\/#primaryimage\"},\"thumbnailUrl\":\"https:\/\/agenciainfra.com\/blog\/wp-content\/uploads\/2019\/09\/helder-barbalho-foto-edilson-rodrigues-agencia-senado.jpg\",\"datePublished\":\"2019-09-29T13:00:19+00:00\",\"breadcrumb\":{\"@id\":\"https:\/\/agenciainfra.com\/blog\/cafe-com-infra-cabotagem-governador-e-senador-confirmam-presencas\/#breadcrumb\"},\"inLanguage\":\"pt-BR\",\"potentialAction\":[{\"@type\":\"ReadAction\",\"target\":[\"https:\/\/agenciainfra.com\/blog\/cafe-com-infra-cabotagem-governador-e-senador-confirmam-presencas\/\"]}]},{\"@type\":\"ImageObject\",\"inLanguage\":\"pt-BR\",\"@id\":\"https:\/\/agenciainfra.com\/blog\/cafe-com-infra-cabotagem-governador-e-senador-confirmam-presencas\/#primaryimage\",\"url\":\"https:\/\/agenciainfra.com\/blog\/wp-content\/uploads\/2019\/09\/helder-barbalho-foto-edilson-rodrigues-agencia-senado.jpg\",\"contentUrl\":\"https:\/\/agenciainfra.com\/blog\/wp-content\/uploads\/2019\/09\/helder-barbalho-foto-edilson-rodrigues-agencia-senado.jpg\",\"width\":1280,\"height\":852},{\"@type\":\"BreadcrumbList\",\"@id\":\"https:\/\/agenciainfra.com\/blog\/cafe-com-infra-cabotagem-governador-e-senador-confirmam-presencas\/#breadcrumb\",\"itemListElement\":[{\"@type\":\"ListItem\",\"position\":1,\"name\":\"In\u00edcio\",\"item\":\"https:\/\/agenciainfra.com\/blog\/\"},{\"@type\":\"ListItem\",\"position\":2,\"name\":\"Caf\u00e9 com iNFRA \u2013 Cabotagem: Governador e senador confirmam presen\u00e7as\"}]},{\"@type\":\"WebSite\",\"@id\":\"https:\/\/agenciainfra.com\/blog\/#website\",\"url\":\"https:\/\/agenciainfra.com\/blog\/\",\"name\":\"Ag\u00eancia iNFRA\",\"description\":\"Multiplataforma de informa\u00e7\u00e3o jornal\u00edstica refer\u00eancia na \u00e1rea de infraestrutura no Brasil!\",\"publisher\":{\"@id\":\"https:\/\/agenciainfra.com\/blog\/#organization\"},\"potentialAction\":[{\"@type\":\"SearchAction\",\"target\":{\"@type\":\"EntryPoint\",\"urlTemplate\":\"https:\/\/agenciainfra.com\/blog\/?s={search_term_string}\"},\"query-input\":{\"@type\":\"PropertyValueSpecification\",\"valueRequired\":true,\"valueName\":\"search_term_string\"}}],\"inLanguage\":\"pt-BR\"},{\"@type\":\"Organization\",\"@id\":\"https:\/\/agenciainfra.com\/blog\/#organization\",\"name\":\"Ag\u00eancia iNFRA\",\"url\":\"https:\/\/agenciainfra.com\/blog\/\",\"logo\":{\"@type\":\"ImageObject\",\"inLanguage\":\"pt-BR\",\"@id\":\"https:\/\/agenciainfra.com\/blog\/#\/schema\/logo\/image\/\",\"url\":\"https:\/\/agenciainfra.com\/blog\/wp-content\/uploads\/2023\/09\/iNFRA_5-e1761735885940.png\",\"contentUrl\":\"https:\/\/agenciainfra.com\/blog\/wp-content\/uploads\/2023\/09\/iNFRA_5-e1761735885940.png\",\"width\":1672,\"height\":454,\"caption\":\"Ag\u00eancia iNFRA\"},\"image\":{\"@id\":\"https:\/\/agenciainfra.com\/blog\/#\/schema\/logo\/image\/\"},\"sameAs\":[\"https:\/\/www.facebook.com\/ageninfra\",\"https:\/\/x.com\/agencia_infra\",\"https:\/\/www.linkedin.com\/company\/ag\u00eanciainfra\/\",\"https:\/\/www.instagram.com\/agenciainfra\/\"]},{\"@type\":\"Person\",\"@id\":\"https:\/\/agenciainfra.com\/blog\/#\/schema\/person\/04dbb79bd6d8951f063da71f3e4c1eb1\",\"name\":\"Rodrigo Zuquim\",\"image\":{\"@type\":\"ImageObject\",\"inLanguage\":\"pt-BR\",\"@id\":\"https:\/\/agenciainfra.com\/blog\/#\/schema\/person\/image\/\",\"url\":\"https:\/\/secure.gravatar.com\/avatar\/594abfe82761d620726242ff34ca472a705a4b97f16c790053a6b4c4035274d0?s=96&d=mm&r=g\",\"contentUrl\":\"https:\/\/secure.gravatar.com\/avatar\/594abfe82761d620726242ff34ca472a705a4b97f16c790053a6b4c4035274d0?s=96&d=mm&r=g\",\"caption\":\"Rodrigo Zuquim\"},\"url\":\"https:\/\/agenciainfra.com\/blog\/author\/rodrigo-zuquim\/\"}]}<\/script>\n<!-- \/ Yoast SEO Premium plugin. -->","yoast_head_json":{"title":"Caf\u00e9 com iNFRA \u2013 Cabotagem: Governador e senador confirmam presen\u00e7as - Ag\u00eancia iNFRA","robots":{"index":"index","follow":"follow","max-snippet":"max-snippet:-1","max-image-preview":"max-image-preview:large","max-video-preview":"max-video-preview:-1"},"canonical":"https:\/\/agenciainfra.com\/blog\/cafe-com-infra-cabotagem-governador-e-senador-confirmam-presencas\/","og_locale":"pt_BR","og_type":"article","og_title":"Caf\u00e9 com iNFRA \u2013 Cabotagem: Governador e senador confirmam presen\u00e7as","og_description":"da Ag\u00eancia iNFRA O\u00a0Caf\u00e9 com iNFRA &#8211; Cabotagem: Como o Brasil Vai Desenvolver a BR do Mar\u00a0ter\u00e1 a abertura do governador do Par\u00e1, Helder Barbalho. O governador vai apresentar em sua fala um panorama sobre o desenvolvimento do setor hidrovi\u00e1rio do estado e a import\u00e2ncia da navega\u00e7\u00e3o para o programa de desenvolvimento agroindustrial que o [&hellip;]","og_url":"https:\/\/agenciainfra.com\/blog\/cafe-com-infra-cabotagem-governador-e-senador-confirmam-presencas\/","og_site_name":"Ag\u00eancia iNFRA","article_publisher":"https:\/\/www.facebook.com\/ageninfra","article_published_time":"2019-09-29T13:00:19+00:00","og_image":[{"width":1280,"height":852,"url":"https:\/\/agenciainfra.com\/blog\/wp-content\/uploads\/2019\/09\/helder-barbalho-foto-edilson-rodrigues-agencia-senado.jpg","type":"image\/jpeg"}],"author":"Rodrigo Zuquim","twitter_card":"summary_large_image","twitter_creator":"@agencia_infra","twitter_site":"@agencia_infra","twitter_misc":{"Escrito por":"Rodrigo Zuquim","Est. tempo de leitura":"2 minutos"},"schema":{"@context":"https:\/\/schema.org","@graph":[{"@type":"Article","@id":"https:\/\/agenciainfra.com\/blog\/cafe-com-infra-cabotagem-governador-e-senador-confirmam-presencas\/#article","isPartOf":{"@id":"https:\/\/agenciainfra.com\/blog\/cafe-com-infra-cabotagem-governador-e-senador-confirmam-presencas\/"},"author":{"name":"Rodrigo Zuquim","@id":"https:\/\/agenciainfra.com\/blog\/#\/schema\/person\/04dbb79bd6d8951f063da71f3e4c1eb1"},"headline":"Caf\u00e9 com iNFRA \u2013 Cabotagem: Governador e senador confirmam presen\u00e7as","datePublished":"2019-09-29T13:00:19+00:00","mainEntityOfPage":{"@id":"https:\/\/agenciainfra.com\/blog\/cafe-com-infra-cabotagem-governador-e-senador-confirmam-presencas\/"},"wordCount":422,"publisher":{"@id":"https:\/\/agenciainfra.com\/blog\/#organization"},"image":{"@id":"https:\/\/agenciainfra.com\/blog\/cafe-com-infra-cabotagem-governador-e-senador-confirmam-presencas\/#primaryimage"},"thumbnailUrl":"https:\/\/agenciainfra.com\/blog\/wp-content\/uploads\/2019\/09\/helder-barbalho-foto-edilson-rodrigues-agencia-senado.jpg","keywords":["Abrah\u00e3o Salom\u00e3o","BR do Mar","cabotagem","C\u00e9sar Mattos","Cleber Lucas","Dimmi Amora","Dino Antunes","Diogo Piloni","Helder Barbalho","Jairo Misson","Luiz Fayet","Marcelo Sampaio","M\u00e1rio Povia","Osvaldo Agripino","wellington fagundes"],"articleSection":["iNFRATransporte"],"inLanguage":"pt-BR","copyrightYear":"2019","copyrightHolder":{"@id":"https:\/\/agenciainfra.com\/blog\/#organization"}},{"@type":"WebPage","@id":"https:\/\/agenciainfra.com\/blog\/cafe-com-infra-cabotagem-governador-e-senador-confirmam-presencas\/","url":"https:\/\/agenciainfra.com\/blog\/cafe-com-infra-cabotagem-governador-e-senador-confirmam-presencas\/","name":"Caf\u00e9 com iNFRA \u2013 Cabotagem: Governador e senador confirmam presen\u00e7as - Ag\u00eancia iNFRA","isPartOf":{"@id":"https:\/\/agenciainfra.com\/blog\/#website"},"primaryImageOfPage":{"@id":"https:\/\/agenciainfra.com\/blog\/cafe-com-infra-cabotagem-governador-e-senador-confirmam-presencas\/#primaryimage"},"image":{"@id":"https:\/\/agenciainfra.com\/blog\/cafe-com-infra-cabotagem-governador-e-senador-confirmam-presencas\/#primaryimage"},"thumbnailUrl":"https:\/\/agenciainfra.com\/blog\/wp-content\/uploads\/2019\/09\/helder-barbalho-foto-edilson-rodrigues-agencia-senado.jpg","datePublished":"2019-09-29T13:00:19+00:00","breadcrumb":{"@id":"https:\/\/agenciainfra.com\/blog\/cafe-com-infra-cabotagem-governador-e-senador-confirmam-presencas\/#breadcrumb"},"inLanguage":"pt-BR","potentialAction":[{"@type":"ReadAction","target":["https:\/\/agenciainfra.com\/blog\/cafe-com-infra-cabotagem-governador-e-senador-confirmam-presencas\/"]}]},{"@type":"ImageObject","inLanguage":"pt-BR","@id":"https:\/\/agenciainfra.com\/blog\/cafe-com-infra-cabotagem-governador-e-senador-confirmam-presencas\/#primaryimage","url":"https:\/\/agenciainfra.com\/blog\/wp-content\/uploads\/2019\/09\/helder-barbalho-foto-edilson-rodrigues-agencia-senado.jpg","contentUrl":"https:\/\/agenciainfra.com\/blog\/wp-content\/uploads\/2019\/09\/helder-barbalho-foto-edilson-rodrigues-agencia-senado.jpg","width":1280,"height":852},{"@type":"BreadcrumbList","@id":"https:\/\/agenciainfra.com\/blog\/cafe-com-infra-cabotagem-governador-e-senador-confirmam-presencas\/#breadcrumb","itemListElement":[{"@type":"ListItem","position":1,"name":"In\u00edcio","item":"https:\/\/agenciainfra.com\/blog\/"},{"@type":"ListItem","position":2,"name":"Caf\u00e9 com iNFRA \u2013 Cabotagem: Governador e senador confirmam presen\u00e7as"}]},{"@type":"WebSite","@id":"https:\/\/agenciainfra.com\/blog\/#website","url":"https:\/\/agenciainfra.com\/blog\/","name":"Ag\u00eancia iNFRA","description":"Multiplataforma de informa\u00e7\u00e3o jornal\u00edstica refer\u00eancia na \u00e1rea de infraestrutura no Brasil!","publisher":{"@id":"https:\/\/agenciainfra.com\/blog\/#organization"},"potentialAction":[{"@type":"SearchAction","target":{"@type":"EntryPoint","urlTemplate":"https:\/\/agenciainfra.com\/blog\/?s={search_term_string}"},"query-input":{"@type":"PropertyValueSpecification","valueRequired":true,"valueName":"search_term_string"}}],"inLanguage":"pt-BR"},{"@type":"Organization","@id":"https:\/\/agenciainfra.com\/blog\/#organization","name":"Ag\u00eancia iNFRA","url":"https:\/\/agenciainfra.com\/blog\/","logo":{"@type":"ImageObject","inLanguage":"pt-BR","@id":"https:\/\/agenciainfra.com\/blog\/#\/schema\/logo\/image\/","url":"https:\/\/agenciainfra.com\/blog\/wp-content\/uploads\/2023\/09\/iNFRA_5-e1761735885940.png","contentUrl":"https:\/\/agenciainfra.com\/blog\/wp-content\/uploads\/2023\/09\/iNFRA_5-e1761735885940.png","width":1672,"height":454,"caption":"Ag\u00eancia iNFRA"},"image":{"@id":"https:\/\/agenciainfra.com\/blog\/#\/schema\/logo\/image\/"},"sameAs":["https:\/\/www.facebook.com\/ageninfra","https:\/\/x.com\/agencia_infra","https:\/\/www.linkedin.com\/company\/ag\u00eanciainfra\/","https:\/\/www.instagram.com\/agenciainfra\/"]},{"@type":"Person","@id":"https:\/\/agenciainfra.com\/blog\/#\/schema\/person\/04dbb79bd6d8951f063da71f3e4c1eb1","name":"Rodrigo Zuquim","image":{"@type":"ImageObject","inLanguage":"pt-BR","@id":"https:\/\/agenciainfra.com\/blog\/#\/schema\/person\/image\/","url":"https:\/\/secure.gravatar.com\/avatar\/594abfe82761d620726242ff34ca472a705a4b97f16c790053a6b4c4035274d0?s=96&d=mm&r=g","contentUrl":"https:\/\/secure.gravatar.com\/avatar\/594abfe82761d620726242ff34ca472a705a4b97f16c790053a6b4c4035274d0?s=96&d=mm&r=g","caption":"Rodrigo Zuquim"},"url":"https:\/\/agenciainfra.com\/blog\/author\/rodrigo-zuquim\/"}]}},"_links":{"self":[{"href":"https:\/\/agenciainfra.com\/blog\/wp-json\/wp\/v2\/posts\/3797","targetHints":{"allow":["GET"]}}],"collection":[{"href":"https:\/\/agenciainfra.com\/blog\/wp-json\/wp\/v2\/posts"}],"about":[{"href":"https:\/\/agenciainfra.com\/blog\/wp-json\/wp\/v2\/types\/post"}],"author":[{"embeddable":true,"href":"https:\/\/agenciainfra.com\/blog\/wp-json\/wp\/v2\/users\/9"}],"replies":[{"embeddable":true,"href":"https:\/\/agenciainfra.com\/blog\/wp-json\/wp\/v2\/comments?post=3797"}],"version-history":[{"count":0,"href":"https:\/\/agenciainfra.com\/blog\/wp-json\/wp\/v2\/posts\/3797\/revisions"}],"wp:featuredmedia":[{"embeddable":true,"href":"https:\/\/agenciainfra.com\/blog\/wp-json\/wp\/v2\/media\/3798"}],"wp:attachment":[{"href":"https:\/\/agenciainfra.com\/blog\/wp-json\/wp\/v2\/media?parent=3797"}],"wp:term":[{"taxonomy":"category","embeddable":true,"href":"https:\/\/agenciainfra.com\/blog\/wp-json\/wp\/v2\/categories?post=3797"},{"taxonomy":"post_tag","embeddable":true,"href":"https:\/\/agenciainfra.com\/blog\/wp-json\/wp\/v2\/tags?post=3797"}],"curies":[{"name":"wp","href":"https:\/\/api.w.org\/{rel}","templated":true}]}}