{"id":3840,"date":"2019-10-03T13:30:11","date_gmt":"2019-10-03T16:30:11","guid":{"rendered":"http:\/\/www.agenciainfra.com\/blog\/?p=3840"},"modified":"2019-10-03T13:20:46","modified_gmt":"2019-10-03T16:20:46","slug":"cafe-com-infra-publico-lota-evento-que-debateu-incentivo-a-cabotagem-no-brasil","status":"publish","type":"post","link":"https:\/\/agenciainfra.com\/blog\/cafe-com-infra-publico-lota-evento-que-debateu-incentivo-a-cabotagem-no-brasil\/","title":{"rendered":"Caf\u00e9 com iNFRA: P\u00fablico lota evento que debateu incentivo \u00e0 cabotagem no Brasil"},"content":{"rendered":"<p dir=\"ltr\">A <strong>Ag\u00eancia iNFRA<\/strong>, em parceria com a Praticagem do Brasil e o Governo do Par\u00e1, promoveu, na \u00faltima ter\u00e7a-feira (1\u00ba), em Bras\u00edlia, o evento Caf\u00e9 com iNFRA \u2013 Cabotagem: Como o Brasil vai desenvolver a BR do Mar. Convidados dos setores p\u00fablico e privado debateram o pacote em elabora\u00e7\u00e3o pelo governo federal para o desenvolvimento da cabotagem no pa\u00eds.<\/p>\n<p dir=\"ltr\">O interesse pelo tema levou um p\u00fablico seleto a lotar o evento. Leia a cobertura completa da primeira edi\u00e7\u00e3o do Caf\u00e9 com iNFRA:<\/p>\n<p dir=\"ltr\"><a href=\"http:\/\/www.agenciainfra.com\/blog\/br-do-mar-pacote-para-cabotagem-e-apontado-como-solucao-para-o-crescimento-mas-tem-impasse\/\" target=\"_blank\" rel=\"noopener noreferrer\" data-saferedirecturl=\"https:\/\/www.google.com\/url?q=http:\/\/www.agenciainfra.com\/blog\/br-do-mar-pacote-para-cabotagem-e-apontado-como-solucao-para-o-crescimento-mas-tem-impasse\/&amp;source=gmail&amp;ust=1570205747284000&amp;usg=AFQjCNFPmnZ9IpZDYqcd4JqFAizJMKWfYA\">BR do Mar: Pacote para cabotagem \u00e9 apontado como solu\u00e7\u00e3o para o crescimento, mas tem impasse<\/a><\/p>\n<p dir=\"ltr\"><a href=\"http:\/\/www.agenciainfra.com\/blog\/governador-do-para-defende-que-estados-revejam-icms-para-combustivel-de-navegacao\/\" target=\"_blank\" rel=\"noopener noreferrer\" data-saferedirecturl=\"https:\/\/www.google.com\/url?q=http:\/\/www.agenciainfra.com\/blog\/governador-do-para-defende-que-estados-revejam-icms-para-combustivel-de-navegacao\/&amp;source=gmail&amp;ust=1570205747284000&amp;usg=AFQjCNEXwWEqaRyOxcS3MlY9IVj1Q9aTWA\">Governador do Par\u00e1 defende que Estados revejam ICMS para combust\u00edvel de navega\u00e7\u00e3o<\/a><\/p>\n<p dir=\"ltr\"><a href=\"http:\/\/www.agenciainfra.com\/blog\/para-senador-pacote-precisara-de-defesa-do-empresariado-junto-ao-parlamento\/\" target=\"_blank\" rel=\"noopener noreferrer\" data-saferedirecturl=\"https:\/\/www.google.com\/url?q=http:\/\/www.agenciainfra.com\/blog\/para-senador-pacote-precisara-de-defesa-do-empresariado-junto-ao-parlamento\/&amp;source=gmail&amp;ust=1570205747284000&amp;usg=AFQjCNEe8AZ2wAmzaqf0SUJcbB-P5fmooA\">Para senador, pacote precisar\u00e1 de defesa do empresariado junto ao Parlamento<\/a><\/p>\n<p dir=\"ltr\"><a href=\"http:\/\/www.agenciainfra.com\/blog\/contestando-mercado-fechado-diretor-da-antaq-diz-que-cabotagem-precisa-de-fomento-ao-setor\/\" target=\"_blank\" rel=\"noopener noreferrer\" data-saferedirecturl=\"https:\/\/www.google.com\/url?q=http:\/\/www.agenciainfra.com\/blog\/contestando-mercado-fechado-diretor-da-antaq-diz-que-cabotagem-precisa-de-fomento-ao-setor\/&amp;source=gmail&amp;ust=1570205747284000&amp;usg=AFQjCNEysiMCdkXWouZwF9Y-8FvmAFDSyA\">Contestando mercado fechado, diretor da ANTAQ diz que cabotagem precisa de fomento ao setor<\/a><\/p>\n<p dir=\"ltr\"><a href=\"http:\/\/www.agenciainfra.com\/blog\/em-auditoria-tribunal-de-contas-da-uniao-apontou-concentracao\/\" target=\"_blank\" rel=\"noopener noreferrer\" data-saferedirecturl=\"https:\/\/www.google.com\/url?q=http:\/\/www.agenciainfra.com\/blog\/em-auditoria-tribunal-de-contas-da-uniao-apontou-concentracao\/&amp;source=gmail&amp;ust=1570205747284000&amp;usg=AFQjCNEoF031lMEYUFFzrQwf4b4wI4aU6A\">Em auditoria, TCU apontou concentra\u00e7\u00e3o<\/a><\/p>\n<p dir=\"ltr\"><a href=\"http:\/\/www.agenciainfra.com\/blog\/ministerio-da-infraestrutura-diz-que-vai-cuidar-de-forma-separada-de-diferentes-tipos-de-cabotagem\/\" target=\"_blank\" rel=\"noopener noreferrer\" data-saferedirecturl=\"https:\/\/www.google.com\/url?q=http:\/\/www.agenciainfra.com\/blog\/ministerio-da-infraestrutura-diz-que-vai-cuidar-de-forma-separada-de-diferentes-tipos-de-cabotagem\/&amp;source=gmail&amp;ust=1570205747284000&amp;usg=AFQjCNF4G_EKVKoU2v3EEODa0KsL9DKQEg\">Minist\u00e9rio da Infraestrutura diz que vai cuidar de forma separada de diferentes tipos de cabotagem<\/a><\/p>\n<p dir=\"ltr\"><a href=\"http:\/\/www.agenciainfra.com\/blog\/economia-protecao-nacional-nao-e-politica-adequada-para-garantir-regularidade\/\" target=\"_blank\" rel=\"noopener noreferrer\" data-saferedirecturl=\"https:\/\/www.google.com\/url?q=http:\/\/www.agenciainfra.com\/blog\/economia-protecao-nacional-nao-e-politica-adequada-para-garantir-regularidade\/&amp;source=gmail&amp;ust=1570205747284000&amp;usg=AFQjCNEF_v_HkRWk4NYE77Tf3U6vp0eS1w\">Economia: Prote\u00e7\u00e3o nacional n\u00e3o \u00e9 pol\u00edtica adequada para garantir regularidade<\/a><\/p>\n","protected":false},"excerpt":{"rendered":"<p>A Ag\u00eancia iNFRA, em parceria com a Praticagem do Brasil e o Governo do Par\u00e1, promoveu, na \u00faltima ter\u00e7a-feira (1\u00ba), em Bras\u00edlia, o evento Caf\u00e9 com iNFRA \u2013 Cabotagem: Como o Brasil vai desenvolver a BR do Mar. Convidados dos setores p\u00fablico e privado debateram o pacote em elabora\u00e7\u00e3o pelo governo federal para o desenvolvimento [&hellip;]<\/p>\n","protected":false},"author":9,"featured_media":3841,"comment_status":"closed","ping_status":"closed","sticky":false,"template":"","format":"standard","meta":{"_monsterinsights_skip_tracking":false,"_monsterinsights_sitenote_active":false,"_monsterinsights_sitenote_note":"","_monsterinsights_sitenote_category":0,"footnotes":""},"categories":[7],"tags":[86,1245,407,1282,1327,766,775,1281,18],"class_list":["post-3840","post","type-post","status-publish","format-standard","has-post-thumbnail","hentry","category-infratransporte","tag-antaq","tag-br-do-mar","tag-cabotagem","tag-cafe-com-infra","tag-governo-do-para","tag-ministerio-da-economia","tag-ministerio-da-infraestrutura","tag-praticagem-do-brasil","tag-tcu"],"yoast_head":"<!-- This site is optimized with the Yoast SEO Premium plugin v25.4 (Yoast SEO v26.0) - https:\/\/yoast.com\/wordpress\/plugins\/seo\/ -->\n<title>Caf\u00e9 com iNFRA: P\u00fablico lota evento que debateu incentivo \u00e0 cabotagem no Brasil - Ag\u00eancia iNFRA<\/title>\n<meta name=\"robots\" content=\"index, follow, max-snippet:-1, max-image-preview:large, max-video-preview:-1\" \/>\n<link rel=\"canonical\" href=\"https:\/\/agenciainfra.com\/blog\/cafe-com-infra-publico-lota-evento-que-debateu-incentivo-a-cabotagem-no-brasil\/\" \/>\n<meta property=\"og:locale\" content=\"pt_BR\" \/>\n<meta property=\"og:type\" content=\"article\" \/>\n<meta property=\"og:title\" content=\"Caf\u00e9 com iNFRA: P\u00fablico lota evento que debateu incentivo \u00e0 cabotagem no Brasil\" \/>\n<meta property=\"og:description\" content=\"A Ag\u00eancia iNFRA, em parceria com a Praticagem do Brasil e o Governo do Par\u00e1, promoveu, na \u00faltima ter\u00e7a-feira (1\u00ba), em Bras\u00edlia, o evento Caf\u00e9 com iNFRA \u2013 Cabotagem: Como o Brasil vai desenvolver a BR do Mar. Convidados dos setores p\u00fablico e privado debateram o pacote em elabora\u00e7\u00e3o pelo governo federal para o desenvolvimento [&hellip;]\" \/>\n<meta property=\"og:url\" content=\"https:\/\/agenciainfra.com\/blog\/cafe-com-infra-publico-lota-evento-que-debateu-incentivo-a-cabotagem-no-brasil\/\" \/>\n<meta property=\"og:site_name\" content=\"Ag\u00eancia iNFRA\" \/>\n<meta property=\"article:publisher\" content=\"https:\/\/www.facebook.com\/ageninfra\" \/>\n<meta property=\"article:published_time\" content=\"2019-10-03T16:30:11+00:00\" \/>\n<meta property=\"og:image\" content=\"https:\/\/agenciainfra.com\/blog\/wp-content\/uploads\/2019\/10\/mesa-debate-cabotagem-andre-coelho-infra.jpeg\" \/>\n\t<meta property=\"og:image:width\" content=\"1280\" \/>\n\t<meta property=\"og:image:height\" content=\"747\" \/>\n\t<meta property=\"og:image:type\" content=\"image\/jpeg\" \/>\n<meta name=\"author\" content=\"Rodrigo Zuquim\" \/>\n<meta name=\"twitter:card\" content=\"summary_large_image\" \/>\n<meta name=\"twitter:creator\" content=\"@agencia_infra\" \/>\n<meta name=\"twitter:site\" content=\"@agencia_infra\" \/>\n<meta name=\"twitter:label1\" content=\"Escrito por\" \/>\n\t<meta name=\"twitter:data1\" content=\"Rodrigo Zuquim\" \/>\n\t<meta name=\"twitter:label2\" content=\"Est. tempo de leitura\" \/>\n\t<meta name=\"twitter:data2\" content=\"1 minuto\" \/>\n<script type=\"application\/ld+json\" class=\"yoast-schema-graph\">{\"@context\":\"https:\/\/schema.org\",\"@graph\":[{\"@type\":\"Article\",\"@id\":\"https:\/\/agenciainfra.com\/blog\/cafe-com-infra-publico-lota-evento-que-debateu-incentivo-a-cabotagem-no-brasil\/#article\",\"isPartOf\":{\"@id\":\"https:\/\/agenciainfra.com\/blog\/cafe-com-infra-publico-lota-evento-que-debateu-incentivo-a-cabotagem-no-brasil\/\"},\"author\":{\"name\":\"Rodrigo Zuquim\",\"@id\":\"https:\/\/agenciainfra.com\/blog\/#\/schema\/person\/04dbb79bd6d8951f063da71f3e4c1eb1\"},\"headline\":\"Caf\u00e9 com iNFRA: P\u00fablico lota evento que debateu incentivo \u00e0 cabotagem no Brasil\",\"datePublished\":\"2019-10-03T16:30:11+00:00\",\"mainEntityOfPage\":{\"@id\":\"https:\/\/agenciainfra.com\/blog\/cafe-com-infra-publico-lota-evento-que-debateu-incentivo-a-cabotagem-no-brasil\/\"},\"wordCount\":190,\"publisher\":{\"@id\":\"https:\/\/agenciainfra.com\/blog\/#organization\"},\"image\":{\"@id\":\"https:\/\/agenciainfra.com\/blog\/cafe-com-infra-publico-lota-evento-que-debateu-incentivo-a-cabotagem-no-brasil\/#primaryimage\"},\"thumbnailUrl\":\"https:\/\/agenciainfra.com\/blog\/wp-content\/uploads\/2019\/10\/mesa-debate-cabotagem-andre-coelho-infra.jpeg\",\"keywords\":[\"ANTAQ\",\"BR do Mar\",\"cabotagem\",\"Caf\u00e9 com iNFRA\",\"Governo do Par\u00e1\",\"Minist\u00e9rio da Economia\",\"Minist\u00e9rio da Infraestrutura\",\"Praticagem do Brasil\",\"TCU\"],\"articleSection\":[\"iNFRATransporte\"],\"inLanguage\":\"pt-BR\",\"copyrightYear\":\"2019\",\"copyrightHolder\":{\"@id\":\"https:\/\/agenciainfra.com\/blog\/#organization\"}},{\"@type\":\"WebPage\",\"@id\":\"https:\/\/agenciainfra.com\/blog\/cafe-com-infra-publico-lota-evento-que-debateu-incentivo-a-cabotagem-no-brasil\/\",\"url\":\"https:\/\/agenciainfra.com\/blog\/cafe-com-infra-publico-lota-evento-que-debateu-incentivo-a-cabotagem-no-brasil\/\",\"name\":\"Caf\u00e9 com iNFRA: P\u00fablico lota evento que debateu incentivo \u00e0 cabotagem no Brasil - Ag\u00eancia iNFRA\",\"isPartOf\":{\"@id\":\"https:\/\/agenciainfra.com\/blog\/#website\"},\"primaryImageOfPage\":{\"@id\":\"https:\/\/agenciainfra.com\/blog\/cafe-com-infra-publico-lota-evento-que-debateu-incentivo-a-cabotagem-no-brasil\/#primaryimage\"},\"image\":{\"@id\":\"https:\/\/agenciainfra.com\/blog\/cafe-com-infra-publico-lota-evento-que-debateu-incentivo-a-cabotagem-no-brasil\/#primaryimage\"},\"thumbnailUrl\":\"https:\/\/agenciainfra.com\/blog\/wp-content\/uploads\/2019\/10\/mesa-debate-cabotagem-andre-coelho-infra.jpeg\",\"datePublished\":\"2019-10-03T16:30:11+00:00\",\"breadcrumb\":{\"@id\":\"https:\/\/agenciainfra.com\/blog\/cafe-com-infra-publico-lota-evento-que-debateu-incentivo-a-cabotagem-no-brasil\/#breadcrumb\"},\"inLanguage\":\"pt-BR\",\"potentialAction\":[{\"@type\":\"ReadAction\",\"target\":[\"https:\/\/agenciainfra.com\/blog\/cafe-com-infra-publico-lota-evento-que-debateu-incentivo-a-cabotagem-no-brasil\/\"]}]},{\"@type\":\"ImageObject\",\"inLanguage\":\"pt-BR\",\"@id\":\"https:\/\/agenciainfra.com\/blog\/cafe-com-infra-publico-lota-evento-que-debateu-incentivo-a-cabotagem-no-brasil\/#primaryimage\",\"url\":\"https:\/\/agenciainfra.com\/blog\/wp-content\/uploads\/2019\/10\/mesa-debate-cabotagem-andre-coelho-infra.jpeg\",\"contentUrl\":\"https:\/\/agenciainfra.com\/blog\/wp-content\/uploads\/2019\/10\/mesa-debate-cabotagem-andre-coelho-infra.jpeg\",\"width\":1280,\"height\":747},{\"@type\":\"BreadcrumbList\",\"@id\":\"https:\/\/agenciainfra.com\/blog\/cafe-com-infra-publico-lota-evento-que-debateu-incentivo-a-cabotagem-no-brasil\/#breadcrumb\",\"itemListElement\":[{\"@type\":\"ListItem\",\"position\":1,\"name\":\"In\u00edcio\",\"item\":\"https:\/\/agenciainfra.com\/blog\/\"},{\"@type\":\"ListItem\",\"position\":2,\"name\":\"Caf\u00e9 com iNFRA: P\u00fablico lota evento que debateu incentivo \u00e0 cabotagem no Brasil\"}]},{\"@type\":\"WebSite\",\"@id\":\"https:\/\/agenciainfra.com\/blog\/#website\",\"url\":\"https:\/\/agenciainfra.com\/blog\/\",\"name\":\"Ag\u00eancia iNFRA\",\"description\":\"Multiplataforma de informa\u00e7\u00e3o jornal\u00edstica refer\u00eancia na \u00e1rea de infraestrutura no Brasil!\",\"publisher\":{\"@id\":\"https:\/\/agenciainfra.com\/blog\/#organization\"},\"potentialAction\":[{\"@type\":\"SearchAction\",\"target\":{\"@type\":\"EntryPoint\",\"urlTemplate\":\"https:\/\/agenciainfra.com\/blog\/?s={search_term_string}\"},\"query-input\":{\"@type\":\"PropertyValueSpecification\",\"valueRequired\":true,\"valueName\":\"search_term_string\"}}],\"inLanguage\":\"pt-BR\"},{\"@type\":\"Organization\",\"@id\":\"https:\/\/agenciainfra.com\/blog\/#organization\",\"name\":\"Ag\u00eancia iNFRA\",\"url\":\"https:\/\/agenciainfra.com\/blog\/\",\"logo\":{\"@type\":\"ImageObject\",\"inLanguage\":\"pt-BR\",\"@id\":\"https:\/\/agenciainfra.com\/blog\/#\/schema\/logo\/image\/\",\"url\":\"https:\/\/agenciainfra.com\/blog\/wp-content\/uploads\/2023\/09\/iNFRA_5-e1761735885940.png\",\"contentUrl\":\"https:\/\/agenciainfra.com\/blog\/wp-content\/uploads\/2023\/09\/iNFRA_5-e1761735885940.png\",\"width\":1672,\"height\":454,\"caption\":\"Ag\u00eancia iNFRA\"},\"image\":{\"@id\":\"https:\/\/agenciainfra.com\/blog\/#\/schema\/logo\/image\/\"},\"sameAs\":[\"https:\/\/www.facebook.com\/ageninfra\",\"https:\/\/x.com\/agencia_infra\",\"https:\/\/www.linkedin.com\/company\/ag\u00eanciainfra\/\",\"https:\/\/www.instagram.com\/agenciainfra\/\"]},{\"@type\":\"Person\",\"@id\":\"https:\/\/agenciainfra.com\/blog\/#\/schema\/person\/04dbb79bd6d8951f063da71f3e4c1eb1\",\"name\":\"Rodrigo Zuquim\",\"image\":{\"@type\":\"ImageObject\",\"inLanguage\":\"pt-BR\",\"@id\":\"https:\/\/agenciainfra.com\/blog\/#\/schema\/person\/image\/\",\"url\":\"https:\/\/secure.gravatar.com\/avatar\/594abfe82761d620726242ff34ca472a705a4b97f16c790053a6b4c4035274d0?s=96&d=mm&r=g\",\"contentUrl\":\"https:\/\/secure.gravatar.com\/avatar\/594abfe82761d620726242ff34ca472a705a4b97f16c790053a6b4c4035274d0?s=96&d=mm&r=g\",\"caption\":\"Rodrigo Zuquim\"},\"url\":\"https:\/\/agenciainfra.com\/blog\/author\/rodrigo-zuquim\/\"}]}<\/script>\n<!-- \/ Yoast SEO Premium plugin. -->","yoast_head_json":{"title":"Caf\u00e9 com iNFRA: P\u00fablico lota evento que debateu incentivo \u00e0 cabotagem no Brasil - Ag\u00eancia iNFRA","robots":{"index":"index","follow":"follow","max-snippet":"max-snippet:-1","max-image-preview":"max-image-preview:large","max-video-preview":"max-video-preview:-1"},"canonical":"https:\/\/agenciainfra.com\/blog\/cafe-com-infra-publico-lota-evento-que-debateu-incentivo-a-cabotagem-no-brasil\/","og_locale":"pt_BR","og_type":"article","og_title":"Caf\u00e9 com iNFRA: P\u00fablico lota evento que debateu incentivo \u00e0 cabotagem no Brasil","og_description":"A Ag\u00eancia iNFRA, em parceria com a Praticagem do Brasil e o Governo do Par\u00e1, promoveu, na \u00faltima ter\u00e7a-feira (1\u00ba), em Bras\u00edlia, o evento Caf\u00e9 com iNFRA \u2013 Cabotagem: Como o Brasil vai desenvolver a BR do Mar. Convidados dos setores p\u00fablico e privado debateram o pacote em elabora\u00e7\u00e3o pelo governo federal para o desenvolvimento [&hellip;]","og_url":"https:\/\/agenciainfra.com\/blog\/cafe-com-infra-publico-lota-evento-que-debateu-incentivo-a-cabotagem-no-brasil\/","og_site_name":"Ag\u00eancia iNFRA","article_publisher":"https:\/\/www.facebook.com\/ageninfra","article_published_time":"2019-10-03T16:30:11+00:00","og_image":[{"width":1280,"height":747,"url":"https:\/\/agenciainfra.com\/blog\/wp-content\/uploads\/2019\/10\/mesa-debate-cabotagem-andre-coelho-infra.jpeg","type":"image\/jpeg"}],"author":"Rodrigo Zuquim","twitter_card":"summary_large_image","twitter_creator":"@agencia_infra","twitter_site":"@agencia_infra","twitter_misc":{"Escrito por":"Rodrigo Zuquim","Est. tempo de leitura":"1 minuto"},"schema":{"@context":"https:\/\/schema.org","@graph":[{"@type":"Article","@id":"https:\/\/agenciainfra.com\/blog\/cafe-com-infra-publico-lota-evento-que-debateu-incentivo-a-cabotagem-no-brasil\/#article","isPartOf":{"@id":"https:\/\/agenciainfra.com\/blog\/cafe-com-infra-publico-lota-evento-que-debateu-incentivo-a-cabotagem-no-brasil\/"},"author":{"name":"Rodrigo Zuquim","@id":"https:\/\/agenciainfra.com\/blog\/#\/schema\/person\/04dbb79bd6d8951f063da71f3e4c1eb1"},"headline":"Caf\u00e9 com iNFRA: P\u00fablico lota evento que debateu incentivo \u00e0 cabotagem no Brasil","datePublished":"2019-10-03T16:30:11+00:00","mainEntityOfPage":{"@id":"https:\/\/agenciainfra.com\/blog\/cafe-com-infra-publico-lota-evento-que-debateu-incentivo-a-cabotagem-no-brasil\/"},"wordCount":190,"publisher":{"@id":"https:\/\/agenciainfra.com\/blog\/#organization"},"image":{"@id":"https:\/\/agenciainfra.com\/blog\/cafe-com-infra-publico-lota-evento-que-debateu-incentivo-a-cabotagem-no-brasil\/#primaryimage"},"thumbnailUrl":"https:\/\/agenciainfra.com\/blog\/wp-content\/uploads\/2019\/10\/mesa-debate-cabotagem-andre-coelho-infra.jpeg","keywords":["ANTAQ","BR do Mar","cabotagem","Caf\u00e9 com iNFRA","Governo do Par\u00e1","Minist\u00e9rio da Economia","Minist\u00e9rio da Infraestrutura","Praticagem do Brasil","TCU"],"articleSection":["iNFRATransporte"],"inLanguage":"pt-BR","copyrightYear":"2019","copyrightHolder":{"@id":"https:\/\/agenciainfra.com\/blog\/#organization"}},{"@type":"WebPage","@id":"https:\/\/agenciainfra.com\/blog\/cafe-com-infra-publico-lota-evento-que-debateu-incentivo-a-cabotagem-no-brasil\/","url":"https:\/\/agenciainfra.com\/blog\/cafe-com-infra-publico-lota-evento-que-debateu-incentivo-a-cabotagem-no-brasil\/","name":"Caf\u00e9 com iNFRA: P\u00fablico lota evento que debateu incentivo \u00e0 cabotagem no Brasil - Ag\u00eancia iNFRA","isPartOf":{"@id":"https:\/\/agenciainfra.com\/blog\/#website"},"primaryImageOfPage":{"@id":"https:\/\/agenciainfra.com\/blog\/cafe-com-infra-publico-lota-evento-que-debateu-incentivo-a-cabotagem-no-brasil\/#primaryimage"},"image":{"@id":"https:\/\/agenciainfra.com\/blog\/cafe-com-infra-publico-lota-evento-que-debateu-incentivo-a-cabotagem-no-brasil\/#primaryimage"},"thumbnailUrl":"https:\/\/agenciainfra.com\/blog\/wp-content\/uploads\/2019\/10\/mesa-debate-cabotagem-andre-coelho-infra.jpeg","datePublished":"2019-10-03T16:30:11+00:00","breadcrumb":{"@id":"https:\/\/agenciainfra.com\/blog\/cafe-com-infra-publico-lota-evento-que-debateu-incentivo-a-cabotagem-no-brasil\/#breadcrumb"},"inLanguage":"pt-BR","potentialAction":[{"@type":"ReadAction","target":["https:\/\/agenciainfra.com\/blog\/cafe-com-infra-publico-lota-evento-que-debateu-incentivo-a-cabotagem-no-brasil\/"]}]},{"@type":"ImageObject","inLanguage":"pt-BR","@id":"https:\/\/agenciainfra.com\/blog\/cafe-com-infra-publico-lota-evento-que-debateu-incentivo-a-cabotagem-no-brasil\/#primaryimage","url":"https:\/\/agenciainfra.com\/blog\/wp-content\/uploads\/2019\/10\/mesa-debate-cabotagem-andre-coelho-infra.jpeg","contentUrl":"https:\/\/agenciainfra.com\/blog\/wp-content\/uploads\/2019\/10\/mesa-debate-cabotagem-andre-coelho-infra.jpeg","width":1280,"height":747},{"@type":"BreadcrumbList","@id":"https:\/\/agenciainfra.com\/blog\/cafe-com-infra-publico-lota-evento-que-debateu-incentivo-a-cabotagem-no-brasil\/#breadcrumb","itemListElement":[{"@type":"ListItem","position":1,"name":"In\u00edcio","item":"https:\/\/agenciainfra.com\/blog\/"},{"@type":"ListItem","position":2,"name":"Caf\u00e9 com iNFRA: P\u00fablico lota evento que debateu incentivo \u00e0 cabotagem no Brasil"}]},{"@type":"WebSite","@id":"https:\/\/agenciainfra.com\/blog\/#website","url":"https:\/\/agenciainfra.com\/blog\/","name":"Ag\u00eancia iNFRA","description":"Multiplataforma de informa\u00e7\u00e3o jornal\u00edstica refer\u00eancia na \u00e1rea de infraestrutura no Brasil!","publisher":{"@id":"https:\/\/agenciainfra.com\/blog\/#organization"},"potentialAction":[{"@type":"SearchAction","target":{"@type":"EntryPoint","urlTemplate":"https:\/\/agenciainfra.com\/blog\/?s={search_term_string}"},"query-input":{"@type":"PropertyValueSpecification","valueRequired":true,"valueName":"search_term_string"}}],"inLanguage":"pt-BR"},{"@type":"Organization","@id":"https:\/\/agenciainfra.com\/blog\/#organization","name":"Ag\u00eancia iNFRA","url":"https:\/\/agenciainfra.com\/blog\/","logo":{"@type":"ImageObject","inLanguage":"pt-BR","@id":"https:\/\/agenciainfra.com\/blog\/#\/schema\/logo\/image\/","url":"https:\/\/agenciainfra.com\/blog\/wp-content\/uploads\/2023\/09\/iNFRA_5-e1761735885940.png","contentUrl":"https:\/\/agenciainfra.com\/blog\/wp-content\/uploads\/2023\/09\/iNFRA_5-e1761735885940.png","width":1672,"height":454,"caption":"Ag\u00eancia iNFRA"},"image":{"@id":"https:\/\/agenciainfra.com\/blog\/#\/schema\/logo\/image\/"},"sameAs":["https:\/\/www.facebook.com\/ageninfra","https:\/\/x.com\/agencia_infra","https:\/\/www.linkedin.com\/company\/ag\u00eanciainfra\/","https:\/\/www.instagram.com\/agenciainfra\/"]},{"@type":"Person","@id":"https:\/\/agenciainfra.com\/blog\/#\/schema\/person\/04dbb79bd6d8951f063da71f3e4c1eb1","name":"Rodrigo Zuquim","image":{"@type":"ImageObject","inLanguage":"pt-BR","@id":"https:\/\/agenciainfra.com\/blog\/#\/schema\/person\/image\/","url":"https:\/\/secure.gravatar.com\/avatar\/594abfe82761d620726242ff34ca472a705a4b97f16c790053a6b4c4035274d0?s=96&d=mm&r=g","contentUrl":"https:\/\/secure.gravatar.com\/avatar\/594abfe82761d620726242ff34ca472a705a4b97f16c790053a6b4c4035274d0?s=96&d=mm&r=g","caption":"Rodrigo Zuquim"},"url":"https:\/\/agenciainfra.com\/blog\/author\/rodrigo-zuquim\/"}]}},"_links":{"self":[{"href":"https:\/\/agenciainfra.com\/blog\/wp-json\/wp\/v2\/posts\/3840","targetHints":{"allow":["GET"]}}],"collection":[{"href":"https:\/\/agenciainfra.com\/blog\/wp-json\/wp\/v2\/posts"}],"about":[{"href":"https:\/\/agenciainfra.com\/blog\/wp-json\/wp\/v2\/types\/post"}],"author":[{"embeddable":true,"href":"https:\/\/agenciainfra.com\/blog\/wp-json\/wp\/v2\/users\/9"}],"replies":[{"embeddable":true,"href":"https:\/\/agenciainfra.com\/blog\/wp-json\/wp\/v2\/comments?post=3840"}],"version-history":[{"count":0,"href":"https:\/\/agenciainfra.com\/blog\/wp-json\/wp\/v2\/posts\/3840\/revisions"}],"wp:featuredmedia":[{"embeddable":true,"href":"https:\/\/agenciainfra.com\/blog\/wp-json\/wp\/v2\/media\/3841"}],"wp:attachment":[{"href":"https:\/\/agenciainfra.com\/blog\/wp-json\/wp\/v2\/media?parent=3840"}],"wp:term":[{"taxonomy":"category","embeddable":true,"href":"https:\/\/agenciainfra.com\/blog\/wp-json\/wp\/v2\/categories?post=3840"},{"taxonomy":"post_tag","embeddable":true,"href":"https:\/\/agenciainfra.com\/blog\/wp-json\/wp\/v2\/tags?post=3840"}],"curies":[{"name":"wp","href":"https:\/\/api.w.org\/{rel}","templated":true}]}}